{"id":17935,"date":"2025-01-24T20:38:20","date_gmt":"2025-01-24T18:38:20","guid":{"rendered":"https:\/\/kuzeyinsesi.org\/index.php\/2025\/01\/24\/boludaki-yangin-sorusturmasinda-gozalti-sayisi-14e-yukseldi\/"},"modified":"2025-01-24T20:38:20","modified_gmt":"2025-01-24T18:38:20","slug":"boludaki-yangin-sorusturmasinda-gozalti-sayisi-14e-yukseldi","status":"publish","type":"post","link":"https:\/\/kuzeyinsesi.org\/index.php\/2025\/01\/24\/boludaki-yangin-sorusturmasinda-gozalti-sayisi-14e-yukseldi\/","title":{"rendered":"Bolu\u2019daki yang\u0131n soru\u015fturmas\u0131nda g\u00f6zalt\u0131 say\u0131s\u0131 14\u2019e y\u00fckseldi"},"content":{"rendered":"<div>\n<div class=\"mariselle-image-container none\">\n                                            <\/div>\n<p>Bolu Kartalkaya\u2019daki Grand Kartal otelinde meydana gelen ve 78 ki\u015finin ya\u015fam\u0131n\u0131 yitirdi\u011fi yang\u0131nla ilgili soru\u015fturma s\u00fcr\u00fcyor.<\/p>\n<p>78 ki\u015finin hayat\u0131n\u0131 kaybetti\u011fi otel yang\u0131n\u0131na ili\u015fkin y\u00fcr\u00fct\u00fclen soru\u015fturma\u00a0kapsam\u0131nda g\u00f6zalt\u0131 say\u0131s\u0131 14\u2019e y\u00fckseldi.<\/p>\n<p>Yang\u0131na ili\u015fkin g\u00f6zalt\u0131na al\u0131nan 14 \u015f\u00fcpheliden aralar\u0131nda otel sahibi Halit Erg\u00fcl\u2019\u00fcn de bulundu\u011fu 8 zanl\u0131 adliyeye sevk edildi.<\/p>\n<p>\u00d6te yandan, soru\u015fturma kapsam\u0131nda, yang\u0131n\u0131n \u00e7\u0131k\u0131\u015f noktas\u0131yla ilgili elde edilen yeni bulgular \u00e7er\u00e7evesinde\u00a0yang\u0131n\u00a0ve binalar\u0131n yang\u0131ndan korunmas\u0131 hususunda uzmanl\u0131klar\u0131 bulunan,\u00a0\u0130stanbul\u00a0Teknik \u00dcniversitesi Afet Y\u00f6netimi Enstit\u00fcs\u00fc, Mimarl\u0131k Fak\u00fcltesi, Elektrik-Elektronik Fak\u00fcltesi, Makine Fak\u00fcltesi ve \u0130n\u015faat Fak\u00fcltesinde g\u00f6rev yapan \u00f6\u011fretim \u00fcyesi akademisyenler bilirki\u015fi olarak g\u00f6revlendirildi.<\/p>\n<p>\u00a0<\/p>\n<p>\u00a0<\/p>\n<p>TRT\/BRT<\/p>\n<\/p><\/div>\n<p><script async\n                    defer\n                    crossorigin=\"anonymous\"\n                    src=\"https:\/\/connect.facebook.net\/tr_TR\/sdk.js#xfbml=1&#038;version=v3.3\"\n            ><\/script><\/p>\n","protected":false},"excerpt":{"rendered":"<p>Bolu Kartalkaya\u2019daki Grand Kartal otelinde meydana gelen ve 78 ki\u015finin ya\u015fam\u0131n\u0131 yitirdi\u011fi yang\u0131nla ilgili soru\u015fturma s\u00fcr\u00fcyor. 78 ki\u015finin hayat\u0131n\u0131 kaybetti\u011fi otel yang\u0131n\u0131na ili\u015fkin y\u00fcr\u00fct\u00fclen soru\u015fturma\u00a0kapsam\u0131nda g\u00f6zalt\u0131 say\u0131s\u0131 14\u2019e y\u00fckseldi. Yang\u0131na ili\u015fkin g\u00f6zalt\u0131na al\u0131nan 14 \u015f\u00fcpheliden aralar\u0131nda otel sahibi Halit Erg\u00fcl\u2019\u00fcn de bulundu\u011fu 8 zanl\u0131 adliyeye sevk edildi. \u00d6te yandan, soru\u015fturma kapsam\u0131nda, yang\u0131n\u0131n \u00e7\u0131k\u0131\u015f noktas\u0131yla ilgili [&hellip;]<\/p>\n","protected":false},"author":1,"featured_media":17936,"comment_status":"open","ping_status":"open","sticky":false,"template":"","format":"standard","meta":{"jnews-multi-image_gallery":[],"jnews_single_post":[],"jnews_primary_category":[],"jnews_social_meta":[],"jnews_override_counter":[],"footnotes":""},"categories":[5],"tags":[],"class_list":["post-17935","post","type-post","status-publish","format-standard","has-post-thumbnail","hentry","category-turkiye"],"yoast_head":"<!-- This site is optimized with the Yoast SEO plugin v27.5 - https:\/\/yoast.com\/product\/yoast-seo-wordpress\/ -->\n<title>Bolu\u2019daki yang\u0131n soru\u015fturmas\u0131nda g\u00f6zalt\u0131 say\u0131s\u0131 14\u2019e y\u00fckseldi - Kuzeyin Sesi<\/title>\n<meta name=\"robots\" content=\"index, follow, max-snippet:-1, max-image-preview:large, max-video-preview:-1\" \/>\n<link rel=\"canonical\" href=\"https:\/\/kuzeyinsesi.org\/index.php\/2025\/01\/24\/boludaki-yangin-sorusturmasinda-gozalti-sayisi-14e-yukseldi\/\" \/>\n<meta property=\"og:locale\" content=\"tr_TR\" \/>\n<meta property=\"og:type\" content=\"article\" \/>\n<meta property=\"og:title\" content=\"Bolu\u2019daki yang\u0131n soru\u015fturmas\u0131nda g\u00f6zalt\u0131 say\u0131s\u0131 14\u2019e y\u00fckseldi - Kuzeyin Sesi\" \/>\n<meta property=\"og:description\" content=\"Bolu Kartalkaya\u2019daki Grand Kartal otelinde meydana gelen ve 78 ki\u015finin ya\u015fam\u0131n\u0131 yitirdi\u011fi yang\u0131nla ilgili soru\u015fturma s\u00fcr\u00fcyor. 78 ki\u015finin hayat\u0131n\u0131 kaybetti\u011fi otel yang\u0131n\u0131na ili\u015fkin y\u00fcr\u00fct\u00fclen soru\u015fturma\u00a0kapsam\u0131nda g\u00f6zalt\u0131 say\u0131s\u0131 14\u2019e y\u00fckseldi. Yang\u0131na ili\u015fkin g\u00f6zalt\u0131na al\u0131nan 14 \u015f\u00fcpheliden aralar\u0131nda otel sahibi Halit Erg\u00fcl\u2019\u00fcn de bulundu\u011fu 8 zanl\u0131 adliyeye sevk edildi. \u00d6te yandan, soru\u015fturma kapsam\u0131nda, yang\u0131n\u0131n \u00e7\u0131k\u0131\u015f noktas\u0131yla ilgili [&hellip;]\" \/>\n<meta property=\"og:url\" content=\"https:\/\/kuzeyinsesi.org\/index.php\/2025\/01\/24\/boludaki-yangin-sorusturmasinda-gozalti-sayisi-14e-yukseldi\/\" \/>\n<meta property=\"og:site_name\" content=\"Kuzeyin Sesi\" \/>\n<meta property=\"article:publisher\" content=\"https:\/\/www.facebook.com\/kuzeyinsesii\" \/>\n<meta property=\"article:published_time\" content=\"2025-01-24T18:38:20+00:00\" \/>\n<meta property=\"og:image\" content=\"https:\/\/brtk.net\/wp-content\/uploads\/2025\/01\/22\/kartalkaya-otel-yangini-aa-2325140.jpg?ver=254c6b5e2f264ef0d8ae5a0901b6db16\" \/>\n<meta name=\"author\" content=\"Kuzeyin Sesi\" \/>\n<meta name=\"twitter:card\" content=\"summary_large_image\" \/>\n<meta name=\"twitter:creator\" content=\"@kuzeyinsesii\" \/>\n<meta name=\"twitter:site\" content=\"@kuzeyinsesii\" \/>\n<meta name=\"twitter:label1\" content=\"Yazan:\" \/>\n\t<meta name=\"twitter:data1\" content=\"Kuzeyin Sesi\" \/>\n\t<meta name=\"twitter:label2\" content=\"Tahmini okuma s\u00fcresi\" \/>\n\t<meta name=\"twitter:data2\" content=\"1 dakika\" \/>\n<script type=\"application\/ld+json\" class=\"yoast-schema-graph\">{\"@context\":\"https:\\\/\\\/schema.org\",\"@graph\":[{\"@type\":\"Article\",\"@id\":\"https:\\\/\\\/kuzeyinsesi.org\\\/index.php\\\/2025\\\/01\\\/24\\\/boludaki-yangin-sorusturmasinda-gozalti-sayisi-14e-yukseldi\\\/#article\",\"isPartOf\":{\"@id\":\"https:\\\/\\\/kuzeyinsesi.org\\\/index.php\\\/2025\\\/01\\\/24\\\/boludaki-yangin-sorusturmasinda-gozalti-sayisi-14e-yukseldi\\\/\"},\"author\":{\"name\":\"Kuzeyin Sesi\",\"@id\":\"https:\\\/\\\/kuzeyinsesi.org\\\/#\\\/schema\\\/person\\\/9f859689cdf01485597712386e37f5aa\"},\"headline\":\"Bolu\u2019daki yang\u0131n soru\u015fturmas\u0131nda g\u00f6zalt\u0131 say\u0131s\u0131 14\u2019e y\u00fckseldi\",\"datePublished\":\"2025-01-24T18:38:20+00:00\",\"mainEntityOfPage\":{\"@id\":\"https:\\\/\\\/kuzeyinsesi.org\\\/index.php\\\/2025\\\/01\\\/24\\\/boludaki-yangin-sorusturmasinda-gozalti-sayisi-14e-yukseldi\\\/\"},\"wordCount\":157,\"commentCount\":0,\"image\":{\"@id\":\"https:\\\/\\\/kuzeyinsesi.org\\\/index.php\\\/2025\\\/01\\\/24\\\/boludaki-yangin-sorusturmasinda-gozalti-sayisi-14e-yukseldi\\\/#primaryimage\"},\"thumbnailUrl\":\"https:\\\/\\\/kuzeyinsesi.org\\\/wp-content\\\/uploads\\\/2025\\\/01\\\/1737743906_kartalkaya-otel-yangini-aa-2325140.jpg\",\"articleSection\":[\"T\u00fcrkiye\"],\"inLanguage\":\"tr\",\"potentialAction\":[{\"@type\":\"CommentAction\",\"name\":\"Comment\",\"target\":[\"https:\\\/\\\/kuzeyinsesi.org\\\/index.php\\\/2025\\\/01\\\/24\\\/boludaki-yangin-sorusturmasinda-gozalti-sayisi-14e-yukseldi\\\/#respond\"]}]},{\"@type\":\"WebPage\",\"@id\":\"https:\\\/\\\/kuzeyinsesi.org\\\/index.php\\\/2025\\\/01\\\/24\\\/boludaki-yangin-sorusturmasinda-gozalti-sayisi-14e-yukseldi\\\/\",\"url\":\"https:\\\/\\\/kuzeyinsesi.org\\\/index.php\\\/2025\\\/01\\\/24\\\/boludaki-yangin-sorusturmasinda-gozalti-sayisi-14e-yukseldi\\\/\",\"name\":\"Bolu\u2019daki yang\u0131n soru\u015fturmas\u0131nda g\u00f6zalt\u0131 say\u0131s\u0131 14\u2019e y\u00fckseldi - Kuzeyin Sesi\",\"isPartOf\":{\"@id\":\"https:\\\/\\\/kuzeyinsesi.org\\\/#website\"},\"primaryImageOfPage\":{\"@id\":\"https:\\\/\\\/kuzeyinsesi.org\\\/index.php\\\/2025\\\/01\\\/24\\\/boludaki-yangin-sorusturmasinda-gozalti-sayisi-14e-yukseldi\\\/#primaryimage\"},\"image\":{\"@id\":\"https:\\\/\\\/kuzeyinsesi.org\\\/index.php\\\/2025\\\/01\\\/24\\\/boludaki-yangin-sorusturmasinda-gozalti-sayisi-14e-yukseldi\\\/#primaryimage\"},\"thumbnailUrl\":\"https:\\\/\\\/kuzeyinsesi.org\\\/wp-content\\\/uploads\\\/2025\\\/01\\\/1737743906_kartalkaya-otel-yangini-aa-2325140.jpg\",\"datePublished\":\"2025-01-24T18:38:20+00:00\",\"author\":{\"@id\":\"https:\\\/\\\/kuzeyinsesi.org\\\/#\\\/schema\\\/person\\\/9f859689cdf01485597712386e37f5aa\"},\"breadcrumb\":{\"@id\":\"https:\\\/\\\/kuzeyinsesi.org\\\/index.php\\\/2025\\\/01\\\/24\\\/boludaki-yangin-sorusturmasinda-gozalti-sayisi-14e-yukseldi\\\/#breadcrumb\"},\"inLanguage\":\"tr\",\"potentialAction\":[{\"@type\":\"ReadAction\",\"target\":[\"https:\\\/\\\/kuzeyinsesi.org\\\/index.php\\\/2025\\\/01\\\/24\\\/boludaki-yangin-sorusturmasinda-gozalti-sayisi-14e-yukseldi\\\/\"]}]},{\"@type\":\"ImageObject\",\"inLanguage\":\"tr\",\"@id\":\"https:\\\/\\\/kuzeyinsesi.org\\\/index.php\\\/2025\\\/01\\\/24\\\/boludaki-yangin-sorusturmasinda-gozalti-sayisi-14e-yukseldi\\\/#primaryimage\",\"url\":\"https:\\\/\\\/kuzeyinsesi.org\\\/wp-content\\\/uploads\\\/2025\\\/01\\\/1737743906_kartalkaya-otel-yangini-aa-2325140.jpg\",\"contentUrl\":\"https:\\\/\\\/kuzeyinsesi.org\\\/wp-content\\\/uploads\\\/2025\\\/01\\\/1737743906_kartalkaya-otel-yangini-aa-2325140.jpg\",\"width\":1280,\"height\":720},{\"@type\":\"BreadcrumbList\",\"@id\":\"https:\\\/\\\/kuzeyinsesi.org\\\/index.php\\\/2025\\\/01\\\/24\\\/boludaki-yangin-sorusturmasinda-gozalti-sayisi-14e-yukseldi\\\/#breadcrumb\",\"itemListElement\":[{\"@type\":\"ListItem\",\"position\":1,\"name\":\"Anasayfa\",\"item\":\"https:\\\/\\\/kuzeyinsesi.org\\\/\"},{\"@type\":\"ListItem\",\"position\":2,\"name\":\"Bolu\u2019daki yang\u0131n soru\u015fturmas\u0131nda g\u00f6zalt\u0131 say\u0131s\u0131 14\u2019e y\u00fckseldi\"}]},{\"@type\":\"WebSite\",\"@id\":\"https:\\\/\\\/kuzeyinsesi.org\\\/#website\",\"url\":\"https:\\\/\\\/kuzeyinsesi.org\\\/\",\"name\":\"Kuzeyin Sesi\",\"description\":\"Do\u011fru Haberin Adresi\",\"potentialAction\":[{\"@type\":\"SearchAction\",\"target\":{\"@type\":\"EntryPoint\",\"urlTemplate\":\"https:\\\/\\\/kuzeyinsesi.org\\\/?s={search_term_string}\"},\"query-input\":{\"@type\":\"PropertyValueSpecification\",\"valueRequired\":true,\"valueName\":\"search_term_string\"}}],\"inLanguage\":\"tr\"},{\"@type\":\"Person\",\"@id\":\"https:\\\/\\\/kuzeyinsesi.org\\\/#\\\/schema\\\/person\\\/9f859689cdf01485597712386e37f5aa\",\"name\":\"Kuzeyin Sesi\",\"image\":{\"@type\":\"ImageObject\",\"inLanguage\":\"tr\",\"@id\":\"https:\\\/\\\/secure.gravatar.com\\\/avatar\\\/bab33852abfd8b282518d6ed81826833d77c3c882d9ab608add591ccace47a44?s=96&d=mm&r=g\",\"url\":\"https:\\\/\\\/secure.gravatar.com\\\/avatar\\\/bab33852abfd8b282518d6ed81826833d77c3c882d9ab608add591ccace47a44?s=96&d=mm&r=g\",\"contentUrl\":\"https:\\\/\\\/secure.gravatar.com\\\/avatar\\\/bab33852abfd8b282518d6ed81826833d77c3c882d9ab608add591ccace47a44?s=96&d=mm&r=g\",\"caption\":\"Kuzeyin Sesi\"},\"sameAs\":[\"https:\\\/\\\/kuzeyinsesi.org\"],\"url\":\"https:\\\/\\\/kuzeyinsesi.org\\\/index.php\\\/author\\\/guven\\\/\"}]}<\/script>\n<!-- \/ Yoast SEO plugin. -->","yoast_head_json":{"title":"Bolu\u2019daki yang\u0131n soru\u015fturmas\u0131nda g\u00f6zalt\u0131 say\u0131s\u0131 14\u2019e y\u00fckseldi - Kuzeyin Sesi","robots":{"index":"index","follow":"follow","max-snippet":"max-snippet:-1","max-image-preview":"max-image-preview:large","max-video-preview":"max-video-preview:-1"},"canonical":"https:\/\/kuzeyinsesi.org\/index.php\/2025\/01\/24\/boludaki-yangin-sorusturmasinda-gozalti-sayisi-14e-yukseldi\/","og_locale":"tr_TR","og_type":"article","og_title":"Bolu\u2019daki yang\u0131n soru\u015fturmas\u0131nda g\u00f6zalt\u0131 say\u0131s\u0131 14\u2019e y\u00fckseldi - Kuzeyin Sesi","og_description":"Bolu Kartalkaya\u2019daki Grand Kartal otelinde meydana gelen ve 78 ki\u015finin ya\u015fam\u0131n\u0131 yitirdi\u011fi yang\u0131nla ilgili soru\u015fturma s\u00fcr\u00fcyor. 78 ki\u015finin hayat\u0131n\u0131 kaybetti\u011fi otel yang\u0131n\u0131na ili\u015fkin y\u00fcr\u00fct\u00fclen soru\u015fturma\u00a0kapsam\u0131nda g\u00f6zalt\u0131 say\u0131s\u0131 14\u2019e y\u00fckseldi. Yang\u0131na ili\u015fkin g\u00f6zalt\u0131na al\u0131nan 14 \u015f\u00fcpheliden aralar\u0131nda otel sahibi Halit Erg\u00fcl\u2019\u00fcn de bulundu\u011fu 8 zanl\u0131 adliyeye sevk edildi. \u00d6te yandan, soru\u015fturma kapsam\u0131nda, yang\u0131n\u0131n \u00e7\u0131k\u0131\u015f noktas\u0131yla ilgili [&hellip;]","og_url":"https:\/\/kuzeyinsesi.org\/index.php\/2025\/01\/24\/boludaki-yangin-sorusturmasinda-gozalti-sayisi-14e-yukseldi\/","og_site_name":"Kuzeyin Sesi","article_publisher":"https:\/\/www.facebook.com\/kuzeyinsesii","article_published_time":"2025-01-24T18:38:20+00:00","og_image":[{"url":"https:\/\/brtk.net\/wp-content\/uploads\/2025\/01\/22\/kartalkaya-otel-yangini-aa-2325140.jpg?ver=254c6b5e2f264ef0d8ae5a0901b6db16","type":"","width":"","height":""}],"author":"Kuzeyin Sesi","twitter_card":"summary_large_image","twitter_creator":"@kuzeyinsesii","twitter_site":"@kuzeyinsesii","twitter_misc":{"Yazan:":"Kuzeyin Sesi","Tahmini okuma s\u00fcresi":"1 dakika"},"schema":{"@context":"https:\/\/schema.org","@graph":[{"@type":"Article","@id":"https:\/\/kuzeyinsesi.org\/index.php\/2025\/01\/24\/boludaki-yangin-sorusturmasinda-gozalti-sayisi-14e-yukseldi\/#article","isPartOf":{"@id":"https:\/\/kuzeyinsesi.org\/index.php\/2025\/01\/24\/boludaki-yangin-sorusturmasinda-gozalti-sayisi-14e-yukseldi\/"},"author":{"name":"Kuzeyin Sesi","@id":"https:\/\/kuzeyinsesi.org\/#\/schema\/person\/9f859689cdf01485597712386e37f5aa"},"headline":"Bolu\u2019daki yang\u0131n soru\u015fturmas\u0131nda g\u00f6zalt\u0131 say\u0131s\u0131 14\u2019e y\u00fckseldi","datePublished":"2025-01-24T18:38:20+00:00","mainEntityOfPage":{"@id":"https:\/\/kuzeyinsesi.org\/index.php\/2025\/01\/24\/boludaki-yangin-sorusturmasinda-gozalti-sayisi-14e-yukseldi\/"},"wordCount":157,"commentCount":0,"image":{"@id":"https:\/\/kuzeyinsesi.org\/index.php\/2025\/01\/24\/boludaki-yangin-sorusturmasinda-gozalti-sayisi-14e-yukseldi\/#primaryimage"},"thumbnailUrl":"https:\/\/kuzeyinsesi.org\/wp-content\/uploads\/2025\/01\/1737743906_kartalkaya-otel-yangini-aa-2325140.jpg","articleSection":["T\u00fcrkiye"],"inLanguage":"tr","potentialAction":[{"@type":"CommentAction","name":"Comment","target":["https:\/\/kuzeyinsesi.org\/index.php\/2025\/01\/24\/boludaki-yangin-sorusturmasinda-gozalti-sayisi-14e-yukseldi\/#respond"]}]},{"@type":"WebPage","@id":"https:\/\/kuzeyinsesi.org\/index.php\/2025\/01\/24\/boludaki-yangin-sorusturmasinda-gozalti-sayisi-14e-yukseldi\/","url":"https:\/\/kuzeyinsesi.org\/index.php\/2025\/01\/24\/boludaki-yangin-sorusturmasinda-gozalti-sayisi-14e-yukseldi\/","name":"Bolu\u2019daki yang\u0131n soru\u015fturmas\u0131nda g\u00f6zalt\u0131 say\u0131s\u0131 14\u2019e y\u00fckseldi - Kuzeyin Sesi","isPartOf":{"@id":"https:\/\/kuzeyinsesi.org\/#website"},"primaryImageOfPage":{"@id":"https:\/\/kuzeyinsesi.org\/index.php\/2025\/01\/24\/boludaki-yangin-sorusturmasinda-gozalti-sayisi-14e-yukseldi\/#primaryimage"},"image":{"@id":"https:\/\/kuzeyinsesi.org\/index.php\/2025\/01\/24\/boludaki-yangin-sorusturmasinda-gozalti-sayisi-14e-yukseldi\/#primaryimage"},"thumbnailUrl":"https:\/\/kuzeyinsesi.org\/wp-content\/uploads\/2025\/01\/1737743906_kartalkaya-otel-yangini-aa-2325140.jpg","datePublished":"2025-01-24T18:38:20+00:00","author":{"@id":"https:\/\/kuzeyinsesi.org\/#\/schema\/person\/9f859689cdf01485597712386e37f5aa"},"breadcrumb":{"@id":"https:\/\/kuzeyinsesi.org\/index.php\/2025\/01\/24\/boludaki-yangin-sorusturmasinda-gozalti-sayisi-14e-yukseldi\/#breadcrumb"},"inLanguage":"tr","potentialAction":[{"@type":"ReadAction","target":["https:\/\/kuzeyinsesi.org\/index.php\/2025\/01\/24\/boludaki-yangin-sorusturmasinda-gozalti-sayisi-14e-yukseldi\/"]}]},{"@type":"ImageObject","inLanguage":"tr","@id":"https:\/\/kuzeyinsesi.org\/index.php\/2025\/01\/24\/boludaki-yangin-sorusturmasinda-gozalti-sayisi-14e-yukseldi\/#primaryimage","url":"https:\/\/kuzeyinsesi.org\/wp-content\/uploads\/2025\/01\/1737743906_kartalkaya-otel-yangini-aa-2325140.jpg","contentUrl":"https:\/\/kuzeyinsesi.org\/wp-content\/uploads\/2025\/01\/1737743906_kartalkaya-otel-yangini-aa-2325140.jpg","width":1280,"height":720},{"@type":"BreadcrumbList","@id":"https:\/\/kuzeyinsesi.org\/index.php\/2025\/01\/24\/boludaki-yangin-sorusturmasinda-gozalti-sayisi-14e-yukseldi\/#breadcrumb","itemListElement":[{"@type":"ListItem","position":1,"name":"Anasayfa","item":"https:\/\/kuzeyinsesi.org\/"},{"@type":"ListItem","position":2,"name":"Bolu\u2019daki yang\u0131n soru\u015fturmas\u0131nda g\u00f6zalt\u0131 say\u0131s\u0131 14\u2019e y\u00fckseldi"}]},{"@type":"WebSite","@id":"https:\/\/kuzeyinsesi.org\/#website","url":"https:\/\/kuzeyinsesi.org\/","name":"Kuzeyin Sesi","description":"Do\u011fru Haberin Adresi","potentialAction":[{"@type":"SearchAction","target":{"@type":"EntryPoint","urlTemplate":"https:\/\/kuzeyinsesi.org\/?s={search_term_string}"},"query-input":{"@type":"PropertyValueSpecification","valueRequired":true,"valueName":"search_term_string"}}],"inLanguage":"tr"},{"@type":"Person","@id":"https:\/\/kuzeyinsesi.org\/#\/schema\/person\/9f859689cdf01485597712386e37f5aa","name":"Kuzeyin Sesi","image":{"@type":"ImageObject","inLanguage":"tr","@id":"https:\/\/secure.gravatar.com\/avatar\/bab33852abfd8b282518d6ed81826833d77c3c882d9ab608add591ccace47a44?s=96&d=mm&r=g","url":"https:\/\/secure.gravatar.com\/avatar\/bab33852abfd8b282518d6ed81826833d77c3c882d9ab608add591ccace47a44?s=96&d=mm&r=g","contentUrl":"https:\/\/secure.gravatar.com\/avatar\/bab33852abfd8b282518d6ed81826833d77c3c882d9ab608add591ccace47a44?s=96&d=mm&r=g","caption":"Kuzeyin Sesi"},"sameAs":["https:\/\/kuzeyinsesi.org"],"url":"https:\/\/kuzeyinsesi.org\/index.php\/author\/guven\/"}]}},"_links":{"self":[{"href":"https:\/\/kuzeyinsesi.org\/index.php\/wp-json\/wp\/v2\/posts\/17935","targetHints":{"allow":["GET"]}}],"collection":[{"href":"https:\/\/kuzeyinsesi.org\/index.php\/wp-json\/wp\/v2\/posts"}],"about":[{"href":"https:\/\/kuzeyinsesi.org\/index.php\/wp-json\/wp\/v2\/types\/post"}],"author":[{"embeddable":true,"href":"https:\/\/kuzeyinsesi.org\/index.php\/wp-json\/wp\/v2\/users\/1"}],"replies":[{"embeddable":true,"href":"https:\/\/kuzeyinsesi.org\/index.php\/wp-json\/wp\/v2\/comments?post=17935"}],"version-history":[{"count":0,"href":"https:\/\/kuzeyinsesi.org\/index.php\/wp-json\/wp\/v2\/posts\/17935\/revisions"}],"wp:featuredmedia":[{"embeddable":true,"href":"https:\/\/kuzeyinsesi.org\/index.php\/wp-json\/wp\/v2\/media\/17936"}],"wp:attachment":[{"href":"https:\/\/kuzeyinsesi.org\/index.php\/wp-json\/wp\/v2\/media?parent=17935"}],"wp:term":[{"taxonomy":"category","embeddable":true,"href":"https:\/\/kuzeyinsesi.org\/index.php\/wp-json\/wp\/v2\/categories?post=17935"},{"taxonomy":"post_tag","embeddable":true,"href":"https:\/\/kuzeyinsesi.org\/index.php\/wp-json\/wp\/v2\/tags?post=17935"}],"curies":[{"name":"wp","href":"https:\/\/api.w.org\/{rel}","templated":true}]}}