{"id":17905,"date":"2025-01-24T16:01:02","date_gmt":"2025-01-24T14:01:02","guid":{"rendered":"https:\/\/kuzeyinsesi.org\/index.php\/2025\/01\/24\/ada-isigi-korolari-bursa-yolcusu\/"},"modified":"2025-01-24T16:01:02","modified_gmt":"2025-01-24T14:01:02","slug":"ada-isigi-korolari-bursa-yolcusu","status":"publish","type":"post","link":"https:\/\/kuzeyinsesi.org\/index.php\/2025\/01\/24\/ada-isigi-korolari-bursa-yolcusu\/","title":{"rendered":"Ada I\u015f\u0131\u011f\u0131 Korolar\u0131 Bursa yolcusu"},"content":{"rendered":"<div>\n<div class=\"mariselle-image-container none\">\n                                            <\/div>\n<p style=\"font-weight: 300;\"><span style=\"font-weight: 300 !important;\">Sonare \u00c7oksesli Korolar Derne\u011fi b\u00fcnyesinde \u00e7al\u0131\u015fmalar\u0131n\u0131 s\u00fcrd\u00fcren Ada I\u015f\u0131\u011f\u0131 \u00c7ocuk Korosu ve Ada I\u015f\u0131\u011f\u0131 Gen\u00e7lik Vokal Toplulu\u011fu, 29 Ocak-2 \u015eubat tarihlerinde Bursa\u2019da Nil\u00fcfer \u00c7ocuk ve Gen\u00e7lik Korolar\u0131\u2019n\u0131n davetlisi olarak at\u00f6lye \u00e7al\u0131\u015fmalar\u0131 yapacak ve konser verecek.<\/span><\/p>\n<p style=\"font-weight: 300;\"><span style=\"font-weight: 300 !important;\">Antakya\u2019dan APKORD \u00e7ocuk ve gen\u00e7lik korolar\u0131n\u0131n da kat\u0131laca\u011f\u0131 etkinlikte, y\u00fczlerce korist biraraya gelecek.<\/span><\/p>\n<p style=\"font-weight: 300;\"><span style=\"font-weight: 300 !important;\">Ge\u00e7ti\u011fimiz y\u0131l Ada I\u015f\u0131\u011f\u0131 \u00c7ocuk ve Gen\u00e7lik Korolar\u0131\u2019n\u0131n davetlisi olarak K\u0131br\u0131s\u2019ta bulu\u015fan korolar \u00fclkemizde de etkinlikler ve konserler d\u00fczenlemi\u015fti.<\/span><\/p>\n<p style=\"font-weight: 300;\"><span style=\"font-weight: 300 !important;\">Nil\u00fcfer \u00c7ocuk ve Gen\u00e7lik Korolar\u0131 \u015eefi Suat \u015eahin, APKORD Korolar\u0131 \u015eefi Sezgin Suna, Ada I\u015f\u0131\u011f\u0131 \u00c7ocuk ve Gen\u00e7lik Korolar\u0131 \u015eefi Erkan Da\u011fl\u0131 yapt\u0131klar\u0131 a\u00e7\u0131klamalarda y\u00fczlerce koristin bu y\u0131l Bursa\u2019da bulu\u015facak olmas\u0131ndan duyduklar\u0131 mutlulu\u011fu dile getirirken, \u015eubat tatilinde olan \u00e7ocuklara da g\u00fczel bir payla\u015f\u0131m ve motivasyon olaca\u011f\u0131n\u0131 s\u00f6yledi.<\/span><\/p>\n<p style=\"font-weight: 300;\"><span style=\"font-weight: 300 !important;\">Ortak \u015fark\u0131lar\u0131n da seslendirilece\u011fi konserde \u2018\u2019Cennettir K\u0131br\u0131s\u2019\u0131m\u2019\u2019 isimli \u00e7ocuk \u015fark\u0131s\u0131 da \u00e7ocuklar ve gen\u00e7ler taraf\u0131ndan hep birlikte seslendirilecek.<\/span><\/p>\n<p>\u00a0<\/p>\n<p>\u00a0<\/p>\n<\/p><\/div>\n<p><script async\n                    defer\n                    crossorigin=\"anonymous\"\n                    src=\"https:\/\/connect.facebook.net\/tr_TR\/sdk.js#xfbml=1&#038;version=v3.3\"\n            ><\/script><\/p>\n","protected":false},"excerpt":{"rendered":"<p>Sonare \u00c7oksesli Korolar Derne\u011fi b\u00fcnyesinde \u00e7al\u0131\u015fmalar\u0131n\u0131 s\u00fcrd\u00fcren Ada I\u015f\u0131\u011f\u0131 \u00c7ocuk Korosu ve Ada I\u015f\u0131\u011f\u0131 Gen\u00e7lik Vokal Toplulu\u011fu, 29 Ocak-2 \u015eubat tarihlerinde Bursa\u2019da Nil\u00fcfer \u00c7ocuk ve Gen\u00e7lik Korolar\u0131\u2019n\u0131n davetlisi olarak at\u00f6lye \u00e7al\u0131\u015fmalar\u0131 yapacak ve konser verecek. Antakya\u2019dan APKORD \u00e7ocuk ve gen\u00e7lik korolar\u0131n\u0131n da kat\u0131laca\u011f\u0131 etkinlikte, y\u00fczlerce korist biraraya gelecek. Ge\u00e7ti\u011fimiz y\u0131l Ada I\u015f\u0131\u011f\u0131 \u00c7ocuk ve Gen\u00e7lik [&hellip;]<\/p>\n","protected":false},"author":1,"featured_media":17906,"comment_status":"open","ping_status":"open","sticky":false,"template":"","format":"standard","meta":{"jnews-multi-image_gallery":[],"jnews_single_post":[],"jnews_primary_category":[],"jnews_social_meta":[],"jnews_override_counter":[],"footnotes":""},"categories":[6],"tags":[],"class_list":["post-17905","post","type-post","status-publish","format-standard","has-post-thumbnail","hentry","category-yasam"],"yoast_head":"<!-- This site is optimized with the Yoast SEO plugin v27.4 - https:\/\/yoast.com\/product\/yoast-seo-wordpress\/ -->\n<title>Ada I\u015f\u0131\u011f\u0131 Korolar\u0131 Bursa yolcusu - Kuzeyin Sesi<\/title>\n<meta name=\"robots\" content=\"index, follow, max-snippet:-1, max-image-preview:large, max-video-preview:-1\" \/>\n<link rel=\"canonical\" href=\"https:\/\/kuzeyinsesi.org\/index.php\/2025\/01\/24\/ada-isigi-korolari-bursa-yolcusu\/\" \/>\n<meta property=\"og:locale\" content=\"tr_TR\" \/>\n<meta property=\"og:type\" content=\"article\" \/>\n<meta property=\"og:title\" content=\"Ada I\u015f\u0131\u011f\u0131 Korolar\u0131 Bursa yolcusu - Kuzeyin Sesi\" \/>\n<meta property=\"og:description\" content=\"Sonare \u00c7oksesli Korolar Derne\u011fi b\u00fcnyesinde \u00e7al\u0131\u015fmalar\u0131n\u0131 s\u00fcrd\u00fcren Ada I\u015f\u0131\u011f\u0131 \u00c7ocuk Korosu ve Ada I\u015f\u0131\u011f\u0131 Gen\u00e7lik Vokal Toplulu\u011fu, 29 Ocak-2 \u015eubat tarihlerinde Bursa\u2019da Nil\u00fcfer \u00c7ocuk ve Gen\u00e7lik Korolar\u0131\u2019n\u0131n davetlisi olarak at\u00f6lye \u00e7al\u0131\u015fmalar\u0131 yapacak ve konser verecek. Antakya\u2019dan APKORD \u00e7ocuk ve gen\u00e7lik korolar\u0131n\u0131n da kat\u0131laca\u011f\u0131 etkinlikte, y\u00fczlerce korist biraraya gelecek. Ge\u00e7ti\u011fimiz y\u0131l Ada I\u015f\u0131\u011f\u0131 \u00c7ocuk ve Gen\u00e7lik [&hellip;]\" \/>\n<meta property=\"og:url\" content=\"https:\/\/kuzeyinsesi.org\/index.php\/2025\/01\/24\/ada-isigi-korolari-bursa-yolcusu\/\" \/>\n<meta property=\"og:site_name\" content=\"Kuzeyin Sesi\" \/>\n<meta property=\"article:publisher\" content=\"https:\/\/www.facebook.com\/kuzeyinsesii\" \/>\n<meta property=\"article:published_time\" content=\"2025-01-24T14:01:02+00:00\" \/>\n<meta property=\"og:image\" content=\"https:\/\/brtk.net\/wp-content\/uploads\/2025\/01\/24\/ADA-ISIGI-KOROLARI2.jpg?ver=bdb35f1ff9cc9d464a14c4b51717c0a9\" \/>\n<meta name=\"author\" content=\"Kuzeyin Sesi\" \/>\n<meta name=\"twitter:card\" content=\"summary_large_image\" \/>\n<meta name=\"twitter:creator\" content=\"@kuzeyinsesii\" \/>\n<meta name=\"twitter:site\" content=\"@kuzeyinsesii\" \/>\n<meta name=\"twitter:label1\" content=\"Yazan:\" \/>\n\t<meta name=\"twitter:data1\" content=\"Kuzeyin Sesi\" \/>\n\t<meta name=\"twitter:label2\" content=\"Tahmini okuma s\u00fcresi\" \/>\n\t<meta name=\"twitter:data2\" content=\"1 dakika\" \/>\n<script type=\"application\/ld+json\" class=\"yoast-schema-graph\">{\"@context\":\"https:\\\/\\\/schema.org\",\"@graph\":[{\"@type\":\"Article\",\"@id\":\"https:\\\/\\\/kuzeyinsesi.org\\\/index.php\\\/2025\\\/01\\\/24\\\/ada-isigi-korolari-bursa-yolcusu\\\/#article\",\"isPartOf\":{\"@id\":\"https:\\\/\\\/kuzeyinsesi.org\\\/index.php\\\/2025\\\/01\\\/24\\\/ada-isigi-korolari-bursa-yolcusu\\\/\"},\"author\":{\"name\":\"Kuzeyin Sesi\",\"@id\":\"https:\\\/\\\/kuzeyinsesi.org\\\/#\\\/schema\\\/person\\\/9f859689cdf01485597712386e37f5aa\"},\"headline\":\"Ada I\u015f\u0131\u011f\u0131 Korolar\u0131 Bursa yolcusu\",\"datePublished\":\"2025-01-24T14:01:02+00:00\",\"mainEntityOfPage\":{\"@id\":\"https:\\\/\\\/kuzeyinsesi.org\\\/index.php\\\/2025\\\/01\\\/24\\\/ada-isigi-korolari-bursa-yolcusu\\\/\"},\"wordCount\":194,\"commentCount\":0,\"image\":{\"@id\":\"https:\\\/\\\/kuzeyinsesi.org\\\/index.php\\\/2025\\\/01\\\/24\\\/ada-isigi-korolari-bursa-yolcusu\\\/#primaryimage\"},\"thumbnailUrl\":\"https:\\\/\\\/kuzeyinsesi.org\\\/wp-content\\\/uploads\\\/2025\\\/01\\\/ADA-ISIGI-KOROLARI2.jpg\",\"articleSection\":[\"Ya\u015fam\"],\"inLanguage\":\"tr\",\"potentialAction\":[{\"@type\":\"CommentAction\",\"name\":\"Comment\",\"target\":[\"https:\\\/\\\/kuzeyinsesi.org\\\/index.php\\\/2025\\\/01\\\/24\\\/ada-isigi-korolari-bursa-yolcusu\\\/#respond\"]}]},{\"@type\":\"WebPage\",\"@id\":\"https:\\\/\\\/kuzeyinsesi.org\\\/index.php\\\/2025\\\/01\\\/24\\\/ada-isigi-korolari-bursa-yolcusu\\\/\",\"url\":\"https:\\\/\\\/kuzeyinsesi.org\\\/index.php\\\/2025\\\/01\\\/24\\\/ada-isigi-korolari-bursa-yolcusu\\\/\",\"name\":\"Ada I\u015f\u0131\u011f\u0131 Korolar\u0131 Bursa yolcusu - Kuzeyin Sesi\",\"isPartOf\":{\"@id\":\"https:\\\/\\\/kuzeyinsesi.org\\\/#website\"},\"primaryImageOfPage\":{\"@id\":\"https:\\\/\\\/kuzeyinsesi.org\\\/index.php\\\/2025\\\/01\\\/24\\\/ada-isigi-korolari-bursa-yolcusu\\\/#primaryimage\"},\"image\":{\"@id\":\"https:\\\/\\\/kuzeyinsesi.org\\\/index.php\\\/2025\\\/01\\\/24\\\/ada-isigi-korolari-bursa-yolcusu\\\/#primaryimage\"},\"thumbnailUrl\":\"https:\\\/\\\/kuzeyinsesi.org\\\/wp-content\\\/uploads\\\/2025\\\/01\\\/ADA-ISIGI-KOROLARI2.jpg\",\"datePublished\":\"2025-01-24T14:01:02+00:00\",\"author\":{\"@id\":\"https:\\\/\\\/kuzeyinsesi.org\\\/#\\\/schema\\\/person\\\/9f859689cdf01485597712386e37f5aa\"},\"breadcrumb\":{\"@id\":\"https:\\\/\\\/kuzeyinsesi.org\\\/index.php\\\/2025\\\/01\\\/24\\\/ada-isigi-korolari-bursa-yolcusu\\\/#breadcrumb\"},\"inLanguage\":\"tr\",\"potentialAction\":[{\"@type\":\"ReadAction\",\"target\":[\"https:\\\/\\\/kuzeyinsesi.org\\\/index.php\\\/2025\\\/01\\\/24\\\/ada-isigi-korolari-bursa-yolcusu\\\/\"]}]},{\"@type\":\"ImageObject\",\"inLanguage\":\"tr\",\"@id\":\"https:\\\/\\\/kuzeyinsesi.org\\\/index.php\\\/2025\\\/01\\\/24\\\/ada-isigi-korolari-bursa-yolcusu\\\/#primaryimage\",\"url\":\"https:\\\/\\\/kuzeyinsesi.org\\\/wp-content\\\/uploads\\\/2025\\\/01\\\/ADA-ISIGI-KOROLARI2.jpg\",\"contentUrl\":\"https:\\\/\\\/kuzeyinsesi.org\\\/wp-content\\\/uploads\\\/2025\\\/01\\\/ADA-ISIGI-KOROLARI2.jpg\",\"width\":930,\"height\":410},{\"@type\":\"BreadcrumbList\",\"@id\":\"https:\\\/\\\/kuzeyinsesi.org\\\/index.php\\\/2025\\\/01\\\/24\\\/ada-isigi-korolari-bursa-yolcusu\\\/#breadcrumb\",\"itemListElement\":[{\"@type\":\"ListItem\",\"position\":1,\"name\":\"Anasayfa\",\"item\":\"https:\\\/\\\/kuzeyinsesi.org\\\/\"},{\"@type\":\"ListItem\",\"position\":2,\"name\":\"Ada I\u015f\u0131\u011f\u0131 Korolar\u0131 Bursa yolcusu\"}]},{\"@type\":\"WebSite\",\"@id\":\"https:\\\/\\\/kuzeyinsesi.org\\\/#website\",\"url\":\"https:\\\/\\\/kuzeyinsesi.org\\\/\",\"name\":\"Kuzeyin Sesi\",\"description\":\"Do\u011fru Haberin Adresi\",\"potentialAction\":[{\"@type\":\"SearchAction\",\"target\":{\"@type\":\"EntryPoint\",\"urlTemplate\":\"https:\\\/\\\/kuzeyinsesi.org\\\/?s={search_term_string}\"},\"query-input\":{\"@type\":\"PropertyValueSpecification\",\"valueRequired\":true,\"valueName\":\"search_term_string\"}}],\"inLanguage\":\"tr\"},{\"@type\":\"Person\",\"@id\":\"https:\\\/\\\/kuzeyinsesi.org\\\/#\\\/schema\\\/person\\\/9f859689cdf01485597712386e37f5aa\",\"name\":\"Kuzeyin Sesi\",\"image\":{\"@type\":\"ImageObject\",\"inLanguage\":\"tr\",\"@id\":\"https:\\\/\\\/secure.gravatar.com\\\/avatar\\\/bab33852abfd8b282518d6ed81826833d77c3c882d9ab608add591ccace47a44?s=96&d=mm&r=g\",\"url\":\"https:\\\/\\\/secure.gravatar.com\\\/avatar\\\/bab33852abfd8b282518d6ed81826833d77c3c882d9ab608add591ccace47a44?s=96&d=mm&r=g\",\"contentUrl\":\"https:\\\/\\\/secure.gravatar.com\\\/avatar\\\/bab33852abfd8b282518d6ed81826833d77c3c882d9ab608add591ccace47a44?s=96&d=mm&r=g\",\"caption\":\"Kuzeyin Sesi\"},\"sameAs\":[\"https:\\\/\\\/kuzeyinsesi.org\"],\"url\":\"https:\\\/\\\/kuzeyinsesi.org\\\/index.php\\\/author\\\/guven\\\/\"}]}<\/script>\n<!-- \/ Yoast SEO plugin. -->","yoast_head_json":{"title":"Ada I\u015f\u0131\u011f\u0131 Korolar\u0131 Bursa yolcusu - Kuzeyin Sesi","robots":{"index":"index","follow":"follow","max-snippet":"max-snippet:-1","max-image-preview":"max-image-preview:large","max-video-preview":"max-video-preview:-1"},"canonical":"https:\/\/kuzeyinsesi.org\/index.php\/2025\/01\/24\/ada-isigi-korolari-bursa-yolcusu\/","og_locale":"tr_TR","og_type":"article","og_title":"Ada I\u015f\u0131\u011f\u0131 Korolar\u0131 Bursa yolcusu - Kuzeyin Sesi","og_description":"Sonare \u00c7oksesli Korolar Derne\u011fi b\u00fcnyesinde \u00e7al\u0131\u015fmalar\u0131n\u0131 s\u00fcrd\u00fcren Ada I\u015f\u0131\u011f\u0131 \u00c7ocuk Korosu ve Ada I\u015f\u0131\u011f\u0131 Gen\u00e7lik Vokal Toplulu\u011fu, 29 Ocak-2 \u015eubat tarihlerinde Bursa\u2019da Nil\u00fcfer \u00c7ocuk ve Gen\u00e7lik Korolar\u0131\u2019n\u0131n davetlisi olarak at\u00f6lye \u00e7al\u0131\u015fmalar\u0131 yapacak ve konser verecek. Antakya\u2019dan APKORD \u00e7ocuk ve gen\u00e7lik korolar\u0131n\u0131n da kat\u0131laca\u011f\u0131 etkinlikte, y\u00fczlerce korist biraraya gelecek. Ge\u00e7ti\u011fimiz y\u0131l Ada I\u015f\u0131\u011f\u0131 \u00c7ocuk ve Gen\u00e7lik [&hellip;]","og_url":"https:\/\/kuzeyinsesi.org\/index.php\/2025\/01\/24\/ada-isigi-korolari-bursa-yolcusu\/","og_site_name":"Kuzeyin Sesi","article_publisher":"https:\/\/www.facebook.com\/kuzeyinsesii","article_published_time":"2025-01-24T14:01:02+00:00","og_image":[{"url":"https:\/\/brtk.net\/wp-content\/uploads\/2025\/01\/24\/ADA-ISIGI-KOROLARI2.jpg?ver=bdb35f1ff9cc9d464a14c4b51717c0a9","type":"","width":"","height":""}],"author":"Kuzeyin Sesi","twitter_card":"summary_large_image","twitter_creator":"@kuzeyinsesii","twitter_site":"@kuzeyinsesii","twitter_misc":{"Yazan:":"Kuzeyin Sesi","Tahmini okuma s\u00fcresi":"1 dakika"},"schema":{"@context":"https:\/\/schema.org","@graph":[{"@type":"Article","@id":"https:\/\/kuzeyinsesi.org\/index.php\/2025\/01\/24\/ada-isigi-korolari-bursa-yolcusu\/#article","isPartOf":{"@id":"https:\/\/kuzeyinsesi.org\/index.php\/2025\/01\/24\/ada-isigi-korolari-bursa-yolcusu\/"},"author":{"name":"Kuzeyin Sesi","@id":"https:\/\/kuzeyinsesi.org\/#\/schema\/person\/9f859689cdf01485597712386e37f5aa"},"headline":"Ada I\u015f\u0131\u011f\u0131 Korolar\u0131 Bursa yolcusu","datePublished":"2025-01-24T14:01:02+00:00","mainEntityOfPage":{"@id":"https:\/\/kuzeyinsesi.org\/index.php\/2025\/01\/24\/ada-isigi-korolari-bursa-yolcusu\/"},"wordCount":194,"commentCount":0,"image":{"@id":"https:\/\/kuzeyinsesi.org\/index.php\/2025\/01\/24\/ada-isigi-korolari-bursa-yolcusu\/#primaryimage"},"thumbnailUrl":"https:\/\/kuzeyinsesi.org\/wp-content\/uploads\/2025\/01\/ADA-ISIGI-KOROLARI2.jpg","articleSection":["Ya\u015fam"],"inLanguage":"tr","potentialAction":[{"@type":"CommentAction","name":"Comment","target":["https:\/\/kuzeyinsesi.org\/index.php\/2025\/01\/24\/ada-isigi-korolari-bursa-yolcusu\/#respond"]}]},{"@type":"WebPage","@id":"https:\/\/kuzeyinsesi.org\/index.php\/2025\/01\/24\/ada-isigi-korolari-bursa-yolcusu\/","url":"https:\/\/kuzeyinsesi.org\/index.php\/2025\/01\/24\/ada-isigi-korolari-bursa-yolcusu\/","name":"Ada I\u015f\u0131\u011f\u0131 Korolar\u0131 Bursa yolcusu - Kuzeyin Sesi","isPartOf":{"@id":"https:\/\/kuzeyinsesi.org\/#website"},"primaryImageOfPage":{"@id":"https:\/\/kuzeyinsesi.org\/index.php\/2025\/01\/24\/ada-isigi-korolari-bursa-yolcusu\/#primaryimage"},"image":{"@id":"https:\/\/kuzeyinsesi.org\/index.php\/2025\/01\/24\/ada-isigi-korolari-bursa-yolcusu\/#primaryimage"},"thumbnailUrl":"https:\/\/kuzeyinsesi.org\/wp-content\/uploads\/2025\/01\/ADA-ISIGI-KOROLARI2.jpg","datePublished":"2025-01-24T14:01:02+00:00","author":{"@id":"https:\/\/kuzeyinsesi.org\/#\/schema\/person\/9f859689cdf01485597712386e37f5aa"},"breadcrumb":{"@id":"https:\/\/kuzeyinsesi.org\/index.php\/2025\/01\/24\/ada-isigi-korolari-bursa-yolcusu\/#breadcrumb"},"inLanguage":"tr","potentialAction":[{"@type":"ReadAction","target":["https:\/\/kuzeyinsesi.org\/index.php\/2025\/01\/24\/ada-isigi-korolari-bursa-yolcusu\/"]}]},{"@type":"ImageObject","inLanguage":"tr","@id":"https:\/\/kuzeyinsesi.org\/index.php\/2025\/01\/24\/ada-isigi-korolari-bursa-yolcusu\/#primaryimage","url":"https:\/\/kuzeyinsesi.org\/wp-content\/uploads\/2025\/01\/ADA-ISIGI-KOROLARI2.jpg","contentUrl":"https:\/\/kuzeyinsesi.org\/wp-content\/uploads\/2025\/01\/ADA-ISIGI-KOROLARI2.jpg","width":930,"height":410},{"@type":"BreadcrumbList","@id":"https:\/\/kuzeyinsesi.org\/index.php\/2025\/01\/24\/ada-isigi-korolari-bursa-yolcusu\/#breadcrumb","itemListElement":[{"@type":"ListItem","position":1,"name":"Anasayfa","item":"https:\/\/kuzeyinsesi.org\/"},{"@type":"ListItem","position":2,"name":"Ada I\u015f\u0131\u011f\u0131 Korolar\u0131 Bursa yolcusu"}]},{"@type":"WebSite","@id":"https:\/\/kuzeyinsesi.org\/#website","url":"https:\/\/kuzeyinsesi.org\/","name":"Kuzeyin Sesi","description":"Do\u011fru Haberin Adresi","potentialAction":[{"@type":"SearchAction","target":{"@type":"EntryPoint","urlTemplate":"https:\/\/kuzeyinsesi.org\/?s={search_term_string}"},"query-input":{"@type":"PropertyValueSpecification","valueRequired":true,"valueName":"search_term_string"}}],"inLanguage":"tr"},{"@type":"Person","@id":"https:\/\/kuzeyinsesi.org\/#\/schema\/person\/9f859689cdf01485597712386e37f5aa","name":"Kuzeyin Sesi","image":{"@type":"ImageObject","inLanguage":"tr","@id":"https:\/\/secure.gravatar.com\/avatar\/bab33852abfd8b282518d6ed81826833d77c3c882d9ab608add591ccace47a44?s=96&d=mm&r=g","url":"https:\/\/secure.gravatar.com\/avatar\/bab33852abfd8b282518d6ed81826833d77c3c882d9ab608add591ccace47a44?s=96&d=mm&r=g","contentUrl":"https:\/\/secure.gravatar.com\/avatar\/bab33852abfd8b282518d6ed81826833d77c3c882d9ab608add591ccace47a44?s=96&d=mm&r=g","caption":"Kuzeyin Sesi"},"sameAs":["https:\/\/kuzeyinsesi.org"],"url":"https:\/\/kuzeyinsesi.org\/index.php\/author\/guven\/"}]}},"_links":{"self":[{"href":"https:\/\/kuzeyinsesi.org\/index.php\/wp-json\/wp\/v2\/posts\/17905","targetHints":{"allow":["GET"]}}],"collection":[{"href":"https:\/\/kuzeyinsesi.org\/index.php\/wp-json\/wp\/v2\/posts"}],"about":[{"href":"https:\/\/kuzeyinsesi.org\/index.php\/wp-json\/wp\/v2\/types\/post"}],"author":[{"embeddable":true,"href":"https:\/\/kuzeyinsesi.org\/index.php\/wp-json\/wp\/v2\/users\/1"}],"replies":[{"embeddable":true,"href":"https:\/\/kuzeyinsesi.org\/index.php\/wp-json\/wp\/v2\/comments?post=17905"}],"version-history":[{"count":0,"href":"https:\/\/kuzeyinsesi.org\/index.php\/wp-json\/wp\/v2\/posts\/17905\/revisions"}],"wp:featuredmedia":[{"embeddable":true,"href":"https:\/\/kuzeyinsesi.org\/index.php\/wp-json\/wp\/v2\/media\/17906"}],"wp:attachment":[{"href":"https:\/\/kuzeyinsesi.org\/index.php\/wp-json\/wp\/v2\/media?parent=17905"}],"wp:term":[{"taxonomy":"category","embeddable":true,"href":"https:\/\/kuzeyinsesi.org\/index.php\/wp-json\/wp\/v2\/categories?post=17905"},{"taxonomy":"post_tag","embeddable":true,"href":"https:\/\/kuzeyinsesi.org\/index.php\/wp-json\/wp\/v2\/tags?post=17905"}],"curies":[{"name":"wp","href":"https:\/\/api.w.org\/{rel}","templated":true}]}}