{"id":17903,"date":"2025-01-24T14:56:23","date_gmt":"2025-01-24T12:56:23","guid":{"rendered":"https:\/\/kuzeyinsesi.org\/index.php\/2025\/01\/24\/turksoydan-ankarada-kamran-azizi-anma-programi\/"},"modified":"2025-01-24T14:56:23","modified_gmt":"2025-01-24T12:56:23","slug":"turksoydan-ankarada-kamran-azizi-anma-programi","status":"publish","type":"post","link":"https:\/\/kuzeyinsesi.org\/index.php\/2025\/01\/24\/turksoydan-ankarada-kamran-azizi-anma-programi\/","title":{"rendered":"T\u00dcRKSOY\u2019dan Ankara\u2019da Kamran Aziz\u2019i anma program\u0131"},"content":{"rendered":"<div>\n<div class=\"mariselle-image-container none\">\n                                            <\/div>\n<p style=\"font-weight: 300;\">Uluslararas\u0131 T\u00fcrk K\u00fclt\u00fcr\u00fc Te\u015fkilat\u0131 T\u00dcRKSOY, 29 Ocak\u2019ta Ankara\u2019da Kamran Aziz\u2019i anma program\u0131 d\u00fczenliyor.<\/p>\n<p style=\"font-weight: 300;\">Uluslararas\u0131 T\u00fcrk K\u00fclt\u00fcr\u00fc Te\u015fkilat\u0131 T\u00dcRKSOY, T\u00dcRKSOY Daimi Konseyi\u2019nin Azerbaycan\u2019\u0131n \u015eu\u015fa \u015fehrinde d\u00fczenlenen 40. toplant\u0131s\u0131nda Ba\u015fbakan Yard\u0131mc\u0131s\u0131 Turizm K\u00fclt\u00fcr Gen\u00e7lik ve \u00c7evre Bakan\u0131 Fikri Atao\u011flu\u2019nun \u00f6nerisi do\u011frultusunda ald\u0131\u011f\u0131 karara istinaden, K\u0131br\u0131s halk m\u00fczi\u011finin \u00e7a\u011fda\u015f \u00f6nc\u00fclerinden besteci ve s\u00f6z yazar\u0131 Kamran Aziz\u2019i anma etkinli\u011fi yap\u0131l\u0131yor.<\/p>\n<p style=\"font-weight: 300;\">Ankara\u2019da, T\u00dcRKSOY Genel Merkezi\u2019nde, 29 Ocak\u2019ta ger\u00e7ekle\u015ftirilecek etkinli\u011fe, Ba\u015fbakan Yard\u0131mc\u0131l\u0131\u011f\u0131 Turizm K\u00fclt\u00fcr Gen\u00e7lik ve \u00c7evre Bakanl\u0131\u011f\u0131\u2019n\u0131 temsilen K\u00fclt\u00fcr Dairesi M\u00fcd\u00fcr\u00fc \u015eirin Zaima\u011fao\u011flu ve beraberinde Ara\u015ft\u0131rmac\u0131 Yazar ve TV Program Yap\u0131mc\u0131s\u0131 Eralp Adan\u0131r, M\u00fczisyen Nafiz D\u00f6lek ile Yak\u0131n Do\u011fu \u00dcniversitesi \u00d6\u011fretim \u00dcyesi Do\u00e7. Dr. Ne\u015fe Akcan \u00d6zl\u00fck kat\u0131lacak.<\/p>\n<p style=\"font-weight: 300;\">K\u00fclt\u00fcr Dairesi\u2019nden verilen bilgiye g\u00f6re Kamran Aziz\u2019i anma program\u0131 \u00e7er\u00e7evesinde K\u00e2mran Aziz\u2019in hayat\u0131 ve \u00e7al\u0131\u015fmalar\u0131n\u0131 konu alan bir panel d\u00fczenlenecek. Panelde, K\u00fclt\u00fcr Dairesi M\u00fcd\u00fcr\u00fc \u015eirin Zaima\u011fao\u011flu, Ara\u015ft\u0131rmac\u0131 Yazar ve TV Program Yap\u0131mc\u0131s\u0131 Eralp Adan\u0131r, Yak\u0131n Do\u011fu \u00dcniversitesi \u00d6\u011fretim \u00dcyesi Do\u00e7. Dr. Ne\u015fe Akcan \u00d6zl\u00fck sunum yapacak.<\/p>\n<p style=\"font-weight: 300;\">T\u00dcRKSOY\u2019un d\u00fczenledi\u011fi etkinlikte Eralp Adan\u0131r\u2019\u0131n haz\u0131rlad\u0131\u011f\u0131 K\u00e2mran Aziz\u2019in h<span style=\"font-weight: 300 !important;\">ayat\u0131n\u0131 konu alan k\u0131sa film g\u00f6sterisi ve M\u00fczisyen Nafiz D\u00f6lek\u2019in sunaca\u011f\u0131 Kamran Aziz \u015fark\u0131lar\u0131ndan olu\u015fan m\u00fczik dinletisi de yap\u0131lacak.<\/span><\/p>\n<\/p><\/div>\n<p><script async\n                    defer\n                    crossorigin=\"anonymous\"\n                    src=\"https:\/\/connect.facebook.net\/tr_TR\/sdk.js#xfbml=1&#038;version=v3.3\"\n            ><\/script><\/p>\n","protected":false},"excerpt":{"rendered":"<p>Uluslararas\u0131 T\u00fcrk K\u00fclt\u00fcr\u00fc Te\u015fkilat\u0131 T\u00dcRKSOY, 29 Ocak\u2019ta Ankara\u2019da Kamran Aziz\u2019i anma program\u0131 d\u00fczenliyor. Uluslararas\u0131 T\u00fcrk K\u00fclt\u00fcr\u00fc Te\u015fkilat\u0131 T\u00dcRKSOY, T\u00dcRKSOY Daimi Konseyi\u2019nin Azerbaycan\u2019\u0131n \u015eu\u015fa \u015fehrinde d\u00fczenlenen 40. toplant\u0131s\u0131nda Ba\u015fbakan Yard\u0131mc\u0131s\u0131 Turizm K\u00fclt\u00fcr Gen\u00e7lik ve \u00c7evre Bakan\u0131 Fikri Atao\u011flu\u2019nun \u00f6nerisi do\u011frultusunda ald\u0131\u011f\u0131 karara istinaden, K\u0131br\u0131s halk m\u00fczi\u011finin \u00e7a\u011fda\u015f \u00f6nc\u00fclerinden besteci ve s\u00f6z yazar\u0131 Kamran Aziz\u2019i anma etkinli\u011fi [&hellip;]<\/p>\n","protected":false},"author":1,"featured_media":17904,"comment_status":"open","ping_status":"open","sticky":false,"template":"","format":"standard","meta":{"jnews-multi-image_gallery":[],"jnews_single_post":[],"jnews_primary_category":[],"jnews_social_meta":[],"jnews_override_counter":[],"footnotes":""},"categories":[6],"tags":[],"class_list":["post-17903","post","type-post","status-publish","format-standard","has-post-thumbnail","hentry","category-yasam"],"yoast_head":"<!-- This site is optimized with the Yoast SEO plugin v27.4 - https:\/\/yoast.com\/product\/yoast-seo-wordpress\/ -->\n<title>T\u00dcRKSOY\u2019dan Ankara\u2019da Kamran Aziz\u2019i anma program\u0131 - Kuzeyin Sesi<\/title>\n<meta name=\"robots\" content=\"index, follow, max-snippet:-1, max-image-preview:large, max-video-preview:-1\" \/>\n<link rel=\"canonical\" href=\"https:\/\/kuzeyinsesi.org\/index.php\/2025\/01\/24\/turksoydan-ankarada-kamran-azizi-anma-programi\/\" \/>\n<meta property=\"og:locale\" content=\"tr_TR\" \/>\n<meta property=\"og:type\" content=\"article\" \/>\n<meta property=\"og:title\" content=\"T\u00dcRKSOY\u2019dan Ankara\u2019da Kamran Aziz\u2019i anma program\u0131 - Kuzeyin Sesi\" \/>\n<meta property=\"og:description\" content=\"Uluslararas\u0131 T\u00fcrk K\u00fclt\u00fcr\u00fc Te\u015fkilat\u0131 T\u00dcRKSOY, 29 Ocak\u2019ta Ankara\u2019da Kamran Aziz\u2019i anma program\u0131 d\u00fczenliyor. Uluslararas\u0131 T\u00fcrk K\u00fclt\u00fcr\u00fc Te\u015fkilat\u0131 T\u00dcRKSOY, T\u00dcRKSOY Daimi Konseyi\u2019nin Azerbaycan\u2019\u0131n \u015eu\u015fa \u015fehrinde d\u00fczenlenen 40. toplant\u0131s\u0131nda Ba\u015fbakan Yard\u0131mc\u0131s\u0131 Turizm K\u00fclt\u00fcr Gen\u00e7lik ve \u00c7evre Bakan\u0131 Fikri Atao\u011flu\u2019nun \u00f6nerisi do\u011frultusunda ald\u0131\u011f\u0131 karara istinaden, K\u0131br\u0131s halk m\u00fczi\u011finin \u00e7a\u011fda\u015f \u00f6nc\u00fclerinden besteci ve s\u00f6z yazar\u0131 Kamran Aziz\u2019i anma etkinli\u011fi [&hellip;]\" \/>\n<meta property=\"og:url\" content=\"https:\/\/kuzeyinsesi.org\/index.php\/2025\/01\/24\/turksoydan-ankarada-kamran-azizi-anma-programi\/\" \/>\n<meta property=\"og:site_name\" content=\"Kuzeyin Sesi\" \/>\n<meta property=\"article:publisher\" content=\"https:\/\/www.facebook.com\/kuzeyinsesii\" \/>\n<meta property=\"article:published_time\" content=\"2025-01-24T12:56:23+00:00\" \/>\n<meta property=\"og:image\" content=\"https:\/\/brtk.net\/wp-content\/uploads\/2025\/01\/24\/KULTUR-DAIRESI-KAMRAN-AZIZ.jpg?ver=88dde1a04198f8589e5f7666dd4d271d\" \/>\n<meta name=\"author\" content=\"Kuzeyin Sesi\" \/>\n<meta name=\"twitter:card\" content=\"summary_large_image\" \/>\n<meta name=\"twitter:creator\" content=\"@kuzeyinsesii\" \/>\n<meta name=\"twitter:site\" content=\"@kuzeyinsesii\" \/>\n<meta name=\"twitter:label1\" content=\"Yazan:\" \/>\n\t<meta name=\"twitter:data1\" content=\"Kuzeyin Sesi\" \/>\n\t<meta name=\"twitter:label2\" content=\"Tahmini okuma s\u00fcresi\" \/>\n\t<meta name=\"twitter:data2\" content=\"1 dakika\" \/>\n<script type=\"application\/ld+json\" class=\"yoast-schema-graph\">{\"@context\":\"https:\\\/\\\/schema.org\",\"@graph\":[{\"@type\":\"Article\",\"@id\":\"https:\\\/\\\/kuzeyinsesi.org\\\/index.php\\\/2025\\\/01\\\/24\\\/turksoydan-ankarada-kamran-azizi-anma-programi\\\/#article\",\"isPartOf\":{\"@id\":\"https:\\\/\\\/kuzeyinsesi.org\\\/index.php\\\/2025\\\/01\\\/24\\\/turksoydan-ankarada-kamran-azizi-anma-programi\\\/\"},\"author\":{\"name\":\"Kuzeyin Sesi\",\"@id\":\"https:\\\/\\\/kuzeyinsesi.org\\\/#\\\/schema\\\/person\\\/9f859689cdf01485597712386e37f5aa\"},\"headline\":\"T\u00dcRKSOY\u2019dan Ankara\u2019da Kamran Aziz\u2019i anma program\u0131\",\"datePublished\":\"2025-01-24T12:56:23+00:00\",\"mainEntityOfPage\":{\"@id\":\"https:\\\/\\\/kuzeyinsesi.org\\\/index.php\\\/2025\\\/01\\\/24\\\/turksoydan-ankarada-kamran-azizi-anma-programi\\\/\"},\"wordCount\":302,\"commentCount\":0,\"image\":{\"@id\":\"https:\\\/\\\/kuzeyinsesi.org\\\/index.php\\\/2025\\\/01\\\/24\\\/turksoydan-ankarada-kamran-azizi-anma-programi\\\/#primaryimage\"},\"thumbnailUrl\":\"https:\\\/\\\/kuzeyinsesi.org\\\/wp-content\\\/uploads\\\/2025\\\/01\\\/KULTUR-DAIRESI-KAMRAN-AZIZ.jpg\",\"articleSection\":[\"Ya\u015fam\"],\"inLanguage\":\"tr\",\"potentialAction\":[{\"@type\":\"CommentAction\",\"name\":\"Comment\",\"target\":[\"https:\\\/\\\/kuzeyinsesi.org\\\/index.php\\\/2025\\\/01\\\/24\\\/turksoydan-ankarada-kamran-azizi-anma-programi\\\/#respond\"]}]},{\"@type\":\"WebPage\",\"@id\":\"https:\\\/\\\/kuzeyinsesi.org\\\/index.php\\\/2025\\\/01\\\/24\\\/turksoydan-ankarada-kamran-azizi-anma-programi\\\/\",\"url\":\"https:\\\/\\\/kuzeyinsesi.org\\\/index.php\\\/2025\\\/01\\\/24\\\/turksoydan-ankarada-kamran-azizi-anma-programi\\\/\",\"name\":\"T\u00dcRKSOY\u2019dan Ankara\u2019da Kamran Aziz\u2019i anma program\u0131 - Kuzeyin Sesi\",\"isPartOf\":{\"@id\":\"https:\\\/\\\/kuzeyinsesi.org\\\/#website\"},\"primaryImageOfPage\":{\"@id\":\"https:\\\/\\\/kuzeyinsesi.org\\\/index.php\\\/2025\\\/01\\\/24\\\/turksoydan-ankarada-kamran-azizi-anma-programi\\\/#primaryimage\"},\"image\":{\"@id\":\"https:\\\/\\\/kuzeyinsesi.org\\\/index.php\\\/2025\\\/01\\\/24\\\/turksoydan-ankarada-kamran-azizi-anma-programi\\\/#primaryimage\"},\"thumbnailUrl\":\"https:\\\/\\\/kuzeyinsesi.org\\\/wp-content\\\/uploads\\\/2025\\\/01\\\/KULTUR-DAIRESI-KAMRAN-AZIZ.jpg\",\"datePublished\":\"2025-01-24T12:56:23+00:00\",\"author\":{\"@id\":\"https:\\\/\\\/kuzeyinsesi.org\\\/#\\\/schema\\\/person\\\/9f859689cdf01485597712386e37f5aa\"},\"breadcrumb\":{\"@id\":\"https:\\\/\\\/kuzeyinsesi.org\\\/index.php\\\/2025\\\/01\\\/24\\\/turksoydan-ankarada-kamran-azizi-anma-programi\\\/#breadcrumb\"},\"inLanguage\":\"tr\",\"potentialAction\":[{\"@type\":\"ReadAction\",\"target\":[\"https:\\\/\\\/kuzeyinsesi.org\\\/index.php\\\/2025\\\/01\\\/24\\\/turksoydan-ankarada-kamran-azizi-anma-programi\\\/\"]}]},{\"@type\":\"ImageObject\",\"inLanguage\":\"tr\",\"@id\":\"https:\\\/\\\/kuzeyinsesi.org\\\/index.php\\\/2025\\\/01\\\/24\\\/turksoydan-ankarada-kamran-azizi-anma-programi\\\/#primaryimage\",\"url\":\"https:\\\/\\\/kuzeyinsesi.org\\\/wp-content\\\/uploads\\\/2025\\\/01\\\/KULTUR-DAIRESI-KAMRAN-AZIZ.jpg\",\"contentUrl\":\"https:\\\/\\\/kuzeyinsesi.org\\\/wp-content\\\/uploads\\\/2025\\\/01\\\/KULTUR-DAIRESI-KAMRAN-AZIZ.jpg\",\"width\":930,\"height\":574},{\"@type\":\"BreadcrumbList\",\"@id\":\"https:\\\/\\\/kuzeyinsesi.org\\\/index.php\\\/2025\\\/01\\\/24\\\/turksoydan-ankarada-kamran-azizi-anma-programi\\\/#breadcrumb\",\"itemListElement\":[{\"@type\":\"ListItem\",\"position\":1,\"name\":\"Anasayfa\",\"item\":\"https:\\\/\\\/kuzeyinsesi.org\\\/\"},{\"@type\":\"ListItem\",\"position\":2,\"name\":\"T\u00dcRKSOY\u2019dan Ankara\u2019da Kamran Aziz\u2019i anma program\u0131\"}]},{\"@type\":\"WebSite\",\"@id\":\"https:\\\/\\\/kuzeyinsesi.org\\\/#website\",\"url\":\"https:\\\/\\\/kuzeyinsesi.org\\\/\",\"name\":\"Kuzeyin Sesi\",\"description\":\"Do\u011fru Haberin Adresi\",\"potentialAction\":[{\"@type\":\"SearchAction\",\"target\":{\"@type\":\"EntryPoint\",\"urlTemplate\":\"https:\\\/\\\/kuzeyinsesi.org\\\/?s={search_term_string}\"},\"query-input\":{\"@type\":\"PropertyValueSpecification\",\"valueRequired\":true,\"valueName\":\"search_term_string\"}}],\"inLanguage\":\"tr\"},{\"@type\":\"Person\",\"@id\":\"https:\\\/\\\/kuzeyinsesi.org\\\/#\\\/schema\\\/person\\\/9f859689cdf01485597712386e37f5aa\",\"name\":\"Kuzeyin Sesi\",\"image\":{\"@type\":\"ImageObject\",\"inLanguage\":\"tr\",\"@id\":\"https:\\\/\\\/secure.gravatar.com\\\/avatar\\\/bab33852abfd8b282518d6ed81826833d77c3c882d9ab608add591ccace47a44?s=96&d=mm&r=g\",\"url\":\"https:\\\/\\\/secure.gravatar.com\\\/avatar\\\/bab33852abfd8b282518d6ed81826833d77c3c882d9ab608add591ccace47a44?s=96&d=mm&r=g\",\"contentUrl\":\"https:\\\/\\\/secure.gravatar.com\\\/avatar\\\/bab33852abfd8b282518d6ed81826833d77c3c882d9ab608add591ccace47a44?s=96&d=mm&r=g\",\"caption\":\"Kuzeyin Sesi\"},\"sameAs\":[\"https:\\\/\\\/kuzeyinsesi.org\"],\"url\":\"https:\\\/\\\/kuzeyinsesi.org\\\/index.php\\\/author\\\/guven\\\/\"}]}<\/script>\n<!-- \/ Yoast SEO plugin. -->","yoast_head_json":{"title":"T\u00dcRKSOY\u2019dan Ankara\u2019da Kamran Aziz\u2019i anma program\u0131 - Kuzeyin Sesi","robots":{"index":"index","follow":"follow","max-snippet":"max-snippet:-1","max-image-preview":"max-image-preview:large","max-video-preview":"max-video-preview:-1"},"canonical":"https:\/\/kuzeyinsesi.org\/index.php\/2025\/01\/24\/turksoydan-ankarada-kamran-azizi-anma-programi\/","og_locale":"tr_TR","og_type":"article","og_title":"T\u00dcRKSOY\u2019dan Ankara\u2019da Kamran Aziz\u2019i anma program\u0131 - Kuzeyin Sesi","og_description":"Uluslararas\u0131 T\u00fcrk K\u00fclt\u00fcr\u00fc Te\u015fkilat\u0131 T\u00dcRKSOY, 29 Ocak\u2019ta Ankara\u2019da Kamran Aziz\u2019i anma program\u0131 d\u00fczenliyor. Uluslararas\u0131 T\u00fcrk K\u00fclt\u00fcr\u00fc Te\u015fkilat\u0131 T\u00dcRKSOY, T\u00dcRKSOY Daimi Konseyi\u2019nin Azerbaycan\u2019\u0131n \u015eu\u015fa \u015fehrinde d\u00fczenlenen 40. toplant\u0131s\u0131nda Ba\u015fbakan Yard\u0131mc\u0131s\u0131 Turizm K\u00fclt\u00fcr Gen\u00e7lik ve \u00c7evre Bakan\u0131 Fikri Atao\u011flu\u2019nun \u00f6nerisi do\u011frultusunda ald\u0131\u011f\u0131 karara istinaden, K\u0131br\u0131s halk m\u00fczi\u011finin \u00e7a\u011fda\u015f \u00f6nc\u00fclerinden besteci ve s\u00f6z yazar\u0131 Kamran Aziz\u2019i anma etkinli\u011fi [&hellip;]","og_url":"https:\/\/kuzeyinsesi.org\/index.php\/2025\/01\/24\/turksoydan-ankarada-kamran-azizi-anma-programi\/","og_site_name":"Kuzeyin Sesi","article_publisher":"https:\/\/www.facebook.com\/kuzeyinsesii","article_published_time":"2025-01-24T12:56:23+00:00","og_image":[{"url":"https:\/\/brtk.net\/wp-content\/uploads\/2025\/01\/24\/KULTUR-DAIRESI-KAMRAN-AZIZ.jpg?ver=88dde1a04198f8589e5f7666dd4d271d","type":"","width":"","height":""}],"author":"Kuzeyin Sesi","twitter_card":"summary_large_image","twitter_creator":"@kuzeyinsesii","twitter_site":"@kuzeyinsesii","twitter_misc":{"Yazan:":"Kuzeyin Sesi","Tahmini okuma s\u00fcresi":"1 dakika"},"schema":{"@context":"https:\/\/schema.org","@graph":[{"@type":"Article","@id":"https:\/\/kuzeyinsesi.org\/index.php\/2025\/01\/24\/turksoydan-ankarada-kamran-azizi-anma-programi\/#article","isPartOf":{"@id":"https:\/\/kuzeyinsesi.org\/index.php\/2025\/01\/24\/turksoydan-ankarada-kamran-azizi-anma-programi\/"},"author":{"name":"Kuzeyin Sesi","@id":"https:\/\/kuzeyinsesi.org\/#\/schema\/person\/9f859689cdf01485597712386e37f5aa"},"headline":"T\u00dcRKSOY\u2019dan Ankara\u2019da Kamran Aziz\u2019i anma program\u0131","datePublished":"2025-01-24T12:56:23+00:00","mainEntityOfPage":{"@id":"https:\/\/kuzeyinsesi.org\/index.php\/2025\/01\/24\/turksoydan-ankarada-kamran-azizi-anma-programi\/"},"wordCount":302,"commentCount":0,"image":{"@id":"https:\/\/kuzeyinsesi.org\/index.php\/2025\/01\/24\/turksoydan-ankarada-kamran-azizi-anma-programi\/#primaryimage"},"thumbnailUrl":"https:\/\/kuzeyinsesi.org\/wp-content\/uploads\/2025\/01\/KULTUR-DAIRESI-KAMRAN-AZIZ.jpg","articleSection":["Ya\u015fam"],"inLanguage":"tr","potentialAction":[{"@type":"CommentAction","name":"Comment","target":["https:\/\/kuzeyinsesi.org\/index.php\/2025\/01\/24\/turksoydan-ankarada-kamran-azizi-anma-programi\/#respond"]}]},{"@type":"WebPage","@id":"https:\/\/kuzeyinsesi.org\/index.php\/2025\/01\/24\/turksoydan-ankarada-kamran-azizi-anma-programi\/","url":"https:\/\/kuzeyinsesi.org\/index.php\/2025\/01\/24\/turksoydan-ankarada-kamran-azizi-anma-programi\/","name":"T\u00dcRKSOY\u2019dan Ankara\u2019da Kamran Aziz\u2019i anma program\u0131 - Kuzeyin Sesi","isPartOf":{"@id":"https:\/\/kuzeyinsesi.org\/#website"},"primaryImageOfPage":{"@id":"https:\/\/kuzeyinsesi.org\/index.php\/2025\/01\/24\/turksoydan-ankarada-kamran-azizi-anma-programi\/#primaryimage"},"image":{"@id":"https:\/\/kuzeyinsesi.org\/index.php\/2025\/01\/24\/turksoydan-ankarada-kamran-azizi-anma-programi\/#primaryimage"},"thumbnailUrl":"https:\/\/kuzeyinsesi.org\/wp-content\/uploads\/2025\/01\/KULTUR-DAIRESI-KAMRAN-AZIZ.jpg","datePublished":"2025-01-24T12:56:23+00:00","author":{"@id":"https:\/\/kuzeyinsesi.org\/#\/schema\/person\/9f859689cdf01485597712386e37f5aa"},"breadcrumb":{"@id":"https:\/\/kuzeyinsesi.org\/index.php\/2025\/01\/24\/turksoydan-ankarada-kamran-azizi-anma-programi\/#breadcrumb"},"inLanguage":"tr","potentialAction":[{"@type":"ReadAction","target":["https:\/\/kuzeyinsesi.org\/index.php\/2025\/01\/24\/turksoydan-ankarada-kamran-azizi-anma-programi\/"]}]},{"@type":"ImageObject","inLanguage":"tr","@id":"https:\/\/kuzeyinsesi.org\/index.php\/2025\/01\/24\/turksoydan-ankarada-kamran-azizi-anma-programi\/#primaryimage","url":"https:\/\/kuzeyinsesi.org\/wp-content\/uploads\/2025\/01\/KULTUR-DAIRESI-KAMRAN-AZIZ.jpg","contentUrl":"https:\/\/kuzeyinsesi.org\/wp-content\/uploads\/2025\/01\/KULTUR-DAIRESI-KAMRAN-AZIZ.jpg","width":930,"height":574},{"@type":"BreadcrumbList","@id":"https:\/\/kuzeyinsesi.org\/index.php\/2025\/01\/24\/turksoydan-ankarada-kamran-azizi-anma-programi\/#breadcrumb","itemListElement":[{"@type":"ListItem","position":1,"name":"Anasayfa","item":"https:\/\/kuzeyinsesi.org\/"},{"@type":"ListItem","position":2,"name":"T\u00dcRKSOY\u2019dan Ankara\u2019da Kamran Aziz\u2019i anma program\u0131"}]},{"@type":"WebSite","@id":"https:\/\/kuzeyinsesi.org\/#website","url":"https:\/\/kuzeyinsesi.org\/","name":"Kuzeyin Sesi","description":"Do\u011fru Haberin Adresi","potentialAction":[{"@type":"SearchAction","target":{"@type":"EntryPoint","urlTemplate":"https:\/\/kuzeyinsesi.org\/?s={search_term_string}"},"query-input":{"@type":"PropertyValueSpecification","valueRequired":true,"valueName":"search_term_string"}}],"inLanguage":"tr"},{"@type":"Person","@id":"https:\/\/kuzeyinsesi.org\/#\/schema\/person\/9f859689cdf01485597712386e37f5aa","name":"Kuzeyin Sesi","image":{"@type":"ImageObject","inLanguage":"tr","@id":"https:\/\/secure.gravatar.com\/avatar\/bab33852abfd8b282518d6ed81826833d77c3c882d9ab608add591ccace47a44?s=96&d=mm&r=g","url":"https:\/\/secure.gravatar.com\/avatar\/bab33852abfd8b282518d6ed81826833d77c3c882d9ab608add591ccace47a44?s=96&d=mm&r=g","contentUrl":"https:\/\/secure.gravatar.com\/avatar\/bab33852abfd8b282518d6ed81826833d77c3c882d9ab608add591ccace47a44?s=96&d=mm&r=g","caption":"Kuzeyin Sesi"},"sameAs":["https:\/\/kuzeyinsesi.org"],"url":"https:\/\/kuzeyinsesi.org\/index.php\/author\/guven\/"}]}},"_links":{"self":[{"href":"https:\/\/kuzeyinsesi.org\/index.php\/wp-json\/wp\/v2\/posts\/17903","targetHints":{"allow":["GET"]}}],"collection":[{"href":"https:\/\/kuzeyinsesi.org\/index.php\/wp-json\/wp\/v2\/posts"}],"about":[{"href":"https:\/\/kuzeyinsesi.org\/index.php\/wp-json\/wp\/v2\/types\/post"}],"author":[{"embeddable":true,"href":"https:\/\/kuzeyinsesi.org\/index.php\/wp-json\/wp\/v2\/users\/1"}],"replies":[{"embeddable":true,"href":"https:\/\/kuzeyinsesi.org\/index.php\/wp-json\/wp\/v2\/comments?post=17903"}],"version-history":[{"count":0,"href":"https:\/\/kuzeyinsesi.org\/index.php\/wp-json\/wp\/v2\/posts\/17903\/revisions"}],"wp:featuredmedia":[{"embeddable":true,"href":"https:\/\/kuzeyinsesi.org\/index.php\/wp-json\/wp\/v2\/media\/17904"}],"wp:attachment":[{"href":"https:\/\/kuzeyinsesi.org\/index.php\/wp-json\/wp\/v2\/media?parent=17903"}],"wp:term":[{"taxonomy":"category","embeddable":true,"href":"https:\/\/kuzeyinsesi.org\/index.php\/wp-json\/wp\/v2\/categories?post=17903"},{"taxonomy":"post_tag","embeddable":true,"href":"https:\/\/kuzeyinsesi.org\/index.php\/wp-json\/wp\/v2\/tags?post=17903"}],"curies":[{"name":"wp","href":"https:\/\/api.w.org\/{rel}","templated":true}]}}