{"id":1790,"date":"2024-05-09T10:14:08","date_gmt":"2024-05-09T07:14:08","guid":{"rendered":"https:\/\/kuzeyinsesi.com\/index.php\/2024\/05\/09\/bellapais-ilkbahar-muzik-festivali-lbo-nefesli-dortlusu-ve-perkusyon-konseri-ile-devam-ediyor\/"},"modified":"2024-05-09T10:14:08","modified_gmt":"2024-05-09T07:14:08","slug":"bellapais-ilkbahar-muzik-festivali-lbo-nefesli-dortlusu-ve-perkusyon-konseri-ile-devam-ediyor","status":"publish","type":"post","link":"https:\/\/kuzeyinsesi.org\/index.php\/2024\/05\/09\/bellapais-ilkbahar-muzik-festivali-lbo-nefesli-dortlusu-ve-perkusyon-konseri-ile-devam-ediyor\/","title":{"rendered":"Bellapais \u0130lkbahar M\u00fczik Festivali LBO Nefesli D\u00f6rtl\u00fcs\u00fc ve Perk\u00fcsyon konseri ile devam ediyor"},"content":{"rendered":"<div>\n<div class=\"mariselle-image-container center\">\n                                            <\/div>\n<p>Kuzey K\u0131br\u0131s M\u00fczik Derne\u011fi\u2019nin bu y\u0131l 19.sunu d\u00fczenledi\u011fi Uluslararas\u0131 Bellapais \u0130lkbahar M\u00fczik Festivali\u2019nde yar\u0131n LBO Woodwind Quartet &amp; Percussion konseri yer alacak.<\/p>\n<p>Bellapais Manast\u0131r\u0131\u2019nda saat 20.00\u2019 de ba\u015flayacak ve LBO Sanat\u00e7\u0131lar\u0131ndan; M\u00fcnevver Sakar (Fl\u00fct), \u00c7a\u011f\u0131n Dostel (Obua), Ebru Pendakomolu (Klarnet), Ali Suyolcu (Fagot) ve Oytun K\u00fcsk\u00fc (Perk\u00fcsyo) yer alacaklar\u0131 konserde \u201c\u0130spanyol Melodilerinden Se\u00e7kiler\u201d ba\u015fl\u0131\u011f\u0131 ile Albeniz\u2019 in Espa\u00f1a Op.165 No.2 \u201cTango\u201d, Suite Espa\u00f1ola, Op.47, No.4 \u201cC\u00e1diz\u201d, Mallorca \u201cBarcarole\u201d, Suite Espa\u00f1ole, Op.47 No.3 \u201cSevilla\u201d, Granados\u2019 un Danza Espagnola No.2 \u201cOriental\u201d, Tchaikovsky\u2019 nin Swan Lake No.21 \u201cDanse Espagnole\u201d, Bizet\u2019 in Selections from Carmen, Chovi\u2019 nin Pepita Greus, Narro\u2019 nun Espana Cani ve Penella\u2019 n\u0131n El Gato Mont\u00e9s eserlerini seslendirecek.<\/p>\n<p>Bu y\u0131lki festival Turizm ve K\u00fclt\u00fcr Bakanl\u0131\u011f\u0131, Deniz Plaza, Bellapais Gardens ve Kybele\u2019nin katk\u0131lar\u0131yla ger\u00e7ekle\u015ftirilecek ve 31 May\u0131s\u2019 a kadar s\u00fcrecek 11 farkl\u0131 konsere ev sahipli\u011fi yapacak.<\/p>\n<p>Konser Biletleri, Deniz Plazalardan, Bellapais Manast\u0131r\u0131 Bilet Ofisinden, Konser Giri\u015finden veya Online Bilet olarak biletfest.com dan al\u0131nabilecek.<\/p>\n<\/p><\/div>\n<p><script async\n                    defer\n                    crossorigin=\"anonymous\"\n                    src=\"https:\/\/connect.facebook.net\/tr_TR\/sdk.js#xfbml=1&#038;version=v3.3\"\n            ><\/script><\/p>\n","protected":false},"excerpt":{"rendered":"<p>Kuzey K\u0131br\u0131s M\u00fczik Derne\u011fi\u2019nin bu y\u0131l 19.sunu d\u00fczenledi\u011fi Uluslararas\u0131 Bellapais \u0130lkbahar M\u00fczik Festivali\u2019nde yar\u0131n LBO Woodwind Quartet &amp; Percussion konseri yer alacak. Bellapais Manast\u0131r\u0131\u2019nda saat 20.00\u2019 de ba\u015flayacak ve LBO Sanat\u00e7\u0131lar\u0131ndan; M\u00fcnevver Sakar (Fl\u00fct), \u00c7a\u011f\u0131n Dostel (Obua), Ebru Pendakomolu (Klarnet), Ali Suyolcu (Fagot) ve Oytun K\u00fcsk\u00fc (Perk\u00fcsyo) yer alacaklar\u0131 konserde \u201c\u0130spanyol Melodilerinden Se\u00e7kiler\u201d ba\u015fl\u0131\u011f\u0131 ile [&hellip;]<\/p>\n","protected":false},"author":1,"featured_media":1791,"comment_status":"open","ping_status":"open","sticky":false,"template":"","format":"standard","meta":{"jnews-multi-image_gallery":[],"jnews_single_post":[],"jnews_primary_category":[],"jnews_social_meta":[],"jnews_override_counter":[],"footnotes":""},"categories":[6],"tags":[],"class_list":["post-1790","post","type-post","status-publish","format-standard","has-post-thumbnail","hentry","category-yasam"],"yoast_head":"<!-- This site is optimized with the Yoast SEO plugin v27.5 - https:\/\/yoast.com\/product\/yoast-seo-wordpress\/ -->\n<title>Bellapais \u0130lkbahar M\u00fczik Festivali LBO Nefesli D\u00f6rtl\u00fcs\u00fc ve Perk\u00fcsyon konseri ile devam ediyor - Kuzeyin Sesi<\/title>\n<meta name=\"robots\" content=\"index, follow, max-snippet:-1, max-image-preview:large, max-video-preview:-1\" \/>\n<link rel=\"canonical\" href=\"https:\/\/kuzeyinsesi.org\/index.php\/2024\/05\/09\/bellapais-ilkbahar-muzik-festivali-lbo-nefesli-dortlusu-ve-perkusyon-konseri-ile-devam-ediyor\/\" \/>\n<meta property=\"og:locale\" content=\"tr_TR\" \/>\n<meta property=\"og:type\" content=\"article\" \/>\n<meta property=\"og:title\" content=\"Bellapais \u0130lkbahar M\u00fczik Festivali LBO Nefesli D\u00f6rtl\u00fcs\u00fc ve Perk\u00fcsyon konseri ile devam ediyor - Kuzeyin Sesi\" \/>\n<meta property=\"og:description\" content=\"Kuzey K\u0131br\u0131s M\u00fczik Derne\u011fi\u2019nin bu y\u0131l 19.sunu d\u00fczenledi\u011fi Uluslararas\u0131 Bellapais \u0130lkbahar M\u00fczik Festivali\u2019nde yar\u0131n LBO Woodwind Quartet &amp; Percussion konseri yer alacak. Bellapais Manast\u0131r\u0131\u2019nda saat 20.00\u2019 de ba\u015flayacak ve LBO Sanat\u00e7\u0131lar\u0131ndan; M\u00fcnevver Sakar (Fl\u00fct), \u00c7a\u011f\u0131n Dostel (Obua), Ebru Pendakomolu (Klarnet), Ali Suyolcu (Fagot) ve Oytun K\u00fcsk\u00fc (Perk\u00fcsyo) yer alacaklar\u0131 konserde \u201c\u0130spanyol Melodilerinden Se\u00e7kiler\u201d ba\u015fl\u0131\u011f\u0131 ile [&hellip;]\" \/>\n<meta property=\"og:url\" content=\"https:\/\/kuzeyinsesi.org\/index.php\/2024\/05\/09\/bellapais-ilkbahar-muzik-festivali-lbo-nefesli-dortlusu-ve-perkusyon-konseri-ile-devam-ediyor\/\" \/>\n<meta property=\"og:site_name\" content=\"Kuzeyin Sesi\" \/>\n<meta property=\"article:publisher\" content=\"https:\/\/www.facebook.com\/kuzeyinsesii\" \/>\n<meta property=\"article:published_time\" content=\"2024-05-09T07:14:08+00:00\" \/>\n<meta property=\"og:image\" content=\"https:\/\/kuzeyinsesi.org\/wp-content\/uploads\/2024\/05\/aoidpai.jpg\" \/>\n\t<meta property=\"og:image:width\" content=\"1080\" \/>\n\t<meta property=\"og:image:height\" content=\"565\" \/>\n\t<meta property=\"og:image:type\" content=\"image\/jpeg\" \/>\n<meta name=\"author\" content=\"Kuzeyin Sesi\" \/>\n<meta name=\"twitter:card\" content=\"summary_large_image\" \/>\n<meta name=\"twitter:creator\" content=\"@kuzeyinsesii\" \/>\n<meta name=\"twitter:site\" content=\"@kuzeyinsesii\" \/>\n<meta name=\"twitter:label1\" content=\"Yazan:\" \/>\n\t<meta name=\"twitter:data1\" content=\"Kuzeyin Sesi\" \/>\n\t<meta name=\"twitter:label2\" content=\"Tahmini okuma s\u00fcresi\" \/>\n\t<meta name=\"twitter:data2\" content=\"1 dakika\" \/>\n<script type=\"application\/ld+json\" class=\"yoast-schema-graph\">{\"@context\":\"https:\\\/\\\/schema.org\",\"@graph\":[{\"@type\":\"Article\",\"@id\":\"https:\\\/\\\/kuzeyinsesi.org\\\/index.php\\\/2024\\\/05\\\/09\\\/bellapais-ilkbahar-muzik-festivali-lbo-nefesli-dortlusu-ve-perkusyon-konseri-ile-devam-ediyor\\\/#article\",\"isPartOf\":{\"@id\":\"https:\\\/\\\/kuzeyinsesi.org\\\/index.php\\\/2024\\\/05\\\/09\\\/bellapais-ilkbahar-muzik-festivali-lbo-nefesli-dortlusu-ve-perkusyon-konseri-ile-devam-ediyor\\\/\"},\"author\":{\"name\":\"Kuzeyin Sesi\",\"@id\":\"https:\\\/\\\/kuzeyinsesi.org\\\/#\\\/schema\\\/person\\\/9f859689cdf01485597712386e37f5aa\"},\"headline\":\"Bellapais \u0130lkbahar M\u00fczik Festivali LBO Nefesli D\u00f6rtl\u00fcs\u00fc ve Perk\u00fcsyon konseri ile devam ediyor\",\"datePublished\":\"2024-05-09T07:14:08+00:00\",\"mainEntityOfPage\":{\"@id\":\"https:\\\/\\\/kuzeyinsesi.org\\\/index.php\\\/2024\\\/05\\\/09\\\/bellapais-ilkbahar-muzik-festivali-lbo-nefesli-dortlusu-ve-perkusyon-konseri-ile-devam-ediyor\\\/\"},\"wordCount\":209,\"commentCount\":0,\"image\":{\"@id\":\"https:\\\/\\\/kuzeyinsesi.org\\\/index.php\\\/2024\\\/05\\\/09\\\/bellapais-ilkbahar-muzik-festivali-lbo-nefesli-dortlusu-ve-perkusyon-konseri-ile-devam-ediyor\\\/#primaryimage\"},\"thumbnailUrl\":\"https:\\\/\\\/kuzeyinsesi.org\\\/wp-content\\\/uploads\\\/2024\\\/05\\\/aoidpai.jpg\",\"articleSection\":[\"Ya\u015fam\"],\"inLanguage\":\"tr\",\"potentialAction\":[{\"@type\":\"CommentAction\",\"name\":\"Comment\",\"target\":[\"https:\\\/\\\/kuzeyinsesi.org\\\/index.php\\\/2024\\\/05\\\/09\\\/bellapais-ilkbahar-muzik-festivali-lbo-nefesli-dortlusu-ve-perkusyon-konseri-ile-devam-ediyor\\\/#respond\"]}]},{\"@type\":\"WebPage\",\"@id\":\"https:\\\/\\\/kuzeyinsesi.org\\\/index.php\\\/2024\\\/05\\\/09\\\/bellapais-ilkbahar-muzik-festivali-lbo-nefesli-dortlusu-ve-perkusyon-konseri-ile-devam-ediyor\\\/\",\"url\":\"https:\\\/\\\/kuzeyinsesi.org\\\/index.php\\\/2024\\\/05\\\/09\\\/bellapais-ilkbahar-muzik-festivali-lbo-nefesli-dortlusu-ve-perkusyon-konseri-ile-devam-ediyor\\\/\",\"name\":\"Bellapais \u0130lkbahar M\u00fczik Festivali LBO Nefesli D\u00f6rtl\u00fcs\u00fc ve Perk\u00fcsyon konseri ile devam ediyor - Kuzeyin Sesi\",\"isPartOf\":{\"@id\":\"https:\\\/\\\/kuzeyinsesi.org\\\/#website\"},\"primaryImageOfPage\":{\"@id\":\"https:\\\/\\\/kuzeyinsesi.org\\\/index.php\\\/2024\\\/05\\\/09\\\/bellapais-ilkbahar-muzik-festivali-lbo-nefesli-dortlusu-ve-perkusyon-konseri-ile-devam-ediyor\\\/#primaryimage\"},\"image\":{\"@id\":\"https:\\\/\\\/kuzeyinsesi.org\\\/index.php\\\/2024\\\/05\\\/09\\\/bellapais-ilkbahar-muzik-festivali-lbo-nefesli-dortlusu-ve-perkusyon-konseri-ile-devam-ediyor\\\/#primaryimage\"},\"thumbnailUrl\":\"https:\\\/\\\/kuzeyinsesi.org\\\/wp-content\\\/uploads\\\/2024\\\/05\\\/aoidpai.jpg\",\"datePublished\":\"2024-05-09T07:14:08+00:00\",\"author\":{\"@id\":\"https:\\\/\\\/kuzeyinsesi.org\\\/#\\\/schema\\\/person\\\/9f859689cdf01485597712386e37f5aa\"},\"breadcrumb\":{\"@id\":\"https:\\\/\\\/kuzeyinsesi.org\\\/index.php\\\/2024\\\/05\\\/09\\\/bellapais-ilkbahar-muzik-festivali-lbo-nefesli-dortlusu-ve-perkusyon-konseri-ile-devam-ediyor\\\/#breadcrumb\"},\"inLanguage\":\"tr\",\"potentialAction\":[{\"@type\":\"ReadAction\",\"target\":[\"https:\\\/\\\/kuzeyinsesi.org\\\/index.php\\\/2024\\\/05\\\/09\\\/bellapais-ilkbahar-muzik-festivali-lbo-nefesli-dortlusu-ve-perkusyon-konseri-ile-devam-ediyor\\\/\"]}]},{\"@type\":\"ImageObject\",\"inLanguage\":\"tr\",\"@id\":\"https:\\\/\\\/kuzeyinsesi.org\\\/index.php\\\/2024\\\/05\\\/09\\\/bellapais-ilkbahar-muzik-festivali-lbo-nefesli-dortlusu-ve-perkusyon-konseri-ile-devam-ediyor\\\/#primaryimage\",\"url\":\"https:\\\/\\\/kuzeyinsesi.org\\\/wp-content\\\/uploads\\\/2024\\\/05\\\/aoidpai.jpg\",\"contentUrl\":\"https:\\\/\\\/kuzeyinsesi.org\\\/wp-content\\\/uploads\\\/2024\\\/05\\\/aoidpai.jpg\",\"width\":1080,\"height\":565},{\"@type\":\"BreadcrumbList\",\"@id\":\"https:\\\/\\\/kuzeyinsesi.org\\\/index.php\\\/2024\\\/05\\\/09\\\/bellapais-ilkbahar-muzik-festivali-lbo-nefesli-dortlusu-ve-perkusyon-konseri-ile-devam-ediyor\\\/#breadcrumb\",\"itemListElement\":[{\"@type\":\"ListItem\",\"position\":1,\"name\":\"Anasayfa\",\"item\":\"https:\\\/\\\/kuzeyinsesi.org\\\/\"},{\"@type\":\"ListItem\",\"position\":2,\"name\":\"Bellapais \u0130lkbahar M\u00fczik Festivali LBO Nefesli D\u00f6rtl\u00fcs\u00fc ve Perk\u00fcsyon konseri ile devam ediyor\"}]},{\"@type\":\"WebSite\",\"@id\":\"https:\\\/\\\/kuzeyinsesi.org\\\/#website\",\"url\":\"https:\\\/\\\/kuzeyinsesi.org\\\/\",\"name\":\"Kuzeyin Sesi\",\"description\":\"Do\u011fru Haberin Adresi\",\"potentialAction\":[{\"@type\":\"SearchAction\",\"target\":{\"@type\":\"EntryPoint\",\"urlTemplate\":\"https:\\\/\\\/kuzeyinsesi.org\\\/?s={search_term_string}\"},\"query-input\":{\"@type\":\"PropertyValueSpecification\",\"valueRequired\":true,\"valueName\":\"search_term_string\"}}],\"inLanguage\":\"tr\"},{\"@type\":\"Person\",\"@id\":\"https:\\\/\\\/kuzeyinsesi.org\\\/#\\\/schema\\\/person\\\/9f859689cdf01485597712386e37f5aa\",\"name\":\"Kuzeyin Sesi\",\"image\":{\"@type\":\"ImageObject\",\"inLanguage\":\"tr\",\"@id\":\"https:\\\/\\\/secure.gravatar.com\\\/avatar\\\/bab33852abfd8b282518d6ed81826833d77c3c882d9ab608add591ccace47a44?s=96&d=mm&r=g\",\"url\":\"https:\\\/\\\/secure.gravatar.com\\\/avatar\\\/bab33852abfd8b282518d6ed81826833d77c3c882d9ab608add591ccace47a44?s=96&d=mm&r=g\",\"contentUrl\":\"https:\\\/\\\/secure.gravatar.com\\\/avatar\\\/bab33852abfd8b282518d6ed81826833d77c3c882d9ab608add591ccace47a44?s=96&d=mm&r=g\",\"caption\":\"Kuzeyin Sesi\"},\"sameAs\":[\"https:\\\/\\\/kuzeyinsesi.org\"],\"url\":\"https:\\\/\\\/kuzeyinsesi.org\\\/index.php\\\/author\\\/guven\\\/\"}]}<\/script>\n<!-- \/ Yoast SEO plugin. -->","yoast_head_json":{"title":"Bellapais \u0130lkbahar M\u00fczik Festivali LBO Nefesli D\u00f6rtl\u00fcs\u00fc ve Perk\u00fcsyon konseri ile devam ediyor - Kuzeyin Sesi","robots":{"index":"index","follow":"follow","max-snippet":"max-snippet:-1","max-image-preview":"max-image-preview:large","max-video-preview":"max-video-preview:-1"},"canonical":"https:\/\/kuzeyinsesi.org\/index.php\/2024\/05\/09\/bellapais-ilkbahar-muzik-festivali-lbo-nefesli-dortlusu-ve-perkusyon-konseri-ile-devam-ediyor\/","og_locale":"tr_TR","og_type":"article","og_title":"Bellapais \u0130lkbahar M\u00fczik Festivali LBO Nefesli D\u00f6rtl\u00fcs\u00fc ve Perk\u00fcsyon konseri ile devam ediyor - Kuzeyin Sesi","og_description":"Kuzey K\u0131br\u0131s M\u00fczik Derne\u011fi\u2019nin bu y\u0131l 19.sunu d\u00fczenledi\u011fi Uluslararas\u0131 Bellapais \u0130lkbahar M\u00fczik Festivali\u2019nde yar\u0131n LBO Woodwind Quartet &amp; Percussion konseri yer alacak. Bellapais Manast\u0131r\u0131\u2019nda saat 20.00\u2019 de ba\u015flayacak ve LBO Sanat\u00e7\u0131lar\u0131ndan; M\u00fcnevver Sakar (Fl\u00fct), \u00c7a\u011f\u0131n Dostel (Obua), Ebru Pendakomolu (Klarnet), Ali Suyolcu (Fagot) ve Oytun K\u00fcsk\u00fc (Perk\u00fcsyo) yer alacaklar\u0131 konserde \u201c\u0130spanyol Melodilerinden Se\u00e7kiler\u201d ba\u015fl\u0131\u011f\u0131 ile [&hellip;]","og_url":"https:\/\/kuzeyinsesi.org\/index.php\/2024\/05\/09\/bellapais-ilkbahar-muzik-festivali-lbo-nefesli-dortlusu-ve-perkusyon-konseri-ile-devam-ediyor\/","og_site_name":"Kuzeyin Sesi","article_publisher":"https:\/\/www.facebook.com\/kuzeyinsesii","article_published_time":"2024-05-09T07:14:08+00:00","og_image":[{"width":1080,"height":565,"url":"https:\/\/kuzeyinsesi.org\/wp-content\/uploads\/2024\/05\/aoidpai.jpg","type":"image\/jpeg"}],"author":"Kuzeyin Sesi","twitter_card":"summary_large_image","twitter_creator":"@kuzeyinsesii","twitter_site":"@kuzeyinsesii","twitter_misc":{"Yazan:":"Kuzeyin Sesi","Tahmini okuma s\u00fcresi":"1 dakika"},"schema":{"@context":"https:\/\/schema.org","@graph":[{"@type":"Article","@id":"https:\/\/kuzeyinsesi.org\/index.php\/2024\/05\/09\/bellapais-ilkbahar-muzik-festivali-lbo-nefesli-dortlusu-ve-perkusyon-konseri-ile-devam-ediyor\/#article","isPartOf":{"@id":"https:\/\/kuzeyinsesi.org\/index.php\/2024\/05\/09\/bellapais-ilkbahar-muzik-festivali-lbo-nefesli-dortlusu-ve-perkusyon-konseri-ile-devam-ediyor\/"},"author":{"name":"Kuzeyin Sesi","@id":"https:\/\/kuzeyinsesi.org\/#\/schema\/person\/9f859689cdf01485597712386e37f5aa"},"headline":"Bellapais \u0130lkbahar M\u00fczik Festivali LBO Nefesli D\u00f6rtl\u00fcs\u00fc ve Perk\u00fcsyon konseri ile devam ediyor","datePublished":"2024-05-09T07:14:08+00:00","mainEntityOfPage":{"@id":"https:\/\/kuzeyinsesi.org\/index.php\/2024\/05\/09\/bellapais-ilkbahar-muzik-festivali-lbo-nefesli-dortlusu-ve-perkusyon-konseri-ile-devam-ediyor\/"},"wordCount":209,"commentCount":0,"image":{"@id":"https:\/\/kuzeyinsesi.org\/index.php\/2024\/05\/09\/bellapais-ilkbahar-muzik-festivali-lbo-nefesli-dortlusu-ve-perkusyon-konseri-ile-devam-ediyor\/#primaryimage"},"thumbnailUrl":"https:\/\/kuzeyinsesi.org\/wp-content\/uploads\/2024\/05\/aoidpai.jpg","articleSection":["Ya\u015fam"],"inLanguage":"tr","potentialAction":[{"@type":"CommentAction","name":"Comment","target":["https:\/\/kuzeyinsesi.org\/index.php\/2024\/05\/09\/bellapais-ilkbahar-muzik-festivali-lbo-nefesli-dortlusu-ve-perkusyon-konseri-ile-devam-ediyor\/#respond"]}]},{"@type":"WebPage","@id":"https:\/\/kuzeyinsesi.org\/index.php\/2024\/05\/09\/bellapais-ilkbahar-muzik-festivali-lbo-nefesli-dortlusu-ve-perkusyon-konseri-ile-devam-ediyor\/","url":"https:\/\/kuzeyinsesi.org\/index.php\/2024\/05\/09\/bellapais-ilkbahar-muzik-festivali-lbo-nefesli-dortlusu-ve-perkusyon-konseri-ile-devam-ediyor\/","name":"Bellapais \u0130lkbahar M\u00fczik Festivali LBO Nefesli D\u00f6rtl\u00fcs\u00fc ve Perk\u00fcsyon konseri ile devam ediyor - Kuzeyin Sesi","isPartOf":{"@id":"https:\/\/kuzeyinsesi.org\/#website"},"primaryImageOfPage":{"@id":"https:\/\/kuzeyinsesi.org\/index.php\/2024\/05\/09\/bellapais-ilkbahar-muzik-festivali-lbo-nefesli-dortlusu-ve-perkusyon-konseri-ile-devam-ediyor\/#primaryimage"},"image":{"@id":"https:\/\/kuzeyinsesi.org\/index.php\/2024\/05\/09\/bellapais-ilkbahar-muzik-festivali-lbo-nefesli-dortlusu-ve-perkusyon-konseri-ile-devam-ediyor\/#primaryimage"},"thumbnailUrl":"https:\/\/kuzeyinsesi.org\/wp-content\/uploads\/2024\/05\/aoidpai.jpg","datePublished":"2024-05-09T07:14:08+00:00","author":{"@id":"https:\/\/kuzeyinsesi.org\/#\/schema\/person\/9f859689cdf01485597712386e37f5aa"},"breadcrumb":{"@id":"https:\/\/kuzeyinsesi.org\/index.php\/2024\/05\/09\/bellapais-ilkbahar-muzik-festivali-lbo-nefesli-dortlusu-ve-perkusyon-konseri-ile-devam-ediyor\/#breadcrumb"},"inLanguage":"tr","potentialAction":[{"@type":"ReadAction","target":["https:\/\/kuzeyinsesi.org\/index.php\/2024\/05\/09\/bellapais-ilkbahar-muzik-festivali-lbo-nefesli-dortlusu-ve-perkusyon-konseri-ile-devam-ediyor\/"]}]},{"@type":"ImageObject","inLanguage":"tr","@id":"https:\/\/kuzeyinsesi.org\/index.php\/2024\/05\/09\/bellapais-ilkbahar-muzik-festivali-lbo-nefesli-dortlusu-ve-perkusyon-konseri-ile-devam-ediyor\/#primaryimage","url":"https:\/\/kuzeyinsesi.org\/wp-content\/uploads\/2024\/05\/aoidpai.jpg","contentUrl":"https:\/\/kuzeyinsesi.org\/wp-content\/uploads\/2024\/05\/aoidpai.jpg","width":1080,"height":565},{"@type":"BreadcrumbList","@id":"https:\/\/kuzeyinsesi.org\/index.php\/2024\/05\/09\/bellapais-ilkbahar-muzik-festivali-lbo-nefesli-dortlusu-ve-perkusyon-konseri-ile-devam-ediyor\/#breadcrumb","itemListElement":[{"@type":"ListItem","position":1,"name":"Anasayfa","item":"https:\/\/kuzeyinsesi.org\/"},{"@type":"ListItem","position":2,"name":"Bellapais \u0130lkbahar M\u00fczik Festivali LBO Nefesli D\u00f6rtl\u00fcs\u00fc ve Perk\u00fcsyon konseri ile devam ediyor"}]},{"@type":"WebSite","@id":"https:\/\/kuzeyinsesi.org\/#website","url":"https:\/\/kuzeyinsesi.org\/","name":"Kuzeyin Sesi","description":"Do\u011fru Haberin Adresi","potentialAction":[{"@type":"SearchAction","target":{"@type":"EntryPoint","urlTemplate":"https:\/\/kuzeyinsesi.org\/?s={search_term_string}"},"query-input":{"@type":"PropertyValueSpecification","valueRequired":true,"valueName":"search_term_string"}}],"inLanguage":"tr"},{"@type":"Person","@id":"https:\/\/kuzeyinsesi.org\/#\/schema\/person\/9f859689cdf01485597712386e37f5aa","name":"Kuzeyin Sesi","image":{"@type":"ImageObject","inLanguage":"tr","@id":"https:\/\/secure.gravatar.com\/avatar\/bab33852abfd8b282518d6ed81826833d77c3c882d9ab608add591ccace47a44?s=96&d=mm&r=g","url":"https:\/\/secure.gravatar.com\/avatar\/bab33852abfd8b282518d6ed81826833d77c3c882d9ab608add591ccace47a44?s=96&d=mm&r=g","contentUrl":"https:\/\/secure.gravatar.com\/avatar\/bab33852abfd8b282518d6ed81826833d77c3c882d9ab608add591ccace47a44?s=96&d=mm&r=g","caption":"Kuzeyin Sesi"},"sameAs":["https:\/\/kuzeyinsesi.org"],"url":"https:\/\/kuzeyinsesi.org\/index.php\/author\/guven\/"}]}},"_links":{"self":[{"href":"https:\/\/kuzeyinsesi.org\/index.php\/wp-json\/wp\/v2\/posts\/1790","targetHints":{"allow":["GET"]}}],"collection":[{"href":"https:\/\/kuzeyinsesi.org\/index.php\/wp-json\/wp\/v2\/posts"}],"about":[{"href":"https:\/\/kuzeyinsesi.org\/index.php\/wp-json\/wp\/v2\/types\/post"}],"author":[{"embeddable":true,"href":"https:\/\/kuzeyinsesi.org\/index.php\/wp-json\/wp\/v2\/users\/1"}],"replies":[{"embeddable":true,"href":"https:\/\/kuzeyinsesi.org\/index.php\/wp-json\/wp\/v2\/comments?post=1790"}],"version-history":[{"count":0,"href":"https:\/\/kuzeyinsesi.org\/index.php\/wp-json\/wp\/v2\/posts\/1790\/revisions"}],"wp:featuredmedia":[{"embeddable":true,"href":"https:\/\/kuzeyinsesi.org\/index.php\/wp-json\/wp\/v2\/media\/1791"}],"wp:attachment":[{"href":"https:\/\/kuzeyinsesi.org\/index.php\/wp-json\/wp\/v2\/media?parent=1790"}],"wp:term":[{"taxonomy":"category","embeddable":true,"href":"https:\/\/kuzeyinsesi.org\/index.php\/wp-json\/wp\/v2\/categories?post=1790"},{"taxonomy":"post_tag","embeddable":true,"href":"https:\/\/kuzeyinsesi.org\/index.php\/wp-json\/wp\/v2\/tags?post=1790"}],"curies":[{"name":"wp","href":"https:\/\/api.w.org\/{rel}","templated":true}]}}