{"id":17891,"date":"2025-01-24T13:55:29","date_gmt":"2025-01-24T11:55:29","guid":{"rendered":"https:\/\/kuzeyinsesi.org\/index.php\/2025\/01\/24\/kirmizi-adli-karma-sergi-31-ocaka-kadar-uzatildi\/"},"modified":"2025-01-24T13:55:29","modified_gmt":"2025-01-24T11:55:29","slug":"kirmizi-adli-karma-sergi-31-ocaka-kadar-uzatildi","status":"publish","type":"post","link":"https:\/\/kuzeyinsesi.org\/index.php\/2025\/01\/24\/kirmizi-adli-karma-sergi-31-ocaka-kadar-uzatildi\/","title":{"rendered":"\u201cK\u0131rm\u0131z\u0131\u201d adl\u0131 karma sergi 31 Ocak\u2019a kadar uzat\u0131ld\u0131"},"content":{"rendered":"<div>\n<div class=\"mariselle-image-container none\">\n                                            <\/div>\n<p style=\"font-weight: 300;\"><span style=\"font-weight: 300 !important;\">Mevhibe &amp; Mustafa Ba\u015fman Vakf\u0131 sponsorlu\u011funda, Ayhatun Ate\u015fin k\u00fcrat\u00f6rl\u00fc\u011f\u00fcndeki \u201cK\u0131rm\u0131z\u0131\u201d konseptli uluslararas\u0131 karma sergi 31 Ocak\u2019a kadar uzat\u0131ld\u0131.<\/span><\/p>\n<p style=\"font-weight: 300;\"><span style=\"font-weight: 300 !important;\">Verilen bilgiye g\u00f6re, Bayrak Radyo Televizyon Kurumu (BRTK) ev sahipli\u011findeki sergide, Ezgi Yemenicio\u011flu Negir, G\u00fcliz Baydemir Katkar, Umut Germe\u00e7, Mine Okur, G\u00f6khan Okur, Erdal Aygen\u00e7, Raif K\u0131z\u0131l, Rana Amrahova, Nurseren Tor, Kemal Beh\u00e7et Caymaz, Mustafa Bat\u0131beniz, Mete Hatay, Ceyhan \u00d6zy\u0131ld\u0131z, Vedia Okutan Gaydeler, Evrim Erg\u00fcn, Sinem K\u0131l\u0131n\u00e7, Mert K\u0131l\u0131n\u00e7, Kaan Canduran, Soner Pilge, H\u00fcseyin \u00d6z\u00e7elik, Kadir Sevim, K\u00fcbra Nur G\u00fcven, Ali Asgar \u00c7akmakc\u0131, \u0130smail G\u00f6k\u00e7e ve Ayhatun Ate\u015fin\u2019in \u00e7al\u0131\u015fmalar\u0131 sunuluyor.<\/span><\/p>\n<p style=\"font-weight: 300;\"><span style=\"font-weight: 300 !important;\">Sergide, \u201cK\u0131rm\u0131z\u0131\u201d rengin dinamizminden ilham al\u0131narak, olu\u015fturulan eserler yer al\u0131yor.<\/span><\/p>\n<p style=\"font-weight: 300;\"><span style=\"font-weight: 300 !important;\">Ayhatun Ate\u015fin konuyla ilgili a\u00e7\u0131klamas\u0131nda, 25 sanat\u00e7\u0131n\u0131n yarat\u0131c\u0131 ve cesur yakla\u015f\u0131mlar\u0131yla \u015fekillenen serginin, yaln\u0131zca estetik bir deneyim sunmakla kalmad\u0131\u011f\u0131n\u0131 ayn\u0131 zamanda ger\u00e7eklerle y\u00fczle\u015fme cesareti de a\u015f\u0131lad\u0131\u011f\u0131n\u0131 belirterek, serginin mutlak izlenmesi gerekti\u011fini kaydetti.<\/span><\/p>\n<p>\u00a0<\/p>\n<\/p><\/div>\n<p><script async\n                    defer\n                    crossorigin=\"anonymous\"\n                    src=\"https:\/\/connect.facebook.net\/tr_TR\/sdk.js#xfbml=1&#038;version=v3.3\"\n            ><\/script><\/p>\n","protected":false},"excerpt":{"rendered":"<p>Mevhibe &amp; Mustafa Ba\u015fman Vakf\u0131 sponsorlu\u011funda, Ayhatun Ate\u015fin k\u00fcrat\u00f6rl\u00fc\u011f\u00fcndeki \u201cK\u0131rm\u0131z\u0131\u201d konseptli uluslararas\u0131 karma sergi 31 Ocak\u2019a kadar uzat\u0131ld\u0131. Verilen bilgiye g\u00f6re, Bayrak Radyo Televizyon Kurumu (BRTK) ev sahipli\u011findeki sergide, Ezgi Yemenicio\u011flu Negir, G\u00fcliz Baydemir Katkar, Umut Germe\u00e7, Mine Okur, G\u00f6khan Okur, Erdal Aygen\u00e7, Raif K\u0131z\u0131l, Rana Amrahova, Nurseren Tor, Kemal Beh\u00e7et Caymaz, Mustafa Bat\u0131beniz, Mete [&hellip;]<\/p>\n","protected":false},"author":1,"featured_media":17892,"comment_status":"open","ping_status":"open","sticky":false,"template":"","format":"standard","meta":{"jnews-multi-image_gallery":[],"jnews_single_post":[],"jnews_primary_category":[],"jnews_social_meta":[],"jnews_override_counter":[],"footnotes":""},"categories":[6],"tags":[],"class_list":["post-17891","post","type-post","status-publish","format-standard","has-post-thumbnail","hentry","category-yasam"],"yoast_head":"<!-- This site is optimized with the Yoast SEO plugin v27.4 - https:\/\/yoast.com\/product\/yoast-seo-wordpress\/ -->\n<title>\u201cK\u0131rm\u0131z\u0131\u201d adl\u0131 karma sergi 31 Ocak\u2019a kadar uzat\u0131ld\u0131 - Kuzeyin Sesi<\/title>\n<meta name=\"robots\" content=\"index, follow, max-snippet:-1, max-image-preview:large, max-video-preview:-1\" \/>\n<link rel=\"canonical\" href=\"https:\/\/kuzeyinsesi.org\/index.php\/2025\/01\/24\/kirmizi-adli-karma-sergi-31-ocaka-kadar-uzatildi\/\" \/>\n<meta property=\"og:locale\" content=\"tr_TR\" \/>\n<meta property=\"og:type\" content=\"article\" \/>\n<meta property=\"og:title\" content=\"\u201cK\u0131rm\u0131z\u0131\u201d adl\u0131 karma sergi 31 Ocak\u2019a kadar uzat\u0131ld\u0131 - Kuzeyin Sesi\" \/>\n<meta property=\"og:description\" content=\"Mevhibe &amp; Mustafa Ba\u015fman Vakf\u0131 sponsorlu\u011funda, Ayhatun Ate\u015fin k\u00fcrat\u00f6rl\u00fc\u011f\u00fcndeki \u201cK\u0131rm\u0131z\u0131\u201d konseptli uluslararas\u0131 karma sergi 31 Ocak\u2019a kadar uzat\u0131ld\u0131. Verilen bilgiye g\u00f6re, Bayrak Radyo Televizyon Kurumu (BRTK) ev sahipli\u011findeki sergide, Ezgi Yemenicio\u011flu Negir, G\u00fcliz Baydemir Katkar, Umut Germe\u00e7, Mine Okur, G\u00f6khan Okur, Erdal Aygen\u00e7, Raif K\u0131z\u0131l, Rana Amrahova, Nurseren Tor, Kemal Beh\u00e7et Caymaz, Mustafa Bat\u0131beniz, Mete [&hellip;]\" \/>\n<meta property=\"og:url\" content=\"https:\/\/kuzeyinsesi.org\/index.php\/2025\/01\/24\/kirmizi-adli-karma-sergi-31-ocaka-kadar-uzatildi\/\" \/>\n<meta property=\"og:site_name\" content=\"Kuzeyin Sesi\" \/>\n<meta property=\"article:publisher\" content=\"https:\/\/www.facebook.com\/kuzeyinsesii\" \/>\n<meta property=\"article:published_time\" content=\"2025-01-24T11:55:29+00:00\" \/>\n<meta property=\"og:image\" content=\"https:\/\/brtk.net\/wp-content\/uploads\/2025\/01\/24\/1737715064119ayhatun-sergi-1.jpeg?ver=91fad734b05a8856b54bc9fc93460893\" \/>\n<meta name=\"author\" content=\"Kuzeyin Sesi\" \/>\n<meta name=\"twitter:card\" content=\"summary_large_image\" \/>\n<meta name=\"twitter:creator\" content=\"@kuzeyinsesii\" \/>\n<meta name=\"twitter:site\" content=\"@kuzeyinsesii\" \/>\n<meta name=\"twitter:label1\" content=\"Yazan:\" \/>\n\t<meta name=\"twitter:data1\" content=\"Kuzeyin Sesi\" \/>\n\t<meta name=\"twitter:label2\" content=\"Tahmini okuma s\u00fcresi\" \/>\n\t<meta name=\"twitter:data2\" content=\"1 dakika\" \/>\n<script type=\"application\/ld+json\" class=\"yoast-schema-graph\">{\"@context\":\"https:\\\/\\\/schema.org\",\"@graph\":[{\"@type\":\"Article\",\"@id\":\"https:\\\/\\\/kuzeyinsesi.org\\\/index.php\\\/2025\\\/01\\\/24\\\/kirmizi-adli-karma-sergi-31-ocaka-kadar-uzatildi\\\/#article\",\"isPartOf\":{\"@id\":\"https:\\\/\\\/kuzeyinsesi.org\\\/index.php\\\/2025\\\/01\\\/24\\\/kirmizi-adli-karma-sergi-31-ocaka-kadar-uzatildi\\\/\"},\"author\":{\"name\":\"Kuzeyin Sesi\",\"@id\":\"https:\\\/\\\/kuzeyinsesi.org\\\/#\\\/schema\\\/person\\\/9f859689cdf01485597712386e37f5aa\"},\"headline\":\"\u201cK\u0131rm\u0131z\u0131\u201d adl\u0131 karma sergi 31 Ocak\u2019a kadar uzat\u0131ld\u0131\",\"datePublished\":\"2025-01-24T11:55:29+00:00\",\"mainEntityOfPage\":{\"@id\":\"https:\\\/\\\/kuzeyinsesi.org\\\/index.php\\\/2025\\\/01\\\/24\\\/kirmizi-adli-karma-sergi-31-ocaka-kadar-uzatildi\\\/\"},\"wordCount\":195,\"commentCount\":0,\"image\":{\"@id\":\"https:\\\/\\\/kuzeyinsesi.org\\\/index.php\\\/2025\\\/01\\\/24\\\/kirmizi-adli-karma-sergi-31-ocaka-kadar-uzatildi\\\/#primaryimage\"},\"thumbnailUrl\":\"https:\\\/\\\/kuzeyinsesi.org\\\/wp-content\\\/uploads\\\/2025\\\/01\\\/1737715064119ayhatun-sergi-1.jpeg\",\"articleSection\":[\"Ya\u015fam\"],\"inLanguage\":\"tr\",\"potentialAction\":[{\"@type\":\"CommentAction\",\"name\":\"Comment\",\"target\":[\"https:\\\/\\\/kuzeyinsesi.org\\\/index.php\\\/2025\\\/01\\\/24\\\/kirmizi-adli-karma-sergi-31-ocaka-kadar-uzatildi\\\/#respond\"]}]},{\"@type\":\"WebPage\",\"@id\":\"https:\\\/\\\/kuzeyinsesi.org\\\/index.php\\\/2025\\\/01\\\/24\\\/kirmizi-adli-karma-sergi-31-ocaka-kadar-uzatildi\\\/\",\"url\":\"https:\\\/\\\/kuzeyinsesi.org\\\/index.php\\\/2025\\\/01\\\/24\\\/kirmizi-adli-karma-sergi-31-ocaka-kadar-uzatildi\\\/\",\"name\":\"\u201cK\u0131rm\u0131z\u0131\u201d adl\u0131 karma sergi 31 Ocak\u2019a kadar uzat\u0131ld\u0131 - Kuzeyin Sesi\",\"isPartOf\":{\"@id\":\"https:\\\/\\\/kuzeyinsesi.org\\\/#website\"},\"primaryImageOfPage\":{\"@id\":\"https:\\\/\\\/kuzeyinsesi.org\\\/index.php\\\/2025\\\/01\\\/24\\\/kirmizi-adli-karma-sergi-31-ocaka-kadar-uzatildi\\\/#primaryimage\"},\"image\":{\"@id\":\"https:\\\/\\\/kuzeyinsesi.org\\\/index.php\\\/2025\\\/01\\\/24\\\/kirmizi-adli-karma-sergi-31-ocaka-kadar-uzatildi\\\/#primaryimage\"},\"thumbnailUrl\":\"https:\\\/\\\/kuzeyinsesi.org\\\/wp-content\\\/uploads\\\/2025\\\/01\\\/1737715064119ayhatun-sergi-1.jpeg\",\"datePublished\":\"2025-01-24T11:55:29+00:00\",\"author\":{\"@id\":\"https:\\\/\\\/kuzeyinsesi.org\\\/#\\\/schema\\\/person\\\/9f859689cdf01485597712386e37f5aa\"},\"breadcrumb\":{\"@id\":\"https:\\\/\\\/kuzeyinsesi.org\\\/index.php\\\/2025\\\/01\\\/24\\\/kirmizi-adli-karma-sergi-31-ocaka-kadar-uzatildi\\\/#breadcrumb\"},\"inLanguage\":\"tr\",\"potentialAction\":[{\"@type\":\"ReadAction\",\"target\":[\"https:\\\/\\\/kuzeyinsesi.org\\\/index.php\\\/2025\\\/01\\\/24\\\/kirmizi-adli-karma-sergi-31-ocaka-kadar-uzatildi\\\/\"]}]},{\"@type\":\"ImageObject\",\"inLanguage\":\"tr\",\"@id\":\"https:\\\/\\\/kuzeyinsesi.org\\\/index.php\\\/2025\\\/01\\\/24\\\/kirmizi-adli-karma-sergi-31-ocaka-kadar-uzatildi\\\/#primaryimage\",\"url\":\"https:\\\/\\\/kuzeyinsesi.org\\\/wp-content\\\/uploads\\\/2025\\\/01\\\/1737715064119ayhatun-sergi-1.jpeg\",\"contentUrl\":\"https:\\\/\\\/kuzeyinsesi.org\\\/wp-content\\\/uploads\\\/2025\\\/01\\\/1737715064119ayhatun-sergi-1.jpeg\",\"width\":930,\"height\":410},{\"@type\":\"BreadcrumbList\",\"@id\":\"https:\\\/\\\/kuzeyinsesi.org\\\/index.php\\\/2025\\\/01\\\/24\\\/kirmizi-adli-karma-sergi-31-ocaka-kadar-uzatildi\\\/#breadcrumb\",\"itemListElement\":[{\"@type\":\"ListItem\",\"position\":1,\"name\":\"Anasayfa\",\"item\":\"https:\\\/\\\/kuzeyinsesi.org\\\/\"},{\"@type\":\"ListItem\",\"position\":2,\"name\":\"\u201cK\u0131rm\u0131z\u0131\u201d adl\u0131 karma sergi 31 Ocak\u2019a kadar uzat\u0131ld\u0131\"}]},{\"@type\":\"WebSite\",\"@id\":\"https:\\\/\\\/kuzeyinsesi.org\\\/#website\",\"url\":\"https:\\\/\\\/kuzeyinsesi.org\\\/\",\"name\":\"Kuzeyin Sesi\",\"description\":\"Do\u011fru Haberin Adresi\",\"potentialAction\":[{\"@type\":\"SearchAction\",\"target\":{\"@type\":\"EntryPoint\",\"urlTemplate\":\"https:\\\/\\\/kuzeyinsesi.org\\\/?s={search_term_string}\"},\"query-input\":{\"@type\":\"PropertyValueSpecification\",\"valueRequired\":true,\"valueName\":\"search_term_string\"}}],\"inLanguage\":\"tr\"},{\"@type\":\"Person\",\"@id\":\"https:\\\/\\\/kuzeyinsesi.org\\\/#\\\/schema\\\/person\\\/9f859689cdf01485597712386e37f5aa\",\"name\":\"Kuzeyin Sesi\",\"image\":{\"@type\":\"ImageObject\",\"inLanguage\":\"tr\",\"@id\":\"https:\\\/\\\/secure.gravatar.com\\\/avatar\\\/bab33852abfd8b282518d6ed81826833d77c3c882d9ab608add591ccace47a44?s=96&d=mm&r=g\",\"url\":\"https:\\\/\\\/secure.gravatar.com\\\/avatar\\\/bab33852abfd8b282518d6ed81826833d77c3c882d9ab608add591ccace47a44?s=96&d=mm&r=g\",\"contentUrl\":\"https:\\\/\\\/secure.gravatar.com\\\/avatar\\\/bab33852abfd8b282518d6ed81826833d77c3c882d9ab608add591ccace47a44?s=96&d=mm&r=g\",\"caption\":\"Kuzeyin Sesi\"},\"sameAs\":[\"https:\\\/\\\/kuzeyinsesi.org\"],\"url\":\"https:\\\/\\\/kuzeyinsesi.org\\\/index.php\\\/author\\\/guven\\\/\"}]}<\/script>\n<!-- \/ Yoast SEO plugin. -->","yoast_head_json":{"title":"\u201cK\u0131rm\u0131z\u0131\u201d adl\u0131 karma sergi 31 Ocak\u2019a kadar uzat\u0131ld\u0131 - Kuzeyin Sesi","robots":{"index":"index","follow":"follow","max-snippet":"max-snippet:-1","max-image-preview":"max-image-preview:large","max-video-preview":"max-video-preview:-1"},"canonical":"https:\/\/kuzeyinsesi.org\/index.php\/2025\/01\/24\/kirmizi-adli-karma-sergi-31-ocaka-kadar-uzatildi\/","og_locale":"tr_TR","og_type":"article","og_title":"\u201cK\u0131rm\u0131z\u0131\u201d adl\u0131 karma sergi 31 Ocak\u2019a kadar uzat\u0131ld\u0131 - Kuzeyin Sesi","og_description":"Mevhibe &amp; Mustafa Ba\u015fman Vakf\u0131 sponsorlu\u011funda, Ayhatun Ate\u015fin k\u00fcrat\u00f6rl\u00fc\u011f\u00fcndeki \u201cK\u0131rm\u0131z\u0131\u201d konseptli uluslararas\u0131 karma sergi 31 Ocak\u2019a kadar uzat\u0131ld\u0131. Verilen bilgiye g\u00f6re, Bayrak Radyo Televizyon Kurumu (BRTK) ev sahipli\u011findeki sergide, Ezgi Yemenicio\u011flu Negir, G\u00fcliz Baydemir Katkar, Umut Germe\u00e7, Mine Okur, G\u00f6khan Okur, Erdal Aygen\u00e7, Raif K\u0131z\u0131l, Rana Amrahova, Nurseren Tor, Kemal Beh\u00e7et Caymaz, Mustafa Bat\u0131beniz, Mete [&hellip;]","og_url":"https:\/\/kuzeyinsesi.org\/index.php\/2025\/01\/24\/kirmizi-adli-karma-sergi-31-ocaka-kadar-uzatildi\/","og_site_name":"Kuzeyin Sesi","article_publisher":"https:\/\/www.facebook.com\/kuzeyinsesii","article_published_time":"2025-01-24T11:55:29+00:00","og_image":[{"url":"https:\/\/brtk.net\/wp-content\/uploads\/2025\/01\/24\/1737715064119ayhatun-sergi-1.jpeg?ver=91fad734b05a8856b54bc9fc93460893","type":"","width":"","height":""}],"author":"Kuzeyin Sesi","twitter_card":"summary_large_image","twitter_creator":"@kuzeyinsesii","twitter_site":"@kuzeyinsesii","twitter_misc":{"Yazan:":"Kuzeyin Sesi","Tahmini okuma s\u00fcresi":"1 dakika"},"schema":{"@context":"https:\/\/schema.org","@graph":[{"@type":"Article","@id":"https:\/\/kuzeyinsesi.org\/index.php\/2025\/01\/24\/kirmizi-adli-karma-sergi-31-ocaka-kadar-uzatildi\/#article","isPartOf":{"@id":"https:\/\/kuzeyinsesi.org\/index.php\/2025\/01\/24\/kirmizi-adli-karma-sergi-31-ocaka-kadar-uzatildi\/"},"author":{"name":"Kuzeyin Sesi","@id":"https:\/\/kuzeyinsesi.org\/#\/schema\/person\/9f859689cdf01485597712386e37f5aa"},"headline":"\u201cK\u0131rm\u0131z\u0131\u201d adl\u0131 karma sergi 31 Ocak\u2019a kadar uzat\u0131ld\u0131","datePublished":"2025-01-24T11:55:29+00:00","mainEntityOfPage":{"@id":"https:\/\/kuzeyinsesi.org\/index.php\/2025\/01\/24\/kirmizi-adli-karma-sergi-31-ocaka-kadar-uzatildi\/"},"wordCount":195,"commentCount":0,"image":{"@id":"https:\/\/kuzeyinsesi.org\/index.php\/2025\/01\/24\/kirmizi-adli-karma-sergi-31-ocaka-kadar-uzatildi\/#primaryimage"},"thumbnailUrl":"https:\/\/kuzeyinsesi.org\/wp-content\/uploads\/2025\/01\/1737715064119ayhatun-sergi-1.jpeg","articleSection":["Ya\u015fam"],"inLanguage":"tr","potentialAction":[{"@type":"CommentAction","name":"Comment","target":["https:\/\/kuzeyinsesi.org\/index.php\/2025\/01\/24\/kirmizi-adli-karma-sergi-31-ocaka-kadar-uzatildi\/#respond"]}]},{"@type":"WebPage","@id":"https:\/\/kuzeyinsesi.org\/index.php\/2025\/01\/24\/kirmizi-adli-karma-sergi-31-ocaka-kadar-uzatildi\/","url":"https:\/\/kuzeyinsesi.org\/index.php\/2025\/01\/24\/kirmizi-adli-karma-sergi-31-ocaka-kadar-uzatildi\/","name":"\u201cK\u0131rm\u0131z\u0131\u201d adl\u0131 karma sergi 31 Ocak\u2019a kadar uzat\u0131ld\u0131 - Kuzeyin Sesi","isPartOf":{"@id":"https:\/\/kuzeyinsesi.org\/#website"},"primaryImageOfPage":{"@id":"https:\/\/kuzeyinsesi.org\/index.php\/2025\/01\/24\/kirmizi-adli-karma-sergi-31-ocaka-kadar-uzatildi\/#primaryimage"},"image":{"@id":"https:\/\/kuzeyinsesi.org\/index.php\/2025\/01\/24\/kirmizi-adli-karma-sergi-31-ocaka-kadar-uzatildi\/#primaryimage"},"thumbnailUrl":"https:\/\/kuzeyinsesi.org\/wp-content\/uploads\/2025\/01\/1737715064119ayhatun-sergi-1.jpeg","datePublished":"2025-01-24T11:55:29+00:00","author":{"@id":"https:\/\/kuzeyinsesi.org\/#\/schema\/person\/9f859689cdf01485597712386e37f5aa"},"breadcrumb":{"@id":"https:\/\/kuzeyinsesi.org\/index.php\/2025\/01\/24\/kirmizi-adli-karma-sergi-31-ocaka-kadar-uzatildi\/#breadcrumb"},"inLanguage":"tr","potentialAction":[{"@type":"ReadAction","target":["https:\/\/kuzeyinsesi.org\/index.php\/2025\/01\/24\/kirmizi-adli-karma-sergi-31-ocaka-kadar-uzatildi\/"]}]},{"@type":"ImageObject","inLanguage":"tr","@id":"https:\/\/kuzeyinsesi.org\/index.php\/2025\/01\/24\/kirmizi-adli-karma-sergi-31-ocaka-kadar-uzatildi\/#primaryimage","url":"https:\/\/kuzeyinsesi.org\/wp-content\/uploads\/2025\/01\/1737715064119ayhatun-sergi-1.jpeg","contentUrl":"https:\/\/kuzeyinsesi.org\/wp-content\/uploads\/2025\/01\/1737715064119ayhatun-sergi-1.jpeg","width":930,"height":410},{"@type":"BreadcrumbList","@id":"https:\/\/kuzeyinsesi.org\/index.php\/2025\/01\/24\/kirmizi-adli-karma-sergi-31-ocaka-kadar-uzatildi\/#breadcrumb","itemListElement":[{"@type":"ListItem","position":1,"name":"Anasayfa","item":"https:\/\/kuzeyinsesi.org\/"},{"@type":"ListItem","position":2,"name":"\u201cK\u0131rm\u0131z\u0131\u201d adl\u0131 karma sergi 31 Ocak\u2019a kadar uzat\u0131ld\u0131"}]},{"@type":"WebSite","@id":"https:\/\/kuzeyinsesi.org\/#website","url":"https:\/\/kuzeyinsesi.org\/","name":"Kuzeyin Sesi","description":"Do\u011fru Haberin Adresi","potentialAction":[{"@type":"SearchAction","target":{"@type":"EntryPoint","urlTemplate":"https:\/\/kuzeyinsesi.org\/?s={search_term_string}"},"query-input":{"@type":"PropertyValueSpecification","valueRequired":true,"valueName":"search_term_string"}}],"inLanguage":"tr"},{"@type":"Person","@id":"https:\/\/kuzeyinsesi.org\/#\/schema\/person\/9f859689cdf01485597712386e37f5aa","name":"Kuzeyin Sesi","image":{"@type":"ImageObject","inLanguage":"tr","@id":"https:\/\/secure.gravatar.com\/avatar\/bab33852abfd8b282518d6ed81826833d77c3c882d9ab608add591ccace47a44?s=96&d=mm&r=g","url":"https:\/\/secure.gravatar.com\/avatar\/bab33852abfd8b282518d6ed81826833d77c3c882d9ab608add591ccace47a44?s=96&d=mm&r=g","contentUrl":"https:\/\/secure.gravatar.com\/avatar\/bab33852abfd8b282518d6ed81826833d77c3c882d9ab608add591ccace47a44?s=96&d=mm&r=g","caption":"Kuzeyin Sesi"},"sameAs":["https:\/\/kuzeyinsesi.org"],"url":"https:\/\/kuzeyinsesi.org\/index.php\/author\/guven\/"}]}},"_links":{"self":[{"href":"https:\/\/kuzeyinsesi.org\/index.php\/wp-json\/wp\/v2\/posts\/17891","targetHints":{"allow":["GET"]}}],"collection":[{"href":"https:\/\/kuzeyinsesi.org\/index.php\/wp-json\/wp\/v2\/posts"}],"about":[{"href":"https:\/\/kuzeyinsesi.org\/index.php\/wp-json\/wp\/v2\/types\/post"}],"author":[{"embeddable":true,"href":"https:\/\/kuzeyinsesi.org\/index.php\/wp-json\/wp\/v2\/users\/1"}],"replies":[{"embeddable":true,"href":"https:\/\/kuzeyinsesi.org\/index.php\/wp-json\/wp\/v2\/comments?post=17891"}],"version-history":[{"count":0,"href":"https:\/\/kuzeyinsesi.org\/index.php\/wp-json\/wp\/v2\/posts\/17891\/revisions"}],"wp:featuredmedia":[{"embeddable":true,"href":"https:\/\/kuzeyinsesi.org\/index.php\/wp-json\/wp\/v2\/media\/17892"}],"wp:attachment":[{"href":"https:\/\/kuzeyinsesi.org\/index.php\/wp-json\/wp\/v2\/media?parent=17891"}],"wp:term":[{"taxonomy":"category","embeddable":true,"href":"https:\/\/kuzeyinsesi.org\/index.php\/wp-json\/wp\/v2\/categories?post=17891"},{"taxonomy":"post_tag","embeddable":true,"href":"https:\/\/kuzeyinsesi.org\/index.php\/wp-json\/wp\/v2\/tags?post=17891"}],"curies":[{"name":"wp","href":"https:\/\/api.w.org\/{rel}","templated":true}]}}