{"id":17867,"date":"2025-01-23T19:35:17","date_gmt":"2025-01-23T17:35:17","guid":{"rendered":"https:\/\/kuzeyinsesi.org\/index.php\/2025\/01\/23\/cumhurbaskani-tatara-kitap-takdimi\/"},"modified":"2025-01-23T19:35:17","modified_gmt":"2025-01-23T17:35:17","slug":"cumhurbaskani-tatara-kitap-takdimi","status":"publish","type":"post","link":"https:\/\/kuzeyinsesi.org\/index.php\/2025\/01\/23\/cumhurbaskani-tatara-kitap-takdimi\/","title":{"rendered":"Cumhurba\u015fkan\u0131 Tatar\u2019a kitap takdimi"},"content":{"rendered":"<div>\n<div class=\"mariselle-image-container center\">\n                                            <\/div>\n<p>Cumhurba\u015fkan\u0131 Ersin Tatar\u2019a, I\u015f\u0131lay Arkan\u2019\u0131n kaleme ald\u0131\u011f\u0131 \u201cDireni\u015f Hat\u0131ralar\u0131m K\u0131br\u0131s\u2019ta Enosis\u2019e Kar\u015f\u0131 M\u00fccadelemiz\u201d isimli kitab\u0131 takdim edildi.  <\/p>\n<p>Cumhurba\u015fkan\u0131 Ersin Tatar, TMT\u2019ye hizmet vermi\u015f bir \u00f6\u011fretmen olan I\u015f\u0131lay Arkan\u2019\u0131 kabul etmekten duydu\u011fu memnuniyeti ifade ederek, \u201cMilli m\u00fccadelemize h\u00e2l\u00e2 daha yapmakta oldu\u011fu katk\u0131lardan dolay\u0131 I\u015f\u0131lay Arkan\u2019a te\u015fekk\u00fcr ederim\u201d dedi.  <\/p>\n<p>Kitab\u0131n gen\u00e7 nesillere ilham kayna\u011f\u0131 olaca\u011f\u0131na inan\u00e7 belirten Cumhurba\u015fkan\u0131 Tatar, K\u0131br\u0131s T\u00fcrk halk\u0131n\u0131n bu topraklarda verdi\u011fi m\u00fccadele ve ortaya koydu\u011fu fedak\u00e2rl\u0131klarla ya\u015fananlar\u0131 kaleme alarak milli tarihimize katk\u0131 yap\u0131lmas\u0131n\u0131n \u00f6nemine vurgu yapt\u0131.<\/p>\n<\/p><\/div>\n<p><script async\n                    defer\n                    crossorigin=\"anonymous\"\n                    src=\"https:\/\/connect.facebook.net\/tr_TR\/sdk.js#xfbml=1&#038;version=v3.3\"\n            ><\/script><\/p>\n","protected":false},"excerpt":{"rendered":"<p>Cumhurba\u015fkan\u0131 Ersin Tatar\u2019a, I\u015f\u0131lay Arkan\u2019\u0131n kaleme ald\u0131\u011f\u0131 \u201cDireni\u015f Hat\u0131ralar\u0131m K\u0131br\u0131s\u2019ta Enosis\u2019e Kar\u015f\u0131 M\u00fccadelemiz\u201d isimli kitab\u0131 takdim edildi. Cumhurba\u015fkan\u0131 Ersin Tatar, TMT\u2019ye hizmet vermi\u015f bir \u00f6\u011fretmen olan I\u015f\u0131lay Arkan\u2019\u0131 kabul etmekten duydu\u011fu memnuniyeti ifade ederek, \u201cMilli m\u00fccadelemize h\u00e2l\u00e2 daha yapmakta oldu\u011fu katk\u0131lardan dolay\u0131 I\u015f\u0131lay Arkan\u2019a te\u015fekk\u00fcr ederim\u201d dedi. Kitab\u0131n gen\u00e7 nesillere ilham kayna\u011f\u0131 olaca\u011f\u0131na inan\u00e7 belirten [&hellip;]<\/p>\n","protected":false},"author":1,"featured_media":17868,"comment_status":"open","ping_status":"open","sticky":false,"template":"","format":"standard","meta":{"jnews-multi-image_gallery":[],"jnews_single_post":[],"jnews_primary_category":[],"jnews_social_meta":[],"jnews_override_counter":[],"footnotes":""},"categories":[6],"tags":[],"class_list":["post-17867","post","type-post","status-publish","format-standard","has-post-thumbnail","hentry","category-yasam"],"yoast_head":"<!-- This site is optimized with the Yoast SEO plugin v27.4 - https:\/\/yoast.com\/product\/yoast-seo-wordpress\/ -->\n<title>Cumhurba\u015fkan\u0131 Tatar\u2019a kitap takdimi - Kuzeyin Sesi<\/title>\n<meta name=\"robots\" content=\"index, follow, max-snippet:-1, max-image-preview:large, max-video-preview:-1\" \/>\n<link rel=\"canonical\" href=\"https:\/\/kuzeyinsesi.org\/index.php\/2025\/01\/23\/cumhurbaskani-tatara-kitap-takdimi\/\" \/>\n<meta property=\"og:locale\" content=\"tr_TR\" \/>\n<meta property=\"og:type\" content=\"article\" \/>\n<meta property=\"og:title\" content=\"Cumhurba\u015fkan\u0131 Tatar\u2019a kitap takdimi - Kuzeyin Sesi\" \/>\n<meta property=\"og:description\" content=\"Cumhurba\u015fkan\u0131 Ersin Tatar\u2019a, I\u015f\u0131lay Arkan\u2019\u0131n kaleme ald\u0131\u011f\u0131 \u201cDireni\u015f Hat\u0131ralar\u0131m K\u0131br\u0131s\u2019ta Enosis\u2019e Kar\u015f\u0131 M\u00fccadelemiz\u201d isimli kitab\u0131 takdim edildi. Cumhurba\u015fkan\u0131 Ersin Tatar, TMT\u2019ye hizmet vermi\u015f bir \u00f6\u011fretmen olan I\u015f\u0131lay Arkan\u2019\u0131 kabul etmekten duydu\u011fu memnuniyeti ifade ederek, \u201cMilli m\u00fccadelemize h\u00e2l\u00e2 daha yapmakta oldu\u011fu katk\u0131lardan dolay\u0131 I\u015f\u0131lay Arkan\u2019a te\u015fekk\u00fcr ederim\u201d dedi. Kitab\u0131n gen\u00e7 nesillere ilham kayna\u011f\u0131 olaca\u011f\u0131na inan\u00e7 belirten [&hellip;]\" \/>\n<meta property=\"og:url\" content=\"https:\/\/kuzeyinsesi.org\/index.php\/2025\/01\/23\/cumhurbaskani-tatara-kitap-takdimi\/\" \/>\n<meta property=\"og:site_name\" content=\"Kuzeyin Sesi\" \/>\n<meta property=\"article:publisher\" content=\"https:\/\/www.facebook.com\/kuzeyinsesii\" \/>\n<meta property=\"article:published_time\" content=\"2025-01-23T17:35:17+00:00\" \/>\n<meta property=\"og:image\" content=\"https:\/\/brtk.net\/wp-content\/uploads\/2025\/01\/23\/1737649168620IMG-20250123-WA0013.jpg?ver=14998f92eb2fbb80522c6f67f6d93314\" \/>\n<meta name=\"author\" content=\"Kuzeyin Sesi\" \/>\n<meta name=\"twitter:card\" content=\"summary_large_image\" \/>\n<meta name=\"twitter:creator\" content=\"@kuzeyinsesii\" \/>\n<meta name=\"twitter:site\" content=\"@kuzeyinsesii\" \/>\n<meta name=\"twitter:label1\" content=\"Yazan:\" \/>\n\t<meta name=\"twitter:data1\" content=\"Kuzeyin Sesi\" \/>\n\t<meta name=\"twitter:label2\" content=\"Tahmini okuma s\u00fcresi\" \/>\n\t<meta name=\"twitter:data2\" content=\"1 dakika\" \/>\n<script type=\"application\/ld+json\" class=\"yoast-schema-graph\">{\"@context\":\"https:\\\/\\\/schema.org\",\"@graph\":[{\"@type\":\"Article\",\"@id\":\"https:\\\/\\\/kuzeyinsesi.org\\\/index.php\\\/2025\\\/01\\\/23\\\/cumhurbaskani-tatara-kitap-takdimi\\\/#article\",\"isPartOf\":{\"@id\":\"https:\\\/\\\/kuzeyinsesi.org\\\/index.php\\\/2025\\\/01\\\/23\\\/cumhurbaskani-tatara-kitap-takdimi\\\/\"},\"author\":{\"name\":\"Kuzeyin Sesi\",\"@id\":\"https:\\\/\\\/kuzeyinsesi.org\\\/#\\\/schema\\\/person\\\/9f859689cdf01485597712386e37f5aa\"},\"headline\":\"Cumhurba\u015fkan\u0131 Tatar\u2019a kitap takdimi\",\"datePublished\":\"2025-01-23T17:35:17+00:00\",\"mainEntityOfPage\":{\"@id\":\"https:\\\/\\\/kuzeyinsesi.org\\\/index.php\\\/2025\\\/01\\\/23\\\/cumhurbaskani-tatara-kitap-takdimi\\\/\"},\"wordCount\":124,\"commentCount\":0,\"image\":{\"@id\":\"https:\\\/\\\/kuzeyinsesi.org\\\/index.php\\\/2025\\\/01\\\/23\\\/cumhurbaskani-tatara-kitap-takdimi\\\/#primaryimage\"},\"thumbnailUrl\":\"https:\\\/\\\/kuzeyinsesi.org\\\/wp-content\\\/uploads\\\/2025\\\/01\\\/1737649168620IMG-20250123-WA0013.jpg\",\"articleSection\":[\"Ya\u015fam\"],\"inLanguage\":\"tr\",\"potentialAction\":[{\"@type\":\"CommentAction\",\"name\":\"Comment\",\"target\":[\"https:\\\/\\\/kuzeyinsesi.org\\\/index.php\\\/2025\\\/01\\\/23\\\/cumhurbaskani-tatara-kitap-takdimi\\\/#respond\"]}]},{\"@type\":\"WebPage\",\"@id\":\"https:\\\/\\\/kuzeyinsesi.org\\\/index.php\\\/2025\\\/01\\\/23\\\/cumhurbaskani-tatara-kitap-takdimi\\\/\",\"url\":\"https:\\\/\\\/kuzeyinsesi.org\\\/index.php\\\/2025\\\/01\\\/23\\\/cumhurbaskani-tatara-kitap-takdimi\\\/\",\"name\":\"Cumhurba\u015fkan\u0131 Tatar\u2019a kitap takdimi - Kuzeyin Sesi\",\"isPartOf\":{\"@id\":\"https:\\\/\\\/kuzeyinsesi.org\\\/#website\"},\"primaryImageOfPage\":{\"@id\":\"https:\\\/\\\/kuzeyinsesi.org\\\/index.php\\\/2025\\\/01\\\/23\\\/cumhurbaskani-tatara-kitap-takdimi\\\/#primaryimage\"},\"image\":{\"@id\":\"https:\\\/\\\/kuzeyinsesi.org\\\/index.php\\\/2025\\\/01\\\/23\\\/cumhurbaskani-tatara-kitap-takdimi\\\/#primaryimage\"},\"thumbnailUrl\":\"https:\\\/\\\/kuzeyinsesi.org\\\/wp-content\\\/uploads\\\/2025\\\/01\\\/1737649168620IMG-20250123-WA0013.jpg\",\"datePublished\":\"2025-01-23T17:35:17+00:00\",\"author\":{\"@id\":\"https:\\\/\\\/kuzeyinsesi.org\\\/#\\\/schema\\\/person\\\/9f859689cdf01485597712386e37f5aa\"},\"breadcrumb\":{\"@id\":\"https:\\\/\\\/kuzeyinsesi.org\\\/index.php\\\/2025\\\/01\\\/23\\\/cumhurbaskani-tatara-kitap-takdimi\\\/#breadcrumb\"},\"inLanguage\":\"tr\",\"potentialAction\":[{\"@type\":\"ReadAction\",\"target\":[\"https:\\\/\\\/kuzeyinsesi.org\\\/index.php\\\/2025\\\/01\\\/23\\\/cumhurbaskani-tatara-kitap-takdimi\\\/\"]}]},{\"@type\":\"ImageObject\",\"inLanguage\":\"tr\",\"@id\":\"https:\\\/\\\/kuzeyinsesi.org\\\/index.php\\\/2025\\\/01\\\/23\\\/cumhurbaskani-tatara-kitap-takdimi\\\/#primaryimage\",\"url\":\"https:\\\/\\\/kuzeyinsesi.org\\\/wp-content\\\/uploads\\\/2025\\\/01\\\/1737649168620IMG-20250123-WA0013.jpg\",\"contentUrl\":\"https:\\\/\\\/kuzeyinsesi.org\\\/wp-content\\\/uploads\\\/2025\\\/01\\\/1737649168620IMG-20250123-WA0013.jpg\",\"width\":2560,\"height\":1706},{\"@type\":\"BreadcrumbList\",\"@id\":\"https:\\\/\\\/kuzeyinsesi.org\\\/index.php\\\/2025\\\/01\\\/23\\\/cumhurbaskani-tatara-kitap-takdimi\\\/#breadcrumb\",\"itemListElement\":[{\"@type\":\"ListItem\",\"position\":1,\"name\":\"Anasayfa\",\"item\":\"https:\\\/\\\/kuzeyinsesi.org\\\/\"},{\"@type\":\"ListItem\",\"position\":2,\"name\":\"Cumhurba\u015fkan\u0131 Tatar\u2019a kitap takdimi\"}]},{\"@type\":\"WebSite\",\"@id\":\"https:\\\/\\\/kuzeyinsesi.org\\\/#website\",\"url\":\"https:\\\/\\\/kuzeyinsesi.org\\\/\",\"name\":\"Kuzeyin Sesi\",\"description\":\"Do\u011fru Haberin Adresi\",\"potentialAction\":[{\"@type\":\"SearchAction\",\"target\":{\"@type\":\"EntryPoint\",\"urlTemplate\":\"https:\\\/\\\/kuzeyinsesi.org\\\/?s={search_term_string}\"},\"query-input\":{\"@type\":\"PropertyValueSpecification\",\"valueRequired\":true,\"valueName\":\"search_term_string\"}}],\"inLanguage\":\"tr\"},{\"@type\":\"Person\",\"@id\":\"https:\\\/\\\/kuzeyinsesi.org\\\/#\\\/schema\\\/person\\\/9f859689cdf01485597712386e37f5aa\",\"name\":\"Kuzeyin Sesi\",\"image\":{\"@type\":\"ImageObject\",\"inLanguage\":\"tr\",\"@id\":\"https:\\\/\\\/secure.gravatar.com\\\/avatar\\\/bab33852abfd8b282518d6ed81826833d77c3c882d9ab608add591ccace47a44?s=96&d=mm&r=g\",\"url\":\"https:\\\/\\\/secure.gravatar.com\\\/avatar\\\/bab33852abfd8b282518d6ed81826833d77c3c882d9ab608add591ccace47a44?s=96&d=mm&r=g\",\"contentUrl\":\"https:\\\/\\\/secure.gravatar.com\\\/avatar\\\/bab33852abfd8b282518d6ed81826833d77c3c882d9ab608add591ccace47a44?s=96&d=mm&r=g\",\"caption\":\"Kuzeyin Sesi\"},\"sameAs\":[\"https:\\\/\\\/kuzeyinsesi.org\"],\"url\":\"https:\\\/\\\/kuzeyinsesi.org\\\/index.php\\\/author\\\/guven\\\/\"}]}<\/script>\n<!-- \/ Yoast SEO plugin. -->","yoast_head_json":{"title":"Cumhurba\u015fkan\u0131 Tatar\u2019a kitap takdimi - Kuzeyin Sesi","robots":{"index":"index","follow":"follow","max-snippet":"max-snippet:-1","max-image-preview":"max-image-preview:large","max-video-preview":"max-video-preview:-1"},"canonical":"https:\/\/kuzeyinsesi.org\/index.php\/2025\/01\/23\/cumhurbaskani-tatara-kitap-takdimi\/","og_locale":"tr_TR","og_type":"article","og_title":"Cumhurba\u015fkan\u0131 Tatar\u2019a kitap takdimi - Kuzeyin Sesi","og_description":"Cumhurba\u015fkan\u0131 Ersin Tatar\u2019a, I\u015f\u0131lay Arkan\u2019\u0131n kaleme ald\u0131\u011f\u0131 \u201cDireni\u015f Hat\u0131ralar\u0131m K\u0131br\u0131s\u2019ta Enosis\u2019e Kar\u015f\u0131 M\u00fccadelemiz\u201d isimli kitab\u0131 takdim edildi. Cumhurba\u015fkan\u0131 Ersin Tatar, TMT\u2019ye hizmet vermi\u015f bir \u00f6\u011fretmen olan I\u015f\u0131lay Arkan\u2019\u0131 kabul etmekten duydu\u011fu memnuniyeti ifade ederek, \u201cMilli m\u00fccadelemize h\u00e2l\u00e2 daha yapmakta oldu\u011fu katk\u0131lardan dolay\u0131 I\u015f\u0131lay Arkan\u2019a te\u015fekk\u00fcr ederim\u201d dedi. Kitab\u0131n gen\u00e7 nesillere ilham kayna\u011f\u0131 olaca\u011f\u0131na inan\u00e7 belirten [&hellip;]","og_url":"https:\/\/kuzeyinsesi.org\/index.php\/2025\/01\/23\/cumhurbaskani-tatara-kitap-takdimi\/","og_site_name":"Kuzeyin Sesi","article_publisher":"https:\/\/www.facebook.com\/kuzeyinsesii","article_published_time":"2025-01-23T17:35:17+00:00","og_image":[{"url":"https:\/\/brtk.net\/wp-content\/uploads\/2025\/01\/23\/1737649168620IMG-20250123-WA0013.jpg?ver=14998f92eb2fbb80522c6f67f6d93314","type":"","width":"","height":""}],"author":"Kuzeyin Sesi","twitter_card":"summary_large_image","twitter_creator":"@kuzeyinsesii","twitter_site":"@kuzeyinsesii","twitter_misc":{"Yazan:":"Kuzeyin Sesi","Tahmini okuma s\u00fcresi":"1 dakika"},"schema":{"@context":"https:\/\/schema.org","@graph":[{"@type":"Article","@id":"https:\/\/kuzeyinsesi.org\/index.php\/2025\/01\/23\/cumhurbaskani-tatara-kitap-takdimi\/#article","isPartOf":{"@id":"https:\/\/kuzeyinsesi.org\/index.php\/2025\/01\/23\/cumhurbaskani-tatara-kitap-takdimi\/"},"author":{"name":"Kuzeyin Sesi","@id":"https:\/\/kuzeyinsesi.org\/#\/schema\/person\/9f859689cdf01485597712386e37f5aa"},"headline":"Cumhurba\u015fkan\u0131 Tatar\u2019a kitap takdimi","datePublished":"2025-01-23T17:35:17+00:00","mainEntityOfPage":{"@id":"https:\/\/kuzeyinsesi.org\/index.php\/2025\/01\/23\/cumhurbaskani-tatara-kitap-takdimi\/"},"wordCount":124,"commentCount":0,"image":{"@id":"https:\/\/kuzeyinsesi.org\/index.php\/2025\/01\/23\/cumhurbaskani-tatara-kitap-takdimi\/#primaryimage"},"thumbnailUrl":"https:\/\/kuzeyinsesi.org\/wp-content\/uploads\/2025\/01\/1737649168620IMG-20250123-WA0013.jpg","articleSection":["Ya\u015fam"],"inLanguage":"tr","potentialAction":[{"@type":"CommentAction","name":"Comment","target":["https:\/\/kuzeyinsesi.org\/index.php\/2025\/01\/23\/cumhurbaskani-tatara-kitap-takdimi\/#respond"]}]},{"@type":"WebPage","@id":"https:\/\/kuzeyinsesi.org\/index.php\/2025\/01\/23\/cumhurbaskani-tatara-kitap-takdimi\/","url":"https:\/\/kuzeyinsesi.org\/index.php\/2025\/01\/23\/cumhurbaskani-tatara-kitap-takdimi\/","name":"Cumhurba\u015fkan\u0131 Tatar\u2019a kitap takdimi - Kuzeyin Sesi","isPartOf":{"@id":"https:\/\/kuzeyinsesi.org\/#website"},"primaryImageOfPage":{"@id":"https:\/\/kuzeyinsesi.org\/index.php\/2025\/01\/23\/cumhurbaskani-tatara-kitap-takdimi\/#primaryimage"},"image":{"@id":"https:\/\/kuzeyinsesi.org\/index.php\/2025\/01\/23\/cumhurbaskani-tatara-kitap-takdimi\/#primaryimage"},"thumbnailUrl":"https:\/\/kuzeyinsesi.org\/wp-content\/uploads\/2025\/01\/1737649168620IMG-20250123-WA0013.jpg","datePublished":"2025-01-23T17:35:17+00:00","author":{"@id":"https:\/\/kuzeyinsesi.org\/#\/schema\/person\/9f859689cdf01485597712386e37f5aa"},"breadcrumb":{"@id":"https:\/\/kuzeyinsesi.org\/index.php\/2025\/01\/23\/cumhurbaskani-tatara-kitap-takdimi\/#breadcrumb"},"inLanguage":"tr","potentialAction":[{"@type":"ReadAction","target":["https:\/\/kuzeyinsesi.org\/index.php\/2025\/01\/23\/cumhurbaskani-tatara-kitap-takdimi\/"]}]},{"@type":"ImageObject","inLanguage":"tr","@id":"https:\/\/kuzeyinsesi.org\/index.php\/2025\/01\/23\/cumhurbaskani-tatara-kitap-takdimi\/#primaryimage","url":"https:\/\/kuzeyinsesi.org\/wp-content\/uploads\/2025\/01\/1737649168620IMG-20250123-WA0013.jpg","contentUrl":"https:\/\/kuzeyinsesi.org\/wp-content\/uploads\/2025\/01\/1737649168620IMG-20250123-WA0013.jpg","width":2560,"height":1706},{"@type":"BreadcrumbList","@id":"https:\/\/kuzeyinsesi.org\/index.php\/2025\/01\/23\/cumhurbaskani-tatara-kitap-takdimi\/#breadcrumb","itemListElement":[{"@type":"ListItem","position":1,"name":"Anasayfa","item":"https:\/\/kuzeyinsesi.org\/"},{"@type":"ListItem","position":2,"name":"Cumhurba\u015fkan\u0131 Tatar\u2019a kitap takdimi"}]},{"@type":"WebSite","@id":"https:\/\/kuzeyinsesi.org\/#website","url":"https:\/\/kuzeyinsesi.org\/","name":"Kuzeyin Sesi","description":"Do\u011fru Haberin Adresi","potentialAction":[{"@type":"SearchAction","target":{"@type":"EntryPoint","urlTemplate":"https:\/\/kuzeyinsesi.org\/?s={search_term_string}"},"query-input":{"@type":"PropertyValueSpecification","valueRequired":true,"valueName":"search_term_string"}}],"inLanguage":"tr"},{"@type":"Person","@id":"https:\/\/kuzeyinsesi.org\/#\/schema\/person\/9f859689cdf01485597712386e37f5aa","name":"Kuzeyin Sesi","image":{"@type":"ImageObject","inLanguage":"tr","@id":"https:\/\/secure.gravatar.com\/avatar\/bab33852abfd8b282518d6ed81826833d77c3c882d9ab608add591ccace47a44?s=96&d=mm&r=g","url":"https:\/\/secure.gravatar.com\/avatar\/bab33852abfd8b282518d6ed81826833d77c3c882d9ab608add591ccace47a44?s=96&d=mm&r=g","contentUrl":"https:\/\/secure.gravatar.com\/avatar\/bab33852abfd8b282518d6ed81826833d77c3c882d9ab608add591ccace47a44?s=96&d=mm&r=g","caption":"Kuzeyin Sesi"},"sameAs":["https:\/\/kuzeyinsesi.org"],"url":"https:\/\/kuzeyinsesi.org\/index.php\/author\/guven\/"}]}},"_links":{"self":[{"href":"https:\/\/kuzeyinsesi.org\/index.php\/wp-json\/wp\/v2\/posts\/17867","targetHints":{"allow":["GET"]}}],"collection":[{"href":"https:\/\/kuzeyinsesi.org\/index.php\/wp-json\/wp\/v2\/posts"}],"about":[{"href":"https:\/\/kuzeyinsesi.org\/index.php\/wp-json\/wp\/v2\/types\/post"}],"author":[{"embeddable":true,"href":"https:\/\/kuzeyinsesi.org\/index.php\/wp-json\/wp\/v2\/users\/1"}],"replies":[{"embeddable":true,"href":"https:\/\/kuzeyinsesi.org\/index.php\/wp-json\/wp\/v2\/comments?post=17867"}],"version-history":[{"count":0,"href":"https:\/\/kuzeyinsesi.org\/index.php\/wp-json\/wp\/v2\/posts\/17867\/revisions"}],"wp:featuredmedia":[{"embeddable":true,"href":"https:\/\/kuzeyinsesi.org\/index.php\/wp-json\/wp\/v2\/media\/17868"}],"wp:attachment":[{"href":"https:\/\/kuzeyinsesi.org\/index.php\/wp-json\/wp\/v2\/media?parent=17867"}],"wp:term":[{"taxonomy":"category","embeddable":true,"href":"https:\/\/kuzeyinsesi.org\/index.php\/wp-json\/wp\/v2\/categories?post=17867"},{"taxonomy":"post_tag","embeddable":true,"href":"https:\/\/kuzeyinsesi.org\/index.php\/wp-json\/wp\/v2\/tags?post=17867"}],"curies":[{"name":"wp","href":"https:\/\/api.w.org\/{rel}","templated":true}]}}