{"id":17843,"date":"2025-01-23T14:05:01","date_gmt":"2025-01-23T12:05:01","guid":{"rendered":"https:\/\/kuzeyinsesi.org\/index.php\/2025\/01\/23\/kimlik-tespit-calismalari-tamamlandi-can-kaybi-78\/"},"modified":"2025-01-23T14:05:01","modified_gmt":"2025-01-23T12:05:01","slug":"kimlik-tespit-calismalari-tamamlandi-can-kaybi-78","status":"publish","type":"post","link":"https:\/\/kuzeyinsesi.org\/index.php\/2025\/01\/23\/kimlik-tespit-calismalari-tamamlandi-can-kaybi-78\/","title":{"rendered":"Kimlik tespit \u00e7al\u0131\u015fmalar\u0131 tamamland\u0131: Can kayb\u0131 78"},"content":{"rendered":"<div>\n<div class=\"mariselle-image-container center\">\n                                            <\/div>\n<p>\nTC Adalet Bakanl\u0131\u011f\u0131, Bolu Kartalkaya Kayak Merkezi\u2019ndeki yang\u0131nla ilgili son durumu a\u00e7\u0131klad\u0131. Bakanl\u0131k\u2019tan yap\u0131lan a\u00e7\u0131klamada can kayb\u0131n\u0131n 78 oldu\u011fu vurguland\u0131. \u201cBolu\u2019daki yang\u0131nda t\u00fcm kimlikler tespit edilmi\u015ftir. Yang\u0131nda hayat\u0131n\u0131 kaybedenlerin say\u0131s\u0131 da 78\u2019dir\u201d ifadeleri kullan\u0131ld\u0131.<\/p>\n<p>Adalet Bakanl\u0131\u011f\u0131, Bolu Kartalkaya Kayak Merkezi\u2019ndeki otel yang\u0131n\u0131na ili\u015fkin son bilgileri payla\u015ft\u0131.<\/p>\n<p>Bakanl\u0131ktan yap\u0131lan a\u00e7\u0131klamada, hayat\u0131n\u0131 kaybedenlerin tamam\u0131n\u0131n kimlik tespit \u00e7al\u0131\u015fmalar\u0131n\u0131n tamamland\u0131\u011f\u0131 belirtildi. B\u00f6ylece, hayat\u0131n\u0131 kaybedenlerin say\u0131s\u0131 78 olarak belirlendi. <\/p>\n<p><strong>78 ki\u015finin kimli\u011fi belirlendi<\/strong><br \/>Grand Kartal Oteli\u2019nde meydana gelen yang\u0131nda hayat\u0131n\u0131 kaybedenlerin kimlikleri \u015f\u00f6yle:<\/p>\n<p>\u201cDilara Ermano\u011flu, Alya Turan, M\u00fcge Turan, Vedia Nil Apak, Ferda Apak, Eslem Uyan\u0131k, Nehir Sar\u0131ta\u015f, \u00d6m\u00fcr Kotan, Enes G\u00fcltek\u0131\u0307n, Mehmet Cem Do\u011fan, Ay\u015fe Maya Do\u011fan, Habibe \u00c7et\u0131\u0307z, Vedat \u00c7et\u0131\u0307z, Mine Ak\u0131\u0307\u015fli, \u015eenol Ak\u0131\u0307\u015fli, Alican Boduro\u011flu, Ebru Boduro\u011flu, Elif Naz Boduro\u011flu, K\u00fcr\u015fat Y\u0131ld\u0131z, Nergiz Y\u0131ld\u0131z, Eren Ba\u011fc\u0131, Ay\u015femin Elif Do\u011fan, Ahmet \u00c7et\u0131\u0307z, Do\u011fa Do\u011fan, Mert Do\u011fan, Mavi Do\u011fan, Ceren Yaman Do\u011fan, M\u00fcge Suyolcu, Pera Suyolcu, Atakan Yal\u00e7\u0131n, Demir T\u00fczg\u0131\u0307ray, Y\u0131lmaz Sar\u0131ta\u015f, Can Tokcan, G\u00fcl\u00e7in Ak\u0131\u0307\u015fli, Doruk Sar\u0131ta\u015f, Duygu Do\u011fan, Derin Yal\u00e7\u0131n, At\u0131l Enis Tokcan, Atlas Kaan Tokcan, Kemal Tokcan, R\u00fcmeysa G\u00fcltek\u0131\u0307n, \u00d6z\u00fcm Karata\u015fl\u0131, Esat \u00c7et\u0131\u0307z, K\u0131van\u00e7 G\u00fcng\u00f6r, Kerem G\u00fcng\u00f6r, Lalin Do\u011fan, Ay\u015fe Neva T\u00fcrkmen, Nedim T\u00fcrkmen, Oya Kanpolat, Yasemen Boncuk T\u00fczg\u0131\u0307ray, Ala Dora T\u00fcrkmen, Y\u00fcce Ata T\u00fcrkmen, Burcu G\u00fcng\u00f6r, Pelin G\u00fcng\u00f6r, Dila \u0130nal, Defne Arkada\u015f, Ela \u0130nal, Esra Naz\u0131\u0307k, Bilal G\u00fcltek\u0131\u0307n, Zehra Sena G\u00fcltek\u0131\u0307n, S\u00fcmeyye G\u00fcner, Bekir Sad\u0131k G\u00fcltek\u0131\u0307n, Muhammed Selim G\u00fcltek\u0131\u0307n, Yusuf Sinaneddin G\u00fcltek\u0131\u0307n, Alya Alt\u0131n, K\u00fcbra Alt\u0131n, Yi\u011fit Gen\u00e7bay, Defne T\u00fczg\u0131\u0307ray, Erhan T\u00fczg\u0131\u0307ray, Alp Mercan, Feray Kanpolat, Sedat \u00c7et\u0131\u0307z, Seden Nurg\u00fcl Day\u0131, S\u00fcleyman Day\u0131, Ela Day\u0131, Buse Day\u0131, \u015eevval \u015eah\u0131\u0307n, Laura Kurt\u0131nadze\u201d<\/p>\n<p><strong>\u201cSoru\u015fturma \u00e7ok y\u00f6nl\u00fc s\u00fcrd\u00fcr\u00fcl\u00fcyor\u201d<\/strong><br \/>Bolu Kartalkaya\u2019daki otel, yang\u0131n sonucu enkaza d\u00f6n\u00fc\u015ft\u00fc. So\u011futma \u00e7al\u0131\u015fmalar\u0131n\u0131n ard\u0131ndan enkazda inceleme ba\u015flat\u0131ld\u0131.<\/p>\n<p>\u0130\u00e7 mekanda soru\u015fturmaya dayanak olabilecek t\u00fcm deliller topland\u0131. Soru\u015fturmada g\u00f6revli 6 cumhuriyet savc\u0131s\u0131 adli; \u00c7al\u0131\u015fma ve Sosyal G\u00fcvenlik Bakanl\u0131\u011f\u0131 ile m\u00fclkiye m\u00fcfetti\u015fleri ise idari soru\u015fturmay\u0131 s\u00fcrd\u00fcr\u00fcyor.<\/p>\n<p>TC Adalet Bakan\u0131 Y\u0131lmaz Tun\u00e7, soru\u015fturma s\u00fcrecine dair sosyal medyadan payla\u015f\u0131mda bulundu. Soru\u015fturman\u0131n b\u00fcy\u00fck bir hassasiyetle, \u00e7ok y\u00f6nl\u00fc ve titizlikle s\u00fcrd\u00fcr\u00fcld\u00fc\u011f\u00fcn\u00fc ifade etti.<\/p>\n<p>Alan\u0131nda uzman 7 ki\u015filik bilirki\u015fi heyetinin incelemelerine devam etti\u011fini belirtti.<\/p>\n<p>Bakan Tun\u00e7, soru\u015fturma kapsam\u0131nda Bolu Belediyesi \u0130tfaiyeden Sorumlu Ba\u015fkan Yard\u0131mc\u0131s\u0131, \u0130tfaiye M\u00fcd\u00fcr\u00fc, i\u015fletme sahibi, \u015firket genel m\u00fcd\u00fcr\u00fc ve otel m\u00fcd\u00fcr\u00fcn\u00fcn de aralar\u0131nda bulundu\u011fu toplam 11 ki\u015finin g\u00f6zalt\u0131na al\u0131nd\u0131\u011f\u0131n\u0131 a\u00e7\u0131klad\u0131.<\/p>\n<div class=\"mariselle-image-container center\">\n                <img decoding=\"async\" width=\"1280\" height=\"720\" class=\"lazy-image\" alt=\"\" sizes=\"(max-width: 1280px) 100vw, 1280px\" src=\"https:\/\/brtk.net\/wp-content\/uploads\/2025\/01\/23\/yangin-2325580.jpg?ver=790b0cfe4fde6f25684c27018a9284dc\" srcset=\"https:\/\/brtk.net\/wp-content\/uploads\/2025\/01\/23\/yangin-2325580.jpg?ver=790b0cfe4fde6f25684c27018a9284dc 1280w, https:\/\/brtk.net\/wp-content\/uploads\/2025\/01\/23\/yangin-2325580-300x169.jpg?ver=790b0cfe4fde6f25684c27018a9284dc 300w, https:\/\/brtk.net\/wp-content\/uploads\/2025\/01\/23\/yangin-2325580-1024x576.jpg?ver=790b0cfe4fde6f25684c27018a9284dc 1024w, https:\/\/brtk.net\/wp-content\/uploads\/2025\/01\/23\/yangin-2325580-768x432.jpg?ver=790b0cfe4fde6f25684c27018a9284dc 768w\"\/>                            <\/div>\n<p><strong>Yang\u0131n facias\u0131n\u0131n ya\u015fand\u0131\u011f\u0131 otelin \u00f6n hasar tespit raporu tamamland\u0131<\/strong><br \/>Grand Kartal Otel\u2019e ili\u015fkin \u00f6n hasar tespit raporu tamamland\u0131, binan\u0131n \u201ca\u011f\u0131r hasarl\u0131\u201d oldu\u011fu belirlendi. A\u011f\u0131r hasarl\u0131 olarak raporlanan otel i\u00e7in kesin raporun haz\u0131rlanmas\u0131n\u0131n ard\u0131ndan g\u00fc\u00e7lendirme \u00e7al\u0131\u015fmas\u0131 yap\u0131lmas\u0131na ya da y\u0131k\u0131lmas\u0131na karar verilecek.<\/p>\n<p>Ekipler, Kartalkaya Kayak Merkezi\u2019ndeki Grand Kartal Otel\u2019de d\u00fcn sabaha kar\u015f\u0131 \u00e7\u0131kan yang\u0131n\u0131n ard\u0131ndan, bug\u00fcn 15.30 itibar\u0131yla arama-kurtarma ve so\u011futma i\u015flemlerini bitirdi.<\/p>\n<p>Jandarma Arama Kurtarma (JAK) ekiplerince, otel i\u00e7erisindeki k\u0131ymetli e\u015fyalar\u0131n tespitine ili\u015fkin de \u00e7al\u0131\u015fma y\u00fcr\u00fct\u00fcld\u00fc. Toplanan k\u0131ymetli e\u015fyalar adli emanet deposuna g\u00f6nderildi.<\/p>\n<p>\u00d6te yandan, yanan otel binas\u0131 i\u00e7in haz\u0131rlanan \u00f6n hasar tespit raporu olu\u015fturuldu. \u00d6n raporda otelin \u201ca\u011f\u0131r hasarl\u0131\u201d oldu\u011fu belirlendi.<\/p>\n<p>Hasar tespit \u00e7al\u0131\u015fmalar\u0131n\u0131n tamamlanmas\u0131 ve kesin raporun \u00e7\u0131kmas\u0131n\u0131n ard\u0131ndan binayla ilgili g\u00fc\u00e7lendirme \u00e7al\u0131\u015fmas\u0131 yap\u0131lmas\u0131na ya da y\u0131k\u0131lmas\u0131na karar verilecek.<\/p>\n<p>Ayr\u0131ca jandarman\u0131n \u00e7evresinde g\u00fcvenlik tedbiri ald\u0131\u011f\u0131 ve g\u00fcvenlik \u015feridi \u00e7ekti\u011fi otel binas\u0131 m\u00fch\u00fcrlendi.<\/p>\n<p><strong>Yaral\u0131lar\u0131n 40\u2019\u0131 taburcu edildi<\/strong><br \/>Sa\u011fl\u0131k Bakanl\u0131\u011f\u0131 yaral\u0131lardan 40\u2019\u0131n\u0131n taburcu edildi\u011fini a\u00e7\u0131klad\u0131. 10 ki\u015finin hastanelerde tedavisi s\u00fcr\u00fcyor.<\/p>\n<\/p><\/div>\n<p><script async\n                    defer\n                    crossorigin=\"anonymous\"\n                    src=\"https:\/\/connect.facebook.net\/tr_TR\/sdk.js#xfbml=1&#038;version=v3.3\"\n            ><\/script><\/p>\n","protected":false},"excerpt":{"rendered":"<p>TC Adalet Bakanl\u0131\u011f\u0131, Bolu Kartalkaya Kayak Merkezi\u2019ndeki yang\u0131nla ilgili son durumu a\u00e7\u0131klad\u0131. Bakanl\u0131k\u2019tan yap\u0131lan a\u00e7\u0131klamada can kayb\u0131n\u0131n 78 oldu\u011fu vurguland\u0131. \u201cBolu\u2019daki yang\u0131nda t\u00fcm kimlikler tespit edilmi\u015ftir. Yang\u0131nda hayat\u0131n\u0131 kaybedenlerin say\u0131s\u0131 da 78\u2019dir\u201d ifadeleri kullan\u0131ld\u0131. Adalet Bakanl\u0131\u011f\u0131, Bolu Kartalkaya Kayak Merkezi\u2019ndeki otel yang\u0131n\u0131na ili\u015fkin son bilgileri payla\u015ft\u0131. Bakanl\u0131ktan yap\u0131lan a\u00e7\u0131klamada, hayat\u0131n\u0131 kaybedenlerin tamam\u0131n\u0131n kimlik tespit \u00e7al\u0131\u015fmalar\u0131n\u0131n [&hellip;]<\/p>\n","protected":false},"author":1,"featured_media":17844,"comment_status":"open","ping_status":"open","sticky":false,"template":"","format":"standard","meta":{"jnews-multi-image_gallery":[],"jnews_single_post":[],"jnews_primary_category":[],"jnews_social_meta":[],"jnews_override_counter":[],"footnotes":""},"categories":[5],"tags":[],"class_list":["post-17843","post","type-post","status-publish","format-standard","has-post-thumbnail","hentry","category-turkiye"],"yoast_head":"<!-- This site is optimized with the Yoast SEO plugin v27.5 - https:\/\/yoast.com\/product\/yoast-seo-wordpress\/ -->\n<title>Kimlik tespit \u00e7al\u0131\u015fmalar\u0131 tamamland\u0131: Can kayb\u0131 78 - Kuzeyin Sesi<\/title>\n<meta name=\"robots\" content=\"index, follow, max-snippet:-1, max-image-preview:large, max-video-preview:-1\" \/>\n<link rel=\"canonical\" href=\"https:\/\/kuzeyinsesi.org\/index.php\/2025\/01\/23\/kimlik-tespit-calismalari-tamamlandi-can-kaybi-78\/\" \/>\n<meta property=\"og:locale\" content=\"tr_TR\" \/>\n<meta property=\"og:type\" content=\"article\" \/>\n<meta property=\"og:title\" content=\"Kimlik tespit \u00e7al\u0131\u015fmalar\u0131 tamamland\u0131: Can kayb\u0131 78 - Kuzeyin Sesi\" \/>\n<meta property=\"og:description\" content=\"TC Adalet Bakanl\u0131\u011f\u0131, Bolu Kartalkaya Kayak Merkezi\u2019ndeki yang\u0131nla ilgili son durumu a\u00e7\u0131klad\u0131. Bakanl\u0131k\u2019tan yap\u0131lan a\u00e7\u0131klamada can kayb\u0131n\u0131n 78 oldu\u011fu vurguland\u0131. \u201cBolu\u2019daki yang\u0131nda t\u00fcm kimlikler tespit edilmi\u015ftir. Yang\u0131nda hayat\u0131n\u0131 kaybedenlerin say\u0131s\u0131 da 78\u2019dir\u201d ifadeleri kullan\u0131ld\u0131. Adalet Bakanl\u0131\u011f\u0131, Bolu Kartalkaya Kayak Merkezi\u2019ndeki otel yang\u0131n\u0131na ili\u015fkin son bilgileri payla\u015ft\u0131. Bakanl\u0131ktan yap\u0131lan a\u00e7\u0131klamada, hayat\u0131n\u0131 kaybedenlerin tamam\u0131n\u0131n kimlik tespit \u00e7al\u0131\u015fmalar\u0131n\u0131n [&hellip;]\" \/>\n<meta property=\"og:url\" content=\"https:\/\/kuzeyinsesi.org\/index.php\/2025\/01\/23\/kimlik-tespit-calismalari-tamamlandi-can-kaybi-78\/\" \/>\n<meta property=\"og:site_name\" content=\"Kuzeyin Sesi\" \/>\n<meta property=\"article:publisher\" content=\"https:\/\/www.facebook.com\/kuzeyinsesii\" \/>\n<meta property=\"article:published_time\" content=\"2025-01-23T12:05:01+00:00\" \/>\n<meta property=\"og:image\" content=\"https:\/\/brtk.net\/wp-content\/uploads\/2025\/01\/23\/AA-36819985.jpg?ver=a449a9ec31b24a9da23c632a94290e4f\" \/>\n<meta name=\"author\" content=\"Kuzeyin Sesi\" \/>\n<meta name=\"twitter:card\" content=\"summary_large_image\" \/>\n<meta name=\"twitter:creator\" content=\"@kuzeyinsesii\" \/>\n<meta name=\"twitter:site\" content=\"@kuzeyinsesii\" \/>\n<meta name=\"twitter:label1\" content=\"Yazan:\" \/>\n\t<meta name=\"twitter:data1\" content=\"Kuzeyin Sesi\" \/>\n\t<meta name=\"twitter:label2\" content=\"Tahmini okuma s\u00fcresi\" \/>\n\t<meta name=\"twitter:data2\" content=\"4 dakika\" \/>\n<script type=\"application\/ld+json\" class=\"yoast-schema-graph\">{\"@context\":\"https:\\\/\\\/schema.org\",\"@graph\":[{\"@type\":\"Article\",\"@id\":\"https:\\\/\\\/kuzeyinsesi.org\\\/index.php\\\/2025\\\/01\\\/23\\\/kimlik-tespit-calismalari-tamamlandi-can-kaybi-78\\\/#article\",\"isPartOf\":{\"@id\":\"https:\\\/\\\/kuzeyinsesi.org\\\/index.php\\\/2025\\\/01\\\/23\\\/kimlik-tespit-calismalari-tamamlandi-can-kaybi-78\\\/\"},\"author\":{\"name\":\"Kuzeyin Sesi\",\"@id\":\"https:\\\/\\\/kuzeyinsesi.org\\\/#\\\/schema\\\/person\\\/9f859689cdf01485597712386e37f5aa\"},\"headline\":\"Kimlik tespit \u00e7al\u0131\u015fmalar\u0131 tamamland\u0131: Can kayb\u0131 78\",\"datePublished\":\"2025-01-23T12:05:01+00:00\",\"mainEntityOfPage\":{\"@id\":\"https:\\\/\\\/kuzeyinsesi.org\\\/index.php\\\/2025\\\/01\\\/23\\\/kimlik-tespit-calismalari-tamamlandi-can-kaybi-78\\\/\"},\"wordCount\":790,\"commentCount\":0,\"image\":{\"@id\":\"https:\\\/\\\/kuzeyinsesi.org\\\/index.php\\\/2025\\\/01\\\/23\\\/kimlik-tespit-calismalari-tamamlandi-can-kaybi-78\\\/#primaryimage\"},\"thumbnailUrl\":\"https:\\\/\\\/kuzeyinsesi.org\\\/wp-content\\\/uploads\\\/2025\\\/01\\\/AA-36819985.jpg\",\"articleSection\":[\"T\u00fcrkiye\"],\"inLanguage\":\"tr\",\"potentialAction\":[{\"@type\":\"CommentAction\",\"name\":\"Comment\",\"target\":[\"https:\\\/\\\/kuzeyinsesi.org\\\/index.php\\\/2025\\\/01\\\/23\\\/kimlik-tespit-calismalari-tamamlandi-can-kaybi-78\\\/#respond\"]}]},{\"@type\":\"WebPage\",\"@id\":\"https:\\\/\\\/kuzeyinsesi.org\\\/index.php\\\/2025\\\/01\\\/23\\\/kimlik-tespit-calismalari-tamamlandi-can-kaybi-78\\\/\",\"url\":\"https:\\\/\\\/kuzeyinsesi.org\\\/index.php\\\/2025\\\/01\\\/23\\\/kimlik-tespit-calismalari-tamamlandi-can-kaybi-78\\\/\",\"name\":\"Kimlik tespit \u00e7al\u0131\u015fmalar\u0131 tamamland\u0131: Can kayb\u0131 78 - Kuzeyin Sesi\",\"isPartOf\":{\"@id\":\"https:\\\/\\\/kuzeyinsesi.org\\\/#website\"},\"primaryImageOfPage\":{\"@id\":\"https:\\\/\\\/kuzeyinsesi.org\\\/index.php\\\/2025\\\/01\\\/23\\\/kimlik-tespit-calismalari-tamamlandi-can-kaybi-78\\\/#primaryimage\"},\"image\":{\"@id\":\"https:\\\/\\\/kuzeyinsesi.org\\\/index.php\\\/2025\\\/01\\\/23\\\/kimlik-tespit-calismalari-tamamlandi-can-kaybi-78\\\/#primaryimage\"},\"thumbnailUrl\":\"https:\\\/\\\/kuzeyinsesi.org\\\/wp-content\\\/uploads\\\/2025\\\/01\\\/AA-36819985.jpg\",\"datePublished\":\"2025-01-23T12:05:01+00:00\",\"author\":{\"@id\":\"https:\\\/\\\/kuzeyinsesi.org\\\/#\\\/schema\\\/person\\\/9f859689cdf01485597712386e37f5aa\"},\"breadcrumb\":{\"@id\":\"https:\\\/\\\/kuzeyinsesi.org\\\/index.php\\\/2025\\\/01\\\/23\\\/kimlik-tespit-calismalari-tamamlandi-can-kaybi-78\\\/#breadcrumb\"},\"inLanguage\":\"tr\",\"potentialAction\":[{\"@type\":\"ReadAction\",\"target\":[\"https:\\\/\\\/kuzeyinsesi.org\\\/index.php\\\/2025\\\/01\\\/23\\\/kimlik-tespit-calismalari-tamamlandi-can-kaybi-78\\\/\"]}]},{\"@type\":\"ImageObject\",\"inLanguage\":\"tr\",\"@id\":\"https:\\\/\\\/kuzeyinsesi.org\\\/index.php\\\/2025\\\/01\\\/23\\\/kimlik-tespit-calismalari-tamamlandi-can-kaybi-78\\\/#primaryimage\",\"url\":\"https:\\\/\\\/kuzeyinsesi.org\\\/wp-content\\\/uploads\\\/2025\\\/01\\\/AA-36819985.jpg\",\"contentUrl\":\"https:\\\/\\\/kuzeyinsesi.org\\\/wp-content\\\/uploads\\\/2025\\\/01\\\/AA-36819985.jpg\",\"width\":753,\"height\":493},{\"@type\":\"BreadcrumbList\",\"@id\":\"https:\\\/\\\/kuzeyinsesi.org\\\/index.php\\\/2025\\\/01\\\/23\\\/kimlik-tespit-calismalari-tamamlandi-can-kaybi-78\\\/#breadcrumb\",\"itemListElement\":[{\"@type\":\"ListItem\",\"position\":1,\"name\":\"Anasayfa\",\"item\":\"https:\\\/\\\/kuzeyinsesi.org\\\/\"},{\"@type\":\"ListItem\",\"position\":2,\"name\":\"Kimlik tespit \u00e7al\u0131\u015fmalar\u0131 tamamland\u0131: Can kayb\u0131 78\"}]},{\"@type\":\"WebSite\",\"@id\":\"https:\\\/\\\/kuzeyinsesi.org\\\/#website\",\"url\":\"https:\\\/\\\/kuzeyinsesi.org\\\/\",\"name\":\"Kuzeyin Sesi\",\"description\":\"Do\u011fru Haberin Adresi\",\"potentialAction\":[{\"@type\":\"SearchAction\",\"target\":{\"@type\":\"EntryPoint\",\"urlTemplate\":\"https:\\\/\\\/kuzeyinsesi.org\\\/?s={search_term_string}\"},\"query-input\":{\"@type\":\"PropertyValueSpecification\",\"valueRequired\":true,\"valueName\":\"search_term_string\"}}],\"inLanguage\":\"tr\"},{\"@type\":\"Person\",\"@id\":\"https:\\\/\\\/kuzeyinsesi.org\\\/#\\\/schema\\\/person\\\/9f859689cdf01485597712386e37f5aa\",\"name\":\"Kuzeyin Sesi\",\"image\":{\"@type\":\"ImageObject\",\"inLanguage\":\"tr\",\"@id\":\"https:\\\/\\\/secure.gravatar.com\\\/avatar\\\/bab33852abfd8b282518d6ed81826833d77c3c882d9ab608add591ccace47a44?s=96&d=mm&r=g\",\"url\":\"https:\\\/\\\/secure.gravatar.com\\\/avatar\\\/bab33852abfd8b282518d6ed81826833d77c3c882d9ab608add591ccace47a44?s=96&d=mm&r=g\",\"contentUrl\":\"https:\\\/\\\/secure.gravatar.com\\\/avatar\\\/bab33852abfd8b282518d6ed81826833d77c3c882d9ab608add591ccace47a44?s=96&d=mm&r=g\",\"caption\":\"Kuzeyin Sesi\"},\"sameAs\":[\"https:\\\/\\\/kuzeyinsesi.org\"],\"url\":\"https:\\\/\\\/kuzeyinsesi.org\\\/index.php\\\/author\\\/guven\\\/\"}]}<\/script>\n<!-- \/ Yoast SEO plugin. -->","yoast_head_json":{"title":"Kimlik tespit \u00e7al\u0131\u015fmalar\u0131 tamamland\u0131: Can kayb\u0131 78 - Kuzeyin Sesi","robots":{"index":"index","follow":"follow","max-snippet":"max-snippet:-1","max-image-preview":"max-image-preview:large","max-video-preview":"max-video-preview:-1"},"canonical":"https:\/\/kuzeyinsesi.org\/index.php\/2025\/01\/23\/kimlik-tespit-calismalari-tamamlandi-can-kaybi-78\/","og_locale":"tr_TR","og_type":"article","og_title":"Kimlik tespit \u00e7al\u0131\u015fmalar\u0131 tamamland\u0131: Can kayb\u0131 78 - Kuzeyin Sesi","og_description":"TC Adalet Bakanl\u0131\u011f\u0131, Bolu Kartalkaya Kayak Merkezi\u2019ndeki yang\u0131nla ilgili son durumu a\u00e7\u0131klad\u0131. Bakanl\u0131k\u2019tan yap\u0131lan a\u00e7\u0131klamada can kayb\u0131n\u0131n 78 oldu\u011fu vurguland\u0131. \u201cBolu\u2019daki yang\u0131nda t\u00fcm kimlikler tespit edilmi\u015ftir. Yang\u0131nda hayat\u0131n\u0131 kaybedenlerin say\u0131s\u0131 da 78\u2019dir\u201d ifadeleri kullan\u0131ld\u0131. Adalet Bakanl\u0131\u011f\u0131, Bolu Kartalkaya Kayak Merkezi\u2019ndeki otel yang\u0131n\u0131na ili\u015fkin son bilgileri payla\u015ft\u0131. Bakanl\u0131ktan yap\u0131lan a\u00e7\u0131klamada, hayat\u0131n\u0131 kaybedenlerin tamam\u0131n\u0131n kimlik tespit \u00e7al\u0131\u015fmalar\u0131n\u0131n [&hellip;]","og_url":"https:\/\/kuzeyinsesi.org\/index.php\/2025\/01\/23\/kimlik-tespit-calismalari-tamamlandi-can-kaybi-78\/","og_site_name":"Kuzeyin Sesi","article_publisher":"https:\/\/www.facebook.com\/kuzeyinsesii","article_published_time":"2025-01-23T12:05:01+00:00","og_image":[{"url":"https:\/\/brtk.net\/wp-content\/uploads\/2025\/01\/23\/AA-36819985.jpg?ver=a449a9ec31b24a9da23c632a94290e4f","type":"","width":"","height":""}],"author":"Kuzeyin Sesi","twitter_card":"summary_large_image","twitter_creator":"@kuzeyinsesii","twitter_site":"@kuzeyinsesii","twitter_misc":{"Yazan:":"Kuzeyin Sesi","Tahmini okuma s\u00fcresi":"4 dakika"},"schema":{"@context":"https:\/\/schema.org","@graph":[{"@type":"Article","@id":"https:\/\/kuzeyinsesi.org\/index.php\/2025\/01\/23\/kimlik-tespit-calismalari-tamamlandi-can-kaybi-78\/#article","isPartOf":{"@id":"https:\/\/kuzeyinsesi.org\/index.php\/2025\/01\/23\/kimlik-tespit-calismalari-tamamlandi-can-kaybi-78\/"},"author":{"name":"Kuzeyin Sesi","@id":"https:\/\/kuzeyinsesi.org\/#\/schema\/person\/9f859689cdf01485597712386e37f5aa"},"headline":"Kimlik tespit \u00e7al\u0131\u015fmalar\u0131 tamamland\u0131: Can kayb\u0131 78","datePublished":"2025-01-23T12:05:01+00:00","mainEntityOfPage":{"@id":"https:\/\/kuzeyinsesi.org\/index.php\/2025\/01\/23\/kimlik-tespit-calismalari-tamamlandi-can-kaybi-78\/"},"wordCount":790,"commentCount":0,"image":{"@id":"https:\/\/kuzeyinsesi.org\/index.php\/2025\/01\/23\/kimlik-tespit-calismalari-tamamlandi-can-kaybi-78\/#primaryimage"},"thumbnailUrl":"https:\/\/kuzeyinsesi.org\/wp-content\/uploads\/2025\/01\/AA-36819985.jpg","articleSection":["T\u00fcrkiye"],"inLanguage":"tr","potentialAction":[{"@type":"CommentAction","name":"Comment","target":["https:\/\/kuzeyinsesi.org\/index.php\/2025\/01\/23\/kimlik-tespit-calismalari-tamamlandi-can-kaybi-78\/#respond"]}]},{"@type":"WebPage","@id":"https:\/\/kuzeyinsesi.org\/index.php\/2025\/01\/23\/kimlik-tespit-calismalari-tamamlandi-can-kaybi-78\/","url":"https:\/\/kuzeyinsesi.org\/index.php\/2025\/01\/23\/kimlik-tespit-calismalari-tamamlandi-can-kaybi-78\/","name":"Kimlik tespit \u00e7al\u0131\u015fmalar\u0131 tamamland\u0131: Can kayb\u0131 78 - Kuzeyin Sesi","isPartOf":{"@id":"https:\/\/kuzeyinsesi.org\/#website"},"primaryImageOfPage":{"@id":"https:\/\/kuzeyinsesi.org\/index.php\/2025\/01\/23\/kimlik-tespit-calismalari-tamamlandi-can-kaybi-78\/#primaryimage"},"image":{"@id":"https:\/\/kuzeyinsesi.org\/index.php\/2025\/01\/23\/kimlik-tespit-calismalari-tamamlandi-can-kaybi-78\/#primaryimage"},"thumbnailUrl":"https:\/\/kuzeyinsesi.org\/wp-content\/uploads\/2025\/01\/AA-36819985.jpg","datePublished":"2025-01-23T12:05:01+00:00","author":{"@id":"https:\/\/kuzeyinsesi.org\/#\/schema\/person\/9f859689cdf01485597712386e37f5aa"},"breadcrumb":{"@id":"https:\/\/kuzeyinsesi.org\/index.php\/2025\/01\/23\/kimlik-tespit-calismalari-tamamlandi-can-kaybi-78\/#breadcrumb"},"inLanguage":"tr","potentialAction":[{"@type":"ReadAction","target":["https:\/\/kuzeyinsesi.org\/index.php\/2025\/01\/23\/kimlik-tespit-calismalari-tamamlandi-can-kaybi-78\/"]}]},{"@type":"ImageObject","inLanguage":"tr","@id":"https:\/\/kuzeyinsesi.org\/index.php\/2025\/01\/23\/kimlik-tespit-calismalari-tamamlandi-can-kaybi-78\/#primaryimage","url":"https:\/\/kuzeyinsesi.org\/wp-content\/uploads\/2025\/01\/AA-36819985.jpg","contentUrl":"https:\/\/kuzeyinsesi.org\/wp-content\/uploads\/2025\/01\/AA-36819985.jpg","width":753,"height":493},{"@type":"BreadcrumbList","@id":"https:\/\/kuzeyinsesi.org\/index.php\/2025\/01\/23\/kimlik-tespit-calismalari-tamamlandi-can-kaybi-78\/#breadcrumb","itemListElement":[{"@type":"ListItem","position":1,"name":"Anasayfa","item":"https:\/\/kuzeyinsesi.org\/"},{"@type":"ListItem","position":2,"name":"Kimlik tespit \u00e7al\u0131\u015fmalar\u0131 tamamland\u0131: Can kayb\u0131 78"}]},{"@type":"WebSite","@id":"https:\/\/kuzeyinsesi.org\/#website","url":"https:\/\/kuzeyinsesi.org\/","name":"Kuzeyin Sesi","description":"Do\u011fru Haberin Adresi","potentialAction":[{"@type":"SearchAction","target":{"@type":"EntryPoint","urlTemplate":"https:\/\/kuzeyinsesi.org\/?s={search_term_string}"},"query-input":{"@type":"PropertyValueSpecification","valueRequired":true,"valueName":"search_term_string"}}],"inLanguage":"tr"},{"@type":"Person","@id":"https:\/\/kuzeyinsesi.org\/#\/schema\/person\/9f859689cdf01485597712386e37f5aa","name":"Kuzeyin Sesi","image":{"@type":"ImageObject","inLanguage":"tr","@id":"https:\/\/secure.gravatar.com\/avatar\/bab33852abfd8b282518d6ed81826833d77c3c882d9ab608add591ccace47a44?s=96&d=mm&r=g","url":"https:\/\/secure.gravatar.com\/avatar\/bab33852abfd8b282518d6ed81826833d77c3c882d9ab608add591ccace47a44?s=96&d=mm&r=g","contentUrl":"https:\/\/secure.gravatar.com\/avatar\/bab33852abfd8b282518d6ed81826833d77c3c882d9ab608add591ccace47a44?s=96&d=mm&r=g","caption":"Kuzeyin Sesi"},"sameAs":["https:\/\/kuzeyinsesi.org"],"url":"https:\/\/kuzeyinsesi.org\/index.php\/author\/guven\/"}]}},"_links":{"self":[{"href":"https:\/\/kuzeyinsesi.org\/index.php\/wp-json\/wp\/v2\/posts\/17843","targetHints":{"allow":["GET"]}}],"collection":[{"href":"https:\/\/kuzeyinsesi.org\/index.php\/wp-json\/wp\/v2\/posts"}],"about":[{"href":"https:\/\/kuzeyinsesi.org\/index.php\/wp-json\/wp\/v2\/types\/post"}],"author":[{"embeddable":true,"href":"https:\/\/kuzeyinsesi.org\/index.php\/wp-json\/wp\/v2\/users\/1"}],"replies":[{"embeddable":true,"href":"https:\/\/kuzeyinsesi.org\/index.php\/wp-json\/wp\/v2\/comments?post=17843"}],"version-history":[{"count":0,"href":"https:\/\/kuzeyinsesi.org\/index.php\/wp-json\/wp\/v2\/posts\/17843\/revisions"}],"wp:featuredmedia":[{"embeddable":true,"href":"https:\/\/kuzeyinsesi.org\/index.php\/wp-json\/wp\/v2\/media\/17844"}],"wp:attachment":[{"href":"https:\/\/kuzeyinsesi.org\/index.php\/wp-json\/wp\/v2\/media?parent=17843"}],"wp:term":[{"taxonomy":"category","embeddable":true,"href":"https:\/\/kuzeyinsesi.org\/index.php\/wp-json\/wp\/v2\/categories?post=17843"},{"taxonomy":"post_tag","embeddable":true,"href":"https:\/\/kuzeyinsesi.org\/index.php\/wp-json\/wp\/v2\/tags?post=17843"}],"curies":[{"name":"wp","href":"https:\/\/api.w.org\/{rel}","templated":true}]}}