{"id":17823,"date":"2025-01-23T12:55:54","date_gmt":"2025-01-23T10:55:54","guid":{"rendered":"https:\/\/kuzeyinsesi.org\/index.php\/2025\/01\/23\/turkiye-msbden-gkryya-uyari-kita-sahanligimiza-karsi-yapilacak-ihlal-sahada-derhal-engellenecek\/"},"modified":"2025-01-23T12:55:54","modified_gmt":"2025-01-23T10:55:54","slug":"turkiye-msbden-gkryya-uyari-kita-sahanligimiza-karsi-yapilacak-ihlal-sahada-derhal-engellenecek","status":"publish","type":"post","link":"https:\/\/kuzeyinsesi.org\/index.php\/2025\/01\/23\/turkiye-msbden-gkryya-uyari-kita-sahanligimiza-karsi-yapilacak-ihlal-sahada-derhal-engellenecek\/","title":{"rendered":"T\u00fcrkiye MSB\u2019den GKRY\u2019ya uyar\u0131: \u201cK\u0131ta sahanl\u0131\u011f\u0131m\u0131za kar\u015f\u0131 yap\u0131lacak ihlal sahada derhal engellenecek\u201d"},"content":{"rendered":"<div>\n<div class=\"mariselle-image-container center\">\n                                            <\/div>\n<p>T\u00fcrkiye Milli Savunma Bakanl\u0131\u011f\u0131 (MSB) kaynaklar\u0131, G\u00fcney K\u0131br\u0131s Rum Y\u00f6netimi\u2019nin (GKRY) T\u00fcrk k\u0131ta sahanl\u0131\u011f\u0131na yak\u0131n bir noktada Ocak 2025\u2019ta ba\u015flayan faaliyetlerinin yak\u0131ndan takip edildi\u011fini ve T\u00fcrk k\u0131ta sahanl\u0131\u011f\u0131na kar\u015f\u0131 yap\u0131lacak ihlalin sahada derhal engellenece\u011fini bildirdi.<\/p>\n<p>T\u00fcrkiye MSB kaynaklar\u0131, Bakanl\u0131k\u2019ta d\u00fczenlenen bas\u0131n bilgilendirme toplant\u0131s\u0131n\u0131n ard\u0131ndan gazetecilerin sorular\u0131n\u0131 yan\u0131tlad\u0131.<\/p>\n<p>G\u00fcney K\u0131br\u0131s Rum Y\u00f6netimi\u2019nin (GKRY) T\u00fcrk k\u0131ta sahanl\u0131\u011f\u0131na yak\u0131n bir noktada bulunan 5\u2019inci parselde sondaj \u00e7al\u0131\u015fmas\u0131 i\u00e7in Navtex yay\u0131mlamas\u0131yla ilgili sorular\u0131 yan\u0131tlayan kaynaklar, \u015funlar\u0131 anlatt\u0131:<\/p>\n<p>\u201cGKRY taraf\u0131ndan yay\u0131mlanan seyir ikaz\u0131, Deniz Yetki Alan\u0131m\u0131z\u0131n d\u0131\u015f\u0131nda ve 11,5 mil yani yakla\u015f\u0131k 22 kilometre g\u00fcneyinde bulunmaktad\u0131r. Bu kapsamda, bahse konu geminin 19 Ocak 2025 tarihinde ba\u015flayan faaliyetlerini yak\u0131ndan takip etmekteyiz. \u00dclkemizin ve KKTC\u2019nin hak ve menfaatleri kararl\u0131l\u0131kla savunulmaya devam edilecek, k\u0131ta sahanl\u0131\u011f\u0131m\u0131za kar\u015f\u0131 yap\u0131lacak ihlal sahada derhal engellenecektir. Devletimiz herkesten fazla bilir. Konuyu t\u00fcm boyutlar\u0131yla de\u011ferlendirerek at\u0131lmas\u0131 gereken ad\u0131mlar\u0131 belirler. Zaman\u0131 gelince o ad\u0131mlar\u0131 atar.\u201d<\/p>\n<p>\u2013 \u201cK\u0131\u015flas\u0131z bedelli askerlik\u201d iddialar\u0131<\/p>\n<p>Bakanl\u0131k kaynaklar\u0131, k\u0131\u015flas\u0131z bedelli askerlik ile ilgili iddialara ili\u015fkin, \u201c7179 say\u0131l\u0131 Askeralma Kanunu\u2019nun 9\u2019uncu maddesinin birinci f\u0131kras\u0131 h\u00fck\u00fcmlerine g\u00f6re bedelli askerlik hizmetine tabi olanlar\u0131n temel e\u011fitim s\u00fcresi 1 ayd\u0131r. Bakanl\u0131\u011f\u0131m\u0131z\u0131n temel askerlik e\u011fitiminin kald\u0131r\u0131lmas\u0131na yani \u2018k\u0131\u015flas\u0131z bedelli askerli\u011fe\u2019 y\u00f6nelik herhangi bir \u00e7al\u0131\u015fmas\u0131 bulunmamaktad\u0131r.\u201d ifadelerini kulland\u0131.<\/p>\n<p>\u2013 \u201cTSK\u2019n\u0131n Suriye\u2019deki g\u00f6revi devam etmektedir\u201d<\/p>\n<p>Suriye\u2019deki son durum ve T\u00fcrk Silahl\u0131 Kuvvetlerinin (TSK) b\u00f6lgedeki faaliyetlerine ili\u015fkin sorulara y\u00f6nelik de\u011ferlendirmelerde bulunan kaynaklar, \u015funlar\u0131 kaydetti:<\/p>\n<p>\u201cSuriye ordusunun savunma ve g\u00fcvenlik kapasitesinin g\u00fc\u00e7lendirilmesi kapsam\u0131nda Suriye y\u00f6netimiyle temas ve kar\u015f\u0131l\u0131kl\u0131 \u00e7al\u0131\u015fmalar\u0131m\u0131z devam etmektedir. Ter\u00f6r \u00f6rg\u00fct\u00fcn\u00fcn i\u015fgal etti\u011fi b\u00f6lgelerin ger\u00e7ek sahipleri olan yerel halk\u0131n, ter\u00f6r \u00f6rg\u00fct\u00fcne daha fazla tahamm\u00fcl\u00fc kalmam\u0131\u015ft\u0131r. Topraklar\u0131n\u0131 i\u015fgal eden \u00f6rg\u00fct\u00fcn derhal topraklar\u0131ndan \u00e7\u0131kmas\u0131n\u0131 istemektedirler. Ayr\u0131ca, TSK\u2019n\u0131n Suriye\u2019deki g\u00f6revi devam etmektedir. \u0130htiya\u00e7lara g\u00f6re Suriye\u2019de bulunan birliklerimizin konu\u015f de\u011fi\u015fikli\u011fine gitmesi veya farkl\u0131 b\u00f6lgelerde g\u00f6revlendirilmeleri s\u00f6z konusu olabilir.\u201d<\/p>\n<p>\u2013 Irak\u2019\u0131n kuzeyinde ter\u00f6rle m\u00fccadele<\/p>\n<p>Bakanl\u0131k kaynaklar\u0131, Pen\u00e7e-Kilit Operasyonu b\u00f6lgesinde kilidin kapat\u0131lmas\u0131n\u0131n ard\u0131ndan Irak\u2019\u0131n kuzeyindeki son duruma ili\u015fkin sorular \u00fczerine \u015fu bilgileri payla\u015ft\u0131:<\/p>\n<p>\u201cDaha \u00f6nce kilidin kapat\u0131ld\u0131\u011f\u0131n\u0131 ve b\u00f6lgede yap\u0131lacak i\u015flerin hen\u00fcz bitmedi\u011fini ifade etmi\u015ftik. Bununla birlikte kontrol alt\u0131na ald\u0131\u011f\u0131m\u0131z b\u00f6lgede arama-tarama faaliyetlerimiz devam etmektedir. Tespit etti\u011fimiz ma\u011fara, s\u0131\u011f\u0131nak, bar\u0131nak ve depolar\u0131 kullan\u0131lamaz hale getirmeye devam ediyoruz.<\/p>\n<p>Ayr\u0131ca ter\u00f6r \u00f6rg\u00fct\u00fc taraf\u0131ndan \u00e7ok miktarda tuzaklanan may\u0131n ve el yap\u0131m\u0131 patlay\u0131c\u0131lar\u0131 tespit ve imha faaliyetlerimiz s\u00fcrmektedir. Bu faaliyetlerin yan\u0131 s\u0131ra orada g\u00f6rev yapan birliklerimizin emniyetine y\u00f6nelik tahkimat faaliyetlerimiz devam etmektedir. \u00c7al\u0131\u015fmalar\u0131m\u0131z Irakl\u0131 makamlarla koordineli \u015fekilde s\u00fcrmektedir. Harekat icra etti\u011fimiz b\u00f6lgenin g\u00fcneyinde ve yerle\u015fim yerlerinde onlar\u0131n da tedbirler almakta oldu\u011funu memnuniyetle m\u00fc\u015fahede etmekteyiz. Ayr\u0131ca, Pen\u00e7e-Kilit b\u00f6lgesinin g\u00fcneyinde bulunan ter\u00f6ristlere kar\u015f\u0131 operasyonlar\u0131m\u0131z s\u00fcrmektedir. En son ter\u00f6rist etkisiz hale getirilinceye kadar m\u00fccadelemiz kararl\u0131l\u0131kla devam edecektir.\u201d<\/p>\n<\/p><\/div>\n<p><script async\n                    defer\n                    crossorigin=\"anonymous\"\n                    src=\"https:\/\/connect.facebook.net\/tr_TR\/sdk.js#xfbml=1&#038;version=v3.3\"\n            ><\/script><\/p>\n","protected":false},"excerpt":{"rendered":"<p>T\u00fcrkiye Milli Savunma Bakanl\u0131\u011f\u0131 (MSB) kaynaklar\u0131, G\u00fcney K\u0131br\u0131s Rum Y\u00f6netimi\u2019nin (GKRY) T\u00fcrk k\u0131ta sahanl\u0131\u011f\u0131na yak\u0131n bir noktada Ocak 2025\u2019ta ba\u015flayan faaliyetlerinin yak\u0131ndan takip edildi\u011fini ve T\u00fcrk k\u0131ta sahanl\u0131\u011f\u0131na kar\u015f\u0131 yap\u0131lacak ihlalin sahada derhal engellenece\u011fini bildirdi. T\u00fcrkiye MSB kaynaklar\u0131, Bakanl\u0131k\u2019ta d\u00fczenlenen bas\u0131n bilgilendirme toplant\u0131s\u0131n\u0131n ard\u0131ndan gazetecilerin sorular\u0131n\u0131 yan\u0131tlad\u0131. G\u00fcney K\u0131br\u0131s Rum Y\u00f6netimi\u2019nin (GKRY) T\u00fcrk k\u0131ta sahanl\u0131\u011f\u0131na [&hellip;]<\/p>\n","protected":false},"author":1,"featured_media":17824,"comment_status":"open","ping_status":"open","sticky":false,"template":"","format":"standard","meta":{"jnews-multi-image_gallery":[],"jnews_single_post":[],"jnews_primary_category":[],"jnews_social_meta":[],"jnews_override_counter":[],"footnotes":""},"categories":[5],"tags":[],"class_list":["post-17823","post","type-post","status-publish","format-standard","has-post-thumbnail","hentry","category-turkiye"],"yoast_head":"<!-- This site is optimized with the Yoast SEO plugin v27.5 - https:\/\/yoast.com\/product\/yoast-seo-wordpress\/ -->\n<title>T\u00fcrkiye MSB\u2019den GKRY\u2019ya uyar\u0131: \u201cK\u0131ta sahanl\u0131\u011f\u0131m\u0131za kar\u015f\u0131 yap\u0131lacak ihlal sahada derhal engellenecek\u201d - Kuzeyin Sesi<\/title>\n<meta name=\"robots\" content=\"index, follow, max-snippet:-1, max-image-preview:large, max-video-preview:-1\" \/>\n<link rel=\"canonical\" href=\"https:\/\/kuzeyinsesi.org\/index.php\/2025\/01\/23\/turkiye-msbden-gkryya-uyari-kita-sahanligimiza-karsi-yapilacak-ihlal-sahada-derhal-engellenecek\/\" \/>\n<meta property=\"og:locale\" content=\"tr_TR\" \/>\n<meta property=\"og:type\" content=\"article\" \/>\n<meta property=\"og:title\" content=\"T\u00fcrkiye MSB\u2019den GKRY\u2019ya uyar\u0131: \u201cK\u0131ta sahanl\u0131\u011f\u0131m\u0131za kar\u015f\u0131 yap\u0131lacak ihlal sahada derhal engellenecek\u201d - Kuzeyin Sesi\" \/>\n<meta property=\"og:description\" content=\"T\u00fcrkiye Milli Savunma Bakanl\u0131\u011f\u0131 (MSB) kaynaklar\u0131, G\u00fcney K\u0131br\u0131s Rum Y\u00f6netimi\u2019nin (GKRY) T\u00fcrk k\u0131ta sahanl\u0131\u011f\u0131na yak\u0131n bir noktada Ocak 2025\u2019ta ba\u015flayan faaliyetlerinin yak\u0131ndan takip edildi\u011fini ve T\u00fcrk k\u0131ta sahanl\u0131\u011f\u0131na kar\u015f\u0131 yap\u0131lacak ihlalin sahada derhal engellenece\u011fini bildirdi. T\u00fcrkiye MSB kaynaklar\u0131, Bakanl\u0131k\u2019ta d\u00fczenlenen bas\u0131n bilgilendirme toplant\u0131s\u0131n\u0131n ard\u0131ndan gazetecilerin sorular\u0131n\u0131 yan\u0131tlad\u0131. G\u00fcney K\u0131br\u0131s Rum Y\u00f6netimi\u2019nin (GKRY) T\u00fcrk k\u0131ta sahanl\u0131\u011f\u0131na [&hellip;]\" \/>\n<meta property=\"og:url\" content=\"https:\/\/kuzeyinsesi.org\/index.php\/2025\/01\/23\/turkiye-msbden-gkryya-uyari-kita-sahanligimiza-karsi-yapilacak-ihlal-sahada-derhal-engellenecek\/\" \/>\n<meta property=\"og:site_name\" content=\"Kuzeyin Sesi\" \/>\n<meta property=\"article:publisher\" content=\"https:\/\/www.facebook.com\/kuzeyinsesii\" \/>\n<meta property=\"article:published_time\" content=\"2025-01-23T10:55:54+00:00\" \/>\n<meta property=\"og:image\" content=\"https:\/\/brtk.net\/wp-content\/uploads\/2024\/11\/29\/tc-milli-savunma-KIBRIS-NATO-1.jpg?ver=6b46c9205e9a52f5034da71f3377153c\" \/>\n<meta name=\"author\" content=\"Kuzeyin Sesi\" \/>\n<meta name=\"twitter:card\" content=\"summary_large_image\" \/>\n<meta name=\"twitter:creator\" content=\"@kuzeyinsesii\" \/>\n<meta name=\"twitter:site\" content=\"@kuzeyinsesii\" \/>\n<meta name=\"twitter:label1\" content=\"Yazan:\" \/>\n\t<meta name=\"twitter:data1\" content=\"Kuzeyin Sesi\" \/>\n\t<meta name=\"twitter:label2\" content=\"Tahmini okuma s\u00fcresi\" \/>\n\t<meta name=\"twitter:data2\" content=\"3 dakika\" \/>\n<script type=\"application\/ld+json\" class=\"yoast-schema-graph\">{\"@context\":\"https:\\\/\\\/schema.org\",\"@graph\":[{\"@type\":\"Article\",\"@id\":\"https:\\\/\\\/kuzeyinsesi.org\\\/index.php\\\/2025\\\/01\\\/23\\\/turkiye-msbden-gkryya-uyari-kita-sahanligimiza-karsi-yapilacak-ihlal-sahada-derhal-engellenecek\\\/#article\",\"isPartOf\":{\"@id\":\"https:\\\/\\\/kuzeyinsesi.org\\\/index.php\\\/2025\\\/01\\\/23\\\/turkiye-msbden-gkryya-uyari-kita-sahanligimiza-karsi-yapilacak-ihlal-sahada-derhal-engellenecek\\\/\"},\"author\":{\"name\":\"Kuzeyin Sesi\",\"@id\":\"https:\\\/\\\/kuzeyinsesi.org\\\/#\\\/schema\\\/person\\\/9f859689cdf01485597712386e37f5aa\"},\"headline\":\"T\u00fcrkiye MSB\u2019den GKRY\u2019ya uyar\u0131: \u201cK\u0131ta sahanl\u0131\u011f\u0131m\u0131za kar\u015f\u0131 yap\u0131lacak ihlal sahada derhal engellenecek\u201d\",\"datePublished\":\"2025-01-23T10:55:54+00:00\",\"mainEntityOfPage\":{\"@id\":\"https:\\\/\\\/kuzeyinsesi.org\\\/index.php\\\/2025\\\/01\\\/23\\\/turkiye-msbden-gkryya-uyari-kita-sahanligimiza-karsi-yapilacak-ihlal-sahada-derhal-engellenecek\\\/\"},\"wordCount\":629,\"commentCount\":0,\"image\":{\"@id\":\"https:\\\/\\\/kuzeyinsesi.org\\\/index.php\\\/2025\\\/01\\\/23\\\/turkiye-msbden-gkryya-uyari-kita-sahanligimiza-karsi-yapilacak-ihlal-sahada-derhal-engellenecek\\\/#primaryimage\"},\"thumbnailUrl\":\"https:\\\/\\\/kuzeyinsesi.org\\\/wp-content\\\/uploads\\\/2025\\\/01\\\/1737629760_tc-milli-savunma-KIBRIS-NATO-1.jpg\",\"articleSection\":[\"T\u00fcrkiye\"],\"inLanguage\":\"tr\",\"potentialAction\":[{\"@type\":\"CommentAction\",\"name\":\"Comment\",\"target\":[\"https:\\\/\\\/kuzeyinsesi.org\\\/index.php\\\/2025\\\/01\\\/23\\\/turkiye-msbden-gkryya-uyari-kita-sahanligimiza-karsi-yapilacak-ihlal-sahada-derhal-engellenecek\\\/#respond\"]}]},{\"@type\":\"WebPage\",\"@id\":\"https:\\\/\\\/kuzeyinsesi.org\\\/index.php\\\/2025\\\/01\\\/23\\\/turkiye-msbden-gkryya-uyari-kita-sahanligimiza-karsi-yapilacak-ihlal-sahada-derhal-engellenecek\\\/\",\"url\":\"https:\\\/\\\/kuzeyinsesi.org\\\/index.php\\\/2025\\\/01\\\/23\\\/turkiye-msbden-gkryya-uyari-kita-sahanligimiza-karsi-yapilacak-ihlal-sahada-derhal-engellenecek\\\/\",\"name\":\"T\u00fcrkiye MSB\u2019den GKRY\u2019ya uyar\u0131: \u201cK\u0131ta sahanl\u0131\u011f\u0131m\u0131za kar\u015f\u0131 yap\u0131lacak ihlal sahada derhal engellenecek\u201d - Kuzeyin Sesi\",\"isPartOf\":{\"@id\":\"https:\\\/\\\/kuzeyinsesi.org\\\/#website\"},\"primaryImageOfPage\":{\"@id\":\"https:\\\/\\\/kuzeyinsesi.org\\\/index.php\\\/2025\\\/01\\\/23\\\/turkiye-msbden-gkryya-uyari-kita-sahanligimiza-karsi-yapilacak-ihlal-sahada-derhal-engellenecek\\\/#primaryimage\"},\"image\":{\"@id\":\"https:\\\/\\\/kuzeyinsesi.org\\\/index.php\\\/2025\\\/01\\\/23\\\/turkiye-msbden-gkryya-uyari-kita-sahanligimiza-karsi-yapilacak-ihlal-sahada-derhal-engellenecek\\\/#primaryimage\"},\"thumbnailUrl\":\"https:\\\/\\\/kuzeyinsesi.org\\\/wp-content\\\/uploads\\\/2025\\\/01\\\/1737629760_tc-milli-savunma-KIBRIS-NATO-1.jpg\",\"datePublished\":\"2025-01-23T10:55:54+00:00\",\"author\":{\"@id\":\"https:\\\/\\\/kuzeyinsesi.org\\\/#\\\/schema\\\/person\\\/9f859689cdf01485597712386e37f5aa\"},\"breadcrumb\":{\"@id\":\"https:\\\/\\\/kuzeyinsesi.org\\\/index.php\\\/2025\\\/01\\\/23\\\/turkiye-msbden-gkryya-uyari-kita-sahanligimiza-karsi-yapilacak-ihlal-sahada-derhal-engellenecek\\\/#breadcrumb\"},\"inLanguage\":\"tr\",\"potentialAction\":[{\"@type\":\"ReadAction\",\"target\":[\"https:\\\/\\\/kuzeyinsesi.org\\\/index.php\\\/2025\\\/01\\\/23\\\/turkiye-msbden-gkryya-uyari-kita-sahanligimiza-karsi-yapilacak-ihlal-sahada-derhal-engellenecek\\\/\"]}]},{\"@type\":\"ImageObject\",\"inLanguage\":\"tr\",\"@id\":\"https:\\\/\\\/kuzeyinsesi.org\\\/index.php\\\/2025\\\/01\\\/23\\\/turkiye-msbden-gkryya-uyari-kita-sahanligimiza-karsi-yapilacak-ihlal-sahada-derhal-engellenecek\\\/#primaryimage\",\"url\":\"https:\\\/\\\/kuzeyinsesi.org\\\/wp-content\\\/uploads\\\/2025\\\/01\\\/1737629760_tc-milli-savunma-KIBRIS-NATO-1.jpg\",\"contentUrl\":\"https:\\\/\\\/kuzeyinsesi.org\\\/wp-content\\\/uploads\\\/2025\\\/01\\\/1737629760_tc-milli-savunma-KIBRIS-NATO-1.jpg\",\"width\":1366,\"height\":773},{\"@type\":\"BreadcrumbList\",\"@id\":\"https:\\\/\\\/kuzeyinsesi.org\\\/index.php\\\/2025\\\/01\\\/23\\\/turkiye-msbden-gkryya-uyari-kita-sahanligimiza-karsi-yapilacak-ihlal-sahada-derhal-engellenecek\\\/#breadcrumb\",\"itemListElement\":[{\"@type\":\"ListItem\",\"position\":1,\"name\":\"Anasayfa\",\"item\":\"https:\\\/\\\/kuzeyinsesi.org\\\/\"},{\"@type\":\"ListItem\",\"position\":2,\"name\":\"T\u00fcrkiye MSB\u2019den GKRY\u2019ya uyar\u0131: \u201cK\u0131ta sahanl\u0131\u011f\u0131m\u0131za kar\u015f\u0131 yap\u0131lacak ihlal sahada derhal engellenecek\u201d\"}]},{\"@type\":\"WebSite\",\"@id\":\"https:\\\/\\\/kuzeyinsesi.org\\\/#website\",\"url\":\"https:\\\/\\\/kuzeyinsesi.org\\\/\",\"name\":\"Kuzeyin Sesi\",\"description\":\"Do\u011fru Haberin Adresi\",\"potentialAction\":[{\"@type\":\"SearchAction\",\"target\":{\"@type\":\"EntryPoint\",\"urlTemplate\":\"https:\\\/\\\/kuzeyinsesi.org\\\/?s={search_term_string}\"},\"query-input\":{\"@type\":\"PropertyValueSpecification\",\"valueRequired\":true,\"valueName\":\"search_term_string\"}}],\"inLanguage\":\"tr\"},{\"@type\":\"Person\",\"@id\":\"https:\\\/\\\/kuzeyinsesi.org\\\/#\\\/schema\\\/person\\\/9f859689cdf01485597712386e37f5aa\",\"name\":\"Kuzeyin Sesi\",\"image\":{\"@type\":\"ImageObject\",\"inLanguage\":\"tr\",\"@id\":\"https:\\\/\\\/secure.gravatar.com\\\/avatar\\\/bab33852abfd8b282518d6ed81826833d77c3c882d9ab608add591ccace47a44?s=96&d=mm&r=g\",\"url\":\"https:\\\/\\\/secure.gravatar.com\\\/avatar\\\/bab33852abfd8b282518d6ed81826833d77c3c882d9ab608add591ccace47a44?s=96&d=mm&r=g\",\"contentUrl\":\"https:\\\/\\\/secure.gravatar.com\\\/avatar\\\/bab33852abfd8b282518d6ed81826833d77c3c882d9ab608add591ccace47a44?s=96&d=mm&r=g\",\"caption\":\"Kuzeyin Sesi\"},\"sameAs\":[\"https:\\\/\\\/kuzeyinsesi.org\"],\"url\":\"https:\\\/\\\/kuzeyinsesi.org\\\/index.php\\\/author\\\/guven\\\/\"}]}<\/script>\n<!-- \/ Yoast SEO plugin. -->","yoast_head_json":{"title":"T\u00fcrkiye MSB\u2019den GKRY\u2019ya uyar\u0131: \u201cK\u0131ta sahanl\u0131\u011f\u0131m\u0131za kar\u015f\u0131 yap\u0131lacak ihlal sahada derhal engellenecek\u201d - Kuzeyin Sesi","robots":{"index":"index","follow":"follow","max-snippet":"max-snippet:-1","max-image-preview":"max-image-preview:large","max-video-preview":"max-video-preview:-1"},"canonical":"https:\/\/kuzeyinsesi.org\/index.php\/2025\/01\/23\/turkiye-msbden-gkryya-uyari-kita-sahanligimiza-karsi-yapilacak-ihlal-sahada-derhal-engellenecek\/","og_locale":"tr_TR","og_type":"article","og_title":"T\u00fcrkiye MSB\u2019den GKRY\u2019ya uyar\u0131: \u201cK\u0131ta sahanl\u0131\u011f\u0131m\u0131za kar\u015f\u0131 yap\u0131lacak ihlal sahada derhal engellenecek\u201d - Kuzeyin Sesi","og_description":"T\u00fcrkiye Milli Savunma Bakanl\u0131\u011f\u0131 (MSB) kaynaklar\u0131, G\u00fcney K\u0131br\u0131s Rum Y\u00f6netimi\u2019nin (GKRY) T\u00fcrk k\u0131ta sahanl\u0131\u011f\u0131na yak\u0131n bir noktada Ocak 2025\u2019ta ba\u015flayan faaliyetlerinin yak\u0131ndan takip edildi\u011fini ve T\u00fcrk k\u0131ta sahanl\u0131\u011f\u0131na kar\u015f\u0131 yap\u0131lacak ihlalin sahada derhal engellenece\u011fini bildirdi. T\u00fcrkiye MSB kaynaklar\u0131, Bakanl\u0131k\u2019ta d\u00fczenlenen bas\u0131n bilgilendirme toplant\u0131s\u0131n\u0131n ard\u0131ndan gazetecilerin sorular\u0131n\u0131 yan\u0131tlad\u0131. G\u00fcney K\u0131br\u0131s Rum Y\u00f6netimi\u2019nin (GKRY) T\u00fcrk k\u0131ta sahanl\u0131\u011f\u0131na [&hellip;]","og_url":"https:\/\/kuzeyinsesi.org\/index.php\/2025\/01\/23\/turkiye-msbden-gkryya-uyari-kita-sahanligimiza-karsi-yapilacak-ihlal-sahada-derhal-engellenecek\/","og_site_name":"Kuzeyin Sesi","article_publisher":"https:\/\/www.facebook.com\/kuzeyinsesii","article_published_time":"2025-01-23T10:55:54+00:00","og_image":[{"url":"https:\/\/brtk.net\/wp-content\/uploads\/2024\/11\/29\/tc-milli-savunma-KIBRIS-NATO-1.jpg?ver=6b46c9205e9a52f5034da71f3377153c","type":"","width":"","height":""}],"author":"Kuzeyin Sesi","twitter_card":"summary_large_image","twitter_creator":"@kuzeyinsesii","twitter_site":"@kuzeyinsesii","twitter_misc":{"Yazan:":"Kuzeyin Sesi","Tahmini okuma s\u00fcresi":"3 dakika"},"schema":{"@context":"https:\/\/schema.org","@graph":[{"@type":"Article","@id":"https:\/\/kuzeyinsesi.org\/index.php\/2025\/01\/23\/turkiye-msbden-gkryya-uyari-kita-sahanligimiza-karsi-yapilacak-ihlal-sahada-derhal-engellenecek\/#article","isPartOf":{"@id":"https:\/\/kuzeyinsesi.org\/index.php\/2025\/01\/23\/turkiye-msbden-gkryya-uyari-kita-sahanligimiza-karsi-yapilacak-ihlal-sahada-derhal-engellenecek\/"},"author":{"name":"Kuzeyin Sesi","@id":"https:\/\/kuzeyinsesi.org\/#\/schema\/person\/9f859689cdf01485597712386e37f5aa"},"headline":"T\u00fcrkiye MSB\u2019den GKRY\u2019ya uyar\u0131: \u201cK\u0131ta sahanl\u0131\u011f\u0131m\u0131za kar\u015f\u0131 yap\u0131lacak ihlal sahada derhal engellenecek\u201d","datePublished":"2025-01-23T10:55:54+00:00","mainEntityOfPage":{"@id":"https:\/\/kuzeyinsesi.org\/index.php\/2025\/01\/23\/turkiye-msbden-gkryya-uyari-kita-sahanligimiza-karsi-yapilacak-ihlal-sahada-derhal-engellenecek\/"},"wordCount":629,"commentCount":0,"image":{"@id":"https:\/\/kuzeyinsesi.org\/index.php\/2025\/01\/23\/turkiye-msbden-gkryya-uyari-kita-sahanligimiza-karsi-yapilacak-ihlal-sahada-derhal-engellenecek\/#primaryimage"},"thumbnailUrl":"https:\/\/kuzeyinsesi.org\/wp-content\/uploads\/2025\/01\/1737629760_tc-milli-savunma-KIBRIS-NATO-1.jpg","articleSection":["T\u00fcrkiye"],"inLanguage":"tr","potentialAction":[{"@type":"CommentAction","name":"Comment","target":["https:\/\/kuzeyinsesi.org\/index.php\/2025\/01\/23\/turkiye-msbden-gkryya-uyari-kita-sahanligimiza-karsi-yapilacak-ihlal-sahada-derhal-engellenecek\/#respond"]}]},{"@type":"WebPage","@id":"https:\/\/kuzeyinsesi.org\/index.php\/2025\/01\/23\/turkiye-msbden-gkryya-uyari-kita-sahanligimiza-karsi-yapilacak-ihlal-sahada-derhal-engellenecek\/","url":"https:\/\/kuzeyinsesi.org\/index.php\/2025\/01\/23\/turkiye-msbden-gkryya-uyari-kita-sahanligimiza-karsi-yapilacak-ihlal-sahada-derhal-engellenecek\/","name":"T\u00fcrkiye MSB\u2019den GKRY\u2019ya uyar\u0131: \u201cK\u0131ta sahanl\u0131\u011f\u0131m\u0131za kar\u015f\u0131 yap\u0131lacak ihlal sahada derhal engellenecek\u201d - Kuzeyin Sesi","isPartOf":{"@id":"https:\/\/kuzeyinsesi.org\/#website"},"primaryImageOfPage":{"@id":"https:\/\/kuzeyinsesi.org\/index.php\/2025\/01\/23\/turkiye-msbden-gkryya-uyari-kita-sahanligimiza-karsi-yapilacak-ihlal-sahada-derhal-engellenecek\/#primaryimage"},"image":{"@id":"https:\/\/kuzeyinsesi.org\/index.php\/2025\/01\/23\/turkiye-msbden-gkryya-uyari-kita-sahanligimiza-karsi-yapilacak-ihlal-sahada-derhal-engellenecek\/#primaryimage"},"thumbnailUrl":"https:\/\/kuzeyinsesi.org\/wp-content\/uploads\/2025\/01\/1737629760_tc-milli-savunma-KIBRIS-NATO-1.jpg","datePublished":"2025-01-23T10:55:54+00:00","author":{"@id":"https:\/\/kuzeyinsesi.org\/#\/schema\/person\/9f859689cdf01485597712386e37f5aa"},"breadcrumb":{"@id":"https:\/\/kuzeyinsesi.org\/index.php\/2025\/01\/23\/turkiye-msbden-gkryya-uyari-kita-sahanligimiza-karsi-yapilacak-ihlal-sahada-derhal-engellenecek\/#breadcrumb"},"inLanguage":"tr","potentialAction":[{"@type":"ReadAction","target":["https:\/\/kuzeyinsesi.org\/index.php\/2025\/01\/23\/turkiye-msbden-gkryya-uyari-kita-sahanligimiza-karsi-yapilacak-ihlal-sahada-derhal-engellenecek\/"]}]},{"@type":"ImageObject","inLanguage":"tr","@id":"https:\/\/kuzeyinsesi.org\/index.php\/2025\/01\/23\/turkiye-msbden-gkryya-uyari-kita-sahanligimiza-karsi-yapilacak-ihlal-sahada-derhal-engellenecek\/#primaryimage","url":"https:\/\/kuzeyinsesi.org\/wp-content\/uploads\/2025\/01\/1737629760_tc-milli-savunma-KIBRIS-NATO-1.jpg","contentUrl":"https:\/\/kuzeyinsesi.org\/wp-content\/uploads\/2025\/01\/1737629760_tc-milli-savunma-KIBRIS-NATO-1.jpg","width":1366,"height":773},{"@type":"BreadcrumbList","@id":"https:\/\/kuzeyinsesi.org\/index.php\/2025\/01\/23\/turkiye-msbden-gkryya-uyari-kita-sahanligimiza-karsi-yapilacak-ihlal-sahada-derhal-engellenecek\/#breadcrumb","itemListElement":[{"@type":"ListItem","position":1,"name":"Anasayfa","item":"https:\/\/kuzeyinsesi.org\/"},{"@type":"ListItem","position":2,"name":"T\u00fcrkiye MSB\u2019den GKRY\u2019ya uyar\u0131: \u201cK\u0131ta sahanl\u0131\u011f\u0131m\u0131za kar\u015f\u0131 yap\u0131lacak ihlal sahada derhal engellenecek\u201d"}]},{"@type":"WebSite","@id":"https:\/\/kuzeyinsesi.org\/#website","url":"https:\/\/kuzeyinsesi.org\/","name":"Kuzeyin Sesi","description":"Do\u011fru Haberin Adresi","potentialAction":[{"@type":"SearchAction","target":{"@type":"EntryPoint","urlTemplate":"https:\/\/kuzeyinsesi.org\/?s={search_term_string}"},"query-input":{"@type":"PropertyValueSpecification","valueRequired":true,"valueName":"search_term_string"}}],"inLanguage":"tr"},{"@type":"Person","@id":"https:\/\/kuzeyinsesi.org\/#\/schema\/person\/9f859689cdf01485597712386e37f5aa","name":"Kuzeyin Sesi","image":{"@type":"ImageObject","inLanguage":"tr","@id":"https:\/\/secure.gravatar.com\/avatar\/bab33852abfd8b282518d6ed81826833d77c3c882d9ab608add591ccace47a44?s=96&d=mm&r=g","url":"https:\/\/secure.gravatar.com\/avatar\/bab33852abfd8b282518d6ed81826833d77c3c882d9ab608add591ccace47a44?s=96&d=mm&r=g","contentUrl":"https:\/\/secure.gravatar.com\/avatar\/bab33852abfd8b282518d6ed81826833d77c3c882d9ab608add591ccace47a44?s=96&d=mm&r=g","caption":"Kuzeyin Sesi"},"sameAs":["https:\/\/kuzeyinsesi.org"],"url":"https:\/\/kuzeyinsesi.org\/index.php\/author\/guven\/"}]}},"_links":{"self":[{"href":"https:\/\/kuzeyinsesi.org\/index.php\/wp-json\/wp\/v2\/posts\/17823","targetHints":{"allow":["GET"]}}],"collection":[{"href":"https:\/\/kuzeyinsesi.org\/index.php\/wp-json\/wp\/v2\/posts"}],"about":[{"href":"https:\/\/kuzeyinsesi.org\/index.php\/wp-json\/wp\/v2\/types\/post"}],"author":[{"embeddable":true,"href":"https:\/\/kuzeyinsesi.org\/index.php\/wp-json\/wp\/v2\/users\/1"}],"replies":[{"embeddable":true,"href":"https:\/\/kuzeyinsesi.org\/index.php\/wp-json\/wp\/v2\/comments?post=17823"}],"version-history":[{"count":0,"href":"https:\/\/kuzeyinsesi.org\/index.php\/wp-json\/wp\/v2\/posts\/17823\/revisions"}],"wp:featuredmedia":[{"embeddable":true,"href":"https:\/\/kuzeyinsesi.org\/index.php\/wp-json\/wp\/v2\/media\/17824"}],"wp:attachment":[{"href":"https:\/\/kuzeyinsesi.org\/index.php\/wp-json\/wp\/v2\/media?parent=17823"}],"wp:term":[{"taxonomy":"category","embeddable":true,"href":"https:\/\/kuzeyinsesi.org\/index.php\/wp-json\/wp\/v2\/categories?post=17823"},{"taxonomy":"post_tag","embeddable":true,"href":"https:\/\/kuzeyinsesi.org\/index.php\/wp-json\/wp\/v2\/tags?post=17823"}],"curies":[{"name":"wp","href":"https:\/\/api.w.org\/{rel}","templated":true}]}}