{"id":17816,"date":"2025-01-23T11:25:28","date_gmt":"2025-01-23T09:25:28","guid":{"rendered":"https:\/\/kuzeyinsesi.org\/index.php\/2025\/01\/23\/hasder-kulturel-miras-gezisi-duzenledi\/"},"modified":"2025-01-23T11:25:28","modified_gmt":"2025-01-23T09:25:28","slug":"hasder-kulturel-miras-gezisi-duzenledi","status":"publish","type":"post","link":"https:\/\/kuzeyinsesi.org\/index.php\/2025\/01\/23\/hasder-kulturel-miras-gezisi-duzenledi\/","title":{"rendered":"HASDER k\u00fclt\u00fcrel miras gezisi d\u00fczenledi"},"content":{"rendered":"<div>\n<div class=\"mariselle-image-container center\">\n                                            <\/div>\n<p>Halk Sanatlar\u0131 Vakf\u0131 (HASDER), Avrupa Birli\u011fi taraf\u0131ndan finanse edilen ve K\u0131br\u0131s T\u00fcrk toplumuna y\u00f6nelik Yard\u0131m Program\u0131 kapsam\u0131nda y\u00fcr\u00fct\u00fclen \u201cGen\u00e7lik \u0130\u015f Ba\u015f\u0131nda: K\u00fclt\u00fcr Yoluyla Diyalo\u011fu Geli\u015ftiriyoruz Projesi\u201d kapsam\u0131nda K\u0131br\u0131s\u2019\u0131n k\u00fclt\u00fcrel miras\u0131n\u0131 ke\u015ffetmek i\u00e7in gezi d\u00fczenledi.<\/p>\n<p>Halk Sanatlar\u0131 Vakf\u0131\u2019ndan verilen bilgiye g\u00f6re, geziler, HASDER ile Klirou K\u00fclt\u00fcr ve Spor Derne\u011fi (PAOK) taraf\u0131ndan y\u00fcr\u00fct\u00fclen \u201cGen\u00e7lik \u0130\u015f Ba\u015f\u0131nda: K\u00fclt\u00fcr Yoluyla Diyalo\u011fu Geli\u015ftiriyoruz\u201d projesi kapsam\u0131nda \u201cK\u0131br\u0131s\u2019\u0131n zengin k\u00fclt\u00fcrel miras\u0131n\u0131 tan\u0131tmak ve korumak\u201d amac\u0131yla ger\u00e7ekle\u015ftirildi.<\/p>\n<p>Projenin bir di\u011fer aktivitesi olan \u201cK\u0131br\u0131s\u2019\u0131n K\u00fclt\u00fcrel Miras\u0131n\u0131n Tan\u0131t\u0131lmas\u0131 ve Korunmas\u0131\u201d ba\u015fl\u0131kl\u0131 \u00e7al\u0131\u015ftaylar, HASDER, PAOK Klirou, ORAMA K\u00fclt\u00fcr Derne\u011fi, G\u00fczelyurt Sanat Derne\u011fi ve Sevgi \u00c7i\u00e7e\u011fi Derne\u011fi, Ak\u00e7ay K\u00fclt\u00fcr Sanat Derne\u011fi, KASTRO Dans Grubu, Yenierenk\u00f6y K\u00fclt\u00fcr ve Sanat Derne\u011fi, PARAVASI Tiyatro ve K\u00fclt\u00fcr Derne\u011fi, Mehmetcik K\u00fclt\u00fcr ve Dayan\u0131\u015fma Derne\u011fi ile Proodos Kaymakl\u0131 E\u011fitim ve Spor Derne\u011fi \u00fcyelerinden olu\u015fan toplamda 100\u2019\u00fc a\u015fk\u0131n kat\u0131l\u0131mc\u0131yla HASDER K\u00fc\u00e7\u00fck Kaymakl\u0131 merkezinde d\u00fczenlendi.<\/p>\n<p>E\u011fitmenleri, Rehber Hasan Karl\u0131ta\u015f ile K\u0131br\u0131s\u2019\u0131n k\u00fclt\u00fcrel miras\u0131 konusunda 5 g\u00fcn s\u00fcren e\u011fitimler boyunca bilgi alan gen\u00e7ler, K\u0131br\u0131s\u2019\u0131n ortak k\u00fclt\u00fcrel miras\u0131n\u0131 ke\u015ffederken, teknolojinin k\u00fclt\u00fcr \u00fczerindeki etkilerini de tart\u0131\u015ft\u0131lar.<\/p>\n<p>\u00c7al\u0131\u015ftaylar\u0131n ard\u0131ndan gen\u00e7ler, Lefko\u015fa\u2019da bir dizi k\u00fclt\u00fcrel mek\u00e2n\u0131 ziyaret ettiler. Girne Kap\u0131s\u0131, Alikko ile Caher\u2019in heykelleri, Samanbah\u00e7e Evleri, Saray\u00f6n\u00fc Meydan\u0131 ile Venedik S\u00fctunu ve B\u00fcy\u00fck Han gibi noktalar\u0131 ziyaret ederek bilgi ald\u0131lar. Ard\u0131ndan her \u00e7ift dernek toplu bir \u015fekilde Lokmac\u0131 Kap\u0131s\u0131\u2019ndan ge\u00e7erek Faneromeni Meydan\u0131 ve Kilisesi, K\u0131br\u0131s Bankas\u0131 M\u00fczesi, Leventis M\u00fczesi ve Halk Mahallesi olarak bilinen turizm b\u00f6lgesini ziyaret ederek bilgi ald\u0131ktan sonra gezilerini Elefteria Meydan\u0131\u2019nda tamamlad\u0131lar.<\/p>\n<p>Tam g\u00fcn s\u00fcren grup \u00e7al\u0131\u015fmalar\u0131 ve ziyaretler, gen\u00e7lerin hem teorik olarak \u00f6\u011frenip ortak fikirler olu\u015fturmas\u0131na hem de K\u0131br\u0131s k\u00fclt\u00fcr\u00fcn\u00fcn simgele\u015fmi\u015f \u00f6\u011felerini yerinde deneyimlemesine olanak sa\u011flad\u0131. Aktivitenin sonunda gen\u00e7lerin mutlulu\u011fu, birlikte ge\u00e7irdikleri e\u011flenceli g\u00fcn foto\u011fraf karelerine de yans\u0131d\u0131.<\/p>\n<p>Proje, gen\u00e7ler aras\u0131nda k\u00fclt\u00fcrel diyalo\u011fu te\u015fvik ederek, K\u0131br\u0131s\u2019\u0131n zengin k\u00fclt\u00fcrel miras\u0131n\u0131 koruyarak, adan\u0131n bar\u0131\u015f ve birle\u015fme s\u00fcrecine katk\u0131da bulunmaya devam edecek.<\/p>\n<\/p><\/div>\n<p><script async\n                    defer\n                    crossorigin=\"anonymous\"\n                    src=\"https:\/\/connect.facebook.net\/tr_TR\/sdk.js#xfbml=1&#038;version=v3.3\"\n            ><\/script><\/p>\n","protected":false},"excerpt":{"rendered":"<p>Halk Sanatlar\u0131 Vakf\u0131 (HASDER), Avrupa Birli\u011fi taraf\u0131ndan finanse edilen ve K\u0131br\u0131s T\u00fcrk toplumuna y\u00f6nelik Yard\u0131m Program\u0131 kapsam\u0131nda y\u00fcr\u00fct\u00fclen \u201cGen\u00e7lik \u0130\u015f Ba\u015f\u0131nda: K\u00fclt\u00fcr Yoluyla Diyalo\u011fu Geli\u015ftiriyoruz Projesi\u201d kapsam\u0131nda K\u0131br\u0131s\u2019\u0131n k\u00fclt\u00fcrel miras\u0131n\u0131 ke\u015ffetmek i\u00e7in gezi d\u00fczenledi. Halk Sanatlar\u0131 Vakf\u0131\u2019ndan verilen bilgiye g\u00f6re, geziler, HASDER ile Klirou K\u00fclt\u00fcr ve Spor Derne\u011fi (PAOK) taraf\u0131ndan y\u00fcr\u00fct\u00fclen \u201cGen\u00e7lik \u0130\u015f Ba\u015f\u0131nda: K\u00fclt\u00fcr [&hellip;]<\/p>\n","protected":false},"author":1,"featured_media":17817,"comment_status":"open","ping_status":"open","sticky":false,"template":"","format":"standard","meta":{"jnews-multi-image_gallery":[],"jnews_single_post":[],"jnews_primary_category":[],"jnews_social_meta":[],"jnews_override_counter":[],"footnotes":""},"categories":[6],"tags":[],"class_list":["post-17816","post","type-post","status-publish","format-standard","has-post-thumbnail","hentry","category-yasam"],"yoast_head":"<!-- This site is optimized with the Yoast SEO plugin v27.4 - https:\/\/yoast.com\/product\/yoast-seo-wordpress\/ -->\n<title>HASDER k\u00fclt\u00fcrel miras gezisi d\u00fczenledi - Kuzeyin Sesi<\/title>\n<meta name=\"robots\" content=\"index, follow, max-snippet:-1, max-image-preview:large, max-video-preview:-1\" \/>\n<link rel=\"canonical\" href=\"https:\/\/kuzeyinsesi.org\/index.php\/2025\/01\/23\/hasder-kulturel-miras-gezisi-duzenledi\/\" \/>\n<meta property=\"og:locale\" content=\"tr_TR\" \/>\n<meta property=\"og:type\" content=\"article\" \/>\n<meta property=\"og:title\" content=\"HASDER k\u00fclt\u00fcrel miras gezisi d\u00fczenledi - Kuzeyin Sesi\" \/>\n<meta property=\"og:description\" content=\"Halk Sanatlar\u0131 Vakf\u0131 (HASDER), Avrupa Birli\u011fi taraf\u0131ndan finanse edilen ve K\u0131br\u0131s T\u00fcrk toplumuna y\u00f6nelik Yard\u0131m Program\u0131 kapsam\u0131nda y\u00fcr\u00fct\u00fclen \u201cGen\u00e7lik \u0130\u015f Ba\u015f\u0131nda: K\u00fclt\u00fcr Yoluyla Diyalo\u011fu Geli\u015ftiriyoruz Projesi\u201d kapsam\u0131nda K\u0131br\u0131s\u2019\u0131n k\u00fclt\u00fcrel miras\u0131n\u0131 ke\u015ffetmek i\u00e7in gezi d\u00fczenledi. Halk Sanatlar\u0131 Vakf\u0131\u2019ndan verilen bilgiye g\u00f6re, geziler, HASDER ile Klirou K\u00fclt\u00fcr ve Spor Derne\u011fi (PAOK) taraf\u0131ndan y\u00fcr\u00fct\u00fclen \u201cGen\u00e7lik \u0130\u015f Ba\u015f\u0131nda: K\u00fclt\u00fcr [&hellip;]\" \/>\n<meta property=\"og:url\" content=\"https:\/\/kuzeyinsesi.org\/index.php\/2025\/01\/23\/hasder-kulturel-miras-gezisi-duzenledi\/\" \/>\n<meta property=\"og:site_name\" content=\"Kuzeyin Sesi\" \/>\n<meta property=\"article:publisher\" content=\"https:\/\/www.facebook.com\/kuzeyinsesii\" \/>\n<meta property=\"article:published_time\" content=\"2025-01-23T09:25:28+00:00\" \/>\n<meta property=\"og:image\" content=\"https:\/\/brtk.net\/wp-content\/uploads\/2025\/01\/23\/1737617057842HASDER-Youth-Hope-Netwrok-PR.png?ver=f8e6e4849cd0ab2b2a48df8029af0ded\" \/>\n<meta name=\"author\" content=\"Kuzeyin Sesi\" \/>\n<meta name=\"twitter:card\" content=\"summary_large_image\" \/>\n<meta name=\"twitter:creator\" content=\"@kuzeyinsesii\" \/>\n<meta name=\"twitter:site\" content=\"@kuzeyinsesii\" \/>\n<meta name=\"twitter:label1\" content=\"Yazan:\" \/>\n\t<meta name=\"twitter:data1\" content=\"Kuzeyin Sesi\" \/>\n\t<meta name=\"twitter:label2\" content=\"Tahmini okuma s\u00fcresi\" \/>\n\t<meta name=\"twitter:data2\" content=\"2 dakika\" \/>\n<script type=\"application\/ld+json\" class=\"yoast-schema-graph\">{\"@context\":\"https:\\\/\\\/schema.org\",\"@graph\":[{\"@type\":\"Article\",\"@id\":\"https:\\\/\\\/kuzeyinsesi.org\\\/index.php\\\/2025\\\/01\\\/23\\\/hasder-kulturel-miras-gezisi-duzenledi\\\/#article\",\"isPartOf\":{\"@id\":\"https:\\\/\\\/kuzeyinsesi.org\\\/index.php\\\/2025\\\/01\\\/23\\\/hasder-kulturel-miras-gezisi-duzenledi\\\/\"},\"author\":{\"name\":\"Kuzeyin Sesi\",\"@id\":\"https:\\\/\\\/kuzeyinsesi.org\\\/#\\\/schema\\\/person\\\/9f859689cdf01485597712386e37f5aa\"},\"headline\":\"HASDER k\u00fclt\u00fcrel miras gezisi d\u00fczenledi\",\"datePublished\":\"2025-01-23T09:25:28+00:00\",\"mainEntityOfPage\":{\"@id\":\"https:\\\/\\\/kuzeyinsesi.org\\\/index.php\\\/2025\\\/01\\\/23\\\/hasder-kulturel-miras-gezisi-duzenledi\\\/\"},\"wordCount\":479,\"commentCount\":0,\"image\":{\"@id\":\"https:\\\/\\\/kuzeyinsesi.org\\\/index.php\\\/2025\\\/01\\\/23\\\/hasder-kulturel-miras-gezisi-duzenledi\\\/#primaryimage\"},\"thumbnailUrl\":\"https:\\\/\\\/kuzeyinsesi.org\\\/wp-content\\\/uploads\\\/2025\\\/01\\\/1737617057842HASDER-Youth-Hope-Netwrok-PR.png\",\"articleSection\":[\"Ya\u015fam\"],\"inLanguage\":\"tr\",\"potentialAction\":[{\"@type\":\"CommentAction\",\"name\":\"Comment\",\"target\":[\"https:\\\/\\\/kuzeyinsesi.org\\\/index.php\\\/2025\\\/01\\\/23\\\/hasder-kulturel-miras-gezisi-duzenledi\\\/#respond\"]}]},{\"@type\":\"WebPage\",\"@id\":\"https:\\\/\\\/kuzeyinsesi.org\\\/index.php\\\/2025\\\/01\\\/23\\\/hasder-kulturel-miras-gezisi-duzenledi\\\/\",\"url\":\"https:\\\/\\\/kuzeyinsesi.org\\\/index.php\\\/2025\\\/01\\\/23\\\/hasder-kulturel-miras-gezisi-duzenledi\\\/\",\"name\":\"HASDER k\u00fclt\u00fcrel miras gezisi d\u00fczenledi - Kuzeyin Sesi\",\"isPartOf\":{\"@id\":\"https:\\\/\\\/kuzeyinsesi.org\\\/#website\"},\"primaryImageOfPage\":{\"@id\":\"https:\\\/\\\/kuzeyinsesi.org\\\/index.php\\\/2025\\\/01\\\/23\\\/hasder-kulturel-miras-gezisi-duzenledi\\\/#primaryimage\"},\"image\":{\"@id\":\"https:\\\/\\\/kuzeyinsesi.org\\\/index.php\\\/2025\\\/01\\\/23\\\/hasder-kulturel-miras-gezisi-duzenledi\\\/#primaryimage\"},\"thumbnailUrl\":\"https:\\\/\\\/kuzeyinsesi.org\\\/wp-content\\\/uploads\\\/2025\\\/01\\\/1737617057842HASDER-Youth-Hope-Netwrok-PR.png\",\"datePublished\":\"2025-01-23T09:25:28+00:00\",\"author\":{\"@id\":\"https:\\\/\\\/kuzeyinsesi.org\\\/#\\\/schema\\\/person\\\/9f859689cdf01485597712386e37f5aa\"},\"breadcrumb\":{\"@id\":\"https:\\\/\\\/kuzeyinsesi.org\\\/index.php\\\/2025\\\/01\\\/23\\\/hasder-kulturel-miras-gezisi-duzenledi\\\/#breadcrumb\"},\"inLanguage\":\"tr\",\"potentialAction\":[{\"@type\":\"ReadAction\",\"target\":[\"https:\\\/\\\/kuzeyinsesi.org\\\/index.php\\\/2025\\\/01\\\/23\\\/hasder-kulturel-miras-gezisi-duzenledi\\\/\"]}]},{\"@type\":\"ImageObject\",\"inLanguage\":\"tr\",\"@id\":\"https:\\\/\\\/kuzeyinsesi.org\\\/index.php\\\/2025\\\/01\\\/23\\\/hasder-kulturel-miras-gezisi-duzenledi\\\/#primaryimage\",\"url\":\"https:\\\/\\\/kuzeyinsesi.org\\\/wp-content\\\/uploads\\\/2025\\\/01\\\/1737617057842HASDER-Youth-Hope-Netwrok-PR.png\",\"contentUrl\":\"https:\\\/\\\/kuzeyinsesi.org\\\/wp-content\\\/uploads\\\/2025\\\/01\\\/1737617057842HASDER-Youth-Hope-Netwrok-PR.png\",\"width\":3000,\"height\":2000},{\"@type\":\"BreadcrumbList\",\"@id\":\"https:\\\/\\\/kuzeyinsesi.org\\\/index.php\\\/2025\\\/01\\\/23\\\/hasder-kulturel-miras-gezisi-duzenledi\\\/#breadcrumb\",\"itemListElement\":[{\"@type\":\"ListItem\",\"position\":1,\"name\":\"Anasayfa\",\"item\":\"https:\\\/\\\/kuzeyinsesi.org\\\/\"},{\"@type\":\"ListItem\",\"position\":2,\"name\":\"HASDER k\u00fclt\u00fcrel miras gezisi d\u00fczenledi\"}]},{\"@type\":\"WebSite\",\"@id\":\"https:\\\/\\\/kuzeyinsesi.org\\\/#website\",\"url\":\"https:\\\/\\\/kuzeyinsesi.org\\\/\",\"name\":\"Kuzeyin Sesi\",\"description\":\"Do\u011fru Haberin Adresi\",\"potentialAction\":[{\"@type\":\"SearchAction\",\"target\":{\"@type\":\"EntryPoint\",\"urlTemplate\":\"https:\\\/\\\/kuzeyinsesi.org\\\/?s={search_term_string}\"},\"query-input\":{\"@type\":\"PropertyValueSpecification\",\"valueRequired\":true,\"valueName\":\"search_term_string\"}}],\"inLanguage\":\"tr\"},{\"@type\":\"Person\",\"@id\":\"https:\\\/\\\/kuzeyinsesi.org\\\/#\\\/schema\\\/person\\\/9f859689cdf01485597712386e37f5aa\",\"name\":\"Kuzeyin Sesi\",\"image\":{\"@type\":\"ImageObject\",\"inLanguage\":\"tr\",\"@id\":\"https:\\\/\\\/secure.gravatar.com\\\/avatar\\\/bab33852abfd8b282518d6ed81826833d77c3c882d9ab608add591ccace47a44?s=96&d=mm&r=g\",\"url\":\"https:\\\/\\\/secure.gravatar.com\\\/avatar\\\/bab33852abfd8b282518d6ed81826833d77c3c882d9ab608add591ccace47a44?s=96&d=mm&r=g\",\"contentUrl\":\"https:\\\/\\\/secure.gravatar.com\\\/avatar\\\/bab33852abfd8b282518d6ed81826833d77c3c882d9ab608add591ccace47a44?s=96&d=mm&r=g\",\"caption\":\"Kuzeyin Sesi\"},\"sameAs\":[\"https:\\\/\\\/kuzeyinsesi.org\"],\"url\":\"https:\\\/\\\/kuzeyinsesi.org\\\/index.php\\\/author\\\/guven\\\/\"}]}<\/script>\n<!-- \/ Yoast SEO plugin. -->","yoast_head_json":{"title":"HASDER k\u00fclt\u00fcrel miras gezisi d\u00fczenledi - Kuzeyin Sesi","robots":{"index":"index","follow":"follow","max-snippet":"max-snippet:-1","max-image-preview":"max-image-preview:large","max-video-preview":"max-video-preview:-1"},"canonical":"https:\/\/kuzeyinsesi.org\/index.php\/2025\/01\/23\/hasder-kulturel-miras-gezisi-duzenledi\/","og_locale":"tr_TR","og_type":"article","og_title":"HASDER k\u00fclt\u00fcrel miras gezisi d\u00fczenledi - Kuzeyin Sesi","og_description":"Halk Sanatlar\u0131 Vakf\u0131 (HASDER), Avrupa Birli\u011fi taraf\u0131ndan finanse edilen ve K\u0131br\u0131s T\u00fcrk toplumuna y\u00f6nelik Yard\u0131m Program\u0131 kapsam\u0131nda y\u00fcr\u00fct\u00fclen \u201cGen\u00e7lik \u0130\u015f Ba\u015f\u0131nda: K\u00fclt\u00fcr Yoluyla Diyalo\u011fu Geli\u015ftiriyoruz Projesi\u201d kapsam\u0131nda K\u0131br\u0131s\u2019\u0131n k\u00fclt\u00fcrel miras\u0131n\u0131 ke\u015ffetmek i\u00e7in gezi d\u00fczenledi. Halk Sanatlar\u0131 Vakf\u0131\u2019ndan verilen bilgiye g\u00f6re, geziler, HASDER ile Klirou K\u00fclt\u00fcr ve Spor Derne\u011fi (PAOK) taraf\u0131ndan y\u00fcr\u00fct\u00fclen \u201cGen\u00e7lik \u0130\u015f Ba\u015f\u0131nda: K\u00fclt\u00fcr [&hellip;]","og_url":"https:\/\/kuzeyinsesi.org\/index.php\/2025\/01\/23\/hasder-kulturel-miras-gezisi-duzenledi\/","og_site_name":"Kuzeyin Sesi","article_publisher":"https:\/\/www.facebook.com\/kuzeyinsesii","article_published_time":"2025-01-23T09:25:28+00:00","og_image":[{"url":"https:\/\/brtk.net\/wp-content\/uploads\/2025\/01\/23\/1737617057842HASDER-Youth-Hope-Netwrok-PR.png?ver=f8e6e4849cd0ab2b2a48df8029af0ded","type":"","width":"","height":""}],"author":"Kuzeyin Sesi","twitter_card":"summary_large_image","twitter_creator":"@kuzeyinsesii","twitter_site":"@kuzeyinsesii","twitter_misc":{"Yazan:":"Kuzeyin Sesi","Tahmini okuma s\u00fcresi":"2 dakika"},"schema":{"@context":"https:\/\/schema.org","@graph":[{"@type":"Article","@id":"https:\/\/kuzeyinsesi.org\/index.php\/2025\/01\/23\/hasder-kulturel-miras-gezisi-duzenledi\/#article","isPartOf":{"@id":"https:\/\/kuzeyinsesi.org\/index.php\/2025\/01\/23\/hasder-kulturel-miras-gezisi-duzenledi\/"},"author":{"name":"Kuzeyin Sesi","@id":"https:\/\/kuzeyinsesi.org\/#\/schema\/person\/9f859689cdf01485597712386e37f5aa"},"headline":"HASDER k\u00fclt\u00fcrel miras gezisi d\u00fczenledi","datePublished":"2025-01-23T09:25:28+00:00","mainEntityOfPage":{"@id":"https:\/\/kuzeyinsesi.org\/index.php\/2025\/01\/23\/hasder-kulturel-miras-gezisi-duzenledi\/"},"wordCount":479,"commentCount":0,"image":{"@id":"https:\/\/kuzeyinsesi.org\/index.php\/2025\/01\/23\/hasder-kulturel-miras-gezisi-duzenledi\/#primaryimage"},"thumbnailUrl":"https:\/\/kuzeyinsesi.org\/wp-content\/uploads\/2025\/01\/1737617057842HASDER-Youth-Hope-Netwrok-PR.png","articleSection":["Ya\u015fam"],"inLanguage":"tr","potentialAction":[{"@type":"CommentAction","name":"Comment","target":["https:\/\/kuzeyinsesi.org\/index.php\/2025\/01\/23\/hasder-kulturel-miras-gezisi-duzenledi\/#respond"]}]},{"@type":"WebPage","@id":"https:\/\/kuzeyinsesi.org\/index.php\/2025\/01\/23\/hasder-kulturel-miras-gezisi-duzenledi\/","url":"https:\/\/kuzeyinsesi.org\/index.php\/2025\/01\/23\/hasder-kulturel-miras-gezisi-duzenledi\/","name":"HASDER k\u00fclt\u00fcrel miras gezisi d\u00fczenledi - Kuzeyin Sesi","isPartOf":{"@id":"https:\/\/kuzeyinsesi.org\/#website"},"primaryImageOfPage":{"@id":"https:\/\/kuzeyinsesi.org\/index.php\/2025\/01\/23\/hasder-kulturel-miras-gezisi-duzenledi\/#primaryimage"},"image":{"@id":"https:\/\/kuzeyinsesi.org\/index.php\/2025\/01\/23\/hasder-kulturel-miras-gezisi-duzenledi\/#primaryimage"},"thumbnailUrl":"https:\/\/kuzeyinsesi.org\/wp-content\/uploads\/2025\/01\/1737617057842HASDER-Youth-Hope-Netwrok-PR.png","datePublished":"2025-01-23T09:25:28+00:00","author":{"@id":"https:\/\/kuzeyinsesi.org\/#\/schema\/person\/9f859689cdf01485597712386e37f5aa"},"breadcrumb":{"@id":"https:\/\/kuzeyinsesi.org\/index.php\/2025\/01\/23\/hasder-kulturel-miras-gezisi-duzenledi\/#breadcrumb"},"inLanguage":"tr","potentialAction":[{"@type":"ReadAction","target":["https:\/\/kuzeyinsesi.org\/index.php\/2025\/01\/23\/hasder-kulturel-miras-gezisi-duzenledi\/"]}]},{"@type":"ImageObject","inLanguage":"tr","@id":"https:\/\/kuzeyinsesi.org\/index.php\/2025\/01\/23\/hasder-kulturel-miras-gezisi-duzenledi\/#primaryimage","url":"https:\/\/kuzeyinsesi.org\/wp-content\/uploads\/2025\/01\/1737617057842HASDER-Youth-Hope-Netwrok-PR.png","contentUrl":"https:\/\/kuzeyinsesi.org\/wp-content\/uploads\/2025\/01\/1737617057842HASDER-Youth-Hope-Netwrok-PR.png","width":3000,"height":2000},{"@type":"BreadcrumbList","@id":"https:\/\/kuzeyinsesi.org\/index.php\/2025\/01\/23\/hasder-kulturel-miras-gezisi-duzenledi\/#breadcrumb","itemListElement":[{"@type":"ListItem","position":1,"name":"Anasayfa","item":"https:\/\/kuzeyinsesi.org\/"},{"@type":"ListItem","position":2,"name":"HASDER k\u00fclt\u00fcrel miras gezisi d\u00fczenledi"}]},{"@type":"WebSite","@id":"https:\/\/kuzeyinsesi.org\/#website","url":"https:\/\/kuzeyinsesi.org\/","name":"Kuzeyin Sesi","description":"Do\u011fru Haberin Adresi","potentialAction":[{"@type":"SearchAction","target":{"@type":"EntryPoint","urlTemplate":"https:\/\/kuzeyinsesi.org\/?s={search_term_string}"},"query-input":{"@type":"PropertyValueSpecification","valueRequired":true,"valueName":"search_term_string"}}],"inLanguage":"tr"},{"@type":"Person","@id":"https:\/\/kuzeyinsesi.org\/#\/schema\/person\/9f859689cdf01485597712386e37f5aa","name":"Kuzeyin Sesi","image":{"@type":"ImageObject","inLanguage":"tr","@id":"https:\/\/secure.gravatar.com\/avatar\/bab33852abfd8b282518d6ed81826833d77c3c882d9ab608add591ccace47a44?s=96&d=mm&r=g","url":"https:\/\/secure.gravatar.com\/avatar\/bab33852abfd8b282518d6ed81826833d77c3c882d9ab608add591ccace47a44?s=96&d=mm&r=g","contentUrl":"https:\/\/secure.gravatar.com\/avatar\/bab33852abfd8b282518d6ed81826833d77c3c882d9ab608add591ccace47a44?s=96&d=mm&r=g","caption":"Kuzeyin Sesi"},"sameAs":["https:\/\/kuzeyinsesi.org"],"url":"https:\/\/kuzeyinsesi.org\/index.php\/author\/guven\/"}]}},"_links":{"self":[{"href":"https:\/\/kuzeyinsesi.org\/index.php\/wp-json\/wp\/v2\/posts\/17816","targetHints":{"allow":["GET"]}}],"collection":[{"href":"https:\/\/kuzeyinsesi.org\/index.php\/wp-json\/wp\/v2\/posts"}],"about":[{"href":"https:\/\/kuzeyinsesi.org\/index.php\/wp-json\/wp\/v2\/types\/post"}],"author":[{"embeddable":true,"href":"https:\/\/kuzeyinsesi.org\/index.php\/wp-json\/wp\/v2\/users\/1"}],"replies":[{"embeddable":true,"href":"https:\/\/kuzeyinsesi.org\/index.php\/wp-json\/wp\/v2\/comments?post=17816"}],"version-history":[{"count":0,"href":"https:\/\/kuzeyinsesi.org\/index.php\/wp-json\/wp\/v2\/posts\/17816\/revisions"}],"wp:featuredmedia":[{"embeddable":true,"href":"https:\/\/kuzeyinsesi.org\/index.php\/wp-json\/wp\/v2\/media\/17817"}],"wp:attachment":[{"href":"https:\/\/kuzeyinsesi.org\/index.php\/wp-json\/wp\/v2\/media?parent=17816"}],"wp:term":[{"taxonomy":"category","embeddable":true,"href":"https:\/\/kuzeyinsesi.org\/index.php\/wp-json\/wp\/v2\/categories?post=17816"},{"taxonomy":"post_tag","embeddable":true,"href":"https:\/\/kuzeyinsesi.org\/index.php\/wp-json\/wp\/v2\/tags?post=17816"}],"curies":[{"name":"wp","href":"https:\/\/api.w.org\/{rel}","templated":true}]}}