{"id":17812,"date":"2025-01-23T11:13:25","date_gmt":"2025-01-23T09:13:25","guid":{"rendered":"https:\/\/kuzeyinsesi.org\/index.php\/2025\/01\/23\/kallasdan-turkiye-ziyareti-oncesi-aciklama-turkiyeyi-ziyaret-etmenin-tam-zamani\/"},"modified":"2025-01-23T11:13:25","modified_gmt":"2025-01-23T09:13:25","slug":"kallasdan-turkiye-ziyareti-oncesi-aciklama-turkiyeyi-ziyaret-etmenin-tam-zamani","status":"publish","type":"post","link":"https:\/\/kuzeyinsesi.org\/index.php\/2025\/01\/23\/kallasdan-turkiye-ziyareti-oncesi-aciklama-turkiyeyi-ziyaret-etmenin-tam-zamani\/","title":{"rendered":"Kallas\u2019dan T\u00fcrkiye ziyareti \u00f6ncesi a\u00e7\u0131klama: \u201cT\u00fcrkiye\u2019yi ziyaret etmenin tam zaman\u0131\u201d"},"content":{"rendered":"<div>\n<div class=\"mariselle-image-container center\">\n                                            <\/div>\n<p>Avrupa Birli\u011fi (AB) D\u0131\u015f \u0130li\u015fkiler ve G\u00fcvenlik Politikas\u0131 Y\u00fcksek Temsilcisi Kaja Kallas, b\u00f6lgesel konular ba\u015fta olmak \u00fczere i\u015fbirli\u011finde \u00f6nemli bir akt\u00f6r olarak g\u00f6rd\u00fc\u011f\u00fc T\u00fcrkiye\u2019nin AB\u2019ye aday, ortak \u00e7\u0131karlara sahip stratejik ortak oldu\u011funun alt\u0131n\u0131 \u00e7izerek; \u201cT\u00fcrkiye\u2019yi ziyaret etmenin tam zaman\u0131 ve bunu ger\u00e7ekten g\u00f6rev s\u00fcremin ilk b\u00f6l\u00fcm\u00fcnde yapaca\u011f\u0131m. Bir\u00e7ok konumuz var. B\u00f6lgesel g\u00fcvenli\u011fin yan\u0131 s\u0131ra \u00f6rne\u011fin enerji gibi farkl\u0131 noktalarda i\u015fbirli\u011fini g\u00f6r\u00fc\u015febiliriz.\u201d de\u011ferlendirmesinde bulundu.<\/p>\n<p>Kallas, 24 Ocak\u2019ta b\u00f6lgesel geli\u015fmeleri ve T\u00fcrkiye-AB ili\u015fkilerini ele almak \u00fczere T\u00fcrkiye\u2019ye yapaca\u011f\u0131 ziyaretin yan\u0131 s\u0131ra, AB\u2019nin d\u0131\u015f politika ve savunma ajandas\u0131n\u0131, Suriye\u2019deki yeni y\u00f6netimle y\u00fcr\u00fct\u00fclecek ili\u015fkileri, Gazze\u2019deki ate\u015fkesin kal\u0131c\u0131 olmas\u0131 i\u00e7in \u00e7abalar\u0131 ve yeni ABD y\u00f6netimi ile masaya yat\u0131racaklar\u0131 ana ba\u015fl\u0131klar\u0131 AA muhabirine de\u011ferlendirdi.<\/p>\n<p>\u2013 \u201cT\u00fcrkiye\u2019yi ziyaret etmenin tam zaman\u0131\u201d<\/p>\n<p>Soru: T\u00fcrkiye\u2019yi ziyaretinizden \u00f6nce; T\u00fcrkiye-AB ili\u015fkilerinin mevcut durumunu ve ili\u015fkilerin gelece\u011fini de\u011ferlendirebilir misiniz? Mesaj\u0131n\u0131z nedir?<\/p>\n<p>Kallas: T\u00fcrkiye, stratejik \u00f6neme sahip orta\u011f\u0131m\u0131zd\u0131r. Dolay\u0131s\u0131yla T\u00fcrkiye ile kapsaml\u0131 ortakl\u0131klar kurmak istedi\u011fimiz a\u00e7\u0131k. Son ziyaret 2022\u2019deydi, bu y\u00fczden T\u00fcrkiye\u2019yi ziyaret etmenin tam zaman\u0131 ve bunu tam olarak g\u00f6rev s\u00fcremin ilk b\u00f6l\u00fcm\u00fcnde yapaca\u011f\u0131m. Bir\u00e7ok konumuz var. B\u00f6lgesel g\u00fcvenli\u011fin yan\u0131 s\u0131ra \u00f6rne\u011fin enerji gibi farkl\u0131 noktalarda i\u015fbirli\u011fini g\u00f6r\u00fc\u015febiliriz. Bu nedenle daha fazla i\u015fbirli\u011fine kesinlikle yer var.<\/p>\n<p>-\u201c\u0130kimiz de Do\u011fu Akdeniz\u2019de istikrarl\u0131 ve g\u00fcvenli bir ortama ilgi duyuyoruz\u201d<\/p>\n<p>Soru: T\u00fcrkiye\u2019yi sadece b\u00f6lgesel i\u015fbirli\u011fi i\u00e7in bir akt\u00f6r olarak m\u0131 g\u00f6r\u00fcyorsunuz, yoksa T\u00fcrkiye\u2019nin AB\u2019ye aday \u00fclke oldu\u011fu ger\u00e7e\u011fini de dikkate al\u0131yor musunuz? Ziyaretinizi T\u00fcrkiye-AB Y\u00fcksek D\u00fczeyli Siyasi Diyalog ve T\u00fcrkiye-AB Ortakl\u0131k Konseyinin yeniden canland\u0131r\u0131lmas\u0131na imkan verecek bir \u00f6n ad\u0131m olarak yorumlayabilir miyiz?<\/p>\n<p>Kallas: \u0130kimiz de Do\u011fu Akdeniz\u2019de istikrarl\u0131 ve g\u00fcvenli bir ortama ilgi duyuyoruz. Bu, Suriye\u2019ye ili\u015fkin ortak \u00e7\u0131kar\u0131m\u0131z. Ayr\u0131ca, bu \u00fclkenin do\u011fru y\u00f6nde geli\u015fmesine, toprak b\u00fct\u00fcnl\u00fc\u011f\u00fc ve egemenli\u011fine olan ilgimiz de ortak. Di\u011fer yandan Gazze\u2019de ate\u015fkes devam ediyor ve bar\u0131\u015f, halk i\u00e7in \u00f6nemli. Dolay\u0131s\u0131yla bunlar e\u015f zamanl\u0131 \u00e7al\u0131\u015fabilece\u011fimiz konular. Elbette, aday \u00fclke stat\u00fcs\u00fcne sahibiz. T\u00fcrkiye, aday \u00fclke stat\u00fcs\u00fcnde olmaya devam ediyor. Ancak bu s\u00fcre\u00e7 duraklam\u0131\u015f vaziyette. 27 \u00fcye \u00fclkeyle ayn\u0131 do\u011frultuda \u00e7\u00f6z\u00fclmesi gereken konular var. Elbette K\u0131br\u0131s hakk\u0131ndaki mesele var, insan haklar\u0131, hukukun \u00fcst\u00fcnl\u00fc\u011f\u00fc, temel haklar konular\u0131 tart\u0131\u015fmam\u0131z gereken konular. Dolay\u0131s\u0131yla bunlar bizim temas noktalar\u0131m\u0131z.<\/p>\n<p>Soru: Sizce NATO\u2019dan ayr\u0131 bir Avrupa savunma sistemi kurulmal\u0131 m\u0131; yoksa bunun, NATO\u2019nun halihaz\u0131rda yapt\u0131klar\u0131n\u0131 m\u00fckerrere d\u00fc\u015f\u00fcrme riski var m\u0131?<\/p>\n<p>Kallas: NATO\u2019nun halihaz\u0131rda yapt\u0131klar\u0131n\u0131 m\u00fckerrere d\u00fc\u015f\u00fcrmemeliyiz. AB\u2019de 27 ordumuz var ve hepsi birlikte i\u015fbirli\u011fi yapt\u0131\u011f\u0131m\u0131z bu kolektif savunmaya katk\u0131da bulunmal\u0131. Her \u00fclkenin bir savunma planlamas\u0131 ve bir savunma b\u00fct\u00e7esi var. Yani \u201cAvrupa ordusuna ihtiyac\u0131m\u0131z var.\u201d diyemeyiz ancak bu 27 \u00fcyenin NATO ve AB s\u00f6z konusu oldu\u011funda \u00e7ok iyi bir \u015fekilde birlikte \u00e7al\u0131\u015fmas\u0131na ihtiyac\u0131m\u0131z var. NATO i\u00e7inde 23 \u00fcyemiz var, bu da bizi (AB ve NATO) do\u011fal ortaklar yap\u0131yor. Ancak elbette NATO\u2019da birlikte \u00e7al\u0131\u015fmam\u0131z gereken daha fazla m\u00fcttefik var ve T\u00fcrkiye de bunlardan biri.<\/p>\n<p>\u2013 \u201c(Suriye\u2019ye y\u00f6nelik) Yapt\u0131r\u0131mlar\u0131n hafifletilmesini tart\u0131\u015fmaya haz\u0131r\u0131z\u201d<\/p>\n<p>Soru: \u0130lk g\u00fcnden beri Suriye\u2019deki yeni y\u00f6netime destek konusunda temkinli a\u00e7\u0131klamalar yap\u0131yorsunuz. Peki \u015fimdi sizin g\u00f6zleminiz nedir? \u00dclke do\u011fru yolda ilerliyor mu?<\/p>\n<p>Kallas: Bir \u015fey s\u00f6ylemek i\u00e7in hen\u00fcz \u00e7ok erken. Yani, do\u011fru \u015feyleri s\u00f6yledikleri a\u00e7\u0131k. Ancak do\u011fru y\u00f6nde ilerleyip ilerlemedikleri konusunda da do\u011fru ad\u0131mlar\u0131 at\u0131yorlar m\u0131? Bu y\u00fczden uluslararas\u0131 akt\u00f6rlerin yan\u0131 s\u0131ra Arap \u00fclkeleri gibi b\u00f6lgesel akt\u00f6rlerin ve T\u00fcrkiye\u2019nin de ortak bir anlay\u0131\u015fa sahip olmas\u0131n\u0131n \u00e7ok \u00f6nemli oldu\u011funu d\u00fc\u015f\u00fcn\u00fcyorum. Suriye\u2019deki h\u00fck\u00fcmetin kapsay\u0131c\u0131 oldu\u011funu g\u00f6rmek istiyoruz. Hi\u00e7bir radikalle\u015fme g\u00f6rmek istemiyoruz. \u00dclkenin istikrarl\u0131 olmas\u0131 herkesin \u00e7\u0131kar\u0131na. Bu y\u00fczden ihtiyatl\u0131 bir \u015fekilde iyimseriz. Yapt\u0131r\u0131mlar\u0131n hafifletilmesini tart\u0131\u015fmaya haz\u0131r\u0131z ancak bunu \u201cad\u0131m ad\u0131m\u201d yakla\u015f\u0131m\u0131yla yapaca\u011f\u0131z. Yani, do\u011fru \u015feyleri yaparlarsa, biz \u00fczerimize d\u00fc\u015fen ad\u0131mlar\u0131 atmaya haz\u0131r\u0131z. Yanl\u0131\u015f y\u00f6ne giden ad\u0131mlar atarlarsa, o zaman bir ad\u0131m geri atmaya ve baz\u0131 yapt\u0131r\u0131mlar\u0131 geri koymaya da haz\u0131r\u0131z.<\/p>\n<p>\u2013 \u201cSuriye\u2019yi in\u015fa edebilmeleri i\u00e7in \u00fczerimize d\u00fc\u015feni yapmaya haz\u0131r\u0131z\u201d<\/p>\n<p>Soru: Normalle\u015fmenin yolu, \u00fclkenin yeniden imar\u0131ndan ge\u00e7iyor. Peki AB, Suriye\u2019nin yeni y\u00f6netimine y\u00f6nelik sekt\u00f6rel yapt\u0131r\u0131mlar\u0131n\u0131 kald\u0131racak m\u0131?<\/p>\n<p>Kallas: Bunu 27 Ocak Pazartesi g\u00fcn\u00fc tart\u0131\u015faca\u011f\u0131z. D\u0131\u015fi\u015fleri Bakanlar\u0131 toplant\u0131m\u0131z var, ele alaca\u011f\u0131m\u0131z konulardan biri de bu. Ama biz, \u00fclkelerini in\u015fa edebilmeleri i\u00e7in \u00fczerimize d\u00fc\u015fen ad\u0131mlar\u0131 atmaya haz\u0131r\u0131z. Elbette, biliyorsunuz, bankac\u0131l\u0131k hizmetlerine eri\u015fim, ilk a\u015famada ger\u00e7ekten ihtiya\u00e7 duyduklar\u0131 \u015feyler. Ama \u00e7ok ger\u00e7ek\u00e7i olmak gerekirse, bir sonraki ad\u0131m\u0131m\u0131z onlar\u0131n (Suriye y\u00f6netiminin) yapt\u0131klar\u0131na g\u00f6re \u015fekillenmeli. Herkes do\u011fru y\u00f6nde ad\u0131m at\u0131ld\u0131\u011f\u0131n\u0131 g\u00f6rmek istiyor.<\/p>\n<p>\u2013 \u201c(Suriye\u2019deki DEA\u015e \u00fcyesi Avrupa vatanda\u015flar\u0131n\u0131n geri al\u0131nmas\u0131) Karar \u00fcye devletlere ait\u201d<\/p>\n<p>Soru: AB, \u00fcye \u00fclkelerini, Suriye\u2019de SDG ad\u0131n\u0131 kullanan ter\u00f6r \u00f6rg\u00fct\u00fc PKK\/YPG taraf\u0131ndan tutulan AB vatanda\u015f\u0131 DEA\u015e \u00fcyelerini geri almaya ve bu ter\u00f6ristleri adalete teslim etmeye te\u015fvik eder mi?<\/p>\n<p>Kallas: DEA\u015e\u2019a geri d\u00f6n\u00fclmemesinin ve ter\u00f6rizmin azalmas\u0131n\u0131n herkesin \u00e7\u0131kar\u0131na oldu\u011fu a\u00e7\u0131kt\u0131r. \u00c7\u00fcnk\u00fc herkes, AB ve T\u00fcrkiye, b\u00f6lgemizde geli\u015fen ter\u00f6r \u00f6rg\u00fctleriyle ilgili risklerle kar\u015f\u0131 kar\u015f\u0131ya. Yani, i\u015f vatanda\u015flar\u0131 geri almaya gelince, bunun (ter\u00f6r\u00fcn) geri d\u00f6nmemesi i\u00e7in her \u015feyi yapt\u0131\u011f\u0131m\u0131zdan emin olmal\u0131y\u0131z. Sonra tabii bu, bu \u00e7e\u015fit tutuklu ve sava\u015f\u00e7\u0131s\u0131 olan \u00fcye devletlerin kendilerinin verece\u011fi bir karard\u0131r. Dolay\u0131s\u0131yla karar \u00fcye devletlere aittir.<\/p>\n<p>\u2013 \u201c(Gazze\u2019deki ate\u015fkes) AB\u2019nin \u00e7\u0131kar\u0131na olan, daha s\u00fcrd\u00fcr\u00fclebilir bir bar\u0131\u015f\u0131n olmas\u0131\u201d<\/p>\n<p>Soru: AB, Gazze\u2019deki ate\u015fkesi memnuniyetle kar\u015f\u0131lad\u0131 ve insani yard\u0131m\u0131n\u0131 art\u0131rd\u0131. Peki AB Gazze\u2019de sadece insani bir rol oynamay\u0131 m\u0131 tercih ediyor? Yak\u0131nda AB \u0130srail Ortakl\u0131k Konseyi\u2019ni toplayaca\u011f\u0131n\u0131z\u0131 duyurdunuz. Bu toplant\u0131da \u0130srailli meslekta\u015flar\u0131n\u0131za mesaj\u0131n\u0131z ne olacak?<\/p>\n<p>Kallas: AB-\u0130srail Ortakl\u0131k Konseyi\u2019miz olacak ve ard\u0131ndan Filistin Y\u00f6netimi ile \u00fcst d\u00fczey bir siyasi diyalog kuraca\u011f\u0131z. \u0130ki devletli \u00e7\u00f6z\u00fcm\u00fc akl\u0131m\u0131zda tutmam\u0131z\u0131n \u00e7ok \u00f6nemli oldu\u011funu d\u00fc\u015f\u00fcn\u00fcyorum. \u0130ki devletli bir \u00e7\u00f6z\u00fcme sahip olmak i\u00e7in dengeli bir yakla\u015f\u0131m olmas\u0131 gerekiyor. Ortakl\u0131k Konseyi\u2019nin g\u00fcndemi ise b\u00f6lgesel durum ve ayn\u0131 zamanda \u00e7ok somut olarak, \u015fu anda Gazze\u2019deki durum. \u015eimdi ate\u015fkes var. Ama AB\u2019nin \u00e7\u0131kar\u0131na olan, daha s\u00fcrd\u00fcr\u00fclebilir bir bar\u0131\u015f\u0131n olmas\u0131. Bunu elde edebilmek i\u00e7in hem \u0130srail\u2019in g\u00fcvenlik kayg\u0131lar\u0131n\u0131n hem de Filistinlilerin var olma hakk\u0131n\u0131n dikkate al\u0131nmas\u0131 gerekiyor.<\/p>\n<p>Soru: Ukrayna konusuna geldi\u011fimizde; ABD Ba\u015fkan\u0131 Donald Trump, sava\u015f\u0131 durdurmak istedi\u011fini a\u00e7\u0131k\u00e7a belirtti. T\u00fcrkiye\u2019nin arabuluculuk giri\u015fimlerine nas\u0131l yakla\u015f\u0131yorsunuz?<\/p>\n<p>Kallas: Hepimizin yapmas\u0131 gereken \u015fey Rusya\u2019ya b\u00fcy\u00fck bask\u0131 yapmak. \u00c7\u00fcnk\u00fc \u015fu anda Rusya bar\u0131\u015f istemiyor. Rusya Ukrayna\u2019y\u0131, oradaki insanlar\u0131, sivil altyap\u0131y\u0131 bombalamay\u0131 b\u0131rak\u0131rsa ve askerlerini \u00e7ekerse, o zaman bu sava\u015f sona erer. Ayr\u0131ca T\u00fcrkiye\u2019nin Rusya\u2019ya bask\u0131 yaparak sahada bar\u0131\u015f\u0131 sa\u011flamada \u00e7ok \u00e7ok \u00f6nemli bir rol\u00fc oldu\u011funu g\u00f6r\u00fcyorum.<\/p>\n<p>\u2013 \u201cYeni ABD y\u00f6netimiyle i\u015fbirli\u011fi yapmaya istekliyiz\u201d<\/p>\n<p>Soru: Trump\u2019\u0131n ikinci d\u00f6nemi resmen ba\u015flad\u0131. Br\u00fcksel\u2019de bu s\u00fcre\u00e7te endi\u015feli bir bekleyi\u015f oldu\u011funu s\u00f6yleyebilir miyiz? Yeni ABD y\u00f6netimiyle ele alaca\u011f\u0131n\u0131z ilk konu ne olacak?<\/p>\n<p>Kallas: Elbette, se\u00e7imler her zaman \u00e7ok \u00e7alkant\u0131l\u0131 zamanlard\u0131r. Tabii ki, y\u00f6netim de\u011fi\u015firse, sonu\u00e7 politikada da de\u011fi\u015fiklikleri beraberinde getirir. Bu y\u00fczden yeni y\u00f6netimle de i\u015fbirli\u011fi yapmaya istekliyiz ve sab\u0131rs\u0131zlan\u0131yoruz. Ayr\u0131ca, yeni y\u00f6netimle ele almam\u0131z ve i\u015fbirli\u011fi yapmam\u0131z gereken ana konular elbette g\u00fcvenlik ve savunman\u0131n yan\u0131 s\u0131ra ekonomik konular. ABD ve AB b\u00fcy\u00fck ticaret ortaklar\u0131d\u0131r. Ekonomilerimiz \u00e7ok i\u00e7 i\u00e7e ge\u00e7mi\u015f durumda. Elbette, d\u0131\u015f politika konular\u0131na gelince; e\u011fer ABD \u00c7in konusunda endi\u015feliyse, o zaman \u00f6nce Rusya konusunda endi\u015felenmeli. Dolay\u0131s\u0131yla Ukrayna\u2019n\u0131n bu sava\u015f\u0131 kazanmas\u0131 i\u00e7in desteklenmesinin de \u00e7ok \u00f6nemli oldu\u011funu d\u00fc\u015f\u00fcn\u00fcyorum.<\/p>\n<p>\u2013 \u201cAnkara\u2019daki toplant\u0131lar\u0131 d\u00f6rt g\u00f6zle bekliyorum\u201d<\/p>\n<p>Soru: Eklemek istedi\u011finiz bir \u015fey, T\u00fcrkiye ziyaretinizle ilgi payla\u015fmak istedi\u011finiz bir mesaj\u0131n\u0131z var m\u0131?<\/p>\n<p>Kallas: Ankara\u2019daki toplant\u0131lar\u0131 d\u00f6rt g\u00f6zle bekliyorum. Yani bu, AB ve T\u00fcrkiye\u2019nin ortak oldu\u011funu ve masaya yat\u0131r\u0131p i\u015fbirli\u011fi yapaca\u011f\u0131m\u0131z bir\u00e7ok konu oldu\u011funu g\u00f6sterecek. \u00c7ok te\u015fekk\u00fcr ederim.<\/p>\n<\/p><\/div>\n<p><script async\n                    defer\n                    crossorigin=\"anonymous\"\n                    src=\"https:\/\/connect.facebook.net\/tr_TR\/sdk.js#xfbml=1&#038;version=v3.3\"\n            ><\/script><\/p>\n","protected":false},"excerpt":{"rendered":"<p>Avrupa Birli\u011fi (AB) D\u0131\u015f \u0130li\u015fkiler ve G\u00fcvenlik Politikas\u0131 Y\u00fcksek Temsilcisi Kaja Kallas, b\u00f6lgesel konular ba\u015fta olmak \u00fczere i\u015fbirli\u011finde \u00f6nemli bir akt\u00f6r olarak g\u00f6rd\u00fc\u011f\u00fc T\u00fcrkiye\u2019nin AB\u2019ye aday, ortak \u00e7\u0131karlara sahip stratejik ortak oldu\u011funun alt\u0131n\u0131 \u00e7izerek; \u201cT\u00fcrkiye\u2019yi ziyaret etmenin tam zaman\u0131 ve bunu ger\u00e7ekten g\u00f6rev s\u00fcremin ilk b\u00f6l\u00fcm\u00fcnde yapaca\u011f\u0131m. Bir\u00e7ok konumuz var. B\u00f6lgesel g\u00fcvenli\u011fin yan\u0131 s\u0131ra \u00f6rne\u011fin [&hellip;]<\/p>\n","protected":false},"author":1,"featured_media":17813,"comment_status":"open","ping_status":"open","sticky":false,"template":"","format":"standard","meta":{"jnews-multi-image_gallery":[],"jnews_single_post":[],"jnews_primary_category":[],"jnews_social_meta":[],"jnews_override_counter":[],"footnotes":""},"categories":[5],"tags":[],"class_list":["post-17812","post","type-post","status-publish","format-standard","has-post-thumbnail","hentry","category-turkiye"],"yoast_head":"<!-- This site is optimized with the Yoast SEO plugin v27.5 - https:\/\/yoast.com\/product\/yoast-seo-wordpress\/ -->\n<title>Kallas\u2019dan T\u00fcrkiye ziyareti \u00f6ncesi a\u00e7\u0131klama: \u201cT\u00fcrkiye\u2019yi ziyaret etmenin tam zaman\u0131\u201d - Kuzeyin Sesi<\/title>\n<meta name=\"robots\" content=\"index, follow, max-snippet:-1, max-image-preview:large, max-video-preview:-1\" \/>\n<link rel=\"canonical\" href=\"https:\/\/kuzeyinsesi.org\/index.php\/2025\/01\/23\/kallasdan-turkiye-ziyareti-oncesi-aciklama-turkiyeyi-ziyaret-etmenin-tam-zamani\/\" \/>\n<meta property=\"og:locale\" content=\"tr_TR\" \/>\n<meta property=\"og:type\" content=\"article\" \/>\n<meta property=\"og:title\" content=\"Kallas\u2019dan T\u00fcrkiye ziyareti \u00f6ncesi a\u00e7\u0131klama: \u201cT\u00fcrkiye\u2019yi ziyaret etmenin tam zaman\u0131\u201d - Kuzeyin Sesi\" \/>\n<meta property=\"og:description\" content=\"Avrupa Birli\u011fi (AB) D\u0131\u015f \u0130li\u015fkiler ve G\u00fcvenlik Politikas\u0131 Y\u00fcksek Temsilcisi Kaja Kallas, b\u00f6lgesel konular ba\u015fta olmak \u00fczere i\u015fbirli\u011finde \u00f6nemli bir akt\u00f6r olarak g\u00f6rd\u00fc\u011f\u00fc T\u00fcrkiye\u2019nin AB\u2019ye aday, ortak \u00e7\u0131karlara sahip stratejik ortak oldu\u011funun alt\u0131n\u0131 \u00e7izerek; \u201cT\u00fcrkiye\u2019yi ziyaret etmenin tam zaman\u0131 ve bunu ger\u00e7ekten g\u00f6rev s\u00fcremin ilk b\u00f6l\u00fcm\u00fcnde yapaca\u011f\u0131m. Bir\u00e7ok konumuz var. B\u00f6lgesel g\u00fcvenli\u011fin yan\u0131 s\u0131ra \u00f6rne\u011fin [&hellip;]\" \/>\n<meta property=\"og:url\" content=\"https:\/\/kuzeyinsesi.org\/index.php\/2025\/01\/23\/kallasdan-turkiye-ziyareti-oncesi-aciklama-turkiyeyi-ziyaret-etmenin-tam-zamani\/\" \/>\n<meta property=\"og:site_name\" content=\"Kuzeyin Sesi\" \/>\n<meta property=\"article:publisher\" content=\"https:\/\/www.facebook.com\/kuzeyinsesii\" \/>\n<meta property=\"article:published_time\" content=\"2025-01-23T09:13:25+00:00\" \/>\n<meta property=\"og:image\" content=\"https:\/\/brtk.net\/wp-content\/uploads\/2025\/01\/23\/1737620864969AA-20250123-36832922-36832918-AB_YUKSEK_TEMSILCISI_KALLAS_TURKIYE_ZIYARETINDEN_ONCE_GUNCEL_GELISMELERI_AAYA_DEGERLENDIRDI-scaled.jpg?ver=75ae484e776480e4a1dc5e184d009ff9\" \/>\n<meta name=\"author\" content=\"Kuzeyin Sesi\" \/>\n<meta name=\"twitter:card\" content=\"summary_large_image\" \/>\n<meta name=\"twitter:creator\" content=\"@kuzeyinsesii\" \/>\n<meta name=\"twitter:site\" content=\"@kuzeyinsesii\" \/>\n<meta name=\"twitter:label1\" content=\"Yazan:\" \/>\n\t<meta name=\"twitter:data1\" content=\"Kuzeyin Sesi\" \/>\n\t<meta name=\"twitter:label2\" content=\"Tahmini okuma s\u00fcresi\" \/>\n\t<meta name=\"twitter:data2\" content=\"8 dakika\" \/>\n<script type=\"application\/ld+json\" class=\"yoast-schema-graph\">{\"@context\":\"https:\\\/\\\/schema.org\",\"@graph\":[{\"@type\":\"Article\",\"@id\":\"https:\\\/\\\/kuzeyinsesi.org\\\/index.php\\\/2025\\\/01\\\/23\\\/kallasdan-turkiye-ziyareti-oncesi-aciklama-turkiyeyi-ziyaret-etmenin-tam-zamani\\\/#article\",\"isPartOf\":{\"@id\":\"https:\\\/\\\/kuzeyinsesi.org\\\/index.php\\\/2025\\\/01\\\/23\\\/kallasdan-turkiye-ziyareti-oncesi-aciklama-turkiyeyi-ziyaret-etmenin-tam-zamani\\\/\"},\"author\":{\"name\":\"Kuzeyin Sesi\",\"@id\":\"https:\\\/\\\/kuzeyinsesi.org\\\/#\\\/schema\\\/person\\\/9f859689cdf01485597712386e37f5aa\"},\"headline\":\"Kallas\u2019dan T\u00fcrkiye ziyareti \u00f6ncesi a\u00e7\u0131klama: \u201cT\u00fcrkiye\u2019yi ziyaret etmenin tam zaman\u0131\u201d\",\"datePublished\":\"2025-01-23T09:13:25+00:00\",\"mainEntityOfPage\":{\"@id\":\"https:\\\/\\\/kuzeyinsesi.org\\\/index.php\\\/2025\\\/01\\\/23\\\/kallasdan-turkiye-ziyareti-oncesi-aciklama-turkiyeyi-ziyaret-etmenin-tam-zamani\\\/\"},\"wordCount\":1667,\"commentCount\":0,\"image\":{\"@id\":\"https:\\\/\\\/kuzeyinsesi.org\\\/index.php\\\/2025\\\/01\\\/23\\\/kallasdan-turkiye-ziyareti-oncesi-aciklama-turkiyeyi-ziyaret-etmenin-tam-zamani\\\/#primaryimage\"},\"thumbnailUrl\":\"https:\\\/\\\/kuzeyinsesi.org\\\/wp-content\\\/uploads\\\/2025\\\/01\\\/1737620864969AA-20250123-36832922-36832918-AB_YUKSEK_TEMSILCISI_KALLAS_TURKIYE_ZIYARETINDEN_ONCE_GUN.jpeg\",\"articleSection\":[\"T\u00fcrkiye\"],\"inLanguage\":\"tr\",\"potentialAction\":[{\"@type\":\"CommentAction\",\"name\":\"Comment\",\"target\":[\"https:\\\/\\\/kuzeyinsesi.org\\\/index.php\\\/2025\\\/01\\\/23\\\/kallasdan-turkiye-ziyareti-oncesi-aciklama-turkiyeyi-ziyaret-etmenin-tam-zamani\\\/#respond\"]}]},{\"@type\":\"WebPage\",\"@id\":\"https:\\\/\\\/kuzeyinsesi.org\\\/index.php\\\/2025\\\/01\\\/23\\\/kallasdan-turkiye-ziyareti-oncesi-aciklama-turkiyeyi-ziyaret-etmenin-tam-zamani\\\/\",\"url\":\"https:\\\/\\\/kuzeyinsesi.org\\\/index.php\\\/2025\\\/01\\\/23\\\/kallasdan-turkiye-ziyareti-oncesi-aciklama-turkiyeyi-ziyaret-etmenin-tam-zamani\\\/\",\"name\":\"Kallas\u2019dan T\u00fcrkiye ziyareti \u00f6ncesi a\u00e7\u0131klama: \u201cT\u00fcrkiye\u2019yi ziyaret etmenin tam zaman\u0131\u201d - Kuzeyin Sesi\",\"isPartOf\":{\"@id\":\"https:\\\/\\\/kuzeyinsesi.org\\\/#website\"},\"primaryImageOfPage\":{\"@id\":\"https:\\\/\\\/kuzeyinsesi.org\\\/index.php\\\/2025\\\/01\\\/23\\\/kallasdan-turkiye-ziyareti-oncesi-aciklama-turkiyeyi-ziyaret-etmenin-tam-zamani\\\/#primaryimage\"},\"image\":{\"@id\":\"https:\\\/\\\/kuzeyinsesi.org\\\/index.php\\\/2025\\\/01\\\/23\\\/kallasdan-turkiye-ziyareti-oncesi-aciklama-turkiyeyi-ziyaret-etmenin-tam-zamani\\\/#primaryimage\"},\"thumbnailUrl\":\"https:\\\/\\\/kuzeyinsesi.org\\\/wp-content\\\/uploads\\\/2025\\\/01\\\/1737620864969AA-20250123-36832922-36832918-AB_YUKSEK_TEMSILCISI_KALLAS_TURKIYE_ZIYARETINDEN_ONCE_GUN.jpeg\",\"datePublished\":\"2025-01-23T09:13:25+00:00\",\"author\":{\"@id\":\"https:\\\/\\\/kuzeyinsesi.org\\\/#\\\/schema\\\/person\\\/9f859689cdf01485597712386e37f5aa\"},\"breadcrumb\":{\"@id\":\"https:\\\/\\\/kuzeyinsesi.org\\\/index.php\\\/2025\\\/01\\\/23\\\/kallasdan-turkiye-ziyareti-oncesi-aciklama-turkiyeyi-ziyaret-etmenin-tam-zamani\\\/#breadcrumb\"},\"inLanguage\":\"tr\",\"potentialAction\":[{\"@type\":\"ReadAction\",\"target\":[\"https:\\\/\\\/kuzeyinsesi.org\\\/index.php\\\/2025\\\/01\\\/23\\\/kallasdan-turkiye-ziyareti-oncesi-aciklama-turkiyeyi-ziyaret-etmenin-tam-zamani\\\/\"]}]},{\"@type\":\"ImageObject\",\"inLanguage\":\"tr\",\"@id\":\"https:\\\/\\\/kuzeyinsesi.org\\\/index.php\\\/2025\\\/01\\\/23\\\/kallasdan-turkiye-ziyareti-oncesi-aciklama-turkiyeyi-ziyaret-etmenin-tam-zamani\\\/#primaryimage\",\"url\":\"https:\\\/\\\/kuzeyinsesi.org\\\/wp-content\\\/uploads\\\/2025\\\/01\\\/1737620864969AA-20250123-36832922-36832918-AB_YUKSEK_TEMSILCISI_KALLAS_TURKIYE_ZIYARETINDEN_ONCE_GUN.jpeg\",\"contentUrl\":\"https:\\\/\\\/kuzeyinsesi.org\\\/wp-content\\\/uploads\\\/2025\\\/01\\\/1737620864969AA-20250123-36832922-36832918-AB_YUKSEK_TEMSILCISI_KALLAS_TURKIYE_ZIYARETINDEN_ONCE_GUN.jpeg\",\"width\":2560,\"height\":1584},{\"@type\":\"BreadcrumbList\",\"@id\":\"https:\\\/\\\/kuzeyinsesi.org\\\/index.php\\\/2025\\\/01\\\/23\\\/kallasdan-turkiye-ziyareti-oncesi-aciklama-turkiyeyi-ziyaret-etmenin-tam-zamani\\\/#breadcrumb\",\"itemListElement\":[{\"@type\":\"ListItem\",\"position\":1,\"name\":\"Anasayfa\",\"item\":\"https:\\\/\\\/kuzeyinsesi.org\\\/\"},{\"@type\":\"ListItem\",\"position\":2,\"name\":\"Kallas\u2019dan T\u00fcrkiye ziyareti \u00f6ncesi a\u00e7\u0131klama: \u201cT\u00fcrkiye\u2019yi ziyaret etmenin tam zaman\u0131\u201d\"}]},{\"@type\":\"WebSite\",\"@id\":\"https:\\\/\\\/kuzeyinsesi.org\\\/#website\",\"url\":\"https:\\\/\\\/kuzeyinsesi.org\\\/\",\"name\":\"Kuzeyin Sesi\",\"description\":\"Do\u011fru Haberin Adresi\",\"potentialAction\":[{\"@type\":\"SearchAction\",\"target\":{\"@type\":\"EntryPoint\",\"urlTemplate\":\"https:\\\/\\\/kuzeyinsesi.org\\\/?s={search_term_string}\"},\"query-input\":{\"@type\":\"PropertyValueSpecification\",\"valueRequired\":true,\"valueName\":\"search_term_string\"}}],\"inLanguage\":\"tr\"},{\"@type\":\"Person\",\"@id\":\"https:\\\/\\\/kuzeyinsesi.org\\\/#\\\/schema\\\/person\\\/9f859689cdf01485597712386e37f5aa\",\"name\":\"Kuzeyin Sesi\",\"image\":{\"@type\":\"ImageObject\",\"inLanguage\":\"tr\",\"@id\":\"https:\\\/\\\/secure.gravatar.com\\\/avatar\\\/bab33852abfd8b282518d6ed81826833d77c3c882d9ab608add591ccace47a44?s=96&d=mm&r=g\",\"url\":\"https:\\\/\\\/secure.gravatar.com\\\/avatar\\\/bab33852abfd8b282518d6ed81826833d77c3c882d9ab608add591ccace47a44?s=96&d=mm&r=g\",\"contentUrl\":\"https:\\\/\\\/secure.gravatar.com\\\/avatar\\\/bab33852abfd8b282518d6ed81826833d77c3c882d9ab608add591ccace47a44?s=96&d=mm&r=g\",\"caption\":\"Kuzeyin Sesi\"},\"sameAs\":[\"https:\\\/\\\/kuzeyinsesi.org\"],\"url\":\"https:\\\/\\\/kuzeyinsesi.org\\\/index.php\\\/author\\\/guven\\\/\"}]}<\/script>\n<!-- \/ Yoast SEO plugin. -->","yoast_head_json":{"title":"Kallas\u2019dan T\u00fcrkiye ziyareti \u00f6ncesi a\u00e7\u0131klama: \u201cT\u00fcrkiye\u2019yi ziyaret etmenin tam zaman\u0131\u201d - Kuzeyin Sesi","robots":{"index":"index","follow":"follow","max-snippet":"max-snippet:-1","max-image-preview":"max-image-preview:large","max-video-preview":"max-video-preview:-1"},"canonical":"https:\/\/kuzeyinsesi.org\/index.php\/2025\/01\/23\/kallasdan-turkiye-ziyareti-oncesi-aciklama-turkiyeyi-ziyaret-etmenin-tam-zamani\/","og_locale":"tr_TR","og_type":"article","og_title":"Kallas\u2019dan T\u00fcrkiye ziyareti \u00f6ncesi a\u00e7\u0131klama: \u201cT\u00fcrkiye\u2019yi ziyaret etmenin tam zaman\u0131\u201d - Kuzeyin Sesi","og_description":"Avrupa Birli\u011fi (AB) D\u0131\u015f \u0130li\u015fkiler ve G\u00fcvenlik Politikas\u0131 Y\u00fcksek Temsilcisi Kaja Kallas, b\u00f6lgesel konular ba\u015fta olmak \u00fczere i\u015fbirli\u011finde \u00f6nemli bir akt\u00f6r olarak g\u00f6rd\u00fc\u011f\u00fc T\u00fcrkiye\u2019nin AB\u2019ye aday, ortak \u00e7\u0131karlara sahip stratejik ortak oldu\u011funun alt\u0131n\u0131 \u00e7izerek; \u201cT\u00fcrkiye\u2019yi ziyaret etmenin tam zaman\u0131 ve bunu ger\u00e7ekten g\u00f6rev s\u00fcremin ilk b\u00f6l\u00fcm\u00fcnde yapaca\u011f\u0131m. Bir\u00e7ok konumuz var. B\u00f6lgesel g\u00fcvenli\u011fin yan\u0131 s\u0131ra \u00f6rne\u011fin [&hellip;]","og_url":"https:\/\/kuzeyinsesi.org\/index.php\/2025\/01\/23\/kallasdan-turkiye-ziyareti-oncesi-aciklama-turkiyeyi-ziyaret-etmenin-tam-zamani\/","og_site_name":"Kuzeyin Sesi","article_publisher":"https:\/\/www.facebook.com\/kuzeyinsesii","article_published_time":"2025-01-23T09:13:25+00:00","og_image":[{"url":"https:\/\/brtk.net\/wp-content\/uploads\/2025\/01\/23\/1737620864969AA-20250123-36832922-36832918-AB_YUKSEK_TEMSILCISI_KALLAS_TURKIYE_ZIYARETINDEN_ONCE_GUNCEL_GELISMELERI_AAYA_DEGERLENDIRDI-scaled.jpg?ver=75ae484e776480e4a1dc5e184d009ff9","type":"","width":"","height":""}],"author":"Kuzeyin Sesi","twitter_card":"summary_large_image","twitter_creator":"@kuzeyinsesii","twitter_site":"@kuzeyinsesii","twitter_misc":{"Yazan:":"Kuzeyin Sesi","Tahmini okuma s\u00fcresi":"8 dakika"},"schema":{"@context":"https:\/\/schema.org","@graph":[{"@type":"Article","@id":"https:\/\/kuzeyinsesi.org\/index.php\/2025\/01\/23\/kallasdan-turkiye-ziyareti-oncesi-aciklama-turkiyeyi-ziyaret-etmenin-tam-zamani\/#article","isPartOf":{"@id":"https:\/\/kuzeyinsesi.org\/index.php\/2025\/01\/23\/kallasdan-turkiye-ziyareti-oncesi-aciklama-turkiyeyi-ziyaret-etmenin-tam-zamani\/"},"author":{"name":"Kuzeyin Sesi","@id":"https:\/\/kuzeyinsesi.org\/#\/schema\/person\/9f859689cdf01485597712386e37f5aa"},"headline":"Kallas\u2019dan T\u00fcrkiye ziyareti \u00f6ncesi a\u00e7\u0131klama: \u201cT\u00fcrkiye\u2019yi ziyaret etmenin tam zaman\u0131\u201d","datePublished":"2025-01-23T09:13:25+00:00","mainEntityOfPage":{"@id":"https:\/\/kuzeyinsesi.org\/index.php\/2025\/01\/23\/kallasdan-turkiye-ziyareti-oncesi-aciklama-turkiyeyi-ziyaret-etmenin-tam-zamani\/"},"wordCount":1667,"commentCount":0,"image":{"@id":"https:\/\/kuzeyinsesi.org\/index.php\/2025\/01\/23\/kallasdan-turkiye-ziyareti-oncesi-aciklama-turkiyeyi-ziyaret-etmenin-tam-zamani\/#primaryimage"},"thumbnailUrl":"https:\/\/kuzeyinsesi.org\/wp-content\/uploads\/2025\/01\/1737620864969AA-20250123-36832922-36832918-AB_YUKSEK_TEMSILCISI_KALLAS_TURKIYE_ZIYARETINDEN_ONCE_GUN.jpeg","articleSection":["T\u00fcrkiye"],"inLanguage":"tr","potentialAction":[{"@type":"CommentAction","name":"Comment","target":["https:\/\/kuzeyinsesi.org\/index.php\/2025\/01\/23\/kallasdan-turkiye-ziyareti-oncesi-aciklama-turkiyeyi-ziyaret-etmenin-tam-zamani\/#respond"]}]},{"@type":"WebPage","@id":"https:\/\/kuzeyinsesi.org\/index.php\/2025\/01\/23\/kallasdan-turkiye-ziyareti-oncesi-aciklama-turkiyeyi-ziyaret-etmenin-tam-zamani\/","url":"https:\/\/kuzeyinsesi.org\/index.php\/2025\/01\/23\/kallasdan-turkiye-ziyareti-oncesi-aciklama-turkiyeyi-ziyaret-etmenin-tam-zamani\/","name":"Kallas\u2019dan T\u00fcrkiye ziyareti \u00f6ncesi a\u00e7\u0131klama: \u201cT\u00fcrkiye\u2019yi ziyaret etmenin tam zaman\u0131\u201d - Kuzeyin Sesi","isPartOf":{"@id":"https:\/\/kuzeyinsesi.org\/#website"},"primaryImageOfPage":{"@id":"https:\/\/kuzeyinsesi.org\/index.php\/2025\/01\/23\/kallasdan-turkiye-ziyareti-oncesi-aciklama-turkiyeyi-ziyaret-etmenin-tam-zamani\/#primaryimage"},"image":{"@id":"https:\/\/kuzeyinsesi.org\/index.php\/2025\/01\/23\/kallasdan-turkiye-ziyareti-oncesi-aciklama-turkiyeyi-ziyaret-etmenin-tam-zamani\/#primaryimage"},"thumbnailUrl":"https:\/\/kuzeyinsesi.org\/wp-content\/uploads\/2025\/01\/1737620864969AA-20250123-36832922-36832918-AB_YUKSEK_TEMSILCISI_KALLAS_TURKIYE_ZIYARETINDEN_ONCE_GUN.jpeg","datePublished":"2025-01-23T09:13:25+00:00","author":{"@id":"https:\/\/kuzeyinsesi.org\/#\/schema\/person\/9f859689cdf01485597712386e37f5aa"},"breadcrumb":{"@id":"https:\/\/kuzeyinsesi.org\/index.php\/2025\/01\/23\/kallasdan-turkiye-ziyareti-oncesi-aciklama-turkiyeyi-ziyaret-etmenin-tam-zamani\/#breadcrumb"},"inLanguage":"tr","potentialAction":[{"@type":"ReadAction","target":["https:\/\/kuzeyinsesi.org\/index.php\/2025\/01\/23\/kallasdan-turkiye-ziyareti-oncesi-aciklama-turkiyeyi-ziyaret-etmenin-tam-zamani\/"]}]},{"@type":"ImageObject","inLanguage":"tr","@id":"https:\/\/kuzeyinsesi.org\/index.php\/2025\/01\/23\/kallasdan-turkiye-ziyareti-oncesi-aciklama-turkiyeyi-ziyaret-etmenin-tam-zamani\/#primaryimage","url":"https:\/\/kuzeyinsesi.org\/wp-content\/uploads\/2025\/01\/1737620864969AA-20250123-36832922-36832918-AB_YUKSEK_TEMSILCISI_KALLAS_TURKIYE_ZIYARETINDEN_ONCE_GUN.jpeg","contentUrl":"https:\/\/kuzeyinsesi.org\/wp-content\/uploads\/2025\/01\/1737620864969AA-20250123-36832922-36832918-AB_YUKSEK_TEMSILCISI_KALLAS_TURKIYE_ZIYARETINDEN_ONCE_GUN.jpeg","width":2560,"height":1584},{"@type":"BreadcrumbList","@id":"https:\/\/kuzeyinsesi.org\/index.php\/2025\/01\/23\/kallasdan-turkiye-ziyareti-oncesi-aciklama-turkiyeyi-ziyaret-etmenin-tam-zamani\/#breadcrumb","itemListElement":[{"@type":"ListItem","position":1,"name":"Anasayfa","item":"https:\/\/kuzeyinsesi.org\/"},{"@type":"ListItem","position":2,"name":"Kallas\u2019dan T\u00fcrkiye ziyareti \u00f6ncesi a\u00e7\u0131klama: \u201cT\u00fcrkiye\u2019yi ziyaret etmenin tam zaman\u0131\u201d"}]},{"@type":"WebSite","@id":"https:\/\/kuzeyinsesi.org\/#website","url":"https:\/\/kuzeyinsesi.org\/","name":"Kuzeyin Sesi","description":"Do\u011fru Haberin Adresi","potentialAction":[{"@type":"SearchAction","target":{"@type":"EntryPoint","urlTemplate":"https:\/\/kuzeyinsesi.org\/?s={search_term_string}"},"query-input":{"@type":"PropertyValueSpecification","valueRequired":true,"valueName":"search_term_string"}}],"inLanguage":"tr"},{"@type":"Person","@id":"https:\/\/kuzeyinsesi.org\/#\/schema\/person\/9f859689cdf01485597712386e37f5aa","name":"Kuzeyin Sesi","image":{"@type":"ImageObject","inLanguage":"tr","@id":"https:\/\/secure.gravatar.com\/avatar\/bab33852abfd8b282518d6ed81826833d77c3c882d9ab608add591ccace47a44?s=96&d=mm&r=g","url":"https:\/\/secure.gravatar.com\/avatar\/bab33852abfd8b282518d6ed81826833d77c3c882d9ab608add591ccace47a44?s=96&d=mm&r=g","contentUrl":"https:\/\/secure.gravatar.com\/avatar\/bab33852abfd8b282518d6ed81826833d77c3c882d9ab608add591ccace47a44?s=96&d=mm&r=g","caption":"Kuzeyin Sesi"},"sameAs":["https:\/\/kuzeyinsesi.org"],"url":"https:\/\/kuzeyinsesi.org\/index.php\/author\/guven\/"}]}},"_links":{"self":[{"href":"https:\/\/kuzeyinsesi.org\/index.php\/wp-json\/wp\/v2\/posts\/17812","targetHints":{"allow":["GET"]}}],"collection":[{"href":"https:\/\/kuzeyinsesi.org\/index.php\/wp-json\/wp\/v2\/posts"}],"about":[{"href":"https:\/\/kuzeyinsesi.org\/index.php\/wp-json\/wp\/v2\/types\/post"}],"author":[{"embeddable":true,"href":"https:\/\/kuzeyinsesi.org\/index.php\/wp-json\/wp\/v2\/users\/1"}],"replies":[{"embeddable":true,"href":"https:\/\/kuzeyinsesi.org\/index.php\/wp-json\/wp\/v2\/comments?post=17812"}],"version-history":[{"count":0,"href":"https:\/\/kuzeyinsesi.org\/index.php\/wp-json\/wp\/v2\/posts\/17812\/revisions"}],"wp:featuredmedia":[{"embeddable":true,"href":"https:\/\/kuzeyinsesi.org\/index.php\/wp-json\/wp\/v2\/media\/17813"}],"wp:attachment":[{"href":"https:\/\/kuzeyinsesi.org\/index.php\/wp-json\/wp\/v2\/media?parent=17812"}],"wp:term":[{"taxonomy":"category","embeddable":true,"href":"https:\/\/kuzeyinsesi.org\/index.php\/wp-json\/wp\/v2\/categories?post=17812"},{"taxonomy":"post_tag","embeddable":true,"href":"https:\/\/kuzeyinsesi.org\/index.php\/wp-json\/wp\/v2\/tags?post=17812"}],"curies":[{"name":"wp","href":"https:\/\/api.w.org\/{rel}","templated":true}]}}