{"id":17806,"date":"2025-01-23T10:21:51","date_gmt":"2025-01-23T08:21:51","guid":{"rendered":"https:\/\/kuzeyinsesi.org\/index.php\/2025\/01\/23\/sisedeki-bellek-kibrisliturk-gazoz-tarihi-kitabi-cumartesi-gunu-tanitilacak\/"},"modified":"2025-01-23T10:21:51","modified_gmt":"2025-01-23T08:21:51","slug":"sisedeki-bellek-kibrisliturk-gazoz-tarihi-kitabi-cumartesi-gunu-tanitilacak","status":"publish","type":"post","link":"https:\/\/kuzeyinsesi.org\/index.php\/2025\/01\/23\/sisedeki-bellek-kibrisliturk-gazoz-tarihi-kitabi-cumartesi-gunu-tanitilacak\/","title":{"rendered":"\u201c\u015ei\u015fedeki Bellek: K\u0131br\u0131sl\u0131t\u00fcrk Gazoz Tarihi\u201d kitab\u0131 cumartesi g\u00fcn\u00fc tan\u0131t\u0131lacak"},"content":{"rendered":"<div>\n<div class=\"mariselle-image-container center\">\n                                            <\/div>\n<p>Prof. Dr. Senih \u00c7avu\u015fo\u011flu\u2019nun K\u0131br\u0131sl\u0131 T\u00fcrklerin yerli gazoz \u00fcretimine dair kapsaml\u0131 ara\u015ft\u0131rmas\u0131n\u0131n \u00fcr\u00fcn\u00fc olan \u201c\u015ei\u015fedeki Bellek: K\u0131br\u0131sl\u0131t\u00fcrk Gazoz Tarihi\u201d kitab\u0131n\u0131n tan\u0131t\u0131m\u0131, 25 Ocak Cumartesi saat 14.00\u2019te R\u00fcstem Kitabevi\u2019nde yap\u0131lacak.<\/p>\n<p>Etkinlikte Prof. Dr. \u00c7avu\u015fo\u011flu, kitab\u0131n ara\u015ft\u0131rma s\u00fcrecindeki buluntular\u0131n\u0131 aktaracak ve okuyucular i\u00e7in imza verecek.<\/p>\n<p>Be\u015f y\u0131l s\u00fcren titiz bir s\u00f6zl\u00fc tarih \u00e7al\u0131\u015fmas\u0131n\u0131n sonucu olan, d\u00f6neme ait gazeteler ve di\u011fer yay\u0131nlar taranarak kaleme al\u0131nan kitap, gazoz \u00fcretimi \u00f6rne\u011fi \u00fczerinden ilerleyerek K\u0131br\u0131sl\u0131 T\u00fcrklerin in\u015fa ettikleri sosyal, ekonomik ve politik tarihini ve k\u00fclt\u00fcrel miras\u0131 g\u00f6zler \u00f6n\u00fcne seriyor. <\/p>\n<p>T\u00fcrk\u00e7e ve \u0130ngilizce dilinde haz\u0131rlanan tamam\u0131 renkli bas\u0131lan \u201c\u015ei\u015fedeki Bellek\u201d II. D\u00fcnya Sava\u015f\u0131 \u00f6ncesinden ba\u015flayarak 1990\u2019lara kadar uzanan d\u00f6nemi mercek alt\u0131na al\u0131yor.<\/p>\n<p>\u00c7au\u015fo\u011flu yaz\u0131l\u0131 a\u00e7\u0131klamas\u0131nda kitapla ilgili \u015fu ifadelere yer verdi:<\/p>\n<p>\u201cGazoz \u00fcretimi \u00fczerinden birbirinden ilgin\u00e7 hik\u00e2yeler sunan kitap, adan\u0131n d\u00f6rt bir yan\u0131ndaki kahvehanelerde, d\u00fc\u011f\u00fcnlerde, futbol sahalar\u0131nda ve bayram sofralar\u0131nda yer bulan bu ikonik i\u00e7ece\u011fe dair bulgular\u0131 bir k\u00fclt\u00fcrel direni\u015f simgesi olarak ele al\u0131yor.<\/p>\n<p>\u015ei\u015fedeki Bellek ay\u0131ca, K\u0131br\u0131sl\u0131 T\u00fcrklerin giri\u015fimcili\u011finin, ileri g\u00f6r\u00fc\u015fl\u00fcl\u00fc\u011f\u00fcn\u00fcn ve k\u00fcresel markalarla rekabet etme \u00e7abas\u0131n\u0131n alt\u0131n\u0131 \u00e7izerken, bu \u00fcretimin zamanla nas\u0131l son buldu\u011funa da dikkat \u00e7ekiyor.<\/p>\n<p>K\u0131br\u0131sl\u0131 T\u00fcrklerin gazoz \u015fi\u015felerinde biriktirdi\u011fi an\u0131lar\u0131, k\u00fclt\u00fcrel ve ekonomik m\u00fccadelenin bir yans\u0131mas\u0131 olarak ele alan kitap, K\u0131br\u0131sl\u0131 T\u00fcrklerin \u00fcretim yoluyla verdi\u011fi direni\u015fin ve toplumsal haf\u0131zada b\u0131rakt\u0131\u011f\u0131 izlerin unutulmamas\u0131 i\u00e7in \u00f6nemli bir kaynak niteli\u011finde.\u201d<\/p>\n<\/p><\/div>\n<p><script async\n                    defer\n                    crossorigin=\"anonymous\"\n                    src=\"https:\/\/connect.facebook.net\/tr_TR\/sdk.js#xfbml=1&#038;version=v3.3\"\n            ><\/script><\/p>\n","protected":false},"excerpt":{"rendered":"<p>Prof. Dr. Senih \u00c7avu\u015fo\u011flu\u2019nun K\u0131br\u0131sl\u0131 T\u00fcrklerin yerli gazoz \u00fcretimine dair kapsaml\u0131 ara\u015ft\u0131rmas\u0131n\u0131n \u00fcr\u00fcn\u00fc olan \u201c\u015ei\u015fedeki Bellek: K\u0131br\u0131sl\u0131t\u00fcrk Gazoz Tarihi\u201d kitab\u0131n\u0131n tan\u0131t\u0131m\u0131, 25 Ocak Cumartesi saat 14.00\u2019te R\u00fcstem Kitabevi\u2019nde yap\u0131lacak. Etkinlikte Prof. Dr. \u00c7avu\u015fo\u011flu, kitab\u0131n ara\u015ft\u0131rma s\u00fcrecindeki buluntular\u0131n\u0131 aktaracak ve okuyucular i\u00e7in imza verecek. Be\u015f y\u0131l s\u00fcren titiz bir s\u00f6zl\u00fc tarih \u00e7al\u0131\u015fmas\u0131n\u0131n sonucu olan, d\u00f6neme ait [&hellip;]<\/p>\n","protected":false},"author":1,"featured_media":17807,"comment_status":"open","ping_status":"open","sticky":false,"template":"","format":"standard","meta":{"jnews-multi-image_gallery":[],"jnews_single_post":[],"jnews_primary_category":[],"jnews_social_meta":[],"jnews_override_counter":[],"footnotes":""},"categories":[6],"tags":[],"class_list":["post-17806","post","type-post","status-publish","format-standard","has-post-thumbnail","hentry","category-yasam"],"yoast_head":"<!-- This site is optimized with the Yoast SEO plugin v27.4 - https:\/\/yoast.com\/product\/yoast-seo-wordpress\/ -->\n<title>\u201c\u015ei\u015fedeki Bellek: K\u0131br\u0131sl\u0131t\u00fcrk Gazoz Tarihi\u201d kitab\u0131 cumartesi g\u00fcn\u00fc tan\u0131t\u0131lacak - Kuzeyin Sesi<\/title>\n<meta name=\"robots\" content=\"index, follow, max-snippet:-1, max-image-preview:large, max-video-preview:-1\" \/>\n<link rel=\"canonical\" href=\"https:\/\/kuzeyinsesi.org\/index.php\/2025\/01\/23\/sisedeki-bellek-kibrisliturk-gazoz-tarihi-kitabi-cumartesi-gunu-tanitilacak\/\" \/>\n<meta property=\"og:locale\" content=\"tr_TR\" \/>\n<meta property=\"og:type\" content=\"article\" \/>\n<meta property=\"og:title\" content=\"\u201c\u015ei\u015fedeki Bellek: K\u0131br\u0131sl\u0131t\u00fcrk Gazoz Tarihi\u201d kitab\u0131 cumartesi g\u00fcn\u00fc tan\u0131t\u0131lacak - Kuzeyin Sesi\" \/>\n<meta property=\"og:description\" content=\"Prof. Dr. Senih \u00c7avu\u015fo\u011flu\u2019nun K\u0131br\u0131sl\u0131 T\u00fcrklerin yerli gazoz \u00fcretimine dair kapsaml\u0131 ara\u015ft\u0131rmas\u0131n\u0131n \u00fcr\u00fcn\u00fc olan \u201c\u015ei\u015fedeki Bellek: K\u0131br\u0131sl\u0131t\u00fcrk Gazoz Tarihi\u201d kitab\u0131n\u0131n tan\u0131t\u0131m\u0131, 25 Ocak Cumartesi saat 14.00\u2019te R\u00fcstem Kitabevi\u2019nde yap\u0131lacak. Etkinlikte Prof. Dr. \u00c7avu\u015fo\u011flu, kitab\u0131n ara\u015ft\u0131rma s\u00fcrecindeki buluntular\u0131n\u0131 aktaracak ve okuyucular i\u00e7in imza verecek. Be\u015f y\u0131l s\u00fcren titiz bir s\u00f6zl\u00fc tarih \u00e7al\u0131\u015fmas\u0131n\u0131n sonucu olan, d\u00f6neme ait [&hellip;]\" \/>\n<meta property=\"og:url\" content=\"https:\/\/kuzeyinsesi.org\/index.php\/2025\/01\/23\/sisedeki-bellek-kibrisliturk-gazoz-tarihi-kitabi-cumartesi-gunu-tanitilacak\/\" \/>\n<meta property=\"og:site_name\" content=\"Kuzeyin Sesi\" \/>\n<meta property=\"article:publisher\" content=\"https:\/\/www.facebook.com\/kuzeyinsesii\" \/>\n<meta property=\"article:published_time\" content=\"2025-01-23T08:21:51+00:00\" \/>\n<meta property=\"og:image\" content=\"https:\/\/brtk.net\/wp-content\/uploads\/2025\/01\/23\/1737615881048SISEDEKI-BELLEK2.jpeg?ver=e53c54c4a1c6c3118304d40c109c2c92\" \/>\n<meta name=\"author\" content=\"Kuzeyin Sesi\" \/>\n<meta name=\"twitter:card\" content=\"summary_large_image\" \/>\n<meta name=\"twitter:creator\" content=\"@kuzeyinsesii\" \/>\n<meta name=\"twitter:site\" content=\"@kuzeyinsesii\" \/>\n<meta name=\"twitter:label1\" content=\"Yazan:\" \/>\n\t<meta name=\"twitter:data1\" content=\"Kuzeyin Sesi\" \/>\n\t<meta name=\"twitter:label2\" content=\"Tahmini okuma s\u00fcresi\" \/>\n\t<meta name=\"twitter:data2\" content=\"2 dakika\" \/>\n<script type=\"application\/ld+json\" class=\"yoast-schema-graph\">{\"@context\":\"https:\\\/\\\/schema.org\",\"@graph\":[{\"@type\":\"Article\",\"@id\":\"https:\\\/\\\/kuzeyinsesi.org\\\/index.php\\\/2025\\\/01\\\/23\\\/sisedeki-bellek-kibrisliturk-gazoz-tarihi-kitabi-cumartesi-gunu-tanitilacak\\\/#article\",\"isPartOf\":{\"@id\":\"https:\\\/\\\/kuzeyinsesi.org\\\/index.php\\\/2025\\\/01\\\/23\\\/sisedeki-bellek-kibrisliturk-gazoz-tarihi-kitabi-cumartesi-gunu-tanitilacak\\\/\"},\"author\":{\"name\":\"Kuzeyin Sesi\",\"@id\":\"https:\\\/\\\/kuzeyinsesi.org\\\/#\\\/schema\\\/person\\\/9f859689cdf01485597712386e37f5aa\"},\"headline\":\"\u201c\u015ei\u015fedeki Bellek: K\u0131br\u0131sl\u0131t\u00fcrk Gazoz Tarihi\u201d kitab\u0131 cumartesi g\u00fcn\u00fc tan\u0131t\u0131lacak\",\"datePublished\":\"2025-01-23T08:21:51+00:00\",\"mainEntityOfPage\":{\"@id\":\"https:\\\/\\\/kuzeyinsesi.org\\\/index.php\\\/2025\\\/01\\\/23\\\/sisedeki-bellek-kibrisliturk-gazoz-tarihi-kitabi-cumartesi-gunu-tanitilacak\\\/\"},\"wordCount\":335,\"commentCount\":0,\"image\":{\"@id\":\"https:\\\/\\\/kuzeyinsesi.org\\\/index.php\\\/2025\\\/01\\\/23\\\/sisedeki-bellek-kibrisliturk-gazoz-tarihi-kitabi-cumartesi-gunu-tanitilacak\\\/#primaryimage\"},\"thumbnailUrl\":\"https:\\\/\\\/kuzeyinsesi.org\\\/wp-content\\\/uploads\\\/2025\\\/01\\\/1737615881048SISEDEKI-BELLEK2.jpeg\",\"articleSection\":[\"Ya\u015fam\"],\"inLanguage\":\"tr\",\"potentialAction\":[{\"@type\":\"CommentAction\",\"name\":\"Comment\",\"target\":[\"https:\\\/\\\/kuzeyinsesi.org\\\/index.php\\\/2025\\\/01\\\/23\\\/sisedeki-bellek-kibrisliturk-gazoz-tarihi-kitabi-cumartesi-gunu-tanitilacak\\\/#respond\"]}]},{\"@type\":\"WebPage\",\"@id\":\"https:\\\/\\\/kuzeyinsesi.org\\\/index.php\\\/2025\\\/01\\\/23\\\/sisedeki-bellek-kibrisliturk-gazoz-tarihi-kitabi-cumartesi-gunu-tanitilacak\\\/\",\"url\":\"https:\\\/\\\/kuzeyinsesi.org\\\/index.php\\\/2025\\\/01\\\/23\\\/sisedeki-bellek-kibrisliturk-gazoz-tarihi-kitabi-cumartesi-gunu-tanitilacak\\\/\",\"name\":\"\u201c\u015ei\u015fedeki Bellek: K\u0131br\u0131sl\u0131t\u00fcrk Gazoz Tarihi\u201d kitab\u0131 cumartesi g\u00fcn\u00fc tan\u0131t\u0131lacak - Kuzeyin Sesi\",\"isPartOf\":{\"@id\":\"https:\\\/\\\/kuzeyinsesi.org\\\/#website\"},\"primaryImageOfPage\":{\"@id\":\"https:\\\/\\\/kuzeyinsesi.org\\\/index.php\\\/2025\\\/01\\\/23\\\/sisedeki-bellek-kibrisliturk-gazoz-tarihi-kitabi-cumartesi-gunu-tanitilacak\\\/#primaryimage\"},\"image\":{\"@id\":\"https:\\\/\\\/kuzeyinsesi.org\\\/index.php\\\/2025\\\/01\\\/23\\\/sisedeki-bellek-kibrisliturk-gazoz-tarihi-kitabi-cumartesi-gunu-tanitilacak\\\/#primaryimage\"},\"thumbnailUrl\":\"https:\\\/\\\/kuzeyinsesi.org\\\/wp-content\\\/uploads\\\/2025\\\/01\\\/1737615881048SISEDEKI-BELLEK2.jpeg\",\"datePublished\":\"2025-01-23T08:21:51+00:00\",\"author\":{\"@id\":\"https:\\\/\\\/kuzeyinsesi.org\\\/#\\\/schema\\\/person\\\/9f859689cdf01485597712386e37f5aa\"},\"breadcrumb\":{\"@id\":\"https:\\\/\\\/kuzeyinsesi.org\\\/index.php\\\/2025\\\/01\\\/23\\\/sisedeki-bellek-kibrisliturk-gazoz-tarihi-kitabi-cumartesi-gunu-tanitilacak\\\/#breadcrumb\"},\"inLanguage\":\"tr\",\"potentialAction\":[{\"@type\":\"ReadAction\",\"target\":[\"https:\\\/\\\/kuzeyinsesi.org\\\/index.php\\\/2025\\\/01\\\/23\\\/sisedeki-bellek-kibrisliturk-gazoz-tarihi-kitabi-cumartesi-gunu-tanitilacak\\\/\"]}]},{\"@type\":\"ImageObject\",\"inLanguage\":\"tr\",\"@id\":\"https:\\\/\\\/kuzeyinsesi.org\\\/index.php\\\/2025\\\/01\\\/23\\\/sisedeki-bellek-kibrisliturk-gazoz-tarihi-kitabi-cumartesi-gunu-tanitilacak\\\/#primaryimage\",\"url\":\"https:\\\/\\\/kuzeyinsesi.org\\\/wp-content\\\/uploads\\\/2025\\\/01\\\/1737615881048SISEDEKI-BELLEK2.jpeg\",\"contentUrl\":\"https:\\\/\\\/kuzeyinsesi.org\\\/wp-content\\\/uploads\\\/2025\\\/01\\\/1737615881048SISEDEKI-BELLEK2.jpeg\",\"width\":1280,\"height\":914},{\"@type\":\"BreadcrumbList\",\"@id\":\"https:\\\/\\\/kuzeyinsesi.org\\\/index.php\\\/2025\\\/01\\\/23\\\/sisedeki-bellek-kibrisliturk-gazoz-tarihi-kitabi-cumartesi-gunu-tanitilacak\\\/#breadcrumb\",\"itemListElement\":[{\"@type\":\"ListItem\",\"position\":1,\"name\":\"Anasayfa\",\"item\":\"https:\\\/\\\/kuzeyinsesi.org\\\/\"},{\"@type\":\"ListItem\",\"position\":2,\"name\":\"\u201c\u015ei\u015fedeki Bellek: K\u0131br\u0131sl\u0131t\u00fcrk Gazoz Tarihi\u201d kitab\u0131 cumartesi g\u00fcn\u00fc tan\u0131t\u0131lacak\"}]},{\"@type\":\"WebSite\",\"@id\":\"https:\\\/\\\/kuzeyinsesi.org\\\/#website\",\"url\":\"https:\\\/\\\/kuzeyinsesi.org\\\/\",\"name\":\"Kuzeyin Sesi\",\"description\":\"Do\u011fru Haberin Adresi\",\"potentialAction\":[{\"@type\":\"SearchAction\",\"target\":{\"@type\":\"EntryPoint\",\"urlTemplate\":\"https:\\\/\\\/kuzeyinsesi.org\\\/?s={search_term_string}\"},\"query-input\":{\"@type\":\"PropertyValueSpecification\",\"valueRequired\":true,\"valueName\":\"search_term_string\"}}],\"inLanguage\":\"tr\"},{\"@type\":\"Person\",\"@id\":\"https:\\\/\\\/kuzeyinsesi.org\\\/#\\\/schema\\\/person\\\/9f859689cdf01485597712386e37f5aa\",\"name\":\"Kuzeyin Sesi\",\"image\":{\"@type\":\"ImageObject\",\"inLanguage\":\"tr\",\"@id\":\"https:\\\/\\\/secure.gravatar.com\\\/avatar\\\/bab33852abfd8b282518d6ed81826833d77c3c882d9ab608add591ccace47a44?s=96&d=mm&r=g\",\"url\":\"https:\\\/\\\/secure.gravatar.com\\\/avatar\\\/bab33852abfd8b282518d6ed81826833d77c3c882d9ab608add591ccace47a44?s=96&d=mm&r=g\",\"contentUrl\":\"https:\\\/\\\/secure.gravatar.com\\\/avatar\\\/bab33852abfd8b282518d6ed81826833d77c3c882d9ab608add591ccace47a44?s=96&d=mm&r=g\",\"caption\":\"Kuzeyin Sesi\"},\"sameAs\":[\"https:\\\/\\\/kuzeyinsesi.org\"],\"url\":\"https:\\\/\\\/kuzeyinsesi.org\\\/index.php\\\/author\\\/guven\\\/\"}]}<\/script>\n<!-- \/ Yoast SEO plugin. -->","yoast_head_json":{"title":"\u201c\u015ei\u015fedeki Bellek: K\u0131br\u0131sl\u0131t\u00fcrk Gazoz Tarihi\u201d kitab\u0131 cumartesi g\u00fcn\u00fc tan\u0131t\u0131lacak - Kuzeyin Sesi","robots":{"index":"index","follow":"follow","max-snippet":"max-snippet:-1","max-image-preview":"max-image-preview:large","max-video-preview":"max-video-preview:-1"},"canonical":"https:\/\/kuzeyinsesi.org\/index.php\/2025\/01\/23\/sisedeki-bellek-kibrisliturk-gazoz-tarihi-kitabi-cumartesi-gunu-tanitilacak\/","og_locale":"tr_TR","og_type":"article","og_title":"\u201c\u015ei\u015fedeki Bellek: K\u0131br\u0131sl\u0131t\u00fcrk Gazoz Tarihi\u201d kitab\u0131 cumartesi g\u00fcn\u00fc tan\u0131t\u0131lacak - Kuzeyin Sesi","og_description":"Prof. Dr. Senih \u00c7avu\u015fo\u011flu\u2019nun K\u0131br\u0131sl\u0131 T\u00fcrklerin yerli gazoz \u00fcretimine dair kapsaml\u0131 ara\u015ft\u0131rmas\u0131n\u0131n \u00fcr\u00fcn\u00fc olan \u201c\u015ei\u015fedeki Bellek: K\u0131br\u0131sl\u0131t\u00fcrk Gazoz Tarihi\u201d kitab\u0131n\u0131n tan\u0131t\u0131m\u0131, 25 Ocak Cumartesi saat 14.00\u2019te R\u00fcstem Kitabevi\u2019nde yap\u0131lacak. Etkinlikte Prof. Dr. \u00c7avu\u015fo\u011flu, kitab\u0131n ara\u015ft\u0131rma s\u00fcrecindeki buluntular\u0131n\u0131 aktaracak ve okuyucular i\u00e7in imza verecek. Be\u015f y\u0131l s\u00fcren titiz bir s\u00f6zl\u00fc tarih \u00e7al\u0131\u015fmas\u0131n\u0131n sonucu olan, d\u00f6neme ait [&hellip;]","og_url":"https:\/\/kuzeyinsesi.org\/index.php\/2025\/01\/23\/sisedeki-bellek-kibrisliturk-gazoz-tarihi-kitabi-cumartesi-gunu-tanitilacak\/","og_site_name":"Kuzeyin Sesi","article_publisher":"https:\/\/www.facebook.com\/kuzeyinsesii","article_published_time":"2025-01-23T08:21:51+00:00","og_image":[{"url":"https:\/\/brtk.net\/wp-content\/uploads\/2025\/01\/23\/1737615881048SISEDEKI-BELLEK2.jpeg?ver=e53c54c4a1c6c3118304d40c109c2c92","type":"","width":"","height":""}],"author":"Kuzeyin Sesi","twitter_card":"summary_large_image","twitter_creator":"@kuzeyinsesii","twitter_site":"@kuzeyinsesii","twitter_misc":{"Yazan:":"Kuzeyin Sesi","Tahmini okuma s\u00fcresi":"2 dakika"},"schema":{"@context":"https:\/\/schema.org","@graph":[{"@type":"Article","@id":"https:\/\/kuzeyinsesi.org\/index.php\/2025\/01\/23\/sisedeki-bellek-kibrisliturk-gazoz-tarihi-kitabi-cumartesi-gunu-tanitilacak\/#article","isPartOf":{"@id":"https:\/\/kuzeyinsesi.org\/index.php\/2025\/01\/23\/sisedeki-bellek-kibrisliturk-gazoz-tarihi-kitabi-cumartesi-gunu-tanitilacak\/"},"author":{"name":"Kuzeyin Sesi","@id":"https:\/\/kuzeyinsesi.org\/#\/schema\/person\/9f859689cdf01485597712386e37f5aa"},"headline":"\u201c\u015ei\u015fedeki Bellek: K\u0131br\u0131sl\u0131t\u00fcrk Gazoz Tarihi\u201d kitab\u0131 cumartesi g\u00fcn\u00fc tan\u0131t\u0131lacak","datePublished":"2025-01-23T08:21:51+00:00","mainEntityOfPage":{"@id":"https:\/\/kuzeyinsesi.org\/index.php\/2025\/01\/23\/sisedeki-bellek-kibrisliturk-gazoz-tarihi-kitabi-cumartesi-gunu-tanitilacak\/"},"wordCount":335,"commentCount":0,"image":{"@id":"https:\/\/kuzeyinsesi.org\/index.php\/2025\/01\/23\/sisedeki-bellek-kibrisliturk-gazoz-tarihi-kitabi-cumartesi-gunu-tanitilacak\/#primaryimage"},"thumbnailUrl":"https:\/\/kuzeyinsesi.org\/wp-content\/uploads\/2025\/01\/1737615881048SISEDEKI-BELLEK2.jpeg","articleSection":["Ya\u015fam"],"inLanguage":"tr","potentialAction":[{"@type":"CommentAction","name":"Comment","target":["https:\/\/kuzeyinsesi.org\/index.php\/2025\/01\/23\/sisedeki-bellek-kibrisliturk-gazoz-tarihi-kitabi-cumartesi-gunu-tanitilacak\/#respond"]}]},{"@type":"WebPage","@id":"https:\/\/kuzeyinsesi.org\/index.php\/2025\/01\/23\/sisedeki-bellek-kibrisliturk-gazoz-tarihi-kitabi-cumartesi-gunu-tanitilacak\/","url":"https:\/\/kuzeyinsesi.org\/index.php\/2025\/01\/23\/sisedeki-bellek-kibrisliturk-gazoz-tarihi-kitabi-cumartesi-gunu-tanitilacak\/","name":"\u201c\u015ei\u015fedeki Bellek: K\u0131br\u0131sl\u0131t\u00fcrk Gazoz Tarihi\u201d kitab\u0131 cumartesi g\u00fcn\u00fc tan\u0131t\u0131lacak - Kuzeyin Sesi","isPartOf":{"@id":"https:\/\/kuzeyinsesi.org\/#website"},"primaryImageOfPage":{"@id":"https:\/\/kuzeyinsesi.org\/index.php\/2025\/01\/23\/sisedeki-bellek-kibrisliturk-gazoz-tarihi-kitabi-cumartesi-gunu-tanitilacak\/#primaryimage"},"image":{"@id":"https:\/\/kuzeyinsesi.org\/index.php\/2025\/01\/23\/sisedeki-bellek-kibrisliturk-gazoz-tarihi-kitabi-cumartesi-gunu-tanitilacak\/#primaryimage"},"thumbnailUrl":"https:\/\/kuzeyinsesi.org\/wp-content\/uploads\/2025\/01\/1737615881048SISEDEKI-BELLEK2.jpeg","datePublished":"2025-01-23T08:21:51+00:00","author":{"@id":"https:\/\/kuzeyinsesi.org\/#\/schema\/person\/9f859689cdf01485597712386e37f5aa"},"breadcrumb":{"@id":"https:\/\/kuzeyinsesi.org\/index.php\/2025\/01\/23\/sisedeki-bellek-kibrisliturk-gazoz-tarihi-kitabi-cumartesi-gunu-tanitilacak\/#breadcrumb"},"inLanguage":"tr","potentialAction":[{"@type":"ReadAction","target":["https:\/\/kuzeyinsesi.org\/index.php\/2025\/01\/23\/sisedeki-bellek-kibrisliturk-gazoz-tarihi-kitabi-cumartesi-gunu-tanitilacak\/"]}]},{"@type":"ImageObject","inLanguage":"tr","@id":"https:\/\/kuzeyinsesi.org\/index.php\/2025\/01\/23\/sisedeki-bellek-kibrisliturk-gazoz-tarihi-kitabi-cumartesi-gunu-tanitilacak\/#primaryimage","url":"https:\/\/kuzeyinsesi.org\/wp-content\/uploads\/2025\/01\/1737615881048SISEDEKI-BELLEK2.jpeg","contentUrl":"https:\/\/kuzeyinsesi.org\/wp-content\/uploads\/2025\/01\/1737615881048SISEDEKI-BELLEK2.jpeg","width":1280,"height":914},{"@type":"BreadcrumbList","@id":"https:\/\/kuzeyinsesi.org\/index.php\/2025\/01\/23\/sisedeki-bellek-kibrisliturk-gazoz-tarihi-kitabi-cumartesi-gunu-tanitilacak\/#breadcrumb","itemListElement":[{"@type":"ListItem","position":1,"name":"Anasayfa","item":"https:\/\/kuzeyinsesi.org\/"},{"@type":"ListItem","position":2,"name":"\u201c\u015ei\u015fedeki Bellek: K\u0131br\u0131sl\u0131t\u00fcrk Gazoz Tarihi\u201d kitab\u0131 cumartesi g\u00fcn\u00fc tan\u0131t\u0131lacak"}]},{"@type":"WebSite","@id":"https:\/\/kuzeyinsesi.org\/#website","url":"https:\/\/kuzeyinsesi.org\/","name":"Kuzeyin Sesi","description":"Do\u011fru Haberin Adresi","potentialAction":[{"@type":"SearchAction","target":{"@type":"EntryPoint","urlTemplate":"https:\/\/kuzeyinsesi.org\/?s={search_term_string}"},"query-input":{"@type":"PropertyValueSpecification","valueRequired":true,"valueName":"search_term_string"}}],"inLanguage":"tr"},{"@type":"Person","@id":"https:\/\/kuzeyinsesi.org\/#\/schema\/person\/9f859689cdf01485597712386e37f5aa","name":"Kuzeyin Sesi","image":{"@type":"ImageObject","inLanguage":"tr","@id":"https:\/\/secure.gravatar.com\/avatar\/bab33852abfd8b282518d6ed81826833d77c3c882d9ab608add591ccace47a44?s=96&d=mm&r=g","url":"https:\/\/secure.gravatar.com\/avatar\/bab33852abfd8b282518d6ed81826833d77c3c882d9ab608add591ccace47a44?s=96&d=mm&r=g","contentUrl":"https:\/\/secure.gravatar.com\/avatar\/bab33852abfd8b282518d6ed81826833d77c3c882d9ab608add591ccace47a44?s=96&d=mm&r=g","caption":"Kuzeyin Sesi"},"sameAs":["https:\/\/kuzeyinsesi.org"],"url":"https:\/\/kuzeyinsesi.org\/index.php\/author\/guven\/"}]}},"_links":{"self":[{"href":"https:\/\/kuzeyinsesi.org\/index.php\/wp-json\/wp\/v2\/posts\/17806","targetHints":{"allow":["GET"]}}],"collection":[{"href":"https:\/\/kuzeyinsesi.org\/index.php\/wp-json\/wp\/v2\/posts"}],"about":[{"href":"https:\/\/kuzeyinsesi.org\/index.php\/wp-json\/wp\/v2\/types\/post"}],"author":[{"embeddable":true,"href":"https:\/\/kuzeyinsesi.org\/index.php\/wp-json\/wp\/v2\/users\/1"}],"replies":[{"embeddable":true,"href":"https:\/\/kuzeyinsesi.org\/index.php\/wp-json\/wp\/v2\/comments?post=17806"}],"version-history":[{"count":0,"href":"https:\/\/kuzeyinsesi.org\/index.php\/wp-json\/wp\/v2\/posts\/17806\/revisions"}],"wp:featuredmedia":[{"embeddable":true,"href":"https:\/\/kuzeyinsesi.org\/index.php\/wp-json\/wp\/v2\/media\/17807"}],"wp:attachment":[{"href":"https:\/\/kuzeyinsesi.org\/index.php\/wp-json\/wp\/v2\/media?parent=17806"}],"wp:term":[{"taxonomy":"category","embeddable":true,"href":"https:\/\/kuzeyinsesi.org\/index.php\/wp-json\/wp\/v2\/categories?post=17806"},{"taxonomy":"post_tag","embeddable":true,"href":"https:\/\/kuzeyinsesi.org\/index.php\/wp-json\/wp\/v2\/tags?post=17806"}],"curies":[{"name":"wp","href":"https:\/\/api.w.org\/{rel}","templated":true}]}}