{"id":17792,"date":"2025-01-22T20:51:08","date_gmt":"2025-01-22T18:51:08","guid":{"rendered":"https:\/\/kuzeyinsesi.org\/index.php\/2025\/01\/22\/yangin-faciasinda-can-kaybi-79a-yukseldi\/"},"modified":"2025-01-22T20:51:08","modified_gmt":"2025-01-22T18:51:08","slug":"yangin-faciasinda-can-kaybi-79a-yukseldi","status":"publish","type":"post","link":"https:\/\/kuzeyinsesi.org\/index.php\/2025\/01\/22\/yangin-faciasinda-can-kaybi-79a-yukseldi\/","title":{"rendered":"Yang\u0131n facias\u0131nda can kayb\u0131 79\u2019a y\u00fckseldi"},"content":{"rendered":"<div>\n<div class=\"mariselle-image-container center\">\n                                            <\/div>\n<p>Bolu Cumhuriyet Ba\u015fsavc\u0131l\u0131\u011f\u0131ndan al\u0131nan bilgiye g\u00f6re, yap\u0131lan DNA testleri sonucu oteldeki yang\u0131nda 3 ki\u015finin daha ya\u015fam\u0131n\u0131 yitirdi\u011fi belirlendi. B\u00f6ylece olayda hayat\u0131n\u0131 kaybedenlerin say\u0131s\u0131 79\u2019a y\u00fckseldi.<\/p>\n<p><strong>11 ki\u015fi g\u00f6zalt\u0131na al\u0131nd\u0131<\/strong><br \/>Bolu Kartalkaya\u2019daki otel, yang\u0131n sonucu enkaza d\u00f6n\u00fc\u015ft\u00fc. So\u011futma \u00e7al\u0131\u015fmalar\u0131n\u0131n ard\u0131ndan enkazda inceleme ba\u015flat\u0131ld\u0131.<\/p>\n<p>Adalet Bakan\u0131 Y\u0131lmaz Tun\u00e7, yang\u0131n facias\u0131yla ilgili g\u00f6zalt\u0131 say\u0131s\u0131n\u0131n 11\u2019e \u00e7\u0131kt\u0131\u011f\u0131n\u0131 duyurdu. Bolu Belediyesi \u0130tfaiyeden Sorumlu Ba\u015fkan Yard\u0131mc\u0131s\u0131 ile Bolu Belediyesi \u0130tfaiye M\u00fcd\u00fcr\u00fcn\u00fcn de g\u00f6zalt\u0131na al\u0131nd\u0131\u011f\u0131n\u0131 a\u00e7\u0131klad\u0131.<\/p>\n<p>Bakan Tun\u00e7, alan\u0131nda uzman 7 ki\u015filik bilirki\u015fi heyetinin incelemelerinin de devam etti\u011fini a\u00e7\u0131klad\u0131.<\/p>\n<p>Jandarma otel \u00e7evresini g\u00fcvenlik \u015feritleriyle kapatt\u0131. G\u00f6revliler d\u0131\u015f\u0131nda ge\u00e7i\u015fe izin verilmedi.<br \/>AFAD Ba\u015fkan\u0131 Okay Memi\u015f koordinasyonundaki ekipler her bir oday\u0131 tarad\u0131. Yang\u0131n\u0131n otelde yol a\u00e7t\u0131\u011f\u0131 hasar AFAD ekiplerince g\u00f6r\u00fcnt\u00fclendi.<\/p>\n<p>\u0130\u00e7 mekanda soru\u015fturmaya dayanak olabilecek t\u00fcm deliller topland\u0131. Soru\u015fturmada g\u00f6revli 6 cumhuriyet savc\u0131s\u0131 adli; \u00c7al\u0131\u015fma ve Sosyal G\u00fcvenlik Bakanl\u0131\u011f\u0131 ile m\u00fclkiye m\u00fcfetti\u015fleri ise idari soru\u015fturmay\u0131 s\u00fcrd\u00fcr\u00fcyor.<\/p>\n<p><strong>Yaral\u0131lar\u0131n 39\u2019u taburcu edildi<\/strong><br \/>Sa\u011fl\u0131k Bakanl\u0131\u011f\u0131 yaral\u0131lardan 39\u2019unun taburcu edildi\u011fini a\u00e7\u0131klad\u0131. 12 ki\u015finin hastanelerde tedavisi s\u00fcr\u00fcyor.<\/p>\n<\/p><\/div>\n<p><script async\n                    defer\n                    crossorigin=\"anonymous\"\n                    src=\"https:\/\/connect.facebook.net\/tr_TR\/sdk.js#xfbml=1&#038;version=v3.3\"\n            ><\/script><\/p>\n","protected":false},"excerpt":{"rendered":"<p>Bolu Cumhuriyet Ba\u015fsavc\u0131l\u0131\u011f\u0131ndan al\u0131nan bilgiye g\u00f6re, yap\u0131lan DNA testleri sonucu oteldeki yang\u0131nda 3 ki\u015finin daha ya\u015fam\u0131n\u0131 yitirdi\u011fi belirlendi. B\u00f6ylece olayda hayat\u0131n\u0131 kaybedenlerin say\u0131s\u0131 79\u2019a y\u00fckseldi. 11 ki\u015fi g\u00f6zalt\u0131na al\u0131nd\u0131Bolu Kartalkaya\u2019daki otel, yang\u0131n sonucu enkaza d\u00f6n\u00fc\u015ft\u00fc. So\u011futma \u00e7al\u0131\u015fmalar\u0131n\u0131n ard\u0131ndan enkazda inceleme ba\u015flat\u0131ld\u0131. Adalet Bakan\u0131 Y\u0131lmaz Tun\u00e7, yang\u0131n facias\u0131yla ilgili g\u00f6zalt\u0131 say\u0131s\u0131n\u0131n 11\u2019e \u00e7\u0131kt\u0131\u011f\u0131n\u0131 duyurdu. Bolu Belediyesi [&hellip;]<\/p>\n","protected":false},"author":1,"featured_media":17793,"comment_status":"open","ping_status":"open","sticky":false,"template":"","format":"standard","meta":{"jnews-multi-image_gallery":[],"jnews_single_post":[],"jnews_primary_category":[],"jnews_social_meta":[],"jnews_override_counter":[],"footnotes":""},"categories":[5],"tags":[],"class_list":["post-17792","post","type-post","status-publish","format-standard","has-post-thumbnail","hentry","category-turkiye"],"yoast_head":"<!-- This site is optimized with the Yoast SEO plugin v27.5 - https:\/\/yoast.com\/product\/yoast-seo-wordpress\/ -->\n<title>Yang\u0131n facias\u0131nda can kayb\u0131 79\u2019a y\u00fckseldi - Kuzeyin Sesi<\/title>\n<meta name=\"robots\" content=\"index, follow, max-snippet:-1, max-image-preview:large, max-video-preview:-1\" \/>\n<link rel=\"canonical\" href=\"https:\/\/kuzeyinsesi.org\/index.php\/2025\/01\/22\/yangin-faciasinda-can-kaybi-79a-yukseldi\/\" \/>\n<meta property=\"og:locale\" content=\"tr_TR\" \/>\n<meta property=\"og:type\" content=\"article\" \/>\n<meta property=\"og:title\" content=\"Yang\u0131n facias\u0131nda can kayb\u0131 79\u2019a y\u00fckseldi - Kuzeyin Sesi\" \/>\n<meta property=\"og:description\" content=\"Bolu Cumhuriyet Ba\u015fsavc\u0131l\u0131\u011f\u0131ndan al\u0131nan bilgiye g\u00f6re, yap\u0131lan DNA testleri sonucu oteldeki yang\u0131nda 3 ki\u015finin daha ya\u015fam\u0131n\u0131 yitirdi\u011fi belirlendi. B\u00f6ylece olayda hayat\u0131n\u0131 kaybedenlerin say\u0131s\u0131 79\u2019a y\u00fckseldi. 11 ki\u015fi g\u00f6zalt\u0131na al\u0131nd\u0131Bolu Kartalkaya\u2019daki otel, yang\u0131n sonucu enkaza d\u00f6n\u00fc\u015ft\u00fc. So\u011futma \u00e7al\u0131\u015fmalar\u0131n\u0131n ard\u0131ndan enkazda inceleme ba\u015flat\u0131ld\u0131. Adalet Bakan\u0131 Y\u0131lmaz Tun\u00e7, yang\u0131n facias\u0131yla ilgili g\u00f6zalt\u0131 say\u0131s\u0131n\u0131n 11\u2019e \u00e7\u0131kt\u0131\u011f\u0131n\u0131 duyurdu. Bolu Belediyesi [&hellip;]\" \/>\n<meta property=\"og:url\" content=\"https:\/\/kuzeyinsesi.org\/index.php\/2025\/01\/22\/yangin-faciasinda-can-kaybi-79a-yukseldi\/\" \/>\n<meta property=\"og:site_name\" content=\"Kuzeyin Sesi\" \/>\n<meta property=\"article:publisher\" content=\"https:\/\/www.facebook.com\/kuzeyinsesii\" \/>\n<meta property=\"article:published_time\" content=\"2025-01-22T18:51:08+00:00\" \/>\n<meta property=\"og:image\" content=\"https:\/\/brtk.net\/wp-content\/uploads\/2025\/01\/22\/kartalkaya-yangin-aa-2324602.jpg?ver=21c1c0eec6c1e06165522c660d2d0bb8\" \/>\n<meta name=\"author\" content=\"Kuzeyin Sesi\" \/>\n<meta name=\"twitter:card\" content=\"summary_large_image\" \/>\n<meta name=\"twitter:creator\" content=\"@kuzeyinsesii\" \/>\n<meta name=\"twitter:site\" content=\"@kuzeyinsesii\" \/>\n<meta name=\"twitter:label1\" content=\"Yazan:\" \/>\n\t<meta name=\"twitter:data1\" content=\"Kuzeyin Sesi\" \/>\n\t<meta name=\"twitter:label2\" content=\"Tahmini okuma s\u00fcresi\" \/>\n\t<meta name=\"twitter:data2\" content=\"1 dakika\" \/>\n<script type=\"application\/ld+json\" class=\"yoast-schema-graph\">{\"@context\":\"https:\\\/\\\/schema.org\",\"@graph\":[{\"@type\":\"Article\",\"@id\":\"https:\\\/\\\/kuzeyinsesi.org\\\/index.php\\\/2025\\\/01\\\/22\\\/yangin-faciasinda-can-kaybi-79a-yukseldi\\\/#article\",\"isPartOf\":{\"@id\":\"https:\\\/\\\/kuzeyinsesi.org\\\/index.php\\\/2025\\\/01\\\/22\\\/yangin-faciasinda-can-kaybi-79a-yukseldi\\\/\"},\"author\":{\"name\":\"Kuzeyin Sesi\",\"@id\":\"https:\\\/\\\/kuzeyinsesi.org\\\/#\\\/schema\\\/person\\\/9f859689cdf01485597712386e37f5aa\"},\"headline\":\"Yang\u0131n facias\u0131nda can kayb\u0131 79\u2019a y\u00fckseldi\",\"datePublished\":\"2025-01-22T18:51:08+00:00\",\"mainEntityOfPage\":{\"@id\":\"https:\\\/\\\/kuzeyinsesi.org\\\/index.php\\\/2025\\\/01\\\/22\\\/yangin-faciasinda-can-kaybi-79a-yukseldi\\\/\"},\"wordCount\":247,\"commentCount\":0,\"image\":{\"@id\":\"https:\\\/\\\/kuzeyinsesi.org\\\/index.php\\\/2025\\\/01\\\/22\\\/yangin-faciasinda-can-kaybi-79a-yukseldi\\\/#primaryimage\"},\"thumbnailUrl\":\"https:\\\/\\\/kuzeyinsesi.org\\\/wp-content\\\/uploads\\\/2025\\\/01\\\/kartalkaya-yangin-aa-2324602.jpg\",\"articleSection\":[\"T\u00fcrkiye\"],\"inLanguage\":\"tr\",\"potentialAction\":[{\"@type\":\"CommentAction\",\"name\":\"Comment\",\"target\":[\"https:\\\/\\\/kuzeyinsesi.org\\\/index.php\\\/2025\\\/01\\\/22\\\/yangin-faciasinda-can-kaybi-79a-yukseldi\\\/#respond\"]}]},{\"@type\":\"WebPage\",\"@id\":\"https:\\\/\\\/kuzeyinsesi.org\\\/index.php\\\/2025\\\/01\\\/22\\\/yangin-faciasinda-can-kaybi-79a-yukseldi\\\/\",\"url\":\"https:\\\/\\\/kuzeyinsesi.org\\\/index.php\\\/2025\\\/01\\\/22\\\/yangin-faciasinda-can-kaybi-79a-yukseldi\\\/\",\"name\":\"Yang\u0131n facias\u0131nda can kayb\u0131 79\u2019a y\u00fckseldi - Kuzeyin Sesi\",\"isPartOf\":{\"@id\":\"https:\\\/\\\/kuzeyinsesi.org\\\/#website\"},\"primaryImageOfPage\":{\"@id\":\"https:\\\/\\\/kuzeyinsesi.org\\\/index.php\\\/2025\\\/01\\\/22\\\/yangin-faciasinda-can-kaybi-79a-yukseldi\\\/#primaryimage\"},\"image\":{\"@id\":\"https:\\\/\\\/kuzeyinsesi.org\\\/index.php\\\/2025\\\/01\\\/22\\\/yangin-faciasinda-can-kaybi-79a-yukseldi\\\/#primaryimage\"},\"thumbnailUrl\":\"https:\\\/\\\/kuzeyinsesi.org\\\/wp-content\\\/uploads\\\/2025\\\/01\\\/kartalkaya-yangin-aa-2324602.jpg\",\"datePublished\":\"2025-01-22T18:51:08+00:00\",\"author\":{\"@id\":\"https:\\\/\\\/kuzeyinsesi.org\\\/#\\\/schema\\\/person\\\/9f859689cdf01485597712386e37f5aa\"},\"breadcrumb\":{\"@id\":\"https:\\\/\\\/kuzeyinsesi.org\\\/index.php\\\/2025\\\/01\\\/22\\\/yangin-faciasinda-can-kaybi-79a-yukseldi\\\/#breadcrumb\"},\"inLanguage\":\"tr\",\"potentialAction\":[{\"@type\":\"ReadAction\",\"target\":[\"https:\\\/\\\/kuzeyinsesi.org\\\/index.php\\\/2025\\\/01\\\/22\\\/yangin-faciasinda-can-kaybi-79a-yukseldi\\\/\"]}]},{\"@type\":\"ImageObject\",\"inLanguage\":\"tr\",\"@id\":\"https:\\\/\\\/kuzeyinsesi.org\\\/index.php\\\/2025\\\/01\\\/22\\\/yangin-faciasinda-can-kaybi-79a-yukseldi\\\/#primaryimage\",\"url\":\"https:\\\/\\\/kuzeyinsesi.org\\\/wp-content\\\/uploads\\\/2025\\\/01\\\/kartalkaya-yangin-aa-2324602.jpg\",\"contentUrl\":\"https:\\\/\\\/kuzeyinsesi.org\\\/wp-content\\\/uploads\\\/2025\\\/01\\\/kartalkaya-yangin-aa-2324602.jpg\",\"width\":1280,\"height\":720},{\"@type\":\"BreadcrumbList\",\"@id\":\"https:\\\/\\\/kuzeyinsesi.org\\\/index.php\\\/2025\\\/01\\\/22\\\/yangin-faciasinda-can-kaybi-79a-yukseldi\\\/#breadcrumb\",\"itemListElement\":[{\"@type\":\"ListItem\",\"position\":1,\"name\":\"Anasayfa\",\"item\":\"https:\\\/\\\/kuzeyinsesi.org\\\/\"},{\"@type\":\"ListItem\",\"position\":2,\"name\":\"Yang\u0131n facias\u0131nda can kayb\u0131 79\u2019a y\u00fckseldi\"}]},{\"@type\":\"WebSite\",\"@id\":\"https:\\\/\\\/kuzeyinsesi.org\\\/#website\",\"url\":\"https:\\\/\\\/kuzeyinsesi.org\\\/\",\"name\":\"Kuzeyin Sesi\",\"description\":\"Do\u011fru Haberin Adresi\",\"potentialAction\":[{\"@type\":\"SearchAction\",\"target\":{\"@type\":\"EntryPoint\",\"urlTemplate\":\"https:\\\/\\\/kuzeyinsesi.org\\\/?s={search_term_string}\"},\"query-input\":{\"@type\":\"PropertyValueSpecification\",\"valueRequired\":true,\"valueName\":\"search_term_string\"}}],\"inLanguage\":\"tr\"},{\"@type\":\"Person\",\"@id\":\"https:\\\/\\\/kuzeyinsesi.org\\\/#\\\/schema\\\/person\\\/9f859689cdf01485597712386e37f5aa\",\"name\":\"Kuzeyin Sesi\",\"image\":{\"@type\":\"ImageObject\",\"inLanguage\":\"tr\",\"@id\":\"https:\\\/\\\/secure.gravatar.com\\\/avatar\\\/bab33852abfd8b282518d6ed81826833d77c3c882d9ab608add591ccace47a44?s=96&d=mm&r=g\",\"url\":\"https:\\\/\\\/secure.gravatar.com\\\/avatar\\\/bab33852abfd8b282518d6ed81826833d77c3c882d9ab608add591ccace47a44?s=96&d=mm&r=g\",\"contentUrl\":\"https:\\\/\\\/secure.gravatar.com\\\/avatar\\\/bab33852abfd8b282518d6ed81826833d77c3c882d9ab608add591ccace47a44?s=96&d=mm&r=g\",\"caption\":\"Kuzeyin Sesi\"},\"sameAs\":[\"https:\\\/\\\/kuzeyinsesi.org\"],\"url\":\"https:\\\/\\\/kuzeyinsesi.org\\\/index.php\\\/author\\\/guven\\\/\"}]}<\/script>\n<!-- \/ Yoast SEO plugin. -->","yoast_head_json":{"title":"Yang\u0131n facias\u0131nda can kayb\u0131 79\u2019a y\u00fckseldi - Kuzeyin Sesi","robots":{"index":"index","follow":"follow","max-snippet":"max-snippet:-1","max-image-preview":"max-image-preview:large","max-video-preview":"max-video-preview:-1"},"canonical":"https:\/\/kuzeyinsesi.org\/index.php\/2025\/01\/22\/yangin-faciasinda-can-kaybi-79a-yukseldi\/","og_locale":"tr_TR","og_type":"article","og_title":"Yang\u0131n facias\u0131nda can kayb\u0131 79\u2019a y\u00fckseldi - Kuzeyin Sesi","og_description":"Bolu Cumhuriyet Ba\u015fsavc\u0131l\u0131\u011f\u0131ndan al\u0131nan bilgiye g\u00f6re, yap\u0131lan DNA testleri sonucu oteldeki yang\u0131nda 3 ki\u015finin daha ya\u015fam\u0131n\u0131 yitirdi\u011fi belirlendi. B\u00f6ylece olayda hayat\u0131n\u0131 kaybedenlerin say\u0131s\u0131 79\u2019a y\u00fckseldi. 11 ki\u015fi g\u00f6zalt\u0131na al\u0131nd\u0131Bolu Kartalkaya\u2019daki otel, yang\u0131n sonucu enkaza d\u00f6n\u00fc\u015ft\u00fc. So\u011futma \u00e7al\u0131\u015fmalar\u0131n\u0131n ard\u0131ndan enkazda inceleme ba\u015flat\u0131ld\u0131. Adalet Bakan\u0131 Y\u0131lmaz Tun\u00e7, yang\u0131n facias\u0131yla ilgili g\u00f6zalt\u0131 say\u0131s\u0131n\u0131n 11\u2019e \u00e7\u0131kt\u0131\u011f\u0131n\u0131 duyurdu. Bolu Belediyesi [&hellip;]","og_url":"https:\/\/kuzeyinsesi.org\/index.php\/2025\/01\/22\/yangin-faciasinda-can-kaybi-79a-yukseldi\/","og_site_name":"Kuzeyin Sesi","article_publisher":"https:\/\/www.facebook.com\/kuzeyinsesii","article_published_time":"2025-01-22T18:51:08+00:00","og_image":[{"url":"https:\/\/brtk.net\/wp-content\/uploads\/2025\/01\/22\/kartalkaya-yangin-aa-2324602.jpg?ver=21c1c0eec6c1e06165522c660d2d0bb8","type":"","width":"","height":""}],"author":"Kuzeyin Sesi","twitter_card":"summary_large_image","twitter_creator":"@kuzeyinsesii","twitter_site":"@kuzeyinsesii","twitter_misc":{"Yazan:":"Kuzeyin Sesi","Tahmini okuma s\u00fcresi":"1 dakika"},"schema":{"@context":"https:\/\/schema.org","@graph":[{"@type":"Article","@id":"https:\/\/kuzeyinsesi.org\/index.php\/2025\/01\/22\/yangin-faciasinda-can-kaybi-79a-yukseldi\/#article","isPartOf":{"@id":"https:\/\/kuzeyinsesi.org\/index.php\/2025\/01\/22\/yangin-faciasinda-can-kaybi-79a-yukseldi\/"},"author":{"name":"Kuzeyin Sesi","@id":"https:\/\/kuzeyinsesi.org\/#\/schema\/person\/9f859689cdf01485597712386e37f5aa"},"headline":"Yang\u0131n facias\u0131nda can kayb\u0131 79\u2019a y\u00fckseldi","datePublished":"2025-01-22T18:51:08+00:00","mainEntityOfPage":{"@id":"https:\/\/kuzeyinsesi.org\/index.php\/2025\/01\/22\/yangin-faciasinda-can-kaybi-79a-yukseldi\/"},"wordCount":247,"commentCount":0,"image":{"@id":"https:\/\/kuzeyinsesi.org\/index.php\/2025\/01\/22\/yangin-faciasinda-can-kaybi-79a-yukseldi\/#primaryimage"},"thumbnailUrl":"https:\/\/kuzeyinsesi.org\/wp-content\/uploads\/2025\/01\/kartalkaya-yangin-aa-2324602.jpg","articleSection":["T\u00fcrkiye"],"inLanguage":"tr","potentialAction":[{"@type":"CommentAction","name":"Comment","target":["https:\/\/kuzeyinsesi.org\/index.php\/2025\/01\/22\/yangin-faciasinda-can-kaybi-79a-yukseldi\/#respond"]}]},{"@type":"WebPage","@id":"https:\/\/kuzeyinsesi.org\/index.php\/2025\/01\/22\/yangin-faciasinda-can-kaybi-79a-yukseldi\/","url":"https:\/\/kuzeyinsesi.org\/index.php\/2025\/01\/22\/yangin-faciasinda-can-kaybi-79a-yukseldi\/","name":"Yang\u0131n facias\u0131nda can kayb\u0131 79\u2019a y\u00fckseldi - Kuzeyin Sesi","isPartOf":{"@id":"https:\/\/kuzeyinsesi.org\/#website"},"primaryImageOfPage":{"@id":"https:\/\/kuzeyinsesi.org\/index.php\/2025\/01\/22\/yangin-faciasinda-can-kaybi-79a-yukseldi\/#primaryimage"},"image":{"@id":"https:\/\/kuzeyinsesi.org\/index.php\/2025\/01\/22\/yangin-faciasinda-can-kaybi-79a-yukseldi\/#primaryimage"},"thumbnailUrl":"https:\/\/kuzeyinsesi.org\/wp-content\/uploads\/2025\/01\/kartalkaya-yangin-aa-2324602.jpg","datePublished":"2025-01-22T18:51:08+00:00","author":{"@id":"https:\/\/kuzeyinsesi.org\/#\/schema\/person\/9f859689cdf01485597712386e37f5aa"},"breadcrumb":{"@id":"https:\/\/kuzeyinsesi.org\/index.php\/2025\/01\/22\/yangin-faciasinda-can-kaybi-79a-yukseldi\/#breadcrumb"},"inLanguage":"tr","potentialAction":[{"@type":"ReadAction","target":["https:\/\/kuzeyinsesi.org\/index.php\/2025\/01\/22\/yangin-faciasinda-can-kaybi-79a-yukseldi\/"]}]},{"@type":"ImageObject","inLanguage":"tr","@id":"https:\/\/kuzeyinsesi.org\/index.php\/2025\/01\/22\/yangin-faciasinda-can-kaybi-79a-yukseldi\/#primaryimage","url":"https:\/\/kuzeyinsesi.org\/wp-content\/uploads\/2025\/01\/kartalkaya-yangin-aa-2324602.jpg","contentUrl":"https:\/\/kuzeyinsesi.org\/wp-content\/uploads\/2025\/01\/kartalkaya-yangin-aa-2324602.jpg","width":1280,"height":720},{"@type":"BreadcrumbList","@id":"https:\/\/kuzeyinsesi.org\/index.php\/2025\/01\/22\/yangin-faciasinda-can-kaybi-79a-yukseldi\/#breadcrumb","itemListElement":[{"@type":"ListItem","position":1,"name":"Anasayfa","item":"https:\/\/kuzeyinsesi.org\/"},{"@type":"ListItem","position":2,"name":"Yang\u0131n facias\u0131nda can kayb\u0131 79\u2019a y\u00fckseldi"}]},{"@type":"WebSite","@id":"https:\/\/kuzeyinsesi.org\/#website","url":"https:\/\/kuzeyinsesi.org\/","name":"Kuzeyin Sesi","description":"Do\u011fru Haberin Adresi","potentialAction":[{"@type":"SearchAction","target":{"@type":"EntryPoint","urlTemplate":"https:\/\/kuzeyinsesi.org\/?s={search_term_string}"},"query-input":{"@type":"PropertyValueSpecification","valueRequired":true,"valueName":"search_term_string"}}],"inLanguage":"tr"},{"@type":"Person","@id":"https:\/\/kuzeyinsesi.org\/#\/schema\/person\/9f859689cdf01485597712386e37f5aa","name":"Kuzeyin Sesi","image":{"@type":"ImageObject","inLanguage":"tr","@id":"https:\/\/secure.gravatar.com\/avatar\/bab33852abfd8b282518d6ed81826833d77c3c882d9ab608add591ccace47a44?s=96&d=mm&r=g","url":"https:\/\/secure.gravatar.com\/avatar\/bab33852abfd8b282518d6ed81826833d77c3c882d9ab608add591ccace47a44?s=96&d=mm&r=g","contentUrl":"https:\/\/secure.gravatar.com\/avatar\/bab33852abfd8b282518d6ed81826833d77c3c882d9ab608add591ccace47a44?s=96&d=mm&r=g","caption":"Kuzeyin Sesi"},"sameAs":["https:\/\/kuzeyinsesi.org"],"url":"https:\/\/kuzeyinsesi.org\/index.php\/author\/guven\/"}]}},"_links":{"self":[{"href":"https:\/\/kuzeyinsesi.org\/index.php\/wp-json\/wp\/v2\/posts\/17792","targetHints":{"allow":["GET"]}}],"collection":[{"href":"https:\/\/kuzeyinsesi.org\/index.php\/wp-json\/wp\/v2\/posts"}],"about":[{"href":"https:\/\/kuzeyinsesi.org\/index.php\/wp-json\/wp\/v2\/types\/post"}],"author":[{"embeddable":true,"href":"https:\/\/kuzeyinsesi.org\/index.php\/wp-json\/wp\/v2\/users\/1"}],"replies":[{"embeddable":true,"href":"https:\/\/kuzeyinsesi.org\/index.php\/wp-json\/wp\/v2\/comments?post=17792"}],"version-history":[{"count":0,"href":"https:\/\/kuzeyinsesi.org\/index.php\/wp-json\/wp\/v2\/posts\/17792\/revisions"}],"wp:featuredmedia":[{"embeddable":true,"href":"https:\/\/kuzeyinsesi.org\/index.php\/wp-json\/wp\/v2\/media\/17793"}],"wp:attachment":[{"href":"https:\/\/kuzeyinsesi.org\/index.php\/wp-json\/wp\/v2\/media?parent=17792"}],"wp:term":[{"taxonomy":"category","embeddable":true,"href":"https:\/\/kuzeyinsesi.org\/index.php\/wp-json\/wp\/v2\/categories?post=17792"},{"taxonomy":"post_tag","embeddable":true,"href":"https:\/\/kuzeyinsesi.org\/index.php\/wp-json\/wp\/v2\/tags?post=17792"}],"curies":[{"name":"wp","href":"https:\/\/api.w.org\/{rel}","templated":true}]}}