{"id":1778,"date":"2024-05-09T07:59:57","date_gmt":"2024-05-09T04:59:57","guid":{"rendered":"https:\/\/kuzeyinsesi.com\/index.php\/2024\/05\/09\/kalin-bir-atmosfere-sahip-super-dunya-kesfedildi\/"},"modified":"2024-05-09T07:59:57","modified_gmt":"2024-05-09T04:59:57","slug":"kalin-bir-atmosfere-sahip-super-dunya-kesfedildi","status":"publish","type":"post","link":"https:\/\/kuzeyinsesi.org\/index.php\/2024\/05\/09\/kalin-bir-atmosfere-sahip-super-dunya-kesfedildi\/","title":{"rendered":"Kal\u0131n bir atmosfere sahip s\u00fcper D\u00fcnya ke\u015ffedildi"},"content":{"rendered":"<p><\/p>\n<div>\n<p>&#13;<br \/>\n\t55 Cancri e olarak bilinen s\u00fcper D\u00fcnya, G\u00fcne\u015f sistemimizin d\u0131\u015f\u0131nda \u00f6nemli bir atmosfere sahip, karbondioksit ve karbon monoksitten olu\u015fan bir \u00f6rt\u00fcyle sar\u0131lm\u0131\u015f birka\u00e7 kayal\u0131k gezegen aras\u0131nda yer al\u0131yor.<\/p>\n<p>&#13;<br \/>\n\tKesin miktarlar belirsiz. D\u00fcnyan\u0131n atmosferi nitrojen, oksijen, argon ve di\u011fer gazlar\u0131n bir kar\u0131\u015f\u0131m\u0131ndan olu\u015fuyor.<\/p>\n<p>&#13;<br \/>\n\tKansas \u00dcniversitesi&#8217;nde d\u0131\u015f gezegenler \u00fczerinde \u00e7al\u0131\u015fan G\u00f6kbilimci Ian Crossfield, &#8220;Bu, muhtemelen bu gezegenin bir atmosferi oldu\u011funa dair \u015fimdiye kadarki en sa\u011flam kan\u0131t&#8221; dedi.<\/p>\n<p>&#13;<br \/>\n\tS\u00fcper D\u00fcnya, bir gezegenin boyutunu ifade ediyor; 55 Cancri e ise D\u00fcnya&#8217;dan daha b\u00fcy\u00fck ancak Nept\u00fcn&#8217;den daha k\u00fc\u00e7\u00fck.<\/p>\n<p>&#13;<br \/>\n\tBu gezegendeki kaynama s\u0131cakl\u0131klar\u0131 2 bin 300 santigrat dereceye kadar \u00e7\u0131kabiliyor, bu da gezegenin ya\u015fama ev sahipli\u011fi yapma ihtimalinin d\u00fc\u015f\u00fck oldu\u011fu anlam\u0131na geliyor.<\/p>\n<p>&#13;<br \/>\n\tBunun yerine bilim insanlar\u0131, ke\u015ffin, kal\u0131n atmosfere sahip, daha misafirperver olabilecek ba\u015fka kayal\u0131k gezegenlerin var olabilece\u011fine dair umut verici bir i\u015faret oldu\u011funu s\u00f6yl\u00fcyor.<\/p>\n<p>&#13;<br \/>\n\t41 \u0131\u015f\u0131ky\u0131l\u0131 uzakl\u0131ktaki \u00f6tegezegen, D\u00fcnya&#8217;dan sekiz kat daha a\u011f\u0131r ve y\u00fczeyi magma okyanuslar\u0131yla kapl\u0131.<\/p>\n<p>&#13;<br \/>\n\t<a href=\"https:\/\/www.trthaber.com\/etiket\/arastirma\/\" target=\"_blank\" rel=\"noopener\">Ara\u015ft\u0131rma<\/a>\u00a0Nature dergisinde yay\u0131mland\u0131.<\/p>\n<\/p><\/div>\n","protected":false},"excerpt":{"rendered":"<p>&#13; 55 Cancri e olarak bilinen s\u00fcper D\u00fcnya, G\u00fcne\u015f sistemimizin d\u0131\u015f\u0131nda \u00f6nemli bir atmosfere sahip, karbondioksit ve karbon monoksitten olu\u015fan bir \u00f6rt\u00fcyle sar\u0131lm\u0131\u015f birka\u00e7 kayal\u0131k gezegen aras\u0131nda yer al\u0131yor. &#13; Kesin miktarlar belirsiz. D\u00fcnyan\u0131n atmosferi nitrojen, oksijen, argon ve di\u011fer gazlar\u0131n bir kar\u0131\u015f\u0131m\u0131ndan olu\u015fuyor. &#13; Kansas \u00dcniversitesi&#8217;nde d\u0131\u015f gezegenler \u00fczerinde \u00e7al\u0131\u015fan G\u00f6kbilimci Ian Crossfield, &#8220;Bu, [&hellip;]<\/p>\n","protected":false},"author":1,"featured_media":1779,"comment_status":"open","ping_status":"open","sticky":false,"template":"","format":"standard","meta":{"jnews-multi-image_gallery":[],"jnews_single_post":[],"jnews_primary_category":[],"jnews_social_meta":[],"jnews_override_counter":[],"footnotes":""},"categories":[2],"tags":[],"class_list":["post-1778","post","type-post","status-publish","format-standard","has-post-thumbnail","hentry","category-dunya"],"yoast_head":"<!-- This site is optimized with the Yoast SEO plugin v27.5 - https:\/\/yoast.com\/product\/yoast-seo-wordpress\/ -->\n<title>Kal\u0131n bir atmosfere sahip s\u00fcper D\u00fcnya ke\u015ffedildi - Kuzeyin Sesi<\/title>\n<meta name=\"robots\" content=\"index, follow, max-snippet:-1, max-image-preview:large, max-video-preview:-1\" \/>\n<link rel=\"canonical\" href=\"https:\/\/kuzeyinsesi.org\/index.php\/2024\/05\/09\/kalin-bir-atmosfere-sahip-super-dunya-kesfedildi\/\" \/>\n<meta property=\"og:locale\" content=\"tr_TR\" \/>\n<meta property=\"og:type\" content=\"article\" \/>\n<meta property=\"og:title\" content=\"Kal\u0131n bir atmosfere sahip s\u00fcper D\u00fcnya ke\u015ffedildi - Kuzeyin Sesi\" \/>\n<meta property=\"og:description\" content=\"&#013; 55 Cancri e olarak bilinen s\u00fcper D\u00fcnya, G\u00fcne\u015f sistemimizin d\u0131\u015f\u0131nda \u00f6nemli bir atmosfere sahip, karbondioksit ve karbon monoksitten olu\u015fan bir \u00f6rt\u00fcyle sar\u0131lm\u0131\u015f birka\u00e7 kayal\u0131k gezegen aras\u0131nda yer al\u0131yor. &#013; Kesin miktarlar belirsiz. D\u00fcnyan\u0131n atmosferi nitrojen, oksijen, argon ve di\u011fer gazlar\u0131n bir kar\u0131\u015f\u0131m\u0131ndan olu\u015fuyor. &#013; Kansas \u00dcniversitesi&#8217;nde d\u0131\u015f gezegenler \u00fczerinde \u00e7al\u0131\u015fan G\u00f6kbilimci Ian Crossfield, &#8220;Bu, [&hellip;]\" \/>\n<meta property=\"og:url\" content=\"https:\/\/kuzeyinsesi.org\/index.php\/2024\/05\/09\/kalin-bir-atmosfere-sahip-super-dunya-kesfedildi\/\" \/>\n<meta property=\"og:site_name\" content=\"Kuzeyin Sesi\" \/>\n<meta property=\"article:publisher\" content=\"https:\/\/www.facebook.com\/kuzeyinsesii\" \/>\n<meta property=\"article:published_time\" content=\"2024-05-09T04:59:57+00:00\" \/>\n<meta property=\"og:image\" content=\"https:\/\/kuzeyinsesi.org\/wp-content\/uploads\/2024\/05\/lp-791-18-d-otegezegen-nasa-2047167.jpg\" \/>\n\t<meta property=\"og:image:width\" content=\"1280\" \/>\n\t<meta property=\"og:image:height\" content=\"720\" \/>\n\t<meta property=\"og:image:type\" content=\"image\/jpeg\" \/>\n<meta name=\"author\" content=\"Kuzeyin Sesi\" \/>\n<meta name=\"twitter:card\" content=\"summary_large_image\" \/>\n<meta name=\"twitter:creator\" content=\"@kuzeyinsesii\" \/>\n<meta name=\"twitter:site\" content=\"@kuzeyinsesii\" \/>\n<meta name=\"twitter:label1\" content=\"Yazan:\" \/>\n\t<meta name=\"twitter:data1\" content=\"Kuzeyin Sesi\" \/>\n\t<meta name=\"twitter:label2\" content=\"Tahmini okuma s\u00fcresi\" \/>\n\t<meta name=\"twitter:data2\" content=\"1 dakika\" \/>\n<script type=\"application\/ld+json\" class=\"yoast-schema-graph\">{\"@context\":\"https:\\\/\\\/schema.org\",\"@graph\":[{\"@type\":\"Article\",\"@id\":\"https:\\\/\\\/kuzeyinsesi.org\\\/index.php\\\/2024\\\/05\\\/09\\\/kalin-bir-atmosfere-sahip-super-dunya-kesfedildi\\\/#article\",\"isPartOf\":{\"@id\":\"https:\\\/\\\/kuzeyinsesi.org\\\/index.php\\\/2024\\\/05\\\/09\\\/kalin-bir-atmosfere-sahip-super-dunya-kesfedildi\\\/\"},\"author\":{\"name\":\"Kuzeyin Sesi\",\"@id\":\"https:\\\/\\\/kuzeyinsesi.org\\\/#\\\/schema\\\/person\\\/9f859689cdf01485597712386e37f5aa\"},\"headline\":\"Kal\u0131n bir atmosfere sahip s\u00fcper D\u00fcnya ke\u015ffedildi\",\"datePublished\":\"2024-05-09T04:59:57+00:00\",\"mainEntityOfPage\":{\"@id\":\"https:\\\/\\\/kuzeyinsesi.org\\\/index.php\\\/2024\\\/05\\\/09\\\/kalin-bir-atmosfere-sahip-super-dunya-kesfedildi\\\/\"},\"wordCount\":211,\"commentCount\":0,\"image\":{\"@id\":\"https:\\\/\\\/kuzeyinsesi.org\\\/index.php\\\/2024\\\/05\\\/09\\\/kalin-bir-atmosfere-sahip-super-dunya-kesfedildi\\\/#primaryimage\"},\"thumbnailUrl\":\"https:\\\/\\\/kuzeyinsesi.org\\\/wp-content\\\/uploads\\\/2024\\\/05\\\/lp-791-18-d-otegezegen-nasa-2047167.jpg\",\"articleSection\":[\"D\u00fcnya\"],\"inLanguage\":\"tr\",\"potentialAction\":[{\"@type\":\"CommentAction\",\"name\":\"Comment\",\"target\":[\"https:\\\/\\\/kuzeyinsesi.org\\\/index.php\\\/2024\\\/05\\\/09\\\/kalin-bir-atmosfere-sahip-super-dunya-kesfedildi\\\/#respond\"]}]},{\"@type\":\"WebPage\",\"@id\":\"https:\\\/\\\/kuzeyinsesi.org\\\/index.php\\\/2024\\\/05\\\/09\\\/kalin-bir-atmosfere-sahip-super-dunya-kesfedildi\\\/\",\"url\":\"https:\\\/\\\/kuzeyinsesi.org\\\/index.php\\\/2024\\\/05\\\/09\\\/kalin-bir-atmosfere-sahip-super-dunya-kesfedildi\\\/\",\"name\":\"Kal\u0131n bir atmosfere sahip s\u00fcper D\u00fcnya ke\u015ffedildi - Kuzeyin Sesi\",\"isPartOf\":{\"@id\":\"https:\\\/\\\/kuzeyinsesi.org\\\/#website\"},\"primaryImageOfPage\":{\"@id\":\"https:\\\/\\\/kuzeyinsesi.org\\\/index.php\\\/2024\\\/05\\\/09\\\/kalin-bir-atmosfere-sahip-super-dunya-kesfedildi\\\/#primaryimage\"},\"image\":{\"@id\":\"https:\\\/\\\/kuzeyinsesi.org\\\/index.php\\\/2024\\\/05\\\/09\\\/kalin-bir-atmosfere-sahip-super-dunya-kesfedildi\\\/#primaryimage\"},\"thumbnailUrl\":\"https:\\\/\\\/kuzeyinsesi.org\\\/wp-content\\\/uploads\\\/2024\\\/05\\\/lp-791-18-d-otegezegen-nasa-2047167.jpg\",\"datePublished\":\"2024-05-09T04:59:57+00:00\",\"author\":{\"@id\":\"https:\\\/\\\/kuzeyinsesi.org\\\/#\\\/schema\\\/person\\\/9f859689cdf01485597712386e37f5aa\"},\"breadcrumb\":{\"@id\":\"https:\\\/\\\/kuzeyinsesi.org\\\/index.php\\\/2024\\\/05\\\/09\\\/kalin-bir-atmosfere-sahip-super-dunya-kesfedildi\\\/#breadcrumb\"},\"inLanguage\":\"tr\",\"potentialAction\":[{\"@type\":\"ReadAction\",\"target\":[\"https:\\\/\\\/kuzeyinsesi.org\\\/index.php\\\/2024\\\/05\\\/09\\\/kalin-bir-atmosfere-sahip-super-dunya-kesfedildi\\\/\"]}]},{\"@type\":\"ImageObject\",\"inLanguage\":\"tr\",\"@id\":\"https:\\\/\\\/kuzeyinsesi.org\\\/index.php\\\/2024\\\/05\\\/09\\\/kalin-bir-atmosfere-sahip-super-dunya-kesfedildi\\\/#primaryimage\",\"url\":\"https:\\\/\\\/kuzeyinsesi.org\\\/wp-content\\\/uploads\\\/2024\\\/05\\\/lp-791-18-d-otegezegen-nasa-2047167.jpg\",\"contentUrl\":\"https:\\\/\\\/kuzeyinsesi.org\\\/wp-content\\\/uploads\\\/2024\\\/05\\\/lp-791-18-d-otegezegen-nasa-2047167.jpg\",\"width\":1280,\"height\":720},{\"@type\":\"BreadcrumbList\",\"@id\":\"https:\\\/\\\/kuzeyinsesi.org\\\/index.php\\\/2024\\\/05\\\/09\\\/kalin-bir-atmosfere-sahip-super-dunya-kesfedildi\\\/#breadcrumb\",\"itemListElement\":[{\"@type\":\"ListItem\",\"position\":1,\"name\":\"Anasayfa\",\"item\":\"https:\\\/\\\/kuzeyinsesi.org\\\/\"},{\"@type\":\"ListItem\",\"position\":2,\"name\":\"Kal\u0131n bir atmosfere sahip s\u00fcper D\u00fcnya ke\u015ffedildi\"}]},{\"@type\":\"WebSite\",\"@id\":\"https:\\\/\\\/kuzeyinsesi.org\\\/#website\",\"url\":\"https:\\\/\\\/kuzeyinsesi.org\\\/\",\"name\":\"Kuzeyin Sesi\",\"description\":\"Do\u011fru Haberin Adresi\",\"potentialAction\":[{\"@type\":\"SearchAction\",\"target\":{\"@type\":\"EntryPoint\",\"urlTemplate\":\"https:\\\/\\\/kuzeyinsesi.org\\\/?s={search_term_string}\"},\"query-input\":{\"@type\":\"PropertyValueSpecification\",\"valueRequired\":true,\"valueName\":\"search_term_string\"}}],\"inLanguage\":\"tr\"},{\"@type\":\"Person\",\"@id\":\"https:\\\/\\\/kuzeyinsesi.org\\\/#\\\/schema\\\/person\\\/9f859689cdf01485597712386e37f5aa\",\"name\":\"Kuzeyin Sesi\",\"image\":{\"@type\":\"ImageObject\",\"inLanguage\":\"tr\",\"@id\":\"https:\\\/\\\/secure.gravatar.com\\\/avatar\\\/bab33852abfd8b282518d6ed81826833d77c3c882d9ab608add591ccace47a44?s=96&d=mm&r=g\",\"url\":\"https:\\\/\\\/secure.gravatar.com\\\/avatar\\\/bab33852abfd8b282518d6ed81826833d77c3c882d9ab608add591ccace47a44?s=96&d=mm&r=g\",\"contentUrl\":\"https:\\\/\\\/secure.gravatar.com\\\/avatar\\\/bab33852abfd8b282518d6ed81826833d77c3c882d9ab608add591ccace47a44?s=96&d=mm&r=g\",\"caption\":\"Kuzeyin Sesi\"},\"sameAs\":[\"https:\\\/\\\/kuzeyinsesi.org\"],\"url\":\"https:\\\/\\\/kuzeyinsesi.org\\\/index.php\\\/author\\\/guven\\\/\"}]}<\/script>\n<!-- \/ Yoast SEO plugin. -->","yoast_head_json":{"title":"Kal\u0131n bir atmosfere sahip s\u00fcper D\u00fcnya ke\u015ffedildi - Kuzeyin Sesi","robots":{"index":"index","follow":"follow","max-snippet":"max-snippet:-1","max-image-preview":"max-image-preview:large","max-video-preview":"max-video-preview:-1"},"canonical":"https:\/\/kuzeyinsesi.org\/index.php\/2024\/05\/09\/kalin-bir-atmosfere-sahip-super-dunya-kesfedildi\/","og_locale":"tr_TR","og_type":"article","og_title":"Kal\u0131n bir atmosfere sahip s\u00fcper D\u00fcnya ke\u015ffedildi - Kuzeyin Sesi","og_description":"&#13; 55 Cancri e olarak bilinen s\u00fcper D\u00fcnya, G\u00fcne\u015f sistemimizin d\u0131\u015f\u0131nda \u00f6nemli bir atmosfere sahip, karbondioksit ve karbon monoksitten olu\u015fan bir \u00f6rt\u00fcyle sar\u0131lm\u0131\u015f birka\u00e7 kayal\u0131k gezegen aras\u0131nda yer al\u0131yor. &#13; Kesin miktarlar belirsiz. D\u00fcnyan\u0131n atmosferi nitrojen, oksijen, argon ve di\u011fer gazlar\u0131n bir kar\u0131\u015f\u0131m\u0131ndan olu\u015fuyor. &#13; Kansas \u00dcniversitesi&#8217;nde d\u0131\u015f gezegenler \u00fczerinde \u00e7al\u0131\u015fan G\u00f6kbilimci Ian Crossfield, &#8220;Bu, [&hellip;]","og_url":"https:\/\/kuzeyinsesi.org\/index.php\/2024\/05\/09\/kalin-bir-atmosfere-sahip-super-dunya-kesfedildi\/","og_site_name":"Kuzeyin Sesi","article_publisher":"https:\/\/www.facebook.com\/kuzeyinsesii","article_published_time":"2024-05-09T04:59:57+00:00","og_image":[{"width":1280,"height":720,"url":"https:\/\/kuzeyinsesi.org\/wp-content\/uploads\/2024\/05\/lp-791-18-d-otegezegen-nasa-2047167.jpg","type":"image\/jpeg"}],"author":"Kuzeyin Sesi","twitter_card":"summary_large_image","twitter_creator":"@kuzeyinsesii","twitter_site":"@kuzeyinsesii","twitter_misc":{"Yazan:":"Kuzeyin Sesi","Tahmini okuma s\u00fcresi":"1 dakika"},"schema":{"@context":"https:\/\/schema.org","@graph":[{"@type":"Article","@id":"https:\/\/kuzeyinsesi.org\/index.php\/2024\/05\/09\/kalin-bir-atmosfere-sahip-super-dunya-kesfedildi\/#article","isPartOf":{"@id":"https:\/\/kuzeyinsesi.org\/index.php\/2024\/05\/09\/kalin-bir-atmosfere-sahip-super-dunya-kesfedildi\/"},"author":{"name":"Kuzeyin Sesi","@id":"https:\/\/kuzeyinsesi.org\/#\/schema\/person\/9f859689cdf01485597712386e37f5aa"},"headline":"Kal\u0131n bir atmosfere sahip s\u00fcper D\u00fcnya ke\u015ffedildi","datePublished":"2024-05-09T04:59:57+00:00","mainEntityOfPage":{"@id":"https:\/\/kuzeyinsesi.org\/index.php\/2024\/05\/09\/kalin-bir-atmosfere-sahip-super-dunya-kesfedildi\/"},"wordCount":211,"commentCount":0,"image":{"@id":"https:\/\/kuzeyinsesi.org\/index.php\/2024\/05\/09\/kalin-bir-atmosfere-sahip-super-dunya-kesfedildi\/#primaryimage"},"thumbnailUrl":"https:\/\/kuzeyinsesi.org\/wp-content\/uploads\/2024\/05\/lp-791-18-d-otegezegen-nasa-2047167.jpg","articleSection":["D\u00fcnya"],"inLanguage":"tr","potentialAction":[{"@type":"CommentAction","name":"Comment","target":["https:\/\/kuzeyinsesi.org\/index.php\/2024\/05\/09\/kalin-bir-atmosfere-sahip-super-dunya-kesfedildi\/#respond"]}]},{"@type":"WebPage","@id":"https:\/\/kuzeyinsesi.org\/index.php\/2024\/05\/09\/kalin-bir-atmosfere-sahip-super-dunya-kesfedildi\/","url":"https:\/\/kuzeyinsesi.org\/index.php\/2024\/05\/09\/kalin-bir-atmosfere-sahip-super-dunya-kesfedildi\/","name":"Kal\u0131n bir atmosfere sahip s\u00fcper D\u00fcnya ke\u015ffedildi - Kuzeyin Sesi","isPartOf":{"@id":"https:\/\/kuzeyinsesi.org\/#website"},"primaryImageOfPage":{"@id":"https:\/\/kuzeyinsesi.org\/index.php\/2024\/05\/09\/kalin-bir-atmosfere-sahip-super-dunya-kesfedildi\/#primaryimage"},"image":{"@id":"https:\/\/kuzeyinsesi.org\/index.php\/2024\/05\/09\/kalin-bir-atmosfere-sahip-super-dunya-kesfedildi\/#primaryimage"},"thumbnailUrl":"https:\/\/kuzeyinsesi.org\/wp-content\/uploads\/2024\/05\/lp-791-18-d-otegezegen-nasa-2047167.jpg","datePublished":"2024-05-09T04:59:57+00:00","author":{"@id":"https:\/\/kuzeyinsesi.org\/#\/schema\/person\/9f859689cdf01485597712386e37f5aa"},"breadcrumb":{"@id":"https:\/\/kuzeyinsesi.org\/index.php\/2024\/05\/09\/kalin-bir-atmosfere-sahip-super-dunya-kesfedildi\/#breadcrumb"},"inLanguage":"tr","potentialAction":[{"@type":"ReadAction","target":["https:\/\/kuzeyinsesi.org\/index.php\/2024\/05\/09\/kalin-bir-atmosfere-sahip-super-dunya-kesfedildi\/"]}]},{"@type":"ImageObject","inLanguage":"tr","@id":"https:\/\/kuzeyinsesi.org\/index.php\/2024\/05\/09\/kalin-bir-atmosfere-sahip-super-dunya-kesfedildi\/#primaryimage","url":"https:\/\/kuzeyinsesi.org\/wp-content\/uploads\/2024\/05\/lp-791-18-d-otegezegen-nasa-2047167.jpg","contentUrl":"https:\/\/kuzeyinsesi.org\/wp-content\/uploads\/2024\/05\/lp-791-18-d-otegezegen-nasa-2047167.jpg","width":1280,"height":720},{"@type":"BreadcrumbList","@id":"https:\/\/kuzeyinsesi.org\/index.php\/2024\/05\/09\/kalin-bir-atmosfere-sahip-super-dunya-kesfedildi\/#breadcrumb","itemListElement":[{"@type":"ListItem","position":1,"name":"Anasayfa","item":"https:\/\/kuzeyinsesi.org\/"},{"@type":"ListItem","position":2,"name":"Kal\u0131n bir atmosfere sahip s\u00fcper D\u00fcnya ke\u015ffedildi"}]},{"@type":"WebSite","@id":"https:\/\/kuzeyinsesi.org\/#website","url":"https:\/\/kuzeyinsesi.org\/","name":"Kuzeyin Sesi","description":"Do\u011fru Haberin Adresi","potentialAction":[{"@type":"SearchAction","target":{"@type":"EntryPoint","urlTemplate":"https:\/\/kuzeyinsesi.org\/?s={search_term_string}"},"query-input":{"@type":"PropertyValueSpecification","valueRequired":true,"valueName":"search_term_string"}}],"inLanguage":"tr"},{"@type":"Person","@id":"https:\/\/kuzeyinsesi.org\/#\/schema\/person\/9f859689cdf01485597712386e37f5aa","name":"Kuzeyin Sesi","image":{"@type":"ImageObject","inLanguage":"tr","@id":"https:\/\/secure.gravatar.com\/avatar\/bab33852abfd8b282518d6ed81826833d77c3c882d9ab608add591ccace47a44?s=96&d=mm&r=g","url":"https:\/\/secure.gravatar.com\/avatar\/bab33852abfd8b282518d6ed81826833d77c3c882d9ab608add591ccace47a44?s=96&d=mm&r=g","contentUrl":"https:\/\/secure.gravatar.com\/avatar\/bab33852abfd8b282518d6ed81826833d77c3c882d9ab608add591ccace47a44?s=96&d=mm&r=g","caption":"Kuzeyin Sesi"},"sameAs":["https:\/\/kuzeyinsesi.org"],"url":"https:\/\/kuzeyinsesi.org\/index.php\/author\/guven\/"}]}},"_links":{"self":[{"href":"https:\/\/kuzeyinsesi.org\/index.php\/wp-json\/wp\/v2\/posts\/1778","targetHints":{"allow":["GET"]}}],"collection":[{"href":"https:\/\/kuzeyinsesi.org\/index.php\/wp-json\/wp\/v2\/posts"}],"about":[{"href":"https:\/\/kuzeyinsesi.org\/index.php\/wp-json\/wp\/v2\/types\/post"}],"author":[{"embeddable":true,"href":"https:\/\/kuzeyinsesi.org\/index.php\/wp-json\/wp\/v2\/users\/1"}],"replies":[{"embeddable":true,"href":"https:\/\/kuzeyinsesi.org\/index.php\/wp-json\/wp\/v2\/comments?post=1778"}],"version-history":[{"count":0,"href":"https:\/\/kuzeyinsesi.org\/index.php\/wp-json\/wp\/v2\/posts\/1778\/revisions"}],"wp:featuredmedia":[{"embeddable":true,"href":"https:\/\/kuzeyinsesi.org\/index.php\/wp-json\/wp\/v2\/media\/1779"}],"wp:attachment":[{"href":"https:\/\/kuzeyinsesi.org\/index.php\/wp-json\/wp\/v2\/media?parent=1778"}],"wp:term":[{"taxonomy":"category","embeddable":true,"href":"https:\/\/kuzeyinsesi.org\/index.php\/wp-json\/wp\/v2\/categories?post=1778"},{"taxonomy":"post_tag","embeddable":true,"href":"https:\/\/kuzeyinsesi.org\/index.php\/wp-json\/wp\/v2\/tags?post=1778"}],"curies":[{"name":"wp","href":"https:\/\/api.w.org\/{rel}","templated":true}]}}