{"id":17778,"date":"2025-01-22T15:49:29","date_gmt":"2025-01-22T13:49:29","guid":{"rendered":"https:\/\/kuzeyinsesi.org\/index.php\/2025\/01\/22\/cumhurbaskani-tatardan-tc-cumhurbaskani-erdogana-taziye-mesaji\/"},"modified":"2025-01-22T15:49:29","modified_gmt":"2025-01-22T13:49:29","slug":"cumhurbaskani-tatardan-tc-cumhurbaskani-erdogana-taziye-mesaji","status":"publish","type":"post","link":"https:\/\/kuzeyinsesi.org\/index.php\/2025\/01\/22\/cumhurbaskani-tatardan-tc-cumhurbaskani-erdogana-taziye-mesaji\/","title":{"rendered":"Cumhurba\u015fkan\u0131 Tatar\u2019dan TC Cumhurba\u015fkan\u0131 Erdo\u011fan\u2019a taziye mesaj\u0131"},"content":{"rendered":"<div>\n<div class=\"mariselle-image-container center\">\n                                            <\/div>\n<p> Cumhurba\u015fkan\u0131 Ersin Tatar, Bolu\u2019nun Kartalkaya Kayak Merkezi\u2019nde bir otelde meydana gelen yang\u0131n ile ilgili T\u00fcrkiye Cumhuriyeti Cumhurba\u015fkan\u0131 Recep Tayyip Erdo\u011fan\u2019a taziye mesaj\u0131 g\u00f6nderdi<\/p>\n<p>Cumhurba\u015fkan\u0131 Ersin Tatar mesaj\u0131nda \u015fu ifadelere yer verdi:<\/p>\n<p>\u201cBolu Kartalkaya Kayak Merkezi\u2019ndeki bir otelde meydana gelen yang\u0131n felaketinde \u00e7ok say\u0131da karde\u015fimizin hayat\u0131n\u0131 kaybetmesi ve yine \u00e7ok say\u0131da karde\u015fimizin de yaralanmas\u0131, \u015fahs\u0131m\u0131 ve K\u0131br\u0131s T\u00fcrk Halk\u0131n\u0131 derinden sarsarak, \u00fcz\u00fcnt\u00fcye bo\u011fmu\u015ftur. Meydana gelen yang\u0131n felaketinde hayat\u0131n\u0131 kaybeden karde\u015flerimizin ac\u0131s\u0131n\u0131 y\u00fcre\u011fimizde hissediyoruz. <\/p>\n<p>KKTC Bakanlar Kurulumuzun ald\u0131\u011f\u0131 kararla 22 Ocak 2025 tarihini \u00fclkemizde yas g\u00fcn\u00fc olarak ilan ettik. Bu faciadan dolay\u0131 ya\u015fad\u0131\u011f\u0131n\u0131z \u00fcz\u00fcnt\u00fcy\u00fc y\u00fcrekten payla\u015f\u0131yor, \u015fahs\u0131m ve K\u0131br\u0131s T\u00fcrk Halk\u0131 ad\u0131na hayatlar\u0131n\u0131 kaybedenlere Allah\u2019tan rahmet, ailelerine ve milletimize ba\u015fsa\u011fl\u0131\u011f\u0131 dilerim. Bu vesileyle Zat-\u0131 Alilerine ve Anavatan T\u00fcrkiye Cumhuriyeti Halk\u0131na en derin taziyelerimi sunuyor, yaral\u0131 karde\u015flerimize de \u015fifalar diliyorum.\u201d<\/p>\n<\/p><\/div>\n<p><script async\n                    defer\n                    crossorigin=\"anonymous\"\n                    src=\"https:\/\/connect.facebook.net\/tr_TR\/sdk.js#xfbml=1&#038;version=v3.3\"\n            ><\/script><\/p>\n","protected":false},"excerpt":{"rendered":"<p>Cumhurba\u015fkan\u0131 Ersin Tatar, Bolu\u2019nun Kartalkaya Kayak Merkezi\u2019nde bir otelde meydana gelen yang\u0131n ile ilgili T\u00fcrkiye Cumhuriyeti Cumhurba\u015fkan\u0131 Recep Tayyip Erdo\u011fan\u2019a taziye mesaj\u0131 g\u00f6nderdi Cumhurba\u015fkan\u0131 Ersin Tatar mesaj\u0131nda \u015fu ifadelere yer verdi: \u201cBolu Kartalkaya Kayak Merkezi\u2019ndeki bir otelde meydana gelen yang\u0131n felaketinde \u00e7ok say\u0131da karde\u015fimizin hayat\u0131n\u0131 kaybetmesi ve yine \u00e7ok say\u0131da karde\u015fimizin de yaralanmas\u0131, \u015fahs\u0131m\u0131 ve [&hellip;]<\/p>\n","protected":false},"author":1,"featured_media":17779,"comment_status":"open","ping_status":"open","sticky":false,"template":"","format":"standard","meta":{"jnews-multi-image_gallery":[],"jnews_single_post":[],"jnews_primary_category":[],"jnews_social_meta":[],"jnews_override_counter":[],"footnotes":""},"categories":[5],"tags":[],"class_list":["post-17778","post","type-post","status-publish","format-standard","has-post-thumbnail","hentry","category-turkiye"],"yoast_head":"<!-- This site is optimized with the Yoast SEO plugin v27.5 - https:\/\/yoast.com\/product\/yoast-seo-wordpress\/ -->\n<title>Cumhurba\u015fkan\u0131 Tatar\u2019dan TC Cumhurba\u015fkan\u0131 Erdo\u011fan\u2019a taziye mesaj\u0131 - Kuzeyin Sesi<\/title>\n<meta name=\"robots\" content=\"index, follow, max-snippet:-1, max-image-preview:large, max-video-preview:-1\" \/>\n<link rel=\"canonical\" href=\"https:\/\/kuzeyinsesi.org\/index.php\/2025\/01\/22\/cumhurbaskani-tatardan-tc-cumhurbaskani-erdogana-taziye-mesaji\/\" \/>\n<meta property=\"og:locale\" content=\"tr_TR\" \/>\n<meta property=\"og:type\" content=\"article\" \/>\n<meta property=\"og:title\" content=\"Cumhurba\u015fkan\u0131 Tatar\u2019dan TC Cumhurba\u015fkan\u0131 Erdo\u011fan\u2019a taziye mesaj\u0131 - Kuzeyin Sesi\" \/>\n<meta property=\"og:description\" content=\"Cumhurba\u015fkan\u0131 Ersin Tatar, Bolu\u2019nun Kartalkaya Kayak Merkezi\u2019nde bir otelde meydana gelen yang\u0131n ile ilgili T\u00fcrkiye Cumhuriyeti Cumhurba\u015fkan\u0131 Recep Tayyip Erdo\u011fan\u2019a taziye mesaj\u0131 g\u00f6nderdi Cumhurba\u015fkan\u0131 Ersin Tatar mesaj\u0131nda \u015fu ifadelere yer verdi: \u201cBolu Kartalkaya Kayak Merkezi\u2019ndeki bir otelde meydana gelen yang\u0131n felaketinde \u00e7ok say\u0131da karde\u015fimizin hayat\u0131n\u0131 kaybetmesi ve yine \u00e7ok say\u0131da karde\u015fimizin de yaralanmas\u0131, \u015fahs\u0131m\u0131 ve [&hellip;]\" \/>\n<meta property=\"og:url\" content=\"https:\/\/kuzeyinsesi.org\/index.php\/2025\/01\/22\/cumhurbaskani-tatardan-tc-cumhurbaskani-erdogana-taziye-mesaji\/\" \/>\n<meta property=\"og:site_name\" content=\"Kuzeyin Sesi\" \/>\n<meta property=\"article:publisher\" content=\"https:\/\/www.facebook.com\/kuzeyinsesii\" \/>\n<meta property=\"article:published_time\" content=\"2025-01-22T13:49:29+00:00\" \/>\n<meta property=\"og:image\" content=\"https:\/\/brtk.net\/wp-content\/uploads\/2024\/12\/24\/ersin-tatar-YAZI-YAZARKEN-1536x900-1-696x408-1-1.jpeg?ver=d35699e7885c1b16720dbc376528f4b8\" \/>\n<meta name=\"author\" content=\"Kuzeyin Sesi\" \/>\n<meta name=\"twitter:card\" content=\"summary_large_image\" \/>\n<meta name=\"twitter:creator\" content=\"@kuzeyinsesii\" \/>\n<meta name=\"twitter:site\" content=\"@kuzeyinsesii\" \/>\n<meta name=\"twitter:label1\" content=\"Yazan:\" \/>\n\t<meta name=\"twitter:data1\" content=\"Kuzeyin Sesi\" \/>\n\t<meta name=\"twitter:label2\" content=\"Tahmini okuma s\u00fcresi\" \/>\n\t<meta name=\"twitter:data2\" content=\"1 dakika\" \/>\n<script type=\"application\/ld+json\" class=\"yoast-schema-graph\">{\"@context\":\"https:\\\/\\\/schema.org\",\"@graph\":[{\"@type\":\"Article\",\"@id\":\"https:\\\/\\\/kuzeyinsesi.org\\\/index.php\\\/2025\\\/01\\\/22\\\/cumhurbaskani-tatardan-tc-cumhurbaskani-erdogana-taziye-mesaji\\\/#article\",\"isPartOf\":{\"@id\":\"https:\\\/\\\/kuzeyinsesi.org\\\/index.php\\\/2025\\\/01\\\/22\\\/cumhurbaskani-tatardan-tc-cumhurbaskani-erdogana-taziye-mesaji\\\/\"},\"author\":{\"name\":\"Kuzeyin Sesi\",\"@id\":\"https:\\\/\\\/kuzeyinsesi.org\\\/#\\\/schema\\\/person\\\/9f859689cdf01485597712386e37f5aa\"},\"headline\":\"Cumhurba\u015fkan\u0131 Tatar\u2019dan TC Cumhurba\u015fkan\u0131 Erdo\u011fan\u2019a taziye mesaj\u0131\",\"datePublished\":\"2025-01-22T13:49:29+00:00\",\"mainEntityOfPage\":{\"@id\":\"https:\\\/\\\/kuzeyinsesi.org\\\/index.php\\\/2025\\\/01\\\/22\\\/cumhurbaskani-tatardan-tc-cumhurbaskani-erdogana-taziye-mesaji\\\/\"},\"wordCount\":191,\"commentCount\":0,\"image\":{\"@id\":\"https:\\\/\\\/kuzeyinsesi.org\\\/index.php\\\/2025\\\/01\\\/22\\\/cumhurbaskani-tatardan-tc-cumhurbaskani-erdogana-taziye-mesaji\\\/#primaryimage\"},\"thumbnailUrl\":\"https:\\\/\\\/kuzeyinsesi.org\\\/wp-content\\\/uploads\\\/2025\\\/01\\\/ersin-tatar-YAZI-YAZARKEN-1536x900-1-696x408-1.jpeg\",\"articleSection\":[\"T\u00fcrkiye\"],\"inLanguage\":\"tr\",\"potentialAction\":[{\"@type\":\"CommentAction\",\"name\":\"Comment\",\"target\":[\"https:\\\/\\\/kuzeyinsesi.org\\\/index.php\\\/2025\\\/01\\\/22\\\/cumhurbaskani-tatardan-tc-cumhurbaskani-erdogana-taziye-mesaji\\\/#respond\"]}]},{\"@type\":\"WebPage\",\"@id\":\"https:\\\/\\\/kuzeyinsesi.org\\\/index.php\\\/2025\\\/01\\\/22\\\/cumhurbaskani-tatardan-tc-cumhurbaskani-erdogana-taziye-mesaji\\\/\",\"url\":\"https:\\\/\\\/kuzeyinsesi.org\\\/index.php\\\/2025\\\/01\\\/22\\\/cumhurbaskani-tatardan-tc-cumhurbaskani-erdogana-taziye-mesaji\\\/\",\"name\":\"Cumhurba\u015fkan\u0131 Tatar\u2019dan TC Cumhurba\u015fkan\u0131 Erdo\u011fan\u2019a taziye mesaj\u0131 - Kuzeyin Sesi\",\"isPartOf\":{\"@id\":\"https:\\\/\\\/kuzeyinsesi.org\\\/#website\"},\"primaryImageOfPage\":{\"@id\":\"https:\\\/\\\/kuzeyinsesi.org\\\/index.php\\\/2025\\\/01\\\/22\\\/cumhurbaskani-tatardan-tc-cumhurbaskani-erdogana-taziye-mesaji\\\/#primaryimage\"},\"image\":{\"@id\":\"https:\\\/\\\/kuzeyinsesi.org\\\/index.php\\\/2025\\\/01\\\/22\\\/cumhurbaskani-tatardan-tc-cumhurbaskani-erdogana-taziye-mesaji\\\/#primaryimage\"},\"thumbnailUrl\":\"https:\\\/\\\/kuzeyinsesi.org\\\/wp-content\\\/uploads\\\/2025\\\/01\\\/ersin-tatar-YAZI-YAZARKEN-1536x900-1-696x408-1.jpeg\",\"datePublished\":\"2025-01-22T13:49:29+00:00\",\"author\":{\"@id\":\"https:\\\/\\\/kuzeyinsesi.org\\\/#\\\/schema\\\/person\\\/9f859689cdf01485597712386e37f5aa\"},\"breadcrumb\":{\"@id\":\"https:\\\/\\\/kuzeyinsesi.org\\\/index.php\\\/2025\\\/01\\\/22\\\/cumhurbaskani-tatardan-tc-cumhurbaskani-erdogana-taziye-mesaji\\\/#breadcrumb\"},\"inLanguage\":\"tr\",\"potentialAction\":[{\"@type\":\"ReadAction\",\"target\":[\"https:\\\/\\\/kuzeyinsesi.org\\\/index.php\\\/2025\\\/01\\\/22\\\/cumhurbaskani-tatardan-tc-cumhurbaskani-erdogana-taziye-mesaji\\\/\"]}]},{\"@type\":\"ImageObject\",\"inLanguage\":\"tr\",\"@id\":\"https:\\\/\\\/kuzeyinsesi.org\\\/index.php\\\/2025\\\/01\\\/22\\\/cumhurbaskani-tatardan-tc-cumhurbaskani-erdogana-taziye-mesaji\\\/#primaryimage\",\"url\":\"https:\\\/\\\/kuzeyinsesi.org\\\/wp-content\\\/uploads\\\/2025\\\/01\\\/ersin-tatar-YAZI-YAZARKEN-1536x900-1-696x408-1.jpeg\",\"contentUrl\":\"https:\\\/\\\/kuzeyinsesi.org\\\/wp-content\\\/uploads\\\/2025\\\/01\\\/ersin-tatar-YAZI-YAZARKEN-1536x900-1-696x408-1.jpeg\",\"width\":696,\"height\":408},{\"@type\":\"BreadcrumbList\",\"@id\":\"https:\\\/\\\/kuzeyinsesi.org\\\/index.php\\\/2025\\\/01\\\/22\\\/cumhurbaskani-tatardan-tc-cumhurbaskani-erdogana-taziye-mesaji\\\/#breadcrumb\",\"itemListElement\":[{\"@type\":\"ListItem\",\"position\":1,\"name\":\"Anasayfa\",\"item\":\"https:\\\/\\\/kuzeyinsesi.org\\\/\"},{\"@type\":\"ListItem\",\"position\":2,\"name\":\"Cumhurba\u015fkan\u0131 Tatar\u2019dan TC Cumhurba\u015fkan\u0131 Erdo\u011fan\u2019a taziye mesaj\u0131\"}]},{\"@type\":\"WebSite\",\"@id\":\"https:\\\/\\\/kuzeyinsesi.org\\\/#website\",\"url\":\"https:\\\/\\\/kuzeyinsesi.org\\\/\",\"name\":\"Kuzeyin Sesi\",\"description\":\"Do\u011fru Haberin Adresi\",\"potentialAction\":[{\"@type\":\"SearchAction\",\"target\":{\"@type\":\"EntryPoint\",\"urlTemplate\":\"https:\\\/\\\/kuzeyinsesi.org\\\/?s={search_term_string}\"},\"query-input\":{\"@type\":\"PropertyValueSpecification\",\"valueRequired\":true,\"valueName\":\"search_term_string\"}}],\"inLanguage\":\"tr\"},{\"@type\":\"Person\",\"@id\":\"https:\\\/\\\/kuzeyinsesi.org\\\/#\\\/schema\\\/person\\\/9f859689cdf01485597712386e37f5aa\",\"name\":\"Kuzeyin Sesi\",\"image\":{\"@type\":\"ImageObject\",\"inLanguage\":\"tr\",\"@id\":\"https:\\\/\\\/secure.gravatar.com\\\/avatar\\\/bab33852abfd8b282518d6ed81826833d77c3c882d9ab608add591ccace47a44?s=96&d=mm&r=g\",\"url\":\"https:\\\/\\\/secure.gravatar.com\\\/avatar\\\/bab33852abfd8b282518d6ed81826833d77c3c882d9ab608add591ccace47a44?s=96&d=mm&r=g\",\"contentUrl\":\"https:\\\/\\\/secure.gravatar.com\\\/avatar\\\/bab33852abfd8b282518d6ed81826833d77c3c882d9ab608add591ccace47a44?s=96&d=mm&r=g\",\"caption\":\"Kuzeyin Sesi\"},\"sameAs\":[\"https:\\\/\\\/kuzeyinsesi.org\"],\"url\":\"https:\\\/\\\/kuzeyinsesi.org\\\/index.php\\\/author\\\/guven\\\/\"}]}<\/script>\n<!-- \/ Yoast SEO plugin. -->","yoast_head_json":{"title":"Cumhurba\u015fkan\u0131 Tatar\u2019dan TC Cumhurba\u015fkan\u0131 Erdo\u011fan\u2019a taziye mesaj\u0131 - Kuzeyin Sesi","robots":{"index":"index","follow":"follow","max-snippet":"max-snippet:-1","max-image-preview":"max-image-preview:large","max-video-preview":"max-video-preview:-1"},"canonical":"https:\/\/kuzeyinsesi.org\/index.php\/2025\/01\/22\/cumhurbaskani-tatardan-tc-cumhurbaskani-erdogana-taziye-mesaji\/","og_locale":"tr_TR","og_type":"article","og_title":"Cumhurba\u015fkan\u0131 Tatar\u2019dan TC Cumhurba\u015fkan\u0131 Erdo\u011fan\u2019a taziye mesaj\u0131 - Kuzeyin Sesi","og_description":"Cumhurba\u015fkan\u0131 Ersin Tatar, Bolu\u2019nun Kartalkaya Kayak Merkezi\u2019nde bir otelde meydana gelen yang\u0131n ile ilgili T\u00fcrkiye Cumhuriyeti Cumhurba\u015fkan\u0131 Recep Tayyip Erdo\u011fan\u2019a taziye mesaj\u0131 g\u00f6nderdi Cumhurba\u015fkan\u0131 Ersin Tatar mesaj\u0131nda \u015fu ifadelere yer verdi: \u201cBolu Kartalkaya Kayak Merkezi\u2019ndeki bir otelde meydana gelen yang\u0131n felaketinde \u00e7ok say\u0131da karde\u015fimizin hayat\u0131n\u0131 kaybetmesi ve yine \u00e7ok say\u0131da karde\u015fimizin de yaralanmas\u0131, \u015fahs\u0131m\u0131 ve [&hellip;]","og_url":"https:\/\/kuzeyinsesi.org\/index.php\/2025\/01\/22\/cumhurbaskani-tatardan-tc-cumhurbaskani-erdogana-taziye-mesaji\/","og_site_name":"Kuzeyin Sesi","article_publisher":"https:\/\/www.facebook.com\/kuzeyinsesii","article_published_time":"2025-01-22T13:49:29+00:00","og_image":[{"url":"https:\/\/brtk.net\/wp-content\/uploads\/2024\/12\/24\/ersin-tatar-YAZI-YAZARKEN-1536x900-1-696x408-1-1.jpeg?ver=d35699e7885c1b16720dbc376528f4b8","type":"","width":"","height":""}],"author":"Kuzeyin Sesi","twitter_card":"summary_large_image","twitter_creator":"@kuzeyinsesii","twitter_site":"@kuzeyinsesii","twitter_misc":{"Yazan:":"Kuzeyin Sesi","Tahmini okuma s\u00fcresi":"1 dakika"},"schema":{"@context":"https:\/\/schema.org","@graph":[{"@type":"Article","@id":"https:\/\/kuzeyinsesi.org\/index.php\/2025\/01\/22\/cumhurbaskani-tatardan-tc-cumhurbaskani-erdogana-taziye-mesaji\/#article","isPartOf":{"@id":"https:\/\/kuzeyinsesi.org\/index.php\/2025\/01\/22\/cumhurbaskani-tatardan-tc-cumhurbaskani-erdogana-taziye-mesaji\/"},"author":{"name":"Kuzeyin Sesi","@id":"https:\/\/kuzeyinsesi.org\/#\/schema\/person\/9f859689cdf01485597712386e37f5aa"},"headline":"Cumhurba\u015fkan\u0131 Tatar\u2019dan TC Cumhurba\u015fkan\u0131 Erdo\u011fan\u2019a taziye mesaj\u0131","datePublished":"2025-01-22T13:49:29+00:00","mainEntityOfPage":{"@id":"https:\/\/kuzeyinsesi.org\/index.php\/2025\/01\/22\/cumhurbaskani-tatardan-tc-cumhurbaskani-erdogana-taziye-mesaji\/"},"wordCount":191,"commentCount":0,"image":{"@id":"https:\/\/kuzeyinsesi.org\/index.php\/2025\/01\/22\/cumhurbaskani-tatardan-tc-cumhurbaskani-erdogana-taziye-mesaji\/#primaryimage"},"thumbnailUrl":"https:\/\/kuzeyinsesi.org\/wp-content\/uploads\/2025\/01\/ersin-tatar-YAZI-YAZARKEN-1536x900-1-696x408-1.jpeg","articleSection":["T\u00fcrkiye"],"inLanguage":"tr","potentialAction":[{"@type":"CommentAction","name":"Comment","target":["https:\/\/kuzeyinsesi.org\/index.php\/2025\/01\/22\/cumhurbaskani-tatardan-tc-cumhurbaskani-erdogana-taziye-mesaji\/#respond"]}]},{"@type":"WebPage","@id":"https:\/\/kuzeyinsesi.org\/index.php\/2025\/01\/22\/cumhurbaskani-tatardan-tc-cumhurbaskani-erdogana-taziye-mesaji\/","url":"https:\/\/kuzeyinsesi.org\/index.php\/2025\/01\/22\/cumhurbaskani-tatardan-tc-cumhurbaskani-erdogana-taziye-mesaji\/","name":"Cumhurba\u015fkan\u0131 Tatar\u2019dan TC Cumhurba\u015fkan\u0131 Erdo\u011fan\u2019a taziye mesaj\u0131 - Kuzeyin Sesi","isPartOf":{"@id":"https:\/\/kuzeyinsesi.org\/#website"},"primaryImageOfPage":{"@id":"https:\/\/kuzeyinsesi.org\/index.php\/2025\/01\/22\/cumhurbaskani-tatardan-tc-cumhurbaskani-erdogana-taziye-mesaji\/#primaryimage"},"image":{"@id":"https:\/\/kuzeyinsesi.org\/index.php\/2025\/01\/22\/cumhurbaskani-tatardan-tc-cumhurbaskani-erdogana-taziye-mesaji\/#primaryimage"},"thumbnailUrl":"https:\/\/kuzeyinsesi.org\/wp-content\/uploads\/2025\/01\/ersin-tatar-YAZI-YAZARKEN-1536x900-1-696x408-1.jpeg","datePublished":"2025-01-22T13:49:29+00:00","author":{"@id":"https:\/\/kuzeyinsesi.org\/#\/schema\/person\/9f859689cdf01485597712386e37f5aa"},"breadcrumb":{"@id":"https:\/\/kuzeyinsesi.org\/index.php\/2025\/01\/22\/cumhurbaskani-tatardan-tc-cumhurbaskani-erdogana-taziye-mesaji\/#breadcrumb"},"inLanguage":"tr","potentialAction":[{"@type":"ReadAction","target":["https:\/\/kuzeyinsesi.org\/index.php\/2025\/01\/22\/cumhurbaskani-tatardan-tc-cumhurbaskani-erdogana-taziye-mesaji\/"]}]},{"@type":"ImageObject","inLanguage":"tr","@id":"https:\/\/kuzeyinsesi.org\/index.php\/2025\/01\/22\/cumhurbaskani-tatardan-tc-cumhurbaskani-erdogana-taziye-mesaji\/#primaryimage","url":"https:\/\/kuzeyinsesi.org\/wp-content\/uploads\/2025\/01\/ersin-tatar-YAZI-YAZARKEN-1536x900-1-696x408-1.jpeg","contentUrl":"https:\/\/kuzeyinsesi.org\/wp-content\/uploads\/2025\/01\/ersin-tatar-YAZI-YAZARKEN-1536x900-1-696x408-1.jpeg","width":696,"height":408},{"@type":"BreadcrumbList","@id":"https:\/\/kuzeyinsesi.org\/index.php\/2025\/01\/22\/cumhurbaskani-tatardan-tc-cumhurbaskani-erdogana-taziye-mesaji\/#breadcrumb","itemListElement":[{"@type":"ListItem","position":1,"name":"Anasayfa","item":"https:\/\/kuzeyinsesi.org\/"},{"@type":"ListItem","position":2,"name":"Cumhurba\u015fkan\u0131 Tatar\u2019dan TC Cumhurba\u015fkan\u0131 Erdo\u011fan\u2019a taziye mesaj\u0131"}]},{"@type":"WebSite","@id":"https:\/\/kuzeyinsesi.org\/#website","url":"https:\/\/kuzeyinsesi.org\/","name":"Kuzeyin Sesi","description":"Do\u011fru Haberin Adresi","potentialAction":[{"@type":"SearchAction","target":{"@type":"EntryPoint","urlTemplate":"https:\/\/kuzeyinsesi.org\/?s={search_term_string}"},"query-input":{"@type":"PropertyValueSpecification","valueRequired":true,"valueName":"search_term_string"}}],"inLanguage":"tr"},{"@type":"Person","@id":"https:\/\/kuzeyinsesi.org\/#\/schema\/person\/9f859689cdf01485597712386e37f5aa","name":"Kuzeyin Sesi","image":{"@type":"ImageObject","inLanguage":"tr","@id":"https:\/\/secure.gravatar.com\/avatar\/bab33852abfd8b282518d6ed81826833d77c3c882d9ab608add591ccace47a44?s=96&d=mm&r=g","url":"https:\/\/secure.gravatar.com\/avatar\/bab33852abfd8b282518d6ed81826833d77c3c882d9ab608add591ccace47a44?s=96&d=mm&r=g","contentUrl":"https:\/\/secure.gravatar.com\/avatar\/bab33852abfd8b282518d6ed81826833d77c3c882d9ab608add591ccace47a44?s=96&d=mm&r=g","caption":"Kuzeyin Sesi"},"sameAs":["https:\/\/kuzeyinsesi.org"],"url":"https:\/\/kuzeyinsesi.org\/index.php\/author\/guven\/"}]}},"_links":{"self":[{"href":"https:\/\/kuzeyinsesi.org\/index.php\/wp-json\/wp\/v2\/posts\/17778","targetHints":{"allow":["GET"]}}],"collection":[{"href":"https:\/\/kuzeyinsesi.org\/index.php\/wp-json\/wp\/v2\/posts"}],"about":[{"href":"https:\/\/kuzeyinsesi.org\/index.php\/wp-json\/wp\/v2\/types\/post"}],"author":[{"embeddable":true,"href":"https:\/\/kuzeyinsesi.org\/index.php\/wp-json\/wp\/v2\/users\/1"}],"replies":[{"embeddable":true,"href":"https:\/\/kuzeyinsesi.org\/index.php\/wp-json\/wp\/v2\/comments?post=17778"}],"version-history":[{"count":0,"href":"https:\/\/kuzeyinsesi.org\/index.php\/wp-json\/wp\/v2\/posts\/17778\/revisions"}],"wp:featuredmedia":[{"embeddable":true,"href":"https:\/\/kuzeyinsesi.org\/index.php\/wp-json\/wp\/v2\/media\/17779"}],"wp:attachment":[{"href":"https:\/\/kuzeyinsesi.org\/index.php\/wp-json\/wp\/v2\/media?parent=17778"}],"wp:term":[{"taxonomy":"category","embeddable":true,"href":"https:\/\/kuzeyinsesi.org\/index.php\/wp-json\/wp\/v2\/categories?post=17778"},{"taxonomy":"post_tag","embeddable":true,"href":"https:\/\/kuzeyinsesi.org\/index.php\/wp-json\/wp\/v2\/tags?post=17778"}],"curies":[{"name":"wp","href":"https:\/\/api.w.org\/{rel}","templated":true}]}}