{"id":17756,"date":"2025-01-22T10:51:45","date_gmt":"2025-01-22T08:51:45","guid":{"rendered":"https:\/\/kuzeyinsesi.org\/index.php\/2025\/01\/22\/turkiyede-kartalkaya-kayak-merkezinde-12-katli-otelde-cikan-yanginda-olenlerin-sayisi-76ya-yukseldi\/"},"modified":"2025-01-22T10:51:45","modified_gmt":"2025-01-22T08:51:45","slug":"turkiyede-kartalkaya-kayak-merkezinde-12-katli-otelde-cikan-yanginda-olenlerin-sayisi-76ya-yukseldi","status":"publish","type":"post","link":"https:\/\/kuzeyinsesi.org\/index.php\/2025\/01\/22\/turkiyede-kartalkaya-kayak-merkezinde-12-katli-otelde-cikan-yanginda-olenlerin-sayisi-76ya-yukseldi\/","title":{"rendered":"T\u00fcrkiye\u2019de Kartalkaya Kayak Merkezi\u2019nde 12 katl\u0131 otelde \u00e7\u0131kan yang\u0131nda \u00f6lenlerin say\u0131s\u0131 76\u2019ya y\u00fckseldi"},"content":{"rendered":"<div>\n<div class=\"mariselle-image-container center\">\n                                            <\/div>\n<p>T\u00fcrkiye\u2019nin \u00f6nemli kayak merkezlerinden 2 bin 200 rak\u0131ml\u0131 Kartalkaya\u2019da Grand Kartal Oteli\u2019nde yang\u0131n \u00e7\u0131kt\u0131. <\/p>\n<p>Gece yar\u0131s\u0131 ba\u015flayan yang\u0131n, otelin d\u0131\u015f kaplamalar\u0131n\u0131n ah\u015fap olmas\u0131yla da h\u0131zla yay\u0131ld\u0131.<\/p>\n<p>238 ki\u015finin konaklad\u0131\u011f\u0131 otelde \u00e7\u0131kan yang\u0131nda 76 ki\u015fi ya\u015fam\u0131n\u0131 yitirdi, 51 ki\u015fi de yaraland\u0131. <\/p>\n<p>51 yaral\u0131n\u0131n birinin durumunun a\u011f\u0131r oldu\u011fu, di\u011ferler yaral\u0131lar\u0131n tedavisi devam etti\u011fi a\u00e7\u0131klan\u0131rken, 17 yaral\u0131n\u0131n da taburcu edildi\u011fi bildirildi.<\/p>\n<p>Yanan otelde yap\u0131lan arama kurtarma \u00e7al\u0131\u015fmalar\u0131 da tamamland\u0131.<\/p>\n<p>Cumhurba\u015fkan\u0131 Recep Tayyip Erdo\u011fan, Kartalkaya\u2019daki yang\u0131n facias\u0131 nedeniyle 1 g\u00fcnl\u00fck milli yas ilan edildi\u011fini a\u00e7\u0131klad\u0131. <\/p>\n<p>Cumhurba\u015fkan\u0131 Erdo\u011fan, \u201cB\u00f6yle bir facian\u0131n ya\u015fanmas\u0131na sebep olanlar, ihmali ve kusuru olanlar hukuk \u00f6n\u00fcnde bunun hesab\u0131n\u0131 vereceklerdir\u201d dedi.<\/p>\n<p>Olayla ilgili soru\u015fturma s\u00fcreci ba\u015flat\u0131ld\u0131. Soru\u015fturma kapsam\u0131nda aralar\u0131nda i\u015fletme sahibinin de bulundu\u011fu 9 ki\u015finin g\u00f6zalt\u0131na al\u0131nd\u0131\u011f\u0131n\u0131 a\u00e7\u0131klad\u0131.<\/p>\n<\/p><\/div>\n<p><script async\n                    defer\n                    crossorigin=\"anonymous\"\n                    src=\"https:\/\/connect.facebook.net\/tr_TR\/sdk.js#xfbml=1&#038;version=v3.3\"\n            ><\/script><\/p>\n","protected":false},"excerpt":{"rendered":"<p>T\u00fcrkiye\u2019nin \u00f6nemli kayak merkezlerinden 2 bin 200 rak\u0131ml\u0131 Kartalkaya\u2019da Grand Kartal Oteli\u2019nde yang\u0131n \u00e7\u0131kt\u0131. Gece yar\u0131s\u0131 ba\u015flayan yang\u0131n, otelin d\u0131\u015f kaplamalar\u0131n\u0131n ah\u015fap olmas\u0131yla da h\u0131zla yay\u0131ld\u0131. 238 ki\u015finin konaklad\u0131\u011f\u0131 otelde \u00e7\u0131kan yang\u0131nda 76 ki\u015fi ya\u015fam\u0131n\u0131 yitirdi, 51 ki\u015fi de yaraland\u0131. 51 yaral\u0131n\u0131n birinin durumunun a\u011f\u0131r oldu\u011fu, di\u011ferler yaral\u0131lar\u0131n tedavisi devam etti\u011fi a\u00e7\u0131klan\u0131rken, 17 yaral\u0131n\u0131n da [&hellip;]<\/p>\n","protected":false},"author":1,"featured_media":17757,"comment_status":"open","ping_status":"open","sticky":false,"template":"","format":"standard","meta":{"jnews-multi-image_gallery":[],"jnews_single_post":[],"jnews_primary_category":[],"jnews_social_meta":[],"jnews_override_counter":[],"footnotes":""},"categories":[5],"tags":[],"class_list":["post-17756","post","type-post","status-publish","format-standard","has-post-thumbnail","hentry","category-turkiye"],"yoast_head":"<!-- This site is optimized with the Yoast SEO plugin v27.5 - https:\/\/yoast.com\/product\/yoast-seo-wordpress\/ -->\n<title>T\u00fcrkiye\u2019de Kartalkaya Kayak Merkezi\u2019nde 12 katl\u0131 otelde \u00e7\u0131kan yang\u0131nda \u00f6lenlerin say\u0131s\u0131 76\u2019ya y\u00fckseldi - Kuzeyin Sesi<\/title>\n<meta name=\"robots\" content=\"index, follow, max-snippet:-1, max-image-preview:large, max-video-preview:-1\" \/>\n<link rel=\"canonical\" href=\"https:\/\/kuzeyinsesi.org\/index.php\/2025\/01\/22\/turkiyede-kartalkaya-kayak-merkezinde-12-katli-otelde-cikan-yanginda-olenlerin-sayisi-76ya-yukseldi\/\" \/>\n<meta property=\"og:locale\" content=\"tr_TR\" \/>\n<meta property=\"og:type\" content=\"article\" \/>\n<meta property=\"og:title\" content=\"T\u00fcrkiye\u2019de Kartalkaya Kayak Merkezi\u2019nde 12 katl\u0131 otelde \u00e7\u0131kan yang\u0131nda \u00f6lenlerin say\u0131s\u0131 76\u2019ya y\u00fckseldi - Kuzeyin Sesi\" \/>\n<meta property=\"og:description\" content=\"T\u00fcrkiye\u2019nin \u00f6nemli kayak merkezlerinden 2 bin 200 rak\u0131ml\u0131 Kartalkaya\u2019da Grand Kartal Oteli\u2019nde yang\u0131n \u00e7\u0131kt\u0131. Gece yar\u0131s\u0131 ba\u015flayan yang\u0131n, otelin d\u0131\u015f kaplamalar\u0131n\u0131n ah\u015fap olmas\u0131yla da h\u0131zla yay\u0131ld\u0131. 238 ki\u015finin konaklad\u0131\u011f\u0131 otelde \u00e7\u0131kan yang\u0131nda 76 ki\u015fi ya\u015fam\u0131n\u0131 yitirdi, 51 ki\u015fi de yaraland\u0131. 51 yaral\u0131n\u0131n birinin durumunun a\u011f\u0131r oldu\u011fu, di\u011ferler yaral\u0131lar\u0131n tedavisi devam etti\u011fi a\u00e7\u0131klan\u0131rken, 17 yaral\u0131n\u0131n da [&hellip;]\" \/>\n<meta property=\"og:url\" content=\"https:\/\/kuzeyinsesi.org\/index.php\/2025\/01\/22\/turkiyede-kartalkaya-kayak-merkezinde-12-katli-otelde-cikan-yanginda-olenlerin-sayisi-76ya-yukseldi\/\" \/>\n<meta property=\"og:site_name\" content=\"Kuzeyin Sesi\" \/>\n<meta property=\"article:publisher\" content=\"https:\/\/www.facebook.com\/kuzeyinsesii\" \/>\n<meta property=\"article:published_time\" content=\"2025-01-22T08:51:45+00:00\" \/>\n<meta property=\"og:image\" content=\"https:\/\/brtk.net\/wp-content\/uploads\/2025\/01\/22\/Voice-Haber-Template-yeni-1-kopya-80.jpg?ver=7e905dda8e42190f98371bf5a5bd6602\" \/>\n<meta name=\"author\" content=\"Kuzeyin Sesi\" \/>\n<meta name=\"twitter:card\" content=\"summary_large_image\" \/>\n<meta name=\"twitter:creator\" content=\"@kuzeyinsesii\" \/>\n<meta name=\"twitter:site\" content=\"@kuzeyinsesii\" \/>\n<meta name=\"twitter:label1\" content=\"Yazan:\" \/>\n\t<meta name=\"twitter:data1\" content=\"Kuzeyin Sesi\" \/>\n\t<meta name=\"twitter:label2\" content=\"Tahmini okuma s\u00fcresi\" \/>\n\t<meta name=\"twitter:data2\" content=\"1 dakika\" \/>\n<script type=\"application\/ld+json\" class=\"yoast-schema-graph\">{\"@context\":\"https:\\\/\\\/schema.org\",\"@graph\":[{\"@type\":\"Article\",\"@id\":\"https:\\\/\\\/kuzeyinsesi.org\\\/index.php\\\/2025\\\/01\\\/22\\\/turkiyede-kartalkaya-kayak-merkezinde-12-katli-otelde-cikan-yanginda-olenlerin-sayisi-76ya-yukseldi\\\/#article\",\"isPartOf\":{\"@id\":\"https:\\\/\\\/kuzeyinsesi.org\\\/index.php\\\/2025\\\/01\\\/22\\\/turkiyede-kartalkaya-kayak-merkezinde-12-katli-otelde-cikan-yanginda-olenlerin-sayisi-76ya-yukseldi\\\/\"},\"author\":{\"name\":\"Kuzeyin Sesi\",\"@id\":\"https:\\\/\\\/kuzeyinsesi.org\\\/#\\\/schema\\\/person\\\/9f859689cdf01485597712386e37f5aa\"},\"headline\":\"T\u00fcrkiye\u2019de Kartalkaya Kayak Merkezi\u2019nde 12 katl\u0131 otelde \u00e7\u0131kan yang\u0131nda \u00f6lenlerin say\u0131s\u0131 76\u2019ya y\u00fckseldi\",\"datePublished\":\"2025-01-22T08:51:45+00:00\",\"mainEntityOfPage\":{\"@id\":\"https:\\\/\\\/kuzeyinsesi.org\\\/index.php\\\/2025\\\/01\\\/22\\\/turkiyede-kartalkaya-kayak-merkezinde-12-katli-otelde-cikan-yanginda-olenlerin-sayisi-76ya-yukseldi\\\/\"},\"wordCount\":192,\"commentCount\":0,\"image\":{\"@id\":\"https:\\\/\\\/kuzeyinsesi.org\\\/index.php\\\/2025\\\/01\\\/22\\\/turkiyede-kartalkaya-kayak-merkezinde-12-katli-otelde-cikan-yanginda-olenlerin-sayisi-76ya-yukseldi\\\/#primaryimage\"},\"thumbnailUrl\":\"https:\\\/\\\/kuzeyinsesi.org\\\/wp-content\\\/uploads\\\/2025\\\/01\\\/Voice-Haber-Template-yeni-1-kopya-80.jpg\",\"articleSection\":[\"T\u00fcrkiye\"],\"inLanguage\":\"tr\",\"potentialAction\":[{\"@type\":\"CommentAction\",\"name\":\"Comment\",\"target\":[\"https:\\\/\\\/kuzeyinsesi.org\\\/index.php\\\/2025\\\/01\\\/22\\\/turkiyede-kartalkaya-kayak-merkezinde-12-katli-otelde-cikan-yanginda-olenlerin-sayisi-76ya-yukseldi\\\/#respond\"]}]},{\"@type\":\"WebPage\",\"@id\":\"https:\\\/\\\/kuzeyinsesi.org\\\/index.php\\\/2025\\\/01\\\/22\\\/turkiyede-kartalkaya-kayak-merkezinde-12-katli-otelde-cikan-yanginda-olenlerin-sayisi-76ya-yukseldi\\\/\",\"url\":\"https:\\\/\\\/kuzeyinsesi.org\\\/index.php\\\/2025\\\/01\\\/22\\\/turkiyede-kartalkaya-kayak-merkezinde-12-katli-otelde-cikan-yanginda-olenlerin-sayisi-76ya-yukseldi\\\/\",\"name\":\"T\u00fcrkiye\u2019de Kartalkaya Kayak Merkezi\u2019nde 12 katl\u0131 otelde \u00e7\u0131kan yang\u0131nda \u00f6lenlerin say\u0131s\u0131 76\u2019ya y\u00fckseldi - Kuzeyin Sesi\",\"isPartOf\":{\"@id\":\"https:\\\/\\\/kuzeyinsesi.org\\\/#website\"},\"primaryImageOfPage\":{\"@id\":\"https:\\\/\\\/kuzeyinsesi.org\\\/index.php\\\/2025\\\/01\\\/22\\\/turkiyede-kartalkaya-kayak-merkezinde-12-katli-otelde-cikan-yanginda-olenlerin-sayisi-76ya-yukseldi\\\/#primaryimage\"},\"image\":{\"@id\":\"https:\\\/\\\/kuzeyinsesi.org\\\/index.php\\\/2025\\\/01\\\/22\\\/turkiyede-kartalkaya-kayak-merkezinde-12-katli-otelde-cikan-yanginda-olenlerin-sayisi-76ya-yukseldi\\\/#primaryimage\"},\"thumbnailUrl\":\"https:\\\/\\\/kuzeyinsesi.org\\\/wp-content\\\/uploads\\\/2025\\\/01\\\/Voice-Haber-Template-yeni-1-kopya-80.jpg\",\"datePublished\":\"2025-01-22T08:51:45+00:00\",\"author\":{\"@id\":\"https:\\\/\\\/kuzeyinsesi.org\\\/#\\\/schema\\\/person\\\/9f859689cdf01485597712386e37f5aa\"},\"breadcrumb\":{\"@id\":\"https:\\\/\\\/kuzeyinsesi.org\\\/index.php\\\/2025\\\/01\\\/22\\\/turkiyede-kartalkaya-kayak-merkezinde-12-katli-otelde-cikan-yanginda-olenlerin-sayisi-76ya-yukseldi\\\/#breadcrumb\"},\"inLanguage\":\"tr\",\"potentialAction\":[{\"@type\":\"ReadAction\",\"target\":[\"https:\\\/\\\/kuzeyinsesi.org\\\/index.php\\\/2025\\\/01\\\/22\\\/turkiyede-kartalkaya-kayak-merkezinde-12-katli-otelde-cikan-yanginda-olenlerin-sayisi-76ya-yukseldi\\\/\"]}]},{\"@type\":\"ImageObject\",\"inLanguage\":\"tr\",\"@id\":\"https:\\\/\\\/kuzeyinsesi.org\\\/index.php\\\/2025\\\/01\\\/22\\\/turkiyede-kartalkaya-kayak-merkezinde-12-katli-otelde-cikan-yanginda-olenlerin-sayisi-76ya-yukseldi\\\/#primaryimage\",\"url\":\"https:\\\/\\\/kuzeyinsesi.org\\\/wp-content\\\/uploads\\\/2025\\\/01\\\/Voice-Haber-Template-yeni-1-kopya-80.jpg\",\"contentUrl\":\"https:\\\/\\\/kuzeyinsesi.org\\\/wp-content\\\/uploads\\\/2025\\\/01\\\/Voice-Haber-Template-yeni-1-kopya-80.jpg\",\"width\":696,\"height\":385},{\"@type\":\"BreadcrumbList\",\"@id\":\"https:\\\/\\\/kuzeyinsesi.org\\\/index.php\\\/2025\\\/01\\\/22\\\/turkiyede-kartalkaya-kayak-merkezinde-12-katli-otelde-cikan-yanginda-olenlerin-sayisi-76ya-yukseldi\\\/#breadcrumb\",\"itemListElement\":[{\"@type\":\"ListItem\",\"position\":1,\"name\":\"Anasayfa\",\"item\":\"https:\\\/\\\/kuzeyinsesi.org\\\/\"},{\"@type\":\"ListItem\",\"position\":2,\"name\":\"T\u00fcrkiye\u2019de Kartalkaya Kayak Merkezi\u2019nde 12 katl\u0131 otelde \u00e7\u0131kan yang\u0131nda \u00f6lenlerin say\u0131s\u0131 76\u2019ya y\u00fckseldi\"}]},{\"@type\":\"WebSite\",\"@id\":\"https:\\\/\\\/kuzeyinsesi.org\\\/#website\",\"url\":\"https:\\\/\\\/kuzeyinsesi.org\\\/\",\"name\":\"Kuzeyin Sesi\",\"description\":\"Do\u011fru Haberin Adresi\",\"potentialAction\":[{\"@type\":\"SearchAction\",\"target\":{\"@type\":\"EntryPoint\",\"urlTemplate\":\"https:\\\/\\\/kuzeyinsesi.org\\\/?s={search_term_string}\"},\"query-input\":{\"@type\":\"PropertyValueSpecification\",\"valueRequired\":true,\"valueName\":\"search_term_string\"}}],\"inLanguage\":\"tr\"},{\"@type\":\"Person\",\"@id\":\"https:\\\/\\\/kuzeyinsesi.org\\\/#\\\/schema\\\/person\\\/9f859689cdf01485597712386e37f5aa\",\"name\":\"Kuzeyin Sesi\",\"image\":{\"@type\":\"ImageObject\",\"inLanguage\":\"tr\",\"@id\":\"https:\\\/\\\/secure.gravatar.com\\\/avatar\\\/bab33852abfd8b282518d6ed81826833d77c3c882d9ab608add591ccace47a44?s=96&d=mm&r=g\",\"url\":\"https:\\\/\\\/secure.gravatar.com\\\/avatar\\\/bab33852abfd8b282518d6ed81826833d77c3c882d9ab608add591ccace47a44?s=96&d=mm&r=g\",\"contentUrl\":\"https:\\\/\\\/secure.gravatar.com\\\/avatar\\\/bab33852abfd8b282518d6ed81826833d77c3c882d9ab608add591ccace47a44?s=96&d=mm&r=g\",\"caption\":\"Kuzeyin Sesi\"},\"sameAs\":[\"https:\\\/\\\/kuzeyinsesi.org\"],\"url\":\"https:\\\/\\\/kuzeyinsesi.org\\\/index.php\\\/author\\\/guven\\\/\"}]}<\/script>\n<!-- \/ Yoast SEO plugin. -->","yoast_head_json":{"title":"T\u00fcrkiye\u2019de Kartalkaya Kayak Merkezi\u2019nde 12 katl\u0131 otelde \u00e7\u0131kan yang\u0131nda \u00f6lenlerin say\u0131s\u0131 76\u2019ya y\u00fckseldi - Kuzeyin Sesi","robots":{"index":"index","follow":"follow","max-snippet":"max-snippet:-1","max-image-preview":"max-image-preview:large","max-video-preview":"max-video-preview:-1"},"canonical":"https:\/\/kuzeyinsesi.org\/index.php\/2025\/01\/22\/turkiyede-kartalkaya-kayak-merkezinde-12-katli-otelde-cikan-yanginda-olenlerin-sayisi-76ya-yukseldi\/","og_locale":"tr_TR","og_type":"article","og_title":"T\u00fcrkiye\u2019de Kartalkaya Kayak Merkezi\u2019nde 12 katl\u0131 otelde \u00e7\u0131kan yang\u0131nda \u00f6lenlerin say\u0131s\u0131 76\u2019ya y\u00fckseldi - Kuzeyin Sesi","og_description":"T\u00fcrkiye\u2019nin \u00f6nemli kayak merkezlerinden 2 bin 200 rak\u0131ml\u0131 Kartalkaya\u2019da Grand Kartal Oteli\u2019nde yang\u0131n \u00e7\u0131kt\u0131. Gece yar\u0131s\u0131 ba\u015flayan yang\u0131n, otelin d\u0131\u015f kaplamalar\u0131n\u0131n ah\u015fap olmas\u0131yla da h\u0131zla yay\u0131ld\u0131. 238 ki\u015finin konaklad\u0131\u011f\u0131 otelde \u00e7\u0131kan yang\u0131nda 76 ki\u015fi ya\u015fam\u0131n\u0131 yitirdi, 51 ki\u015fi de yaraland\u0131. 51 yaral\u0131n\u0131n birinin durumunun a\u011f\u0131r oldu\u011fu, di\u011ferler yaral\u0131lar\u0131n tedavisi devam etti\u011fi a\u00e7\u0131klan\u0131rken, 17 yaral\u0131n\u0131n da [&hellip;]","og_url":"https:\/\/kuzeyinsesi.org\/index.php\/2025\/01\/22\/turkiyede-kartalkaya-kayak-merkezinde-12-katli-otelde-cikan-yanginda-olenlerin-sayisi-76ya-yukseldi\/","og_site_name":"Kuzeyin Sesi","article_publisher":"https:\/\/www.facebook.com\/kuzeyinsesii","article_published_time":"2025-01-22T08:51:45+00:00","og_image":[{"url":"https:\/\/brtk.net\/wp-content\/uploads\/2025\/01\/22\/Voice-Haber-Template-yeni-1-kopya-80.jpg?ver=7e905dda8e42190f98371bf5a5bd6602","type":"","width":"","height":""}],"author":"Kuzeyin Sesi","twitter_card":"summary_large_image","twitter_creator":"@kuzeyinsesii","twitter_site":"@kuzeyinsesii","twitter_misc":{"Yazan:":"Kuzeyin Sesi","Tahmini okuma s\u00fcresi":"1 dakika"},"schema":{"@context":"https:\/\/schema.org","@graph":[{"@type":"Article","@id":"https:\/\/kuzeyinsesi.org\/index.php\/2025\/01\/22\/turkiyede-kartalkaya-kayak-merkezinde-12-katli-otelde-cikan-yanginda-olenlerin-sayisi-76ya-yukseldi\/#article","isPartOf":{"@id":"https:\/\/kuzeyinsesi.org\/index.php\/2025\/01\/22\/turkiyede-kartalkaya-kayak-merkezinde-12-katli-otelde-cikan-yanginda-olenlerin-sayisi-76ya-yukseldi\/"},"author":{"name":"Kuzeyin Sesi","@id":"https:\/\/kuzeyinsesi.org\/#\/schema\/person\/9f859689cdf01485597712386e37f5aa"},"headline":"T\u00fcrkiye\u2019de Kartalkaya Kayak Merkezi\u2019nde 12 katl\u0131 otelde \u00e7\u0131kan yang\u0131nda \u00f6lenlerin say\u0131s\u0131 76\u2019ya y\u00fckseldi","datePublished":"2025-01-22T08:51:45+00:00","mainEntityOfPage":{"@id":"https:\/\/kuzeyinsesi.org\/index.php\/2025\/01\/22\/turkiyede-kartalkaya-kayak-merkezinde-12-katli-otelde-cikan-yanginda-olenlerin-sayisi-76ya-yukseldi\/"},"wordCount":192,"commentCount":0,"image":{"@id":"https:\/\/kuzeyinsesi.org\/index.php\/2025\/01\/22\/turkiyede-kartalkaya-kayak-merkezinde-12-katli-otelde-cikan-yanginda-olenlerin-sayisi-76ya-yukseldi\/#primaryimage"},"thumbnailUrl":"https:\/\/kuzeyinsesi.org\/wp-content\/uploads\/2025\/01\/Voice-Haber-Template-yeni-1-kopya-80.jpg","articleSection":["T\u00fcrkiye"],"inLanguage":"tr","potentialAction":[{"@type":"CommentAction","name":"Comment","target":["https:\/\/kuzeyinsesi.org\/index.php\/2025\/01\/22\/turkiyede-kartalkaya-kayak-merkezinde-12-katli-otelde-cikan-yanginda-olenlerin-sayisi-76ya-yukseldi\/#respond"]}]},{"@type":"WebPage","@id":"https:\/\/kuzeyinsesi.org\/index.php\/2025\/01\/22\/turkiyede-kartalkaya-kayak-merkezinde-12-katli-otelde-cikan-yanginda-olenlerin-sayisi-76ya-yukseldi\/","url":"https:\/\/kuzeyinsesi.org\/index.php\/2025\/01\/22\/turkiyede-kartalkaya-kayak-merkezinde-12-katli-otelde-cikan-yanginda-olenlerin-sayisi-76ya-yukseldi\/","name":"T\u00fcrkiye\u2019de Kartalkaya Kayak Merkezi\u2019nde 12 katl\u0131 otelde \u00e7\u0131kan yang\u0131nda \u00f6lenlerin say\u0131s\u0131 76\u2019ya y\u00fckseldi - Kuzeyin Sesi","isPartOf":{"@id":"https:\/\/kuzeyinsesi.org\/#website"},"primaryImageOfPage":{"@id":"https:\/\/kuzeyinsesi.org\/index.php\/2025\/01\/22\/turkiyede-kartalkaya-kayak-merkezinde-12-katli-otelde-cikan-yanginda-olenlerin-sayisi-76ya-yukseldi\/#primaryimage"},"image":{"@id":"https:\/\/kuzeyinsesi.org\/index.php\/2025\/01\/22\/turkiyede-kartalkaya-kayak-merkezinde-12-katli-otelde-cikan-yanginda-olenlerin-sayisi-76ya-yukseldi\/#primaryimage"},"thumbnailUrl":"https:\/\/kuzeyinsesi.org\/wp-content\/uploads\/2025\/01\/Voice-Haber-Template-yeni-1-kopya-80.jpg","datePublished":"2025-01-22T08:51:45+00:00","author":{"@id":"https:\/\/kuzeyinsesi.org\/#\/schema\/person\/9f859689cdf01485597712386e37f5aa"},"breadcrumb":{"@id":"https:\/\/kuzeyinsesi.org\/index.php\/2025\/01\/22\/turkiyede-kartalkaya-kayak-merkezinde-12-katli-otelde-cikan-yanginda-olenlerin-sayisi-76ya-yukseldi\/#breadcrumb"},"inLanguage":"tr","potentialAction":[{"@type":"ReadAction","target":["https:\/\/kuzeyinsesi.org\/index.php\/2025\/01\/22\/turkiyede-kartalkaya-kayak-merkezinde-12-katli-otelde-cikan-yanginda-olenlerin-sayisi-76ya-yukseldi\/"]}]},{"@type":"ImageObject","inLanguage":"tr","@id":"https:\/\/kuzeyinsesi.org\/index.php\/2025\/01\/22\/turkiyede-kartalkaya-kayak-merkezinde-12-katli-otelde-cikan-yanginda-olenlerin-sayisi-76ya-yukseldi\/#primaryimage","url":"https:\/\/kuzeyinsesi.org\/wp-content\/uploads\/2025\/01\/Voice-Haber-Template-yeni-1-kopya-80.jpg","contentUrl":"https:\/\/kuzeyinsesi.org\/wp-content\/uploads\/2025\/01\/Voice-Haber-Template-yeni-1-kopya-80.jpg","width":696,"height":385},{"@type":"BreadcrumbList","@id":"https:\/\/kuzeyinsesi.org\/index.php\/2025\/01\/22\/turkiyede-kartalkaya-kayak-merkezinde-12-katli-otelde-cikan-yanginda-olenlerin-sayisi-76ya-yukseldi\/#breadcrumb","itemListElement":[{"@type":"ListItem","position":1,"name":"Anasayfa","item":"https:\/\/kuzeyinsesi.org\/"},{"@type":"ListItem","position":2,"name":"T\u00fcrkiye\u2019de Kartalkaya Kayak Merkezi\u2019nde 12 katl\u0131 otelde \u00e7\u0131kan yang\u0131nda \u00f6lenlerin say\u0131s\u0131 76\u2019ya y\u00fckseldi"}]},{"@type":"WebSite","@id":"https:\/\/kuzeyinsesi.org\/#website","url":"https:\/\/kuzeyinsesi.org\/","name":"Kuzeyin Sesi","description":"Do\u011fru Haberin Adresi","potentialAction":[{"@type":"SearchAction","target":{"@type":"EntryPoint","urlTemplate":"https:\/\/kuzeyinsesi.org\/?s={search_term_string}"},"query-input":{"@type":"PropertyValueSpecification","valueRequired":true,"valueName":"search_term_string"}}],"inLanguage":"tr"},{"@type":"Person","@id":"https:\/\/kuzeyinsesi.org\/#\/schema\/person\/9f859689cdf01485597712386e37f5aa","name":"Kuzeyin Sesi","image":{"@type":"ImageObject","inLanguage":"tr","@id":"https:\/\/secure.gravatar.com\/avatar\/bab33852abfd8b282518d6ed81826833d77c3c882d9ab608add591ccace47a44?s=96&d=mm&r=g","url":"https:\/\/secure.gravatar.com\/avatar\/bab33852abfd8b282518d6ed81826833d77c3c882d9ab608add591ccace47a44?s=96&d=mm&r=g","contentUrl":"https:\/\/secure.gravatar.com\/avatar\/bab33852abfd8b282518d6ed81826833d77c3c882d9ab608add591ccace47a44?s=96&d=mm&r=g","caption":"Kuzeyin Sesi"},"sameAs":["https:\/\/kuzeyinsesi.org"],"url":"https:\/\/kuzeyinsesi.org\/index.php\/author\/guven\/"}]}},"_links":{"self":[{"href":"https:\/\/kuzeyinsesi.org\/index.php\/wp-json\/wp\/v2\/posts\/17756","targetHints":{"allow":["GET"]}}],"collection":[{"href":"https:\/\/kuzeyinsesi.org\/index.php\/wp-json\/wp\/v2\/posts"}],"about":[{"href":"https:\/\/kuzeyinsesi.org\/index.php\/wp-json\/wp\/v2\/types\/post"}],"author":[{"embeddable":true,"href":"https:\/\/kuzeyinsesi.org\/index.php\/wp-json\/wp\/v2\/users\/1"}],"replies":[{"embeddable":true,"href":"https:\/\/kuzeyinsesi.org\/index.php\/wp-json\/wp\/v2\/comments?post=17756"}],"version-history":[{"count":0,"href":"https:\/\/kuzeyinsesi.org\/index.php\/wp-json\/wp\/v2\/posts\/17756\/revisions"}],"wp:featuredmedia":[{"embeddable":true,"href":"https:\/\/kuzeyinsesi.org\/index.php\/wp-json\/wp\/v2\/media\/17757"}],"wp:attachment":[{"href":"https:\/\/kuzeyinsesi.org\/index.php\/wp-json\/wp\/v2\/media?parent=17756"}],"wp:term":[{"taxonomy":"category","embeddable":true,"href":"https:\/\/kuzeyinsesi.org\/index.php\/wp-json\/wp\/v2\/categories?post=17756"},{"taxonomy":"post_tag","embeddable":true,"href":"https:\/\/kuzeyinsesi.org\/index.php\/wp-json\/wp\/v2\/tags?post=17756"}],"curies":[{"name":"wp","href":"https:\/\/api.w.org\/{rel}","templated":true}]}}