{"id":17754,"date":"2025-01-22T10:40:00","date_gmt":"2025-01-22T08:40:00","guid":{"rendered":"https:\/\/kuzeyinsesi.org\/index.php\/2025\/01\/22\/kartalkayada-yanan-otelde-ekiplerin-calismalari-suruyor\/"},"modified":"2025-01-22T10:40:00","modified_gmt":"2025-01-22T08:40:00","slug":"kartalkayada-yanan-otelde-ekiplerin-calismalari-suruyor","status":"publish","type":"post","link":"https:\/\/kuzeyinsesi.org\/index.php\/2025\/01\/22\/kartalkayada-yanan-otelde-ekiplerin-calismalari-suruyor\/","title":{"rendered":"Kartalkaya\u2019da yanan otelde ekiplerin \u00e7al\u0131\u015fmalar\u0131 s\u00fcr\u00fcyor"},"content":{"rendered":"<div>\n<div class=\"mariselle-image-container center\">\n                                            <\/div>\n<p>Kartalkaya Kayak Merkezi\u2019ndeki bir otelde \u00e7\u0131kan yang\u0131n\u0131n ard\u0131ndan AFAD ve itfaiye ekipleri, d\u00fcn ak\u015fam saatlerinde ara verilen \u00e7al\u0131\u015fmalara, sabah\u0131n ilk \u0131\u015f\u0131klar\u0131yla yeniden ba\u015flad\u0131.<\/p>\n<p>Afet ve Acil Durum Y\u00f6netimi Ba\u015fkanl\u0131\u011f\u0131 (AFAD) ekipleri ile itfaiye personeli, otelin b\u00fcy\u00fck b\u00f6l\u00fcm\u00fcn\u00fcn ah\u015fap malzemeden olmas\u0131 nedeniyle \u00e7\u00f6kme tehlikesine kar\u015f\u0131 \u00e7al\u0131\u015fmalar\u0131n\u0131 titizlikle y\u00fcr\u00fct\u00fcyor.<\/p>\n<p>\u0130\u00e7eriden ve d\u0131\u015far\u0131dan yap\u0131lan \u00e7ekimlerde, 12 katl\u0131 otelin \u00e7at\u0131s\u0131nda yang\u0131n nedeniyle b\u00fcy\u00fck hasar olu\u015ftu\u011fu, camlar\u0131n k\u0131r\u0131ld\u0131\u011f\u0131 ve e\u015fyalar\u0131n tamamen yand\u0131\u011f\u0131 g\u00f6r\u00fcld\u00fc.<\/p>\n<p>En alt katta bulunan spor salonu ile havuz b\u00f6l\u00fcm\u00fc de yang\u0131nda tamamen k\u00fcl oldu.<\/p>\n<\/p><\/div>\n<p><script async\n                    defer\n                    crossorigin=\"anonymous\"\n                    src=\"https:\/\/connect.facebook.net\/tr_TR\/sdk.js#xfbml=1&#038;version=v3.3\"\n            ><\/script><\/p>\n","protected":false},"excerpt":{"rendered":"<p>Kartalkaya Kayak Merkezi\u2019ndeki bir otelde \u00e7\u0131kan yang\u0131n\u0131n ard\u0131ndan AFAD ve itfaiye ekipleri, d\u00fcn ak\u015fam saatlerinde ara verilen \u00e7al\u0131\u015fmalara, sabah\u0131n ilk \u0131\u015f\u0131klar\u0131yla yeniden ba\u015flad\u0131. Afet ve Acil Durum Y\u00f6netimi Ba\u015fkanl\u0131\u011f\u0131 (AFAD) ekipleri ile itfaiye personeli, otelin b\u00fcy\u00fck b\u00f6l\u00fcm\u00fcn\u00fcn ah\u015fap malzemeden olmas\u0131 nedeniyle \u00e7\u00f6kme tehlikesine kar\u015f\u0131 \u00e7al\u0131\u015fmalar\u0131n\u0131 titizlikle y\u00fcr\u00fct\u00fcyor. \u0130\u00e7eriden ve d\u0131\u015far\u0131dan yap\u0131lan \u00e7ekimlerde, 12 katl\u0131 otelin [&hellip;]<\/p>\n","protected":false},"author":1,"featured_media":17755,"comment_status":"open","ping_status":"open","sticky":false,"template":"","format":"standard","meta":{"jnews-multi-image_gallery":[],"jnews_single_post":[],"jnews_primary_category":[],"jnews_social_meta":[],"jnews_override_counter":[],"footnotes":""},"categories":[5],"tags":[],"class_list":["post-17754","post","type-post","status-publish","format-standard","has-post-thumbnail","hentry","category-turkiye"],"yoast_head":"<!-- This site is optimized with the Yoast SEO plugin v27.5 - https:\/\/yoast.com\/product\/yoast-seo-wordpress\/ -->\n<title>Kartalkaya\u2019da yanan otelde ekiplerin \u00e7al\u0131\u015fmalar\u0131 s\u00fcr\u00fcyor - Kuzeyin Sesi<\/title>\n<meta name=\"robots\" content=\"index, follow, max-snippet:-1, max-image-preview:large, max-video-preview:-1\" \/>\n<link rel=\"canonical\" href=\"https:\/\/kuzeyinsesi.org\/index.php\/2025\/01\/22\/kartalkayada-yanan-otelde-ekiplerin-calismalari-suruyor\/\" \/>\n<meta property=\"og:locale\" content=\"tr_TR\" \/>\n<meta property=\"og:type\" content=\"article\" \/>\n<meta property=\"og:title\" content=\"Kartalkaya\u2019da yanan otelde ekiplerin \u00e7al\u0131\u015fmalar\u0131 s\u00fcr\u00fcyor - Kuzeyin Sesi\" \/>\n<meta property=\"og:description\" content=\"Kartalkaya Kayak Merkezi\u2019ndeki bir otelde \u00e7\u0131kan yang\u0131n\u0131n ard\u0131ndan AFAD ve itfaiye ekipleri, d\u00fcn ak\u015fam saatlerinde ara verilen \u00e7al\u0131\u015fmalara, sabah\u0131n ilk \u0131\u015f\u0131klar\u0131yla yeniden ba\u015flad\u0131. Afet ve Acil Durum Y\u00f6netimi Ba\u015fkanl\u0131\u011f\u0131 (AFAD) ekipleri ile itfaiye personeli, otelin b\u00fcy\u00fck b\u00f6l\u00fcm\u00fcn\u00fcn ah\u015fap malzemeden olmas\u0131 nedeniyle \u00e7\u00f6kme tehlikesine kar\u015f\u0131 \u00e7al\u0131\u015fmalar\u0131n\u0131 titizlikle y\u00fcr\u00fct\u00fcyor. \u0130\u00e7eriden ve d\u0131\u015far\u0131dan yap\u0131lan \u00e7ekimlerde, 12 katl\u0131 otelin [&hellip;]\" \/>\n<meta property=\"og:url\" content=\"https:\/\/kuzeyinsesi.org\/index.php\/2025\/01\/22\/kartalkayada-yanan-otelde-ekiplerin-calismalari-suruyor\/\" \/>\n<meta property=\"og:site_name\" content=\"Kuzeyin Sesi\" \/>\n<meta property=\"article:publisher\" content=\"https:\/\/www.facebook.com\/kuzeyinsesii\" \/>\n<meta property=\"article:published_time\" content=\"2025-01-22T08:40:00+00:00\" \/>\n<meta property=\"og:image\" content=\"https:\/\/brtk.net\/wp-content\/uploads\/2025\/01\/22\/kartalkaya-otel-yangini-aa-2325140.jpg?ver=254c6b5e2f264ef0d8ae5a0901b6db16\" \/>\n<meta name=\"author\" content=\"Kuzeyin Sesi\" \/>\n<meta name=\"twitter:card\" content=\"summary_large_image\" \/>\n<meta name=\"twitter:creator\" content=\"@kuzeyinsesii\" \/>\n<meta name=\"twitter:site\" content=\"@kuzeyinsesii\" \/>\n<meta name=\"twitter:label1\" content=\"Yazan:\" \/>\n\t<meta name=\"twitter:data1\" content=\"Kuzeyin Sesi\" \/>\n\t<meta name=\"twitter:label2\" content=\"Tahmini okuma s\u00fcresi\" \/>\n\t<meta name=\"twitter:data2\" content=\"1 dakika\" \/>\n<script type=\"application\/ld+json\" class=\"yoast-schema-graph\">{\"@context\":\"https:\\\/\\\/schema.org\",\"@graph\":[{\"@type\":\"Article\",\"@id\":\"https:\\\/\\\/kuzeyinsesi.org\\\/index.php\\\/2025\\\/01\\\/22\\\/kartalkayada-yanan-otelde-ekiplerin-calismalari-suruyor\\\/#article\",\"isPartOf\":{\"@id\":\"https:\\\/\\\/kuzeyinsesi.org\\\/index.php\\\/2025\\\/01\\\/22\\\/kartalkayada-yanan-otelde-ekiplerin-calismalari-suruyor\\\/\"},\"author\":{\"name\":\"Kuzeyin Sesi\",\"@id\":\"https:\\\/\\\/kuzeyinsesi.org\\\/#\\\/schema\\\/person\\\/9f859689cdf01485597712386e37f5aa\"},\"headline\":\"Kartalkaya\u2019da yanan otelde ekiplerin \u00e7al\u0131\u015fmalar\u0131 s\u00fcr\u00fcyor\",\"datePublished\":\"2025-01-22T08:40:00+00:00\",\"mainEntityOfPage\":{\"@id\":\"https:\\\/\\\/kuzeyinsesi.org\\\/index.php\\\/2025\\\/01\\\/22\\\/kartalkayada-yanan-otelde-ekiplerin-calismalari-suruyor\\\/\"},\"wordCount\":136,\"commentCount\":0,\"image\":{\"@id\":\"https:\\\/\\\/kuzeyinsesi.org\\\/index.php\\\/2025\\\/01\\\/22\\\/kartalkayada-yanan-otelde-ekiplerin-calismalari-suruyor\\\/#primaryimage\"},\"thumbnailUrl\":\"https:\\\/\\\/kuzeyinsesi.org\\\/wp-content\\\/uploads\\\/2025\\\/01\\\/kartalkaya-otel-yangini-aa-2325140.jpg\",\"articleSection\":[\"T\u00fcrkiye\"],\"inLanguage\":\"tr\",\"potentialAction\":[{\"@type\":\"CommentAction\",\"name\":\"Comment\",\"target\":[\"https:\\\/\\\/kuzeyinsesi.org\\\/index.php\\\/2025\\\/01\\\/22\\\/kartalkayada-yanan-otelde-ekiplerin-calismalari-suruyor\\\/#respond\"]}]},{\"@type\":\"WebPage\",\"@id\":\"https:\\\/\\\/kuzeyinsesi.org\\\/index.php\\\/2025\\\/01\\\/22\\\/kartalkayada-yanan-otelde-ekiplerin-calismalari-suruyor\\\/\",\"url\":\"https:\\\/\\\/kuzeyinsesi.org\\\/index.php\\\/2025\\\/01\\\/22\\\/kartalkayada-yanan-otelde-ekiplerin-calismalari-suruyor\\\/\",\"name\":\"Kartalkaya\u2019da yanan otelde ekiplerin \u00e7al\u0131\u015fmalar\u0131 s\u00fcr\u00fcyor - Kuzeyin Sesi\",\"isPartOf\":{\"@id\":\"https:\\\/\\\/kuzeyinsesi.org\\\/#website\"},\"primaryImageOfPage\":{\"@id\":\"https:\\\/\\\/kuzeyinsesi.org\\\/index.php\\\/2025\\\/01\\\/22\\\/kartalkayada-yanan-otelde-ekiplerin-calismalari-suruyor\\\/#primaryimage\"},\"image\":{\"@id\":\"https:\\\/\\\/kuzeyinsesi.org\\\/index.php\\\/2025\\\/01\\\/22\\\/kartalkayada-yanan-otelde-ekiplerin-calismalari-suruyor\\\/#primaryimage\"},\"thumbnailUrl\":\"https:\\\/\\\/kuzeyinsesi.org\\\/wp-content\\\/uploads\\\/2025\\\/01\\\/kartalkaya-otel-yangini-aa-2325140.jpg\",\"datePublished\":\"2025-01-22T08:40:00+00:00\",\"author\":{\"@id\":\"https:\\\/\\\/kuzeyinsesi.org\\\/#\\\/schema\\\/person\\\/9f859689cdf01485597712386e37f5aa\"},\"breadcrumb\":{\"@id\":\"https:\\\/\\\/kuzeyinsesi.org\\\/index.php\\\/2025\\\/01\\\/22\\\/kartalkayada-yanan-otelde-ekiplerin-calismalari-suruyor\\\/#breadcrumb\"},\"inLanguage\":\"tr\",\"potentialAction\":[{\"@type\":\"ReadAction\",\"target\":[\"https:\\\/\\\/kuzeyinsesi.org\\\/index.php\\\/2025\\\/01\\\/22\\\/kartalkayada-yanan-otelde-ekiplerin-calismalari-suruyor\\\/\"]}]},{\"@type\":\"ImageObject\",\"inLanguage\":\"tr\",\"@id\":\"https:\\\/\\\/kuzeyinsesi.org\\\/index.php\\\/2025\\\/01\\\/22\\\/kartalkayada-yanan-otelde-ekiplerin-calismalari-suruyor\\\/#primaryimage\",\"url\":\"https:\\\/\\\/kuzeyinsesi.org\\\/wp-content\\\/uploads\\\/2025\\\/01\\\/kartalkaya-otel-yangini-aa-2325140.jpg\",\"contentUrl\":\"https:\\\/\\\/kuzeyinsesi.org\\\/wp-content\\\/uploads\\\/2025\\\/01\\\/kartalkaya-otel-yangini-aa-2325140.jpg\",\"width\":1280,\"height\":720},{\"@type\":\"BreadcrumbList\",\"@id\":\"https:\\\/\\\/kuzeyinsesi.org\\\/index.php\\\/2025\\\/01\\\/22\\\/kartalkayada-yanan-otelde-ekiplerin-calismalari-suruyor\\\/#breadcrumb\",\"itemListElement\":[{\"@type\":\"ListItem\",\"position\":1,\"name\":\"Anasayfa\",\"item\":\"https:\\\/\\\/kuzeyinsesi.org\\\/\"},{\"@type\":\"ListItem\",\"position\":2,\"name\":\"Kartalkaya\u2019da yanan otelde ekiplerin \u00e7al\u0131\u015fmalar\u0131 s\u00fcr\u00fcyor\"}]},{\"@type\":\"WebSite\",\"@id\":\"https:\\\/\\\/kuzeyinsesi.org\\\/#website\",\"url\":\"https:\\\/\\\/kuzeyinsesi.org\\\/\",\"name\":\"Kuzeyin Sesi\",\"description\":\"Do\u011fru Haberin Adresi\",\"potentialAction\":[{\"@type\":\"SearchAction\",\"target\":{\"@type\":\"EntryPoint\",\"urlTemplate\":\"https:\\\/\\\/kuzeyinsesi.org\\\/?s={search_term_string}\"},\"query-input\":{\"@type\":\"PropertyValueSpecification\",\"valueRequired\":true,\"valueName\":\"search_term_string\"}}],\"inLanguage\":\"tr\"},{\"@type\":\"Person\",\"@id\":\"https:\\\/\\\/kuzeyinsesi.org\\\/#\\\/schema\\\/person\\\/9f859689cdf01485597712386e37f5aa\",\"name\":\"Kuzeyin Sesi\",\"image\":{\"@type\":\"ImageObject\",\"inLanguage\":\"tr\",\"@id\":\"https:\\\/\\\/secure.gravatar.com\\\/avatar\\\/bab33852abfd8b282518d6ed81826833d77c3c882d9ab608add591ccace47a44?s=96&d=mm&r=g\",\"url\":\"https:\\\/\\\/secure.gravatar.com\\\/avatar\\\/bab33852abfd8b282518d6ed81826833d77c3c882d9ab608add591ccace47a44?s=96&d=mm&r=g\",\"contentUrl\":\"https:\\\/\\\/secure.gravatar.com\\\/avatar\\\/bab33852abfd8b282518d6ed81826833d77c3c882d9ab608add591ccace47a44?s=96&d=mm&r=g\",\"caption\":\"Kuzeyin Sesi\"},\"sameAs\":[\"https:\\\/\\\/kuzeyinsesi.org\"],\"url\":\"https:\\\/\\\/kuzeyinsesi.org\\\/index.php\\\/author\\\/guven\\\/\"}]}<\/script>\n<!-- \/ Yoast SEO plugin. -->","yoast_head_json":{"title":"Kartalkaya\u2019da yanan otelde ekiplerin \u00e7al\u0131\u015fmalar\u0131 s\u00fcr\u00fcyor - Kuzeyin Sesi","robots":{"index":"index","follow":"follow","max-snippet":"max-snippet:-1","max-image-preview":"max-image-preview:large","max-video-preview":"max-video-preview:-1"},"canonical":"https:\/\/kuzeyinsesi.org\/index.php\/2025\/01\/22\/kartalkayada-yanan-otelde-ekiplerin-calismalari-suruyor\/","og_locale":"tr_TR","og_type":"article","og_title":"Kartalkaya\u2019da yanan otelde ekiplerin \u00e7al\u0131\u015fmalar\u0131 s\u00fcr\u00fcyor - Kuzeyin Sesi","og_description":"Kartalkaya Kayak Merkezi\u2019ndeki bir otelde \u00e7\u0131kan yang\u0131n\u0131n ard\u0131ndan AFAD ve itfaiye ekipleri, d\u00fcn ak\u015fam saatlerinde ara verilen \u00e7al\u0131\u015fmalara, sabah\u0131n ilk \u0131\u015f\u0131klar\u0131yla yeniden ba\u015flad\u0131. Afet ve Acil Durum Y\u00f6netimi Ba\u015fkanl\u0131\u011f\u0131 (AFAD) ekipleri ile itfaiye personeli, otelin b\u00fcy\u00fck b\u00f6l\u00fcm\u00fcn\u00fcn ah\u015fap malzemeden olmas\u0131 nedeniyle \u00e7\u00f6kme tehlikesine kar\u015f\u0131 \u00e7al\u0131\u015fmalar\u0131n\u0131 titizlikle y\u00fcr\u00fct\u00fcyor. \u0130\u00e7eriden ve d\u0131\u015far\u0131dan yap\u0131lan \u00e7ekimlerde, 12 katl\u0131 otelin [&hellip;]","og_url":"https:\/\/kuzeyinsesi.org\/index.php\/2025\/01\/22\/kartalkayada-yanan-otelde-ekiplerin-calismalari-suruyor\/","og_site_name":"Kuzeyin Sesi","article_publisher":"https:\/\/www.facebook.com\/kuzeyinsesii","article_published_time":"2025-01-22T08:40:00+00:00","og_image":[{"url":"https:\/\/brtk.net\/wp-content\/uploads\/2025\/01\/22\/kartalkaya-otel-yangini-aa-2325140.jpg?ver=254c6b5e2f264ef0d8ae5a0901b6db16","type":"","width":"","height":""}],"author":"Kuzeyin Sesi","twitter_card":"summary_large_image","twitter_creator":"@kuzeyinsesii","twitter_site":"@kuzeyinsesii","twitter_misc":{"Yazan:":"Kuzeyin Sesi","Tahmini okuma s\u00fcresi":"1 dakika"},"schema":{"@context":"https:\/\/schema.org","@graph":[{"@type":"Article","@id":"https:\/\/kuzeyinsesi.org\/index.php\/2025\/01\/22\/kartalkayada-yanan-otelde-ekiplerin-calismalari-suruyor\/#article","isPartOf":{"@id":"https:\/\/kuzeyinsesi.org\/index.php\/2025\/01\/22\/kartalkayada-yanan-otelde-ekiplerin-calismalari-suruyor\/"},"author":{"name":"Kuzeyin Sesi","@id":"https:\/\/kuzeyinsesi.org\/#\/schema\/person\/9f859689cdf01485597712386e37f5aa"},"headline":"Kartalkaya\u2019da yanan otelde ekiplerin \u00e7al\u0131\u015fmalar\u0131 s\u00fcr\u00fcyor","datePublished":"2025-01-22T08:40:00+00:00","mainEntityOfPage":{"@id":"https:\/\/kuzeyinsesi.org\/index.php\/2025\/01\/22\/kartalkayada-yanan-otelde-ekiplerin-calismalari-suruyor\/"},"wordCount":136,"commentCount":0,"image":{"@id":"https:\/\/kuzeyinsesi.org\/index.php\/2025\/01\/22\/kartalkayada-yanan-otelde-ekiplerin-calismalari-suruyor\/#primaryimage"},"thumbnailUrl":"https:\/\/kuzeyinsesi.org\/wp-content\/uploads\/2025\/01\/kartalkaya-otel-yangini-aa-2325140.jpg","articleSection":["T\u00fcrkiye"],"inLanguage":"tr","potentialAction":[{"@type":"CommentAction","name":"Comment","target":["https:\/\/kuzeyinsesi.org\/index.php\/2025\/01\/22\/kartalkayada-yanan-otelde-ekiplerin-calismalari-suruyor\/#respond"]}]},{"@type":"WebPage","@id":"https:\/\/kuzeyinsesi.org\/index.php\/2025\/01\/22\/kartalkayada-yanan-otelde-ekiplerin-calismalari-suruyor\/","url":"https:\/\/kuzeyinsesi.org\/index.php\/2025\/01\/22\/kartalkayada-yanan-otelde-ekiplerin-calismalari-suruyor\/","name":"Kartalkaya\u2019da yanan otelde ekiplerin \u00e7al\u0131\u015fmalar\u0131 s\u00fcr\u00fcyor - Kuzeyin Sesi","isPartOf":{"@id":"https:\/\/kuzeyinsesi.org\/#website"},"primaryImageOfPage":{"@id":"https:\/\/kuzeyinsesi.org\/index.php\/2025\/01\/22\/kartalkayada-yanan-otelde-ekiplerin-calismalari-suruyor\/#primaryimage"},"image":{"@id":"https:\/\/kuzeyinsesi.org\/index.php\/2025\/01\/22\/kartalkayada-yanan-otelde-ekiplerin-calismalari-suruyor\/#primaryimage"},"thumbnailUrl":"https:\/\/kuzeyinsesi.org\/wp-content\/uploads\/2025\/01\/kartalkaya-otel-yangini-aa-2325140.jpg","datePublished":"2025-01-22T08:40:00+00:00","author":{"@id":"https:\/\/kuzeyinsesi.org\/#\/schema\/person\/9f859689cdf01485597712386e37f5aa"},"breadcrumb":{"@id":"https:\/\/kuzeyinsesi.org\/index.php\/2025\/01\/22\/kartalkayada-yanan-otelde-ekiplerin-calismalari-suruyor\/#breadcrumb"},"inLanguage":"tr","potentialAction":[{"@type":"ReadAction","target":["https:\/\/kuzeyinsesi.org\/index.php\/2025\/01\/22\/kartalkayada-yanan-otelde-ekiplerin-calismalari-suruyor\/"]}]},{"@type":"ImageObject","inLanguage":"tr","@id":"https:\/\/kuzeyinsesi.org\/index.php\/2025\/01\/22\/kartalkayada-yanan-otelde-ekiplerin-calismalari-suruyor\/#primaryimage","url":"https:\/\/kuzeyinsesi.org\/wp-content\/uploads\/2025\/01\/kartalkaya-otel-yangini-aa-2325140.jpg","contentUrl":"https:\/\/kuzeyinsesi.org\/wp-content\/uploads\/2025\/01\/kartalkaya-otel-yangini-aa-2325140.jpg","width":1280,"height":720},{"@type":"BreadcrumbList","@id":"https:\/\/kuzeyinsesi.org\/index.php\/2025\/01\/22\/kartalkayada-yanan-otelde-ekiplerin-calismalari-suruyor\/#breadcrumb","itemListElement":[{"@type":"ListItem","position":1,"name":"Anasayfa","item":"https:\/\/kuzeyinsesi.org\/"},{"@type":"ListItem","position":2,"name":"Kartalkaya\u2019da yanan otelde ekiplerin \u00e7al\u0131\u015fmalar\u0131 s\u00fcr\u00fcyor"}]},{"@type":"WebSite","@id":"https:\/\/kuzeyinsesi.org\/#website","url":"https:\/\/kuzeyinsesi.org\/","name":"Kuzeyin Sesi","description":"Do\u011fru Haberin Adresi","potentialAction":[{"@type":"SearchAction","target":{"@type":"EntryPoint","urlTemplate":"https:\/\/kuzeyinsesi.org\/?s={search_term_string}"},"query-input":{"@type":"PropertyValueSpecification","valueRequired":true,"valueName":"search_term_string"}}],"inLanguage":"tr"},{"@type":"Person","@id":"https:\/\/kuzeyinsesi.org\/#\/schema\/person\/9f859689cdf01485597712386e37f5aa","name":"Kuzeyin Sesi","image":{"@type":"ImageObject","inLanguage":"tr","@id":"https:\/\/secure.gravatar.com\/avatar\/bab33852abfd8b282518d6ed81826833d77c3c882d9ab608add591ccace47a44?s=96&d=mm&r=g","url":"https:\/\/secure.gravatar.com\/avatar\/bab33852abfd8b282518d6ed81826833d77c3c882d9ab608add591ccace47a44?s=96&d=mm&r=g","contentUrl":"https:\/\/secure.gravatar.com\/avatar\/bab33852abfd8b282518d6ed81826833d77c3c882d9ab608add591ccace47a44?s=96&d=mm&r=g","caption":"Kuzeyin Sesi"},"sameAs":["https:\/\/kuzeyinsesi.org"],"url":"https:\/\/kuzeyinsesi.org\/index.php\/author\/guven\/"}]}},"_links":{"self":[{"href":"https:\/\/kuzeyinsesi.org\/index.php\/wp-json\/wp\/v2\/posts\/17754","targetHints":{"allow":["GET"]}}],"collection":[{"href":"https:\/\/kuzeyinsesi.org\/index.php\/wp-json\/wp\/v2\/posts"}],"about":[{"href":"https:\/\/kuzeyinsesi.org\/index.php\/wp-json\/wp\/v2\/types\/post"}],"author":[{"embeddable":true,"href":"https:\/\/kuzeyinsesi.org\/index.php\/wp-json\/wp\/v2\/users\/1"}],"replies":[{"embeddable":true,"href":"https:\/\/kuzeyinsesi.org\/index.php\/wp-json\/wp\/v2\/comments?post=17754"}],"version-history":[{"count":0,"href":"https:\/\/kuzeyinsesi.org\/index.php\/wp-json\/wp\/v2\/posts\/17754\/revisions"}],"wp:featuredmedia":[{"embeddable":true,"href":"https:\/\/kuzeyinsesi.org\/index.php\/wp-json\/wp\/v2\/media\/17755"}],"wp:attachment":[{"href":"https:\/\/kuzeyinsesi.org\/index.php\/wp-json\/wp\/v2\/media?parent=17754"}],"wp:term":[{"taxonomy":"category","embeddable":true,"href":"https:\/\/kuzeyinsesi.org\/index.php\/wp-json\/wp\/v2\/categories?post=17754"},{"taxonomy":"post_tag","embeddable":true,"href":"https:\/\/kuzeyinsesi.org\/index.php\/wp-json\/wp\/v2\/tags?post=17754"}],"curies":[{"name":"wp","href":"https:\/\/api.w.org\/{rel}","templated":true}]}}