{"id":17726,"date":"2025-01-21T18:49:30","date_gmt":"2025-01-21T16:49:30","guid":{"rendered":"https:\/\/kuzeyinsesi.org\/index.php\/2025\/01\/21\/tc-cumhurbaskani-erdogan-kartalkayadaki-yangin-faciasi-nedeniyle-1-gunluk-milli-yas-ilan-edildigini-acikladi\/"},"modified":"2025-01-21T18:49:30","modified_gmt":"2025-01-21T16:49:30","slug":"tc-cumhurbaskani-erdogan-kartalkayadaki-yangin-faciasi-nedeniyle-1-gunluk-milli-yas-ilan-edildigini-acikladi","status":"publish","type":"post","link":"https:\/\/kuzeyinsesi.org\/index.php\/2025\/01\/21\/tc-cumhurbaskani-erdogan-kartalkayadaki-yangin-faciasi-nedeniyle-1-gunluk-milli-yas-ilan-edildigini-acikladi\/","title":{"rendered":"TC Cumhurba\u015fkan\u0131 Erdo\u011fan, Kartalkaya\u2019daki yang\u0131n facias\u0131 nedeniyle 1 g\u00fcnl\u00fck milli yas ilan edildi\u011fini a\u00e7\u0131klad\u0131"},"content":{"rendered":"<div>\n<div class=\"mariselle-image-container center\">\n                                            <\/div>\n<p>TC Cumhurba\u015fkan\u0131 Recep Tayyip Erdo\u011fan, Kartalkaya\u2019daki yang\u0131n facias\u0131 nedeniyle 1 g\u00fcnl\u00fck milli yas ilan edildi\u011fini a\u00e7\u0131klad\u0131. Cumhurba\u015fkan\u0131 Erdo\u011fan, \u201cB\u00f6yle bir facian\u0131n ya\u015fanmas\u0131na sebep olanlar, ihmali ve kusuru olanlar hukuk \u00f6n\u00fcnde bunun hesab\u0131n\u0131 vereceklerdir\u201d dedi.<\/p>\n<p>Cumhurba\u015fkanl\u0131\u011f\u0131 Kabinesi, Cumhurba\u015fkan\u0131 Recep Tayyip Erdo\u011fan ba\u015fkanl\u0131\u011f\u0131nda Cumhurba\u015fkanl\u0131\u011f\u0131 K\u00fclliyesi\u2019nde saat 16.30\u2019da  (TS\u0130) topland\u0131. Cumhurba\u015fkanl\u0131\u011f\u0131 K\u00fclliyesi\u2019ndeki toplant\u0131, yakla\u015f\u0131k 2 saat s\u00fcrd\u00fc.<\/p>\n<p>Cumhurba\u015fkan\u0131 Recep Tayyip Erdo\u011fan, Cumhurba\u015fkanl\u0131\u011f\u0131 K\u00fclliyesi\u2019nde Kabine Toplant\u0131s\u0131 sonras\u0131 a\u00e7\u0131klamalarda bulundu.<\/p>\n<p>Cumhurba\u015fkan\u0131 Erdo\u011fan\u2019\u0131n konu\u015fmas\u0131nda \u00f6ne \u00e7\u0131kan ba\u015fl\u0131klar \u015f\u00f6yle;<\/p>\n<p>\u201c(Kartalkaya\u2019daki yang\u0131n) B\u00f6yle bir facian\u0131n ya\u015fanmas\u0131na sebep olanlar, ihmali ve kusuru olanlar hukuk \u00f6n\u00fcnde bunun hesab\u0131n\u0131 verecektir.<\/p>\n<p>(Kartalkaya\u2019daki yang\u0131n) 22 Ocak 2025 \u00c7ar\u015famba g\u00fcn\u00fc yurdumuzda ve d\u0131\u015f temsilciliklerimizde g\u00fcne\u015fin bat\u0131\u015f\u0131na kadar bayraklar\u0131m\u0131z yar\u0131ya \u00e7ekilecektir.<\/p>\n<p>G\u00fcn siyaset yapma de\u011fil, dayan\u0131\u015fma, bir ve beraber olma g\u00fcn\u00fcd\u00fcr. Siyaset, medya, yerel y\u00f6neticiler dahil herkesten vatanda\u015f\u0131m\u0131z\u0131n ac\u0131s\u0131na h\u00fcrmet bekliyoruz.<\/p>\n<p>T\u00fcrkiye\u2019ye, okula, k\u00fct\u00fcphaneye, parka giden \u00e7ocuklara sahipsiz k\u00f6peklerin sald\u0131rd\u0131\u011f\u0131 bir \u00fclke utanc\u0131n\u0131 ya\u015fatmaya kimsenin hakk\u0131 yoktur.<\/p>\n<p>(Sahipsiz k\u00f6pekler) Farkl\u0131 bahaneler \u00f6ne s\u00fcrerek g\u00f6revini yapmayanlarla ilgili bundan sonra daha zorlay\u0131c\u0131 tedbirleri devreye alaca\u011f\u0131z.<\/p>\n<p>(Sahipsiz k\u00f6pekler) Tar\u0131m, \u0130\u00e7i\u015fleri ve \u00c7evre bakanl\u0131klar\u0131m\u0131z ba\u015fta olmak \u00fczere devletimizin ilgili t\u00fcm organlar\u0131 bu konunun \u00fczerine daha kararl\u0131 gidecektir.<\/p>\n<p>Suriye toparlan\u0131p g\u00fc\u00e7lendik\u00e7e, Esad\u2019\u0131n arkas\u0131nda b\u0131rakt\u0131\u011f\u0131 enkaz kald\u0131r\u0131ld\u0131k\u00e7a sadece Suriyeli karde\u015flerimiz de\u011fil, b\u00f6lgemizin tamam\u0131 kazan\u00e7l\u0131 \u00e7\u0131kacakt\u0131r.<\/p>\n<p>(Suriye) Toparlanma i\u00e7in \u015f\u00fcphesiz \u00f6nce Arap ve \u0130slam aleminin bu \u00fclkeye destek olmas\u0131 \u00f6nemli. Bat\u0131l\u0131 kurumlar\u0131n yapt\u0131r\u0131mlar\u0131 da bir an evvel kald\u0131r\u0131lmal\u0131.<\/p>\n<p>Gazzeli karde\u015flerimiz \u00e7ok a\u011f\u0131r bedeller \u00f6demi\u015f ama haydutlu\u011fa boyun e\u011fmemi\u015f, katliam politikas\u0131na teslim olmam\u0131\u015flard\u0131r.<\/p>\n<p>(Gazze) 100 bin tona ula\u015fan insani yard\u0131mlar\u0131m\u0131z\u0131 \u00f6zellikle Ramazan-\u0131 \u015eerif \u00f6ncesinde daha da art\u0131raca\u011f\u0131z.<\/p>\n<p>(\u0130srail-Hamas ate\u015fkesi) Esir ve tutuklu takas\u0131 g\u00f6r\u00fcnt\u00fcleri, kimin insan hayat\u0131na ve onuruna de\u011fer verdi\u011fini, kimin de bunlar\u0131 yok sayd\u0131\u011f\u0131n\u0131 g\u00f6stermektedir.\u201d<\/p>\n<\/p><\/div>\n<p><script async\n                    defer\n                    crossorigin=\"anonymous\"\n                    src=\"https:\/\/connect.facebook.net\/tr_TR\/sdk.js#xfbml=1&#038;version=v3.3\"\n            ><\/script><\/p>\n","protected":false},"excerpt":{"rendered":"<p>TC Cumhurba\u015fkan\u0131 Recep Tayyip Erdo\u011fan, Kartalkaya\u2019daki yang\u0131n facias\u0131 nedeniyle 1 g\u00fcnl\u00fck milli yas ilan edildi\u011fini a\u00e7\u0131klad\u0131. Cumhurba\u015fkan\u0131 Erdo\u011fan, \u201cB\u00f6yle bir facian\u0131n ya\u015fanmas\u0131na sebep olanlar, ihmali ve kusuru olanlar hukuk \u00f6n\u00fcnde bunun hesab\u0131n\u0131 vereceklerdir\u201d dedi. Cumhurba\u015fkanl\u0131\u011f\u0131 Kabinesi, Cumhurba\u015fkan\u0131 Recep Tayyip Erdo\u011fan ba\u015fkanl\u0131\u011f\u0131nda Cumhurba\u015fkanl\u0131\u011f\u0131 K\u00fclliyesi\u2019nde saat 16.30\u2019da (TS\u0130) topland\u0131. Cumhurba\u015fkanl\u0131\u011f\u0131 K\u00fclliyesi\u2019ndeki toplant\u0131, yakla\u015f\u0131k 2 saat s\u00fcrd\u00fc. Cumhurba\u015fkan\u0131 [&hellip;]<\/p>\n","protected":false},"author":1,"featured_media":17727,"comment_status":"open","ping_status":"open","sticky":false,"template":"","format":"standard","meta":{"jnews-multi-image_gallery":[],"jnews_single_post":[],"jnews_primary_category":[],"jnews_social_meta":[],"jnews_override_counter":[],"footnotes":""},"categories":[5],"tags":[],"class_list":["post-17726","post","type-post","status-publish","format-standard","has-post-thumbnail","hentry","category-turkiye"],"yoast_head":"<!-- This site is optimized with the Yoast SEO plugin v27.5 - https:\/\/yoast.com\/product\/yoast-seo-wordpress\/ -->\n<title>TC Cumhurba\u015fkan\u0131 Erdo\u011fan, Kartalkaya\u2019daki yang\u0131n facias\u0131 nedeniyle 1 g\u00fcnl\u00fck milli yas ilan edildi\u011fini a\u00e7\u0131klad\u0131 - Kuzeyin Sesi<\/title>\n<meta name=\"robots\" content=\"index, follow, max-snippet:-1, max-image-preview:large, max-video-preview:-1\" \/>\n<link rel=\"canonical\" href=\"https:\/\/kuzeyinsesi.org\/index.php\/2025\/01\/21\/tc-cumhurbaskani-erdogan-kartalkayadaki-yangin-faciasi-nedeniyle-1-gunluk-milli-yas-ilan-edildigini-acikladi\/\" \/>\n<meta property=\"og:locale\" content=\"tr_TR\" \/>\n<meta property=\"og:type\" content=\"article\" \/>\n<meta property=\"og:title\" content=\"TC Cumhurba\u015fkan\u0131 Erdo\u011fan, Kartalkaya\u2019daki yang\u0131n facias\u0131 nedeniyle 1 g\u00fcnl\u00fck milli yas ilan edildi\u011fini a\u00e7\u0131klad\u0131 - Kuzeyin Sesi\" \/>\n<meta property=\"og:description\" content=\"TC Cumhurba\u015fkan\u0131 Recep Tayyip Erdo\u011fan, Kartalkaya\u2019daki yang\u0131n facias\u0131 nedeniyle 1 g\u00fcnl\u00fck milli yas ilan edildi\u011fini a\u00e7\u0131klad\u0131. Cumhurba\u015fkan\u0131 Erdo\u011fan, \u201cB\u00f6yle bir facian\u0131n ya\u015fanmas\u0131na sebep olanlar, ihmali ve kusuru olanlar hukuk \u00f6n\u00fcnde bunun hesab\u0131n\u0131 vereceklerdir\u201d dedi. Cumhurba\u015fkanl\u0131\u011f\u0131 Kabinesi, Cumhurba\u015fkan\u0131 Recep Tayyip Erdo\u011fan ba\u015fkanl\u0131\u011f\u0131nda Cumhurba\u015fkanl\u0131\u011f\u0131 K\u00fclliyesi\u2019nde saat 16.30\u2019da (TS\u0130) topland\u0131. Cumhurba\u015fkanl\u0131\u011f\u0131 K\u00fclliyesi\u2019ndeki toplant\u0131, yakla\u015f\u0131k 2 saat s\u00fcrd\u00fc. Cumhurba\u015fkan\u0131 [&hellip;]\" \/>\n<meta property=\"og:url\" content=\"https:\/\/kuzeyinsesi.org\/index.php\/2025\/01\/21\/tc-cumhurbaskani-erdogan-kartalkayadaki-yangin-faciasi-nedeniyle-1-gunluk-milli-yas-ilan-edildigini-acikladi\/\" \/>\n<meta property=\"og:site_name\" content=\"Kuzeyin Sesi\" \/>\n<meta property=\"article:publisher\" content=\"https:\/\/www.facebook.com\/kuzeyinsesii\" \/>\n<meta property=\"article:published_time\" content=\"2025-01-21T16:49:30+00:00\" \/>\n<meta property=\"og:image\" content=\"https:\/\/brtk.net\/wp-content\/uploads\/2025\/01\/21\/kapak-kopya-xtux_cover.webp?ver=fdbc3a554014191e5408a5e0f882d687\" \/>\n<meta name=\"author\" content=\"Kuzeyin Sesi\" \/>\n<meta name=\"twitter:card\" content=\"summary_large_image\" \/>\n<meta name=\"twitter:creator\" content=\"@kuzeyinsesii\" \/>\n<meta name=\"twitter:site\" content=\"@kuzeyinsesii\" \/>\n<meta name=\"twitter:label1\" content=\"Yazan:\" \/>\n\t<meta name=\"twitter:data1\" content=\"Kuzeyin Sesi\" \/>\n\t<meta name=\"twitter:label2\" content=\"Tahmini okuma s\u00fcresi\" \/>\n\t<meta name=\"twitter:data2\" content=\"2 dakika\" \/>\n<script type=\"application\/ld+json\" class=\"yoast-schema-graph\">{\"@context\":\"https:\\\/\\\/schema.org\",\"@graph\":[{\"@type\":\"Article\",\"@id\":\"https:\\\/\\\/kuzeyinsesi.org\\\/index.php\\\/2025\\\/01\\\/21\\\/tc-cumhurbaskani-erdogan-kartalkayadaki-yangin-faciasi-nedeniyle-1-gunluk-milli-yas-ilan-edildigini-acikladi\\\/#article\",\"isPartOf\":{\"@id\":\"https:\\\/\\\/kuzeyinsesi.org\\\/index.php\\\/2025\\\/01\\\/21\\\/tc-cumhurbaskani-erdogan-kartalkayadaki-yangin-faciasi-nedeniyle-1-gunluk-milli-yas-ilan-edildigini-acikladi\\\/\"},\"author\":{\"name\":\"Kuzeyin Sesi\",\"@id\":\"https:\\\/\\\/kuzeyinsesi.org\\\/#\\\/schema\\\/person\\\/9f859689cdf01485597712386e37f5aa\"},\"headline\":\"TC Cumhurba\u015fkan\u0131 Erdo\u011fan, Kartalkaya\u2019daki yang\u0131n facias\u0131 nedeniyle 1 g\u00fcnl\u00fck milli yas ilan edildi\u011fini a\u00e7\u0131klad\u0131\",\"datePublished\":\"2025-01-21T16:49:30+00:00\",\"mainEntityOfPage\":{\"@id\":\"https:\\\/\\\/kuzeyinsesi.org\\\/index.php\\\/2025\\\/01\\\/21\\\/tc-cumhurbaskani-erdogan-kartalkayadaki-yangin-faciasi-nedeniyle-1-gunluk-milli-yas-ilan-edildigini-acikladi\\\/\"},\"wordCount\":419,\"commentCount\":0,\"image\":{\"@id\":\"https:\\\/\\\/kuzeyinsesi.org\\\/index.php\\\/2025\\\/01\\\/21\\\/tc-cumhurbaskani-erdogan-kartalkayadaki-yangin-faciasi-nedeniyle-1-gunluk-milli-yas-ilan-edildigini-acikladi\\\/#primaryimage\"},\"thumbnailUrl\":\"https:\\\/\\\/kuzeyinsesi.org\\\/wp-content\\\/uploads\\\/2025\\\/01\\\/kapak-kopya-xtux_cover.webp.webp\",\"articleSection\":[\"T\u00fcrkiye\"],\"inLanguage\":\"tr\",\"potentialAction\":[{\"@type\":\"CommentAction\",\"name\":\"Comment\",\"target\":[\"https:\\\/\\\/kuzeyinsesi.org\\\/index.php\\\/2025\\\/01\\\/21\\\/tc-cumhurbaskani-erdogan-kartalkayadaki-yangin-faciasi-nedeniyle-1-gunluk-milli-yas-ilan-edildigini-acikladi\\\/#respond\"]}]},{\"@type\":\"WebPage\",\"@id\":\"https:\\\/\\\/kuzeyinsesi.org\\\/index.php\\\/2025\\\/01\\\/21\\\/tc-cumhurbaskani-erdogan-kartalkayadaki-yangin-faciasi-nedeniyle-1-gunluk-milli-yas-ilan-edildigini-acikladi\\\/\",\"url\":\"https:\\\/\\\/kuzeyinsesi.org\\\/index.php\\\/2025\\\/01\\\/21\\\/tc-cumhurbaskani-erdogan-kartalkayadaki-yangin-faciasi-nedeniyle-1-gunluk-milli-yas-ilan-edildigini-acikladi\\\/\",\"name\":\"TC Cumhurba\u015fkan\u0131 Erdo\u011fan, Kartalkaya\u2019daki yang\u0131n facias\u0131 nedeniyle 1 g\u00fcnl\u00fck milli yas ilan edildi\u011fini a\u00e7\u0131klad\u0131 - Kuzeyin Sesi\",\"isPartOf\":{\"@id\":\"https:\\\/\\\/kuzeyinsesi.org\\\/#website\"},\"primaryImageOfPage\":{\"@id\":\"https:\\\/\\\/kuzeyinsesi.org\\\/index.php\\\/2025\\\/01\\\/21\\\/tc-cumhurbaskani-erdogan-kartalkayadaki-yangin-faciasi-nedeniyle-1-gunluk-milli-yas-ilan-edildigini-acikladi\\\/#primaryimage\"},\"image\":{\"@id\":\"https:\\\/\\\/kuzeyinsesi.org\\\/index.php\\\/2025\\\/01\\\/21\\\/tc-cumhurbaskani-erdogan-kartalkayadaki-yangin-faciasi-nedeniyle-1-gunluk-milli-yas-ilan-edildigini-acikladi\\\/#primaryimage\"},\"thumbnailUrl\":\"https:\\\/\\\/kuzeyinsesi.org\\\/wp-content\\\/uploads\\\/2025\\\/01\\\/kapak-kopya-xtux_cover.webp.webp\",\"datePublished\":\"2025-01-21T16:49:30+00:00\",\"author\":{\"@id\":\"https:\\\/\\\/kuzeyinsesi.org\\\/#\\\/schema\\\/person\\\/9f859689cdf01485597712386e37f5aa\"},\"breadcrumb\":{\"@id\":\"https:\\\/\\\/kuzeyinsesi.org\\\/index.php\\\/2025\\\/01\\\/21\\\/tc-cumhurbaskani-erdogan-kartalkayadaki-yangin-faciasi-nedeniyle-1-gunluk-milli-yas-ilan-edildigini-acikladi\\\/#breadcrumb\"},\"inLanguage\":\"tr\",\"potentialAction\":[{\"@type\":\"ReadAction\",\"target\":[\"https:\\\/\\\/kuzeyinsesi.org\\\/index.php\\\/2025\\\/01\\\/21\\\/tc-cumhurbaskani-erdogan-kartalkayadaki-yangin-faciasi-nedeniyle-1-gunluk-milli-yas-ilan-edildigini-acikladi\\\/\"]}]},{\"@type\":\"ImageObject\",\"inLanguage\":\"tr\",\"@id\":\"https:\\\/\\\/kuzeyinsesi.org\\\/index.php\\\/2025\\\/01\\\/21\\\/tc-cumhurbaskani-erdogan-kartalkayadaki-yangin-faciasi-nedeniyle-1-gunluk-milli-yas-ilan-edildigini-acikladi\\\/#primaryimage\",\"url\":\"https:\\\/\\\/kuzeyinsesi.org\\\/wp-content\\\/uploads\\\/2025\\\/01\\\/kapak-kopya-xtux_cover.webp.webp\",\"contentUrl\":\"https:\\\/\\\/kuzeyinsesi.org\\\/wp-content\\\/uploads\\\/2025\\\/01\\\/kapak-kopya-xtux_cover.webp.webp\",\"width\":850,\"height\":478},{\"@type\":\"BreadcrumbList\",\"@id\":\"https:\\\/\\\/kuzeyinsesi.org\\\/index.php\\\/2025\\\/01\\\/21\\\/tc-cumhurbaskani-erdogan-kartalkayadaki-yangin-faciasi-nedeniyle-1-gunluk-milli-yas-ilan-edildigini-acikladi\\\/#breadcrumb\",\"itemListElement\":[{\"@type\":\"ListItem\",\"position\":1,\"name\":\"Anasayfa\",\"item\":\"https:\\\/\\\/kuzeyinsesi.org\\\/\"},{\"@type\":\"ListItem\",\"position\":2,\"name\":\"TC Cumhurba\u015fkan\u0131 Erdo\u011fan, Kartalkaya\u2019daki yang\u0131n facias\u0131 nedeniyle 1 g\u00fcnl\u00fck milli yas ilan edildi\u011fini a\u00e7\u0131klad\u0131\"}]},{\"@type\":\"WebSite\",\"@id\":\"https:\\\/\\\/kuzeyinsesi.org\\\/#website\",\"url\":\"https:\\\/\\\/kuzeyinsesi.org\\\/\",\"name\":\"Kuzeyin Sesi\",\"description\":\"Do\u011fru Haberin Adresi\",\"potentialAction\":[{\"@type\":\"SearchAction\",\"target\":{\"@type\":\"EntryPoint\",\"urlTemplate\":\"https:\\\/\\\/kuzeyinsesi.org\\\/?s={search_term_string}\"},\"query-input\":{\"@type\":\"PropertyValueSpecification\",\"valueRequired\":true,\"valueName\":\"search_term_string\"}}],\"inLanguage\":\"tr\"},{\"@type\":\"Person\",\"@id\":\"https:\\\/\\\/kuzeyinsesi.org\\\/#\\\/schema\\\/person\\\/9f859689cdf01485597712386e37f5aa\",\"name\":\"Kuzeyin Sesi\",\"image\":{\"@type\":\"ImageObject\",\"inLanguage\":\"tr\",\"@id\":\"https:\\\/\\\/secure.gravatar.com\\\/avatar\\\/bab33852abfd8b282518d6ed81826833d77c3c882d9ab608add591ccace47a44?s=96&d=mm&r=g\",\"url\":\"https:\\\/\\\/secure.gravatar.com\\\/avatar\\\/bab33852abfd8b282518d6ed81826833d77c3c882d9ab608add591ccace47a44?s=96&d=mm&r=g\",\"contentUrl\":\"https:\\\/\\\/secure.gravatar.com\\\/avatar\\\/bab33852abfd8b282518d6ed81826833d77c3c882d9ab608add591ccace47a44?s=96&d=mm&r=g\",\"caption\":\"Kuzeyin Sesi\"},\"sameAs\":[\"https:\\\/\\\/kuzeyinsesi.org\"],\"url\":\"https:\\\/\\\/kuzeyinsesi.org\\\/index.php\\\/author\\\/guven\\\/\"}]}<\/script>\n<!-- \/ Yoast SEO plugin. -->","yoast_head_json":{"title":"TC Cumhurba\u015fkan\u0131 Erdo\u011fan, Kartalkaya\u2019daki yang\u0131n facias\u0131 nedeniyle 1 g\u00fcnl\u00fck milli yas ilan edildi\u011fini a\u00e7\u0131klad\u0131 - Kuzeyin Sesi","robots":{"index":"index","follow":"follow","max-snippet":"max-snippet:-1","max-image-preview":"max-image-preview:large","max-video-preview":"max-video-preview:-1"},"canonical":"https:\/\/kuzeyinsesi.org\/index.php\/2025\/01\/21\/tc-cumhurbaskani-erdogan-kartalkayadaki-yangin-faciasi-nedeniyle-1-gunluk-milli-yas-ilan-edildigini-acikladi\/","og_locale":"tr_TR","og_type":"article","og_title":"TC Cumhurba\u015fkan\u0131 Erdo\u011fan, Kartalkaya\u2019daki yang\u0131n facias\u0131 nedeniyle 1 g\u00fcnl\u00fck milli yas ilan edildi\u011fini a\u00e7\u0131klad\u0131 - Kuzeyin Sesi","og_description":"TC Cumhurba\u015fkan\u0131 Recep Tayyip Erdo\u011fan, Kartalkaya\u2019daki yang\u0131n facias\u0131 nedeniyle 1 g\u00fcnl\u00fck milli yas ilan edildi\u011fini a\u00e7\u0131klad\u0131. Cumhurba\u015fkan\u0131 Erdo\u011fan, \u201cB\u00f6yle bir facian\u0131n ya\u015fanmas\u0131na sebep olanlar, ihmali ve kusuru olanlar hukuk \u00f6n\u00fcnde bunun hesab\u0131n\u0131 vereceklerdir\u201d dedi. Cumhurba\u015fkanl\u0131\u011f\u0131 Kabinesi, Cumhurba\u015fkan\u0131 Recep Tayyip Erdo\u011fan ba\u015fkanl\u0131\u011f\u0131nda Cumhurba\u015fkanl\u0131\u011f\u0131 K\u00fclliyesi\u2019nde saat 16.30\u2019da (TS\u0130) topland\u0131. Cumhurba\u015fkanl\u0131\u011f\u0131 K\u00fclliyesi\u2019ndeki toplant\u0131, yakla\u015f\u0131k 2 saat s\u00fcrd\u00fc. Cumhurba\u015fkan\u0131 [&hellip;]","og_url":"https:\/\/kuzeyinsesi.org\/index.php\/2025\/01\/21\/tc-cumhurbaskani-erdogan-kartalkayadaki-yangin-faciasi-nedeniyle-1-gunluk-milli-yas-ilan-edildigini-acikladi\/","og_site_name":"Kuzeyin Sesi","article_publisher":"https:\/\/www.facebook.com\/kuzeyinsesii","article_published_time":"2025-01-21T16:49:30+00:00","og_image":[{"url":"https:\/\/brtk.net\/wp-content\/uploads\/2025\/01\/21\/kapak-kopya-xtux_cover.webp?ver=fdbc3a554014191e5408a5e0f882d687","type":"","width":"","height":""}],"author":"Kuzeyin Sesi","twitter_card":"summary_large_image","twitter_creator":"@kuzeyinsesii","twitter_site":"@kuzeyinsesii","twitter_misc":{"Yazan:":"Kuzeyin Sesi","Tahmini okuma s\u00fcresi":"2 dakika"},"schema":{"@context":"https:\/\/schema.org","@graph":[{"@type":"Article","@id":"https:\/\/kuzeyinsesi.org\/index.php\/2025\/01\/21\/tc-cumhurbaskani-erdogan-kartalkayadaki-yangin-faciasi-nedeniyle-1-gunluk-milli-yas-ilan-edildigini-acikladi\/#article","isPartOf":{"@id":"https:\/\/kuzeyinsesi.org\/index.php\/2025\/01\/21\/tc-cumhurbaskani-erdogan-kartalkayadaki-yangin-faciasi-nedeniyle-1-gunluk-milli-yas-ilan-edildigini-acikladi\/"},"author":{"name":"Kuzeyin Sesi","@id":"https:\/\/kuzeyinsesi.org\/#\/schema\/person\/9f859689cdf01485597712386e37f5aa"},"headline":"TC Cumhurba\u015fkan\u0131 Erdo\u011fan, Kartalkaya\u2019daki yang\u0131n facias\u0131 nedeniyle 1 g\u00fcnl\u00fck milli yas ilan edildi\u011fini a\u00e7\u0131klad\u0131","datePublished":"2025-01-21T16:49:30+00:00","mainEntityOfPage":{"@id":"https:\/\/kuzeyinsesi.org\/index.php\/2025\/01\/21\/tc-cumhurbaskani-erdogan-kartalkayadaki-yangin-faciasi-nedeniyle-1-gunluk-milli-yas-ilan-edildigini-acikladi\/"},"wordCount":419,"commentCount":0,"image":{"@id":"https:\/\/kuzeyinsesi.org\/index.php\/2025\/01\/21\/tc-cumhurbaskani-erdogan-kartalkayadaki-yangin-faciasi-nedeniyle-1-gunluk-milli-yas-ilan-edildigini-acikladi\/#primaryimage"},"thumbnailUrl":"https:\/\/kuzeyinsesi.org\/wp-content\/uploads\/2025\/01\/kapak-kopya-xtux_cover.webp.webp","articleSection":["T\u00fcrkiye"],"inLanguage":"tr","potentialAction":[{"@type":"CommentAction","name":"Comment","target":["https:\/\/kuzeyinsesi.org\/index.php\/2025\/01\/21\/tc-cumhurbaskani-erdogan-kartalkayadaki-yangin-faciasi-nedeniyle-1-gunluk-milli-yas-ilan-edildigini-acikladi\/#respond"]}]},{"@type":"WebPage","@id":"https:\/\/kuzeyinsesi.org\/index.php\/2025\/01\/21\/tc-cumhurbaskani-erdogan-kartalkayadaki-yangin-faciasi-nedeniyle-1-gunluk-milli-yas-ilan-edildigini-acikladi\/","url":"https:\/\/kuzeyinsesi.org\/index.php\/2025\/01\/21\/tc-cumhurbaskani-erdogan-kartalkayadaki-yangin-faciasi-nedeniyle-1-gunluk-milli-yas-ilan-edildigini-acikladi\/","name":"TC Cumhurba\u015fkan\u0131 Erdo\u011fan, Kartalkaya\u2019daki yang\u0131n facias\u0131 nedeniyle 1 g\u00fcnl\u00fck milli yas ilan edildi\u011fini a\u00e7\u0131klad\u0131 - Kuzeyin Sesi","isPartOf":{"@id":"https:\/\/kuzeyinsesi.org\/#website"},"primaryImageOfPage":{"@id":"https:\/\/kuzeyinsesi.org\/index.php\/2025\/01\/21\/tc-cumhurbaskani-erdogan-kartalkayadaki-yangin-faciasi-nedeniyle-1-gunluk-milli-yas-ilan-edildigini-acikladi\/#primaryimage"},"image":{"@id":"https:\/\/kuzeyinsesi.org\/index.php\/2025\/01\/21\/tc-cumhurbaskani-erdogan-kartalkayadaki-yangin-faciasi-nedeniyle-1-gunluk-milli-yas-ilan-edildigini-acikladi\/#primaryimage"},"thumbnailUrl":"https:\/\/kuzeyinsesi.org\/wp-content\/uploads\/2025\/01\/kapak-kopya-xtux_cover.webp.webp","datePublished":"2025-01-21T16:49:30+00:00","author":{"@id":"https:\/\/kuzeyinsesi.org\/#\/schema\/person\/9f859689cdf01485597712386e37f5aa"},"breadcrumb":{"@id":"https:\/\/kuzeyinsesi.org\/index.php\/2025\/01\/21\/tc-cumhurbaskani-erdogan-kartalkayadaki-yangin-faciasi-nedeniyle-1-gunluk-milli-yas-ilan-edildigini-acikladi\/#breadcrumb"},"inLanguage":"tr","potentialAction":[{"@type":"ReadAction","target":["https:\/\/kuzeyinsesi.org\/index.php\/2025\/01\/21\/tc-cumhurbaskani-erdogan-kartalkayadaki-yangin-faciasi-nedeniyle-1-gunluk-milli-yas-ilan-edildigini-acikladi\/"]}]},{"@type":"ImageObject","inLanguage":"tr","@id":"https:\/\/kuzeyinsesi.org\/index.php\/2025\/01\/21\/tc-cumhurbaskani-erdogan-kartalkayadaki-yangin-faciasi-nedeniyle-1-gunluk-milli-yas-ilan-edildigini-acikladi\/#primaryimage","url":"https:\/\/kuzeyinsesi.org\/wp-content\/uploads\/2025\/01\/kapak-kopya-xtux_cover.webp.webp","contentUrl":"https:\/\/kuzeyinsesi.org\/wp-content\/uploads\/2025\/01\/kapak-kopya-xtux_cover.webp.webp","width":850,"height":478},{"@type":"BreadcrumbList","@id":"https:\/\/kuzeyinsesi.org\/index.php\/2025\/01\/21\/tc-cumhurbaskani-erdogan-kartalkayadaki-yangin-faciasi-nedeniyle-1-gunluk-milli-yas-ilan-edildigini-acikladi\/#breadcrumb","itemListElement":[{"@type":"ListItem","position":1,"name":"Anasayfa","item":"https:\/\/kuzeyinsesi.org\/"},{"@type":"ListItem","position":2,"name":"TC Cumhurba\u015fkan\u0131 Erdo\u011fan, Kartalkaya\u2019daki yang\u0131n facias\u0131 nedeniyle 1 g\u00fcnl\u00fck milli yas ilan edildi\u011fini a\u00e7\u0131klad\u0131"}]},{"@type":"WebSite","@id":"https:\/\/kuzeyinsesi.org\/#website","url":"https:\/\/kuzeyinsesi.org\/","name":"Kuzeyin Sesi","description":"Do\u011fru Haberin Adresi","potentialAction":[{"@type":"SearchAction","target":{"@type":"EntryPoint","urlTemplate":"https:\/\/kuzeyinsesi.org\/?s={search_term_string}"},"query-input":{"@type":"PropertyValueSpecification","valueRequired":true,"valueName":"search_term_string"}}],"inLanguage":"tr"},{"@type":"Person","@id":"https:\/\/kuzeyinsesi.org\/#\/schema\/person\/9f859689cdf01485597712386e37f5aa","name":"Kuzeyin Sesi","image":{"@type":"ImageObject","inLanguage":"tr","@id":"https:\/\/secure.gravatar.com\/avatar\/bab33852abfd8b282518d6ed81826833d77c3c882d9ab608add591ccace47a44?s=96&d=mm&r=g","url":"https:\/\/secure.gravatar.com\/avatar\/bab33852abfd8b282518d6ed81826833d77c3c882d9ab608add591ccace47a44?s=96&d=mm&r=g","contentUrl":"https:\/\/secure.gravatar.com\/avatar\/bab33852abfd8b282518d6ed81826833d77c3c882d9ab608add591ccace47a44?s=96&d=mm&r=g","caption":"Kuzeyin Sesi"},"sameAs":["https:\/\/kuzeyinsesi.org"],"url":"https:\/\/kuzeyinsesi.org\/index.php\/author\/guven\/"}]}},"_links":{"self":[{"href":"https:\/\/kuzeyinsesi.org\/index.php\/wp-json\/wp\/v2\/posts\/17726","targetHints":{"allow":["GET"]}}],"collection":[{"href":"https:\/\/kuzeyinsesi.org\/index.php\/wp-json\/wp\/v2\/posts"}],"about":[{"href":"https:\/\/kuzeyinsesi.org\/index.php\/wp-json\/wp\/v2\/types\/post"}],"author":[{"embeddable":true,"href":"https:\/\/kuzeyinsesi.org\/index.php\/wp-json\/wp\/v2\/users\/1"}],"replies":[{"embeddable":true,"href":"https:\/\/kuzeyinsesi.org\/index.php\/wp-json\/wp\/v2\/comments?post=17726"}],"version-history":[{"count":0,"href":"https:\/\/kuzeyinsesi.org\/index.php\/wp-json\/wp\/v2\/posts\/17726\/revisions"}],"wp:featuredmedia":[{"embeddable":true,"href":"https:\/\/kuzeyinsesi.org\/index.php\/wp-json\/wp\/v2\/media\/17727"}],"wp:attachment":[{"href":"https:\/\/kuzeyinsesi.org\/index.php\/wp-json\/wp\/v2\/media?parent=17726"}],"wp:term":[{"taxonomy":"category","embeddable":true,"href":"https:\/\/kuzeyinsesi.org\/index.php\/wp-json\/wp\/v2\/categories?post=17726"},{"taxonomy":"post_tag","embeddable":true,"href":"https:\/\/kuzeyinsesi.org\/index.php\/wp-json\/wp\/v2\/tags?post=17726"}],"curies":[{"name":"wp","href":"https:\/\/api.w.org\/{rel}","templated":true}]}}