{"id":17699,"date":"2025-01-21T15:16:10","date_gmt":"2025-01-21T13:16:10","guid":{"rendered":"https:\/\/kuzeyinsesi.org\/index.php\/2025\/01\/21\/boluda-otel-yangini-can-kaybi-66ya-yukseldi-51-yarali-var\/"},"modified":"2025-01-21T15:16:10","modified_gmt":"2025-01-21T13:16:10","slug":"boluda-otel-yangini-can-kaybi-66ya-yukseldi-51-yarali-var","status":"publish","type":"post","link":"https:\/\/kuzeyinsesi.org\/index.php\/2025\/01\/21\/boluda-otel-yangini-can-kaybi-66ya-yukseldi-51-yarali-var\/","title":{"rendered":"Bolu\u2019da otel yang\u0131n\u0131: Can kayb\u0131 66\u2019ya y\u00fckseldi, 51 yaral\u0131 var"},"content":{"rendered":"<div>\n<div class=\"mariselle-image-container center\">\n                                            <\/div>\n<p>TC \u0130\u00e7i\u015fleri Bakan\u0131 Ali Yerlikaya, yang\u0131nla ilgili yapt\u0131\u011f\u0131 a\u00e7\u0131klamada 66 ki\u015finin hayat\u0131n\u0131 kaybetti\u011fini 51 ki\u015finin de yaraland\u0131\u011f\u0131n\u0131 a\u00e7\u0131klad\u0131.<\/p>\n<p>Yerlikaya, TC  K\u00fclt\u00fcr ve Turizm Bakan\u0131 Mehmet Nuri Ersoy, TC \u00c7al\u0131\u015fma ve Sosyal G\u00fcvenlik Bakan\u0131 Vedat I\u015f\u0131khan, Sa\u011fl\u0131k Bakan\u0131 Kemal Memi\u015fo\u011flu ile Sanayi ve Teknoloji Bakan\u0131 Mehmet Fatih Kac\u0131r, Bolu Kartalkaya\u2019da otelde \u00e7\u0131kan yang\u0131n sonras\u0131nda incelemelerde bulundu.<\/p>\n<p>\u0130ncelemelerin ard\u0131ndan a\u00e7\u0131klamada bulunan \u0130\u00e7i\u015fleri Bakan\u0131 Ali Yerlikaya, hayat\u0131n\u0131 kaybedenlerin say\u0131s\u0131n\u0131n 66\u2019ya, yaral\u0131 say\u0131s\u0131n\u0131n ise 51\u2019e y\u00fckseldi\u011fini s\u00f6yledi.<\/p>\n<p>\u201cAdli soru\u015fturma ba\u015flat\u0131ld\u0131\u201d<br \/>Yerlikaya, \u201cDe\u011ferli arkada\u015flar, millet\u00e7e b\u00fcy\u00fck bir ac\u0131 i\u00e7erisindeyiz. Meydana gelen yang\u0131nda malesef 66 can\u0131m\u0131z\u0131 yitirdik, 51 yaral\u0131m\u0131z var. Otelin arka taraf\u0131n\u0131n yama\u00e7 olmas\u0131 nedeniyle m\u00fcdahale \u00f6n ve yan cepheden ger\u00e7ekle\u015ftirildi. Adli soru\u015fturma ba\u015flat\u0131ld\u0131\u201d ifadelerini kulland\u0131.<\/p>\n<p>\u201cYaral\u0131lar\u0131n tedavileri devam ediyor\u201d<br \/>Bakan Yerlikaya\u2019n\u0131n ard\u0131ndan yaral\u0131lar\u0131n durumuna ili\u015fkin a\u00e7\u0131klamalarda bulunan Sa\u011fl\u0131k Bakan\u0131 Kemal Memi\u015fo\u011flu, \u201c66 vatanda\u015f\u0131m\u0131z\u0131n hayat\u0131n\u0131 kaybetti\u011fi yang\u0131nda 51 yaral\u0131m\u0131z var, bunlardan bir tanesinin durumu a\u011f\u0131r. Di\u011ferlerinin tedavisi devam ediyor, durumlar\u0131 iyi. 17 yaral\u0131m\u0131z\u0131 taburcu ettik. \u00dcz\u00fcnt\u00fcl\u00fcy\u00fcz, ba\u015f\u0131m\u0131z sa\u011f olsun\u201d dedi.<\/p>\n<p>\u201cKartalkaya\u2019daki otelde 2 adet yang\u0131n merdiveni var\u201d<br \/>K\u00fclt\u00fcr ve Turizm Bakan\u0131 Mehmet Nuri Ersoy, \u201cOtelin 2021 ve 2024 y\u0131llar\u0131nda t\u00fcr ve s\u0131n\u0131fland\u0131rma denetimleri yap\u0131lm\u0131\u015f, bu denetimler s\u0131ras\u0131nda i\u015fyeri a\u00e7ma \u00e7al\u0131\u015fma ruhsatlar\u0131 ve yang\u0131n yeterlilik ruhsatlar\u0131 talep edilmi\u015f. Otelin itfaiye taraf\u0131ndan verilmi\u015f yang\u0131n yeterlilik belgesi mevcut. Bug\u00fcne kadar itfaiye taraf\u0131ndan taraf\u0131m\u0131za bildirilmi\u015f olumsuz bir durum bulunmam\u0131\u015f. \u0130ki tane yang\u0131n merdiveni var.<\/p>\n<p>Soru\u015fturma s\u00fcreci devam ediyor. Hepimizin ba\u015f\u0131 sa\u011f olsun, yak\u0131nlar\u0131n\u0131 kaybedenlere sab\u0131rlar diliyorum\u201d dedi.<\/p>\n<p>\u201c4 Ba\u015fm\u00fcfetti\u015fimizi g\u00f6revlendirdik\u201d<br \/>TC \u00c7al\u0131\u015fma ve Sosyal G\u00fcvenlik Bakan\u0131 Vedat I\u015f\u0131khan da \u201c\u0130\u015f sa\u011fl\u0131\u011f\u0131 g\u00fcvenli\u011fi olarak, Bakanl\u0131k olarak buraday\u0131z. 4 ba\u015fm\u00fcfetti\u015fimizi g\u00f6revlendirdik. Aziz milletimizin ba\u015f\u0131 sa\u011f olsun\u201d \u015feklinde konu\u015ftu.<\/p>\n<\/p><\/div>\n<p><script async\n                    defer\n                    crossorigin=\"anonymous\"\n                    src=\"https:\/\/connect.facebook.net\/tr_TR\/sdk.js#xfbml=1&#038;version=v3.3\"\n            ><\/script><\/p>\n","protected":false},"excerpt":{"rendered":"<p>TC \u0130\u00e7i\u015fleri Bakan\u0131 Ali Yerlikaya, yang\u0131nla ilgili yapt\u0131\u011f\u0131 a\u00e7\u0131klamada 66 ki\u015finin hayat\u0131n\u0131 kaybetti\u011fini 51 ki\u015finin de yaraland\u0131\u011f\u0131n\u0131 a\u00e7\u0131klad\u0131. Yerlikaya, TC K\u00fclt\u00fcr ve Turizm Bakan\u0131 Mehmet Nuri Ersoy, TC \u00c7al\u0131\u015fma ve Sosyal G\u00fcvenlik Bakan\u0131 Vedat I\u015f\u0131khan, Sa\u011fl\u0131k Bakan\u0131 Kemal Memi\u015fo\u011flu ile Sanayi ve Teknoloji Bakan\u0131 Mehmet Fatih Kac\u0131r, Bolu Kartalkaya\u2019da otelde \u00e7\u0131kan yang\u0131n sonras\u0131nda incelemelerde bulundu. [&hellip;]<\/p>\n","protected":false},"author":1,"featured_media":17700,"comment_status":"open","ping_status":"open","sticky":false,"template":"","format":"standard","meta":{"jnews-multi-image_gallery":[],"jnews_single_post":[],"jnews_primary_category":[],"jnews_social_meta":[],"jnews_override_counter":[],"footnotes":""},"categories":[5],"tags":[],"class_list":["post-17699","post","type-post","status-publish","format-standard","has-post-thumbnail","hentry","category-turkiye"],"yoast_head":"<!-- This site is optimized with the Yoast SEO plugin v27.5 - https:\/\/yoast.com\/product\/yoast-seo-wordpress\/ -->\n<title>Bolu\u2019da otel yang\u0131n\u0131: Can kayb\u0131 66\u2019ya y\u00fckseldi, 51 yaral\u0131 var - Kuzeyin Sesi<\/title>\n<meta name=\"robots\" content=\"index, follow, max-snippet:-1, max-image-preview:large, max-video-preview:-1\" \/>\n<link rel=\"canonical\" href=\"https:\/\/kuzeyinsesi.org\/index.php\/2025\/01\/21\/boluda-otel-yangini-can-kaybi-66ya-yukseldi-51-yarali-var\/\" \/>\n<meta property=\"og:locale\" content=\"tr_TR\" \/>\n<meta property=\"og:type\" content=\"article\" \/>\n<meta property=\"og:title\" content=\"Bolu\u2019da otel yang\u0131n\u0131: Can kayb\u0131 66\u2019ya y\u00fckseldi, 51 yaral\u0131 var - Kuzeyin Sesi\" \/>\n<meta property=\"og:description\" content=\"TC \u0130\u00e7i\u015fleri Bakan\u0131 Ali Yerlikaya, yang\u0131nla ilgili yapt\u0131\u011f\u0131 a\u00e7\u0131klamada 66 ki\u015finin hayat\u0131n\u0131 kaybetti\u011fini 51 ki\u015finin de yaraland\u0131\u011f\u0131n\u0131 a\u00e7\u0131klad\u0131. Yerlikaya, TC K\u00fclt\u00fcr ve Turizm Bakan\u0131 Mehmet Nuri Ersoy, TC \u00c7al\u0131\u015fma ve Sosyal G\u00fcvenlik Bakan\u0131 Vedat I\u015f\u0131khan, Sa\u011fl\u0131k Bakan\u0131 Kemal Memi\u015fo\u011flu ile Sanayi ve Teknoloji Bakan\u0131 Mehmet Fatih Kac\u0131r, Bolu Kartalkaya\u2019da otelde \u00e7\u0131kan yang\u0131n sonras\u0131nda incelemelerde bulundu. [&hellip;]\" \/>\n<meta property=\"og:url\" content=\"https:\/\/kuzeyinsesi.org\/index.php\/2025\/01\/21\/boluda-otel-yangini-can-kaybi-66ya-yukseldi-51-yarali-var\/\" \/>\n<meta property=\"og:site_name\" content=\"Kuzeyin Sesi\" \/>\n<meta property=\"article:publisher\" content=\"https:\/\/www.facebook.com\/kuzeyinsesii\" \/>\n<meta property=\"article:published_time\" content=\"2025-01-21T13:16:10+00:00\" \/>\n<meta property=\"og:image\" content=\"https:\/\/brtk.net\/wp-content\/uploads\/2025\/01\/21\/282427.jpg?ver=5364addb5ff3a144c8982828aa0edc83\" \/>\n<meta name=\"author\" content=\"Kuzeyin Sesi\" \/>\n<meta name=\"twitter:card\" content=\"summary_large_image\" \/>\n<meta name=\"twitter:creator\" content=\"@kuzeyinsesii\" \/>\n<meta name=\"twitter:site\" content=\"@kuzeyinsesii\" \/>\n<meta name=\"twitter:label1\" content=\"Yazan:\" \/>\n\t<meta name=\"twitter:data1\" content=\"Kuzeyin Sesi\" \/>\n\t<meta name=\"twitter:label2\" content=\"Tahmini okuma s\u00fcresi\" \/>\n\t<meta name=\"twitter:data2\" content=\"2 dakika\" \/>\n<script type=\"application\/ld+json\" class=\"yoast-schema-graph\">{\"@context\":\"https:\\\/\\\/schema.org\",\"@graph\":[{\"@type\":\"Article\",\"@id\":\"https:\\\/\\\/kuzeyinsesi.org\\\/index.php\\\/2025\\\/01\\\/21\\\/boluda-otel-yangini-can-kaybi-66ya-yukseldi-51-yarali-var\\\/#article\",\"isPartOf\":{\"@id\":\"https:\\\/\\\/kuzeyinsesi.org\\\/index.php\\\/2025\\\/01\\\/21\\\/boluda-otel-yangini-can-kaybi-66ya-yukseldi-51-yarali-var\\\/\"},\"author\":{\"name\":\"Kuzeyin Sesi\",\"@id\":\"https:\\\/\\\/kuzeyinsesi.org\\\/#\\\/schema\\\/person\\\/9f859689cdf01485597712386e37f5aa\"},\"headline\":\"Bolu\u2019da otel yang\u0131n\u0131: Can kayb\u0131 66\u2019ya y\u00fckseldi, 51 yaral\u0131 var\",\"datePublished\":\"2025-01-21T13:16:10+00:00\",\"mainEntityOfPage\":{\"@id\":\"https:\\\/\\\/kuzeyinsesi.org\\\/index.php\\\/2025\\\/01\\\/21\\\/boluda-otel-yangini-can-kaybi-66ya-yukseldi-51-yarali-var\\\/\"},\"wordCount\":390,\"commentCount\":0,\"image\":{\"@id\":\"https:\\\/\\\/kuzeyinsesi.org\\\/index.php\\\/2025\\\/01\\\/21\\\/boluda-otel-yangini-can-kaybi-66ya-yukseldi-51-yarali-var\\\/#primaryimage\"},\"thumbnailUrl\":\"https:\\\/\\\/kuzeyinsesi.org\\\/wp-content\\\/uploads\\\/2025\\\/01\\\/282427.jpg\",\"articleSection\":[\"T\u00fcrkiye\"],\"inLanguage\":\"tr\",\"potentialAction\":[{\"@type\":\"CommentAction\",\"name\":\"Comment\",\"target\":[\"https:\\\/\\\/kuzeyinsesi.org\\\/index.php\\\/2025\\\/01\\\/21\\\/boluda-otel-yangini-can-kaybi-66ya-yukseldi-51-yarali-var\\\/#respond\"]}]},{\"@type\":\"WebPage\",\"@id\":\"https:\\\/\\\/kuzeyinsesi.org\\\/index.php\\\/2025\\\/01\\\/21\\\/boluda-otel-yangini-can-kaybi-66ya-yukseldi-51-yarali-var\\\/\",\"url\":\"https:\\\/\\\/kuzeyinsesi.org\\\/index.php\\\/2025\\\/01\\\/21\\\/boluda-otel-yangini-can-kaybi-66ya-yukseldi-51-yarali-var\\\/\",\"name\":\"Bolu\u2019da otel yang\u0131n\u0131: Can kayb\u0131 66\u2019ya y\u00fckseldi, 51 yaral\u0131 var - Kuzeyin Sesi\",\"isPartOf\":{\"@id\":\"https:\\\/\\\/kuzeyinsesi.org\\\/#website\"},\"primaryImageOfPage\":{\"@id\":\"https:\\\/\\\/kuzeyinsesi.org\\\/index.php\\\/2025\\\/01\\\/21\\\/boluda-otel-yangini-can-kaybi-66ya-yukseldi-51-yarali-var\\\/#primaryimage\"},\"image\":{\"@id\":\"https:\\\/\\\/kuzeyinsesi.org\\\/index.php\\\/2025\\\/01\\\/21\\\/boluda-otel-yangini-can-kaybi-66ya-yukseldi-51-yarali-var\\\/#primaryimage\"},\"thumbnailUrl\":\"https:\\\/\\\/kuzeyinsesi.org\\\/wp-content\\\/uploads\\\/2025\\\/01\\\/282427.jpg\",\"datePublished\":\"2025-01-21T13:16:10+00:00\",\"author\":{\"@id\":\"https:\\\/\\\/kuzeyinsesi.org\\\/#\\\/schema\\\/person\\\/9f859689cdf01485597712386e37f5aa\"},\"breadcrumb\":{\"@id\":\"https:\\\/\\\/kuzeyinsesi.org\\\/index.php\\\/2025\\\/01\\\/21\\\/boluda-otel-yangini-can-kaybi-66ya-yukseldi-51-yarali-var\\\/#breadcrumb\"},\"inLanguage\":\"tr\",\"potentialAction\":[{\"@type\":\"ReadAction\",\"target\":[\"https:\\\/\\\/kuzeyinsesi.org\\\/index.php\\\/2025\\\/01\\\/21\\\/boluda-otel-yangini-can-kaybi-66ya-yukseldi-51-yarali-var\\\/\"]}]},{\"@type\":\"ImageObject\",\"inLanguage\":\"tr\",\"@id\":\"https:\\\/\\\/kuzeyinsesi.org\\\/index.php\\\/2025\\\/01\\\/21\\\/boluda-otel-yangini-can-kaybi-66ya-yukseldi-51-yarali-var\\\/#primaryimage\",\"url\":\"https:\\\/\\\/kuzeyinsesi.org\\\/wp-content\\\/uploads\\\/2025\\\/01\\\/282427.jpg\",\"contentUrl\":\"https:\\\/\\\/kuzeyinsesi.org\\\/wp-content\\\/uploads\\\/2025\\\/01\\\/282427.jpg\",\"width\":840,\"height\":559},{\"@type\":\"BreadcrumbList\",\"@id\":\"https:\\\/\\\/kuzeyinsesi.org\\\/index.php\\\/2025\\\/01\\\/21\\\/boluda-otel-yangini-can-kaybi-66ya-yukseldi-51-yarali-var\\\/#breadcrumb\",\"itemListElement\":[{\"@type\":\"ListItem\",\"position\":1,\"name\":\"Anasayfa\",\"item\":\"https:\\\/\\\/kuzeyinsesi.org\\\/\"},{\"@type\":\"ListItem\",\"position\":2,\"name\":\"Bolu\u2019da otel yang\u0131n\u0131: Can kayb\u0131 66\u2019ya y\u00fckseldi, 51 yaral\u0131 var\"}]},{\"@type\":\"WebSite\",\"@id\":\"https:\\\/\\\/kuzeyinsesi.org\\\/#website\",\"url\":\"https:\\\/\\\/kuzeyinsesi.org\\\/\",\"name\":\"Kuzeyin Sesi\",\"description\":\"Do\u011fru Haberin Adresi\",\"potentialAction\":[{\"@type\":\"SearchAction\",\"target\":{\"@type\":\"EntryPoint\",\"urlTemplate\":\"https:\\\/\\\/kuzeyinsesi.org\\\/?s={search_term_string}\"},\"query-input\":{\"@type\":\"PropertyValueSpecification\",\"valueRequired\":true,\"valueName\":\"search_term_string\"}}],\"inLanguage\":\"tr\"},{\"@type\":\"Person\",\"@id\":\"https:\\\/\\\/kuzeyinsesi.org\\\/#\\\/schema\\\/person\\\/9f859689cdf01485597712386e37f5aa\",\"name\":\"Kuzeyin Sesi\",\"image\":{\"@type\":\"ImageObject\",\"inLanguage\":\"tr\",\"@id\":\"https:\\\/\\\/secure.gravatar.com\\\/avatar\\\/bab33852abfd8b282518d6ed81826833d77c3c882d9ab608add591ccace47a44?s=96&d=mm&r=g\",\"url\":\"https:\\\/\\\/secure.gravatar.com\\\/avatar\\\/bab33852abfd8b282518d6ed81826833d77c3c882d9ab608add591ccace47a44?s=96&d=mm&r=g\",\"contentUrl\":\"https:\\\/\\\/secure.gravatar.com\\\/avatar\\\/bab33852abfd8b282518d6ed81826833d77c3c882d9ab608add591ccace47a44?s=96&d=mm&r=g\",\"caption\":\"Kuzeyin Sesi\"},\"sameAs\":[\"https:\\\/\\\/kuzeyinsesi.org\"],\"url\":\"https:\\\/\\\/kuzeyinsesi.org\\\/index.php\\\/author\\\/guven\\\/\"}]}<\/script>\n<!-- \/ Yoast SEO plugin. -->","yoast_head_json":{"title":"Bolu\u2019da otel yang\u0131n\u0131: Can kayb\u0131 66\u2019ya y\u00fckseldi, 51 yaral\u0131 var - Kuzeyin Sesi","robots":{"index":"index","follow":"follow","max-snippet":"max-snippet:-1","max-image-preview":"max-image-preview:large","max-video-preview":"max-video-preview:-1"},"canonical":"https:\/\/kuzeyinsesi.org\/index.php\/2025\/01\/21\/boluda-otel-yangini-can-kaybi-66ya-yukseldi-51-yarali-var\/","og_locale":"tr_TR","og_type":"article","og_title":"Bolu\u2019da otel yang\u0131n\u0131: Can kayb\u0131 66\u2019ya y\u00fckseldi, 51 yaral\u0131 var - Kuzeyin Sesi","og_description":"TC \u0130\u00e7i\u015fleri Bakan\u0131 Ali Yerlikaya, yang\u0131nla ilgili yapt\u0131\u011f\u0131 a\u00e7\u0131klamada 66 ki\u015finin hayat\u0131n\u0131 kaybetti\u011fini 51 ki\u015finin de yaraland\u0131\u011f\u0131n\u0131 a\u00e7\u0131klad\u0131. Yerlikaya, TC K\u00fclt\u00fcr ve Turizm Bakan\u0131 Mehmet Nuri Ersoy, TC \u00c7al\u0131\u015fma ve Sosyal G\u00fcvenlik Bakan\u0131 Vedat I\u015f\u0131khan, Sa\u011fl\u0131k Bakan\u0131 Kemal Memi\u015fo\u011flu ile Sanayi ve Teknoloji Bakan\u0131 Mehmet Fatih Kac\u0131r, Bolu Kartalkaya\u2019da otelde \u00e7\u0131kan yang\u0131n sonras\u0131nda incelemelerde bulundu. [&hellip;]","og_url":"https:\/\/kuzeyinsesi.org\/index.php\/2025\/01\/21\/boluda-otel-yangini-can-kaybi-66ya-yukseldi-51-yarali-var\/","og_site_name":"Kuzeyin Sesi","article_publisher":"https:\/\/www.facebook.com\/kuzeyinsesii","article_published_time":"2025-01-21T13:16:10+00:00","og_image":[{"url":"https:\/\/brtk.net\/wp-content\/uploads\/2025\/01\/21\/282427.jpg?ver=5364addb5ff3a144c8982828aa0edc83","type":"","width":"","height":""}],"author":"Kuzeyin Sesi","twitter_card":"summary_large_image","twitter_creator":"@kuzeyinsesii","twitter_site":"@kuzeyinsesii","twitter_misc":{"Yazan:":"Kuzeyin Sesi","Tahmini okuma s\u00fcresi":"2 dakika"},"schema":{"@context":"https:\/\/schema.org","@graph":[{"@type":"Article","@id":"https:\/\/kuzeyinsesi.org\/index.php\/2025\/01\/21\/boluda-otel-yangini-can-kaybi-66ya-yukseldi-51-yarali-var\/#article","isPartOf":{"@id":"https:\/\/kuzeyinsesi.org\/index.php\/2025\/01\/21\/boluda-otel-yangini-can-kaybi-66ya-yukseldi-51-yarali-var\/"},"author":{"name":"Kuzeyin Sesi","@id":"https:\/\/kuzeyinsesi.org\/#\/schema\/person\/9f859689cdf01485597712386e37f5aa"},"headline":"Bolu\u2019da otel yang\u0131n\u0131: Can kayb\u0131 66\u2019ya y\u00fckseldi, 51 yaral\u0131 var","datePublished":"2025-01-21T13:16:10+00:00","mainEntityOfPage":{"@id":"https:\/\/kuzeyinsesi.org\/index.php\/2025\/01\/21\/boluda-otel-yangini-can-kaybi-66ya-yukseldi-51-yarali-var\/"},"wordCount":390,"commentCount":0,"image":{"@id":"https:\/\/kuzeyinsesi.org\/index.php\/2025\/01\/21\/boluda-otel-yangini-can-kaybi-66ya-yukseldi-51-yarali-var\/#primaryimage"},"thumbnailUrl":"https:\/\/kuzeyinsesi.org\/wp-content\/uploads\/2025\/01\/282427.jpg","articleSection":["T\u00fcrkiye"],"inLanguage":"tr","potentialAction":[{"@type":"CommentAction","name":"Comment","target":["https:\/\/kuzeyinsesi.org\/index.php\/2025\/01\/21\/boluda-otel-yangini-can-kaybi-66ya-yukseldi-51-yarali-var\/#respond"]}]},{"@type":"WebPage","@id":"https:\/\/kuzeyinsesi.org\/index.php\/2025\/01\/21\/boluda-otel-yangini-can-kaybi-66ya-yukseldi-51-yarali-var\/","url":"https:\/\/kuzeyinsesi.org\/index.php\/2025\/01\/21\/boluda-otel-yangini-can-kaybi-66ya-yukseldi-51-yarali-var\/","name":"Bolu\u2019da otel yang\u0131n\u0131: Can kayb\u0131 66\u2019ya y\u00fckseldi, 51 yaral\u0131 var - Kuzeyin Sesi","isPartOf":{"@id":"https:\/\/kuzeyinsesi.org\/#website"},"primaryImageOfPage":{"@id":"https:\/\/kuzeyinsesi.org\/index.php\/2025\/01\/21\/boluda-otel-yangini-can-kaybi-66ya-yukseldi-51-yarali-var\/#primaryimage"},"image":{"@id":"https:\/\/kuzeyinsesi.org\/index.php\/2025\/01\/21\/boluda-otel-yangini-can-kaybi-66ya-yukseldi-51-yarali-var\/#primaryimage"},"thumbnailUrl":"https:\/\/kuzeyinsesi.org\/wp-content\/uploads\/2025\/01\/282427.jpg","datePublished":"2025-01-21T13:16:10+00:00","author":{"@id":"https:\/\/kuzeyinsesi.org\/#\/schema\/person\/9f859689cdf01485597712386e37f5aa"},"breadcrumb":{"@id":"https:\/\/kuzeyinsesi.org\/index.php\/2025\/01\/21\/boluda-otel-yangini-can-kaybi-66ya-yukseldi-51-yarali-var\/#breadcrumb"},"inLanguage":"tr","potentialAction":[{"@type":"ReadAction","target":["https:\/\/kuzeyinsesi.org\/index.php\/2025\/01\/21\/boluda-otel-yangini-can-kaybi-66ya-yukseldi-51-yarali-var\/"]}]},{"@type":"ImageObject","inLanguage":"tr","@id":"https:\/\/kuzeyinsesi.org\/index.php\/2025\/01\/21\/boluda-otel-yangini-can-kaybi-66ya-yukseldi-51-yarali-var\/#primaryimage","url":"https:\/\/kuzeyinsesi.org\/wp-content\/uploads\/2025\/01\/282427.jpg","contentUrl":"https:\/\/kuzeyinsesi.org\/wp-content\/uploads\/2025\/01\/282427.jpg","width":840,"height":559},{"@type":"BreadcrumbList","@id":"https:\/\/kuzeyinsesi.org\/index.php\/2025\/01\/21\/boluda-otel-yangini-can-kaybi-66ya-yukseldi-51-yarali-var\/#breadcrumb","itemListElement":[{"@type":"ListItem","position":1,"name":"Anasayfa","item":"https:\/\/kuzeyinsesi.org\/"},{"@type":"ListItem","position":2,"name":"Bolu\u2019da otel yang\u0131n\u0131: Can kayb\u0131 66\u2019ya y\u00fckseldi, 51 yaral\u0131 var"}]},{"@type":"WebSite","@id":"https:\/\/kuzeyinsesi.org\/#website","url":"https:\/\/kuzeyinsesi.org\/","name":"Kuzeyin Sesi","description":"Do\u011fru Haberin Adresi","potentialAction":[{"@type":"SearchAction","target":{"@type":"EntryPoint","urlTemplate":"https:\/\/kuzeyinsesi.org\/?s={search_term_string}"},"query-input":{"@type":"PropertyValueSpecification","valueRequired":true,"valueName":"search_term_string"}}],"inLanguage":"tr"},{"@type":"Person","@id":"https:\/\/kuzeyinsesi.org\/#\/schema\/person\/9f859689cdf01485597712386e37f5aa","name":"Kuzeyin Sesi","image":{"@type":"ImageObject","inLanguage":"tr","@id":"https:\/\/secure.gravatar.com\/avatar\/bab33852abfd8b282518d6ed81826833d77c3c882d9ab608add591ccace47a44?s=96&d=mm&r=g","url":"https:\/\/secure.gravatar.com\/avatar\/bab33852abfd8b282518d6ed81826833d77c3c882d9ab608add591ccace47a44?s=96&d=mm&r=g","contentUrl":"https:\/\/secure.gravatar.com\/avatar\/bab33852abfd8b282518d6ed81826833d77c3c882d9ab608add591ccace47a44?s=96&d=mm&r=g","caption":"Kuzeyin Sesi"},"sameAs":["https:\/\/kuzeyinsesi.org"],"url":"https:\/\/kuzeyinsesi.org\/index.php\/author\/guven\/"}]}},"_links":{"self":[{"href":"https:\/\/kuzeyinsesi.org\/index.php\/wp-json\/wp\/v2\/posts\/17699","targetHints":{"allow":["GET"]}}],"collection":[{"href":"https:\/\/kuzeyinsesi.org\/index.php\/wp-json\/wp\/v2\/posts"}],"about":[{"href":"https:\/\/kuzeyinsesi.org\/index.php\/wp-json\/wp\/v2\/types\/post"}],"author":[{"embeddable":true,"href":"https:\/\/kuzeyinsesi.org\/index.php\/wp-json\/wp\/v2\/users\/1"}],"replies":[{"embeddable":true,"href":"https:\/\/kuzeyinsesi.org\/index.php\/wp-json\/wp\/v2\/comments?post=17699"}],"version-history":[{"count":0,"href":"https:\/\/kuzeyinsesi.org\/index.php\/wp-json\/wp\/v2\/posts\/17699\/revisions"}],"wp:featuredmedia":[{"embeddable":true,"href":"https:\/\/kuzeyinsesi.org\/index.php\/wp-json\/wp\/v2\/media\/17700"}],"wp:attachment":[{"href":"https:\/\/kuzeyinsesi.org\/index.php\/wp-json\/wp\/v2\/media?parent=17699"}],"wp:term":[{"taxonomy":"category","embeddable":true,"href":"https:\/\/kuzeyinsesi.org\/index.php\/wp-json\/wp\/v2\/categories?post=17699"},{"taxonomy":"post_tag","embeddable":true,"href":"https:\/\/kuzeyinsesi.org\/index.php\/wp-json\/wp\/v2\/tags?post=17699"}],"curies":[{"name":"wp","href":"https:\/\/api.w.org\/{rel}","templated":true}]}}