{"id":1768,"date":"2024-05-09T03:54:09","date_gmt":"2024-05-09T00:54:09","guid":{"rendered":"https:\/\/kuzeyinsesi.com\/index.php\/2024\/05\/09\/biden-israil-kapsamli-bir-saldiriyla-refaha-girerse-silah-gondermeyi-durdururuz\/"},"modified":"2024-05-09T03:54:09","modified_gmt":"2024-05-09T00:54:09","slug":"biden-israil-kapsamli-bir-saldiriyla-refaha-girerse-silah-gondermeyi-durdururuz","status":"publish","type":"post","link":"https:\/\/kuzeyinsesi.org\/index.php\/2024\/05\/09\/biden-israil-kapsamli-bir-saldiriyla-refaha-girerse-silah-gondermeyi-durdururuz\/","title":{"rendered":"Biden: \u0130srail, kapsaml\u0131 bir sald\u0131r\u0131yla Refah&#039;a girerse silah g\u00f6ndermeyi durdururuz"},"content":{"rendered":"<p><\/p>\n<div>\n<p>&#13;<br \/>\n\t<a href=\"https:\/\/www.trthaber.com\/etiket\/abd\/\" target=\"_blank\" rel=\"noopener\">ABD<\/a> Ba\u015fkan\u0131 Biden, CNN kanal\u0131na verdi\u011fi r\u00f6portajda hem Gazze&#8217;deki duruma hem de \u0130srail&#8217;in Refah&#8217;a kapsaml\u0131 bir kara sald\u0131r\u0131s\u0131 ba\u015flatmas\u0131 durumunda ABD&#8217;nin tavr\u0131na ili\u015fkin de\u011ferlendirmelerde bulundu.<\/p>\n<p>&#13;<br \/>\n\tBiden, y\u00f6netiminin ge\u00e7en hafta yakla\u015f\u0131k 900 kiloluk bombalar\u0131n \u0130srail&#8217;e sevkiyat\u0131n\u0131 durdurmas\u0131na ili\u015fkin, &#8220;Gazze&#8217;deki siviller bu bombalar\u0131n sonucunda ve (\u0130srail&#8217;in) sivil yerle\u015fim merkezlerine girdi\u011fi di\u011fer \u015fekillerde \u00f6ld\u00fcr\u00fcld\u00fc&#8221; yorumunu yaparak Amerikan \u00fcretimi bombalar\u0131n Gazze&#8217;de Filistinli sivillerin \u00f6ld\u00fcr\u00fclmesinde kullan\u0131ld\u0131\u011f\u0131n\u0131 kabul etmi\u015f oldu.<\/p>\n<h2>&#13;<br \/>\n\tBiden, Netanyahu&#8217;ya a\u00e7\u0131k\u00e7a s\u00f6yledi<\/h2>\n<p>&#13;<br \/>\n\tDaha \u00f6nce de bir\u00e7ok kez \u0130srail&#8217;in Refah&#8217;a y\u00f6nelik kapsaml\u0131 bir kara sald\u0131r\u0131s\u0131na giri\u015fmemesi konusunda uyar\u0131da bulunduklar\u0131n\u0131 hat\u0131rlatan Biden, <a href=\"https:\/\/www.trthaber.com\/etiket\/israil\/\" target=\"_blank\" rel=\"noopener\">\u0130srail<\/a> Ba\u015fbakan\u0131 Binyamin <a href=\"https:\/\/www.trthaber.com\/etiket\/netanyahu\/\" target=\"_blank\" rel=\"noopener\">Netanyahu<\/a> ile son g\u00f6r\u00fc\u015fmesinde de bu konuyu a\u00e7\u0131k\u00e7a dile getirdi\u011fini kaydetti.<\/p>\n<p>&#13;<br \/>\n\tABD Ba\u015fkan\u0131 Biden, &#8220;E\u011fer Refah&#8217;a girerlerse, hen\u00fcz (kapsaml\u0131 bir sald\u0131r\u0131yla) girmediler, e\u011fer girerlerse o zaman Refah&#8217;ta ve di\u011fer \u015fehirlerde kullan\u0131lan silahlar\u0131 g\u00f6ndermeyece\u011fimi a\u00e7\u0131k\u00e7a belirttim&#8221; diye konu\u015ftu.<\/p>\n<p>&#13;<br \/>\n\t\u0130srail&#8217;in g\u00fcvenli\u011fini sa\u011flama taahh\u00fctlerine halen ba\u011fl\u0131 olduklar\u0131n\u0131n alt\u0131n\u0131 \u00e7izen Biden, bununla birlikte \u0130srail&#8217;in sivil yerle\u015fim b\u00f6lgelerinde kulland\u0131\u011f\u0131 baz\u0131 silahlar\u0131, bombalar\u0131 ve top mermilerini g\u00f6ndermeyi durduracaklar\u0131n\u0131 vurgulad\u0131.<\/p>\n<\/p><\/div>\n","protected":false},"excerpt":{"rendered":"<p>&#13; ABD Ba\u015fkan\u0131 Biden, CNN kanal\u0131na verdi\u011fi r\u00f6portajda hem Gazze&#8217;deki duruma hem de \u0130srail&#8217;in Refah&#8217;a kapsaml\u0131 bir kara sald\u0131r\u0131s\u0131 ba\u015flatmas\u0131 durumunda ABD&#8217;nin tavr\u0131na ili\u015fkin de\u011ferlendirmelerde bulundu. &#13; Biden, y\u00f6netiminin ge\u00e7en hafta yakla\u015f\u0131k 900 kiloluk bombalar\u0131n \u0130srail&#8217;e sevkiyat\u0131n\u0131 durdurmas\u0131na ili\u015fkin, &#8220;Gazze&#8217;deki siviller bu bombalar\u0131n sonucunda ve (\u0130srail&#8217;in) sivil yerle\u015fim merkezlerine girdi\u011fi di\u011fer \u015fekillerde \u00f6ld\u00fcr\u00fcld\u00fc&#8221; yorumunu yaparak [&hellip;]<\/p>\n","protected":false},"author":1,"featured_media":1769,"comment_status":"open","ping_status":"open","sticky":false,"template":"","format":"standard","meta":{"jnews-multi-image_gallery":[],"jnews_single_post":[],"jnews_primary_category":[],"jnews_social_meta":[],"jnews_override_counter":[],"footnotes":""},"categories":[2],"tags":[],"class_list":["post-1768","post","type-post","status-publish","format-standard","has-post-thumbnail","hentry","category-dunya"],"yoast_head":"<!-- This site is optimized with the Yoast SEO plugin v27.5 - https:\/\/yoast.com\/product\/yoast-seo-wordpress\/ -->\n<title>Biden: \u0130srail, kapsaml\u0131 bir sald\u0131r\u0131yla Refah&#039;a girerse silah g\u00f6ndermeyi durdururuz - Kuzeyin Sesi<\/title>\n<meta name=\"robots\" content=\"index, follow, max-snippet:-1, max-image-preview:large, max-video-preview:-1\" \/>\n<link rel=\"canonical\" href=\"https:\/\/kuzeyinsesi.org\/index.php\/2024\/05\/09\/biden-israil-kapsamli-bir-saldiriyla-refaha-girerse-silah-gondermeyi-durdururuz\/\" \/>\n<meta property=\"og:locale\" content=\"tr_TR\" \/>\n<meta property=\"og:type\" content=\"article\" \/>\n<meta property=\"og:title\" content=\"Biden: \u0130srail, kapsaml\u0131 bir sald\u0131r\u0131yla Refah&#039;a girerse silah g\u00f6ndermeyi durdururuz - Kuzeyin Sesi\" \/>\n<meta property=\"og:description\" content=\"&#013; ABD Ba\u015fkan\u0131 Biden, CNN kanal\u0131na verdi\u011fi r\u00f6portajda hem Gazze&#8217;deki duruma hem de \u0130srail&#8217;in Refah&#8217;a kapsaml\u0131 bir kara sald\u0131r\u0131s\u0131 ba\u015flatmas\u0131 durumunda ABD&#8217;nin tavr\u0131na ili\u015fkin de\u011ferlendirmelerde bulundu. &#013; Biden, y\u00f6netiminin ge\u00e7en hafta yakla\u015f\u0131k 900 kiloluk bombalar\u0131n \u0130srail&#8217;e sevkiyat\u0131n\u0131 durdurmas\u0131na ili\u015fkin, &#8220;Gazze&#8217;deki siviller bu bombalar\u0131n sonucunda ve (\u0130srail&#8217;in) sivil yerle\u015fim merkezlerine girdi\u011fi di\u011fer \u015fekillerde \u00f6ld\u00fcr\u00fcld\u00fc&#8221; yorumunu yaparak [&hellip;]\" \/>\n<meta property=\"og:url\" content=\"https:\/\/kuzeyinsesi.org\/index.php\/2024\/05\/09\/biden-israil-kapsamli-bir-saldiriyla-refaha-girerse-silah-gondermeyi-durdururuz\/\" \/>\n<meta property=\"og:site_name\" content=\"Kuzeyin Sesi\" \/>\n<meta property=\"article:publisher\" content=\"https:\/\/www.facebook.com\/kuzeyinsesii\" \/>\n<meta property=\"article:published_time\" content=\"2024-05-09T00:54:09+00:00\" \/>\n<meta property=\"og:image\" content=\"https:\/\/kuzeyinsesi.org\/wp-content\/uploads\/2024\/05\/1715216050_biden-afp-2188027.jpg\" \/>\n\t<meta property=\"og:image:width\" content=\"1280\" \/>\n\t<meta property=\"og:image:height\" content=\"720\" \/>\n\t<meta property=\"og:image:type\" content=\"image\/jpeg\" \/>\n<meta name=\"author\" content=\"Kuzeyin Sesi\" \/>\n<meta name=\"twitter:card\" content=\"summary_large_image\" \/>\n<meta name=\"twitter:creator\" content=\"@kuzeyinsesii\" \/>\n<meta name=\"twitter:site\" content=\"@kuzeyinsesii\" \/>\n<meta name=\"twitter:label1\" content=\"Yazan:\" \/>\n\t<meta name=\"twitter:data1\" content=\"Kuzeyin Sesi\" \/>\n\t<meta name=\"twitter:label2\" content=\"Tahmini okuma s\u00fcresi\" \/>\n\t<meta name=\"twitter:data2\" content=\"1 dakika\" \/>\n<script type=\"application\/ld+json\" class=\"yoast-schema-graph\">{\"@context\":\"https:\\\/\\\/schema.org\",\"@graph\":[{\"@type\":\"Article\",\"@id\":\"https:\\\/\\\/kuzeyinsesi.org\\\/index.php\\\/2024\\\/05\\\/09\\\/biden-israil-kapsamli-bir-saldiriyla-refaha-girerse-silah-gondermeyi-durdururuz\\\/#article\",\"isPartOf\":{\"@id\":\"https:\\\/\\\/kuzeyinsesi.org\\\/index.php\\\/2024\\\/05\\\/09\\\/biden-israil-kapsamli-bir-saldiriyla-refaha-girerse-silah-gondermeyi-durdururuz\\\/\"},\"author\":{\"name\":\"Kuzeyin Sesi\",\"@id\":\"https:\\\/\\\/kuzeyinsesi.org\\\/#\\\/schema\\\/person\\\/9f859689cdf01485597712386e37f5aa\"},\"headline\":\"Biden: \u0130srail, kapsaml\u0131 bir sald\u0131r\u0131yla Refah&#039;a girerse silah g\u00f6ndermeyi durdururuz\",\"datePublished\":\"2024-05-09T00:54:09+00:00\",\"mainEntityOfPage\":{\"@id\":\"https:\\\/\\\/kuzeyinsesi.org\\\/index.php\\\/2024\\\/05\\\/09\\\/biden-israil-kapsamli-bir-saldiriyla-refaha-girerse-silah-gondermeyi-durdururuz\\\/\"},\"wordCount\":251,\"commentCount\":0,\"image\":{\"@id\":\"https:\\\/\\\/kuzeyinsesi.org\\\/index.php\\\/2024\\\/05\\\/09\\\/biden-israil-kapsamli-bir-saldiriyla-refaha-girerse-silah-gondermeyi-durdururuz\\\/#primaryimage\"},\"thumbnailUrl\":\"https:\\\/\\\/kuzeyinsesi.org\\\/wp-content\\\/uploads\\\/2024\\\/05\\\/1715216050_biden-afp-2188027.jpg\",\"articleSection\":[\"D\u00fcnya\"],\"inLanguage\":\"tr\",\"potentialAction\":[{\"@type\":\"CommentAction\",\"name\":\"Comment\",\"target\":[\"https:\\\/\\\/kuzeyinsesi.org\\\/index.php\\\/2024\\\/05\\\/09\\\/biden-israil-kapsamli-bir-saldiriyla-refaha-girerse-silah-gondermeyi-durdururuz\\\/#respond\"]}]},{\"@type\":\"WebPage\",\"@id\":\"https:\\\/\\\/kuzeyinsesi.org\\\/index.php\\\/2024\\\/05\\\/09\\\/biden-israil-kapsamli-bir-saldiriyla-refaha-girerse-silah-gondermeyi-durdururuz\\\/\",\"url\":\"https:\\\/\\\/kuzeyinsesi.org\\\/index.php\\\/2024\\\/05\\\/09\\\/biden-israil-kapsamli-bir-saldiriyla-refaha-girerse-silah-gondermeyi-durdururuz\\\/\",\"name\":\"Biden: \u0130srail, kapsaml\u0131 bir sald\u0131r\u0131yla Refah&#039;a girerse silah g\u00f6ndermeyi durdururuz - Kuzeyin Sesi\",\"isPartOf\":{\"@id\":\"https:\\\/\\\/kuzeyinsesi.org\\\/#website\"},\"primaryImageOfPage\":{\"@id\":\"https:\\\/\\\/kuzeyinsesi.org\\\/index.php\\\/2024\\\/05\\\/09\\\/biden-israil-kapsamli-bir-saldiriyla-refaha-girerse-silah-gondermeyi-durdururuz\\\/#primaryimage\"},\"image\":{\"@id\":\"https:\\\/\\\/kuzeyinsesi.org\\\/index.php\\\/2024\\\/05\\\/09\\\/biden-israil-kapsamli-bir-saldiriyla-refaha-girerse-silah-gondermeyi-durdururuz\\\/#primaryimage\"},\"thumbnailUrl\":\"https:\\\/\\\/kuzeyinsesi.org\\\/wp-content\\\/uploads\\\/2024\\\/05\\\/1715216050_biden-afp-2188027.jpg\",\"datePublished\":\"2024-05-09T00:54:09+00:00\",\"author\":{\"@id\":\"https:\\\/\\\/kuzeyinsesi.org\\\/#\\\/schema\\\/person\\\/9f859689cdf01485597712386e37f5aa\"},\"breadcrumb\":{\"@id\":\"https:\\\/\\\/kuzeyinsesi.org\\\/index.php\\\/2024\\\/05\\\/09\\\/biden-israil-kapsamli-bir-saldiriyla-refaha-girerse-silah-gondermeyi-durdururuz\\\/#breadcrumb\"},\"inLanguage\":\"tr\",\"potentialAction\":[{\"@type\":\"ReadAction\",\"target\":[\"https:\\\/\\\/kuzeyinsesi.org\\\/index.php\\\/2024\\\/05\\\/09\\\/biden-israil-kapsamli-bir-saldiriyla-refaha-girerse-silah-gondermeyi-durdururuz\\\/\"]}]},{\"@type\":\"ImageObject\",\"inLanguage\":\"tr\",\"@id\":\"https:\\\/\\\/kuzeyinsesi.org\\\/index.php\\\/2024\\\/05\\\/09\\\/biden-israil-kapsamli-bir-saldiriyla-refaha-girerse-silah-gondermeyi-durdururuz\\\/#primaryimage\",\"url\":\"https:\\\/\\\/kuzeyinsesi.org\\\/wp-content\\\/uploads\\\/2024\\\/05\\\/1715216050_biden-afp-2188027.jpg\",\"contentUrl\":\"https:\\\/\\\/kuzeyinsesi.org\\\/wp-content\\\/uploads\\\/2024\\\/05\\\/1715216050_biden-afp-2188027.jpg\",\"width\":1280,\"height\":720},{\"@type\":\"BreadcrumbList\",\"@id\":\"https:\\\/\\\/kuzeyinsesi.org\\\/index.php\\\/2024\\\/05\\\/09\\\/biden-israil-kapsamli-bir-saldiriyla-refaha-girerse-silah-gondermeyi-durdururuz\\\/#breadcrumb\",\"itemListElement\":[{\"@type\":\"ListItem\",\"position\":1,\"name\":\"Anasayfa\",\"item\":\"https:\\\/\\\/kuzeyinsesi.org\\\/\"},{\"@type\":\"ListItem\",\"position\":2,\"name\":\"Biden: \u0130srail, kapsaml\u0131 bir sald\u0131r\u0131yla Refah&#039;a girerse silah g\u00f6ndermeyi durdururuz\"}]},{\"@type\":\"WebSite\",\"@id\":\"https:\\\/\\\/kuzeyinsesi.org\\\/#website\",\"url\":\"https:\\\/\\\/kuzeyinsesi.org\\\/\",\"name\":\"Kuzeyin Sesi\",\"description\":\"Do\u011fru Haberin Adresi\",\"potentialAction\":[{\"@type\":\"SearchAction\",\"target\":{\"@type\":\"EntryPoint\",\"urlTemplate\":\"https:\\\/\\\/kuzeyinsesi.org\\\/?s={search_term_string}\"},\"query-input\":{\"@type\":\"PropertyValueSpecification\",\"valueRequired\":true,\"valueName\":\"search_term_string\"}}],\"inLanguage\":\"tr\"},{\"@type\":\"Person\",\"@id\":\"https:\\\/\\\/kuzeyinsesi.org\\\/#\\\/schema\\\/person\\\/9f859689cdf01485597712386e37f5aa\",\"name\":\"Kuzeyin Sesi\",\"image\":{\"@type\":\"ImageObject\",\"inLanguage\":\"tr\",\"@id\":\"https:\\\/\\\/secure.gravatar.com\\\/avatar\\\/bab33852abfd8b282518d6ed81826833d77c3c882d9ab608add591ccace47a44?s=96&d=mm&r=g\",\"url\":\"https:\\\/\\\/secure.gravatar.com\\\/avatar\\\/bab33852abfd8b282518d6ed81826833d77c3c882d9ab608add591ccace47a44?s=96&d=mm&r=g\",\"contentUrl\":\"https:\\\/\\\/secure.gravatar.com\\\/avatar\\\/bab33852abfd8b282518d6ed81826833d77c3c882d9ab608add591ccace47a44?s=96&d=mm&r=g\",\"caption\":\"Kuzeyin Sesi\"},\"sameAs\":[\"https:\\\/\\\/kuzeyinsesi.org\"],\"url\":\"https:\\\/\\\/kuzeyinsesi.org\\\/index.php\\\/author\\\/guven\\\/\"}]}<\/script>\n<!-- \/ Yoast SEO plugin. -->","yoast_head_json":{"title":"Biden: \u0130srail, kapsaml\u0131 bir sald\u0131r\u0131yla Refah&#039;a girerse silah g\u00f6ndermeyi durdururuz - Kuzeyin Sesi","robots":{"index":"index","follow":"follow","max-snippet":"max-snippet:-1","max-image-preview":"max-image-preview:large","max-video-preview":"max-video-preview:-1"},"canonical":"https:\/\/kuzeyinsesi.org\/index.php\/2024\/05\/09\/biden-israil-kapsamli-bir-saldiriyla-refaha-girerse-silah-gondermeyi-durdururuz\/","og_locale":"tr_TR","og_type":"article","og_title":"Biden: \u0130srail, kapsaml\u0131 bir sald\u0131r\u0131yla Refah&#039;a girerse silah g\u00f6ndermeyi durdururuz - Kuzeyin Sesi","og_description":"&#13; ABD Ba\u015fkan\u0131 Biden, CNN kanal\u0131na verdi\u011fi r\u00f6portajda hem Gazze&#8217;deki duruma hem de \u0130srail&#8217;in Refah&#8217;a kapsaml\u0131 bir kara sald\u0131r\u0131s\u0131 ba\u015flatmas\u0131 durumunda ABD&#8217;nin tavr\u0131na ili\u015fkin de\u011ferlendirmelerde bulundu. &#13; Biden, y\u00f6netiminin ge\u00e7en hafta yakla\u015f\u0131k 900 kiloluk bombalar\u0131n \u0130srail&#8217;e sevkiyat\u0131n\u0131 durdurmas\u0131na ili\u015fkin, &#8220;Gazze&#8217;deki siviller bu bombalar\u0131n sonucunda ve (\u0130srail&#8217;in) sivil yerle\u015fim merkezlerine girdi\u011fi di\u011fer \u015fekillerde \u00f6ld\u00fcr\u00fcld\u00fc&#8221; yorumunu yaparak [&hellip;]","og_url":"https:\/\/kuzeyinsesi.org\/index.php\/2024\/05\/09\/biden-israil-kapsamli-bir-saldiriyla-refaha-girerse-silah-gondermeyi-durdururuz\/","og_site_name":"Kuzeyin Sesi","article_publisher":"https:\/\/www.facebook.com\/kuzeyinsesii","article_published_time":"2024-05-09T00:54:09+00:00","og_image":[{"width":1280,"height":720,"url":"https:\/\/kuzeyinsesi.org\/wp-content\/uploads\/2024\/05\/1715216050_biden-afp-2188027.jpg","type":"image\/jpeg"}],"author":"Kuzeyin Sesi","twitter_card":"summary_large_image","twitter_creator":"@kuzeyinsesii","twitter_site":"@kuzeyinsesii","twitter_misc":{"Yazan:":"Kuzeyin Sesi","Tahmini okuma s\u00fcresi":"1 dakika"},"schema":{"@context":"https:\/\/schema.org","@graph":[{"@type":"Article","@id":"https:\/\/kuzeyinsesi.org\/index.php\/2024\/05\/09\/biden-israil-kapsamli-bir-saldiriyla-refaha-girerse-silah-gondermeyi-durdururuz\/#article","isPartOf":{"@id":"https:\/\/kuzeyinsesi.org\/index.php\/2024\/05\/09\/biden-israil-kapsamli-bir-saldiriyla-refaha-girerse-silah-gondermeyi-durdururuz\/"},"author":{"name":"Kuzeyin Sesi","@id":"https:\/\/kuzeyinsesi.org\/#\/schema\/person\/9f859689cdf01485597712386e37f5aa"},"headline":"Biden: \u0130srail, kapsaml\u0131 bir sald\u0131r\u0131yla Refah&#039;a girerse silah g\u00f6ndermeyi durdururuz","datePublished":"2024-05-09T00:54:09+00:00","mainEntityOfPage":{"@id":"https:\/\/kuzeyinsesi.org\/index.php\/2024\/05\/09\/biden-israil-kapsamli-bir-saldiriyla-refaha-girerse-silah-gondermeyi-durdururuz\/"},"wordCount":251,"commentCount":0,"image":{"@id":"https:\/\/kuzeyinsesi.org\/index.php\/2024\/05\/09\/biden-israil-kapsamli-bir-saldiriyla-refaha-girerse-silah-gondermeyi-durdururuz\/#primaryimage"},"thumbnailUrl":"https:\/\/kuzeyinsesi.org\/wp-content\/uploads\/2024\/05\/1715216050_biden-afp-2188027.jpg","articleSection":["D\u00fcnya"],"inLanguage":"tr","potentialAction":[{"@type":"CommentAction","name":"Comment","target":["https:\/\/kuzeyinsesi.org\/index.php\/2024\/05\/09\/biden-israil-kapsamli-bir-saldiriyla-refaha-girerse-silah-gondermeyi-durdururuz\/#respond"]}]},{"@type":"WebPage","@id":"https:\/\/kuzeyinsesi.org\/index.php\/2024\/05\/09\/biden-israil-kapsamli-bir-saldiriyla-refaha-girerse-silah-gondermeyi-durdururuz\/","url":"https:\/\/kuzeyinsesi.org\/index.php\/2024\/05\/09\/biden-israil-kapsamli-bir-saldiriyla-refaha-girerse-silah-gondermeyi-durdururuz\/","name":"Biden: \u0130srail, kapsaml\u0131 bir sald\u0131r\u0131yla Refah&#039;a girerse silah g\u00f6ndermeyi durdururuz - Kuzeyin Sesi","isPartOf":{"@id":"https:\/\/kuzeyinsesi.org\/#website"},"primaryImageOfPage":{"@id":"https:\/\/kuzeyinsesi.org\/index.php\/2024\/05\/09\/biden-israil-kapsamli-bir-saldiriyla-refaha-girerse-silah-gondermeyi-durdururuz\/#primaryimage"},"image":{"@id":"https:\/\/kuzeyinsesi.org\/index.php\/2024\/05\/09\/biden-israil-kapsamli-bir-saldiriyla-refaha-girerse-silah-gondermeyi-durdururuz\/#primaryimage"},"thumbnailUrl":"https:\/\/kuzeyinsesi.org\/wp-content\/uploads\/2024\/05\/1715216050_biden-afp-2188027.jpg","datePublished":"2024-05-09T00:54:09+00:00","author":{"@id":"https:\/\/kuzeyinsesi.org\/#\/schema\/person\/9f859689cdf01485597712386e37f5aa"},"breadcrumb":{"@id":"https:\/\/kuzeyinsesi.org\/index.php\/2024\/05\/09\/biden-israil-kapsamli-bir-saldiriyla-refaha-girerse-silah-gondermeyi-durdururuz\/#breadcrumb"},"inLanguage":"tr","potentialAction":[{"@type":"ReadAction","target":["https:\/\/kuzeyinsesi.org\/index.php\/2024\/05\/09\/biden-israil-kapsamli-bir-saldiriyla-refaha-girerse-silah-gondermeyi-durdururuz\/"]}]},{"@type":"ImageObject","inLanguage":"tr","@id":"https:\/\/kuzeyinsesi.org\/index.php\/2024\/05\/09\/biden-israil-kapsamli-bir-saldiriyla-refaha-girerse-silah-gondermeyi-durdururuz\/#primaryimage","url":"https:\/\/kuzeyinsesi.org\/wp-content\/uploads\/2024\/05\/1715216050_biden-afp-2188027.jpg","contentUrl":"https:\/\/kuzeyinsesi.org\/wp-content\/uploads\/2024\/05\/1715216050_biden-afp-2188027.jpg","width":1280,"height":720},{"@type":"BreadcrumbList","@id":"https:\/\/kuzeyinsesi.org\/index.php\/2024\/05\/09\/biden-israil-kapsamli-bir-saldiriyla-refaha-girerse-silah-gondermeyi-durdururuz\/#breadcrumb","itemListElement":[{"@type":"ListItem","position":1,"name":"Anasayfa","item":"https:\/\/kuzeyinsesi.org\/"},{"@type":"ListItem","position":2,"name":"Biden: \u0130srail, kapsaml\u0131 bir sald\u0131r\u0131yla Refah&#039;a girerse silah g\u00f6ndermeyi durdururuz"}]},{"@type":"WebSite","@id":"https:\/\/kuzeyinsesi.org\/#website","url":"https:\/\/kuzeyinsesi.org\/","name":"Kuzeyin Sesi","description":"Do\u011fru Haberin Adresi","potentialAction":[{"@type":"SearchAction","target":{"@type":"EntryPoint","urlTemplate":"https:\/\/kuzeyinsesi.org\/?s={search_term_string}"},"query-input":{"@type":"PropertyValueSpecification","valueRequired":true,"valueName":"search_term_string"}}],"inLanguage":"tr"},{"@type":"Person","@id":"https:\/\/kuzeyinsesi.org\/#\/schema\/person\/9f859689cdf01485597712386e37f5aa","name":"Kuzeyin Sesi","image":{"@type":"ImageObject","inLanguage":"tr","@id":"https:\/\/secure.gravatar.com\/avatar\/bab33852abfd8b282518d6ed81826833d77c3c882d9ab608add591ccace47a44?s=96&d=mm&r=g","url":"https:\/\/secure.gravatar.com\/avatar\/bab33852abfd8b282518d6ed81826833d77c3c882d9ab608add591ccace47a44?s=96&d=mm&r=g","contentUrl":"https:\/\/secure.gravatar.com\/avatar\/bab33852abfd8b282518d6ed81826833d77c3c882d9ab608add591ccace47a44?s=96&d=mm&r=g","caption":"Kuzeyin Sesi"},"sameAs":["https:\/\/kuzeyinsesi.org"],"url":"https:\/\/kuzeyinsesi.org\/index.php\/author\/guven\/"}]}},"_links":{"self":[{"href":"https:\/\/kuzeyinsesi.org\/index.php\/wp-json\/wp\/v2\/posts\/1768","targetHints":{"allow":["GET"]}}],"collection":[{"href":"https:\/\/kuzeyinsesi.org\/index.php\/wp-json\/wp\/v2\/posts"}],"about":[{"href":"https:\/\/kuzeyinsesi.org\/index.php\/wp-json\/wp\/v2\/types\/post"}],"author":[{"embeddable":true,"href":"https:\/\/kuzeyinsesi.org\/index.php\/wp-json\/wp\/v2\/users\/1"}],"replies":[{"embeddable":true,"href":"https:\/\/kuzeyinsesi.org\/index.php\/wp-json\/wp\/v2\/comments?post=1768"}],"version-history":[{"count":0,"href":"https:\/\/kuzeyinsesi.org\/index.php\/wp-json\/wp\/v2\/posts\/1768\/revisions"}],"wp:featuredmedia":[{"embeddable":true,"href":"https:\/\/kuzeyinsesi.org\/index.php\/wp-json\/wp\/v2\/media\/1769"}],"wp:attachment":[{"href":"https:\/\/kuzeyinsesi.org\/index.php\/wp-json\/wp\/v2\/media?parent=1768"}],"wp:term":[{"taxonomy":"category","embeddable":true,"href":"https:\/\/kuzeyinsesi.org\/index.php\/wp-json\/wp\/v2\/categories?post=1768"},{"taxonomy":"post_tag","embeddable":true,"href":"https:\/\/kuzeyinsesi.org\/index.php\/wp-json\/wp\/v2\/tags?post=1768"}],"curies":[{"name":"wp","href":"https:\/\/api.w.org\/{rel}","templated":true}]}}