{"id":17667,"date":"2025-01-21T09:25:57","date_gmt":"2025-01-21T07:25:57","guid":{"rendered":"https:\/\/kuzeyinsesi.org\/index.php\/2025\/01\/21\/boluda-kartalkaya-kayak-merkezinde-bir-otelde-cikan-yanginda-10-kisi-oldu-32-kisi-yaralandi\/"},"modified":"2025-01-21T09:25:57","modified_gmt":"2025-01-21T07:25:57","slug":"boluda-kartalkaya-kayak-merkezinde-bir-otelde-cikan-yanginda-10-kisi-oldu-32-kisi-yaralandi","status":"publish","type":"post","link":"https:\/\/kuzeyinsesi.org\/index.php\/2025\/01\/21\/boluda-kartalkaya-kayak-merkezinde-bir-otelde-cikan-yanginda-10-kisi-oldu-32-kisi-yaralandi\/","title":{"rendered":"Bolu\u2019da Kartalkaya Kayak Merkezi\u2019nde bir otelde \u00e7\u0131kan yang\u0131nda 10 ki\u015fi \u00f6ld\u00fc, 32 ki\u015fi yaraland\u0131"},"content":{"rendered":"<div>\n<div class=\"mariselle-image-container center\">\n                                            <\/div>\n<p>T\u00fcrkiye\u2019de Bolu\u2019da Kartalkaya Kayak Merkezi\u2019nin tan\u0131nan bir otelinde gece saatlerinde \u00e7\u0131kan yang\u0131nda en az 10 ki\u015fi hayat\u0131n\u0131 kaybetti.<\/p>\n<p>S\u00f6mestr tatili nedeniyle doluluk oran\u0131n\u0131n y\u00fczde 80-90\u2019a yakla\u015ft\u0131\u011f\u0131 12 katl\u0131 ah\u015fap otelde 234 ki\u015finin konaklad\u0131\u011f\u0131 belirtildi.<\/p>\n<p>T\u00fcrkiye \u0130\u00e7i\u015fleri Bakan\u0131 Ali Yerlikaya, Kartalkaya Kayak Merkezi\u2019nde otelde \u00e7\u0131kan yang\u0131nda \u015fimdiye kadar 10 ki\u015finin hayat\u0131n\u0131 kaybetti\u011fini, 32 ki\u015finin yaraland\u0131\u011f\u0131n\u0131 bildirdi.<\/p>\n<p>Bakan Yerlikaya, sosyal medya hesab\u0131ndaki a\u00e7\u0131klamas\u0131nda, bug\u00fcn saat 03.27\u2019de Kartalkaya Kayak Merkezi\u2019nde bulunan bir otelde yang\u0131n \u00e7\u0131kt\u0131\u011f\u0131 ihbar\u0131n\u0131n al\u0131nd\u0131\u011f\u0131n\u0131 belirtti.<\/p>\n<p>Yang\u0131na \u00e7e\u015fitli kamu kurum ve kurulu\u015flar\u0131ndan 267 personelle m\u00fcdahale edildi\u011fini ve \u00e7al\u0131\u015fmalar\u0131n devam etti\u011fini aktaran Yerlikaya, \u015funlar\u0131 kaydetti:<\/p>\n<p>\u201cMaalesef vefat edenlerin say\u0131s\u0131 10\u2019a, yaral\u0131 say\u0131s\u0131 32\u2019ye y\u00fckselmi\u015ftir. Hayat\u0131n\u0131 kaybeden vatanda\u015flar\u0131m\u0131za Allah\u2019tan rahmet, yaral\u0131lar\u0131m\u0131za acil \u015fifalar diliyorum.\u201d<\/p>\n<p>Otelden tahliye edilenler \u015fehir merkezinde farkl\u0131 otellere yerle\u015ftirildi.<\/p>\n<p>Bolu Valisi Abdulaziz Ayd\u0131n, otelde odalarda mahsur kalanlar olup olmad\u0131\u011f\u0131n\u0131n ara\u015ft\u0131r\u0131ld\u0131\u011f\u0131n\u0131 s\u00f6yledi.<\/p>\n<p>Ayd\u0131n yang\u0131n\u0131n (kot fark\u0131ndan) d\u00f6rd\u00fcnc\u00fc kattaki restoran kat\u0131nda \u00e7\u0131kt\u0131\u011f\u0131n\u0131 d\u00fc\u015f\u00fcnd\u00fcklerini s\u00f6yledi ancak kesin nedeni tespit etmek i\u00e7in \u00e7al\u0131\u015fmalar\u0131n devam etti\u011fini s\u00f6yledi.<\/p>\n<p>Vali Ayd\u0131n \u00f6lenlerden en az ikisinin yang\u0131n nedeniyle bulunduklar\u0131 kattan atlayarak hayat\u0131n\u0131 kaybetti\u011fini aktard\u0131.<\/p>\n<p>\u00c7al\u0131\u015fma ve Sosyal G\u00fcvenlik Bakan\u0131 Vedat I\u015f\u0131khan, yang\u0131nla ilgili d\u00f6rt ba\u015fm\u00fcfetti\u015f g\u00f6revlendirildi\u011fini a\u00e7\u0131klad\u0131.<\/p>\n<p>T\u00fcrkiye Aile ve Sosyal Hizmetler Bakan\u0131 Mahinur \u00d6zdemir G\u00f6kta\u015f ise, yang\u0131na ili\u015fkin, \u201cPsikososyal destek ekiplerimizle s\u00fcreci yak\u0131ndan takip ediyoruz.\u201d ifadesini kulland\u0131.<\/p>\n<p>T\u00fcrkiye \u0130\u00e7i\u015fleri Bakan\u0131 Ali Yerlikaya, K\u00fclt\u00fcr ve Turizm Bakan\u0131 Mehmet Nuri Ersoy ile Sa\u011fl\u0131k Bakan\u0131 Kemal Memi\u015fo\u011flu, Kartalkaya\u2019daki otelde \u00e7\u0131kan yang\u0131nla ilgili geli\u015fmeleri yerinde incelemek ve yetkililerden bilgi almak \u00fczere b\u00f6lgeye hareket etti.<\/p>\n<\/p><\/div>\n<p><script async\n                    defer\n                    crossorigin=\"anonymous\"\n                    src=\"https:\/\/connect.facebook.net\/tr_TR\/sdk.js#xfbml=1&#038;version=v3.3\"\n            ><\/script><\/p>\n","protected":false},"excerpt":{"rendered":"<p>T\u00fcrkiye\u2019de Bolu\u2019da Kartalkaya Kayak Merkezi\u2019nin tan\u0131nan bir otelinde gece saatlerinde \u00e7\u0131kan yang\u0131nda en az 10 ki\u015fi hayat\u0131n\u0131 kaybetti. S\u00f6mestr tatili nedeniyle doluluk oran\u0131n\u0131n y\u00fczde 80-90\u2019a yakla\u015ft\u0131\u011f\u0131 12 katl\u0131 ah\u015fap otelde 234 ki\u015finin konaklad\u0131\u011f\u0131 belirtildi. T\u00fcrkiye \u0130\u00e7i\u015fleri Bakan\u0131 Ali Yerlikaya, Kartalkaya Kayak Merkezi\u2019nde otelde \u00e7\u0131kan yang\u0131nda \u015fimdiye kadar 10 ki\u015finin hayat\u0131n\u0131 kaybetti\u011fini, 32 ki\u015finin yaraland\u0131\u011f\u0131n\u0131 bildirdi. [&hellip;]<\/p>\n","protected":false},"author":1,"featured_media":17668,"comment_status":"open","ping_status":"open","sticky":false,"template":"","format":"standard","meta":{"jnews-multi-image_gallery":[],"jnews_single_post":[],"jnews_primary_category":[],"jnews_social_meta":[],"jnews_override_counter":[],"footnotes":""},"categories":[5],"tags":[],"class_list":["post-17667","post","type-post","status-publish","format-standard","has-post-thumbnail","hentry","category-turkiye"],"yoast_head":"<!-- This site is optimized with the Yoast SEO plugin v27.5 - https:\/\/yoast.com\/product\/yoast-seo-wordpress\/ -->\n<title>Bolu\u2019da Kartalkaya Kayak Merkezi\u2019nde bir otelde \u00e7\u0131kan yang\u0131nda 10 ki\u015fi \u00f6ld\u00fc, 32 ki\u015fi yaraland\u0131 - Kuzeyin Sesi<\/title>\n<meta name=\"robots\" content=\"index, follow, max-snippet:-1, max-image-preview:large, max-video-preview:-1\" \/>\n<link rel=\"canonical\" href=\"https:\/\/kuzeyinsesi.org\/index.php\/2025\/01\/21\/boluda-kartalkaya-kayak-merkezinde-bir-otelde-cikan-yanginda-10-kisi-oldu-32-kisi-yaralandi\/\" \/>\n<meta property=\"og:locale\" content=\"tr_TR\" \/>\n<meta property=\"og:type\" content=\"article\" \/>\n<meta property=\"og:title\" content=\"Bolu\u2019da Kartalkaya Kayak Merkezi\u2019nde bir otelde \u00e7\u0131kan yang\u0131nda 10 ki\u015fi \u00f6ld\u00fc, 32 ki\u015fi yaraland\u0131 - Kuzeyin Sesi\" \/>\n<meta property=\"og:description\" content=\"T\u00fcrkiye\u2019de Bolu\u2019da Kartalkaya Kayak Merkezi\u2019nin tan\u0131nan bir otelinde gece saatlerinde \u00e7\u0131kan yang\u0131nda en az 10 ki\u015fi hayat\u0131n\u0131 kaybetti. S\u00f6mestr tatili nedeniyle doluluk oran\u0131n\u0131n y\u00fczde 80-90\u2019a yakla\u015ft\u0131\u011f\u0131 12 katl\u0131 ah\u015fap otelde 234 ki\u015finin konaklad\u0131\u011f\u0131 belirtildi. T\u00fcrkiye \u0130\u00e7i\u015fleri Bakan\u0131 Ali Yerlikaya, Kartalkaya Kayak Merkezi\u2019nde otelde \u00e7\u0131kan yang\u0131nda \u015fimdiye kadar 10 ki\u015finin hayat\u0131n\u0131 kaybetti\u011fini, 32 ki\u015finin yaraland\u0131\u011f\u0131n\u0131 bildirdi. [&hellip;]\" \/>\n<meta property=\"og:url\" content=\"https:\/\/kuzeyinsesi.org\/index.php\/2025\/01\/21\/boluda-kartalkaya-kayak-merkezinde-bir-otelde-cikan-yanginda-10-kisi-oldu-32-kisi-yaralandi\/\" \/>\n<meta property=\"og:site_name\" content=\"Kuzeyin Sesi\" \/>\n<meta property=\"article:publisher\" content=\"https:\/\/www.facebook.com\/kuzeyinsesii\" \/>\n<meta property=\"article:published_time\" content=\"2025-01-21T07:25:57+00:00\" \/>\n<meta property=\"og:image\" content=\"https:\/\/brtk.net\/wp-content\/uploads\/2025\/01\/21\/1737443193037AA-20250121-36813285-36813281-KARTALKAYA_KAYAK_MERKEZINDE_BIR_OTELDE_YANGIN_CIKTI-scaled.jpg?ver=fd3e8f2cb49b329678e71cd0fe2b6a0b\" \/>\n<meta name=\"author\" content=\"Kuzeyin Sesi\" \/>\n<meta name=\"twitter:card\" content=\"summary_large_image\" \/>\n<meta name=\"twitter:creator\" content=\"@kuzeyinsesii\" \/>\n<meta name=\"twitter:site\" content=\"@kuzeyinsesii\" \/>\n<meta name=\"twitter:label1\" content=\"Yazan:\" \/>\n\t<meta name=\"twitter:data1\" content=\"Kuzeyin Sesi\" \/>\n\t<meta name=\"twitter:label2\" content=\"Tahmini okuma s\u00fcresi\" \/>\n\t<meta name=\"twitter:data2\" content=\"2 dakika\" \/>\n<script type=\"application\/ld+json\" class=\"yoast-schema-graph\">{\"@context\":\"https:\\\/\\\/schema.org\",\"@graph\":[{\"@type\":\"Article\",\"@id\":\"https:\\\/\\\/kuzeyinsesi.org\\\/index.php\\\/2025\\\/01\\\/21\\\/boluda-kartalkaya-kayak-merkezinde-bir-otelde-cikan-yanginda-10-kisi-oldu-32-kisi-yaralandi\\\/#article\",\"isPartOf\":{\"@id\":\"https:\\\/\\\/kuzeyinsesi.org\\\/index.php\\\/2025\\\/01\\\/21\\\/boluda-kartalkaya-kayak-merkezinde-bir-otelde-cikan-yanginda-10-kisi-oldu-32-kisi-yaralandi\\\/\"},\"author\":{\"name\":\"Kuzeyin Sesi\",\"@id\":\"https:\\\/\\\/kuzeyinsesi.org\\\/#\\\/schema\\\/person\\\/9f859689cdf01485597712386e37f5aa\"},\"headline\":\"Bolu\u2019da Kartalkaya Kayak Merkezi\u2019nde bir otelde \u00e7\u0131kan yang\u0131nda 10 ki\u015fi \u00f6ld\u00fc, 32 ki\u015fi yaraland\u0131\",\"datePublished\":\"2025-01-21T07:25:57+00:00\",\"mainEntityOfPage\":{\"@id\":\"https:\\\/\\\/kuzeyinsesi.org\\\/index.php\\\/2025\\\/01\\\/21\\\/boluda-kartalkaya-kayak-merkezinde-bir-otelde-cikan-yanginda-10-kisi-oldu-32-kisi-yaralandi\\\/\"},\"wordCount\":357,\"commentCount\":0,\"image\":{\"@id\":\"https:\\\/\\\/kuzeyinsesi.org\\\/index.php\\\/2025\\\/01\\\/21\\\/boluda-kartalkaya-kayak-merkezinde-bir-otelde-cikan-yanginda-10-kisi-oldu-32-kisi-yaralandi\\\/#primaryimage\"},\"thumbnailUrl\":\"https:\\\/\\\/kuzeyinsesi.org\\\/wp-content\\\/uploads\\\/2025\\\/01\\\/1737443193037AA-20250121-36813285-36813281-KARTALKAYA_KAYAK_MERKEZINDE_BIR_OTELDE_YANGIN_CIKTI-scale.jpeg\",\"articleSection\":[\"T\u00fcrkiye\"],\"inLanguage\":\"tr\",\"potentialAction\":[{\"@type\":\"CommentAction\",\"name\":\"Comment\",\"target\":[\"https:\\\/\\\/kuzeyinsesi.org\\\/index.php\\\/2025\\\/01\\\/21\\\/boluda-kartalkaya-kayak-merkezinde-bir-otelde-cikan-yanginda-10-kisi-oldu-32-kisi-yaralandi\\\/#respond\"]}]},{\"@type\":\"WebPage\",\"@id\":\"https:\\\/\\\/kuzeyinsesi.org\\\/index.php\\\/2025\\\/01\\\/21\\\/boluda-kartalkaya-kayak-merkezinde-bir-otelde-cikan-yanginda-10-kisi-oldu-32-kisi-yaralandi\\\/\",\"url\":\"https:\\\/\\\/kuzeyinsesi.org\\\/index.php\\\/2025\\\/01\\\/21\\\/boluda-kartalkaya-kayak-merkezinde-bir-otelde-cikan-yanginda-10-kisi-oldu-32-kisi-yaralandi\\\/\",\"name\":\"Bolu\u2019da Kartalkaya Kayak Merkezi\u2019nde bir otelde \u00e7\u0131kan yang\u0131nda 10 ki\u015fi \u00f6ld\u00fc, 32 ki\u015fi yaraland\u0131 - Kuzeyin Sesi\",\"isPartOf\":{\"@id\":\"https:\\\/\\\/kuzeyinsesi.org\\\/#website\"},\"primaryImageOfPage\":{\"@id\":\"https:\\\/\\\/kuzeyinsesi.org\\\/index.php\\\/2025\\\/01\\\/21\\\/boluda-kartalkaya-kayak-merkezinde-bir-otelde-cikan-yanginda-10-kisi-oldu-32-kisi-yaralandi\\\/#primaryimage\"},\"image\":{\"@id\":\"https:\\\/\\\/kuzeyinsesi.org\\\/index.php\\\/2025\\\/01\\\/21\\\/boluda-kartalkaya-kayak-merkezinde-bir-otelde-cikan-yanginda-10-kisi-oldu-32-kisi-yaralandi\\\/#primaryimage\"},\"thumbnailUrl\":\"https:\\\/\\\/kuzeyinsesi.org\\\/wp-content\\\/uploads\\\/2025\\\/01\\\/1737443193037AA-20250121-36813285-36813281-KARTALKAYA_KAYAK_MERKEZINDE_BIR_OTELDE_YANGIN_CIKTI-scale.jpeg\",\"datePublished\":\"2025-01-21T07:25:57+00:00\",\"author\":{\"@id\":\"https:\\\/\\\/kuzeyinsesi.org\\\/#\\\/schema\\\/person\\\/9f859689cdf01485597712386e37f5aa\"},\"breadcrumb\":{\"@id\":\"https:\\\/\\\/kuzeyinsesi.org\\\/index.php\\\/2025\\\/01\\\/21\\\/boluda-kartalkaya-kayak-merkezinde-bir-otelde-cikan-yanginda-10-kisi-oldu-32-kisi-yaralandi\\\/#breadcrumb\"},\"inLanguage\":\"tr\",\"potentialAction\":[{\"@type\":\"ReadAction\",\"target\":[\"https:\\\/\\\/kuzeyinsesi.org\\\/index.php\\\/2025\\\/01\\\/21\\\/boluda-kartalkaya-kayak-merkezinde-bir-otelde-cikan-yanginda-10-kisi-oldu-32-kisi-yaralandi\\\/\"]}]},{\"@type\":\"ImageObject\",\"inLanguage\":\"tr\",\"@id\":\"https:\\\/\\\/kuzeyinsesi.org\\\/index.php\\\/2025\\\/01\\\/21\\\/boluda-kartalkaya-kayak-merkezinde-bir-otelde-cikan-yanginda-10-kisi-oldu-32-kisi-yaralandi\\\/#primaryimage\",\"url\":\"https:\\\/\\\/kuzeyinsesi.org\\\/wp-content\\\/uploads\\\/2025\\\/01\\\/1737443193037AA-20250121-36813285-36813281-KARTALKAYA_KAYAK_MERKEZINDE_BIR_OTELDE_YANGIN_CIKTI-scale.jpeg\",\"contentUrl\":\"https:\\\/\\\/kuzeyinsesi.org\\\/wp-content\\\/uploads\\\/2025\\\/01\\\/1737443193037AA-20250121-36813285-36813281-KARTALKAYA_KAYAK_MERKEZINDE_BIR_OTELDE_YANGIN_CIKTI-scale.jpeg\",\"width\":2560,\"height\":1440},{\"@type\":\"BreadcrumbList\",\"@id\":\"https:\\\/\\\/kuzeyinsesi.org\\\/index.php\\\/2025\\\/01\\\/21\\\/boluda-kartalkaya-kayak-merkezinde-bir-otelde-cikan-yanginda-10-kisi-oldu-32-kisi-yaralandi\\\/#breadcrumb\",\"itemListElement\":[{\"@type\":\"ListItem\",\"position\":1,\"name\":\"Anasayfa\",\"item\":\"https:\\\/\\\/kuzeyinsesi.org\\\/\"},{\"@type\":\"ListItem\",\"position\":2,\"name\":\"Bolu\u2019da Kartalkaya Kayak Merkezi\u2019nde bir otelde \u00e7\u0131kan yang\u0131nda 10 ki\u015fi \u00f6ld\u00fc, 32 ki\u015fi yaraland\u0131\"}]},{\"@type\":\"WebSite\",\"@id\":\"https:\\\/\\\/kuzeyinsesi.org\\\/#website\",\"url\":\"https:\\\/\\\/kuzeyinsesi.org\\\/\",\"name\":\"Kuzeyin Sesi\",\"description\":\"Do\u011fru Haberin Adresi\",\"potentialAction\":[{\"@type\":\"SearchAction\",\"target\":{\"@type\":\"EntryPoint\",\"urlTemplate\":\"https:\\\/\\\/kuzeyinsesi.org\\\/?s={search_term_string}\"},\"query-input\":{\"@type\":\"PropertyValueSpecification\",\"valueRequired\":true,\"valueName\":\"search_term_string\"}}],\"inLanguage\":\"tr\"},{\"@type\":\"Person\",\"@id\":\"https:\\\/\\\/kuzeyinsesi.org\\\/#\\\/schema\\\/person\\\/9f859689cdf01485597712386e37f5aa\",\"name\":\"Kuzeyin Sesi\",\"image\":{\"@type\":\"ImageObject\",\"inLanguage\":\"tr\",\"@id\":\"https:\\\/\\\/secure.gravatar.com\\\/avatar\\\/bab33852abfd8b282518d6ed81826833d77c3c882d9ab608add591ccace47a44?s=96&d=mm&r=g\",\"url\":\"https:\\\/\\\/secure.gravatar.com\\\/avatar\\\/bab33852abfd8b282518d6ed81826833d77c3c882d9ab608add591ccace47a44?s=96&d=mm&r=g\",\"contentUrl\":\"https:\\\/\\\/secure.gravatar.com\\\/avatar\\\/bab33852abfd8b282518d6ed81826833d77c3c882d9ab608add591ccace47a44?s=96&d=mm&r=g\",\"caption\":\"Kuzeyin Sesi\"},\"sameAs\":[\"https:\\\/\\\/kuzeyinsesi.org\"],\"url\":\"https:\\\/\\\/kuzeyinsesi.org\\\/index.php\\\/author\\\/guven\\\/\"}]}<\/script>\n<!-- \/ Yoast SEO plugin. -->","yoast_head_json":{"title":"Bolu\u2019da Kartalkaya Kayak Merkezi\u2019nde bir otelde \u00e7\u0131kan yang\u0131nda 10 ki\u015fi \u00f6ld\u00fc, 32 ki\u015fi yaraland\u0131 - Kuzeyin Sesi","robots":{"index":"index","follow":"follow","max-snippet":"max-snippet:-1","max-image-preview":"max-image-preview:large","max-video-preview":"max-video-preview:-1"},"canonical":"https:\/\/kuzeyinsesi.org\/index.php\/2025\/01\/21\/boluda-kartalkaya-kayak-merkezinde-bir-otelde-cikan-yanginda-10-kisi-oldu-32-kisi-yaralandi\/","og_locale":"tr_TR","og_type":"article","og_title":"Bolu\u2019da Kartalkaya Kayak Merkezi\u2019nde bir otelde \u00e7\u0131kan yang\u0131nda 10 ki\u015fi \u00f6ld\u00fc, 32 ki\u015fi yaraland\u0131 - Kuzeyin Sesi","og_description":"T\u00fcrkiye\u2019de Bolu\u2019da Kartalkaya Kayak Merkezi\u2019nin tan\u0131nan bir otelinde gece saatlerinde \u00e7\u0131kan yang\u0131nda en az 10 ki\u015fi hayat\u0131n\u0131 kaybetti. S\u00f6mestr tatili nedeniyle doluluk oran\u0131n\u0131n y\u00fczde 80-90\u2019a yakla\u015ft\u0131\u011f\u0131 12 katl\u0131 ah\u015fap otelde 234 ki\u015finin konaklad\u0131\u011f\u0131 belirtildi. T\u00fcrkiye \u0130\u00e7i\u015fleri Bakan\u0131 Ali Yerlikaya, Kartalkaya Kayak Merkezi\u2019nde otelde \u00e7\u0131kan yang\u0131nda \u015fimdiye kadar 10 ki\u015finin hayat\u0131n\u0131 kaybetti\u011fini, 32 ki\u015finin yaraland\u0131\u011f\u0131n\u0131 bildirdi. [&hellip;]","og_url":"https:\/\/kuzeyinsesi.org\/index.php\/2025\/01\/21\/boluda-kartalkaya-kayak-merkezinde-bir-otelde-cikan-yanginda-10-kisi-oldu-32-kisi-yaralandi\/","og_site_name":"Kuzeyin Sesi","article_publisher":"https:\/\/www.facebook.com\/kuzeyinsesii","article_published_time":"2025-01-21T07:25:57+00:00","og_image":[{"url":"https:\/\/brtk.net\/wp-content\/uploads\/2025\/01\/21\/1737443193037AA-20250121-36813285-36813281-KARTALKAYA_KAYAK_MERKEZINDE_BIR_OTELDE_YANGIN_CIKTI-scaled.jpg?ver=fd3e8f2cb49b329678e71cd0fe2b6a0b","type":"","width":"","height":""}],"author":"Kuzeyin Sesi","twitter_card":"summary_large_image","twitter_creator":"@kuzeyinsesii","twitter_site":"@kuzeyinsesii","twitter_misc":{"Yazan:":"Kuzeyin Sesi","Tahmini okuma s\u00fcresi":"2 dakika"},"schema":{"@context":"https:\/\/schema.org","@graph":[{"@type":"Article","@id":"https:\/\/kuzeyinsesi.org\/index.php\/2025\/01\/21\/boluda-kartalkaya-kayak-merkezinde-bir-otelde-cikan-yanginda-10-kisi-oldu-32-kisi-yaralandi\/#article","isPartOf":{"@id":"https:\/\/kuzeyinsesi.org\/index.php\/2025\/01\/21\/boluda-kartalkaya-kayak-merkezinde-bir-otelde-cikan-yanginda-10-kisi-oldu-32-kisi-yaralandi\/"},"author":{"name":"Kuzeyin Sesi","@id":"https:\/\/kuzeyinsesi.org\/#\/schema\/person\/9f859689cdf01485597712386e37f5aa"},"headline":"Bolu\u2019da Kartalkaya Kayak Merkezi\u2019nde bir otelde \u00e7\u0131kan yang\u0131nda 10 ki\u015fi \u00f6ld\u00fc, 32 ki\u015fi yaraland\u0131","datePublished":"2025-01-21T07:25:57+00:00","mainEntityOfPage":{"@id":"https:\/\/kuzeyinsesi.org\/index.php\/2025\/01\/21\/boluda-kartalkaya-kayak-merkezinde-bir-otelde-cikan-yanginda-10-kisi-oldu-32-kisi-yaralandi\/"},"wordCount":357,"commentCount":0,"image":{"@id":"https:\/\/kuzeyinsesi.org\/index.php\/2025\/01\/21\/boluda-kartalkaya-kayak-merkezinde-bir-otelde-cikan-yanginda-10-kisi-oldu-32-kisi-yaralandi\/#primaryimage"},"thumbnailUrl":"https:\/\/kuzeyinsesi.org\/wp-content\/uploads\/2025\/01\/1737443193037AA-20250121-36813285-36813281-KARTALKAYA_KAYAK_MERKEZINDE_BIR_OTELDE_YANGIN_CIKTI-scale.jpeg","articleSection":["T\u00fcrkiye"],"inLanguage":"tr","potentialAction":[{"@type":"CommentAction","name":"Comment","target":["https:\/\/kuzeyinsesi.org\/index.php\/2025\/01\/21\/boluda-kartalkaya-kayak-merkezinde-bir-otelde-cikan-yanginda-10-kisi-oldu-32-kisi-yaralandi\/#respond"]}]},{"@type":"WebPage","@id":"https:\/\/kuzeyinsesi.org\/index.php\/2025\/01\/21\/boluda-kartalkaya-kayak-merkezinde-bir-otelde-cikan-yanginda-10-kisi-oldu-32-kisi-yaralandi\/","url":"https:\/\/kuzeyinsesi.org\/index.php\/2025\/01\/21\/boluda-kartalkaya-kayak-merkezinde-bir-otelde-cikan-yanginda-10-kisi-oldu-32-kisi-yaralandi\/","name":"Bolu\u2019da Kartalkaya Kayak Merkezi\u2019nde bir otelde \u00e7\u0131kan yang\u0131nda 10 ki\u015fi \u00f6ld\u00fc, 32 ki\u015fi yaraland\u0131 - Kuzeyin Sesi","isPartOf":{"@id":"https:\/\/kuzeyinsesi.org\/#website"},"primaryImageOfPage":{"@id":"https:\/\/kuzeyinsesi.org\/index.php\/2025\/01\/21\/boluda-kartalkaya-kayak-merkezinde-bir-otelde-cikan-yanginda-10-kisi-oldu-32-kisi-yaralandi\/#primaryimage"},"image":{"@id":"https:\/\/kuzeyinsesi.org\/index.php\/2025\/01\/21\/boluda-kartalkaya-kayak-merkezinde-bir-otelde-cikan-yanginda-10-kisi-oldu-32-kisi-yaralandi\/#primaryimage"},"thumbnailUrl":"https:\/\/kuzeyinsesi.org\/wp-content\/uploads\/2025\/01\/1737443193037AA-20250121-36813285-36813281-KARTALKAYA_KAYAK_MERKEZINDE_BIR_OTELDE_YANGIN_CIKTI-scale.jpeg","datePublished":"2025-01-21T07:25:57+00:00","author":{"@id":"https:\/\/kuzeyinsesi.org\/#\/schema\/person\/9f859689cdf01485597712386e37f5aa"},"breadcrumb":{"@id":"https:\/\/kuzeyinsesi.org\/index.php\/2025\/01\/21\/boluda-kartalkaya-kayak-merkezinde-bir-otelde-cikan-yanginda-10-kisi-oldu-32-kisi-yaralandi\/#breadcrumb"},"inLanguage":"tr","potentialAction":[{"@type":"ReadAction","target":["https:\/\/kuzeyinsesi.org\/index.php\/2025\/01\/21\/boluda-kartalkaya-kayak-merkezinde-bir-otelde-cikan-yanginda-10-kisi-oldu-32-kisi-yaralandi\/"]}]},{"@type":"ImageObject","inLanguage":"tr","@id":"https:\/\/kuzeyinsesi.org\/index.php\/2025\/01\/21\/boluda-kartalkaya-kayak-merkezinde-bir-otelde-cikan-yanginda-10-kisi-oldu-32-kisi-yaralandi\/#primaryimage","url":"https:\/\/kuzeyinsesi.org\/wp-content\/uploads\/2025\/01\/1737443193037AA-20250121-36813285-36813281-KARTALKAYA_KAYAK_MERKEZINDE_BIR_OTELDE_YANGIN_CIKTI-scale.jpeg","contentUrl":"https:\/\/kuzeyinsesi.org\/wp-content\/uploads\/2025\/01\/1737443193037AA-20250121-36813285-36813281-KARTALKAYA_KAYAK_MERKEZINDE_BIR_OTELDE_YANGIN_CIKTI-scale.jpeg","width":2560,"height":1440},{"@type":"BreadcrumbList","@id":"https:\/\/kuzeyinsesi.org\/index.php\/2025\/01\/21\/boluda-kartalkaya-kayak-merkezinde-bir-otelde-cikan-yanginda-10-kisi-oldu-32-kisi-yaralandi\/#breadcrumb","itemListElement":[{"@type":"ListItem","position":1,"name":"Anasayfa","item":"https:\/\/kuzeyinsesi.org\/"},{"@type":"ListItem","position":2,"name":"Bolu\u2019da Kartalkaya Kayak Merkezi\u2019nde bir otelde \u00e7\u0131kan yang\u0131nda 10 ki\u015fi \u00f6ld\u00fc, 32 ki\u015fi yaraland\u0131"}]},{"@type":"WebSite","@id":"https:\/\/kuzeyinsesi.org\/#website","url":"https:\/\/kuzeyinsesi.org\/","name":"Kuzeyin Sesi","description":"Do\u011fru Haberin Adresi","potentialAction":[{"@type":"SearchAction","target":{"@type":"EntryPoint","urlTemplate":"https:\/\/kuzeyinsesi.org\/?s={search_term_string}"},"query-input":{"@type":"PropertyValueSpecification","valueRequired":true,"valueName":"search_term_string"}}],"inLanguage":"tr"},{"@type":"Person","@id":"https:\/\/kuzeyinsesi.org\/#\/schema\/person\/9f859689cdf01485597712386e37f5aa","name":"Kuzeyin Sesi","image":{"@type":"ImageObject","inLanguage":"tr","@id":"https:\/\/secure.gravatar.com\/avatar\/bab33852abfd8b282518d6ed81826833d77c3c882d9ab608add591ccace47a44?s=96&d=mm&r=g","url":"https:\/\/secure.gravatar.com\/avatar\/bab33852abfd8b282518d6ed81826833d77c3c882d9ab608add591ccace47a44?s=96&d=mm&r=g","contentUrl":"https:\/\/secure.gravatar.com\/avatar\/bab33852abfd8b282518d6ed81826833d77c3c882d9ab608add591ccace47a44?s=96&d=mm&r=g","caption":"Kuzeyin Sesi"},"sameAs":["https:\/\/kuzeyinsesi.org"],"url":"https:\/\/kuzeyinsesi.org\/index.php\/author\/guven\/"}]}},"_links":{"self":[{"href":"https:\/\/kuzeyinsesi.org\/index.php\/wp-json\/wp\/v2\/posts\/17667","targetHints":{"allow":["GET"]}}],"collection":[{"href":"https:\/\/kuzeyinsesi.org\/index.php\/wp-json\/wp\/v2\/posts"}],"about":[{"href":"https:\/\/kuzeyinsesi.org\/index.php\/wp-json\/wp\/v2\/types\/post"}],"author":[{"embeddable":true,"href":"https:\/\/kuzeyinsesi.org\/index.php\/wp-json\/wp\/v2\/users\/1"}],"replies":[{"embeddable":true,"href":"https:\/\/kuzeyinsesi.org\/index.php\/wp-json\/wp\/v2\/comments?post=17667"}],"version-history":[{"count":0,"href":"https:\/\/kuzeyinsesi.org\/index.php\/wp-json\/wp\/v2\/posts\/17667\/revisions"}],"wp:featuredmedia":[{"embeddable":true,"href":"https:\/\/kuzeyinsesi.org\/index.php\/wp-json\/wp\/v2\/media\/17668"}],"wp:attachment":[{"href":"https:\/\/kuzeyinsesi.org\/index.php\/wp-json\/wp\/v2\/media?parent=17667"}],"wp:term":[{"taxonomy":"category","embeddable":true,"href":"https:\/\/kuzeyinsesi.org\/index.php\/wp-json\/wp\/v2\/categories?post=17667"},{"taxonomy":"post_tag","embeddable":true,"href":"https:\/\/kuzeyinsesi.org\/index.php\/wp-json\/wp\/v2\/tags?post=17667"}],"curies":[{"name":"wp","href":"https:\/\/api.w.org\/{rel}","templated":true}]}}