{"id":17663,"date":"2025-01-21T07:30:02","date_gmt":"2025-01-21T05:30:02","guid":{"rendered":"https:\/\/kuzeyinsesi.org\/index.php\/2025\/01\/21\/kartalkaya-kayak-merkezinde-otel-yangini-6-olu-31-yarali\/"},"modified":"2025-01-21T07:30:02","modified_gmt":"2025-01-21T05:30:02","slug":"kartalkaya-kayak-merkezinde-otel-yangini-6-olu-31-yarali","status":"publish","type":"post","link":"https:\/\/kuzeyinsesi.org\/index.php\/2025\/01\/21\/kartalkaya-kayak-merkezinde-otel-yangini-6-olu-31-yarali\/","title":{"rendered":"Kartalkaya Kayak Merkezi\u2019nde otel yang\u0131n\u0131: 6 \u00f6l\u00fc, 31 yaral\u0131"},"content":{"rendered":"<div>\n<div class=\"mariselle-image-container center\">\n                                            <\/div>\n<p>\nBolu\u2019da Kartalkaya Kayak Merkezi\u2019nde bulunan bir otelde yang\u0131n \u00e7\u0131kt\u0131. Yang\u0131na m\u00fcdahale i\u00e7in \u00e7ok say\u0131da itfaiye ekibi sevk edilirken m\u00fc\u015fteriler de tahliye edilmeye \u00e7al\u0131\u015f\u0131l\u0131yor. Geni\u015f \u00e7apl\u0131 yang\u0131nda 6 ki\u015finin hayat\u0131n\u0131 kaybetti\u011fi, 31 ki\u015finin yaraland\u0131\u011f\u0131 \u00f6\u011frenildi.<\/p>\n<p>\u0130hbar \u00fczerine b\u00f6lgeye kent merkezi, il\u00e7eler ve \u00e7evre illerden \u00e7ok say\u0131da itfaiye, AFAD, UMKE ve sa\u011fl\u0131k ekibi ile helikopter sevk edildi.<\/p>\n<p>Yang\u0131n nedeniyle otelde kalanlar tahliye edilirken ekiplerin geni\u015f \u00e7apl\u0131 yang\u0131n\u0131 s\u00f6nd\u00fcrme \u00e7al\u0131\u015fmalar\u0131 s\u00fcr\u00fcyor.<\/p>\n<div class=\"mariselle-image-container center\">\n                <img decoding=\"async\" width=\"753\" height=\"565\" class=\"lazy-image\" alt=\"\" sizes=\"(max-width: 753px) 100vw, 753px\" src=\"https:\/\/brtk.net\/wp-content\/uploads\/2025\/01\/21\/aa_picture_20250121_36812493.jpg?ver=988cbec2ac6231debde09b84a91e9563\" srcset=\"https:\/\/brtk.net\/wp-content\/uploads\/2025\/01\/21\/aa_picture_20250121_36812493.jpg?ver=988cbec2ac6231debde09b84a91e9563 753w, https:\/\/brtk.net\/wp-content\/uploads\/2025\/01\/21\/aa_picture_20250121_36812493-300x225.jpg?ver=b148d15503f53c0925aff0e88de939b4 300w\"\/>                            <\/div>\n<p><strong>\u201c\u015eu anda 6 vefat, 31 yaral\u0131m\u0131z var\u201d<\/strong><br \/>Bolu Valisi Abd\u00fclaziz Ayd\u0131n, TRT Haber canl\u0131 yay\u0131n\u0131nda, 234 civar\u0131nda misafirin kald\u0131\u011f\u0131 otelde gece 03.30 s\u0131ralar\u0131nda ilk belirlemelere g\u00f6re, restoran kat\u0131nda yang\u0131n \u00e7\u0131kt\u0131\u011f\u0131n\u0131 a\u00e7\u0131klad\u0131.<\/p>\n<p>Alevlerin buradan yay\u0131ld\u0131\u011f\u0131n\u0131 aktaran Vali Ayd\u0131n, \u201d 6 vatanda\u015f\u0131m\u0131z hayat\u0131n\u0131 kaybetti. 31 yaral\u0131m\u0131zdan 26\u2019s\u0131n\u0131n durumu orta seviyede, 2\u2019sinin durumu a\u011f\u0131r. Vefatlardan 2\u2019si panikle atlamak suretiyle olu\u015fuyor. Yaral\u0131lar\u0131m\u0131z\u0131n durumu genel manada iyi. Otelin yak\u0131n\u0131nda bulunan ba\u015fka bir otelin misafirlerini de tedbir ama\u00e7l\u0131 tahliye ettik. Yang\u0131n b\u00fcy\u00fck oranda kontrol alt\u0131na al\u0131nd\u0131. Cumhuriyet Ba\u015fsavc\u0131s\u0131 da i\u015flemlere ba\u015flad\u0131\u201d dedi.<\/p>\n<\/p><\/div>\n<p><script async\n                    defer\n                    crossorigin=\"anonymous\"\n                    src=\"https:\/\/connect.facebook.net\/tr_TR\/sdk.js#xfbml=1&#038;version=v3.3\"\n            ><\/script><\/p>\n","protected":false},"excerpt":{"rendered":"<p>Bolu\u2019da Kartalkaya Kayak Merkezi\u2019nde bulunan bir otelde yang\u0131n \u00e7\u0131kt\u0131. Yang\u0131na m\u00fcdahale i\u00e7in \u00e7ok say\u0131da itfaiye ekibi sevk edilirken m\u00fc\u015fteriler de tahliye edilmeye \u00e7al\u0131\u015f\u0131l\u0131yor. Geni\u015f \u00e7apl\u0131 yang\u0131nda 6 ki\u015finin hayat\u0131n\u0131 kaybetti\u011fi, 31 ki\u015finin yaraland\u0131\u011f\u0131 \u00f6\u011frenildi. \u0130hbar \u00fczerine b\u00f6lgeye kent merkezi, il\u00e7eler ve \u00e7evre illerden \u00e7ok say\u0131da itfaiye, AFAD, UMKE ve sa\u011fl\u0131k ekibi ile helikopter sevk edildi. [&hellip;]<\/p>\n","protected":false},"author":1,"featured_media":17664,"comment_status":"open","ping_status":"open","sticky":false,"template":"","format":"standard","meta":{"jnews-multi-image_gallery":[],"jnews_single_post":[],"jnews_primary_category":[],"jnews_social_meta":[],"jnews_override_counter":[],"footnotes":""},"categories":[5],"tags":[],"class_list":["post-17663","post","type-post","status-publish","format-standard","has-post-thumbnail","hentry","category-turkiye"],"yoast_head":"<!-- This site is optimized with the Yoast SEO plugin v27.4 - https:\/\/yoast.com\/product\/yoast-seo-wordpress\/ -->\n<title>Kartalkaya Kayak Merkezi\u2019nde otel yang\u0131n\u0131: 6 \u00f6l\u00fc, 31 yaral\u0131 - Kuzeyin Sesi<\/title>\n<meta name=\"robots\" content=\"index, follow, max-snippet:-1, max-image-preview:large, max-video-preview:-1\" \/>\n<link rel=\"canonical\" href=\"https:\/\/kuzeyinsesi.org\/index.php\/2025\/01\/21\/kartalkaya-kayak-merkezinde-otel-yangini-6-olu-31-yarali\/\" \/>\n<meta property=\"og:locale\" content=\"tr_TR\" \/>\n<meta property=\"og:type\" content=\"article\" \/>\n<meta property=\"og:title\" content=\"Kartalkaya Kayak Merkezi\u2019nde otel yang\u0131n\u0131: 6 \u00f6l\u00fc, 31 yaral\u0131 - Kuzeyin Sesi\" \/>\n<meta property=\"og:description\" content=\"Bolu\u2019da Kartalkaya Kayak Merkezi\u2019nde bulunan bir otelde yang\u0131n \u00e7\u0131kt\u0131. Yang\u0131na m\u00fcdahale i\u00e7in \u00e7ok say\u0131da itfaiye ekibi sevk edilirken m\u00fc\u015fteriler de tahliye edilmeye \u00e7al\u0131\u015f\u0131l\u0131yor. Geni\u015f \u00e7apl\u0131 yang\u0131nda 6 ki\u015finin hayat\u0131n\u0131 kaybetti\u011fi, 31 ki\u015finin yaraland\u0131\u011f\u0131 \u00f6\u011frenildi. \u0130hbar \u00fczerine b\u00f6lgeye kent merkezi, il\u00e7eler ve \u00e7evre illerden \u00e7ok say\u0131da itfaiye, AFAD, UMKE ve sa\u011fl\u0131k ekibi ile helikopter sevk edildi. [&hellip;]\" \/>\n<meta property=\"og:url\" content=\"https:\/\/kuzeyinsesi.org\/index.php\/2025\/01\/21\/kartalkaya-kayak-merkezinde-otel-yangini-6-olu-31-yarali\/\" \/>\n<meta property=\"og:site_name\" content=\"Kuzeyin Sesi\" \/>\n<meta property=\"article:publisher\" content=\"https:\/\/www.facebook.com\/kuzeyinsesii\" \/>\n<meta property=\"article:published_time\" content=\"2025-01-21T05:30:02+00:00\" \/>\n<meta property=\"og:image\" content=\"https:\/\/brtk.net\/wp-content\/uploads\/2025\/01\/21\/aa_picture_20250121_36812489.jpg?ver=34bba1f61e8d3f3abc7decb4f8ec3e35\" \/>\n<meta name=\"author\" content=\"Kuzeyin Sesi\" \/>\n<meta name=\"twitter:card\" content=\"summary_large_image\" \/>\n<meta name=\"twitter:creator\" content=\"@kuzeyinsesii\" \/>\n<meta name=\"twitter:site\" content=\"@kuzeyinsesii\" \/>\n<meta name=\"twitter:label1\" content=\"Yazan:\" \/>\n\t<meta name=\"twitter:data1\" content=\"Kuzeyin Sesi\" \/>\n\t<meta name=\"twitter:label2\" content=\"Tahmini okuma s\u00fcresi\" \/>\n\t<meta name=\"twitter:data2\" content=\"1 dakika\" \/>\n<script type=\"application\/ld+json\" class=\"yoast-schema-graph\">{\"@context\":\"https:\\\/\\\/schema.org\",\"@graph\":[{\"@type\":\"Article\",\"@id\":\"https:\\\/\\\/kuzeyinsesi.org\\\/index.php\\\/2025\\\/01\\\/21\\\/kartalkaya-kayak-merkezinde-otel-yangini-6-olu-31-yarali\\\/#article\",\"isPartOf\":{\"@id\":\"https:\\\/\\\/kuzeyinsesi.org\\\/index.php\\\/2025\\\/01\\\/21\\\/kartalkaya-kayak-merkezinde-otel-yangini-6-olu-31-yarali\\\/\"},\"author\":{\"name\":\"Kuzeyin Sesi\",\"@id\":\"https:\\\/\\\/kuzeyinsesi.org\\\/#\\\/schema\\\/person\\\/9f859689cdf01485597712386e37f5aa\"},\"headline\":\"Kartalkaya Kayak Merkezi\u2019nde otel yang\u0131n\u0131: 6 \u00f6l\u00fc, 31 yaral\u0131\",\"datePublished\":\"2025-01-21T05:30:02+00:00\",\"mainEntityOfPage\":{\"@id\":\"https:\\\/\\\/kuzeyinsesi.org\\\/index.php\\\/2025\\\/01\\\/21\\\/kartalkaya-kayak-merkezinde-otel-yangini-6-olu-31-yarali\\\/\"},\"wordCount\":224,\"commentCount\":0,\"image\":{\"@id\":\"https:\\\/\\\/kuzeyinsesi.org\\\/index.php\\\/2025\\\/01\\\/21\\\/kartalkaya-kayak-merkezinde-otel-yangini-6-olu-31-yarali\\\/#primaryimage\"},\"thumbnailUrl\":\"https:\\\/\\\/kuzeyinsesi.org\\\/wp-content\\\/uploads\\\/2025\\\/01\\\/aa_picture_20250121_36812489.jpg\",\"articleSection\":[\"T\u00fcrkiye\"],\"inLanguage\":\"tr\",\"potentialAction\":[{\"@type\":\"CommentAction\",\"name\":\"Comment\",\"target\":[\"https:\\\/\\\/kuzeyinsesi.org\\\/index.php\\\/2025\\\/01\\\/21\\\/kartalkaya-kayak-merkezinde-otel-yangini-6-olu-31-yarali\\\/#respond\"]}]},{\"@type\":\"WebPage\",\"@id\":\"https:\\\/\\\/kuzeyinsesi.org\\\/index.php\\\/2025\\\/01\\\/21\\\/kartalkaya-kayak-merkezinde-otel-yangini-6-olu-31-yarali\\\/\",\"url\":\"https:\\\/\\\/kuzeyinsesi.org\\\/index.php\\\/2025\\\/01\\\/21\\\/kartalkaya-kayak-merkezinde-otel-yangini-6-olu-31-yarali\\\/\",\"name\":\"Kartalkaya Kayak Merkezi\u2019nde otel yang\u0131n\u0131: 6 \u00f6l\u00fc, 31 yaral\u0131 - Kuzeyin Sesi\",\"isPartOf\":{\"@id\":\"https:\\\/\\\/kuzeyinsesi.org\\\/#website\"},\"primaryImageOfPage\":{\"@id\":\"https:\\\/\\\/kuzeyinsesi.org\\\/index.php\\\/2025\\\/01\\\/21\\\/kartalkaya-kayak-merkezinde-otel-yangini-6-olu-31-yarali\\\/#primaryimage\"},\"image\":{\"@id\":\"https:\\\/\\\/kuzeyinsesi.org\\\/index.php\\\/2025\\\/01\\\/21\\\/kartalkaya-kayak-merkezinde-otel-yangini-6-olu-31-yarali\\\/#primaryimage\"},\"thumbnailUrl\":\"https:\\\/\\\/kuzeyinsesi.org\\\/wp-content\\\/uploads\\\/2025\\\/01\\\/aa_picture_20250121_36812489.jpg\",\"datePublished\":\"2025-01-21T05:30:02+00:00\",\"author\":{\"@id\":\"https:\\\/\\\/kuzeyinsesi.org\\\/#\\\/schema\\\/person\\\/9f859689cdf01485597712386e37f5aa\"},\"breadcrumb\":{\"@id\":\"https:\\\/\\\/kuzeyinsesi.org\\\/index.php\\\/2025\\\/01\\\/21\\\/kartalkaya-kayak-merkezinde-otel-yangini-6-olu-31-yarali\\\/#breadcrumb\"},\"inLanguage\":\"tr\",\"potentialAction\":[{\"@type\":\"ReadAction\",\"target\":[\"https:\\\/\\\/kuzeyinsesi.org\\\/index.php\\\/2025\\\/01\\\/21\\\/kartalkaya-kayak-merkezinde-otel-yangini-6-olu-31-yarali\\\/\"]}]},{\"@type\":\"ImageObject\",\"inLanguage\":\"tr\",\"@id\":\"https:\\\/\\\/kuzeyinsesi.org\\\/index.php\\\/2025\\\/01\\\/21\\\/kartalkaya-kayak-merkezinde-otel-yangini-6-olu-31-yarali\\\/#primaryimage\",\"url\":\"https:\\\/\\\/kuzeyinsesi.org\\\/wp-content\\\/uploads\\\/2025\\\/01\\\/aa_picture_20250121_36812489.jpg\",\"contentUrl\":\"https:\\\/\\\/kuzeyinsesi.org\\\/wp-content\\\/uploads\\\/2025\\\/01\\\/aa_picture_20250121_36812489.jpg\",\"width\":753,\"height\":565},{\"@type\":\"BreadcrumbList\",\"@id\":\"https:\\\/\\\/kuzeyinsesi.org\\\/index.php\\\/2025\\\/01\\\/21\\\/kartalkaya-kayak-merkezinde-otel-yangini-6-olu-31-yarali\\\/#breadcrumb\",\"itemListElement\":[{\"@type\":\"ListItem\",\"position\":1,\"name\":\"Anasayfa\",\"item\":\"https:\\\/\\\/kuzeyinsesi.org\\\/\"},{\"@type\":\"ListItem\",\"position\":2,\"name\":\"Kartalkaya Kayak Merkezi\u2019nde otel yang\u0131n\u0131: 6 \u00f6l\u00fc, 31 yaral\u0131\"}]},{\"@type\":\"WebSite\",\"@id\":\"https:\\\/\\\/kuzeyinsesi.org\\\/#website\",\"url\":\"https:\\\/\\\/kuzeyinsesi.org\\\/\",\"name\":\"Kuzeyin Sesi\",\"description\":\"Do\u011fru Haberin Adresi\",\"potentialAction\":[{\"@type\":\"SearchAction\",\"target\":{\"@type\":\"EntryPoint\",\"urlTemplate\":\"https:\\\/\\\/kuzeyinsesi.org\\\/?s={search_term_string}\"},\"query-input\":{\"@type\":\"PropertyValueSpecification\",\"valueRequired\":true,\"valueName\":\"search_term_string\"}}],\"inLanguage\":\"tr\"},{\"@type\":\"Person\",\"@id\":\"https:\\\/\\\/kuzeyinsesi.org\\\/#\\\/schema\\\/person\\\/9f859689cdf01485597712386e37f5aa\",\"name\":\"Kuzeyin Sesi\",\"image\":{\"@type\":\"ImageObject\",\"inLanguage\":\"tr\",\"@id\":\"https:\\\/\\\/secure.gravatar.com\\\/avatar\\\/bab33852abfd8b282518d6ed81826833d77c3c882d9ab608add591ccace47a44?s=96&d=mm&r=g\",\"url\":\"https:\\\/\\\/secure.gravatar.com\\\/avatar\\\/bab33852abfd8b282518d6ed81826833d77c3c882d9ab608add591ccace47a44?s=96&d=mm&r=g\",\"contentUrl\":\"https:\\\/\\\/secure.gravatar.com\\\/avatar\\\/bab33852abfd8b282518d6ed81826833d77c3c882d9ab608add591ccace47a44?s=96&d=mm&r=g\",\"caption\":\"Kuzeyin Sesi\"},\"sameAs\":[\"https:\\\/\\\/kuzeyinsesi.org\"],\"url\":\"https:\\\/\\\/kuzeyinsesi.org\\\/index.php\\\/author\\\/guven\\\/\"}]}<\/script>\n<!-- \/ Yoast SEO plugin. -->","yoast_head_json":{"title":"Kartalkaya Kayak Merkezi\u2019nde otel yang\u0131n\u0131: 6 \u00f6l\u00fc, 31 yaral\u0131 - Kuzeyin Sesi","robots":{"index":"index","follow":"follow","max-snippet":"max-snippet:-1","max-image-preview":"max-image-preview:large","max-video-preview":"max-video-preview:-1"},"canonical":"https:\/\/kuzeyinsesi.org\/index.php\/2025\/01\/21\/kartalkaya-kayak-merkezinde-otel-yangini-6-olu-31-yarali\/","og_locale":"tr_TR","og_type":"article","og_title":"Kartalkaya Kayak Merkezi\u2019nde otel yang\u0131n\u0131: 6 \u00f6l\u00fc, 31 yaral\u0131 - Kuzeyin Sesi","og_description":"Bolu\u2019da Kartalkaya Kayak Merkezi\u2019nde bulunan bir otelde yang\u0131n \u00e7\u0131kt\u0131. Yang\u0131na m\u00fcdahale i\u00e7in \u00e7ok say\u0131da itfaiye ekibi sevk edilirken m\u00fc\u015fteriler de tahliye edilmeye \u00e7al\u0131\u015f\u0131l\u0131yor. Geni\u015f \u00e7apl\u0131 yang\u0131nda 6 ki\u015finin hayat\u0131n\u0131 kaybetti\u011fi, 31 ki\u015finin yaraland\u0131\u011f\u0131 \u00f6\u011frenildi. \u0130hbar \u00fczerine b\u00f6lgeye kent merkezi, il\u00e7eler ve \u00e7evre illerden \u00e7ok say\u0131da itfaiye, AFAD, UMKE ve sa\u011fl\u0131k ekibi ile helikopter sevk edildi. [&hellip;]","og_url":"https:\/\/kuzeyinsesi.org\/index.php\/2025\/01\/21\/kartalkaya-kayak-merkezinde-otel-yangini-6-olu-31-yarali\/","og_site_name":"Kuzeyin Sesi","article_publisher":"https:\/\/www.facebook.com\/kuzeyinsesii","article_published_time":"2025-01-21T05:30:02+00:00","og_image":[{"url":"https:\/\/brtk.net\/wp-content\/uploads\/2025\/01\/21\/aa_picture_20250121_36812489.jpg?ver=34bba1f61e8d3f3abc7decb4f8ec3e35","type":"","width":"","height":""}],"author":"Kuzeyin Sesi","twitter_card":"summary_large_image","twitter_creator":"@kuzeyinsesii","twitter_site":"@kuzeyinsesii","twitter_misc":{"Yazan:":"Kuzeyin Sesi","Tahmini okuma s\u00fcresi":"1 dakika"},"schema":{"@context":"https:\/\/schema.org","@graph":[{"@type":"Article","@id":"https:\/\/kuzeyinsesi.org\/index.php\/2025\/01\/21\/kartalkaya-kayak-merkezinde-otel-yangini-6-olu-31-yarali\/#article","isPartOf":{"@id":"https:\/\/kuzeyinsesi.org\/index.php\/2025\/01\/21\/kartalkaya-kayak-merkezinde-otel-yangini-6-olu-31-yarali\/"},"author":{"name":"Kuzeyin Sesi","@id":"https:\/\/kuzeyinsesi.org\/#\/schema\/person\/9f859689cdf01485597712386e37f5aa"},"headline":"Kartalkaya Kayak Merkezi\u2019nde otel yang\u0131n\u0131: 6 \u00f6l\u00fc, 31 yaral\u0131","datePublished":"2025-01-21T05:30:02+00:00","mainEntityOfPage":{"@id":"https:\/\/kuzeyinsesi.org\/index.php\/2025\/01\/21\/kartalkaya-kayak-merkezinde-otel-yangini-6-olu-31-yarali\/"},"wordCount":224,"commentCount":0,"image":{"@id":"https:\/\/kuzeyinsesi.org\/index.php\/2025\/01\/21\/kartalkaya-kayak-merkezinde-otel-yangini-6-olu-31-yarali\/#primaryimage"},"thumbnailUrl":"https:\/\/kuzeyinsesi.org\/wp-content\/uploads\/2025\/01\/aa_picture_20250121_36812489.jpg","articleSection":["T\u00fcrkiye"],"inLanguage":"tr","potentialAction":[{"@type":"CommentAction","name":"Comment","target":["https:\/\/kuzeyinsesi.org\/index.php\/2025\/01\/21\/kartalkaya-kayak-merkezinde-otel-yangini-6-olu-31-yarali\/#respond"]}]},{"@type":"WebPage","@id":"https:\/\/kuzeyinsesi.org\/index.php\/2025\/01\/21\/kartalkaya-kayak-merkezinde-otel-yangini-6-olu-31-yarali\/","url":"https:\/\/kuzeyinsesi.org\/index.php\/2025\/01\/21\/kartalkaya-kayak-merkezinde-otel-yangini-6-olu-31-yarali\/","name":"Kartalkaya Kayak Merkezi\u2019nde otel yang\u0131n\u0131: 6 \u00f6l\u00fc, 31 yaral\u0131 - Kuzeyin Sesi","isPartOf":{"@id":"https:\/\/kuzeyinsesi.org\/#website"},"primaryImageOfPage":{"@id":"https:\/\/kuzeyinsesi.org\/index.php\/2025\/01\/21\/kartalkaya-kayak-merkezinde-otel-yangini-6-olu-31-yarali\/#primaryimage"},"image":{"@id":"https:\/\/kuzeyinsesi.org\/index.php\/2025\/01\/21\/kartalkaya-kayak-merkezinde-otel-yangini-6-olu-31-yarali\/#primaryimage"},"thumbnailUrl":"https:\/\/kuzeyinsesi.org\/wp-content\/uploads\/2025\/01\/aa_picture_20250121_36812489.jpg","datePublished":"2025-01-21T05:30:02+00:00","author":{"@id":"https:\/\/kuzeyinsesi.org\/#\/schema\/person\/9f859689cdf01485597712386e37f5aa"},"breadcrumb":{"@id":"https:\/\/kuzeyinsesi.org\/index.php\/2025\/01\/21\/kartalkaya-kayak-merkezinde-otel-yangini-6-olu-31-yarali\/#breadcrumb"},"inLanguage":"tr","potentialAction":[{"@type":"ReadAction","target":["https:\/\/kuzeyinsesi.org\/index.php\/2025\/01\/21\/kartalkaya-kayak-merkezinde-otel-yangini-6-olu-31-yarali\/"]}]},{"@type":"ImageObject","inLanguage":"tr","@id":"https:\/\/kuzeyinsesi.org\/index.php\/2025\/01\/21\/kartalkaya-kayak-merkezinde-otel-yangini-6-olu-31-yarali\/#primaryimage","url":"https:\/\/kuzeyinsesi.org\/wp-content\/uploads\/2025\/01\/aa_picture_20250121_36812489.jpg","contentUrl":"https:\/\/kuzeyinsesi.org\/wp-content\/uploads\/2025\/01\/aa_picture_20250121_36812489.jpg","width":753,"height":565},{"@type":"BreadcrumbList","@id":"https:\/\/kuzeyinsesi.org\/index.php\/2025\/01\/21\/kartalkaya-kayak-merkezinde-otel-yangini-6-olu-31-yarali\/#breadcrumb","itemListElement":[{"@type":"ListItem","position":1,"name":"Anasayfa","item":"https:\/\/kuzeyinsesi.org\/"},{"@type":"ListItem","position":2,"name":"Kartalkaya Kayak Merkezi\u2019nde otel yang\u0131n\u0131: 6 \u00f6l\u00fc, 31 yaral\u0131"}]},{"@type":"WebSite","@id":"https:\/\/kuzeyinsesi.org\/#website","url":"https:\/\/kuzeyinsesi.org\/","name":"Kuzeyin Sesi","description":"Do\u011fru Haberin Adresi","potentialAction":[{"@type":"SearchAction","target":{"@type":"EntryPoint","urlTemplate":"https:\/\/kuzeyinsesi.org\/?s={search_term_string}"},"query-input":{"@type":"PropertyValueSpecification","valueRequired":true,"valueName":"search_term_string"}}],"inLanguage":"tr"},{"@type":"Person","@id":"https:\/\/kuzeyinsesi.org\/#\/schema\/person\/9f859689cdf01485597712386e37f5aa","name":"Kuzeyin Sesi","image":{"@type":"ImageObject","inLanguage":"tr","@id":"https:\/\/secure.gravatar.com\/avatar\/bab33852abfd8b282518d6ed81826833d77c3c882d9ab608add591ccace47a44?s=96&d=mm&r=g","url":"https:\/\/secure.gravatar.com\/avatar\/bab33852abfd8b282518d6ed81826833d77c3c882d9ab608add591ccace47a44?s=96&d=mm&r=g","contentUrl":"https:\/\/secure.gravatar.com\/avatar\/bab33852abfd8b282518d6ed81826833d77c3c882d9ab608add591ccace47a44?s=96&d=mm&r=g","caption":"Kuzeyin Sesi"},"sameAs":["https:\/\/kuzeyinsesi.org"],"url":"https:\/\/kuzeyinsesi.org\/index.php\/author\/guven\/"}]}},"_links":{"self":[{"href":"https:\/\/kuzeyinsesi.org\/index.php\/wp-json\/wp\/v2\/posts\/17663","targetHints":{"allow":["GET"]}}],"collection":[{"href":"https:\/\/kuzeyinsesi.org\/index.php\/wp-json\/wp\/v2\/posts"}],"about":[{"href":"https:\/\/kuzeyinsesi.org\/index.php\/wp-json\/wp\/v2\/types\/post"}],"author":[{"embeddable":true,"href":"https:\/\/kuzeyinsesi.org\/index.php\/wp-json\/wp\/v2\/users\/1"}],"replies":[{"embeddable":true,"href":"https:\/\/kuzeyinsesi.org\/index.php\/wp-json\/wp\/v2\/comments?post=17663"}],"version-history":[{"count":0,"href":"https:\/\/kuzeyinsesi.org\/index.php\/wp-json\/wp\/v2\/posts\/17663\/revisions"}],"wp:featuredmedia":[{"embeddable":true,"href":"https:\/\/kuzeyinsesi.org\/index.php\/wp-json\/wp\/v2\/media\/17664"}],"wp:attachment":[{"href":"https:\/\/kuzeyinsesi.org\/index.php\/wp-json\/wp\/v2\/media?parent=17663"}],"wp:term":[{"taxonomy":"category","embeddable":true,"href":"https:\/\/kuzeyinsesi.org\/index.php\/wp-json\/wp\/v2\/categories?post=17663"},{"taxonomy":"post_tag","embeddable":true,"href":"https:\/\/kuzeyinsesi.org\/index.php\/wp-json\/wp\/v2\/tags?post=17663"}],"curies":[{"name":"wp","href":"https:\/\/api.w.org\/{rel}","templated":true}]}}