{"id":17639,"date":"2025-01-20T15:40:01","date_gmt":"2025-01-20T13:40:01","guid":{"rendered":"https:\/\/kuzeyinsesi.org\/index.php\/2025\/01\/20\/ruya-ile-gercek-projesi-basliyor\/"},"modified":"2025-01-20T15:40:01","modified_gmt":"2025-01-20T13:40:01","slug":"ruya-ile-gercek-projesi-basliyor","status":"publish","type":"post","link":"https:\/\/kuzeyinsesi.org\/index.php\/2025\/01\/20\/ruya-ile-gercek-projesi-basliyor\/","title":{"rendered":"\u201cR\u00fcya ile Ger\u00e7ek\u201d projesi ba\u015fl\u0131yor"},"content":{"rendered":"<div>\n<div class=\"mariselle-image-container center\">\n                                            <\/div>\n<p>Milli E\u011fitim Bakanl\u0131\u011f\u0131 \u201cR\u00fcya ile Ger\u00e7ek\u201d projesi ba\u015fl\u0131yor.<\/p>\n<p>Milli E\u011fitim Bakanl\u0131\u011f\u0131 Bas\u0131n B\u00fcrosu\u2019ndan yap\u0131lan a\u00e7\u0131klamaya g\u00f6re, ilkokul ve kademeli okullar\u0131 kapsayan bir ziyaret program\u0131n\u0131 i\u00e7eren proje kapsam\u0131nda, piyanist R\u00fcya Taner, \u00f6\u011frencilerle bir araya gelerek, onlara ilham verecek bir dizi etkinlik d\u00fczenleyecek.<\/p>\n<p>R\u00fcya Taner, ziyaret etti\u011fi okullarda miniklerle sohbet edecek, onlar\u0131n sorular\u0131n\u0131 dinleyecek ve m\u00fczikle dolu keyifli anlar ya\u015fatacak. Etkinlikler, \u00e7ocuklar\u0131n sanata ve m\u00fczi\u011fe olan ilgisini art\u0131rmay\u0131, onlar\u0131n hayal d\u00fcnyalar\u0131n\u0131 zenginle\u015ftirmeyi ve k\u00fclt\u00fcrel fark\u0131ndal\u0131klar\u0131n\u0131 g\u00fc\u00e7lendirmek ve \u00f6zendirmek amac\u0131 ta\u015f\u0131yor.<\/p>\n<p>Proje, \u00fclkenin farkl\u0131 noktalar\u0131ndaki okullara dokunarak, hem \u00f6\u011frencilerin hem de e\u011fitim d\u00fcnyas\u0131n\u0131n sanatla bulu\u015fmas\u0131n\u0131 sa\u011flayacak. <\/p>\n<p>Bu ba\u011flamda ilk bulu\u015fma yar\u0131n saat 10.00\u2019da Lefko\u015fa \u015eehit Tuncer \u0130lkokulunda ger\u00e7ekle\u015fecek. \u0130lk bulu\u015fmaya Milli E\u011fitim Bakan\u0131 Naz\u0131m \u00c7avu\u015fo\u011flu da kat\u0131lacak.<\/p>\n<\/p><\/div>\n<p><script async\n                    defer\n                    crossorigin=\"anonymous\"\n                    src=\"https:\/\/connect.facebook.net\/tr_TR\/sdk.js#xfbml=1&#038;version=v3.3\"\n            ><\/script><\/p>\n","protected":false},"excerpt":{"rendered":"<p>Milli E\u011fitim Bakanl\u0131\u011f\u0131 \u201cR\u00fcya ile Ger\u00e7ek\u201d projesi ba\u015fl\u0131yor. Milli E\u011fitim Bakanl\u0131\u011f\u0131 Bas\u0131n B\u00fcrosu\u2019ndan yap\u0131lan a\u00e7\u0131klamaya g\u00f6re, ilkokul ve kademeli okullar\u0131 kapsayan bir ziyaret program\u0131n\u0131 i\u00e7eren proje kapsam\u0131nda, piyanist R\u00fcya Taner, \u00f6\u011frencilerle bir araya gelerek, onlara ilham verecek bir dizi etkinlik d\u00fczenleyecek. R\u00fcya Taner, ziyaret etti\u011fi okullarda miniklerle sohbet edecek, onlar\u0131n sorular\u0131n\u0131 dinleyecek ve m\u00fczikle dolu [&hellip;]<\/p>\n","protected":false},"author":1,"featured_media":17640,"comment_status":"open","ping_status":"open","sticky":false,"template":"","format":"standard","meta":{"jnews-multi-image_gallery":[],"jnews_single_post":[],"jnews_primary_category":[],"jnews_social_meta":[],"jnews_override_counter":[],"footnotes":""},"categories":[6],"tags":[],"class_list":["post-17639","post","type-post","status-publish","format-standard","has-post-thumbnail","hentry","category-yasam"],"yoast_head":"<!-- This site is optimized with the Yoast SEO plugin v27.4 - https:\/\/yoast.com\/product\/yoast-seo-wordpress\/ -->\n<title>\u201cR\u00fcya ile Ger\u00e7ek\u201d projesi ba\u015fl\u0131yor - Kuzeyin Sesi<\/title>\n<meta name=\"robots\" content=\"index, follow, max-snippet:-1, max-image-preview:large, max-video-preview:-1\" \/>\n<link rel=\"canonical\" href=\"https:\/\/kuzeyinsesi.org\/index.php\/2025\/01\/20\/ruya-ile-gercek-projesi-basliyor\/\" \/>\n<meta property=\"og:locale\" content=\"tr_TR\" \/>\n<meta property=\"og:type\" content=\"article\" \/>\n<meta property=\"og:title\" content=\"\u201cR\u00fcya ile Ger\u00e7ek\u201d projesi ba\u015fl\u0131yor - Kuzeyin Sesi\" \/>\n<meta property=\"og:description\" content=\"Milli E\u011fitim Bakanl\u0131\u011f\u0131 \u201cR\u00fcya ile Ger\u00e7ek\u201d projesi ba\u015fl\u0131yor. Milli E\u011fitim Bakanl\u0131\u011f\u0131 Bas\u0131n B\u00fcrosu\u2019ndan yap\u0131lan a\u00e7\u0131klamaya g\u00f6re, ilkokul ve kademeli okullar\u0131 kapsayan bir ziyaret program\u0131n\u0131 i\u00e7eren proje kapsam\u0131nda, piyanist R\u00fcya Taner, \u00f6\u011frencilerle bir araya gelerek, onlara ilham verecek bir dizi etkinlik d\u00fczenleyecek. R\u00fcya Taner, ziyaret etti\u011fi okullarda miniklerle sohbet edecek, onlar\u0131n sorular\u0131n\u0131 dinleyecek ve m\u00fczikle dolu [&hellip;]\" \/>\n<meta property=\"og:url\" content=\"https:\/\/kuzeyinsesi.org\/index.php\/2025\/01\/20\/ruya-ile-gercek-projesi-basliyor\/\" \/>\n<meta property=\"og:site_name\" content=\"Kuzeyin Sesi\" \/>\n<meta property=\"article:publisher\" content=\"https:\/\/www.facebook.com\/kuzeyinsesii\" \/>\n<meta property=\"article:published_time\" content=\"2025-01-20T13:40:01+00:00\" \/>\n<meta property=\"og:image\" content=\"https:\/\/brtk.net\/wp-content\/uploads\/2025\/01\/20\/ruya-taner.jpg?ver=ab41987e7aac6ca8e0577aa05d68cce7\" \/>\n<meta name=\"author\" content=\"Kuzeyin Sesi\" \/>\n<meta name=\"twitter:card\" content=\"summary_large_image\" \/>\n<meta name=\"twitter:creator\" content=\"@kuzeyinsesii\" \/>\n<meta name=\"twitter:site\" content=\"@kuzeyinsesii\" \/>\n<meta name=\"twitter:label1\" content=\"Yazan:\" \/>\n\t<meta name=\"twitter:data1\" content=\"Kuzeyin Sesi\" \/>\n\t<meta name=\"twitter:label2\" content=\"Tahmini okuma s\u00fcresi\" \/>\n\t<meta name=\"twitter:data2\" content=\"1 dakika\" \/>\n<script type=\"application\/ld+json\" class=\"yoast-schema-graph\">{\"@context\":\"https:\\\/\\\/schema.org\",\"@graph\":[{\"@type\":\"Article\",\"@id\":\"https:\\\/\\\/kuzeyinsesi.org\\\/index.php\\\/2025\\\/01\\\/20\\\/ruya-ile-gercek-projesi-basliyor\\\/#article\",\"isPartOf\":{\"@id\":\"https:\\\/\\\/kuzeyinsesi.org\\\/index.php\\\/2025\\\/01\\\/20\\\/ruya-ile-gercek-projesi-basliyor\\\/\"},\"author\":{\"name\":\"Kuzeyin Sesi\",\"@id\":\"https:\\\/\\\/kuzeyinsesi.org\\\/#\\\/schema\\\/person\\\/9f859689cdf01485597712386e37f5aa\"},\"headline\":\"\u201cR\u00fcya ile Ger\u00e7ek\u201d projesi ba\u015fl\u0131yor\",\"datePublished\":\"2025-01-20T13:40:01+00:00\",\"mainEntityOfPage\":{\"@id\":\"https:\\\/\\\/kuzeyinsesi.org\\\/index.php\\\/2025\\\/01\\\/20\\\/ruya-ile-gercek-projesi-basliyor\\\/\"},\"wordCount\":181,\"commentCount\":0,\"image\":{\"@id\":\"https:\\\/\\\/kuzeyinsesi.org\\\/index.php\\\/2025\\\/01\\\/20\\\/ruya-ile-gercek-projesi-basliyor\\\/#primaryimage\"},\"thumbnailUrl\":\"https:\\\/\\\/kuzeyinsesi.org\\\/wp-content\\\/uploads\\\/2025\\\/01\\\/ruya-taner.jpg\",\"articleSection\":[\"Ya\u015fam\"],\"inLanguage\":\"tr\",\"potentialAction\":[{\"@type\":\"CommentAction\",\"name\":\"Comment\",\"target\":[\"https:\\\/\\\/kuzeyinsesi.org\\\/index.php\\\/2025\\\/01\\\/20\\\/ruya-ile-gercek-projesi-basliyor\\\/#respond\"]}]},{\"@type\":\"WebPage\",\"@id\":\"https:\\\/\\\/kuzeyinsesi.org\\\/index.php\\\/2025\\\/01\\\/20\\\/ruya-ile-gercek-projesi-basliyor\\\/\",\"url\":\"https:\\\/\\\/kuzeyinsesi.org\\\/index.php\\\/2025\\\/01\\\/20\\\/ruya-ile-gercek-projesi-basliyor\\\/\",\"name\":\"\u201cR\u00fcya ile Ger\u00e7ek\u201d projesi ba\u015fl\u0131yor - Kuzeyin Sesi\",\"isPartOf\":{\"@id\":\"https:\\\/\\\/kuzeyinsesi.org\\\/#website\"},\"primaryImageOfPage\":{\"@id\":\"https:\\\/\\\/kuzeyinsesi.org\\\/index.php\\\/2025\\\/01\\\/20\\\/ruya-ile-gercek-projesi-basliyor\\\/#primaryimage\"},\"image\":{\"@id\":\"https:\\\/\\\/kuzeyinsesi.org\\\/index.php\\\/2025\\\/01\\\/20\\\/ruya-ile-gercek-projesi-basliyor\\\/#primaryimage\"},\"thumbnailUrl\":\"https:\\\/\\\/kuzeyinsesi.org\\\/wp-content\\\/uploads\\\/2025\\\/01\\\/ruya-taner.jpg\",\"datePublished\":\"2025-01-20T13:40:01+00:00\",\"author\":{\"@id\":\"https:\\\/\\\/kuzeyinsesi.org\\\/#\\\/schema\\\/person\\\/9f859689cdf01485597712386e37f5aa\"},\"breadcrumb\":{\"@id\":\"https:\\\/\\\/kuzeyinsesi.org\\\/index.php\\\/2025\\\/01\\\/20\\\/ruya-ile-gercek-projesi-basliyor\\\/#breadcrumb\"},\"inLanguage\":\"tr\",\"potentialAction\":[{\"@type\":\"ReadAction\",\"target\":[\"https:\\\/\\\/kuzeyinsesi.org\\\/index.php\\\/2025\\\/01\\\/20\\\/ruya-ile-gercek-projesi-basliyor\\\/\"]}]},{\"@type\":\"ImageObject\",\"inLanguage\":\"tr\",\"@id\":\"https:\\\/\\\/kuzeyinsesi.org\\\/index.php\\\/2025\\\/01\\\/20\\\/ruya-ile-gercek-projesi-basliyor\\\/#primaryimage\",\"url\":\"https:\\\/\\\/kuzeyinsesi.org\\\/wp-content\\\/uploads\\\/2025\\\/01\\\/ruya-taner.jpg\",\"contentUrl\":\"https:\\\/\\\/kuzeyinsesi.org\\\/wp-content\\\/uploads\\\/2025\\\/01\\\/ruya-taner.jpg\",\"width\":1108,\"height\":399},{\"@type\":\"BreadcrumbList\",\"@id\":\"https:\\\/\\\/kuzeyinsesi.org\\\/index.php\\\/2025\\\/01\\\/20\\\/ruya-ile-gercek-projesi-basliyor\\\/#breadcrumb\",\"itemListElement\":[{\"@type\":\"ListItem\",\"position\":1,\"name\":\"Anasayfa\",\"item\":\"https:\\\/\\\/kuzeyinsesi.org\\\/\"},{\"@type\":\"ListItem\",\"position\":2,\"name\":\"\u201cR\u00fcya ile Ger\u00e7ek\u201d projesi ba\u015fl\u0131yor\"}]},{\"@type\":\"WebSite\",\"@id\":\"https:\\\/\\\/kuzeyinsesi.org\\\/#website\",\"url\":\"https:\\\/\\\/kuzeyinsesi.org\\\/\",\"name\":\"Kuzeyin Sesi\",\"description\":\"Do\u011fru Haberin Adresi\",\"potentialAction\":[{\"@type\":\"SearchAction\",\"target\":{\"@type\":\"EntryPoint\",\"urlTemplate\":\"https:\\\/\\\/kuzeyinsesi.org\\\/?s={search_term_string}\"},\"query-input\":{\"@type\":\"PropertyValueSpecification\",\"valueRequired\":true,\"valueName\":\"search_term_string\"}}],\"inLanguage\":\"tr\"},{\"@type\":\"Person\",\"@id\":\"https:\\\/\\\/kuzeyinsesi.org\\\/#\\\/schema\\\/person\\\/9f859689cdf01485597712386e37f5aa\",\"name\":\"Kuzeyin Sesi\",\"image\":{\"@type\":\"ImageObject\",\"inLanguage\":\"tr\",\"@id\":\"https:\\\/\\\/secure.gravatar.com\\\/avatar\\\/bab33852abfd8b282518d6ed81826833d77c3c882d9ab608add591ccace47a44?s=96&d=mm&r=g\",\"url\":\"https:\\\/\\\/secure.gravatar.com\\\/avatar\\\/bab33852abfd8b282518d6ed81826833d77c3c882d9ab608add591ccace47a44?s=96&d=mm&r=g\",\"contentUrl\":\"https:\\\/\\\/secure.gravatar.com\\\/avatar\\\/bab33852abfd8b282518d6ed81826833d77c3c882d9ab608add591ccace47a44?s=96&d=mm&r=g\",\"caption\":\"Kuzeyin Sesi\"},\"sameAs\":[\"https:\\\/\\\/kuzeyinsesi.org\"],\"url\":\"https:\\\/\\\/kuzeyinsesi.org\\\/index.php\\\/author\\\/guven\\\/\"}]}<\/script>\n<!-- \/ Yoast SEO plugin. -->","yoast_head_json":{"title":"\u201cR\u00fcya ile Ger\u00e7ek\u201d projesi ba\u015fl\u0131yor - Kuzeyin Sesi","robots":{"index":"index","follow":"follow","max-snippet":"max-snippet:-1","max-image-preview":"max-image-preview:large","max-video-preview":"max-video-preview:-1"},"canonical":"https:\/\/kuzeyinsesi.org\/index.php\/2025\/01\/20\/ruya-ile-gercek-projesi-basliyor\/","og_locale":"tr_TR","og_type":"article","og_title":"\u201cR\u00fcya ile Ger\u00e7ek\u201d projesi ba\u015fl\u0131yor - Kuzeyin Sesi","og_description":"Milli E\u011fitim Bakanl\u0131\u011f\u0131 \u201cR\u00fcya ile Ger\u00e7ek\u201d projesi ba\u015fl\u0131yor. Milli E\u011fitim Bakanl\u0131\u011f\u0131 Bas\u0131n B\u00fcrosu\u2019ndan yap\u0131lan a\u00e7\u0131klamaya g\u00f6re, ilkokul ve kademeli okullar\u0131 kapsayan bir ziyaret program\u0131n\u0131 i\u00e7eren proje kapsam\u0131nda, piyanist R\u00fcya Taner, \u00f6\u011frencilerle bir araya gelerek, onlara ilham verecek bir dizi etkinlik d\u00fczenleyecek. R\u00fcya Taner, ziyaret etti\u011fi okullarda miniklerle sohbet edecek, onlar\u0131n sorular\u0131n\u0131 dinleyecek ve m\u00fczikle dolu [&hellip;]","og_url":"https:\/\/kuzeyinsesi.org\/index.php\/2025\/01\/20\/ruya-ile-gercek-projesi-basliyor\/","og_site_name":"Kuzeyin Sesi","article_publisher":"https:\/\/www.facebook.com\/kuzeyinsesii","article_published_time":"2025-01-20T13:40:01+00:00","og_image":[{"url":"https:\/\/brtk.net\/wp-content\/uploads\/2025\/01\/20\/ruya-taner.jpg?ver=ab41987e7aac6ca8e0577aa05d68cce7","type":"","width":"","height":""}],"author":"Kuzeyin Sesi","twitter_card":"summary_large_image","twitter_creator":"@kuzeyinsesii","twitter_site":"@kuzeyinsesii","twitter_misc":{"Yazan:":"Kuzeyin Sesi","Tahmini okuma s\u00fcresi":"1 dakika"},"schema":{"@context":"https:\/\/schema.org","@graph":[{"@type":"Article","@id":"https:\/\/kuzeyinsesi.org\/index.php\/2025\/01\/20\/ruya-ile-gercek-projesi-basliyor\/#article","isPartOf":{"@id":"https:\/\/kuzeyinsesi.org\/index.php\/2025\/01\/20\/ruya-ile-gercek-projesi-basliyor\/"},"author":{"name":"Kuzeyin Sesi","@id":"https:\/\/kuzeyinsesi.org\/#\/schema\/person\/9f859689cdf01485597712386e37f5aa"},"headline":"\u201cR\u00fcya ile Ger\u00e7ek\u201d projesi ba\u015fl\u0131yor","datePublished":"2025-01-20T13:40:01+00:00","mainEntityOfPage":{"@id":"https:\/\/kuzeyinsesi.org\/index.php\/2025\/01\/20\/ruya-ile-gercek-projesi-basliyor\/"},"wordCount":181,"commentCount":0,"image":{"@id":"https:\/\/kuzeyinsesi.org\/index.php\/2025\/01\/20\/ruya-ile-gercek-projesi-basliyor\/#primaryimage"},"thumbnailUrl":"https:\/\/kuzeyinsesi.org\/wp-content\/uploads\/2025\/01\/ruya-taner.jpg","articleSection":["Ya\u015fam"],"inLanguage":"tr","potentialAction":[{"@type":"CommentAction","name":"Comment","target":["https:\/\/kuzeyinsesi.org\/index.php\/2025\/01\/20\/ruya-ile-gercek-projesi-basliyor\/#respond"]}]},{"@type":"WebPage","@id":"https:\/\/kuzeyinsesi.org\/index.php\/2025\/01\/20\/ruya-ile-gercek-projesi-basliyor\/","url":"https:\/\/kuzeyinsesi.org\/index.php\/2025\/01\/20\/ruya-ile-gercek-projesi-basliyor\/","name":"\u201cR\u00fcya ile Ger\u00e7ek\u201d projesi ba\u015fl\u0131yor - Kuzeyin Sesi","isPartOf":{"@id":"https:\/\/kuzeyinsesi.org\/#website"},"primaryImageOfPage":{"@id":"https:\/\/kuzeyinsesi.org\/index.php\/2025\/01\/20\/ruya-ile-gercek-projesi-basliyor\/#primaryimage"},"image":{"@id":"https:\/\/kuzeyinsesi.org\/index.php\/2025\/01\/20\/ruya-ile-gercek-projesi-basliyor\/#primaryimage"},"thumbnailUrl":"https:\/\/kuzeyinsesi.org\/wp-content\/uploads\/2025\/01\/ruya-taner.jpg","datePublished":"2025-01-20T13:40:01+00:00","author":{"@id":"https:\/\/kuzeyinsesi.org\/#\/schema\/person\/9f859689cdf01485597712386e37f5aa"},"breadcrumb":{"@id":"https:\/\/kuzeyinsesi.org\/index.php\/2025\/01\/20\/ruya-ile-gercek-projesi-basliyor\/#breadcrumb"},"inLanguage":"tr","potentialAction":[{"@type":"ReadAction","target":["https:\/\/kuzeyinsesi.org\/index.php\/2025\/01\/20\/ruya-ile-gercek-projesi-basliyor\/"]}]},{"@type":"ImageObject","inLanguage":"tr","@id":"https:\/\/kuzeyinsesi.org\/index.php\/2025\/01\/20\/ruya-ile-gercek-projesi-basliyor\/#primaryimage","url":"https:\/\/kuzeyinsesi.org\/wp-content\/uploads\/2025\/01\/ruya-taner.jpg","contentUrl":"https:\/\/kuzeyinsesi.org\/wp-content\/uploads\/2025\/01\/ruya-taner.jpg","width":1108,"height":399},{"@type":"BreadcrumbList","@id":"https:\/\/kuzeyinsesi.org\/index.php\/2025\/01\/20\/ruya-ile-gercek-projesi-basliyor\/#breadcrumb","itemListElement":[{"@type":"ListItem","position":1,"name":"Anasayfa","item":"https:\/\/kuzeyinsesi.org\/"},{"@type":"ListItem","position":2,"name":"\u201cR\u00fcya ile Ger\u00e7ek\u201d projesi ba\u015fl\u0131yor"}]},{"@type":"WebSite","@id":"https:\/\/kuzeyinsesi.org\/#website","url":"https:\/\/kuzeyinsesi.org\/","name":"Kuzeyin Sesi","description":"Do\u011fru Haberin Adresi","potentialAction":[{"@type":"SearchAction","target":{"@type":"EntryPoint","urlTemplate":"https:\/\/kuzeyinsesi.org\/?s={search_term_string}"},"query-input":{"@type":"PropertyValueSpecification","valueRequired":true,"valueName":"search_term_string"}}],"inLanguage":"tr"},{"@type":"Person","@id":"https:\/\/kuzeyinsesi.org\/#\/schema\/person\/9f859689cdf01485597712386e37f5aa","name":"Kuzeyin Sesi","image":{"@type":"ImageObject","inLanguage":"tr","@id":"https:\/\/secure.gravatar.com\/avatar\/bab33852abfd8b282518d6ed81826833d77c3c882d9ab608add591ccace47a44?s=96&d=mm&r=g","url":"https:\/\/secure.gravatar.com\/avatar\/bab33852abfd8b282518d6ed81826833d77c3c882d9ab608add591ccace47a44?s=96&d=mm&r=g","contentUrl":"https:\/\/secure.gravatar.com\/avatar\/bab33852abfd8b282518d6ed81826833d77c3c882d9ab608add591ccace47a44?s=96&d=mm&r=g","caption":"Kuzeyin Sesi"},"sameAs":["https:\/\/kuzeyinsesi.org"],"url":"https:\/\/kuzeyinsesi.org\/index.php\/author\/guven\/"}]}},"_links":{"self":[{"href":"https:\/\/kuzeyinsesi.org\/index.php\/wp-json\/wp\/v2\/posts\/17639","targetHints":{"allow":["GET"]}}],"collection":[{"href":"https:\/\/kuzeyinsesi.org\/index.php\/wp-json\/wp\/v2\/posts"}],"about":[{"href":"https:\/\/kuzeyinsesi.org\/index.php\/wp-json\/wp\/v2\/types\/post"}],"author":[{"embeddable":true,"href":"https:\/\/kuzeyinsesi.org\/index.php\/wp-json\/wp\/v2\/users\/1"}],"replies":[{"embeddable":true,"href":"https:\/\/kuzeyinsesi.org\/index.php\/wp-json\/wp\/v2\/comments?post=17639"}],"version-history":[{"count":0,"href":"https:\/\/kuzeyinsesi.org\/index.php\/wp-json\/wp\/v2\/posts\/17639\/revisions"}],"wp:featuredmedia":[{"embeddable":true,"href":"https:\/\/kuzeyinsesi.org\/index.php\/wp-json\/wp\/v2\/media\/17640"}],"wp:attachment":[{"href":"https:\/\/kuzeyinsesi.org\/index.php\/wp-json\/wp\/v2\/media?parent=17639"}],"wp:term":[{"taxonomy":"category","embeddable":true,"href":"https:\/\/kuzeyinsesi.org\/index.php\/wp-json\/wp\/v2\/categories?post=17639"},{"taxonomy":"post_tag","embeddable":true,"href":"https:\/\/kuzeyinsesi.org\/index.php\/wp-json\/wp\/v2\/tags?post=17639"}],"curies":[{"name":"wp","href":"https:\/\/api.w.org\/{rel}","templated":true}]}}