{"id":1752,"date":"2024-05-08T19:54:45","date_gmt":"2024-05-08T16:54:45","guid":{"rendered":"https:\/\/kuzeyinsesi.com\/index.php\/2024\/05\/08\/seniz-aksahinlerin-bin-yildizli-otel-siir-kitabi-cumartesi-tanitiliyor\/"},"modified":"2024-05-08T19:54:45","modified_gmt":"2024-05-08T16:54:45","slug":"seniz-aksahinlerin-bin-yildizli-otel-siir-kitabi-cumartesi-tanitiliyor","status":"publish","type":"post","link":"https:\/\/kuzeyinsesi.org\/index.php\/2024\/05\/08\/seniz-aksahinlerin-bin-yildizli-otel-siir-kitabi-cumartesi-tanitiliyor\/","title":{"rendered":"\u015eeniz Ak\u015fahinler\u2019in \u201cBin Y\u0131ld\u0131zl\u0131 Otel\u201d \u015fiir kitab\u0131 cumartesi tan\u0131t\u0131l\u0131yor"},"content":{"rendered":"<div>\n<div class=\"mariselle-image-container none\">\n                                            <\/div>\n<p>\u015eair \u015eeniz Ak\u015fahinler\u2019in \u201cBin Y\u0131ld\u0131zl\u0131 Otel\u201d kitab\u0131, 11 May\u0131s Cumartesi ak\u015fam\u0131 Lefko\u015fa Atat\u00fcrk K\u00fclt\u00fcr Merkezi\u2019nde d\u00fczenlenecek etkinlikle tan\u0131t\u0131l\u0131yor.<\/p>\n<p>Yurt d\u0131\u015f\u0131ndan \u00fc\u00e7, yurt i\u00e7inden 18 \u015fairin kat\u0131laca\u011f\u0131 etkinlik, saat 19.00\u2019da ba\u015flayacak.<\/p>\n<p>Besteci-m\u00fczisyenler Halil Akansel, Mustafa Tozak\u0131 ve Naz\u0131m Ced\u2019in \u015fark\u0131lar seslendirece\u011fi tan\u0131t\u0131m etkinli\u011finde, \u015eeniz Ak\u015fahinler\u2019in kitab\u0131na ad\u0131n\u0131 veren \u201cBin Y\u0131ld\u0131zl\u0131 Otel\u201d \u015fiirinin bestesi ve klibi de tan\u0131t\u0131lacak.<\/p>\n<p>Tan\u0131t\u0131m etkinli\u011fine herkesin davetli oldu\u011fu belirtildi.<\/p>\n<\/p><\/div>\n<p><script async\n                    defer\n                    crossorigin=\"anonymous\"\n                    src=\"https:\/\/connect.facebook.net\/tr_TR\/sdk.js#xfbml=1&#038;version=v3.3\"\n            ><\/script><\/p>\n","protected":false},"excerpt":{"rendered":"<p>\u015eair \u015eeniz Ak\u015fahinler\u2019in \u201cBin Y\u0131ld\u0131zl\u0131 Otel\u201d kitab\u0131, 11 May\u0131s Cumartesi ak\u015fam\u0131 Lefko\u015fa Atat\u00fcrk K\u00fclt\u00fcr Merkezi\u2019nde d\u00fczenlenecek etkinlikle tan\u0131t\u0131l\u0131yor. Yurt d\u0131\u015f\u0131ndan \u00fc\u00e7, yurt i\u00e7inden 18 \u015fairin kat\u0131laca\u011f\u0131 etkinlik, saat 19.00\u2019da ba\u015flayacak. Besteci-m\u00fczisyenler Halil Akansel, Mustafa Tozak\u0131 ve Naz\u0131m Ced\u2019in \u015fark\u0131lar seslendirece\u011fi tan\u0131t\u0131m etkinli\u011finde, \u015eeniz Ak\u015fahinler\u2019in kitab\u0131na ad\u0131n\u0131 veren \u201cBin Y\u0131ld\u0131zl\u0131 Otel\u201d \u015fiirinin bestesi ve klibi de [&hellip;]<\/p>\n","protected":false},"author":1,"featured_media":1753,"comment_status":"open","ping_status":"open","sticky":false,"template":"","format":"standard","meta":{"jnews-multi-image_gallery":[],"jnews_single_post":[],"jnews_primary_category":[],"jnews_social_meta":[],"jnews_override_counter":[],"footnotes":""},"categories":[6],"tags":[],"class_list":["post-1752","post","type-post","status-publish","format-standard","has-post-thumbnail","hentry","category-yasam"],"yoast_head":"<!-- This site is optimized with the Yoast SEO plugin v27.5 - https:\/\/yoast.com\/product\/yoast-seo-wordpress\/ -->\n<title>\u015eeniz Ak\u015fahinler\u2019in \u201cBin Y\u0131ld\u0131zl\u0131 Otel\u201d \u015fiir kitab\u0131 cumartesi tan\u0131t\u0131l\u0131yor - Kuzeyin Sesi<\/title>\n<meta name=\"robots\" content=\"index, follow, max-snippet:-1, max-image-preview:large, max-video-preview:-1\" \/>\n<link rel=\"canonical\" href=\"https:\/\/kuzeyinsesi.org\/index.php\/2024\/05\/08\/seniz-aksahinlerin-bin-yildizli-otel-siir-kitabi-cumartesi-tanitiliyor\/\" \/>\n<meta property=\"og:locale\" content=\"tr_TR\" \/>\n<meta property=\"og:type\" content=\"article\" \/>\n<meta property=\"og:title\" content=\"\u015eeniz Ak\u015fahinler\u2019in \u201cBin Y\u0131ld\u0131zl\u0131 Otel\u201d \u015fiir kitab\u0131 cumartesi tan\u0131t\u0131l\u0131yor - Kuzeyin Sesi\" \/>\n<meta property=\"og:description\" content=\"\u015eair \u015eeniz Ak\u015fahinler\u2019in \u201cBin Y\u0131ld\u0131zl\u0131 Otel\u201d kitab\u0131, 11 May\u0131s Cumartesi ak\u015fam\u0131 Lefko\u015fa Atat\u00fcrk K\u00fclt\u00fcr Merkezi\u2019nde d\u00fczenlenecek etkinlikle tan\u0131t\u0131l\u0131yor. Yurt d\u0131\u015f\u0131ndan \u00fc\u00e7, yurt i\u00e7inden 18 \u015fairin kat\u0131laca\u011f\u0131 etkinlik, saat 19.00\u2019da ba\u015flayacak. Besteci-m\u00fczisyenler Halil Akansel, Mustafa Tozak\u0131 ve Naz\u0131m Ced\u2019in \u015fark\u0131lar seslendirece\u011fi tan\u0131t\u0131m etkinli\u011finde, \u015eeniz Ak\u015fahinler\u2019in kitab\u0131na ad\u0131n\u0131 veren \u201cBin Y\u0131ld\u0131zl\u0131 Otel\u201d \u015fiirinin bestesi ve klibi de [&hellip;]\" \/>\n<meta property=\"og:url\" content=\"https:\/\/kuzeyinsesi.org\/index.php\/2024\/05\/08\/seniz-aksahinlerin-bin-yildizli-otel-siir-kitabi-cumartesi-tanitiliyor\/\" \/>\n<meta property=\"og:site_name\" content=\"Kuzeyin Sesi\" \/>\n<meta property=\"article:publisher\" content=\"https:\/\/www.facebook.com\/kuzeyinsesii\" \/>\n<meta property=\"article:published_time\" content=\"2024-05-08T16:54:45+00:00\" \/>\n<meta property=\"og:image\" content=\"https:\/\/kuzeyinsesi.org\/wp-content\/uploads\/2024\/05\/seniz-aksahinler.jpg\" \/>\n\t<meta property=\"og:image:width\" content=\"1077\" \/>\n\t<meta property=\"og:image:height\" content=\"1600\" \/>\n\t<meta property=\"og:image:type\" content=\"image\/jpeg\" \/>\n<meta name=\"author\" content=\"Kuzeyin Sesi\" \/>\n<meta name=\"twitter:card\" content=\"summary_large_image\" \/>\n<meta name=\"twitter:creator\" content=\"@kuzeyinsesii\" \/>\n<meta name=\"twitter:site\" content=\"@kuzeyinsesii\" \/>\n<meta name=\"twitter:label1\" content=\"Yazan:\" \/>\n\t<meta name=\"twitter:data1\" content=\"Kuzeyin Sesi\" \/>\n<script type=\"application\/ld+json\" class=\"yoast-schema-graph\">{\"@context\":\"https:\\\/\\\/schema.org\",\"@graph\":[{\"@type\":\"Article\",\"@id\":\"https:\\\/\\\/kuzeyinsesi.org\\\/index.php\\\/2024\\\/05\\\/08\\\/seniz-aksahinlerin-bin-yildizli-otel-siir-kitabi-cumartesi-tanitiliyor\\\/#article\",\"isPartOf\":{\"@id\":\"https:\\\/\\\/kuzeyinsesi.org\\\/index.php\\\/2024\\\/05\\\/08\\\/seniz-aksahinlerin-bin-yildizli-otel-siir-kitabi-cumartesi-tanitiliyor\\\/\"},\"author\":{\"name\":\"Kuzeyin Sesi\",\"@id\":\"https:\\\/\\\/kuzeyinsesi.org\\\/#\\\/schema\\\/person\\\/9f859689cdf01485597712386e37f5aa\"},\"headline\":\"\u015eeniz Ak\u015fahinler\u2019in \u201cBin Y\u0131ld\u0131zl\u0131 Otel\u201d \u015fiir kitab\u0131 cumartesi tan\u0131t\u0131l\u0131yor\",\"datePublished\":\"2024-05-08T16:54:45+00:00\",\"mainEntityOfPage\":{\"@id\":\"https:\\\/\\\/kuzeyinsesi.org\\\/index.php\\\/2024\\\/05\\\/08\\\/seniz-aksahinlerin-bin-yildizli-otel-siir-kitabi-cumartesi-tanitiliyor\\\/\"},\"wordCount\":114,\"commentCount\":0,\"image\":{\"@id\":\"https:\\\/\\\/kuzeyinsesi.org\\\/index.php\\\/2024\\\/05\\\/08\\\/seniz-aksahinlerin-bin-yildizli-otel-siir-kitabi-cumartesi-tanitiliyor\\\/#primaryimage\"},\"thumbnailUrl\":\"https:\\\/\\\/kuzeyinsesi.org\\\/wp-content\\\/uploads\\\/2024\\\/05\\\/seniz-aksahinler.jpg\",\"articleSection\":[\"Ya\u015fam\"],\"inLanguage\":\"tr\",\"potentialAction\":[{\"@type\":\"CommentAction\",\"name\":\"Comment\",\"target\":[\"https:\\\/\\\/kuzeyinsesi.org\\\/index.php\\\/2024\\\/05\\\/08\\\/seniz-aksahinlerin-bin-yildizli-otel-siir-kitabi-cumartesi-tanitiliyor\\\/#respond\"]}]},{\"@type\":\"WebPage\",\"@id\":\"https:\\\/\\\/kuzeyinsesi.org\\\/index.php\\\/2024\\\/05\\\/08\\\/seniz-aksahinlerin-bin-yildizli-otel-siir-kitabi-cumartesi-tanitiliyor\\\/\",\"url\":\"https:\\\/\\\/kuzeyinsesi.org\\\/index.php\\\/2024\\\/05\\\/08\\\/seniz-aksahinlerin-bin-yildizli-otel-siir-kitabi-cumartesi-tanitiliyor\\\/\",\"name\":\"\u015eeniz Ak\u015fahinler\u2019in \u201cBin Y\u0131ld\u0131zl\u0131 Otel\u201d \u015fiir kitab\u0131 cumartesi tan\u0131t\u0131l\u0131yor - Kuzeyin Sesi\",\"isPartOf\":{\"@id\":\"https:\\\/\\\/kuzeyinsesi.org\\\/#website\"},\"primaryImageOfPage\":{\"@id\":\"https:\\\/\\\/kuzeyinsesi.org\\\/index.php\\\/2024\\\/05\\\/08\\\/seniz-aksahinlerin-bin-yildizli-otel-siir-kitabi-cumartesi-tanitiliyor\\\/#primaryimage\"},\"image\":{\"@id\":\"https:\\\/\\\/kuzeyinsesi.org\\\/index.php\\\/2024\\\/05\\\/08\\\/seniz-aksahinlerin-bin-yildizli-otel-siir-kitabi-cumartesi-tanitiliyor\\\/#primaryimage\"},\"thumbnailUrl\":\"https:\\\/\\\/kuzeyinsesi.org\\\/wp-content\\\/uploads\\\/2024\\\/05\\\/seniz-aksahinler.jpg\",\"datePublished\":\"2024-05-08T16:54:45+00:00\",\"author\":{\"@id\":\"https:\\\/\\\/kuzeyinsesi.org\\\/#\\\/schema\\\/person\\\/9f859689cdf01485597712386e37f5aa\"},\"breadcrumb\":{\"@id\":\"https:\\\/\\\/kuzeyinsesi.org\\\/index.php\\\/2024\\\/05\\\/08\\\/seniz-aksahinlerin-bin-yildizli-otel-siir-kitabi-cumartesi-tanitiliyor\\\/#breadcrumb\"},\"inLanguage\":\"tr\",\"potentialAction\":[{\"@type\":\"ReadAction\",\"target\":[\"https:\\\/\\\/kuzeyinsesi.org\\\/index.php\\\/2024\\\/05\\\/08\\\/seniz-aksahinlerin-bin-yildizli-otel-siir-kitabi-cumartesi-tanitiliyor\\\/\"]}]},{\"@type\":\"ImageObject\",\"inLanguage\":\"tr\",\"@id\":\"https:\\\/\\\/kuzeyinsesi.org\\\/index.php\\\/2024\\\/05\\\/08\\\/seniz-aksahinlerin-bin-yildizli-otel-siir-kitabi-cumartesi-tanitiliyor\\\/#primaryimage\",\"url\":\"https:\\\/\\\/kuzeyinsesi.org\\\/wp-content\\\/uploads\\\/2024\\\/05\\\/seniz-aksahinler.jpg\",\"contentUrl\":\"https:\\\/\\\/kuzeyinsesi.org\\\/wp-content\\\/uploads\\\/2024\\\/05\\\/seniz-aksahinler.jpg\",\"width\":1077,\"height\":1600},{\"@type\":\"BreadcrumbList\",\"@id\":\"https:\\\/\\\/kuzeyinsesi.org\\\/index.php\\\/2024\\\/05\\\/08\\\/seniz-aksahinlerin-bin-yildizli-otel-siir-kitabi-cumartesi-tanitiliyor\\\/#breadcrumb\",\"itemListElement\":[{\"@type\":\"ListItem\",\"position\":1,\"name\":\"Anasayfa\",\"item\":\"https:\\\/\\\/kuzeyinsesi.org\\\/\"},{\"@type\":\"ListItem\",\"position\":2,\"name\":\"\u015eeniz Ak\u015fahinler\u2019in \u201cBin Y\u0131ld\u0131zl\u0131 Otel\u201d \u015fiir kitab\u0131 cumartesi tan\u0131t\u0131l\u0131yor\"}]},{\"@type\":\"WebSite\",\"@id\":\"https:\\\/\\\/kuzeyinsesi.org\\\/#website\",\"url\":\"https:\\\/\\\/kuzeyinsesi.org\\\/\",\"name\":\"Kuzeyin Sesi\",\"description\":\"Do\u011fru Haberin Adresi\",\"potentialAction\":[{\"@type\":\"SearchAction\",\"target\":{\"@type\":\"EntryPoint\",\"urlTemplate\":\"https:\\\/\\\/kuzeyinsesi.org\\\/?s={search_term_string}\"},\"query-input\":{\"@type\":\"PropertyValueSpecification\",\"valueRequired\":true,\"valueName\":\"search_term_string\"}}],\"inLanguage\":\"tr\"},{\"@type\":\"Person\",\"@id\":\"https:\\\/\\\/kuzeyinsesi.org\\\/#\\\/schema\\\/person\\\/9f859689cdf01485597712386e37f5aa\",\"name\":\"Kuzeyin Sesi\",\"image\":{\"@type\":\"ImageObject\",\"inLanguage\":\"tr\",\"@id\":\"https:\\\/\\\/secure.gravatar.com\\\/avatar\\\/bab33852abfd8b282518d6ed81826833d77c3c882d9ab608add591ccace47a44?s=96&d=mm&r=g\",\"url\":\"https:\\\/\\\/secure.gravatar.com\\\/avatar\\\/bab33852abfd8b282518d6ed81826833d77c3c882d9ab608add591ccace47a44?s=96&d=mm&r=g\",\"contentUrl\":\"https:\\\/\\\/secure.gravatar.com\\\/avatar\\\/bab33852abfd8b282518d6ed81826833d77c3c882d9ab608add591ccace47a44?s=96&d=mm&r=g\",\"caption\":\"Kuzeyin Sesi\"},\"sameAs\":[\"https:\\\/\\\/kuzeyinsesi.org\"],\"url\":\"https:\\\/\\\/kuzeyinsesi.org\\\/index.php\\\/author\\\/guven\\\/\"}]}<\/script>\n<!-- \/ Yoast SEO plugin. -->","yoast_head_json":{"title":"\u015eeniz Ak\u015fahinler\u2019in \u201cBin Y\u0131ld\u0131zl\u0131 Otel\u201d \u015fiir kitab\u0131 cumartesi tan\u0131t\u0131l\u0131yor - Kuzeyin Sesi","robots":{"index":"index","follow":"follow","max-snippet":"max-snippet:-1","max-image-preview":"max-image-preview:large","max-video-preview":"max-video-preview:-1"},"canonical":"https:\/\/kuzeyinsesi.org\/index.php\/2024\/05\/08\/seniz-aksahinlerin-bin-yildizli-otel-siir-kitabi-cumartesi-tanitiliyor\/","og_locale":"tr_TR","og_type":"article","og_title":"\u015eeniz Ak\u015fahinler\u2019in \u201cBin Y\u0131ld\u0131zl\u0131 Otel\u201d \u015fiir kitab\u0131 cumartesi tan\u0131t\u0131l\u0131yor - Kuzeyin Sesi","og_description":"\u015eair \u015eeniz Ak\u015fahinler\u2019in \u201cBin Y\u0131ld\u0131zl\u0131 Otel\u201d kitab\u0131, 11 May\u0131s Cumartesi ak\u015fam\u0131 Lefko\u015fa Atat\u00fcrk K\u00fclt\u00fcr Merkezi\u2019nde d\u00fczenlenecek etkinlikle tan\u0131t\u0131l\u0131yor. Yurt d\u0131\u015f\u0131ndan \u00fc\u00e7, yurt i\u00e7inden 18 \u015fairin kat\u0131laca\u011f\u0131 etkinlik, saat 19.00\u2019da ba\u015flayacak. Besteci-m\u00fczisyenler Halil Akansel, Mustafa Tozak\u0131 ve Naz\u0131m Ced\u2019in \u015fark\u0131lar seslendirece\u011fi tan\u0131t\u0131m etkinli\u011finde, \u015eeniz Ak\u015fahinler\u2019in kitab\u0131na ad\u0131n\u0131 veren \u201cBin Y\u0131ld\u0131zl\u0131 Otel\u201d \u015fiirinin bestesi ve klibi de [&hellip;]","og_url":"https:\/\/kuzeyinsesi.org\/index.php\/2024\/05\/08\/seniz-aksahinlerin-bin-yildizli-otel-siir-kitabi-cumartesi-tanitiliyor\/","og_site_name":"Kuzeyin Sesi","article_publisher":"https:\/\/www.facebook.com\/kuzeyinsesii","article_published_time":"2024-05-08T16:54:45+00:00","og_image":[{"width":1077,"height":1600,"url":"https:\/\/kuzeyinsesi.org\/wp-content\/uploads\/2024\/05\/seniz-aksahinler.jpg","type":"image\/jpeg"}],"author":"Kuzeyin Sesi","twitter_card":"summary_large_image","twitter_creator":"@kuzeyinsesii","twitter_site":"@kuzeyinsesii","twitter_misc":{"Yazan:":"Kuzeyin Sesi"},"schema":{"@context":"https:\/\/schema.org","@graph":[{"@type":"Article","@id":"https:\/\/kuzeyinsesi.org\/index.php\/2024\/05\/08\/seniz-aksahinlerin-bin-yildizli-otel-siir-kitabi-cumartesi-tanitiliyor\/#article","isPartOf":{"@id":"https:\/\/kuzeyinsesi.org\/index.php\/2024\/05\/08\/seniz-aksahinlerin-bin-yildizli-otel-siir-kitabi-cumartesi-tanitiliyor\/"},"author":{"name":"Kuzeyin Sesi","@id":"https:\/\/kuzeyinsesi.org\/#\/schema\/person\/9f859689cdf01485597712386e37f5aa"},"headline":"\u015eeniz Ak\u015fahinler\u2019in \u201cBin Y\u0131ld\u0131zl\u0131 Otel\u201d \u015fiir kitab\u0131 cumartesi tan\u0131t\u0131l\u0131yor","datePublished":"2024-05-08T16:54:45+00:00","mainEntityOfPage":{"@id":"https:\/\/kuzeyinsesi.org\/index.php\/2024\/05\/08\/seniz-aksahinlerin-bin-yildizli-otel-siir-kitabi-cumartesi-tanitiliyor\/"},"wordCount":114,"commentCount":0,"image":{"@id":"https:\/\/kuzeyinsesi.org\/index.php\/2024\/05\/08\/seniz-aksahinlerin-bin-yildizli-otel-siir-kitabi-cumartesi-tanitiliyor\/#primaryimage"},"thumbnailUrl":"https:\/\/kuzeyinsesi.org\/wp-content\/uploads\/2024\/05\/seniz-aksahinler.jpg","articleSection":["Ya\u015fam"],"inLanguage":"tr","potentialAction":[{"@type":"CommentAction","name":"Comment","target":["https:\/\/kuzeyinsesi.org\/index.php\/2024\/05\/08\/seniz-aksahinlerin-bin-yildizli-otel-siir-kitabi-cumartesi-tanitiliyor\/#respond"]}]},{"@type":"WebPage","@id":"https:\/\/kuzeyinsesi.org\/index.php\/2024\/05\/08\/seniz-aksahinlerin-bin-yildizli-otel-siir-kitabi-cumartesi-tanitiliyor\/","url":"https:\/\/kuzeyinsesi.org\/index.php\/2024\/05\/08\/seniz-aksahinlerin-bin-yildizli-otel-siir-kitabi-cumartesi-tanitiliyor\/","name":"\u015eeniz Ak\u015fahinler\u2019in \u201cBin Y\u0131ld\u0131zl\u0131 Otel\u201d \u015fiir kitab\u0131 cumartesi tan\u0131t\u0131l\u0131yor - Kuzeyin Sesi","isPartOf":{"@id":"https:\/\/kuzeyinsesi.org\/#website"},"primaryImageOfPage":{"@id":"https:\/\/kuzeyinsesi.org\/index.php\/2024\/05\/08\/seniz-aksahinlerin-bin-yildizli-otel-siir-kitabi-cumartesi-tanitiliyor\/#primaryimage"},"image":{"@id":"https:\/\/kuzeyinsesi.org\/index.php\/2024\/05\/08\/seniz-aksahinlerin-bin-yildizli-otel-siir-kitabi-cumartesi-tanitiliyor\/#primaryimage"},"thumbnailUrl":"https:\/\/kuzeyinsesi.org\/wp-content\/uploads\/2024\/05\/seniz-aksahinler.jpg","datePublished":"2024-05-08T16:54:45+00:00","author":{"@id":"https:\/\/kuzeyinsesi.org\/#\/schema\/person\/9f859689cdf01485597712386e37f5aa"},"breadcrumb":{"@id":"https:\/\/kuzeyinsesi.org\/index.php\/2024\/05\/08\/seniz-aksahinlerin-bin-yildizli-otel-siir-kitabi-cumartesi-tanitiliyor\/#breadcrumb"},"inLanguage":"tr","potentialAction":[{"@type":"ReadAction","target":["https:\/\/kuzeyinsesi.org\/index.php\/2024\/05\/08\/seniz-aksahinlerin-bin-yildizli-otel-siir-kitabi-cumartesi-tanitiliyor\/"]}]},{"@type":"ImageObject","inLanguage":"tr","@id":"https:\/\/kuzeyinsesi.org\/index.php\/2024\/05\/08\/seniz-aksahinlerin-bin-yildizli-otel-siir-kitabi-cumartesi-tanitiliyor\/#primaryimage","url":"https:\/\/kuzeyinsesi.org\/wp-content\/uploads\/2024\/05\/seniz-aksahinler.jpg","contentUrl":"https:\/\/kuzeyinsesi.org\/wp-content\/uploads\/2024\/05\/seniz-aksahinler.jpg","width":1077,"height":1600},{"@type":"BreadcrumbList","@id":"https:\/\/kuzeyinsesi.org\/index.php\/2024\/05\/08\/seniz-aksahinlerin-bin-yildizli-otel-siir-kitabi-cumartesi-tanitiliyor\/#breadcrumb","itemListElement":[{"@type":"ListItem","position":1,"name":"Anasayfa","item":"https:\/\/kuzeyinsesi.org\/"},{"@type":"ListItem","position":2,"name":"\u015eeniz Ak\u015fahinler\u2019in \u201cBin Y\u0131ld\u0131zl\u0131 Otel\u201d \u015fiir kitab\u0131 cumartesi tan\u0131t\u0131l\u0131yor"}]},{"@type":"WebSite","@id":"https:\/\/kuzeyinsesi.org\/#website","url":"https:\/\/kuzeyinsesi.org\/","name":"Kuzeyin Sesi","description":"Do\u011fru Haberin Adresi","potentialAction":[{"@type":"SearchAction","target":{"@type":"EntryPoint","urlTemplate":"https:\/\/kuzeyinsesi.org\/?s={search_term_string}"},"query-input":{"@type":"PropertyValueSpecification","valueRequired":true,"valueName":"search_term_string"}}],"inLanguage":"tr"},{"@type":"Person","@id":"https:\/\/kuzeyinsesi.org\/#\/schema\/person\/9f859689cdf01485597712386e37f5aa","name":"Kuzeyin Sesi","image":{"@type":"ImageObject","inLanguage":"tr","@id":"https:\/\/secure.gravatar.com\/avatar\/bab33852abfd8b282518d6ed81826833d77c3c882d9ab608add591ccace47a44?s=96&d=mm&r=g","url":"https:\/\/secure.gravatar.com\/avatar\/bab33852abfd8b282518d6ed81826833d77c3c882d9ab608add591ccace47a44?s=96&d=mm&r=g","contentUrl":"https:\/\/secure.gravatar.com\/avatar\/bab33852abfd8b282518d6ed81826833d77c3c882d9ab608add591ccace47a44?s=96&d=mm&r=g","caption":"Kuzeyin Sesi"},"sameAs":["https:\/\/kuzeyinsesi.org"],"url":"https:\/\/kuzeyinsesi.org\/index.php\/author\/guven\/"}]}},"_links":{"self":[{"href":"https:\/\/kuzeyinsesi.org\/index.php\/wp-json\/wp\/v2\/posts\/1752","targetHints":{"allow":["GET"]}}],"collection":[{"href":"https:\/\/kuzeyinsesi.org\/index.php\/wp-json\/wp\/v2\/posts"}],"about":[{"href":"https:\/\/kuzeyinsesi.org\/index.php\/wp-json\/wp\/v2\/types\/post"}],"author":[{"embeddable":true,"href":"https:\/\/kuzeyinsesi.org\/index.php\/wp-json\/wp\/v2\/users\/1"}],"replies":[{"embeddable":true,"href":"https:\/\/kuzeyinsesi.org\/index.php\/wp-json\/wp\/v2\/comments?post=1752"}],"version-history":[{"count":0,"href":"https:\/\/kuzeyinsesi.org\/index.php\/wp-json\/wp\/v2\/posts\/1752\/revisions"}],"wp:featuredmedia":[{"embeddable":true,"href":"https:\/\/kuzeyinsesi.org\/index.php\/wp-json\/wp\/v2\/media\/1753"}],"wp:attachment":[{"href":"https:\/\/kuzeyinsesi.org\/index.php\/wp-json\/wp\/v2\/media?parent=1752"}],"wp:term":[{"taxonomy":"category","embeddable":true,"href":"https:\/\/kuzeyinsesi.org\/index.php\/wp-json\/wp\/v2\/categories?post=1752"},{"taxonomy":"post_tag","embeddable":true,"href":"https:\/\/kuzeyinsesi.org\/index.php\/wp-json\/wp\/v2\/tags?post=1752"}],"curies":[{"name":"wp","href":"https:\/\/api.w.org\/{rel}","templated":true}]}}