{"id":17517,"date":"2025-01-17T15:22:51","date_gmt":"2025-01-17T13:22:51","guid":{"rendered":"https:\/\/kuzeyinsesi.org\/index.php\/2025\/01\/17\/kibris-halk-danslari-dijitallesiyor-proje-kapsamindaki-calismalar-basladi\/"},"modified":"2025-01-17T15:22:51","modified_gmt":"2025-01-17T13:22:51","slug":"kibris-halk-danslari-dijitallesiyor-proje-kapsamindaki-calismalar-basladi","status":"publish","type":"post","link":"https:\/\/kuzeyinsesi.org\/index.php\/2025\/01\/17\/kibris-halk-danslari-dijitallesiyor-proje-kapsamindaki-calismalar-basladi\/","title":{"rendered":"K\u0131br\u0131s halk danslar\u0131 dijitalle\u015fiyor\u2026 Proje kapsam\u0131ndaki \u00e7al\u0131\u015fmalar ba\u015flad\u0131"},"content":{"rendered":"<div>\n<div class=\"mariselle-image-container center\">\n                                            <\/div>\n<p>\u00a0<\/p>\n<p style=\"font-weight: 300;\"><span style=\"font-weight: 300 !important;\">\u00a0Avrupa Birli\u011fi (AB) taraf\u0131ndan finanse edilen ve K\u0131br\u0131s T\u00fcrk toplumuna y\u00f6nelik Yard\u0131m Program\u0131 kapsam\u0131nda y\u00fcr\u00fct\u00fclen \u201cGen\u00e7lik \u0130\u015f Ba\u015f\u0131nda: K\u00fclt\u00fcr Yoluyla Diyalo\u011fu Geli\u015ftiriyoruz\u201d projesi kapsam\u0131nda K\u0131br\u0131s halk danslar\u0131n\u0131n dijital bir k\u00fct\u00fcphane olarak eri\u015filebilir hale gelmesine y\u00f6nelik \u00e7al\u0131\u015fmalar ba\u015flad\u0131.<\/span><\/p>\n<p style=\"font-weight: 300;\"><span style=\"font-weight: 300 !important;\">Halk Sanatlar\u0131 Vakf\u0131\u2019ndan (HASDER) yap\u0131lan a\u00e7\u0131klamada, HASDER liderli\u011finde, G\u00fcney K\u0131br\u0131s\u2019tan PAOK Klirou Spor ve K\u00fclt\u00fcr Derne\u011fi i\u015f birli\u011fiyle y\u00fcr\u00fct\u00fclen projenin, K\u0131br\u0131sl\u0131 T\u00fcrk ve K\u0131br\u0131sl\u0131 Rum toplam 12 k\u00fclt\u00fcr derne\u011finden 250\u2019yi a\u015fk\u0131n genci bir araya getirerek, bar\u0131\u015f\u0131 ve i\u015f birli\u011fini geli\u015ftirmeyi, k\u00fclt\u00fcrel miras\u0131 korumay\u0131 ve bu de\u011ferleri gelecek nesillere aktarmay\u0131 hedefledi\u011fi kaydedildi.<\/span><\/p>\n<p style=\"font-weight: 300;\"><span style=\"font-weight: 300 !important;\">Proje \u00e7er\u00e7evesinde HASDER ve PAOK dans\u00e7\u0131lar\u0131n\u0131n motion capture (hareket yakalama) teknolojisiyle \u00f6zel bir laboratuvarda danslar\u0131n\u0131 kaydetti\u011fi belirtilen a\u00e7\u0131klamada, bu teknolojinin, dans\u00e7\u0131lar\u0131n her ad\u0131m\u0131n\u0131 ve fig\u00fcr\u00fcn\u00fc sens\u00f6rler yard\u0131m\u0131yla yakalayarak, dijital bir forma d\u00f6n\u00fc\u015ft\u00fcrd\u00fc\u011f\u00fc ifade edildi.<\/span><\/p>\n<p style=\"font-weight: 300;\"><span style=\"font-weight: 300 !important;\">Elde edilen verilerle, K\u0131br\u0131s\u2019\u0131n geleneksel halk danslar\u0131n\u0131n \u00fc\u00e7 boyutlu animasyonlar haline getirildi\u011fi ve dijital ortamda \u00f6l\u00fcms\u00fczle\u015ftirildi\u011fi kaydedilen a\u00e7\u0131klamada, bu dijital danslar\u0131n, yaln\u0131zca k\u00fclt\u00fcrel miras\u0131 modern bir bi\u00e7imde gen\u00e7 ku\u015faklara sunmakla kalmad\u0131\u011f\u0131, ayn\u0131 zamanda gelecek nesillere \u00f6\u011fretici bir i\u00e7erik olarak kal\u0131c\u0131 bir \u015fekilde aktar\u0131lmas\u0131n\u0131 sa\u011flad\u0131\u011f\u0131 belirtildi.<\/span><\/p>\n<p style=\"font-weight: 300;\"><span style=\"font-weight: 300 !important;\">Projeyle K\u0131br\u0131s\u2019\u0131n ortak de\u011ferlerini vurgulayan bir platform olu\u015fturuldu\u011fu ve iki toplum aras\u0131ndaki diyalog ve bar\u0131\u015f s\u00fcrecine katk\u0131 yap\u0131ld\u0131\u011f\u0131 ifade edilen a\u00e7\u0131klamada, \u201cHalk danslar\u0131n\u0131n dijital bir k\u00fct\u00fcphane olarak eri\u015filebilir hale gelmesi, K\u0131br\u0131s\u2019taki bar\u0131\u015f s\u00fcrecine k\u00fclt\u00fcrel bir boyut kazand\u0131r\u0131yor\u201d denildi.<\/span><\/p>\n<p style=\"font-weight: 300;\"><span style=\"font-weight: 300 !important;\">A\u00e7\u0131klamada, HASDER y\u00f6netimi ve gen\u00e7lerinin, bu \u00e7al\u0131\u015fman\u0131n, K\u0131br\u0131s\u2019\u0131n iki toplumu aras\u0131nda g\u00fc\u00e7l\u00fc bir gelece\u011fin temellerini ataca\u011f\u0131na, k\u00fclt\u00fcrel miras\u0131n\u0131 gelecek nesillere \u00f6\u011fretici ve kal\u0131c\u0131 bir i\u00e7erik olarak aktaraca\u011f\u0131na ve bu dijital danslar\u0131n yaln\u0131zca ge\u00e7mi\u015fi de\u011fil, ayn\u0131 zamanda ortak bir gelece\u011fi de temsil etti\u011fine inand\u0131\u011f\u0131 belirtildi.<\/span><\/p>\n<\/p><\/div>\n<p><script async\n                    defer\n                    crossorigin=\"anonymous\"\n                    src=\"https:\/\/connect.facebook.net\/tr_TR\/sdk.js#xfbml=1&#038;version=v3.3\"\n            ><\/script><\/p>\n","protected":false},"excerpt":{"rendered":"<p>\u00a0 \u00a0Avrupa Birli\u011fi (AB) taraf\u0131ndan finanse edilen ve K\u0131br\u0131s T\u00fcrk toplumuna y\u00f6nelik Yard\u0131m Program\u0131 kapsam\u0131nda y\u00fcr\u00fct\u00fclen \u201cGen\u00e7lik \u0130\u015f Ba\u015f\u0131nda: K\u00fclt\u00fcr Yoluyla Diyalo\u011fu Geli\u015ftiriyoruz\u201d projesi kapsam\u0131nda K\u0131br\u0131s halk danslar\u0131n\u0131n dijital bir k\u00fct\u00fcphane olarak eri\u015filebilir hale gelmesine y\u00f6nelik \u00e7al\u0131\u015fmalar ba\u015flad\u0131. Halk Sanatlar\u0131 Vakf\u0131\u2019ndan (HASDER) yap\u0131lan a\u00e7\u0131klamada, HASDER liderli\u011finde, G\u00fcney K\u0131br\u0131s\u2019tan PAOK Klirou Spor ve K\u00fclt\u00fcr Derne\u011fi i\u015f [&hellip;]<\/p>\n","protected":false},"author":1,"featured_media":17518,"comment_status":"open","ping_status":"open","sticky":false,"template":"","format":"standard","meta":{"jnews-multi-image_gallery":[],"jnews_single_post":[],"jnews_primary_category":[],"jnews_social_meta":[],"jnews_override_counter":[],"footnotes":""},"categories":[6],"tags":[],"class_list":["post-17517","post","type-post","status-publish","format-standard","has-post-thumbnail","hentry","category-yasam"],"yoast_head":"<!-- This site is optimized with the Yoast SEO plugin v27.4 - https:\/\/yoast.com\/product\/yoast-seo-wordpress\/ -->\n<title>K\u0131br\u0131s halk danslar\u0131 dijitalle\u015fiyor\u2026 Proje kapsam\u0131ndaki \u00e7al\u0131\u015fmalar ba\u015flad\u0131 - Kuzeyin Sesi<\/title>\n<meta name=\"robots\" content=\"index, follow, max-snippet:-1, max-image-preview:large, max-video-preview:-1\" \/>\n<link rel=\"canonical\" href=\"https:\/\/kuzeyinsesi.org\/index.php\/2025\/01\/17\/kibris-halk-danslari-dijitallesiyor-proje-kapsamindaki-calismalar-basladi\/\" \/>\n<meta property=\"og:locale\" content=\"tr_TR\" \/>\n<meta property=\"og:type\" content=\"article\" \/>\n<meta property=\"og:title\" content=\"K\u0131br\u0131s halk danslar\u0131 dijitalle\u015fiyor\u2026 Proje kapsam\u0131ndaki \u00e7al\u0131\u015fmalar ba\u015flad\u0131 - Kuzeyin Sesi\" \/>\n<meta property=\"og:description\" content=\"\u00a0 \u00a0Avrupa Birli\u011fi (AB) taraf\u0131ndan finanse edilen ve K\u0131br\u0131s T\u00fcrk toplumuna y\u00f6nelik Yard\u0131m Program\u0131 kapsam\u0131nda y\u00fcr\u00fct\u00fclen \u201cGen\u00e7lik \u0130\u015f Ba\u015f\u0131nda: K\u00fclt\u00fcr Yoluyla Diyalo\u011fu Geli\u015ftiriyoruz\u201d projesi kapsam\u0131nda K\u0131br\u0131s halk danslar\u0131n\u0131n dijital bir k\u00fct\u00fcphane olarak eri\u015filebilir hale gelmesine y\u00f6nelik \u00e7al\u0131\u015fmalar ba\u015flad\u0131. Halk Sanatlar\u0131 Vakf\u0131\u2019ndan (HASDER) yap\u0131lan a\u00e7\u0131klamada, HASDER liderli\u011finde, G\u00fcney K\u0131br\u0131s\u2019tan PAOK Klirou Spor ve K\u00fclt\u00fcr Derne\u011fi i\u015f [&hellip;]\" \/>\n<meta property=\"og:url\" content=\"https:\/\/kuzeyinsesi.org\/index.php\/2025\/01\/17\/kibris-halk-danslari-dijitallesiyor-proje-kapsamindaki-calismalar-basladi\/\" \/>\n<meta property=\"og:site_name\" content=\"Kuzeyin Sesi\" \/>\n<meta property=\"article:publisher\" content=\"https:\/\/www.facebook.com\/kuzeyinsesii\" \/>\n<meta property=\"article:published_time\" content=\"2025-01-17T13:22:51+00:00\" \/>\n<meta property=\"og:image\" content=\"https:\/\/brtk.net\/wp-content\/uploads\/2025\/01\/17\/pppppppppppppppppp.jpg?ver=325bc1293aa4ab19d08f7fad612833e4\" \/>\n<meta name=\"author\" content=\"Kuzeyin Sesi\" \/>\n<meta name=\"twitter:card\" content=\"summary_large_image\" \/>\n<meta name=\"twitter:creator\" content=\"@kuzeyinsesii\" \/>\n<meta name=\"twitter:site\" content=\"@kuzeyinsesii\" \/>\n<meta name=\"twitter:label1\" content=\"Yazan:\" \/>\n\t<meta name=\"twitter:data1\" content=\"Kuzeyin Sesi\" \/>\n\t<meta name=\"twitter:label2\" content=\"Tahmini okuma s\u00fcresi\" \/>\n\t<meta name=\"twitter:data2\" content=\"2 dakika\" \/>\n<script type=\"application\/ld+json\" class=\"yoast-schema-graph\">{\"@context\":\"https:\\\/\\\/schema.org\",\"@graph\":[{\"@type\":\"Article\",\"@id\":\"https:\\\/\\\/kuzeyinsesi.org\\\/index.php\\\/2025\\\/01\\\/17\\\/kibris-halk-danslari-dijitallesiyor-proje-kapsamindaki-calismalar-basladi\\\/#article\",\"isPartOf\":{\"@id\":\"https:\\\/\\\/kuzeyinsesi.org\\\/index.php\\\/2025\\\/01\\\/17\\\/kibris-halk-danslari-dijitallesiyor-proje-kapsamindaki-calismalar-basladi\\\/\"},\"author\":{\"name\":\"Kuzeyin Sesi\",\"@id\":\"https:\\\/\\\/kuzeyinsesi.org\\\/#\\\/schema\\\/person\\\/9f859689cdf01485597712386e37f5aa\"},\"headline\":\"K\u0131br\u0131s halk danslar\u0131 dijitalle\u015fiyor\u2026 Proje kapsam\u0131ndaki \u00e7al\u0131\u015fmalar ba\u015flad\u0131\",\"datePublished\":\"2025-01-17T13:22:51+00:00\",\"mainEntityOfPage\":{\"@id\":\"https:\\\/\\\/kuzeyinsesi.org\\\/index.php\\\/2025\\\/01\\\/17\\\/kibris-halk-danslari-dijitallesiyor-proje-kapsamindaki-calismalar-basladi\\\/\"},\"wordCount\":408,\"commentCount\":0,\"image\":{\"@id\":\"https:\\\/\\\/kuzeyinsesi.org\\\/index.php\\\/2025\\\/01\\\/17\\\/kibris-halk-danslari-dijitallesiyor-proje-kapsamindaki-calismalar-basladi\\\/#primaryimage\"},\"thumbnailUrl\":\"https:\\\/\\\/kuzeyinsesi.org\\\/wp-content\\\/uploads\\\/2025\\\/01\\\/pppppppppppppppppp.jpg\",\"articleSection\":[\"Ya\u015fam\"],\"inLanguage\":\"tr\",\"potentialAction\":[{\"@type\":\"CommentAction\",\"name\":\"Comment\",\"target\":[\"https:\\\/\\\/kuzeyinsesi.org\\\/index.php\\\/2025\\\/01\\\/17\\\/kibris-halk-danslari-dijitallesiyor-proje-kapsamindaki-calismalar-basladi\\\/#respond\"]}]},{\"@type\":\"WebPage\",\"@id\":\"https:\\\/\\\/kuzeyinsesi.org\\\/index.php\\\/2025\\\/01\\\/17\\\/kibris-halk-danslari-dijitallesiyor-proje-kapsamindaki-calismalar-basladi\\\/\",\"url\":\"https:\\\/\\\/kuzeyinsesi.org\\\/index.php\\\/2025\\\/01\\\/17\\\/kibris-halk-danslari-dijitallesiyor-proje-kapsamindaki-calismalar-basladi\\\/\",\"name\":\"K\u0131br\u0131s halk danslar\u0131 dijitalle\u015fiyor\u2026 Proje kapsam\u0131ndaki \u00e7al\u0131\u015fmalar ba\u015flad\u0131 - Kuzeyin Sesi\",\"isPartOf\":{\"@id\":\"https:\\\/\\\/kuzeyinsesi.org\\\/#website\"},\"primaryImageOfPage\":{\"@id\":\"https:\\\/\\\/kuzeyinsesi.org\\\/index.php\\\/2025\\\/01\\\/17\\\/kibris-halk-danslari-dijitallesiyor-proje-kapsamindaki-calismalar-basladi\\\/#primaryimage\"},\"image\":{\"@id\":\"https:\\\/\\\/kuzeyinsesi.org\\\/index.php\\\/2025\\\/01\\\/17\\\/kibris-halk-danslari-dijitallesiyor-proje-kapsamindaki-calismalar-basladi\\\/#primaryimage\"},\"thumbnailUrl\":\"https:\\\/\\\/kuzeyinsesi.org\\\/wp-content\\\/uploads\\\/2025\\\/01\\\/pppppppppppppppppp.jpg\",\"datePublished\":\"2025-01-17T13:22:51+00:00\",\"author\":{\"@id\":\"https:\\\/\\\/kuzeyinsesi.org\\\/#\\\/schema\\\/person\\\/9f859689cdf01485597712386e37f5aa\"},\"breadcrumb\":{\"@id\":\"https:\\\/\\\/kuzeyinsesi.org\\\/index.php\\\/2025\\\/01\\\/17\\\/kibris-halk-danslari-dijitallesiyor-proje-kapsamindaki-calismalar-basladi\\\/#breadcrumb\"},\"inLanguage\":\"tr\",\"potentialAction\":[{\"@type\":\"ReadAction\",\"target\":[\"https:\\\/\\\/kuzeyinsesi.org\\\/index.php\\\/2025\\\/01\\\/17\\\/kibris-halk-danslari-dijitallesiyor-proje-kapsamindaki-calismalar-basladi\\\/\"]}]},{\"@type\":\"ImageObject\",\"inLanguage\":\"tr\",\"@id\":\"https:\\\/\\\/kuzeyinsesi.org\\\/index.php\\\/2025\\\/01\\\/17\\\/kibris-halk-danslari-dijitallesiyor-proje-kapsamindaki-calismalar-basladi\\\/#primaryimage\",\"url\":\"https:\\\/\\\/kuzeyinsesi.org\\\/wp-content\\\/uploads\\\/2025\\\/01\\\/pppppppppppppppppp.jpg\",\"contentUrl\":\"https:\\\/\\\/kuzeyinsesi.org\\\/wp-content\\\/uploads\\\/2025\\\/01\\\/pppppppppppppppppp.jpg\",\"width\":1920,\"height\":1080},{\"@type\":\"BreadcrumbList\",\"@id\":\"https:\\\/\\\/kuzeyinsesi.org\\\/index.php\\\/2025\\\/01\\\/17\\\/kibris-halk-danslari-dijitallesiyor-proje-kapsamindaki-calismalar-basladi\\\/#breadcrumb\",\"itemListElement\":[{\"@type\":\"ListItem\",\"position\":1,\"name\":\"Anasayfa\",\"item\":\"https:\\\/\\\/kuzeyinsesi.org\\\/\"},{\"@type\":\"ListItem\",\"position\":2,\"name\":\"K\u0131br\u0131s halk danslar\u0131 dijitalle\u015fiyor\u2026 Proje kapsam\u0131ndaki \u00e7al\u0131\u015fmalar ba\u015flad\u0131\"}]},{\"@type\":\"WebSite\",\"@id\":\"https:\\\/\\\/kuzeyinsesi.org\\\/#website\",\"url\":\"https:\\\/\\\/kuzeyinsesi.org\\\/\",\"name\":\"Kuzeyin Sesi\",\"description\":\"Do\u011fru Haberin Adresi\",\"potentialAction\":[{\"@type\":\"SearchAction\",\"target\":{\"@type\":\"EntryPoint\",\"urlTemplate\":\"https:\\\/\\\/kuzeyinsesi.org\\\/?s={search_term_string}\"},\"query-input\":{\"@type\":\"PropertyValueSpecification\",\"valueRequired\":true,\"valueName\":\"search_term_string\"}}],\"inLanguage\":\"tr\"},{\"@type\":\"Person\",\"@id\":\"https:\\\/\\\/kuzeyinsesi.org\\\/#\\\/schema\\\/person\\\/9f859689cdf01485597712386e37f5aa\",\"name\":\"Kuzeyin Sesi\",\"image\":{\"@type\":\"ImageObject\",\"inLanguage\":\"tr\",\"@id\":\"https:\\\/\\\/secure.gravatar.com\\\/avatar\\\/bab33852abfd8b282518d6ed81826833d77c3c882d9ab608add591ccace47a44?s=96&d=mm&r=g\",\"url\":\"https:\\\/\\\/secure.gravatar.com\\\/avatar\\\/bab33852abfd8b282518d6ed81826833d77c3c882d9ab608add591ccace47a44?s=96&d=mm&r=g\",\"contentUrl\":\"https:\\\/\\\/secure.gravatar.com\\\/avatar\\\/bab33852abfd8b282518d6ed81826833d77c3c882d9ab608add591ccace47a44?s=96&d=mm&r=g\",\"caption\":\"Kuzeyin Sesi\"},\"sameAs\":[\"https:\\\/\\\/kuzeyinsesi.org\"],\"url\":\"https:\\\/\\\/kuzeyinsesi.org\\\/index.php\\\/author\\\/guven\\\/\"}]}<\/script>\n<!-- \/ Yoast SEO plugin. -->","yoast_head_json":{"title":"K\u0131br\u0131s halk danslar\u0131 dijitalle\u015fiyor\u2026 Proje kapsam\u0131ndaki \u00e7al\u0131\u015fmalar ba\u015flad\u0131 - Kuzeyin Sesi","robots":{"index":"index","follow":"follow","max-snippet":"max-snippet:-1","max-image-preview":"max-image-preview:large","max-video-preview":"max-video-preview:-1"},"canonical":"https:\/\/kuzeyinsesi.org\/index.php\/2025\/01\/17\/kibris-halk-danslari-dijitallesiyor-proje-kapsamindaki-calismalar-basladi\/","og_locale":"tr_TR","og_type":"article","og_title":"K\u0131br\u0131s halk danslar\u0131 dijitalle\u015fiyor\u2026 Proje kapsam\u0131ndaki \u00e7al\u0131\u015fmalar ba\u015flad\u0131 - Kuzeyin Sesi","og_description":"\u00a0 \u00a0Avrupa Birli\u011fi (AB) taraf\u0131ndan finanse edilen ve K\u0131br\u0131s T\u00fcrk toplumuna y\u00f6nelik Yard\u0131m Program\u0131 kapsam\u0131nda y\u00fcr\u00fct\u00fclen \u201cGen\u00e7lik \u0130\u015f Ba\u015f\u0131nda: K\u00fclt\u00fcr Yoluyla Diyalo\u011fu Geli\u015ftiriyoruz\u201d projesi kapsam\u0131nda K\u0131br\u0131s halk danslar\u0131n\u0131n dijital bir k\u00fct\u00fcphane olarak eri\u015filebilir hale gelmesine y\u00f6nelik \u00e7al\u0131\u015fmalar ba\u015flad\u0131. Halk Sanatlar\u0131 Vakf\u0131\u2019ndan (HASDER) yap\u0131lan a\u00e7\u0131klamada, HASDER liderli\u011finde, G\u00fcney K\u0131br\u0131s\u2019tan PAOK Klirou Spor ve K\u00fclt\u00fcr Derne\u011fi i\u015f [&hellip;]","og_url":"https:\/\/kuzeyinsesi.org\/index.php\/2025\/01\/17\/kibris-halk-danslari-dijitallesiyor-proje-kapsamindaki-calismalar-basladi\/","og_site_name":"Kuzeyin Sesi","article_publisher":"https:\/\/www.facebook.com\/kuzeyinsesii","article_published_time":"2025-01-17T13:22:51+00:00","og_image":[{"url":"https:\/\/brtk.net\/wp-content\/uploads\/2025\/01\/17\/pppppppppppppppppp.jpg?ver=325bc1293aa4ab19d08f7fad612833e4","type":"","width":"","height":""}],"author":"Kuzeyin Sesi","twitter_card":"summary_large_image","twitter_creator":"@kuzeyinsesii","twitter_site":"@kuzeyinsesii","twitter_misc":{"Yazan:":"Kuzeyin Sesi","Tahmini okuma s\u00fcresi":"2 dakika"},"schema":{"@context":"https:\/\/schema.org","@graph":[{"@type":"Article","@id":"https:\/\/kuzeyinsesi.org\/index.php\/2025\/01\/17\/kibris-halk-danslari-dijitallesiyor-proje-kapsamindaki-calismalar-basladi\/#article","isPartOf":{"@id":"https:\/\/kuzeyinsesi.org\/index.php\/2025\/01\/17\/kibris-halk-danslari-dijitallesiyor-proje-kapsamindaki-calismalar-basladi\/"},"author":{"name":"Kuzeyin Sesi","@id":"https:\/\/kuzeyinsesi.org\/#\/schema\/person\/9f859689cdf01485597712386e37f5aa"},"headline":"K\u0131br\u0131s halk danslar\u0131 dijitalle\u015fiyor\u2026 Proje kapsam\u0131ndaki \u00e7al\u0131\u015fmalar ba\u015flad\u0131","datePublished":"2025-01-17T13:22:51+00:00","mainEntityOfPage":{"@id":"https:\/\/kuzeyinsesi.org\/index.php\/2025\/01\/17\/kibris-halk-danslari-dijitallesiyor-proje-kapsamindaki-calismalar-basladi\/"},"wordCount":408,"commentCount":0,"image":{"@id":"https:\/\/kuzeyinsesi.org\/index.php\/2025\/01\/17\/kibris-halk-danslari-dijitallesiyor-proje-kapsamindaki-calismalar-basladi\/#primaryimage"},"thumbnailUrl":"https:\/\/kuzeyinsesi.org\/wp-content\/uploads\/2025\/01\/pppppppppppppppppp.jpg","articleSection":["Ya\u015fam"],"inLanguage":"tr","potentialAction":[{"@type":"CommentAction","name":"Comment","target":["https:\/\/kuzeyinsesi.org\/index.php\/2025\/01\/17\/kibris-halk-danslari-dijitallesiyor-proje-kapsamindaki-calismalar-basladi\/#respond"]}]},{"@type":"WebPage","@id":"https:\/\/kuzeyinsesi.org\/index.php\/2025\/01\/17\/kibris-halk-danslari-dijitallesiyor-proje-kapsamindaki-calismalar-basladi\/","url":"https:\/\/kuzeyinsesi.org\/index.php\/2025\/01\/17\/kibris-halk-danslari-dijitallesiyor-proje-kapsamindaki-calismalar-basladi\/","name":"K\u0131br\u0131s halk danslar\u0131 dijitalle\u015fiyor\u2026 Proje kapsam\u0131ndaki \u00e7al\u0131\u015fmalar ba\u015flad\u0131 - Kuzeyin Sesi","isPartOf":{"@id":"https:\/\/kuzeyinsesi.org\/#website"},"primaryImageOfPage":{"@id":"https:\/\/kuzeyinsesi.org\/index.php\/2025\/01\/17\/kibris-halk-danslari-dijitallesiyor-proje-kapsamindaki-calismalar-basladi\/#primaryimage"},"image":{"@id":"https:\/\/kuzeyinsesi.org\/index.php\/2025\/01\/17\/kibris-halk-danslari-dijitallesiyor-proje-kapsamindaki-calismalar-basladi\/#primaryimage"},"thumbnailUrl":"https:\/\/kuzeyinsesi.org\/wp-content\/uploads\/2025\/01\/pppppppppppppppppp.jpg","datePublished":"2025-01-17T13:22:51+00:00","author":{"@id":"https:\/\/kuzeyinsesi.org\/#\/schema\/person\/9f859689cdf01485597712386e37f5aa"},"breadcrumb":{"@id":"https:\/\/kuzeyinsesi.org\/index.php\/2025\/01\/17\/kibris-halk-danslari-dijitallesiyor-proje-kapsamindaki-calismalar-basladi\/#breadcrumb"},"inLanguage":"tr","potentialAction":[{"@type":"ReadAction","target":["https:\/\/kuzeyinsesi.org\/index.php\/2025\/01\/17\/kibris-halk-danslari-dijitallesiyor-proje-kapsamindaki-calismalar-basladi\/"]}]},{"@type":"ImageObject","inLanguage":"tr","@id":"https:\/\/kuzeyinsesi.org\/index.php\/2025\/01\/17\/kibris-halk-danslari-dijitallesiyor-proje-kapsamindaki-calismalar-basladi\/#primaryimage","url":"https:\/\/kuzeyinsesi.org\/wp-content\/uploads\/2025\/01\/pppppppppppppppppp.jpg","contentUrl":"https:\/\/kuzeyinsesi.org\/wp-content\/uploads\/2025\/01\/pppppppppppppppppp.jpg","width":1920,"height":1080},{"@type":"BreadcrumbList","@id":"https:\/\/kuzeyinsesi.org\/index.php\/2025\/01\/17\/kibris-halk-danslari-dijitallesiyor-proje-kapsamindaki-calismalar-basladi\/#breadcrumb","itemListElement":[{"@type":"ListItem","position":1,"name":"Anasayfa","item":"https:\/\/kuzeyinsesi.org\/"},{"@type":"ListItem","position":2,"name":"K\u0131br\u0131s halk danslar\u0131 dijitalle\u015fiyor\u2026 Proje kapsam\u0131ndaki \u00e7al\u0131\u015fmalar ba\u015flad\u0131"}]},{"@type":"WebSite","@id":"https:\/\/kuzeyinsesi.org\/#website","url":"https:\/\/kuzeyinsesi.org\/","name":"Kuzeyin Sesi","description":"Do\u011fru Haberin Adresi","potentialAction":[{"@type":"SearchAction","target":{"@type":"EntryPoint","urlTemplate":"https:\/\/kuzeyinsesi.org\/?s={search_term_string}"},"query-input":{"@type":"PropertyValueSpecification","valueRequired":true,"valueName":"search_term_string"}}],"inLanguage":"tr"},{"@type":"Person","@id":"https:\/\/kuzeyinsesi.org\/#\/schema\/person\/9f859689cdf01485597712386e37f5aa","name":"Kuzeyin Sesi","image":{"@type":"ImageObject","inLanguage":"tr","@id":"https:\/\/secure.gravatar.com\/avatar\/bab33852abfd8b282518d6ed81826833d77c3c882d9ab608add591ccace47a44?s=96&d=mm&r=g","url":"https:\/\/secure.gravatar.com\/avatar\/bab33852abfd8b282518d6ed81826833d77c3c882d9ab608add591ccace47a44?s=96&d=mm&r=g","contentUrl":"https:\/\/secure.gravatar.com\/avatar\/bab33852abfd8b282518d6ed81826833d77c3c882d9ab608add591ccace47a44?s=96&d=mm&r=g","caption":"Kuzeyin Sesi"},"sameAs":["https:\/\/kuzeyinsesi.org"],"url":"https:\/\/kuzeyinsesi.org\/index.php\/author\/guven\/"}]}},"_links":{"self":[{"href":"https:\/\/kuzeyinsesi.org\/index.php\/wp-json\/wp\/v2\/posts\/17517","targetHints":{"allow":["GET"]}}],"collection":[{"href":"https:\/\/kuzeyinsesi.org\/index.php\/wp-json\/wp\/v2\/posts"}],"about":[{"href":"https:\/\/kuzeyinsesi.org\/index.php\/wp-json\/wp\/v2\/types\/post"}],"author":[{"embeddable":true,"href":"https:\/\/kuzeyinsesi.org\/index.php\/wp-json\/wp\/v2\/users\/1"}],"replies":[{"embeddable":true,"href":"https:\/\/kuzeyinsesi.org\/index.php\/wp-json\/wp\/v2\/comments?post=17517"}],"version-history":[{"count":0,"href":"https:\/\/kuzeyinsesi.org\/index.php\/wp-json\/wp\/v2\/posts\/17517\/revisions"}],"wp:featuredmedia":[{"embeddable":true,"href":"https:\/\/kuzeyinsesi.org\/index.php\/wp-json\/wp\/v2\/media\/17518"}],"wp:attachment":[{"href":"https:\/\/kuzeyinsesi.org\/index.php\/wp-json\/wp\/v2\/media?parent=17517"}],"wp:term":[{"taxonomy":"category","embeddable":true,"href":"https:\/\/kuzeyinsesi.org\/index.php\/wp-json\/wp\/v2\/categories?post=17517"},{"taxonomy":"post_tag","embeddable":true,"href":"https:\/\/kuzeyinsesi.org\/index.php\/wp-json\/wp\/v2\/tags?post=17517"}],"curies":[{"name":"wp","href":"https:\/\/api.w.org\/{rel}","templated":true}]}}