{"id":17485,"date":"2025-01-16T18:36:36","date_gmt":"2025-01-16T16:36:36","guid":{"rendered":"https:\/\/kuzeyinsesi.org\/index.php\/2025\/01\/16\/kampus-kopegi-mavis-kitabi-18-ocakta-tanitiliyor\/"},"modified":"2025-01-16T18:36:36","modified_gmt":"2025-01-16T16:36:36","slug":"kampus-kopegi-mavis-kitabi-18-ocakta-tanitiliyor","status":"publish","type":"post","link":"https:\/\/kuzeyinsesi.org\/index.php\/2025\/01\/16\/kampus-kopegi-mavis-kitabi-18-ocakta-tanitiliyor\/","title":{"rendered":"\u201cKamp\u00fcs K\u00f6pe\u011fi Mavi\u015f\u201d kitab\u0131 18 Ocak\u2019ta tan\u0131t\u0131l\u0131yor"},"content":{"rendered":"<div>\n<div class=\"mariselle-image-container none\">\n                                            <\/div>\n<p>Yazar Rana \u015eenol, yeni kitab\u0131 \u201cKamp\u00fcs K\u00f6pe\u011fi Mavi\u015f\u201d i\u00e7in d\u00fczenlenen tan\u0131t\u0131m etkinli\u011finde okurlar\u0131yla bulu\u015fmaya haz\u0131rlan\u0131yor.<\/p>\n<p>Yap\u0131lan a\u00e7\u0131klamaya g\u00f6re etkinlik, 18 Ocak Cumartesi g\u00fcn\u00fc saat 10.00\u2019da I\u015f\u0131k Kitabevi ve BLCKBRD Social Cafe\u2019de ger\u00e7ekle\u015ftirilecek.<\/p>\n<p>\u00c7ocuklar ve ebeveynlerin davet edildi\u011fi etkinlikte, yarat\u0131c\u0131 aktiviteler yer alacak. Ayr\u0131ca, kitab\u0131n ilham kayna\u011f\u0131 olan k\u00f6pek Mavi\u015f de etkinlikte bulunacak.<\/p>\n<p>Etkinlikte, hen\u00fcz 13 ya\u015f\u0131nda ilk ill\u00fcstrasyon projesine imza atan Ada Do\u011fa Turgut ile sohbet etme ve Mavi\u015f\u2019in patisiyle imzalayaca\u011f\u0131 kitab\u0131 edinme imk\u00e2n\u0131 da sunulacak.<\/p>\n<\/p><\/div>\n<p><script async\n                    defer\n                    crossorigin=\"anonymous\"\n                    src=\"https:\/\/connect.facebook.net\/tr_TR\/sdk.js#xfbml=1&#038;version=v3.3\"\n            ><\/script><\/p>\n","protected":false},"excerpt":{"rendered":"<p>Yazar Rana \u015eenol, yeni kitab\u0131 \u201cKamp\u00fcs K\u00f6pe\u011fi Mavi\u015f\u201d i\u00e7in d\u00fczenlenen tan\u0131t\u0131m etkinli\u011finde okurlar\u0131yla bulu\u015fmaya haz\u0131rlan\u0131yor. Yap\u0131lan a\u00e7\u0131klamaya g\u00f6re etkinlik, 18 Ocak Cumartesi g\u00fcn\u00fc saat 10.00\u2019da I\u015f\u0131k Kitabevi ve BLCKBRD Social Cafe\u2019de ger\u00e7ekle\u015ftirilecek. \u00c7ocuklar ve ebeveynlerin davet edildi\u011fi etkinlikte, yarat\u0131c\u0131 aktiviteler yer alacak. Ayr\u0131ca, kitab\u0131n ilham kayna\u011f\u0131 olan k\u00f6pek Mavi\u015f de etkinlikte bulunacak. Etkinlikte, hen\u00fcz 13 [&hellip;]<\/p>\n","protected":false},"author":1,"featured_media":17486,"comment_status":"open","ping_status":"open","sticky":false,"template":"","format":"standard","meta":{"jnews-multi-image_gallery":[],"jnews_single_post":[],"jnews_primary_category":[],"jnews_social_meta":[],"jnews_override_counter":[],"footnotes":""},"categories":[6],"tags":[],"class_list":["post-17485","post","type-post","status-publish","format-standard","has-post-thumbnail","hentry","category-yasam"],"yoast_head":"<!-- This site is optimized with the Yoast SEO plugin v27.4 - https:\/\/yoast.com\/product\/yoast-seo-wordpress\/ -->\n<title>\u201cKamp\u00fcs K\u00f6pe\u011fi Mavi\u015f\u201d kitab\u0131 18 Ocak\u2019ta tan\u0131t\u0131l\u0131yor - Kuzeyin Sesi<\/title>\n<meta name=\"robots\" content=\"index, follow, max-snippet:-1, max-image-preview:large, max-video-preview:-1\" \/>\n<link rel=\"canonical\" href=\"https:\/\/kuzeyinsesi.org\/index.php\/2025\/01\/16\/kampus-kopegi-mavis-kitabi-18-ocakta-tanitiliyor\/\" \/>\n<meta property=\"og:locale\" content=\"tr_TR\" \/>\n<meta property=\"og:type\" content=\"article\" \/>\n<meta property=\"og:title\" content=\"\u201cKamp\u00fcs K\u00f6pe\u011fi Mavi\u015f\u201d kitab\u0131 18 Ocak\u2019ta tan\u0131t\u0131l\u0131yor - Kuzeyin Sesi\" \/>\n<meta property=\"og:description\" content=\"Yazar Rana \u015eenol, yeni kitab\u0131 \u201cKamp\u00fcs K\u00f6pe\u011fi Mavi\u015f\u201d i\u00e7in d\u00fczenlenen tan\u0131t\u0131m etkinli\u011finde okurlar\u0131yla bulu\u015fmaya haz\u0131rlan\u0131yor. Yap\u0131lan a\u00e7\u0131klamaya g\u00f6re etkinlik, 18 Ocak Cumartesi g\u00fcn\u00fc saat 10.00\u2019da I\u015f\u0131k Kitabevi ve BLCKBRD Social Cafe\u2019de ger\u00e7ekle\u015ftirilecek. \u00c7ocuklar ve ebeveynlerin davet edildi\u011fi etkinlikte, yarat\u0131c\u0131 aktiviteler yer alacak. Ayr\u0131ca, kitab\u0131n ilham kayna\u011f\u0131 olan k\u00f6pek Mavi\u015f de etkinlikte bulunacak. Etkinlikte, hen\u00fcz 13 [&hellip;]\" \/>\n<meta property=\"og:url\" content=\"https:\/\/kuzeyinsesi.org\/index.php\/2025\/01\/16\/kampus-kopegi-mavis-kitabi-18-ocakta-tanitiliyor\/\" \/>\n<meta property=\"og:site_name\" content=\"Kuzeyin Sesi\" \/>\n<meta property=\"article:publisher\" content=\"https:\/\/www.facebook.com\/kuzeyinsesii\" \/>\n<meta property=\"article:published_time\" content=\"2025-01-16T16:36:36+00:00\" \/>\n<meta property=\"og:image\" content=\"https:\/\/brtk.net\/wp-content\/uploads\/2025\/01\/16\/RANA-SENOL-KITAP.jpeg?ver=70aa0e4bf4864b71f814dd574e01e454\" \/>\n<meta name=\"author\" content=\"Kuzeyin Sesi\" \/>\n<meta name=\"twitter:card\" content=\"summary_large_image\" \/>\n<meta name=\"twitter:creator\" content=\"@kuzeyinsesii\" \/>\n<meta name=\"twitter:site\" content=\"@kuzeyinsesii\" \/>\n<meta name=\"twitter:label1\" content=\"Yazan:\" \/>\n\t<meta name=\"twitter:data1\" content=\"Kuzeyin Sesi\" \/>\n\t<meta name=\"twitter:label2\" content=\"Tahmini okuma s\u00fcresi\" \/>\n\t<meta name=\"twitter:data2\" content=\"1 dakika\" \/>\n<script type=\"application\/ld+json\" class=\"yoast-schema-graph\">{\"@context\":\"https:\\\/\\\/schema.org\",\"@graph\":[{\"@type\":\"Article\",\"@id\":\"https:\\\/\\\/kuzeyinsesi.org\\\/index.php\\\/2025\\\/01\\\/16\\\/kampus-kopegi-mavis-kitabi-18-ocakta-tanitiliyor\\\/#article\",\"isPartOf\":{\"@id\":\"https:\\\/\\\/kuzeyinsesi.org\\\/index.php\\\/2025\\\/01\\\/16\\\/kampus-kopegi-mavis-kitabi-18-ocakta-tanitiliyor\\\/\"},\"author\":{\"name\":\"Kuzeyin Sesi\",\"@id\":\"https:\\\/\\\/kuzeyinsesi.org\\\/#\\\/schema\\\/person\\\/9f859689cdf01485597712386e37f5aa\"},\"headline\":\"\u201cKamp\u00fcs K\u00f6pe\u011fi Mavi\u015f\u201d kitab\u0131 18 Ocak\u2019ta tan\u0131t\u0131l\u0131yor\",\"datePublished\":\"2025-01-16T16:36:36+00:00\",\"mainEntityOfPage\":{\"@id\":\"https:\\\/\\\/kuzeyinsesi.org\\\/index.php\\\/2025\\\/01\\\/16\\\/kampus-kopegi-mavis-kitabi-18-ocakta-tanitiliyor\\\/\"},\"wordCount\":118,\"commentCount\":0,\"image\":{\"@id\":\"https:\\\/\\\/kuzeyinsesi.org\\\/index.php\\\/2025\\\/01\\\/16\\\/kampus-kopegi-mavis-kitabi-18-ocakta-tanitiliyor\\\/#primaryimage\"},\"thumbnailUrl\":\"https:\\\/\\\/kuzeyinsesi.org\\\/wp-content\\\/uploads\\\/2025\\\/01\\\/RANA-SENOL-KITAP.jpeg\",\"articleSection\":[\"Ya\u015fam\"],\"inLanguage\":\"tr\",\"potentialAction\":[{\"@type\":\"CommentAction\",\"name\":\"Comment\",\"target\":[\"https:\\\/\\\/kuzeyinsesi.org\\\/index.php\\\/2025\\\/01\\\/16\\\/kampus-kopegi-mavis-kitabi-18-ocakta-tanitiliyor\\\/#respond\"]}]},{\"@type\":\"WebPage\",\"@id\":\"https:\\\/\\\/kuzeyinsesi.org\\\/index.php\\\/2025\\\/01\\\/16\\\/kampus-kopegi-mavis-kitabi-18-ocakta-tanitiliyor\\\/\",\"url\":\"https:\\\/\\\/kuzeyinsesi.org\\\/index.php\\\/2025\\\/01\\\/16\\\/kampus-kopegi-mavis-kitabi-18-ocakta-tanitiliyor\\\/\",\"name\":\"\u201cKamp\u00fcs K\u00f6pe\u011fi Mavi\u015f\u201d kitab\u0131 18 Ocak\u2019ta tan\u0131t\u0131l\u0131yor - Kuzeyin Sesi\",\"isPartOf\":{\"@id\":\"https:\\\/\\\/kuzeyinsesi.org\\\/#website\"},\"primaryImageOfPage\":{\"@id\":\"https:\\\/\\\/kuzeyinsesi.org\\\/index.php\\\/2025\\\/01\\\/16\\\/kampus-kopegi-mavis-kitabi-18-ocakta-tanitiliyor\\\/#primaryimage\"},\"image\":{\"@id\":\"https:\\\/\\\/kuzeyinsesi.org\\\/index.php\\\/2025\\\/01\\\/16\\\/kampus-kopegi-mavis-kitabi-18-ocakta-tanitiliyor\\\/#primaryimage\"},\"thumbnailUrl\":\"https:\\\/\\\/kuzeyinsesi.org\\\/wp-content\\\/uploads\\\/2025\\\/01\\\/RANA-SENOL-KITAP.jpeg\",\"datePublished\":\"2025-01-16T16:36:36+00:00\",\"author\":{\"@id\":\"https:\\\/\\\/kuzeyinsesi.org\\\/#\\\/schema\\\/person\\\/9f859689cdf01485597712386e37f5aa\"},\"breadcrumb\":{\"@id\":\"https:\\\/\\\/kuzeyinsesi.org\\\/index.php\\\/2025\\\/01\\\/16\\\/kampus-kopegi-mavis-kitabi-18-ocakta-tanitiliyor\\\/#breadcrumb\"},\"inLanguage\":\"tr\",\"potentialAction\":[{\"@type\":\"ReadAction\",\"target\":[\"https:\\\/\\\/kuzeyinsesi.org\\\/index.php\\\/2025\\\/01\\\/16\\\/kampus-kopegi-mavis-kitabi-18-ocakta-tanitiliyor\\\/\"]}]},{\"@type\":\"ImageObject\",\"inLanguage\":\"tr\",\"@id\":\"https:\\\/\\\/kuzeyinsesi.org\\\/index.php\\\/2025\\\/01\\\/16\\\/kampus-kopegi-mavis-kitabi-18-ocakta-tanitiliyor\\\/#primaryimage\",\"url\":\"https:\\\/\\\/kuzeyinsesi.org\\\/wp-content\\\/uploads\\\/2025\\\/01\\\/RANA-SENOL-KITAP.jpeg\",\"contentUrl\":\"https:\\\/\\\/kuzeyinsesi.org\\\/wp-content\\\/uploads\\\/2025\\\/01\\\/RANA-SENOL-KITAP.jpeg\",\"width\":930,\"height\":410},{\"@type\":\"BreadcrumbList\",\"@id\":\"https:\\\/\\\/kuzeyinsesi.org\\\/index.php\\\/2025\\\/01\\\/16\\\/kampus-kopegi-mavis-kitabi-18-ocakta-tanitiliyor\\\/#breadcrumb\",\"itemListElement\":[{\"@type\":\"ListItem\",\"position\":1,\"name\":\"Anasayfa\",\"item\":\"https:\\\/\\\/kuzeyinsesi.org\\\/\"},{\"@type\":\"ListItem\",\"position\":2,\"name\":\"\u201cKamp\u00fcs K\u00f6pe\u011fi Mavi\u015f\u201d kitab\u0131 18 Ocak\u2019ta tan\u0131t\u0131l\u0131yor\"}]},{\"@type\":\"WebSite\",\"@id\":\"https:\\\/\\\/kuzeyinsesi.org\\\/#website\",\"url\":\"https:\\\/\\\/kuzeyinsesi.org\\\/\",\"name\":\"Kuzeyin Sesi\",\"description\":\"Do\u011fru Haberin Adresi\",\"potentialAction\":[{\"@type\":\"SearchAction\",\"target\":{\"@type\":\"EntryPoint\",\"urlTemplate\":\"https:\\\/\\\/kuzeyinsesi.org\\\/?s={search_term_string}\"},\"query-input\":{\"@type\":\"PropertyValueSpecification\",\"valueRequired\":true,\"valueName\":\"search_term_string\"}}],\"inLanguage\":\"tr\"},{\"@type\":\"Person\",\"@id\":\"https:\\\/\\\/kuzeyinsesi.org\\\/#\\\/schema\\\/person\\\/9f859689cdf01485597712386e37f5aa\",\"name\":\"Kuzeyin Sesi\",\"image\":{\"@type\":\"ImageObject\",\"inLanguage\":\"tr\",\"@id\":\"https:\\\/\\\/secure.gravatar.com\\\/avatar\\\/bab33852abfd8b282518d6ed81826833d77c3c882d9ab608add591ccace47a44?s=96&d=mm&r=g\",\"url\":\"https:\\\/\\\/secure.gravatar.com\\\/avatar\\\/bab33852abfd8b282518d6ed81826833d77c3c882d9ab608add591ccace47a44?s=96&d=mm&r=g\",\"contentUrl\":\"https:\\\/\\\/secure.gravatar.com\\\/avatar\\\/bab33852abfd8b282518d6ed81826833d77c3c882d9ab608add591ccace47a44?s=96&d=mm&r=g\",\"caption\":\"Kuzeyin Sesi\"},\"sameAs\":[\"https:\\\/\\\/kuzeyinsesi.org\"],\"url\":\"https:\\\/\\\/kuzeyinsesi.org\\\/index.php\\\/author\\\/guven\\\/\"}]}<\/script>\n<!-- \/ Yoast SEO plugin. -->","yoast_head_json":{"title":"\u201cKamp\u00fcs K\u00f6pe\u011fi Mavi\u015f\u201d kitab\u0131 18 Ocak\u2019ta tan\u0131t\u0131l\u0131yor - Kuzeyin Sesi","robots":{"index":"index","follow":"follow","max-snippet":"max-snippet:-1","max-image-preview":"max-image-preview:large","max-video-preview":"max-video-preview:-1"},"canonical":"https:\/\/kuzeyinsesi.org\/index.php\/2025\/01\/16\/kampus-kopegi-mavis-kitabi-18-ocakta-tanitiliyor\/","og_locale":"tr_TR","og_type":"article","og_title":"\u201cKamp\u00fcs K\u00f6pe\u011fi Mavi\u015f\u201d kitab\u0131 18 Ocak\u2019ta tan\u0131t\u0131l\u0131yor - Kuzeyin Sesi","og_description":"Yazar Rana \u015eenol, yeni kitab\u0131 \u201cKamp\u00fcs K\u00f6pe\u011fi Mavi\u015f\u201d i\u00e7in d\u00fczenlenen tan\u0131t\u0131m etkinli\u011finde okurlar\u0131yla bulu\u015fmaya haz\u0131rlan\u0131yor. Yap\u0131lan a\u00e7\u0131klamaya g\u00f6re etkinlik, 18 Ocak Cumartesi g\u00fcn\u00fc saat 10.00\u2019da I\u015f\u0131k Kitabevi ve BLCKBRD Social Cafe\u2019de ger\u00e7ekle\u015ftirilecek. \u00c7ocuklar ve ebeveynlerin davet edildi\u011fi etkinlikte, yarat\u0131c\u0131 aktiviteler yer alacak. Ayr\u0131ca, kitab\u0131n ilham kayna\u011f\u0131 olan k\u00f6pek Mavi\u015f de etkinlikte bulunacak. Etkinlikte, hen\u00fcz 13 [&hellip;]","og_url":"https:\/\/kuzeyinsesi.org\/index.php\/2025\/01\/16\/kampus-kopegi-mavis-kitabi-18-ocakta-tanitiliyor\/","og_site_name":"Kuzeyin Sesi","article_publisher":"https:\/\/www.facebook.com\/kuzeyinsesii","article_published_time":"2025-01-16T16:36:36+00:00","og_image":[{"url":"https:\/\/brtk.net\/wp-content\/uploads\/2025\/01\/16\/RANA-SENOL-KITAP.jpeg?ver=70aa0e4bf4864b71f814dd574e01e454","type":"","width":"","height":""}],"author":"Kuzeyin Sesi","twitter_card":"summary_large_image","twitter_creator":"@kuzeyinsesii","twitter_site":"@kuzeyinsesii","twitter_misc":{"Yazan:":"Kuzeyin Sesi","Tahmini okuma s\u00fcresi":"1 dakika"},"schema":{"@context":"https:\/\/schema.org","@graph":[{"@type":"Article","@id":"https:\/\/kuzeyinsesi.org\/index.php\/2025\/01\/16\/kampus-kopegi-mavis-kitabi-18-ocakta-tanitiliyor\/#article","isPartOf":{"@id":"https:\/\/kuzeyinsesi.org\/index.php\/2025\/01\/16\/kampus-kopegi-mavis-kitabi-18-ocakta-tanitiliyor\/"},"author":{"name":"Kuzeyin Sesi","@id":"https:\/\/kuzeyinsesi.org\/#\/schema\/person\/9f859689cdf01485597712386e37f5aa"},"headline":"\u201cKamp\u00fcs K\u00f6pe\u011fi Mavi\u015f\u201d kitab\u0131 18 Ocak\u2019ta tan\u0131t\u0131l\u0131yor","datePublished":"2025-01-16T16:36:36+00:00","mainEntityOfPage":{"@id":"https:\/\/kuzeyinsesi.org\/index.php\/2025\/01\/16\/kampus-kopegi-mavis-kitabi-18-ocakta-tanitiliyor\/"},"wordCount":118,"commentCount":0,"image":{"@id":"https:\/\/kuzeyinsesi.org\/index.php\/2025\/01\/16\/kampus-kopegi-mavis-kitabi-18-ocakta-tanitiliyor\/#primaryimage"},"thumbnailUrl":"https:\/\/kuzeyinsesi.org\/wp-content\/uploads\/2025\/01\/RANA-SENOL-KITAP.jpeg","articleSection":["Ya\u015fam"],"inLanguage":"tr","potentialAction":[{"@type":"CommentAction","name":"Comment","target":["https:\/\/kuzeyinsesi.org\/index.php\/2025\/01\/16\/kampus-kopegi-mavis-kitabi-18-ocakta-tanitiliyor\/#respond"]}]},{"@type":"WebPage","@id":"https:\/\/kuzeyinsesi.org\/index.php\/2025\/01\/16\/kampus-kopegi-mavis-kitabi-18-ocakta-tanitiliyor\/","url":"https:\/\/kuzeyinsesi.org\/index.php\/2025\/01\/16\/kampus-kopegi-mavis-kitabi-18-ocakta-tanitiliyor\/","name":"\u201cKamp\u00fcs K\u00f6pe\u011fi Mavi\u015f\u201d kitab\u0131 18 Ocak\u2019ta tan\u0131t\u0131l\u0131yor - Kuzeyin Sesi","isPartOf":{"@id":"https:\/\/kuzeyinsesi.org\/#website"},"primaryImageOfPage":{"@id":"https:\/\/kuzeyinsesi.org\/index.php\/2025\/01\/16\/kampus-kopegi-mavis-kitabi-18-ocakta-tanitiliyor\/#primaryimage"},"image":{"@id":"https:\/\/kuzeyinsesi.org\/index.php\/2025\/01\/16\/kampus-kopegi-mavis-kitabi-18-ocakta-tanitiliyor\/#primaryimage"},"thumbnailUrl":"https:\/\/kuzeyinsesi.org\/wp-content\/uploads\/2025\/01\/RANA-SENOL-KITAP.jpeg","datePublished":"2025-01-16T16:36:36+00:00","author":{"@id":"https:\/\/kuzeyinsesi.org\/#\/schema\/person\/9f859689cdf01485597712386e37f5aa"},"breadcrumb":{"@id":"https:\/\/kuzeyinsesi.org\/index.php\/2025\/01\/16\/kampus-kopegi-mavis-kitabi-18-ocakta-tanitiliyor\/#breadcrumb"},"inLanguage":"tr","potentialAction":[{"@type":"ReadAction","target":["https:\/\/kuzeyinsesi.org\/index.php\/2025\/01\/16\/kampus-kopegi-mavis-kitabi-18-ocakta-tanitiliyor\/"]}]},{"@type":"ImageObject","inLanguage":"tr","@id":"https:\/\/kuzeyinsesi.org\/index.php\/2025\/01\/16\/kampus-kopegi-mavis-kitabi-18-ocakta-tanitiliyor\/#primaryimage","url":"https:\/\/kuzeyinsesi.org\/wp-content\/uploads\/2025\/01\/RANA-SENOL-KITAP.jpeg","contentUrl":"https:\/\/kuzeyinsesi.org\/wp-content\/uploads\/2025\/01\/RANA-SENOL-KITAP.jpeg","width":930,"height":410},{"@type":"BreadcrumbList","@id":"https:\/\/kuzeyinsesi.org\/index.php\/2025\/01\/16\/kampus-kopegi-mavis-kitabi-18-ocakta-tanitiliyor\/#breadcrumb","itemListElement":[{"@type":"ListItem","position":1,"name":"Anasayfa","item":"https:\/\/kuzeyinsesi.org\/"},{"@type":"ListItem","position":2,"name":"\u201cKamp\u00fcs K\u00f6pe\u011fi Mavi\u015f\u201d kitab\u0131 18 Ocak\u2019ta tan\u0131t\u0131l\u0131yor"}]},{"@type":"WebSite","@id":"https:\/\/kuzeyinsesi.org\/#website","url":"https:\/\/kuzeyinsesi.org\/","name":"Kuzeyin Sesi","description":"Do\u011fru Haberin Adresi","potentialAction":[{"@type":"SearchAction","target":{"@type":"EntryPoint","urlTemplate":"https:\/\/kuzeyinsesi.org\/?s={search_term_string}"},"query-input":{"@type":"PropertyValueSpecification","valueRequired":true,"valueName":"search_term_string"}}],"inLanguage":"tr"},{"@type":"Person","@id":"https:\/\/kuzeyinsesi.org\/#\/schema\/person\/9f859689cdf01485597712386e37f5aa","name":"Kuzeyin Sesi","image":{"@type":"ImageObject","inLanguage":"tr","@id":"https:\/\/secure.gravatar.com\/avatar\/bab33852abfd8b282518d6ed81826833d77c3c882d9ab608add591ccace47a44?s=96&d=mm&r=g","url":"https:\/\/secure.gravatar.com\/avatar\/bab33852abfd8b282518d6ed81826833d77c3c882d9ab608add591ccace47a44?s=96&d=mm&r=g","contentUrl":"https:\/\/secure.gravatar.com\/avatar\/bab33852abfd8b282518d6ed81826833d77c3c882d9ab608add591ccace47a44?s=96&d=mm&r=g","caption":"Kuzeyin Sesi"},"sameAs":["https:\/\/kuzeyinsesi.org"],"url":"https:\/\/kuzeyinsesi.org\/index.php\/author\/guven\/"}]}},"_links":{"self":[{"href":"https:\/\/kuzeyinsesi.org\/index.php\/wp-json\/wp\/v2\/posts\/17485","targetHints":{"allow":["GET"]}}],"collection":[{"href":"https:\/\/kuzeyinsesi.org\/index.php\/wp-json\/wp\/v2\/posts"}],"about":[{"href":"https:\/\/kuzeyinsesi.org\/index.php\/wp-json\/wp\/v2\/types\/post"}],"author":[{"embeddable":true,"href":"https:\/\/kuzeyinsesi.org\/index.php\/wp-json\/wp\/v2\/users\/1"}],"replies":[{"embeddable":true,"href":"https:\/\/kuzeyinsesi.org\/index.php\/wp-json\/wp\/v2\/comments?post=17485"}],"version-history":[{"count":0,"href":"https:\/\/kuzeyinsesi.org\/index.php\/wp-json\/wp\/v2\/posts\/17485\/revisions"}],"wp:featuredmedia":[{"embeddable":true,"href":"https:\/\/kuzeyinsesi.org\/index.php\/wp-json\/wp\/v2\/media\/17486"}],"wp:attachment":[{"href":"https:\/\/kuzeyinsesi.org\/index.php\/wp-json\/wp\/v2\/media?parent=17485"}],"wp:term":[{"taxonomy":"category","embeddable":true,"href":"https:\/\/kuzeyinsesi.org\/index.php\/wp-json\/wp\/v2\/categories?post=17485"},{"taxonomy":"post_tag","embeddable":true,"href":"https:\/\/kuzeyinsesi.org\/index.php\/wp-json\/wp\/v2\/tags?post=17485"}],"curies":[{"name":"wp","href":"https:\/\/api.w.org\/{rel}","templated":true}]}}