{"id":17463,"date":"2025-01-16T17:02:28","date_gmt":"2025-01-16T15:02:28","guid":{"rendered":"https:\/\/kuzeyinsesi.org\/index.php\/2025\/01\/16\/cumhurbaskani-tatar-yeniden-refah-partisi-heyetini-kabul-etti\/"},"modified":"2025-01-16T17:02:28","modified_gmt":"2025-01-16T15:02:28","slug":"cumhurbaskani-tatar-yeniden-refah-partisi-heyetini-kabul-etti","status":"publish","type":"post","link":"https:\/\/kuzeyinsesi.org\/index.php\/2025\/01\/16\/cumhurbaskani-tatar-yeniden-refah-partisi-heyetini-kabul-etti\/","title":{"rendered":"Cumhurba\u015fkan\u0131 Tatar, Yeniden Refah Partisi heyetini kabul etti"},"content":{"rendered":"<div>\n<div class=\"mariselle-image-container none\">\n                                            <\/div>\n<p>Cumhurba\u015fkan\u0131 Ersin Tatar, KKTC\u2019de bulunan Yeniden Refah Partisi Genel Ba\u015fkan Yard\u0131mc\u0131s\u0131 Mehmet Alt\u0131n\u00f6z ve beraberindeki heyeti kabul etti.<\/p>\n<p>Cumhurba\u015fkanl\u0131\u011f\u0131\u2019ndan yap\u0131lan a\u00e7\u0131klamaya g\u00f6re, Cumhurba\u015fkan\u0131 Ersin Tatar ziyaretten duydu\u011fu memnuniyeti ifade ederek, Anavatan T\u00fcrkiye ile ili\u015fkilerin g\u00fc\u00e7lenerek devam ettirilmesinin \u00f6nemine vurgu yapt\u0131.<\/p>\n<p>K\u0131br\u0131s Bar\u0131\u015f Harek\u00e2t\u0131\u2019n\u0131n, K\u0131br\u0131s T\u00fcrkleri i\u00e7in tarihi \u00f6neme sahip oldu\u011funu ve T\u00fcrk-Yunan dengesinin sa\u011fl\u0131kl\u0131 bir \u015fekilde korunmas\u0131 i\u00e7in de \u00f6nemli bir harek\u00e2t oldu\u011funu belirten Tatar, tarihi harek\u00e2t karar\u0131n\u0131 alan B\u00fclent Ecevit ve Necmettin Erbakan\u2019\u0131 rahmetle and\u0131.\u00a0<\/p>\n<p>Egemen, e\u015fit iki devlete dayal\u0131 yeni siyasetin savunucusu oldu\u011funu belirten Cumhurba\u015fkan\u0131 Tatar, federasyon anlay\u0131\u015f\u0131yla m\u00fczakerelerin ba\u015far\u0131yla sonu\u00e7lanmad\u0131\u011f\u0131n\u0131 ve belirlenen yeni siyasette T\u00fcrkiye\u2019nin en b\u00fcy\u00fck destek\u00e7ileri oldu\u011funu vurgulad\u0131.<\/p>\n<p>Cumhurba\u015fkan\u0131 Tatar, K\u0131br\u0131s Rum taraf\u0131n\u0131n 2017 y\u0131l\u0131nda Crans Montana\u2019da yap\u0131lan toplant\u0131larda \u201cs\u0131f\u0131r asker ve s\u0131f\u0131r garanti\u201d diyerek, m\u00fczakere masas\u0131n\u0131 terk etti\u011fini dile getirerek, bunun kabul edilemez oldu\u011funu belirtti.\u00a0<\/p>\n<p>T\u00fcrkiye Cumhuriyeti ile uyum i\u00e7inde milli davay\u0131 s\u00fcrd\u00fcrmenin \u00f6nemine vurgu yapan Cumhurba\u015fkan\u0131 Tatar, T\u00fcrkiye Cumhuriyeti\u2019nin garant\u00f6rl\u00fc\u011f\u00fcnden ve adada T\u00fcrk askerinin varl\u0131\u011f\u0131ndan asla vazge\u00e7ilmeyece\u011fini kaydetti.<\/p>\n<p>\u0130\u00e7erisinde bulunulan ileti\u015fim \u00e7a\u011f\u0131nda, Anavatan T\u00fcrkiye ile ili\u015fkilerin g\u00fc\u00e7lenerek, s\u00fcrd\u00fc\u011f\u00fcn\u00fc g\u00f6rmekten duydu\u011fu memnuniyeti ifade eden Cumhurba\u015fkan\u0131 Tatar, T\u00fcrkiye Cumhuriyeti\u2019nin destek ve i\u015f birli\u011finin \u00f6nemli oldu\u011funu yineledi.<\/p>\n<p>-Alt\u0131n\u00f6z<\/p>\n<p>Yeniden Refah Partisi Genel Ba\u015fkan Yard\u0131mc\u0131s\u0131 Mehmet Alt\u0131n\u00f6z ise, Cumhurba\u015fkan\u0131 Tatar ile bir araya gelmekten duydu\u011fu memnuniyeti ifade ederek, T\u00fcrkiye Cumhuriyeti ile Kuzey K\u0131br\u0131s T\u00fcrk Cumhuriyeti aras\u0131nda yap\u0131lan i\u015f birliklerinin geli\u015fmesi temennisinde bulundu.<\/p>\n<p>Kuzey K\u0131br\u0131s T\u00fcrk Cumhuriyeti ile i\u015f birli\u011finin \u00f6nemli oldu\u011funu vurgulayan Alt\u0131n\u00f6z, y\u00fcr\u00fct\u00fclen \u00e7al\u0131\u015fmalar hakk\u0131nda bilgi verdi.<\/p>\n<\/p><\/div>\n<p><script async\n                    defer\n                    crossorigin=\"anonymous\"\n                    src=\"https:\/\/connect.facebook.net\/tr_TR\/sdk.js#xfbml=1&#038;version=v3.3\"\n            ><\/script><\/p>\n","protected":false},"excerpt":{"rendered":"<p>Cumhurba\u015fkan\u0131 Ersin Tatar, KKTC\u2019de bulunan Yeniden Refah Partisi Genel Ba\u015fkan Yard\u0131mc\u0131s\u0131 Mehmet Alt\u0131n\u00f6z ve beraberindeki heyeti kabul etti. Cumhurba\u015fkanl\u0131\u011f\u0131\u2019ndan yap\u0131lan a\u00e7\u0131klamaya g\u00f6re, Cumhurba\u015fkan\u0131 Ersin Tatar ziyaretten duydu\u011fu memnuniyeti ifade ederek, Anavatan T\u00fcrkiye ile ili\u015fkilerin g\u00fc\u00e7lenerek devam ettirilmesinin \u00f6nemine vurgu yapt\u0131. K\u0131br\u0131s Bar\u0131\u015f Harek\u00e2t\u0131\u2019n\u0131n, K\u0131br\u0131s T\u00fcrkleri i\u00e7in tarihi \u00f6neme sahip oldu\u011funu ve T\u00fcrk-Yunan dengesinin sa\u011fl\u0131kl\u0131 bir [&hellip;]<\/p>\n","protected":false},"author":1,"featured_media":17464,"comment_status":"open","ping_status":"open","sticky":false,"template":"","format":"standard","meta":{"jnews-multi-image_gallery":[],"jnews_single_post":[],"jnews_primary_category":[],"jnews_social_meta":[],"jnews_override_counter":[],"footnotes":""},"categories":[5],"tags":[],"class_list":["post-17463","post","type-post","status-publish","format-standard","has-post-thumbnail","hentry","category-turkiye"],"yoast_head":"<!-- This site is optimized with the Yoast SEO plugin v27.4 - https:\/\/yoast.com\/product\/yoast-seo-wordpress\/ -->\n<title>Cumhurba\u015fkan\u0131 Tatar, Yeniden Refah Partisi heyetini kabul etti - Kuzeyin Sesi<\/title>\n<meta name=\"robots\" content=\"index, follow, max-snippet:-1, max-image-preview:large, max-video-preview:-1\" \/>\n<link rel=\"canonical\" href=\"https:\/\/kuzeyinsesi.org\/index.php\/2025\/01\/16\/cumhurbaskani-tatar-yeniden-refah-partisi-heyetini-kabul-etti\/\" \/>\n<meta property=\"og:locale\" content=\"tr_TR\" \/>\n<meta property=\"og:type\" content=\"article\" \/>\n<meta property=\"og:title\" content=\"Cumhurba\u015fkan\u0131 Tatar, Yeniden Refah Partisi heyetini kabul etti - Kuzeyin Sesi\" \/>\n<meta property=\"og:description\" content=\"Cumhurba\u015fkan\u0131 Ersin Tatar, KKTC\u2019de bulunan Yeniden Refah Partisi Genel Ba\u015fkan Yard\u0131mc\u0131s\u0131 Mehmet Alt\u0131n\u00f6z ve beraberindeki heyeti kabul etti. Cumhurba\u015fkanl\u0131\u011f\u0131\u2019ndan yap\u0131lan a\u00e7\u0131klamaya g\u00f6re, Cumhurba\u015fkan\u0131 Ersin Tatar ziyaretten duydu\u011fu memnuniyeti ifade ederek, Anavatan T\u00fcrkiye ile ili\u015fkilerin g\u00fc\u00e7lenerek devam ettirilmesinin \u00f6nemine vurgu yapt\u0131. K\u0131br\u0131s Bar\u0131\u015f Harek\u00e2t\u0131\u2019n\u0131n, K\u0131br\u0131s T\u00fcrkleri i\u00e7in tarihi \u00f6neme sahip oldu\u011funu ve T\u00fcrk-Yunan dengesinin sa\u011fl\u0131kl\u0131 bir [&hellip;]\" \/>\n<meta property=\"og:url\" content=\"https:\/\/kuzeyinsesi.org\/index.php\/2025\/01\/16\/cumhurbaskani-tatar-yeniden-refah-partisi-heyetini-kabul-etti\/\" \/>\n<meta property=\"og:site_name\" content=\"Kuzeyin Sesi\" \/>\n<meta property=\"article:publisher\" content=\"https:\/\/www.facebook.com\/kuzeyinsesii\" \/>\n<meta property=\"article:published_time\" content=\"2025-01-16T15:02:28+00:00\" \/>\n<meta property=\"og:image\" content=\"https:\/\/brtk.net\/wp-content\/uploads\/2025\/01\/16\/TATAR-YENIDEN-REFAH-PARTISI3.jpg?ver=18502d6190dd83e867f105b82142fd1a\" \/>\n<meta name=\"author\" content=\"Kuzeyin Sesi\" \/>\n<meta name=\"twitter:card\" content=\"summary_large_image\" \/>\n<meta name=\"twitter:creator\" content=\"@kuzeyinsesii\" \/>\n<meta name=\"twitter:site\" content=\"@kuzeyinsesii\" \/>\n<meta name=\"twitter:label1\" content=\"Yazan:\" \/>\n\t<meta name=\"twitter:data1\" content=\"Kuzeyin Sesi\" \/>\n\t<meta name=\"twitter:label2\" content=\"Tahmini okuma s\u00fcresi\" \/>\n\t<meta name=\"twitter:data2\" content=\"2 dakika\" \/>\n<script type=\"application\/ld+json\" class=\"yoast-schema-graph\">{\"@context\":\"https:\\\/\\\/schema.org\",\"@graph\":[{\"@type\":\"Article\",\"@id\":\"https:\\\/\\\/kuzeyinsesi.org\\\/index.php\\\/2025\\\/01\\\/16\\\/cumhurbaskani-tatar-yeniden-refah-partisi-heyetini-kabul-etti\\\/#article\",\"isPartOf\":{\"@id\":\"https:\\\/\\\/kuzeyinsesi.org\\\/index.php\\\/2025\\\/01\\\/16\\\/cumhurbaskani-tatar-yeniden-refah-partisi-heyetini-kabul-etti\\\/\"},\"author\":{\"name\":\"Kuzeyin Sesi\",\"@id\":\"https:\\\/\\\/kuzeyinsesi.org\\\/#\\\/schema\\\/person\\\/9f859689cdf01485597712386e37f5aa\"},\"headline\":\"Cumhurba\u015fkan\u0131 Tatar, Yeniden Refah Partisi heyetini kabul etti\",\"datePublished\":\"2025-01-16T15:02:28+00:00\",\"mainEntityOfPage\":{\"@id\":\"https:\\\/\\\/kuzeyinsesi.org\\\/index.php\\\/2025\\\/01\\\/16\\\/cumhurbaskani-tatar-yeniden-refah-partisi-heyetini-kabul-etti\\\/\"},\"wordCount\":363,\"commentCount\":0,\"image\":{\"@id\":\"https:\\\/\\\/kuzeyinsesi.org\\\/index.php\\\/2025\\\/01\\\/16\\\/cumhurbaskani-tatar-yeniden-refah-partisi-heyetini-kabul-etti\\\/#primaryimage\"},\"thumbnailUrl\":\"https:\\\/\\\/kuzeyinsesi.org\\\/wp-content\\\/uploads\\\/2025\\\/01\\\/TATAR-YENIDEN-REFAH-PARTISI3.jpg\",\"articleSection\":[\"T\u00fcrkiye\"],\"inLanguage\":\"tr\",\"potentialAction\":[{\"@type\":\"CommentAction\",\"name\":\"Comment\",\"target\":[\"https:\\\/\\\/kuzeyinsesi.org\\\/index.php\\\/2025\\\/01\\\/16\\\/cumhurbaskani-tatar-yeniden-refah-partisi-heyetini-kabul-etti\\\/#respond\"]}]},{\"@type\":\"WebPage\",\"@id\":\"https:\\\/\\\/kuzeyinsesi.org\\\/index.php\\\/2025\\\/01\\\/16\\\/cumhurbaskani-tatar-yeniden-refah-partisi-heyetini-kabul-etti\\\/\",\"url\":\"https:\\\/\\\/kuzeyinsesi.org\\\/index.php\\\/2025\\\/01\\\/16\\\/cumhurbaskani-tatar-yeniden-refah-partisi-heyetini-kabul-etti\\\/\",\"name\":\"Cumhurba\u015fkan\u0131 Tatar, Yeniden Refah Partisi heyetini kabul etti - Kuzeyin Sesi\",\"isPartOf\":{\"@id\":\"https:\\\/\\\/kuzeyinsesi.org\\\/#website\"},\"primaryImageOfPage\":{\"@id\":\"https:\\\/\\\/kuzeyinsesi.org\\\/index.php\\\/2025\\\/01\\\/16\\\/cumhurbaskani-tatar-yeniden-refah-partisi-heyetini-kabul-etti\\\/#primaryimage\"},\"image\":{\"@id\":\"https:\\\/\\\/kuzeyinsesi.org\\\/index.php\\\/2025\\\/01\\\/16\\\/cumhurbaskani-tatar-yeniden-refah-partisi-heyetini-kabul-etti\\\/#primaryimage\"},\"thumbnailUrl\":\"https:\\\/\\\/kuzeyinsesi.org\\\/wp-content\\\/uploads\\\/2025\\\/01\\\/TATAR-YENIDEN-REFAH-PARTISI3.jpg\",\"datePublished\":\"2025-01-16T15:02:28+00:00\",\"author\":{\"@id\":\"https:\\\/\\\/kuzeyinsesi.org\\\/#\\\/schema\\\/person\\\/9f859689cdf01485597712386e37f5aa\"},\"breadcrumb\":{\"@id\":\"https:\\\/\\\/kuzeyinsesi.org\\\/index.php\\\/2025\\\/01\\\/16\\\/cumhurbaskani-tatar-yeniden-refah-partisi-heyetini-kabul-etti\\\/#breadcrumb\"},\"inLanguage\":\"tr\",\"potentialAction\":[{\"@type\":\"ReadAction\",\"target\":[\"https:\\\/\\\/kuzeyinsesi.org\\\/index.php\\\/2025\\\/01\\\/16\\\/cumhurbaskani-tatar-yeniden-refah-partisi-heyetini-kabul-etti\\\/\"]}]},{\"@type\":\"ImageObject\",\"inLanguage\":\"tr\",\"@id\":\"https:\\\/\\\/kuzeyinsesi.org\\\/index.php\\\/2025\\\/01\\\/16\\\/cumhurbaskani-tatar-yeniden-refah-partisi-heyetini-kabul-etti\\\/#primaryimage\",\"url\":\"https:\\\/\\\/kuzeyinsesi.org\\\/wp-content\\\/uploads\\\/2025\\\/01\\\/TATAR-YENIDEN-REFAH-PARTISI3.jpg\",\"contentUrl\":\"https:\\\/\\\/kuzeyinsesi.org\\\/wp-content\\\/uploads\\\/2025\\\/01\\\/TATAR-YENIDEN-REFAH-PARTISI3.jpg\",\"width\":927,\"height\":421},{\"@type\":\"BreadcrumbList\",\"@id\":\"https:\\\/\\\/kuzeyinsesi.org\\\/index.php\\\/2025\\\/01\\\/16\\\/cumhurbaskani-tatar-yeniden-refah-partisi-heyetini-kabul-etti\\\/#breadcrumb\",\"itemListElement\":[{\"@type\":\"ListItem\",\"position\":1,\"name\":\"Anasayfa\",\"item\":\"https:\\\/\\\/kuzeyinsesi.org\\\/\"},{\"@type\":\"ListItem\",\"position\":2,\"name\":\"Cumhurba\u015fkan\u0131 Tatar, Yeniden Refah Partisi heyetini kabul etti\"}]},{\"@type\":\"WebSite\",\"@id\":\"https:\\\/\\\/kuzeyinsesi.org\\\/#website\",\"url\":\"https:\\\/\\\/kuzeyinsesi.org\\\/\",\"name\":\"Kuzeyin Sesi\",\"description\":\"Do\u011fru Haberin Adresi\",\"potentialAction\":[{\"@type\":\"SearchAction\",\"target\":{\"@type\":\"EntryPoint\",\"urlTemplate\":\"https:\\\/\\\/kuzeyinsesi.org\\\/?s={search_term_string}\"},\"query-input\":{\"@type\":\"PropertyValueSpecification\",\"valueRequired\":true,\"valueName\":\"search_term_string\"}}],\"inLanguage\":\"tr\"},{\"@type\":\"Person\",\"@id\":\"https:\\\/\\\/kuzeyinsesi.org\\\/#\\\/schema\\\/person\\\/9f859689cdf01485597712386e37f5aa\",\"name\":\"Kuzeyin Sesi\",\"image\":{\"@type\":\"ImageObject\",\"inLanguage\":\"tr\",\"@id\":\"https:\\\/\\\/secure.gravatar.com\\\/avatar\\\/bab33852abfd8b282518d6ed81826833d77c3c882d9ab608add591ccace47a44?s=96&d=mm&r=g\",\"url\":\"https:\\\/\\\/secure.gravatar.com\\\/avatar\\\/bab33852abfd8b282518d6ed81826833d77c3c882d9ab608add591ccace47a44?s=96&d=mm&r=g\",\"contentUrl\":\"https:\\\/\\\/secure.gravatar.com\\\/avatar\\\/bab33852abfd8b282518d6ed81826833d77c3c882d9ab608add591ccace47a44?s=96&d=mm&r=g\",\"caption\":\"Kuzeyin Sesi\"},\"sameAs\":[\"https:\\\/\\\/kuzeyinsesi.org\"],\"url\":\"https:\\\/\\\/kuzeyinsesi.org\\\/index.php\\\/author\\\/guven\\\/\"}]}<\/script>\n<!-- \/ Yoast SEO plugin. -->","yoast_head_json":{"title":"Cumhurba\u015fkan\u0131 Tatar, Yeniden Refah Partisi heyetini kabul etti - Kuzeyin Sesi","robots":{"index":"index","follow":"follow","max-snippet":"max-snippet:-1","max-image-preview":"max-image-preview:large","max-video-preview":"max-video-preview:-1"},"canonical":"https:\/\/kuzeyinsesi.org\/index.php\/2025\/01\/16\/cumhurbaskani-tatar-yeniden-refah-partisi-heyetini-kabul-etti\/","og_locale":"tr_TR","og_type":"article","og_title":"Cumhurba\u015fkan\u0131 Tatar, Yeniden Refah Partisi heyetini kabul etti - Kuzeyin Sesi","og_description":"Cumhurba\u015fkan\u0131 Ersin Tatar, KKTC\u2019de bulunan Yeniden Refah Partisi Genel Ba\u015fkan Yard\u0131mc\u0131s\u0131 Mehmet Alt\u0131n\u00f6z ve beraberindeki heyeti kabul etti. Cumhurba\u015fkanl\u0131\u011f\u0131\u2019ndan yap\u0131lan a\u00e7\u0131klamaya g\u00f6re, Cumhurba\u015fkan\u0131 Ersin Tatar ziyaretten duydu\u011fu memnuniyeti ifade ederek, Anavatan T\u00fcrkiye ile ili\u015fkilerin g\u00fc\u00e7lenerek devam ettirilmesinin \u00f6nemine vurgu yapt\u0131. K\u0131br\u0131s Bar\u0131\u015f Harek\u00e2t\u0131\u2019n\u0131n, K\u0131br\u0131s T\u00fcrkleri i\u00e7in tarihi \u00f6neme sahip oldu\u011funu ve T\u00fcrk-Yunan dengesinin sa\u011fl\u0131kl\u0131 bir [&hellip;]","og_url":"https:\/\/kuzeyinsesi.org\/index.php\/2025\/01\/16\/cumhurbaskani-tatar-yeniden-refah-partisi-heyetini-kabul-etti\/","og_site_name":"Kuzeyin Sesi","article_publisher":"https:\/\/www.facebook.com\/kuzeyinsesii","article_published_time":"2025-01-16T15:02:28+00:00","og_image":[{"url":"https:\/\/brtk.net\/wp-content\/uploads\/2025\/01\/16\/TATAR-YENIDEN-REFAH-PARTISI3.jpg?ver=18502d6190dd83e867f105b82142fd1a","type":"","width":"","height":""}],"author":"Kuzeyin Sesi","twitter_card":"summary_large_image","twitter_creator":"@kuzeyinsesii","twitter_site":"@kuzeyinsesii","twitter_misc":{"Yazan:":"Kuzeyin Sesi","Tahmini okuma s\u00fcresi":"2 dakika"},"schema":{"@context":"https:\/\/schema.org","@graph":[{"@type":"Article","@id":"https:\/\/kuzeyinsesi.org\/index.php\/2025\/01\/16\/cumhurbaskani-tatar-yeniden-refah-partisi-heyetini-kabul-etti\/#article","isPartOf":{"@id":"https:\/\/kuzeyinsesi.org\/index.php\/2025\/01\/16\/cumhurbaskani-tatar-yeniden-refah-partisi-heyetini-kabul-etti\/"},"author":{"name":"Kuzeyin Sesi","@id":"https:\/\/kuzeyinsesi.org\/#\/schema\/person\/9f859689cdf01485597712386e37f5aa"},"headline":"Cumhurba\u015fkan\u0131 Tatar, Yeniden Refah Partisi heyetini kabul etti","datePublished":"2025-01-16T15:02:28+00:00","mainEntityOfPage":{"@id":"https:\/\/kuzeyinsesi.org\/index.php\/2025\/01\/16\/cumhurbaskani-tatar-yeniden-refah-partisi-heyetini-kabul-etti\/"},"wordCount":363,"commentCount":0,"image":{"@id":"https:\/\/kuzeyinsesi.org\/index.php\/2025\/01\/16\/cumhurbaskani-tatar-yeniden-refah-partisi-heyetini-kabul-etti\/#primaryimage"},"thumbnailUrl":"https:\/\/kuzeyinsesi.org\/wp-content\/uploads\/2025\/01\/TATAR-YENIDEN-REFAH-PARTISI3.jpg","articleSection":["T\u00fcrkiye"],"inLanguage":"tr","potentialAction":[{"@type":"CommentAction","name":"Comment","target":["https:\/\/kuzeyinsesi.org\/index.php\/2025\/01\/16\/cumhurbaskani-tatar-yeniden-refah-partisi-heyetini-kabul-etti\/#respond"]}]},{"@type":"WebPage","@id":"https:\/\/kuzeyinsesi.org\/index.php\/2025\/01\/16\/cumhurbaskani-tatar-yeniden-refah-partisi-heyetini-kabul-etti\/","url":"https:\/\/kuzeyinsesi.org\/index.php\/2025\/01\/16\/cumhurbaskani-tatar-yeniden-refah-partisi-heyetini-kabul-etti\/","name":"Cumhurba\u015fkan\u0131 Tatar, Yeniden Refah Partisi heyetini kabul etti - Kuzeyin Sesi","isPartOf":{"@id":"https:\/\/kuzeyinsesi.org\/#website"},"primaryImageOfPage":{"@id":"https:\/\/kuzeyinsesi.org\/index.php\/2025\/01\/16\/cumhurbaskani-tatar-yeniden-refah-partisi-heyetini-kabul-etti\/#primaryimage"},"image":{"@id":"https:\/\/kuzeyinsesi.org\/index.php\/2025\/01\/16\/cumhurbaskani-tatar-yeniden-refah-partisi-heyetini-kabul-etti\/#primaryimage"},"thumbnailUrl":"https:\/\/kuzeyinsesi.org\/wp-content\/uploads\/2025\/01\/TATAR-YENIDEN-REFAH-PARTISI3.jpg","datePublished":"2025-01-16T15:02:28+00:00","author":{"@id":"https:\/\/kuzeyinsesi.org\/#\/schema\/person\/9f859689cdf01485597712386e37f5aa"},"breadcrumb":{"@id":"https:\/\/kuzeyinsesi.org\/index.php\/2025\/01\/16\/cumhurbaskani-tatar-yeniden-refah-partisi-heyetini-kabul-etti\/#breadcrumb"},"inLanguage":"tr","potentialAction":[{"@type":"ReadAction","target":["https:\/\/kuzeyinsesi.org\/index.php\/2025\/01\/16\/cumhurbaskani-tatar-yeniden-refah-partisi-heyetini-kabul-etti\/"]}]},{"@type":"ImageObject","inLanguage":"tr","@id":"https:\/\/kuzeyinsesi.org\/index.php\/2025\/01\/16\/cumhurbaskani-tatar-yeniden-refah-partisi-heyetini-kabul-etti\/#primaryimage","url":"https:\/\/kuzeyinsesi.org\/wp-content\/uploads\/2025\/01\/TATAR-YENIDEN-REFAH-PARTISI3.jpg","contentUrl":"https:\/\/kuzeyinsesi.org\/wp-content\/uploads\/2025\/01\/TATAR-YENIDEN-REFAH-PARTISI3.jpg","width":927,"height":421},{"@type":"BreadcrumbList","@id":"https:\/\/kuzeyinsesi.org\/index.php\/2025\/01\/16\/cumhurbaskani-tatar-yeniden-refah-partisi-heyetini-kabul-etti\/#breadcrumb","itemListElement":[{"@type":"ListItem","position":1,"name":"Anasayfa","item":"https:\/\/kuzeyinsesi.org\/"},{"@type":"ListItem","position":2,"name":"Cumhurba\u015fkan\u0131 Tatar, Yeniden Refah Partisi heyetini kabul etti"}]},{"@type":"WebSite","@id":"https:\/\/kuzeyinsesi.org\/#website","url":"https:\/\/kuzeyinsesi.org\/","name":"Kuzeyin Sesi","description":"Do\u011fru Haberin Adresi","potentialAction":[{"@type":"SearchAction","target":{"@type":"EntryPoint","urlTemplate":"https:\/\/kuzeyinsesi.org\/?s={search_term_string}"},"query-input":{"@type":"PropertyValueSpecification","valueRequired":true,"valueName":"search_term_string"}}],"inLanguage":"tr"},{"@type":"Person","@id":"https:\/\/kuzeyinsesi.org\/#\/schema\/person\/9f859689cdf01485597712386e37f5aa","name":"Kuzeyin Sesi","image":{"@type":"ImageObject","inLanguage":"tr","@id":"https:\/\/secure.gravatar.com\/avatar\/bab33852abfd8b282518d6ed81826833d77c3c882d9ab608add591ccace47a44?s=96&d=mm&r=g","url":"https:\/\/secure.gravatar.com\/avatar\/bab33852abfd8b282518d6ed81826833d77c3c882d9ab608add591ccace47a44?s=96&d=mm&r=g","contentUrl":"https:\/\/secure.gravatar.com\/avatar\/bab33852abfd8b282518d6ed81826833d77c3c882d9ab608add591ccace47a44?s=96&d=mm&r=g","caption":"Kuzeyin Sesi"},"sameAs":["https:\/\/kuzeyinsesi.org"],"url":"https:\/\/kuzeyinsesi.org\/index.php\/author\/guven\/"}]}},"_links":{"self":[{"href":"https:\/\/kuzeyinsesi.org\/index.php\/wp-json\/wp\/v2\/posts\/17463","targetHints":{"allow":["GET"]}}],"collection":[{"href":"https:\/\/kuzeyinsesi.org\/index.php\/wp-json\/wp\/v2\/posts"}],"about":[{"href":"https:\/\/kuzeyinsesi.org\/index.php\/wp-json\/wp\/v2\/types\/post"}],"author":[{"embeddable":true,"href":"https:\/\/kuzeyinsesi.org\/index.php\/wp-json\/wp\/v2\/users\/1"}],"replies":[{"embeddable":true,"href":"https:\/\/kuzeyinsesi.org\/index.php\/wp-json\/wp\/v2\/comments?post=17463"}],"version-history":[{"count":0,"href":"https:\/\/kuzeyinsesi.org\/index.php\/wp-json\/wp\/v2\/posts\/17463\/revisions"}],"wp:featuredmedia":[{"embeddable":true,"href":"https:\/\/kuzeyinsesi.org\/index.php\/wp-json\/wp\/v2\/media\/17464"}],"wp:attachment":[{"href":"https:\/\/kuzeyinsesi.org\/index.php\/wp-json\/wp\/v2\/media?parent=17463"}],"wp:term":[{"taxonomy":"category","embeddable":true,"href":"https:\/\/kuzeyinsesi.org\/index.php\/wp-json\/wp\/v2\/categories?post=17463"},{"taxonomy":"post_tag","embeddable":true,"href":"https:\/\/kuzeyinsesi.org\/index.php\/wp-json\/wp\/v2\/tags?post=17463"}],"curies":[{"name":"wp","href":"https:\/\/api.w.org\/{rel}","templated":true}]}}