{"id":17435,"date":"2025-01-16T11:27:35","date_gmt":"2025-01-16T09:27:35","guid":{"rendered":"https:\/\/kuzeyinsesi.org\/index.php\/2025\/01\/16\/baraka-kultur-merkezinde-el-buen-patron-good-boss-isimli-film-gosterildi\/"},"modified":"2025-01-16T11:27:35","modified_gmt":"2025-01-16T09:27:35","slug":"baraka-kultur-merkezinde-el-buen-patron-good-boss-isimli-film-gosterildi","status":"publish","type":"post","link":"https:\/\/kuzeyinsesi.org\/index.php\/2025\/01\/16\/baraka-kultur-merkezinde-el-buen-patron-good-boss-isimli-film-gosterildi\/","title":{"rendered":"Baraka K\u00fclt\u00fcr Merkezi\u2019nde \u201cEl Buen Patron \u2013 Good Boss\u201d isimli film g\u00f6sterildi"},"content":{"rendered":"<div>\n<div class=\"mariselle-image-container none\">\n                                            <\/div>\n<p>Baraka\u2019n\u0131n Sun \u0130zle Tart\u0131\u015f etkinli\u011fi kapsam\u0131nda cumartesi ak\u015fam\u0131 \u201cEl Buen Patron \u2013 Good Boss\u201d filminin g\u00f6sterimi yap\u0131ld\u0131.<\/p>\n<p>Baraka K\u00fclt\u00fcr Merkezi\u2019nden yap\u0131lan a\u00e7\u0131klamada, filmin konusuna da yer verildi.<\/p>\n<p>Filmin ard\u0131ndan yap\u0131lan tart\u0131\u015fmada ise patron ve \u00e7al\u0131\u015fan ili\u015fkileri irdelendi.<\/p>\n<p>A\u00e7\u0131klamada, 15 \u015eubat Cumartesi g\u00fcn\u00fc Don\u2019t Look Up isimli filmin g\u00f6sterilece\u011fi kaydedildi.<\/p>\n<\/p><\/div>\n<p><script async\n                    defer\n                    crossorigin=\"anonymous\"\n                    src=\"https:\/\/connect.facebook.net\/tr_TR\/sdk.js#xfbml=1&#038;version=v3.3\"\n            ><\/script><\/p>\n","protected":false},"excerpt":{"rendered":"<p>Baraka\u2019n\u0131n Sun \u0130zle Tart\u0131\u015f etkinli\u011fi kapsam\u0131nda cumartesi ak\u015fam\u0131 \u201cEl Buen Patron \u2013 Good Boss\u201d filminin g\u00f6sterimi yap\u0131ld\u0131. Baraka K\u00fclt\u00fcr Merkezi\u2019nden yap\u0131lan a\u00e7\u0131klamada, filmin konusuna da yer verildi. Filmin ard\u0131ndan yap\u0131lan tart\u0131\u015fmada ise patron ve \u00e7al\u0131\u015fan ili\u015fkileri irdelendi. A\u00e7\u0131klamada, 15 \u015eubat Cumartesi g\u00fcn\u00fc Don\u2019t Look Up isimli filmin g\u00f6sterilece\u011fi kaydedildi.<\/p>\n","protected":false},"author":1,"featured_media":17436,"comment_status":"open","ping_status":"open","sticky":false,"template":"","format":"standard","meta":{"jnews-multi-image_gallery":[],"jnews_single_post":[],"jnews_primary_category":[],"jnews_social_meta":[],"jnews_override_counter":[],"footnotes":""},"categories":[6],"tags":[],"class_list":["post-17435","post","type-post","status-publish","format-standard","has-post-thumbnail","hentry","category-yasam"],"yoast_head":"<!-- This site is optimized with the Yoast SEO plugin v27.4 - https:\/\/yoast.com\/product\/yoast-seo-wordpress\/ -->\n<title>Baraka K\u00fclt\u00fcr Merkezi\u2019nde \u201cEl Buen Patron \u2013 Good Boss\u201d isimli film g\u00f6sterildi - Kuzeyin Sesi<\/title>\n<meta name=\"robots\" content=\"index, follow, max-snippet:-1, max-image-preview:large, max-video-preview:-1\" \/>\n<link rel=\"canonical\" href=\"https:\/\/kuzeyinsesi.org\/index.php\/2025\/01\/16\/baraka-kultur-merkezinde-el-buen-patron-good-boss-isimli-film-gosterildi\/\" \/>\n<meta property=\"og:locale\" content=\"tr_TR\" \/>\n<meta property=\"og:type\" content=\"article\" \/>\n<meta property=\"og:title\" content=\"Baraka K\u00fclt\u00fcr Merkezi\u2019nde \u201cEl Buen Patron \u2013 Good Boss\u201d isimli film g\u00f6sterildi - Kuzeyin Sesi\" \/>\n<meta property=\"og:description\" content=\"Baraka\u2019n\u0131n Sun \u0130zle Tart\u0131\u015f etkinli\u011fi kapsam\u0131nda cumartesi ak\u015fam\u0131 \u201cEl Buen Patron \u2013 Good Boss\u201d filminin g\u00f6sterimi yap\u0131ld\u0131. Baraka K\u00fclt\u00fcr Merkezi\u2019nden yap\u0131lan a\u00e7\u0131klamada, filmin konusuna da yer verildi. Filmin ard\u0131ndan yap\u0131lan tart\u0131\u015fmada ise patron ve \u00e7al\u0131\u015fan ili\u015fkileri irdelendi. A\u00e7\u0131klamada, 15 \u015eubat Cumartesi g\u00fcn\u00fc Don\u2019t Look Up isimli filmin g\u00f6sterilece\u011fi kaydedildi.\" \/>\n<meta property=\"og:url\" content=\"https:\/\/kuzeyinsesi.org\/index.php\/2025\/01\/16\/baraka-kultur-merkezinde-el-buen-patron-good-boss-isimli-film-gosterildi\/\" \/>\n<meta property=\"og:site_name\" content=\"Kuzeyin Sesi\" \/>\n<meta property=\"article:publisher\" content=\"https:\/\/www.facebook.com\/kuzeyinsesii\" \/>\n<meta property=\"article:published_time\" content=\"2025-01-16T09:27:35+00:00\" \/>\n<meta property=\"og:image\" content=\"https:\/\/brtk.net\/wp-content\/uploads\/2025\/01\/16\/baraka-izletartis1-2.jpeg?ver=46dddb20bd088b42f9434ce7791b2b7b\" \/>\n<meta name=\"author\" content=\"Kuzeyin Sesi\" \/>\n<meta name=\"twitter:card\" content=\"summary_large_image\" \/>\n<meta name=\"twitter:creator\" content=\"@kuzeyinsesii\" \/>\n<meta name=\"twitter:site\" content=\"@kuzeyinsesii\" \/>\n<meta name=\"twitter:label1\" content=\"Yazan:\" \/>\n\t<meta name=\"twitter:data1\" content=\"Kuzeyin Sesi\" \/>\n<script type=\"application\/ld+json\" class=\"yoast-schema-graph\">{\"@context\":\"https:\\\/\\\/schema.org\",\"@graph\":[{\"@type\":\"Article\",\"@id\":\"https:\\\/\\\/kuzeyinsesi.org\\\/index.php\\\/2025\\\/01\\\/16\\\/baraka-kultur-merkezinde-el-buen-patron-good-boss-isimli-film-gosterildi\\\/#article\",\"isPartOf\":{\"@id\":\"https:\\\/\\\/kuzeyinsesi.org\\\/index.php\\\/2025\\\/01\\\/16\\\/baraka-kultur-merkezinde-el-buen-patron-good-boss-isimli-film-gosterildi\\\/\"},\"author\":{\"name\":\"Kuzeyin Sesi\",\"@id\":\"https:\\\/\\\/kuzeyinsesi.org\\\/#\\\/schema\\\/person\\\/9f859689cdf01485597712386e37f5aa\"},\"headline\":\"Baraka K\u00fclt\u00fcr Merkezi\u2019nde \u201cEl Buen Patron \u2013 Good Boss\u201d isimli film g\u00f6sterildi\",\"datePublished\":\"2025-01-16T09:27:35+00:00\",\"mainEntityOfPage\":{\"@id\":\"https:\\\/\\\/kuzeyinsesi.org\\\/index.php\\\/2025\\\/01\\\/16\\\/baraka-kultur-merkezinde-el-buen-patron-good-boss-isimli-film-gosterildi\\\/\"},\"wordCount\":84,\"commentCount\":0,\"image\":{\"@id\":\"https:\\\/\\\/kuzeyinsesi.org\\\/index.php\\\/2025\\\/01\\\/16\\\/baraka-kultur-merkezinde-el-buen-patron-good-boss-isimli-film-gosterildi\\\/#primaryimage\"},\"thumbnailUrl\":\"https:\\\/\\\/kuzeyinsesi.org\\\/wp-content\\\/uploads\\\/2025\\\/01\\\/baraka-izletartis1-2.jpeg\",\"articleSection\":[\"Ya\u015fam\"],\"inLanguage\":\"tr\",\"potentialAction\":[{\"@type\":\"CommentAction\",\"name\":\"Comment\",\"target\":[\"https:\\\/\\\/kuzeyinsesi.org\\\/index.php\\\/2025\\\/01\\\/16\\\/baraka-kultur-merkezinde-el-buen-patron-good-boss-isimli-film-gosterildi\\\/#respond\"]}]},{\"@type\":\"WebPage\",\"@id\":\"https:\\\/\\\/kuzeyinsesi.org\\\/index.php\\\/2025\\\/01\\\/16\\\/baraka-kultur-merkezinde-el-buen-patron-good-boss-isimli-film-gosterildi\\\/\",\"url\":\"https:\\\/\\\/kuzeyinsesi.org\\\/index.php\\\/2025\\\/01\\\/16\\\/baraka-kultur-merkezinde-el-buen-patron-good-boss-isimli-film-gosterildi\\\/\",\"name\":\"Baraka K\u00fclt\u00fcr Merkezi\u2019nde \u201cEl Buen Patron \u2013 Good Boss\u201d isimli film g\u00f6sterildi - Kuzeyin Sesi\",\"isPartOf\":{\"@id\":\"https:\\\/\\\/kuzeyinsesi.org\\\/#website\"},\"primaryImageOfPage\":{\"@id\":\"https:\\\/\\\/kuzeyinsesi.org\\\/index.php\\\/2025\\\/01\\\/16\\\/baraka-kultur-merkezinde-el-buen-patron-good-boss-isimli-film-gosterildi\\\/#primaryimage\"},\"image\":{\"@id\":\"https:\\\/\\\/kuzeyinsesi.org\\\/index.php\\\/2025\\\/01\\\/16\\\/baraka-kultur-merkezinde-el-buen-patron-good-boss-isimli-film-gosterildi\\\/#primaryimage\"},\"thumbnailUrl\":\"https:\\\/\\\/kuzeyinsesi.org\\\/wp-content\\\/uploads\\\/2025\\\/01\\\/baraka-izletartis1-2.jpeg\",\"datePublished\":\"2025-01-16T09:27:35+00:00\",\"author\":{\"@id\":\"https:\\\/\\\/kuzeyinsesi.org\\\/#\\\/schema\\\/person\\\/9f859689cdf01485597712386e37f5aa\"},\"breadcrumb\":{\"@id\":\"https:\\\/\\\/kuzeyinsesi.org\\\/index.php\\\/2025\\\/01\\\/16\\\/baraka-kultur-merkezinde-el-buen-patron-good-boss-isimli-film-gosterildi\\\/#breadcrumb\"},\"inLanguage\":\"tr\",\"potentialAction\":[{\"@type\":\"ReadAction\",\"target\":[\"https:\\\/\\\/kuzeyinsesi.org\\\/index.php\\\/2025\\\/01\\\/16\\\/baraka-kultur-merkezinde-el-buen-patron-good-boss-isimli-film-gosterildi\\\/\"]}]},{\"@type\":\"ImageObject\",\"inLanguage\":\"tr\",\"@id\":\"https:\\\/\\\/kuzeyinsesi.org\\\/index.php\\\/2025\\\/01\\\/16\\\/baraka-kultur-merkezinde-el-buen-patron-good-boss-isimli-film-gosterildi\\\/#primaryimage\",\"url\":\"https:\\\/\\\/kuzeyinsesi.org\\\/wp-content\\\/uploads\\\/2025\\\/01\\\/baraka-izletartis1-2.jpeg\",\"contentUrl\":\"https:\\\/\\\/kuzeyinsesi.org\\\/wp-content\\\/uploads\\\/2025\\\/01\\\/baraka-izletartis1-2.jpeg\",\"width\":926,\"height\":471},{\"@type\":\"BreadcrumbList\",\"@id\":\"https:\\\/\\\/kuzeyinsesi.org\\\/index.php\\\/2025\\\/01\\\/16\\\/baraka-kultur-merkezinde-el-buen-patron-good-boss-isimli-film-gosterildi\\\/#breadcrumb\",\"itemListElement\":[{\"@type\":\"ListItem\",\"position\":1,\"name\":\"Anasayfa\",\"item\":\"https:\\\/\\\/kuzeyinsesi.org\\\/\"},{\"@type\":\"ListItem\",\"position\":2,\"name\":\"Baraka K\u00fclt\u00fcr Merkezi\u2019nde \u201cEl Buen Patron \u2013 Good Boss\u201d isimli film g\u00f6sterildi\"}]},{\"@type\":\"WebSite\",\"@id\":\"https:\\\/\\\/kuzeyinsesi.org\\\/#website\",\"url\":\"https:\\\/\\\/kuzeyinsesi.org\\\/\",\"name\":\"Kuzeyin Sesi\",\"description\":\"Do\u011fru Haberin Adresi\",\"potentialAction\":[{\"@type\":\"SearchAction\",\"target\":{\"@type\":\"EntryPoint\",\"urlTemplate\":\"https:\\\/\\\/kuzeyinsesi.org\\\/?s={search_term_string}\"},\"query-input\":{\"@type\":\"PropertyValueSpecification\",\"valueRequired\":true,\"valueName\":\"search_term_string\"}}],\"inLanguage\":\"tr\"},{\"@type\":\"Person\",\"@id\":\"https:\\\/\\\/kuzeyinsesi.org\\\/#\\\/schema\\\/person\\\/9f859689cdf01485597712386e37f5aa\",\"name\":\"Kuzeyin Sesi\",\"image\":{\"@type\":\"ImageObject\",\"inLanguage\":\"tr\",\"@id\":\"https:\\\/\\\/secure.gravatar.com\\\/avatar\\\/bab33852abfd8b282518d6ed81826833d77c3c882d9ab608add591ccace47a44?s=96&d=mm&r=g\",\"url\":\"https:\\\/\\\/secure.gravatar.com\\\/avatar\\\/bab33852abfd8b282518d6ed81826833d77c3c882d9ab608add591ccace47a44?s=96&d=mm&r=g\",\"contentUrl\":\"https:\\\/\\\/secure.gravatar.com\\\/avatar\\\/bab33852abfd8b282518d6ed81826833d77c3c882d9ab608add591ccace47a44?s=96&d=mm&r=g\",\"caption\":\"Kuzeyin Sesi\"},\"sameAs\":[\"https:\\\/\\\/kuzeyinsesi.org\"],\"url\":\"https:\\\/\\\/kuzeyinsesi.org\\\/index.php\\\/author\\\/guven\\\/\"}]}<\/script>\n<!-- \/ Yoast SEO plugin. -->","yoast_head_json":{"title":"Baraka K\u00fclt\u00fcr Merkezi\u2019nde \u201cEl Buen Patron \u2013 Good Boss\u201d isimli film g\u00f6sterildi - Kuzeyin Sesi","robots":{"index":"index","follow":"follow","max-snippet":"max-snippet:-1","max-image-preview":"max-image-preview:large","max-video-preview":"max-video-preview:-1"},"canonical":"https:\/\/kuzeyinsesi.org\/index.php\/2025\/01\/16\/baraka-kultur-merkezinde-el-buen-patron-good-boss-isimli-film-gosterildi\/","og_locale":"tr_TR","og_type":"article","og_title":"Baraka K\u00fclt\u00fcr Merkezi\u2019nde \u201cEl Buen Patron \u2013 Good Boss\u201d isimli film g\u00f6sterildi - Kuzeyin Sesi","og_description":"Baraka\u2019n\u0131n Sun \u0130zle Tart\u0131\u015f etkinli\u011fi kapsam\u0131nda cumartesi ak\u015fam\u0131 \u201cEl Buen Patron \u2013 Good Boss\u201d filminin g\u00f6sterimi yap\u0131ld\u0131. Baraka K\u00fclt\u00fcr Merkezi\u2019nden yap\u0131lan a\u00e7\u0131klamada, filmin konusuna da yer verildi. Filmin ard\u0131ndan yap\u0131lan tart\u0131\u015fmada ise patron ve \u00e7al\u0131\u015fan ili\u015fkileri irdelendi. A\u00e7\u0131klamada, 15 \u015eubat Cumartesi g\u00fcn\u00fc Don\u2019t Look Up isimli filmin g\u00f6sterilece\u011fi kaydedildi.","og_url":"https:\/\/kuzeyinsesi.org\/index.php\/2025\/01\/16\/baraka-kultur-merkezinde-el-buen-patron-good-boss-isimli-film-gosterildi\/","og_site_name":"Kuzeyin Sesi","article_publisher":"https:\/\/www.facebook.com\/kuzeyinsesii","article_published_time":"2025-01-16T09:27:35+00:00","og_image":[{"url":"https:\/\/brtk.net\/wp-content\/uploads\/2025\/01\/16\/baraka-izletartis1-2.jpeg?ver=46dddb20bd088b42f9434ce7791b2b7b","type":"","width":"","height":""}],"author":"Kuzeyin Sesi","twitter_card":"summary_large_image","twitter_creator":"@kuzeyinsesii","twitter_site":"@kuzeyinsesii","twitter_misc":{"Yazan:":"Kuzeyin Sesi"},"schema":{"@context":"https:\/\/schema.org","@graph":[{"@type":"Article","@id":"https:\/\/kuzeyinsesi.org\/index.php\/2025\/01\/16\/baraka-kultur-merkezinde-el-buen-patron-good-boss-isimli-film-gosterildi\/#article","isPartOf":{"@id":"https:\/\/kuzeyinsesi.org\/index.php\/2025\/01\/16\/baraka-kultur-merkezinde-el-buen-patron-good-boss-isimli-film-gosterildi\/"},"author":{"name":"Kuzeyin Sesi","@id":"https:\/\/kuzeyinsesi.org\/#\/schema\/person\/9f859689cdf01485597712386e37f5aa"},"headline":"Baraka K\u00fclt\u00fcr Merkezi\u2019nde \u201cEl Buen Patron \u2013 Good Boss\u201d isimli film g\u00f6sterildi","datePublished":"2025-01-16T09:27:35+00:00","mainEntityOfPage":{"@id":"https:\/\/kuzeyinsesi.org\/index.php\/2025\/01\/16\/baraka-kultur-merkezinde-el-buen-patron-good-boss-isimli-film-gosterildi\/"},"wordCount":84,"commentCount":0,"image":{"@id":"https:\/\/kuzeyinsesi.org\/index.php\/2025\/01\/16\/baraka-kultur-merkezinde-el-buen-patron-good-boss-isimli-film-gosterildi\/#primaryimage"},"thumbnailUrl":"https:\/\/kuzeyinsesi.org\/wp-content\/uploads\/2025\/01\/baraka-izletartis1-2.jpeg","articleSection":["Ya\u015fam"],"inLanguage":"tr","potentialAction":[{"@type":"CommentAction","name":"Comment","target":["https:\/\/kuzeyinsesi.org\/index.php\/2025\/01\/16\/baraka-kultur-merkezinde-el-buen-patron-good-boss-isimli-film-gosterildi\/#respond"]}]},{"@type":"WebPage","@id":"https:\/\/kuzeyinsesi.org\/index.php\/2025\/01\/16\/baraka-kultur-merkezinde-el-buen-patron-good-boss-isimli-film-gosterildi\/","url":"https:\/\/kuzeyinsesi.org\/index.php\/2025\/01\/16\/baraka-kultur-merkezinde-el-buen-patron-good-boss-isimli-film-gosterildi\/","name":"Baraka K\u00fclt\u00fcr Merkezi\u2019nde \u201cEl Buen Patron \u2013 Good Boss\u201d isimli film g\u00f6sterildi - Kuzeyin Sesi","isPartOf":{"@id":"https:\/\/kuzeyinsesi.org\/#website"},"primaryImageOfPage":{"@id":"https:\/\/kuzeyinsesi.org\/index.php\/2025\/01\/16\/baraka-kultur-merkezinde-el-buen-patron-good-boss-isimli-film-gosterildi\/#primaryimage"},"image":{"@id":"https:\/\/kuzeyinsesi.org\/index.php\/2025\/01\/16\/baraka-kultur-merkezinde-el-buen-patron-good-boss-isimli-film-gosterildi\/#primaryimage"},"thumbnailUrl":"https:\/\/kuzeyinsesi.org\/wp-content\/uploads\/2025\/01\/baraka-izletartis1-2.jpeg","datePublished":"2025-01-16T09:27:35+00:00","author":{"@id":"https:\/\/kuzeyinsesi.org\/#\/schema\/person\/9f859689cdf01485597712386e37f5aa"},"breadcrumb":{"@id":"https:\/\/kuzeyinsesi.org\/index.php\/2025\/01\/16\/baraka-kultur-merkezinde-el-buen-patron-good-boss-isimli-film-gosterildi\/#breadcrumb"},"inLanguage":"tr","potentialAction":[{"@type":"ReadAction","target":["https:\/\/kuzeyinsesi.org\/index.php\/2025\/01\/16\/baraka-kultur-merkezinde-el-buen-patron-good-boss-isimli-film-gosterildi\/"]}]},{"@type":"ImageObject","inLanguage":"tr","@id":"https:\/\/kuzeyinsesi.org\/index.php\/2025\/01\/16\/baraka-kultur-merkezinde-el-buen-patron-good-boss-isimli-film-gosterildi\/#primaryimage","url":"https:\/\/kuzeyinsesi.org\/wp-content\/uploads\/2025\/01\/baraka-izletartis1-2.jpeg","contentUrl":"https:\/\/kuzeyinsesi.org\/wp-content\/uploads\/2025\/01\/baraka-izletartis1-2.jpeg","width":926,"height":471},{"@type":"BreadcrumbList","@id":"https:\/\/kuzeyinsesi.org\/index.php\/2025\/01\/16\/baraka-kultur-merkezinde-el-buen-patron-good-boss-isimli-film-gosterildi\/#breadcrumb","itemListElement":[{"@type":"ListItem","position":1,"name":"Anasayfa","item":"https:\/\/kuzeyinsesi.org\/"},{"@type":"ListItem","position":2,"name":"Baraka K\u00fclt\u00fcr Merkezi\u2019nde \u201cEl Buen Patron \u2013 Good Boss\u201d isimli film g\u00f6sterildi"}]},{"@type":"WebSite","@id":"https:\/\/kuzeyinsesi.org\/#website","url":"https:\/\/kuzeyinsesi.org\/","name":"Kuzeyin Sesi","description":"Do\u011fru Haberin Adresi","potentialAction":[{"@type":"SearchAction","target":{"@type":"EntryPoint","urlTemplate":"https:\/\/kuzeyinsesi.org\/?s={search_term_string}"},"query-input":{"@type":"PropertyValueSpecification","valueRequired":true,"valueName":"search_term_string"}}],"inLanguage":"tr"},{"@type":"Person","@id":"https:\/\/kuzeyinsesi.org\/#\/schema\/person\/9f859689cdf01485597712386e37f5aa","name":"Kuzeyin Sesi","image":{"@type":"ImageObject","inLanguage":"tr","@id":"https:\/\/secure.gravatar.com\/avatar\/bab33852abfd8b282518d6ed81826833d77c3c882d9ab608add591ccace47a44?s=96&d=mm&r=g","url":"https:\/\/secure.gravatar.com\/avatar\/bab33852abfd8b282518d6ed81826833d77c3c882d9ab608add591ccace47a44?s=96&d=mm&r=g","contentUrl":"https:\/\/secure.gravatar.com\/avatar\/bab33852abfd8b282518d6ed81826833d77c3c882d9ab608add591ccace47a44?s=96&d=mm&r=g","caption":"Kuzeyin Sesi"},"sameAs":["https:\/\/kuzeyinsesi.org"],"url":"https:\/\/kuzeyinsesi.org\/index.php\/author\/guven\/"}]}},"_links":{"self":[{"href":"https:\/\/kuzeyinsesi.org\/index.php\/wp-json\/wp\/v2\/posts\/17435","targetHints":{"allow":["GET"]}}],"collection":[{"href":"https:\/\/kuzeyinsesi.org\/index.php\/wp-json\/wp\/v2\/posts"}],"about":[{"href":"https:\/\/kuzeyinsesi.org\/index.php\/wp-json\/wp\/v2\/types\/post"}],"author":[{"embeddable":true,"href":"https:\/\/kuzeyinsesi.org\/index.php\/wp-json\/wp\/v2\/users\/1"}],"replies":[{"embeddable":true,"href":"https:\/\/kuzeyinsesi.org\/index.php\/wp-json\/wp\/v2\/comments?post=17435"}],"version-history":[{"count":0,"href":"https:\/\/kuzeyinsesi.org\/index.php\/wp-json\/wp\/v2\/posts\/17435\/revisions"}],"wp:featuredmedia":[{"embeddable":true,"href":"https:\/\/kuzeyinsesi.org\/index.php\/wp-json\/wp\/v2\/media\/17436"}],"wp:attachment":[{"href":"https:\/\/kuzeyinsesi.org\/index.php\/wp-json\/wp\/v2\/media?parent=17435"}],"wp:term":[{"taxonomy":"category","embeddable":true,"href":"https:\/\/kuzeyinsesi.org\/index.php\/wp-json\/wp\/v2\/categories?post=17435"},{"taxonomy":"post_tag","embeddable":true,"href":"https:\/\/kuzeyinsesi.org\/index.php\/wp-json\/wp\/v2\/tags?post=17435"}],"curies":[{"name":"wp","href":"https:\/\/api.w.org\/{rel}","templated":true}]}}