{"id":1742,"date":"2024-05-08T18:55:56","date_gmt":"2024-05-08T15:55:56","guid":{"rendered":"https:\/\/kuzeyinsesi.com\/index.php\/2024\/05\/08\/tatarkibris-turku-artik-bolgede-bir-taraf-bir-otorite-bir-devlet\/"},"modified":"2024-05-08T18:55:56","modified_gmt":"2024-05-08T15:55:56","slug":"tatarkibris-turku-artik-bolgede-bir-taraf-bir-otorite-bir-devlet","status":"publish","type":"post","link":"https:\/\/kuzeyinsesi.org\/index.php\/2024\/05\/08\/tatarkibris-turku-artik-bolgede-bir-taraf-bir-otorite-bir-devlet\/","title":{"rendered":"Tatar:K\u0131br\u0131s T\u00fcrk\u00fc art\u0131k b\u00f6lgede bir taraf, bir otorite, bir devlet\u2026"},"content":{"rendered":"<div>\n<div class=\"mariselle-image-container none\">\n                                            <\/div>\n<p> Cumhurba\u015fkan\u0131 Ersin Tatar, K\u0131br\u0131s T\u00fcrk taraf\u0131n\u0131n egemenli\u011fi kabul edilmeden K\u0131br\u0131s konusunda herhangi bir g\u00f6r\u00fc\u015fme yapmayacaklar\u0131n\u0131 s\u00f6yledi.<\/p>\n<p>B\u00fcy\u00fck T\u00fcrk milletinin ayr\u0131lmaz bir par\u00e7as\u0131 olarak Akdeniz\u2019de ve \u201cMavi Vatan\u2019da\u201d sonsuza kadar var olman\u0131n pe\u015finde olduklar\u0131n\u0131 kaydeden Tatar, K\u0131br\u0131s T\u00fcrk\u00fc\u2019n\u00fcn art\u0131k b\u00f6lgede bir taraf, otorite ve devlet oldu\u011funu vurgulad\u0131.<\/p>\n<p>Cumhurba\u015fkan\u0131 Tatar, T\u00fcrk sinema oyuncusu Ediz Hun\u2019un, Girne Amerikan \u00dcniversitesi\u2019nde (GA\u00dc) \u00f6\u011frencilere y\u00f6nelik s\u00f6yle\u015fisine kat\u0131ld\u0131.<\/p>\n<p>K\u0131br\u0131s \u015eehitlerini Anma Platformu, Bayrak Radyo Televizyon Kurumu (BRTK) ve TC Lefko\u015fa B\u00fcy\u00fckel\u00e7ili\u011fi Kalk\u0131nma ve Ekonomik \u0130\u015fbirli\u011fi Ofisi (KE\u0130) i\u015f birli\u011findeki \u201cEdiz Hun\u2019la K\u0131br\u0131s \u015eehitlerini An\u0131yoruz\u201d program\u0131 \u00e7er\u00e7evesinde GA\u00dc Spectrum Uluslararas\u0131 Kongre Merkezi\u2019nde yer alan s\u00f6yle\u015fiye Cumhurba\u015fkan\u0131 Ersin Tatar ve Meclis Ba\u015fkan\u0131 Zorlu T\u00f6re\u2019nin yan\u0131 s\u0131ra di\u011fer sivil ve askeri yetkililer, yerli ve T\u00fcrkiye\u2019den konuk muharip dernek temsilcileri, \u00fcniversite yetkilileri ve \u00f6\u011frenciler kat\u0131ld\u0131.<\/p>\n<p>Cumhurba\u015fkan\u0131 Ersin Tatar, 1974 y\u0131l\u0131nda Bar\u0131\u015f Harek\u00e2t\u0131\u2019n\u0131n ger\u00e7ekle\u015fmemi\u015f olmas\u0131 halinde adada hi\u00e7 ho\u015f olmayan durumlar ya\u015fanm\u0131\u015f olabilece\u011fini belirtti ve vatan savunmas\u0131nda yer alm\u0131\u015f gazileri kutlayarak \u015fehitleri and\u0131\u011f\u0131n\u0131 belirtti.<\/p>\n<p>Tatar, Ediz Hun\u2019un gen\u00e7ler i\u00e7in bir idol ve \u00f6rnek oldu\u011funu dile getirerek, harek\u00e2t zamanlar\u0131nda Ediz Hun ve T\u00fcrk\u00e2n \u015eoray\u2019\u0131n birlikte K\u0131br\u0131s\u2019a gelerek, Mehmet\u00e7ik, m\u00fccahit ve halkla bulu\u015fmas\u0131n\u0131n \u00f6nemine ve de\u011ferine i\u015faret etti.<\/p>\n<p>B\u00fcy\u00fck T\u00fcrk milletinin ayr\u0131lmaz bir par\u00e7as\u0131 olarak Akdeniz\u2019de ve \u201cMavi Vatan\u2019da\u201d sonsuza kadar var olman\u0131n pe\u015finde olduklar\u0131n\u0131 kaydeden Cumhurba\u015fkan\u0131 Tatar, K\u0131br\u0131s T\u00fcrk\u00fcn\u00fcn art\u0131k b\u00f6lgede bir taraf, otorite ve devlet oldu\u011funu ve art\u0131k \u201cAdadaki ger\u00e7ekleri herkesin kabul etmesinin gereklili\u011fini ve 1974 \u00f6ncesine d\u00f6n\u00fclemeyece\u011fini\u201d bug\u00fcn g\u00f6r\u00fc\u015ft\u00fc\u011f\u00fc BM Genel Sekreteri\u2019nin K\u0131br\u0131s Ki\u015fisel Temsilcisi Maria Angela Holguin\u2019e de aktard\u0131\u011f\u0131n\u0131 belirtti.<\/p>\n<p>Tatar, K\u0131br\u0131s T\u00fcrk taraf\u0131n\u0131n egemenli\u011fi kabul edilmeden K\u0131br\u0131s konusunda herhangi bir g\u00f6r\u00fc\u015fme yapmayacaklar\u0131n\u0131 da yineledi.<\/p>\n<p>Cumhuriyet Meclisi Ba\u015fkan\u0131 Zorlu T\u00f6re, Mutlu Bar\u0131\u015f Harek\u00e2t\u0131\u2019n\u0131n 50. y\u0131l\u0131n\u0131n kutlanmakta oldu\u011funu hat\u0131rlatarak, T\u00fcrk ordusunun KKTC\u2019de art\u0131k ev sahibi oldu\u011funu ve geri gitmeyece\u011fini; vatan\u0131n da \u015fehit ve gazilerin gelecek nesillere hediyesi oldu\u011funu vurgulad\u0131.<\/p>\n<p>Zorlu T\u00f6re, KKTC\u2019ye d\u00f6rt elle sar\u0131lmak gerekti\u011fini ifade ederek, aziz \u015fehitleri sayg\u0131 ve minnetle and\u0131\u011f\u0131n\u0131 belirtti. T\u00f6re, mill\u00ee m\u00fccadeleye katk\u0131 koyan Adnan Menderes, Fatin R. Zorlu, S\u00fcleyman Demirel, B\u00fclent Ecevit, Necmettin Erbakan, R. R. Denkta\u015f, Dr. Faz\u0131l K\u00fc\u00e7\u00fck, Ali R\u0131za Vuru\u015fkan, Kenan Coygun, Dani\u015f Karabelen gibi isimlerin unutulmayaca\u011f\u0131n\u0131 alt\u0131n\u0131 \u00e7izdi.<\/p>\n<p>Program\u0131n a\u00e7\u0131l\u0131\u015f konu\u015fmas\u0131n\u0131 yapan GA\u00dc \u0130leti\u015fim Fak\u00fcltesi Dekan\u0131 Neriman Sayg\u0131l\u0131, Atat\u00fcrk\u2019\u00fcn \u201cK\u0131br\u0131s adas\u0131na dikkat ediniz\u201d s\u00f6zlerine at\u0131fta bulundu ve Ortado\u011fu\u2019da ya\u015fanan \u00e7at\u0131\u015fma ve kar\u0131\u015f\u0131kl\u0131\u011fa i\u015faret ederek,\u00a0 egemen g\u00fc\u00e7lerin b\u00f6lgede huzur b\u0131rakmad\u0131\u011f\u0131n\u0131n alt\u0131n\u0131 \u00e7izdi.<\/p>\n<p>Bug\u00fcn d\u00f6rd\u00fcnc\u00fcs\u00fc ger\u00e7ekle\u015fen organizasyonla \u00fclkeyi vatan yapan aziz \u015fehit ve gazileri anmak ve unutturmamak amac\u0131nda olduklar\u0131n\u0131 vurgulayan Sayg\u0131l\u0131, T\u00fcrk\u00e2n \u015eoray\u2019\u0131n sa\u011fl\u0131k sorunlar\u0131 nedeniyle etkinli\u011fe kat\u0131lamamas\u0131na ra\u011fmen kalbinin K\u0131br\u0131s\u2019ta oldu\u011funu s\u00f6yledi ve etkinlikte katk\u0131s\u0131 bulunanlara te\u015fekk\u00fcr etti.<\/p>\n<p>Konu\u015fmalar\u0131n ard\u0131ndan K\u0131br\u0131s \u015eehitlerini Anma Platformu Ba\u015fkan\u0131 Hasan Ta\u015f, \u201cBar\u0131\u015f Harek\u00e2t\u0131n\u0131n 50. Y\u0131l\u0131na Dair Hikayeleri\u201d dinleyicilerle payla\u015ft\u0131.<\/p>\n<p>Etkinlik, \u00f6zge\u00e7mi\u015finin okunmas\u0131n\u0131n ard\u0131ndan Ediz Hun\u2019un \u00f6\u011frencilerle s\u00f6yle\u015fisiyle devam etti.<\/p>\n<p>\u00c7ok \u00e7al\u0131\u015fman\u0131n \u00f6nemine vurgu yapan Ediz Hun, \u201c\u00c7ok \u00e7al\u0131\u015f\u0131rsan\u0131z ba\u015far\u0131 bir g\u00fcn mutlaka sizi bulacakt\u0131r\u201d tavsiyesinde bulundu.<\/p>\n<\/p><\/div>\n<p><script async\n                    defer\n                    crossorigin=\"anonymous\"\n                    src=\"https:\/\/connect.facebook.net\/tr_TR\/sdk.js#xfbml=1&#038;version=v3.3\"\n            ><\/script><\/p>\n","protected":false},"excerpt":{"rendered":"<p>Cumhurba\u015fkan\u0131 Ersin Tatar, K\u0131br\u0131s T\u00fcrk taraf\u0131n\u0131n egemenli\u011fi kabul edilmeden K\u0131br\u0131s konusunda herhangi bir g\u00f6r\u00fc\u015fme yapmayacaklar\u0131n\u0131 s\u00f6yledi. B\u00fcy\u00fck T\u00fcrk milletinin ayr\u0131lmaz bir par\u00e7as\u0131 olarak Akdeniz\u2019de ve \u201cMavi Vatan\u2019da\u201d sonsuza kadar var olman\u0131n pe\u015finde olduklar\u0131n\u0131 kaydeden Tatar, K\u0131br\u0131s T\u00fcrk\u00fc\u2019n\u00fcn art\u0131k b\u00f6lgede bir taraf, otorite ve devlet oldu\u011funu vurgulad\u0131. Cumhurba\u015fkan\u0131 Tatar, T\u00fcrk sinema oyuncusu Ediz Hun\u2019un, Girne Amerikan [&hellip;]<\/p>\n","protected":false},"author":1,"featured_media":1743,"comment_status":"open","ping_status":"open","sticky":false,"template":"","format":"standard","meta":{"jnews-multi-image_gallery":[],"jnews_single_post":[],"jnews_primary_category":[],"jnews_social_meta":[],"jnews_override_counter":[],"footnotes":""},"categories":[1],"tags":[],"class_list":["post-1742","post","type-post","status-publish","format-standard","has-post-thumbnail","hentry","category-kibris"],"yoast_head":"<!-- This site is optimized with the Yoast SEO plugin v27.5 - https:\/\/yoast.com\/product\/yoast-seo-wordpress\/ -->\n<title>Tatar:K\u0131br\u0131s T\u00fcrk\u00fc art\u0131k b\u00f6lgede bir taraf, bir otorite, bir devlet\u2026 - Kuzeyin Sesi<\/title>\n<meta name=\"robots\" content=\"index, follow, max-snippet:-1, max-image-preview:large, max-video-preview:-1\" \/>\n<link rel=\"canonical\" href=\"https:\/\/kuzeyinsesi.org\/index.php\/2024\/05\/08\/tatarkibris-turku-artik-bolgede-bir-taraf-bir-otorite-bir-devlet\/\" \/>\n<meta property=\"og:locale\" content=\"tr_TR\" \/>\n<meta property=\"og:type\" content=\"article\" \/>\n<meta property=\"og:title\" content=\"Tatar:K\u0131br\u0131s T\u00fcrk\u00fc art\u0131k b\u00f6lgede bir taraf, bir otorite, bir devlet\u2026 - Kuzeyin Sesi\" \/>\n<meta property=\"og:description\" content=\"Cumhurba\u015fkan\u0131 Ersin Tatar, K\u0131br\u0131s T\u00fcrk taraf\u0131n\u0131n egemenli\u011fi kabul edilmeden K\u0131br\u0131s konusunda herhangi bir g\u00f6r\u00fc\u015fme yapmayacaklar\u0131n\u0131 s\u00f6yledi. B\u00fcy\u00fck T\u00fcrk milletinin ayr\u0131lmaz bir par\u00e7as\u0131 olarak Akdeniz\u2019de ve \u201cMavi Vatan\u2019da\u201d sonsuza kadar var olman\u0131n pe\u015finde olduklar\u0131n\u0131 kaydeden Tatar, K\u0131br\u0131s T\u00fcrk\u00fc\u2019n\u00fcn art\u0131k b\u00f6lgede bir taraf, otorite ve devlet oldu\u011funu vurgulad\u0131. Cumhurba\u015fkan\u0131 Tatar, T\u00fcrk sinema oyuncusu Ediz Hun\u2019un, Girne Amerikan [&hellip;]\" \/>\n<meta property=\"og:url\" content=\"https:\/\/kuzeyinsesi.org\/index.php\/2024\/05\/08\/tatarkibris-turku-artik-bolgede-bir-taraf-bir-otorite-bir-devlet\/\" \/>\n<meta property=\"og:site_name\" content=\"Kuzeyin Sesi\" \/>\n<meta property=\"article:publisher\" content=\"https:\/\/www.facebook.com\/kuzeyinsesii\" \/>\n<meta property=\"article:published_time\" content=\"2024-05-08T15:55:56+00:00\" \/>\n<meta property=\"og:image\" content=\"https:\/\/kuzeyinsesi.org\/wp-content\/uploads\/2024\/05\/gau-ediz-hun-ile-soylesi-duzenledi-4-so.jpg\" \/>\n\t<meta property=\"og:image:width\" content=\"2480\" \/>\n\t<meta property=\"og:image:height\" content=\"1656\" \/>\n\t<meta property=\"og:image:type\" content=\"image\/jpeg\" \/>\n<meta name=\"author\" content=\"Kuzeyin Sesi\" \/>\n<meta name=\"twitter:card\" content=\"summary_large_image\" \/>\n<meta name=\"twitter:creator\" content=\"@kuzeyinsesii\" \/>\n<meta name=\"twitter:site\" content=\"@kuzeyinsesii\" \/>\n<meta name=\"twitter:label1\" content=\"Yazan:\" \/>\n\t<meta name=\"twitter:data1\" content=\"Kuzeyin Sesi\" \/>\n\t<meta name=\"twitter:label2\" content=\"Tahmini okuma s\u00fcresi\" \/>\n\t<meta name=\"twitter:data2\" content=\"4 dakika\" \/>\n<script type=\"application\/ld+json\" class=\"yoast-schema-graph\">{\"@context\":\"https:\\\/\\\/schema.org\",\"@graph\":[{\"@type\":\"Article\",\"@id\":\"https:\\\/\\\/kuzeyinsesi.org\\\/index.php\\\/2024\\\/05\\\/08\\\/tatarkibris-turku-artik-bolgede-bir-taraf-bir-otorite-bir-devlet\\\/#article\",\"isPartOf\":{\"@id\":\"https:\\\/\\\/kuzeyinsesi.org\\\/index.php\\\/2024\\\/05\\\/08\\\/tatarkibris-turku-artik-bolgede-bir-taraf-bir-otorite-bir-devlet\\\/\"},\"author\":{\"name\":\"Kuzeyin Sesi\",\"@id\":\"https:\\\/\\\/kuzeyinsesi.org\\\/#\\\/schema\\\/person\\\/9f859689cdf01485597712386e37f5aa\"},\"headline\":\"Tatar:K\u0131br\u0131s T\u00fcrk\u00fc art\u0131k b\u00f6lgede bir taraf, bir otorite, bir devlet\u2026\",\"datePublished\":\"2024-05-08T15:55:56+00:00\",\"mainEntityOfPage\":{\"@id\":\"https:\\\/\\\/kuzeyinsesi.org\\\/index.php\\\/2024\\\/05\\\/08\\\/tatarkibris-turku-artik-bolgede-bir-taraf-bir-otorite-bir-devlet\\\/\"},\"wordCount\":718,\"commentCount\":0,\"image\":{\"@id\":\"https:\\\/\\\/kuzeyinsesi.org\\\/index.php\\\/2024\\\/05\\\/08\\\/tatarkibris-turku-artik-bolgede-bir-taraf-bir-otorite-bir-devlet\\\/#primaryimage\"},\"thumbnailUrl\":\"https:\\\/\\\/kuzeyinsesi.org\\\/wp-content\\\/uploads\\\/2024\\\/05\\\/gau-ediz-hun-ile-soylesi-duzenledi-4-so.jpg\",\"articleSection\":[\"K\u0131br\u0131s\"],\"inLanguage\":\"tr\",\"potentialAction\":[{\"@type\":\"CommentAction\",\"name\":\"Comment\",\"target\":[\"https:\\\/\\\/kuzeyinsesi.org\\\/index.php\\\/2024\\\/05\\\/08\\\/tatarkibris-turku-artik-bolgede-bir-taraf-bir-otorite-bir-devlet\\\/#respond\"]}]},{\"@type\":\"WebPage\",\"@id\":\"https:\\\/\\\/kuzeyinsesi.org\\\/index.php\\\/2024\\\/05\\\/08\\\/tatarkibris-turku-artik-bolgede-bir-taraf-bir-otorite-bir-devlet\\\/\",\"url\":\"https:\\\/\\\/kuzeyinsesi.org\\\/index.php\\\/2024\\\/05\\\/08\\\/tatarkibris-turku-artik-bolgede-bir-taraf-bir-otorite-bir-devlet\\\/\",\"name\":\"Tatar:K\u0131br\u0131s T\u00fcrk\u00fc art\u0131k b\u00f6lgede bir taraf, bir otorite, bir devlet\u2026 - Kuzeyin Sesi\",\"isPartOf\":{\"@id\":\"https:\\\/\\\/kuzeyinsesi.org\\\/#website\"},\"primaryImageOfPage\":{\"@id\":\"https:\\\/\\\/kuzeyinsesi.org\\\/index.php\\\/2024\\\/05\\\/08\\\/tatarkibris-turku-artik-bolgede-bir-taraf-bir-otorite-bir-devlet\\\/#primaryimage\"},\"image\":{\"@id\":\"https:\\\/\\\/kuzeyinsesi.org\\\/index.php\\\/2024\\\/05\\\/08\\\/tatarkibris-turku-artik-bolgede-bir-taraf-bir-otorite-bir-devlet\\\/#primaryimage\"},\"thumbnailUrl\":\"https:\\\/\\\/kuzeyinsesi.org\\\/wp-content\\\/uploads\\\/2024\\\/05\\\/gau-ediz-hun-ile-soylesi-duzenledi-4-so.jpg\",\"datePublished\":\"2024-05-08T15:55:56+00:00\",\"author\":{\"@id\":\"https:\\\/\\\/kuzeyinsesi.org\\\/#\\\/schema\\\/person\\\/9f859689cdf01485597712386e37f5aa\"},\"breadcrumb\":{\"@id\":\"https:\\\/\\\/kuzeyinsesi.org\\\/index.php\\\/2024\\\/05\\\/08\\\/tatarkibris-turku-artik-bolgede-bir-taraf-bir-otorite-bir-devlet\\\/#breadcrumb\"},\"inLanguage\":\"tr\",\"potentialAction\":[{\"@type\":\"ReadAction\",\"target\":[\"https:\\\/\\\/kuzeyinsesi.org\\\/index.php\\\/2024\\\/05\\\/08\\\/tatarkibris-turku-artik-bolgede-bir-taraf-bir-otorite-bir-devlet\\\/\"]}]},{\"@type\":\"ImageObject\",\"inLanguage\":\"tr\",\"@id\":\"https:\\\/\\\/kuzeyinsesi.org\\\/index.php\\\/2024\\\/05\\\/08\\\/tatarkibris-turku-artik-bolgede-bir-taraf-bir-otorite-bir-devlet\\\/#primaryimage\",\"url\":\"https:\\\/\\\/kuzeyinsesi.org\\\/wp-content\\\/uploads\\\/2024\\\/05\\\/gau-ediz-hun-ile-soylesi-duzenledi-4-so.jpg\",\"contentUrl\":\"https:\\\/\\\/kuzeyinsesi.org\\\/wp-content\\\/uploads\\\/2024\\\/05\\\/gau-ediz-hun-ile-soylesi-duzenledi-4-so.jpg\",\"width\":2480,\"height\":1656},{\"@type\":\"BreadcrumbList\",\"@id\":\"https:\\\/\\\/kuzeyinsesi.org\\\/index.php\\\/2024\\\/05\\\/08\\\/tatarkibris-turku-artik-bolgede-bir-taraf-bir-otorite-bir-devlet\\\/#breadcrumb\",\"itemListElement\":[{\"@type\":\"ListItem\",\"position\":1,\"name\":\"Anasayfa\",\"item\":\"https:\\\/\\\/kuzeyinsesi.org\\\/\"},{\"@type\":\"ListItem\",\"position\":2,\"name\":\"Tatar:K\u0131br\u0131s T\u00fcrk\u00fc art\u0131k b\u00f6lgede bir taraf, bir otorite, bir devlet\u2026\"}]},{\"@type\":\"WebSite\",\"@id\":\"https:\\\/\\\/kuzeyinsesi.org\\\/#website\",\"url\":\"https:\\\/\\\/kuzeyinsesi.org\\\/\",\"name\":\"Kuzeyin Sesi\",\"description\":\"Do\u011fru Haberin Adresi\",\"potentialAction\":[{\"@type\":\"SearchAction\",\"target\":{\"@type\":\"EntryPoint\",\"urlTemplate\":\"https:\\\/\\\/kuzeyinsesi.org\\\/?s={search_term_string}\"},\"query-input\":{\"@type\":\"PropertyValueSpecification\",\"valueRequired\":true,\"valueName\":\"search_term_string\"}}],\"inLanguage\":\"tr\"},{\"@type\":\"Person\",\"@id\":\"https:\\\/\\\/kuzeyinsesi.org\\\/#\\\/schema\\\/person\\\/9f859689cdf01485597712386e37f5aa\",\"name\":\"Kuzeyin Sesi\",\"image\":{\"@type\":\"ImageObject\",\"inLanguage\":\"tr\",\"@id\":\"https:\\\/\\\/secure.gravatar.com\\\/avatar\\\/bab33852abfd8b282518d6ed81826833d77c3c882d9ab608add591ccace47a44?s=96&d=mm&r=g\",\"url\":\"https:\\\/\\\/secure.gravatar.com\\\/avatar\\\/bab33852abfd8b282518d6ed81826833d77c3c882d9ab608add591ccace47a44?s=96&d=mm&r=g\",\"contentUrl\":\"https:\\\/\\\/secure.gravatar.com\\\/avatar\\\/bab33852abfd8b282518d6ed81826833d77c3c882d9ab608add591ccace47a44?s=96&d=mm&r=g\",\"caption\":\"Kuzeyin Sesi\"},\"sameAs\":[\"https:\\\/\\\/kuzeyinsesi.org\"],\"url\":\"https:\\\/\\\/kuzeyinsesi.org\\\/index.php\\\/author\\\/guven\\\/\"}]}<\/script>\n<!-- \/ Yoast SEO plugin. -->","yoast_head_json":{"title":"Tatar:K\u0131br\u0131s T\u00fcrk\u00fc art\u0131k b\u00f6lgede bir taraf, bir otorite, bir devlet\u2026 - Kuzeyin Sesi","robots":{"index":"index","follow":"follow","max-snippet":"max-snippet:-1","max-image-preview":"max-image-preview:large","max-video-preview":"max-video-preview:-1"},"canonical":"https:\/\/kuzeyinsesi.org\/index.php\/2024\/05\/08\/tatarkibris-turku-artik-bolgede-bir-taraf-bir-otorite-bir-devlet\/","og_locale":"tr_TR","og_type":"article","og_title":"Tatar:K\u0131br\u0131s T\u00fcrk\u00fc art\u0131k b\u00f6lgede bir taraf, bir otorite, bir devlet\u2026 - Kuzeyin Sesi","og_description":"Cumhurba\u015fkan\u0131 Ersin Tatar, K\u0131br\u0131s T\u00fcrk taraf\u0131n\u0131n egemenli\u011fi kabul edilmeden K\u0131br\u0131s konusunda herhangi bir g\u00f6r\u00fc\u015fme yapmayacaklar\u0131n\u0131 s\u00f6yledi. B\u00fcy\u00fck T\u00fcrk milletinin ayr\u0131lmaz bir par\u00e7as\u0131 olarak Akdeniz\u2019de ve \u201cMavi Vatan\u2019da\u201d sonsuza kadar var olman\u0131n pe\u015finde olduklar\u0131n\u0131 kaydeden Tatar, K\u0131br\u0131s T\u00fcrk\u00fc\u2019n\u00fcn art\u0131k b\u00f6lgede bir taraf, otorite ve devlet oldu\u011funu vurgulad\u0131. Cumhurba\u015fkan\u0131 Tatar, T\u00fcrk sinema oyuncusu Ediz Hun\u2019un, Girne Amerikan [&hellip;]","og_url":"https:\/\/kuzeyinsesi.org\/index.php\/2024\/05\/08\/tatarkibris-turku-artik-bolgede-bir-taraf-bir-otorite-bir-devlet\/","og_site_name":"Kuzeyin Sesi","article_publisher":"https:\/\/www.facebook.com\/kuzeyinsesii","article_published_time":"2024-05-08T15:55:56+00:00","og_image":[{"width":2480,"height":1656,"url":"https:\/\/kuzeyinsesi.org\/wp-content\/uploads\/2024\/05\/gau-ediz-hun-ile-soylesi-duzenledi-4-so.jpg","type":"image\/jpeg"}],"author":"Kuzeyin Sesi","twitter_card":"summary_large_image","twitter_creator":"@kuzeyinsesii","twitter_site":"@kuzeyinsesii","twitter_misc":{"Yazan:":"Kuzeyin Sesi","Tahmini okuma s\u00fcresi":"4 dakika"},"schema":{"@context":"https:\/\/schema.org","@graph":[{"@type":"Article","@id":"https:\/\/kuzeyinsesi.org\/index.php\/2024\/05\/08\/tatarkibris-turku-artik-bolgede-bir-taraf-bir-otorite-bir-devlet\/#article","isPartOf":{"@id":"https:\/\/kuzeyinsesi.org\/index.php\/2024\/05\/08\/tatarkibris-turku-artik-bolgede-bir-taraf-bir-otorite-bir-devlet\/"},"author":{"name":"Kuzeyin Sesi","@id":"https:\/\/kuzeyinsesi.org\/#\/schema\/person\/9f859689cdf01485597712386e37f5aa"},"headline":"Tatar:K\u0131br\u0131s T\u00fcrk\u00fc art\u0131k b\u00f6lgede bir taraf, bir otorite, bir devlet\u2026","datePublished":"2024-05-08T15:55:56+00:00","mainEntityOfPage":{"@id":"https:\/\/kuzeyinsesi.org\/index.php\/2024\/05\/08\/tatarkibris-turku-artik-bolgede-bir-taraf-bir-otorite-bir-devlet\/"},"wordCount":718,"commentCount":0,"image":{"@id":"https:\/\/kuzeyinsesi.org\/index.php\/2024\/05\/08\/tatarkibris-turku-artik-bolgede-bir-taraf-bir-otorite-bir-devlet\/#primaryimage"},"thumbnailUrl":"https:\/\/kuzeyinsesi.org\/wp-content\/uploads\/2024\/05\/gau-ediz-hun-ile-soylesi-duzenledi-4-so.jpg","articleSection":["K\u0131br\u0131s"],"inLanguage":"tr","potentialAction":[{"@type":"CommentAction","name":"Comment","target":["https:\/\/kuzeyinsesi.org\/index.php\/2024\/05\/08\/tatarkibris-turku-artik-bolgede-bir-taraf-bir-otorite-bir-devlet\/#respond"]}]},{"@type":"WebPage","@id":"https:\/\/kuzeyinsesi.org\/index.php\/2024\/05\/08\/tatarkibris-turku-artik-bolgede-bir-taraf-bir-otorite-bir-devlet\/","url":"https:\/\/kuzeyinsesi.org\/index.php\/2024\/05\/08\/tatarkibris-turku-artik-bolgede-bir-taraf-bir-otorite-bir-devlet\/","name":"Tatar:K\u0131br\u0131s T\u00fcrk\u00fc art\u0131k b\u00f6lgede bir taraf, bir otorite, bir devlet\u2026 - Kuzeyin Sesi","isPartOf":{"@id":"https:\/\/kuzeyinsesi.org\/#website"},"primaryImageOfPage":{"@id":"https:\/\/kuzeyinsesi.org\/index.php\/2024\/05\/08\/tatarkibris-turku-artik-bolgede-bir-taraf-bir-otorite-bir-devlet\/#primaryimage"},"image":{"@id":"https:\/\/kuzeyinsesi.org\/index.php\/2024\/05\/08\/tatarkibris-turku-artik-bolgede-bir-taraf-bir-otorite-bir-devlet\/#primaryimage"},"thumbnailUrl":"https:\/\/kuzeyinsesi.org\/wp-content\/uploads\/2024\/05\/gau-ediz-hun-ile-soylesi-duzenledi-4-so.jpg","datePublished":"2024-05-08T15:55:56+00:00","author":{"@id":"https:\/\/kuzeyinsesi.org\/#\/schema\/person\/9f859689cdf01485597712386e37f5aa"},"breadcrumb":{"@id":"https:\/\/kuzeyinsesi.org\/index.php\/2024\/05\/08\/tatarkibris-turku-artik-bolgede-bir-taraf-bir-otorite-bir-devlet\/#breadcrumb"},"inLanguage":"tr","potentialAction":[{"@type":"ReadAction","target":["https:\/\/kuzeyinsesi.org\/index.php\/2024\/05\/08\/tatarkibris-turku-artik-bolgede-bir-taraf-bir-otorite-bir-devlet\/"]}]},{"@type":"ImageObject","inLanguage":"tr","@id":"https:\/\/kuzeyinsesi.org\/index.php\/2024\/05\/08\/tatarkibris-turku-artik-bolgede-bir-taraf-bir-otorite-bir-devlet\/#primaryimage","url":"https:\/\/kuzeyinsesi.org\/wp-content\/uploads\/2024\/05\/gau-ediz-hun-ile-soylesi-duzenledi-4-so.jpg","contentUrl":"https:\/\/kuzeyinsesi.org\/wp-content\/uploads\/2024\/05\/gau-ediz-hun-ile-soylesi-duzenledi-4-so.jpg","width":2480,"height":1656},{"@type":"BreadcrumbList","@id":"https:\/\/kuzeyinsesi.org\/index.php\/2024\/05\/08\/tatarkibris-turku-artik-bolgede-bir-taraf-bir-otorite-bir-devlet\/#breadcrumb","itemListElement":[{"@type":"ListItem","position":1,"name":"Anasayfa","item":"https:\/\/kuzeyinsesi.org\/"},{"@type":"ListItem","position":2,"name":"Tatar:K\u0131br\u0131s T\u00fcrk\u00fc art\u0131k b\u00f6lgede bir taraf, bir otorite, bir devlet\u2026"}]},{"@type":"WebSite","@id":"https:\/\/kuzeyinsesi.org\/#website","url":"https:\/\/kuzeyinsesi.org\/","name":"Kuzeyin Sesi","description":"Do\u011fru Haberin Adresi","potentialAction":[{"@type":"SearchAction","target":{"@type":"EntryPoint","urlTemplate":"https:\/\/kuzeyinsesi.org\/?s={search_term_string}"},"query-input":{"@type":"PropertyValueSpecification","valueRequired":true,"valueName":"search_term_string"}}],"inLanguage":"tr"},{"@type":"Person","@id":"https:\/\/kuzeyinsesi.org\/#\/schema\/person\/9f859689cdf01485597712386e37f5aa","name":"Kuzeyin Sesi","image":{"@type":"ImageObject","inLanguage":"tr","@id":"https:\/\/secure.gravatar.com\/avatar\/bab33852abfd8b282518d6ed81826833d77c3c882d9ab608add591ccace47a44?s=96&d=mm&r=g","url":"https:\/\/secure.gravatar.com\/avatar\/bab33852abfd8b282518d6ed81826833d77c3c882d9ab608add591ccace47a44?s=96&d=mm&r=g","contentUrl":"https:\/\/secure.gravatar.com\/avatar\/bab33852abfd8b282518d6ed81826833d77c3c882d9ab608add591ccace47a44?s=96&d=mm&r=g","caption":"Kuzeyin Sesi"},"sameAs":["https:\/\/kuzeyinsesi.org"],"url":"https:\/\/kuzeyinsesi.org\/index.php\/author\/guven\/"}]}},"_links":{"self":[{"href":"https:\/\/kuzeyinsesi.org\/index.php\/wp-json\/wp\/v2\/posts\/1742","targetHints":{"allow":["GET"]}}],"collection":[{"href":"https:\/\/kuzeyinsesi.org\/index.php\/wp-json\/wp\/v2\/posts"}],"about":[{"href":"https:\/\/kuzeyinsesi.org\/index.php\/wp-json\/wp\/v2\/types\/post"}],"author":[{"embeddable":true,"href":"https:\/\/kuzeyinsesi.org\/index.php\/wp-json\/wp\/v2\/users\/1"}],"replies":[{"embeddable":true,"href":"https:\/\/kuzeyinsesi.org\/index.php\/wp-json\/wp\/v2\/comments?post=1742"}],"version-history":[{"count":0,"href":"https:\/\/kuzeyinsesi.org\/index.php\/wp-json\/wp\/v2\/posts\/1742\/revisions"}],"wp:featuredmedia":[{"embeddable":true,"href":"https:\/\/kuzeyinsesi.org\/index.php\/wp-json\/wp\/v2\/media\/1743"}],"wp:attachment":[{"href":"https:\/\/kuzeyinsesi.org\/index.php\/wp-json\/wp\/v2\/media?parent=1742"}],"wp:term":[{"taxonomy":"category","embeddable":true,"href":"https:\/\/kuzeyinsesi.org\/index.php\/wp-json\/wp\/v2\/categories?post=1742"},{"taxonomy":"post_tag","embeddable":true,"href":"https:\/\/kuzeyinsesi.org\/index.php\/wp-json\/wp\/v2\/tags?post=1742"}],"curies":[{"name":"wp","href":"https:\/\/api.w.org\/{rel}","templated":true}]}}