{"id":17392,"date":"2025-01-15T17:05:11","date_gmt":"2025-01-15T15:05:11","guid":{"rendered":"https:\/\/kuzeyinsesi.org\/index.php\/2025\/01\/15\/cumhurbaskani-tatara-1974-oncesi-leymosun-kitabi-takdim-edildi\/"},"modified":"2025-01-15T17:05:11","modified_gmt":"2025-01-15T15:05:11","slug":"cumhurbaskani-tatara-1974-oncesi-leymosun-kitabi-takdim-edildi","status":"publish","type":"post","link":"https:\/\/kuzeyinsesi.org\/index.php\/2025\/01\/15\/cumhurbaskani-tatara-1974-oncesi-leymosun-kitabi-takdim-edildi\/","title":{"rendered":"Cumhurba\u015fkan\u0131 Tatar\u2019a \u201c1974 \u00f6ncesi Leymosun\u201d kitab\u0131 takdim edildi"},"content":{"rendered":"<div>\n<div class=\"mariselle-image-container center\">\n                                            <\/div>\n<p> Cumhurba\u015fkan\u0131 Ersin Tatar, \u201c1974 \u00f6ncesi Leymosun\u201d isimli kitab\u0131n yazar\u0131 \u00d6zay Akif Elder\u2019i kabul etti.<\/p>\n<p>Cumhurba\u015fkanl\u0131\u011f\u0131\u2019ndan yap\u0131lan a\u00e7\u0131klamaya g\u00f6re, kabulde \u00d6zay Akif Elder, 1974 \u00f6ncesinde Leymosun\u2019daki, tarihi, k\u00fclt\u00fcrel miras\u0131, ekonomik, sosyal, k\u00fclt\u00fcrel ya\u015fam\u0131, k\u00fclt\u00fcrel de\u011ferleri, gelenek g\u00f6renekleri konu alan \u201c1974 \u00f6ncesi Leymosun\u201d adl\u0131 kitab\u0131n\u0131 Cumhurba\u015fkan\u0131 Ersin Tatar\u2019a takdim etti.<\/p>\n<p>Cumhurba\u015fkan\u0131 Ersin Tatar, kitab\u0131n k\u0131ymetli bir \u00e7al\u0131\u015fma oldu\u011funun alt\u0131n\u0131 \u00e7izerek, K\u0131br\u0131s T\u00fcrk tarihine ge\u00e7en \u00f6nemli bir eser oldu\u011funu vurgulad\u0131. Tatar, K\u0131br\u0131s T\u00fcrk tarihinin de\u011ferlerinin ya\u015fat\u0131ld\u0131\u011f\u0131 ve gelecek nesillere aktar\u0131ld\u0131\u011f\u0131 bu eserin, ayr\u0131ca, Leymosun\u2019un tarihine de \u0131\u015f\u0131k tuttu\u011funu kaydetti.<\/p>\n<p>Cumhurba\u015fkan\u0131 Tatar, Leymosun ve Leymosun\u2019daki K\u0131br\u0131sl\u0131 T\u00fcrk belle\u011fi i\u00e7in yapt\u0131\u011f\u0131 \u00e7al\u0131\u015fmadan dolay\u0131 Elder\u2019e te\u015fekkk\u00fcr ederek, \u00e7al\u0131\u015fmalar\u0131nda ba\u015far\u0131lar diledi.<\/p>\n<\/p><\/div>\n<p><script async\n                    defer\n                    crossorigin=\"anonymous\"\n                    src=\"https:\/\/connect.facebook.net\/tr_TR\/sdk.js#xfbml=1&#038;version=v3.3\"\n            ><\/script><\/p>\n","protected":false},"excerpt":{"rendered":"<p>Cumhurba\u015fkan\u0131 Ersin Tatar, \u201c1974 \u00f6ncesi Leymosun\u201d isimli kitab\u0131n yazar\u0131 \u00d6zay Akif Elder\u2019i kabul etti. Cumhurba\u015fkanl\u0131\u011f\u0131\u2019ndan yap\u0131lan a\u00e7\u0131klamaya g\u00f6re, kabulde \u00d6zay Akif Elder, 1974 \u00f6ncesinde Leymosun\u2019daki, tarihi, k\u00fclt\u00fcrel miras\u0131, ekonomik, sosyal, k\u00fclt\u00fcrel ya\u015fam\u0131, k\u00fclt\u00fcrel de\u011ferleri, gelenek g\u00f6renekleri konu alan \u201c1974 \u00f6ncesi Leymosun\u201d adl\u0131 kitab\u0131n\u0131 Cumhurba\u015fkan\u0131 Ersin Tatar\u2019a takdim etti. Cumhurba\u015fkan\u0131 Ersin Tatar, kitab\u0131n k\u0131ymetli bir \u00e7al\u0131\u015fma [&hellip;]<\/p>\n","protected":false},"author":1,"featured_media":17393,"comment_status":"open","ping_status":"open","sticky":false,"template":"","format":"standard","meta":{"jnews-multi-image_gallery":[],"jnews_single_post":[],"jnews_primary_category":[],"jnews_social_meta":[],"jnews_override_counter":[],"footnotes":""},"categories":[6],"tags":[],"class_list":["post-17392","post","type-post","status-publish","format-standard","has-post-thumbnail","hentry","category-yasam"],"yoast_head":"<!-- This site is optimized with the Yoast SEO plugin v27.4 - https:\/\/yoast.com\/product\/yoast-seo-wordpress\/ -->\n<title>Cumhurba\u015fkan\u0131 Tatar\u2019a \u201c1974 \u00f6ncesi Leymosun\u201d kitab\u0131 takdim edildi - Kuzeyin Sesi<\/title>\n<meta name=\"robots\" content=\"index, follow, max-snippet:-1, max-image-preview:large, max-video-preview:-1\" \/>\n<link rel=\"canonical\" href=\"https:\/\/kuzeyinsesi.org\/index.php\/2025\/01\/15\/cumhurbaskani-tatara-1974-oncesi-leymosun-kitabi-takdim-edildi\/\" \/>\n<meta property=\"og:locale\" content=\"tr_TR\" \/>\n<meta property=\"og:type\" content=\"article\" \/>\n<meta property=\"og:title\" content=\"Cumhurba\u015fkan\u0131 Tatar\u2019a \u201c1974 \u00f6ncesi Leymosun\u201d kitab\u0131 takdim edildi - Kuzeyin Sesi\" \/>\n<meta property=\"og:description\" content=\"Cumhurba\u015fkan\u0131 Ersin Tatar, \u201c1974 \u00f6ncesi Leymosun\u201d isimli kitab\u0131n yazar\u0131 \u00d6zay Akif Elder\u2019i kabul etti. Cumhurba\u015fkanl\u0131\u011f\u0131\u2019ndan yap\u0131lan a\u00e7\u0131klamaya g\u00f6re, kabulde \u00d6zay Akif Elder, 1974 \u00f6ncesinde Leymosun\u2019daki, tarihi, k\u00fclt\u00fcrel miras\u0131, ekonomik, sosyal, k\u00fclt\u00fcrel ya\u015fam\u0131, k\u00fclt\u00fcrel de\u011ferleri, gelenek g\u00f6renekleri konu alan \u201c1974 \u00f6ncesi Leymosun\u201d adl\u0131 kitab\u0131n\u0131 Cumhurba\u015fkan\u0131 Ersin Tatar\u2019a takdim etti. Cumhurba\u015fkan\u0131 Ersin Tatar, kitab\u0131n k\u0131ymetli bir \u00e7al\u0131\u015fma [&hellip;]\" \/>\n<meta property=\"og:url\" content=\"https:\/\/kuzeyinsesi.org\/index.php\/2025\/01\/15\/cumhurbaskani-tatara-1974-oncesi-leymosun-kitabi-takdim-edildi\/\" \/>\n<meta property=\"og:site_name\" content=\"Kuzeyin Sesi\" \/>\n<meta property=\"article:publisher\" content=\"https:\/\/www.facebook.com\/kuzeyinsesii\" \/>\n<meta property=\"article:published_time\" content=\"2025-01-15T15:05:11+00:00\" \/>\n<meta property=\"og:image\" content=\"https:\/\/brtk.net\/wp-content\/uploads\/2025\/01\/15\/qwis.jpg?ver=cf831db6073498f0497becea3cfd0d04\" \/>\n<meta name=\"author\" content=\"Kuzeyin Sesi\" \/>\n<meta name=\"twitter:card\" content=\"summary_large_image\" \/>\n<meta name=\"twitter:creator\" content=\"@kuzeyinsesii\" \/>\n<meta name=\"twitter:site\" content=\"@kuzeyinsesii\" \/>\n<meta name=\"twitter:label1\" content=\"Yazan:\" \/>\n\t<meta name=\"twitter:data1\" content=\"Kuzeyin Sesi\" \/>\n\t<meta name=\"twitter:label2\" content=\"Tahmini okuma s\u00fcresi\" \/>\n\t<meta name=\"twitter:data2\" content=\"1 dakika\" \/>\n<script type=\"application\/ld+json\" class=\"yoast-schema-graph\">{\"@context\":\"https:\\\/\\\/schema.org\",\"@graph\":[{\"@type\":\"Article\",\"@id\":\"https:\\\/\\\/kuzeyinsesi.org\\\/index.php\\\/2025\\\/01\\\/15\\\/cumhurbaskani-tatara-1974-oncesi-leymosun-kitabi-takdim-edildi\\\/#article\",\"isPartOf\":{\"@id\":\"https:\\\/\\\/kuzeyinsesi.org\\\/index.php\\\/2025\\\/01\\\/15\\\/cumhurbaskani-tatara-1974-oncesi-leymosun-kitabi-takdim-edildi\\\/\"},\"author\":{\"name\":\"Kuzeyin Sesi\",\"@id\":\"https:\\\/\\\/kuzeyinsesi.org\\\/#\\\/schema\\\/person\\\/9f859689cdf01485597712386e37f5aa\"},\"headline\":\"Cumhurba\u015fkan\u0131 Tatar\u2019a \u201c1974 \u00f6ncesi Leymosun\u201d kitab\u0131 takdim edildi\",\"datePublished\":\"2025-01-15T15:05:11+00:00\",\"mainEntityOfPage\":{\"@id\":\"https:\\\/\\\/kuzeyinsesi.org\\\/index.php\\\/2025\\\/01\\\/15\\\/cumhurbaskani-tatara-1974-oncesi-leymosun-kitabi-takdim-edildi\\\/\"},\"wordCount\":167,\"commentCount\":0,\"image\":{\"@id\":\"https:\\\/\\\/kuzeyinsesi.org\\\/index.php\\\/2025\\\/01\\\/15\\\/cumhurbaskani-tatara-1974-oncesi-leymosun-kitabi-takdim-edildi\\\/#primaryimage\"},\"thumbnailUrl\":\"https:\\\/\\\/kuzeyinsesi.org\\\/wp-content\\\/uploads\\\/2025\\\/01\\\/qwis.jpg\",\"articleSection\":[\"Ya\u015fam\"],\"inLanguage\":\"tr\",\"potentialAction\":[{\"@type\":\"CommentAction\",\"name\":\"Comment\",\"target\":[\"https:\\\/\\\/kuzeyinsesi.org\\\/index.php\\\/2025\\\/01\\\/15\\\/cumhurbaskani-tatara-1974-oncesi-leymosun-kitabi-takdim-edildi\\\/#respond\"]}]},{\"@type\":\"WebPage\",\"@id\":\"https:\\\/\\\/kuzeyinsesi.org\\\/index.php\\\/2025\\\/01\\\/15\\\/cumhurbaskani-tatara-1974-oncesi-leymosun-kitabi-takdim-edildi\\\/\",\"url\":\"https:\\\/\\\/kuzeyinsesi.org\\\/index.php\\\/2025\\\/01\\\/15\\\/cumhurbaskani-tatara-1974-oncesi-leymosun-kitabi-takdim-edildi\\\/\",\"name\":\"Cumhurba\u015fkan\u0131 Tatar\u2019a \u201c1974 \u00f6ncesi Leymosun\u201d kitab\u0131 takdim edildi - Kuzeyin Sesi\",\"isPartOf\":{\"@id\":\"https:\\\/\\\/kuzeyinsesi.org\\\/#website\"},\"primaryImageOfPage\":{\"@id\":\"https:\\\/\\\/kuzeyinsesi.org\\\/index.php\\\/2025\\\/01\\\/15\\\/cumhurbaskani-tatara-1974-oncesi-leymosun-kitabi-takdim-edildi\\\/#primaryimage\"},\"image\":{\"@id\":\"https:\\\/\\\/kuzeyinsesi.org\\\/index.php\\\/2025\\\/01\\\/15\\\/cumhurbaskani-tatara-1974-oncesi-leymosun-kitabi-takdim-edildi\\\/#primaryimage\"},\"thumbnailUrl\":\"https:\\\/\\\/kuzeyinsesi.org\\\/wp-content\\\/uploads\\\/2025\\\/01\\\/qwis.jpg\",\"datePublished\":\"2025-01-15T15:05:11+00:00\",\"author\":{\"@id\":\"https:\\\/\\\/kuzeyinsesi.org\\\/#\\\/schema\\\/person\\\/9f859689cdf01485597712386e37f5aa\"},\"breadcrumb\":{\"@id\":\"https:\\\/\\\/kuzeyinsesi.org\\\/index.php\\\/2025\\\/01\\\/15\\\/cumhurbaskani-tatara-1974-oncesi-leymosun-kitabi-takdim-edildi\\\/#breadcrumb\"},\"inLanguage\":\"tr\",\"potentialAction\":[{\"@type\":\"ReadAction\",\"target\":[\"https:\\\/\\\/kuzeyinsesi.org\\\/index.php\\\/2025\\\/01\\\/15\\\/cumhurbaskani-tatara-1974-oncesi-leymosun-kitabi-takdim-edildi\\\/\"]}]},{\"@type\":\"ImageObject\",\"inLanguage\":\"tr\",\"@id\":\"https:\\\/\\\/kuzeyinsesi.org\\\/index.php\\\/2025\\\/01\\\/15\\\/cumhurbaskani-tatara-1974-oncesi-leymosun-kitabi-takdim-edildi\\\/#primaryimage\",\"url\":\"https:\\\/\\\/kuzeyinsesi.org\\\/wp-content\\\/uploads\\\/2025\\\/01\\\/qwis.jpg\",\"contentUrl\":\"https:\\\/\\\/kuzeyinsesi.org\\\/wp-content\\\/uploads\\\/2025\\\/01\\\/qwis.jpg\",\"width\":1600,\"height\":789},{\"@type\":\"BreadcrumbList\",\"@id\":\"https:\\\/\\\/kuzeyinsesi.org\\\/index.php\\\/2025\\\/01\\\/15\\\/cumhurbaskani-tatara-1974-oncesi-leymosun-kitabi-takdim-edildi\\\/#breadcrumb\",\"itemListElement\":[{\"@type\":\"ListItem\",\"position\":1,\"name\":\"Anasayfa\",\"item\":\"https:\\\/\\\/kuzeyinsesi.org\\\/\"},{\"@type\":\"ListItem\",\"position\":2,\"name\":\"Cumhurba\u015fkan\u0131 Tatar\u2019a \u201c1974 \u00f6ncesi Leymosun\u201d kitab\u0131 takdim edildi\"}]},{\"@type\":\"WebSite\",\"@id\":\"https:\\\/\\\/kuzeyinsesi.org\\\/#website\",\"url\":\"https:\\\/\\\/kuzeyinsesi.org\\\/\",\"name\":\"Kuzeyin Sesi\",\"description\":\"Do\u011fru Haberin Adresi\",\"potentialAction\":[{\"@type\":\"SearchAction\",\"target\":{\"@type\":\"EntryPoint\",\"urlTemplate\":\"https:\\\/\\\/kuzeyinsesi.org\\\/?s={search_term_string}\"},\"query-input\":{\"@type\":\"PropertyValueSpecification\",\"valueRequired\":true,\"valueName\":\"search_term_string\"}}],\"inLanguage\":\"tr\"},{\"@type\":\"Person\",\"@id\":\"https:\\\/\\\/kuzeyinsesi.org\\\/#\\\/schema\\\/person\\\/9f859689cdf01485597712386e37f5aa\",\"name\":\"Kuzeyin Sesi\",\"image\":{\"@type\":\"ImageObject\",\"inLanguage\":\"tr\",\"@id\":\"https:\\\/\\\/secure.gravatar.com\\\/avatar\\\/bab33852abfd8b282518d6ed81826833d77c3c882d9ab608add591ccace47a44?s=96&d=mm&r=g\",\"url\":\"https:\\\/\\\/secure.gravatar.com\\\/avatar\\\/bab33852abfd8b282518d6ed81826833d77c3c882d9ab608add591ccace47a44?s=96&d=mm&r=g\",\"contentUrl\":\"https:\\\/\\\/secure.gravatar.com\\\/avatar\\\/bab33852abfd8b282518d6ed81826833d77c3c882d9ab608add591ccace47a44?s=96&d=mm&r=g\",\"caption\":\"Kuzeyin Sesi\"},\"sameAs\":[\"https:\\\/\\\/kuzeyinsesi.org\"],\"url\":\"https:\\\/\\\/kuzeyinsesi.org\\\/index.php\\\/author\\\/guven\\\/\"}]}<\/script>\n<!-- \/ Yoast SEO plugin. -->","yoast_head_json":{"title":"Cumhurba\u015fkan\u0131 Tatar\u2019a \u201c1974 \u00f6ncesi Leymosun\u201d kitab\u0131 takdim edildi - Kuzeyin Sesi","robots":{"index":"index","follow":"follow","max-snippet":"max-snippet:-1","max-image-preview":"max-image-preview:large","max-video-preview":"max-video-preview:-1"},"canonical":"https:\/\/kuzeyinsesi.org\/index.php\/2025\/01\/15\/cumhurbaskani-tatara-1974-oncesi-leymosun-kitabi-takdim-edildi\/","og_locale":"tr_TR","og_type":"article","og_title":"Cumhurba\u015fkan\u0131 Tatar\u2019a \u201c1974 \u00f6ncesi Leymosun\u201d kitab\u0131 takdim edildi - Kuzeyin Sesi","og_description":"Cumhurba\u015fkan\u0131 Ersin Tatar, \u201c1974 \u00f6ncesi Leymosun\u201d isimli kitab\u0131n yazar\u0131 \u00d6zay Akif Elder\u2019i kabul etti. Cumhurba\u015fkanl\u0131\u011f\u0131\u2019ndan yap\u0131lan a\u00e7\u0131klamaya g\u00f6re, kabulde \u00d6zay Akif Elder, 1974 \u00f6ncesinde Leymosun\u2019daki, tarihi, k\u00fclt\u00fcrel miras\u0131, ekonomik, sosyal, k\u00fclt\u00fcrel ya\u015fam\u0131, k\u00fclt\u00fcrel de\u011ferleri, gelenek g\u00f6renekleri konu alan \u201c1974 \u00f6ncesi Leymosun\u201d adl\u0131 kitab\u0131n\u0131 Cumhurba\u015fkan\u0131 Ersin Tatar\u2019a takdim etti. Cumhurba\u015fkan\u0131 Ersin Tatar, kitab\u0131n k\u0131ymetli bir \u00e7al\u0131\u015fma [&hellip;]","og_url":"https:\/\/kuzeyinsesi.org\/index.php\/2025\/01\/15\/cumhurbaskani-tatara-1974-oncesi-leymosun-kitabi-takdim-edildi\/","og_site_name":"Kuzeyin Sesi","article_publisher":"https:\/\/www.facebook.com\/kuzeyinsesii","article_published_time":"2025-01-15T15:05:11+00:00","og_image":[{"url":"https:\/\/brtk.net\/wp-content\/uploads\/2025\/01\/15\/qwis.jpg?ver=cf831db6073498f0497becea3cfd0d04","type":"","width":"","height":""}],"author":"Kuzeyin Sesi","twitter_card":"summary_large_image","twitter_creator":"@kuzeyinsesii","twitter_site":"@kuzeyinsesii","twitter_misc":{"Yazan:":"Kuzeyin Sesi","Tahmini okuma s\u00fcresi":"1 dakika"},"schema":{"@context":"https:\/\/schema.org","@graph":[{"@type":"Article","@id":"https:\/\/kuzeyinsesi.org\/index.php\/2025\/01\/15\/cumhurbaskani-tatara-1974-oncesi-leymosun-kitabi-takdim-edildi\/#article","isPartOf":{"@id":"https:\/\/kuzeyinsesi.org\/index.php\/2025\/01\/15\/cumhurbaskani-tatara-1974-oncesi-leymosun-kitabi-takdim-edildi\/"},"author":{"name":"Kuzeyin Sesi","@id":"https:\/\/kuzeyinsesi.org\/#\/schema\/person\/9f859689cdf01485597712386e37f5aa"},"headline":"Cumhurba\u015fkan\u0131 Tatar\u2019a \u201c1974 \u00f6ncesi Leymosun\u201d kitab\u0131 takdim edildi","datePublished":"2025-01-15T15:05:11+00:00","mainEntityOfPage":{"@id":"https:\/\/kuzeyinsesi.org\/index.php\/2025\/01\/15\/cumhurbaskani-tatara-1974-oncesi-leymosun-kitabi-takdim-edildi\/"},"wordCount":167,"commentCount":0,"image":{"@id":"https:\/\/kuzeyinsesi.org\/index.php\/2025\/01\/15\/cumhurbaskani-tatara-1974-oncesi-leymosun-kitabi-takdim-edildi\/#primaryimage"},"thumbnailUrl":"https:\/\/kuzeyinsesi.org\/wp-content\/uploads\/2025\/01\/qwis.jpg","articleSection":["Ya\u015fam"],"inLanguage":"tr","potentialAction":[{"@type":"CommentAction","name":"Comment","target":["https:\/\/kuzeyinsesi.org\/index.php\/2025\/01\/15\/cumhurbaskani-tatara-1974-oncesi-leymosun-kitabi-takdim-edildi\/#respond"]}]},{"@type":"WebPage","@id":"https:\/\/kuzeyinsesi.org\/index.php\/2025\/01\/15\/cumhurbaskani-tatara-1974-oncesi-leymosun-kitabi-takdim-edildi\/","url":"https:\/\/kuzeyinsesi.org\/index.php\/2025\/01\/15\/cumhurbaskani-tatara-1974-oncesi-leymosun-kitabi-takdim-edildi\/","name":"Cumhurba\u015fkan\u0131 Tatar\u2019a \u201c1974 \u00f6ncesi Leymosun\u201d kitab\u0131 takdim edildi - Kuzeyin Sesi","isPartOf":{"@id":"https:\/\/kuzeyinsesi.org\/#website"},"primaryImageOfPage":{"@id":"https:\/\/kuzeyinsesi.org\/index.php\/2025\/01\/15\/cumhurbaskani-tatara-1974-oncesi-leymosun-kitabi-takdim-edildi\/#primaryimage"},"image":{"@id":"https:\/\/kuzeyinsesi.org\/index.php\/2025\/01\/15\/cumhurbaskani-tatara-1974-oncesi-leymosun-kitabi-takdim-edildi\/#primaryimage"},"thumbnailUrl":"https:\/\/kuzeyinsesi.org\/wp-content\/uploads\/2025\/01\/qwis.jpg","datePublished":"2025-01-15T15:05:11+00:00","author":{"@id":"https:\/\/kuzeyinsesi.org\/#\/schema\/person\/9f859689cdf01485597712386e37f5aa"},"breadcrumb":{"@id":"https:\/\/kuzeyinsesi.org\/index.php\/2025\/01\/15\/cumhurbaskani-tatara-1974-oncesi-leymosun-kitabi-takdim-edildi\/#breadcrumb"},"inLanguage":"tr","potentialAction":[{"@type":"ReadAction","target":["https:\/\/kuzeyinsesi.org\/index.php\/2025\/01\/15\/cumhurbaskani-tatara-1974-oncesi-leymosun-kitabi-takdim-edildi\/"]}]},{"@type":"ImageObject","inLanguage":"tr","@id":"https:\/\/kuzeyinsesi.org\/index.php\/2025\/01\/15\/cumhurbaskani-tatara-1974-oncesi-leymosun-kitabi-takdim-edildi\/#primaryimage","url":"https:\/\/kuzeyinsesi.org\/wp-content\/uploads\/2025\/01\/qwis.jpg","contentUrl":"https:\/\/kuzeyinsesi.org\/wp-content\/uploads\/2025\/01\/qwis.jpg","width":1600,"height":789},{"@type":"BreadcrumbList","@id":"https:\/\/kuzeyinsesi.org\/index.php\/2025\/01\/15\/cumhurbaskani-tatara-1974-oncesi-leymosun-kitabi-takdim-edildi\/#breadcrumb","itemListElement":[{"@type":"ListItem","position":1,"name":"Anasayfa","item":"https:\/\/kuzeyinsesi.org\/"},{"@type":"ListItem","position":2,"name":"Cumhurba\u015fkan\u0131 Tatar\u2019a \u201c1974 \u00f6ncesi Leymosun\u201d kitab\u0131 takdim edildi"}]},{"@type":"WebSite","@id":"https:\/\/kuzeyinsesi.org\/#website","url":"https:\/\/kuzeyinsesi.org\/","name":"Kuzeyin Sesi","description":"Do\u011fru Haberin Adresi","potentialAction":[{"@type":"SearchAction","target":{"@type":"EntryPoint","urlTemplate":"https:\/\/kuzeyinsesi.org\/?s={search_term_string}"},"query-input":{"@type":"PropertyValueSpecification","valueRequired":true,"valueName":"search_term_string"}}],"inLanguage":"tr"},{"@type":"Person","@id":"https:\/\/kuzeyinsesi.org\/#\/schema\/person\/9f859689cdf01485597712386e37f5aa","name":"Kuzeyin Sesi","image":{"@type":"ImageObject","inLanguage":"tr","@id":"https:\/\/secure.gravatar.com\/avatar\/bab33852abfd8b282518d6ed81826833d77c3c882d9ab608add591ccace47a44?s=96&d=mm&r=g","url":"https:\/\/secure.gravatar.com\/avatar\/bab33852abfd8b282518d6ed81826833d77c3c882d9ab608add591ccace47a44?s=96&d=mm&r=g","contentUrl":"https:\/\/secure.gravatar.com\/avatar\/bab33852abfd8b282518d6ed81826833d77c3c882d9ab608add591ccace47a44?s=96&d=mm&r=g","caption":"Kuzeyin Sesi"},"sameAs":["https:\/\/kuzeyinsesi.org"],"url":"https:\/\/kuzeyinsesi.org\/index.php\/author\/guven\/"}]}},"_links":{"self":[{"href":"https:\/\/kuzeyinsesi.org\/index.php\/wp-json\/wp\/v2\/posts\/17392","targetHints":{"allow":["GET"]}}],"collection":[{"href":"https:\/\/kuzeyinsesi.org\/index.php\/wp-json\/wp\/v2\/posts"}],"about":[{"href":"https:\/\/kuzeyinsesi.org\/index.php\/wp-json\/wp\/v2\/types\/post"}],"author":[{"embeddable":true,"href":"https:\/\/kuzeyinsesi.org\/index.php\/wp-json\/wp\/v2\/users\/1"}],"replies":[{"embeddable":true,"href":"https:\/\/kuzeyinsesi.org\/index.php\/wp-json\/wp\/v2\/comments?post=17392"}],"version-history":[{"count":0,"href":"https:\/\/kuzeyinsesi.org\/index.php\/wp-json\/wp\/v2\/posts\/17392\/revisions"}],"wp:featuredmedia":[{"embeddable":true,"href":"https:\/\/kuzeyinsesi.org\/index.php\/wp-json\/wp\/v2\/media\/17393"}],"wp:attachment":[{"href":"https:\/\/kuzeyinsesi.org\/index.php\/wp-json\/wp\/v2\/media?parent=17392"}],"wp:term":[{"taxonomy":"category","embeddable":true,"href":"https:\/\/kuzeyinsesi.org\/index.php\/wp-json\/wp\/v2\/categories?post=17392"},{"taxonomy":"post_tag","embeddable":true,"href":"https:\/\/kuzeyinsesi.org\/index.php\/wp-json\/wp\/v2\/tags?post=17392"}],"curies":[{"name":"wp","href":"https:\/\/api.w.org\/{rel}","templated":true}]}}