{"id":17374,"date":"2025-01-15T12:03:17","date_gmt":"2025-01-15T10:03:17","guid":{"rendered":"https:\/\/kuzeyinsesi.org\/index.php\/2025\/01\/15\/turkiyenin-milli-uydusu-fergani-fgn-100-d1-yorungesine-yerlesti\/"},"modified":"2025-01-15T12:03:17","modified_gmt":"2025-01-15T10:03:17","slug":"turkiyenin-milli-uydusu-fergani-fgn-100-d1-yorungesine-yerlesti","status":"publish","type":"post","link":"https:\/\/kuzeyinsesi.org\/index.php\/2025\/01\/15\/turkiyenin-milli-uydusu-fergani-fgn-100-d1-yorungesine-yerlesti\/","title":{"rendered":"T\u00fcrkiye\u2019nin milli uydusu Fergani FGN-100-d1 y\u00f6r\u00fcngesine yerle\u015fti"},"content":{"rendered":"<div>\n<div class=\"mariselle-image-container center\">\n                                            <\/div>\n<p> Fergani Uzay taraf\u0131ndan milli olarak geli\u015ftirilen ve \u00f6zel bir firma taraf\u0131ndan \u00fcretilen T\u00fcrkiye\u2019nin en b\u00fcy\u00fck uydusu FGN-100-d1, uzaya f\u0131rlat\u0131lmas\u0131n\u0131n ard\u0131ndan y\u00f6r\u00fcngesine ba\u015far\u0131yla yerle\u015fti.<\/p>\n<p>Baykar\u2019dan yap\u0131lan a\u00e7\u0131klamaya g\u00f6re, Baykar Y\u00f6netim Kurulu Ba\u015fkan\u0131 ve Teknoloji Lideri Sel\u00e7uk Bayraktar taraf\u0131ndan kurulan Fergani Uzay\u2019\u0131n milli olarak geli\u015ftirdi\u011fi FGN-100-d1 uydusu, d\u00fcn ak\u015fam T\u00fcrkiye saati ile 22.09\u2019da ABD\u2019nin Vandenberg Uzay Kuvvetleri \u00dcss\u00fc\u2019nden uzaya f\u0131rlat\u0131ld\u0131.<\/p>\n<p>B\u00f6ylece Fergani Uzay taraf\u0131ndan y\u00fcr\u00fct\u00fclen Konumland\u0131rma Tak\u0131m Uydu Projesi\u2019nin ilk ad\u0131m\u0131 ba\u015far\u0131yla at\u0131ld\u0131.<\/p>\n<p>T\u00fcrkiye\u2019nin \u00f6zel bir firma taraf\u0131ndan \u00fcretilen en b\u00fcy\u00fck uydusu olan 102 kilogram a\u011f\u0131rl\u0131\u011f\u0131ndaki FGN-100-d1, Rideshare Program\u0131 kapsam\u0131nda Transporter-12 g\u00f6reviyle uzaya ta\u015f\u0131nd\u0131.<\/p>\n<p>Milli uydu sistemi f\u0131rlatmadan yakla\u015f\u0131k 62 dakika sonra T\u00fcrkiye saati ile 23.11\u2019de f\u0131rlatma arac\u0131ndan ayr\u0131larak y\u00f6r\u00fcngesine ba\u015far\u0131yla yerle\u015fti. FGN-100-d1 uydusu, y\u00f6r\u00fcngeye oturmas\u0131n\u0131n ard\u0131ndan telemetri verileri ileterek ba\u015far\u0131l\u0131 \u015fekilde g\u00f6reve ba\u015flad\u0131.<\/p>\n<p>FGN-100-d1 uydusunun f\u0131rlatma ve y\u00f6r\u00fcngeye yerle\u015fme yolculu\u011fu Fergani Uzay \u00dcst Y\u00f6neticisi (CEO) Sel\u00e7uk Bayraktar ve ekibi taraf\u0131ndan, \u00d6zdemir Bayraktar Mili Teknoloji Merkezi\u2019nde bulunan Uzay G\u00f6zlem ve Kontrol Merkezi\u2019nden takip edildi.<\/p>\n<p>A\u00e7\u0131klamada g\u00f6r\u00fc\u015flerine yer verilen Bayraktar, 2022\u2019de faaliyete ge\u00e7irdikleri Fergani Uzay giri\u015fiminin bug\u00fcn 106 ki\u015filik kocaman bir aile olarak yoluna devam etti\u011fini belirterek, \u201cBug\u00fcn ilk uydumuzu y\u00f6r\u00fcngeye oturtmu\u015f olduk. Bu uydular\u0131m\u0131z al\u00e7ak y\u00f6r\u00fcnge konstelasyonu olarak adland\u0131r\u0131lan tak\u0131m uydular\u0131 g\u00f6revini \u00fcstlenerek, hem konumland\u0131rma hem de haberle\u015fme alan\u0131nda hizmet verecekler. Bu projeyi t\u00fcm\u00fcyle \u00f6z kaynaklar\u0131m\u0131zla y\u00fcr\u00fctt\u00fck. \u201d ifadelerini kulland\u0131.<\/p>\n<p><strong>\u2013 \u201cUlu\u011f Bey k\u00fcresel konumlama sistemimizi \u00f6z kaynaklar\u0131m\u0131zla geli\u015ftirmi\u015f olaca\u011f\u0131z\u201d<\/strong><\/p>\n<p>Uydular\u0131n\u0131n \u015fu an 500 kilometredeki y\u00f6r\u00fcngesine vard\u0131\u011f\u0131n\u0131 ve ilk manevralar\u0131n\u0131 ger\u00e7ekle\u015ftirdi\u011fini aktaran Bayraktar, \u015funlar\u0131 kaydetti:<\/p>\n<p>\u201c\u0130n\u015fallah 5 y\u0131l i\u00e7inde 100 uyduya vararak Ulu\u011f Bey ad\u0131n\u0131 verdi\u011fimiz k\u00fcresel konumlama sistemimizi t\u00fcm dost ve karde\u015f co\u011frafyalarla payla\u015fmak \u00fczere \u00f6z kaynaklar\u0131m\u0131zla geli\u015ftirmi\u015f olaca\u011f\u0131z. Tak\u0131m uydular\u0131m\u0131z\u0131n konstelasyonunu tamamlarken, di\u011fer yandan 50 tonluk a\u011f\u0131rl\u0131\u011fa sahip ve 1,5 tonu y\u00f6r\u00fcngeye \u00e7\u0131kartabilecek f\u0131rlatma arac\u0131m\u0131z\u0131n geli\u015ftirme \u00e7al\u0131\u015fmalar\u0131na da devam edece\u011fiz. Vatan\u0131m\u0131za, milletimize hay\u0131rl\u0131 ve u\u011furlu olsun. Gecesini g\u00fcnd\u00fcz\u00fcne katarak \u00fclkemizin uzay ser\u00fcvenine katk\u0131da bulunan t\u00fcm yol arkada\u015flar\u0131ma tebriklerimi ve \u015f\u00fckranlar\u0131m\u0131 iletiyorum.\u201d<\/p>\n<p><strong>\u2013 G\u00fcnde 15 kez d\u00fcnya turu atacak<\/strong><\/p>\n<p>Fergani m\u00fchendislerinin uzmanl\u0131\u011f\u0131yla tamamen milli imkanlarla geli\u015ftirilen FGN-100-d1 uydusu, Al\u00e7ak D\u00fcnya Y\u00f6r\u00fcngesi\u2019nde (LEO) yakla\u015f\u0131k 510 kilometre irtifada ve G\u00fcne\u015f E\u015fzamanl\u0131 Y\u00f6r\u00fcngede (SSO) g\u00f6rev yapacak. Milli uydu y\u00f6r\u00fcngede 7,6 km\/saniye h\u0131zla hareket ederek bir g\u00fcnde yakla\u015f\u0131k 15 kez d\u00fcnya turu atacak.<\/p>\n<p>\u00dc\u00e7 yedekli u\u00e7u\u015f bilgisayar\u0131na sahip olan FGN-100-d1 uydusunun, y\u00f6r\u00fcngede operasyon, telemetri-telekomut haberle\u015fmesi, konumland\u0131rma ve faydal\u0131 y\u00fck ileti\u015fim kabiliyetlerini ba\u015far\u0131yla test etmesi ama\u00e7lan\u0131yor.<\/p>\n<p>Fergani Uzay m\u00fchendislik ekibi, geli\u015ftirme s\u00fcrecinde g\u00f6rev kritik aviyonik ekipmanlar\u0131n\u0131n, yerli yaz\u0131l\u0131m entegrasyonunun, ye\u015fil itki teknolojisine sahip motorun, yap\u0131sal tasar\u0131m \u00e7al\u0131\u015fmalar\u0131n\u0131n testlerini ba\u015far\u0131yla ger\u00e7ekle\u015ftirdi.<\/p>\n<p>Proje kapsam\u0131nda T\u00fcrkiye\u2019nin uzay ekosistemi ve uzay teknolojilerinde g\u00fc\u00e7l\u00fc bir \u015fekilde ileri ta\u015f\u0131nmas\u0131 hedefleniyor.<\/p>\n<\/p><\/div>\n<p><script async\n                    defer\n                    crossorigin=\"anonymous\"\n                    src=\"https:\/\/connect.facebook.net\/tr_TR\/sdk.js#xfbml=1&#038;version=v3.3\"\n            ><\/script><\/p>\n","protected":false},"excerpt":{"rendered":"<p>Fergani Uzay taraf\u0131ndan milli olarak geli\u015ftirilen ve \u00f6zel bir firma taraf\u0131ndan \u00fcretilen T\u00fcrkiye\u2019nin en b\u00fcy\u00fck uydusu FGN-100-d1, uzaya f\u0131rlat\u0131lmas\u0131n\u0131n ard\u0131ndan y\u00f6r\u00fcngesine ba\u015far\u0131yla yerle\u015fti. Baykar\u2019dan yap\u0131lan a\u00e7\u0131klamaya g\u00f6re, Baykar Y\u00f6netim Kurulu Ba\u015fkan\u0131 ve Teknoloji Lideri Sel\u00e7uk Bayraktar taraf\u0131ndan kurulan Fergani Uzay\u2019\u0131n milli olarak geli\u015ftirdi\u011fi FGN-100-d1 uydusu, d\u00fcn ak\u015fam T\u00fcrkiye saati ile 22.09\u2019da ABD\u2019nin Vandenberg Uzay Kuvvetleri [&hellip;]<\/p>\n","protected":false},"author":1,"featured_media":17375,"comment_status":"open","ping_status":"open","sticky":false,"template":"","format":"standard","meta":{"jnews-multi-image_gallery":[],"jnews_single_post":[],"jnews_primary_category":[],"jnews_social_meta":[],"jnews_override_counter":[],"footnotes":""},"categories":[5],"tags":[],"class_list":["post-17374","post","type-post","status-publish","format-standard","has-post-thumbnail","hentry","category-turkiye"],"yoast_head":"<!-- This site is optimized with the Yoast SEO plugin v27.4 - https:\/\/yoast.com\/product\/yoast-seo-wordpress\/ -->\n<title>T\u00fcrkiye\u2019nin milli uydusu Fergani FGN-100-d1 y\u00f6r\u00fcngesine yerle\u015fti - Kuzeyin Sesi<\/title>\n<meta name=\"robots\" content=\"index, follow, max-snippet:-1, max-image-preview:large, max-video-preview:-1\" \/>\n<link rel=\"canonical\" href=\"https:\/\/kuzeyinsesi.org\/index.php\/2025\/01\/15\/turkiyenin-milli-uydusu-fergani-fgn-100-d1-yorungesine-yerlesti\/\" \/>\n<meta property=\"og:locale\" content=\"tr_TR\" \/>\n<meta property=\"og:type\" content=\"article\" \/>\n<meta property=\"og:title\" content=\"T\u00fcrkiye\u2019nin milli uydusu Fergani FGN-100-d1 y\u00f6r\u00fcngesine yerle\u015fti - Kuzeyin Sesi\" \/>\n<meta property=\"og:description\" content=\"Fergani Uzay taraf\u0131ndan milli olarak geli\u015ftirilen ve \u00f6zel bir firma taraf\u0131ndan \u00fcretilen T\u00fcrkiye\u2019nin en b\u00fcy\u00fck uydusu FGN-100-d1, uzaya f\u0131rlat\u0131lmas\u0131n\u0131n ard\u0131ndan y\u00f6r\u00fcngesine ba\u015far\u0131yla yerle\u015fti. Baykar\u2019dan yap\u0131lan a\u00e7\u0131klamaya g\u00f6re, Baykar Y\u00f6netim Kurulu Ba\u015fkan\u0131 ve Teknoloji Lideri Sel\u00e7uk Bayraktar taraf\u0131ndan kurulan Fergani Uzay\u2019\u0131n milli olarak geli\u015ftirdi\u011fi FGN-100-d1 uydusu, d\u00fcn ak\u015fam T\u00fcrkiye saati ile 22.09\u2019da ABD\u2019nin Vandenberg Uzay Kuvvetleri [&hellip;]\" \/>\n<meta property=\"og:url\" content=\"https:\/\/kuzeyinsesi.org\/index.php\/2025\/01\/15\/turkiyenin-milli-uydusu-fergani-fgn-100-d1-yorungesine-yerlesti\/\" \/>\n<meta property=\"og:site_name\" content=\"Kuzeyin Sesi\" \/>\n<meta property=\"article:publisher\" content=\"https:\/\/www.facebook.com\/kuzeyinsesii\" \/>\n<meta property=\"article:published_time\" content=\"2025-01-15T10:03:17+00:00\" \/>\n<meta property=\"og:image\" content=\"https:\/\/brtk.net\/wp-content\/uploads\/2025\/01\/15\/33333333333333333333333333333333333333333.jpg?ver=771a486ce01c54c81934969f599a7531\" \/>\n<meta name=\"author\" content=\"Kuzeyin Sesi\" \/>\n<meta name=\"twitter:card\" content=\"summary_large_image\" \/>\n<meta name=\"twitter:creator\" content=\"@kuzeyinsesii\" \/>\n<meta name=\"twitter:site\" content=\"@kuzeyinsesii\" \/>\n<meta name=\"twitter:label1\" content=\"Yazan:\" \/>\n\t<meta name=\"twitter:data1\" content=\"Kuzeyin Sesi\" \/>\n\t<meta name=\"twitter:label2\" content=\"Tahmini okuma s\u00fcresi\" \/>\n\t<meta name=\"twitter:data2\" content=\"3 dakika\" \/>\n<script type=\"application\/ld+json\" class=\"yoast-schema-graph\">{\"@context\":\"https:\\\/\\\/schema.org\",\"@graph\":[{\"@type\":\"Article\",\"@id\":\"https:\\\/\\\/kuzeyinsesi.org\\\/index.php\\\/2025\\\/01\\\/15\\\/turkiyenin-milli-uydusu-fergani-fgn-100-d1-yorungesine-yerlesti\\\/#article\",\"isPartOf\":{\"@id\":\"https:\\\/\\\/kuzeyinsesi.org\\\/index.php\\\/2025\\\/01\\\/15\\\/turkiyenin-milli-uydusu-fergani-fgn-100-d1-yorungesine-yerlesti\\\/\"},\"author\":{\"name\":\"Kuzeyin Sesi\",\"@id\":\"https:\\\/\\\/kuzeyinsesi.org\\\/#\\\/schema\\\/person\\\/9f859689cdf01485597712386e37f5aa\"},\"headline\":\"T\u00fcrkiye\u2019nin milli uydusu Fergani FGN-100-d1 y\u00f6r\u00fcngesine yerle\u015fti\",\"datePublished\":\"2025-01-15T10:03:17+00:00\",\"mainEntityOfPage\":{\"@id\":\"https:\\\/\\\/kuzeyinsesi.org\\\/index.php\\\/2025\\\/01\\\/15\\\/turkiyenin-milli-uydusu-fergani-fgn-100-d1-yorungesine-yerlesti\\\/\"},\"wordCount\":645,\"commentCount\":0,\"image\":{\"@id\":\"https:\\\/\\\/kuzeyinsesi.org\\\/index.php\\\/2025\\\/01\\\/15\\\/turkiyenin-milli-uydusu-fergani-fgn-100-d1-yorungesine-yerlesti\\\/#primaryimage\"},\"thumbnailUrl\":\"https:\\\/\\\/kuzeyinsesi.org\\\/wp-content\\\/uploads\\\/2025\\\/01\\\/33333333333333333333333333333333333333333.jpg\",\"articleSection\":[\"T\u00fcrkiye\"],\"inLanguage\":\"tr\",\"potentialAction\":[{\"@type\":\"CommentAction\",\"name\":\"Comment\",\"target\":[\"https:\\\/\\\/kuzeyinsesi.org\\\/index.php\\\/2025\\\/01\\\/15\\\/turkiyenin-milli-uydusu-fergani-fgn-100-d1-yorungesine-yerlesti\\\/#respond\"]}]},{\"@type\":\"WebPage\",\"@id\":\"https:\\\/\\\/kuzeyinsesi.org\\\/index.php\\\/2025\\\/01\\\/15\\\/turkiyenin-milli-uydusu-fergani-fgn-100-d1-yorungesine-yerlesti\\\/\",\"url\":\"https:\\\/\\\/kuzeyinsesi.org\\\/index.php\\\/2025\\\/01\\\/15\\\/turkiyenin-milli-uydusu-fergani-fgn-100-d1-yorungesine-yerlesti\\\/\",\"name\":\"T\u00fcrkiye\u2019nin milli uydusu Fergani FGN-100-d1 y\u00f6r\u00fcngesine yerle\u015fti - Kuzeyin Sesi\",\"isPartOf\":{\"@id\":\"https:\\\/\\\/kuzeyinsesi.org\\\/#website\"},\"primaryImageOfPage\":{\"@id\":\"https:\\\/\\\/kuzeyinsesi.org\\\/index.php\\\/2025\\\/01\\\/15\\\/turkiyenin-milli-uydusu-fergani-fgn-100-d1-yorungesine-yerlesti\\\/#primaryimage\"},\"image\":{\"@id\":\"https:\\\/\\\/kuzeyinsesi.org\\\/index.php\\\/2025\\\/01\\\/15\\\/turkiyenin-milli-uydusu-fergani-fgn-100-d1-yorungesine-yerlesti\\\/#primaryimage\"},\"thumbnailUrl\":\"https:\\\/\\\/kuzeyinsesi.org\\\/wp-content\\\/uploads\\\/2025\\\/01\\\/33333333333333333333333333333333333333333.jpg\",\"datePublished\":\"2025-01-15T10:03:17+00:00\",\"author\":{\"@id\":\"https:\\\/\\\/kuzeyinsesi.org\\\/#\\\/schema\\\/person\\\/9f859689cdf01485597712386e37f5aa\"},\"breadcrumb\":{\"@id\":\"https:\\\/\\\/kuzeyinsesi.org\\\/index.php\\\/2025\\\/01\\\/15\\\/turkiyenin-milli-uydusu-fergani-fgn-100-d1-yorungesine-yerlesti\\\/#breadcrumb\"},\"inLanguage\":\"tr\",\"potentialAction\":[{\"@type\":\"ReadAction\",\"target\":[\"https:\\\/\\\/kuzeyinsesi.org\\\/index.php\\\/2025\\\/01\\\/15\\\/turkiyenin-milli-uydusu-fergani-fgn-100-d1-yorungesine-yerlesti\\\/\"]}]},{\"@type\":\"ImageObject\",\"inLanguage\":\"tr\",\"@id\":\"https:\\\/\\\/kuzeyinsesi.org\\\/index.php\\\/2025\\\/01\\\/15\\\/turkiyenin-milli-uydusu-fergani-fgn-100-d1-yorungesine-yerlesti\\\/#primaryimage\",\"url\":\"https:\\\/\\\/kuzeyinsesi.org\\\/wp-content\\\/uploads\\\/2025\\\/01\\\/33333333333333333333333333333333333333333.jpg\",\"contentUrl\":\"https:\\\/\\\/kuzeyinsesi.org\\\/wp-content\\\/uploads\\\/2025\\\/01\\\/33333333333333333333333333333333333333333.jpg\",\"width\":864,\"height\":486},{\"@type\":\"BreadcrumbList\",\"@id\":\"https:\\\/\\\/kuzeyinsesi.org\\\/index.php\\\/2025\\\/01\\\/15\\\/turkiyenin-milli-uydusu-fergani-fgn-100-d1-yorungesine-yerlesti\\\/#breadcrumb\",\"itemListElement\":[{\"@type\":\"ListItem\",\"position\":1,\"name\":\"Anasayfa\",\"item\":\"https:\\\/\\\/kuzeyinsesi.org\\\/\"},{\"@type\":\"ListItem\",\"position\":2,\"name\":\"T\u00fcrkiye\u2019nin milli uydusu Fergani FGN-100-d1 y\u00f6r\u00fcngesine yerle\u015fti\"}]},{\"@type\":\"WebSite\",\"@id\":\"https:\\\/\\\/kuzeyinsesi.org\\\/#website\",\"url\":\"https:\\\/\\\/kuzeyinsesi.org\\\/\",\"name\":\"Kuzeyin Sesi\",\"description\":\"Do\u011fru Haberin Adresi\",\"potentialAction\":[{\"@type\":\"SearchAction\",\"target\":{\"@type\":\"EntryPoint\",\"urlTemplate\":\"https:\\\/\\\/kuzeyinsesi.org\\\/?s={search_term_string}\"},\"query-input\":{\"@type\":\"PropertyValueSpecification\",\"valueRequired\":true,\"valueName\":\"search_term_string\"}}],\"inLanguage\":\"tr\"},{\"@type\":\"Person\",\"@id\":\"https:\\\/\\\/kuzeyinsesi.org\\\/#\\\/schema\\\/person\\\/9f859689cdf01485597712386e37f5aa\",\"name\":\"Kuzeyin Sesi\",\"image\":{\"@type\":\"ImageObject\",\"inLanguage\":\"tr\",\"@id\":\"https:\\\/\\\/secure.gravatar.com\\\/avatar\\\/bab33852abfd8b282518d6ed81826833d77c3c882d9ab608add591ccace47a44?s=96&d=mm&r=g\",\"url\":\"https:\\\/\\\/secure.gravatar.com\\\/avatar\\\/bab33852abfd8b282518d6ed81826833d77c3c882d9ab608add591ccace47a44?s=96&d=mm&r=g\",\"contentUrl\":\"https:\\\/\\\/secure.gravatar.com\\\/avatar\\\/bab33852abfd8b282518d6ed81826833d77c3c882d9ab608add591ccace47a44?s=96&d=mm&r=g\",\"caption\":\"Kuzeyin Sesi\"},\"sameAs\":[\"https:\\\/\\\/kuzeyinsesi.org\"],\"url\":\"https:\\\/\\\/kuzeyinsesi.org\\\/index.php\\\/author\\\/guven\\\/\"}]}<\/script>\n<!-- \/ Yoast SEO plugin. -->","yoast_head_json":{"title":"T\u00fcrkiye\u2019nin milli uydusu Fergani FGN-100-d1 y\u00f6r\u00fcngesine yerle\u015fti - Kuzeyin Sesi","robots":{"index":"index","follow":"follow","max-snippet":"max-snippet:-1","max-image-preview":"max-image-preview:large","max-video-preview":"max-video-preview:-1"},"canonical":"https:\/\/kuzeyinsesi.org\/index.php\/2025\/01\/15\/turkiyenin-milli-uydusu-fergani-fgn-100-d1-yorungesine-yerlesti\/","og_locale":"tr_TR","og_type":"article","og_title":"T\u00fcrkiye\u2019nin milli uydusu Fergani FGN-100-d1 y\u00f6r\u00fcngesine yerle\u015fti - Kuzeyin Sesi","og_description":"Fergani Uzay taraf\u0131ndan milli olarak geli\u015ftirilen ve \u00f6zel bir firma taraf\u0131ndan \u00fcretilen T\u00fcrkiye\u2019nin en b\u00fcy\u00fck uydusu FGN-100-d1, uzaya f\u0131rlat\u0131lmas\u0131n\u0131n ard\u0131ndan y\u00f6r\u00fcngesine ba\u015far\u0131yla yerle\u015fti. Baykar\u2019dan yap\u0131lan a\u00e7\u0131klamaya g\u00f6re, Baykar Y\u00f6netim Kurulu Ba\u015fkan\u0131 ve Teknoloji Lideri Sel\u00e7uk Bayraktar taraf\u0131ndan kurulan Fergani Uzay\u2019\u0131n milli olarak geli\u015ftirdi\u011fi FGN-100-d1 uydusu, d\u00fcn ak\u015fam T\u00fcrkiye saati ile 22.09\u2019da ABD\u2019nin Vandenberg Uzay Kuvvetleri [&hellip;]","og_url":"https:\/\/kuzeyinsesi.org\/index.php\/2025\/01\/15\/turkiyenin-milli-uydusu-fergani-fgn-100-d1-yorungesine-yerlesti\/","og_site_name":"Kuzeyin Sesi","article_publisher":"https:\/\/www.facebook.com\/kuzeyinsesii","article_published_time":"2025-01-15T10:03:17+00:00","og_image":[{"url":"https:\/\/brtk.net\/wp-content\/uploads\/2025\/01\/15\/33333333333333333333333333333333333333333.jpg?ver=771a486ce01c54c81934969f599a7531","type":"","width":"","height":""}],"author":"Kuzeyin Sesi","twitter_card":"summary_large_image","twitter_creator":"@kuzeyinsesii","twitter_site":"@kuzeyinsesii","twitter_misc":{"Yazan:":"Kuzeyin Sesi","Tahmini okuma s\u00fcresi":"3 dakika"},"schema":{"@context":"https:\/\/schema.org","@graph":[{"@type":"Article","@id":"https:\/\/kuzeyinsesi.org\/index.php\/2025\/01\/15\/turkiyenin-milli-uydusu-fergani-fgn-100-d1-yorungesine-yerlesti\/#article","isPartOf":{"@id":"https:\/\/kuzeyinsesi.org\/index.php\/2025\/01\/15\/turkiyenin-milli-uydusu-fergani-fgn-100-d1-yorungesine-yerlesti\/"},"author":{"name":"Kuzeyin Sesi","@id":"https:\/\/kuzeyinsesi.org\/#\/schema\/person\/9f859689cdf01485597712386e37f5aa"},"headline":"T\u00fcrkiye\u2019nin milli uydusu Fergani FGN-100-d1 y\u00f6r\u00fcngesine yerle\u015fti","datePublished":"2025-01-15T10:03:17+00:00","mainEntityOfPage":{"@id":"https:\/\/kuzeyinsesi.org\/index.php\/2025\/01\/15\/turkiyenin-milli-uydusu-fergani-fgn-100-d1-yorungesine-yerlesti\/"},"wordCount":645,"commentCount":0,"image":{"@id":"https:\/\/kuzeyinsesi.org\/index.php\/2025\/01\/15\/turkiyenin-milli-uydusu-fergani-fgn-100-d1-yorungesine-yerlesti\/#primaryimage"},"thumbnailUrl":"https:\/\/kuzeyinsesi.org\/wp-content\/uploads\/2025\/01\/33333333333333333333333333333333333333333.jpg","articleSection":["T\u00fcrkiye"],"inLanguage":"tr","potentialAction":[{"@type":"CommentAction","name":"Comment","target":["https:\/\/kuzeyinsesi.org\/index.php\/2025\/01\/15\/turkiyenin-milli-uydusu-fergani-fgn-100-d1-yorungesine-yerlesti\/#respond"]}]},{"@type":"WebPage","@id":"https:\/\/kuzeyinsesi.org\/index.php\/2025\/01\/15\/turkiyenin-milli-uydusu-fergani-fgn-100-d1-yorungesine-yerlesti\/","url":"https:\/\/kuzeyinsesi.org\/index.php\/2025\/01\/15\/turkiyenin-milli-uydusu-fergani-fgn-100-d1-yorungesine-yerlesti\/","name":"T\u00fcrkiye\u2019nin milli uydusu Fergani FGN-100-d1 y\u00f6r\u00fcngesine yerle\u015fti - Kuzeyin Sesi","isPartOf":{"@id":"https:\/\/kuzeyinsesi.org\/#website"},"primaryImageOfPage":{"@id":"https:\/\/kuzeyinsesi.org\/index.php\/2025\/01\/15\/turkiyenin-milli-uydusu-fergani-fgn-100-d1-yorungesine-yerlesti\/#primaryimage"},"image":{"@id":"https:\/\/kuzeyinsesi.org\/index.php\/2025\/01\/15\/turkiyenin-milli-uydusu-fergani-fgn-100-d1-yorungesine-yerlesti\/#primaryimage"},"thumbnailUrl":"https:\/\/kuzeyinsesi.org\/wp-content\/uploads\/2025\/01\/33333333333333333333333333333333333333333.jpg","datePublished":"2025-01-15T10:03:17+00:00","author":{"@id":"https:\/\/kuzeyinsesi.org\/#\/schema\/person\/9f859689cdf01485597712386e37f5aa"},"breadcrumb":{"@id":"https:\/\/kuzeyinsesi.org\/index.php\/2025\/01\/15\/turkiyenin-milli-uydusu-fergani-fgn-100-d1-yorungesine-yerlesti\/#breadcrumb"},"inLanguage":"tr","potentialAction":[{"@type":"ReadAction","target":["https:\/\/kuzeyinsesi.org\/index.php\/2025\/01\/15\/turkiyenin-milli-uydusu-fergani-fgn-100-d1-yorungesine-yerlesti\/"]}]},{"@type":"ImageObject","inLanguage":"tr","@id":"https:\/\/kuzeyinsesi.org\/index.php\/2025\/01\/15\/turkiyenin-milli-uydusu-fergani-fgn-100-d1-yorungesine-yerlesti\/#primaryimage","url":"https:\/\/kuzeyinsesi.org\/wp-content\/uploads\/2025\/01\/33333333333333333333333333333333333333333.jpg","contentUrl":"https:\/\/kuzeyinsesi.org\/wp-content\/uploads\/2025\/01\/33333333333333333333333333333333333333333.jpg","width":864,"height":486},{"@type":"BreadcrumbList","@id":"https:\/\/kuzeyinsesi.org\/index.php\/2025\/01\/15\/turkiyenin-milli-uydusu-fergani-fgn-100-d1-yorungesine-yerlesti\/#breadcrumb","itemListElement":[{"@type":"ListItem","position":1,"name":"Anasayfa","item":"https:\/\/kuzeyinsesi.org\/"},{"@type":"ListItem","position":2,"name":"T\u00fcrkiye\u2019nin milli uydusu Fergani FGN-100-d1 y\u00f6r\u00fcngesine yerle\u015fti"}]},{"@type":"WebSite","@id":"https:\/\/kuzeyinsesi.org\/#website","url":"https:\/\/kuzeyinsesi.org\/","name":"Kuzeyin Sesi","description":"Do\u011fru Haberin Adresi","potentialAction":[{"@type":"SearchAction","target":{"@type":"EntryPoint","urlTemplate":"https:\/\/kuzeyinsesi.org\/?s={search_term_string}"},"query-input":{"@type":"PropertyValueSpecification","valueRequired":true,"valueName":"search_term_string"}}],"inLanguage":"tr"},{"@type":"Person","@id":"https:\/\/kuzeyinsesi.org\/#\/schema\/person\/9f859689cdf01485597712386e37f5aa","name":"Kuzeyin Sesi","image":{"@type":"ImageObject","inLanguage":"tr","@id":"https:\/\/secure.gravatar.com\/avatar\/bab33852abfd8b282518d6ed81826833d77c3c882d9ab608add591ccace47a44?s=96&d=mm&r=g","url":"https:\/\/secure.gravatar.com\/avatar\/bab33852abfd8b282518d6ed81826833d77c3c882d9ab608add591ccace47a44?s=96&d=mm&r=g","contentUrl":"https:\/\/secure.gravatar.com\/avatar\/bab33852abfd8b282518d6ed81826833d77c3c882d9ab608add591ccace47a44?s=96&d=mm&r=g","caption":"Kuzeyin Sesi"},"sameAs":["https:\/\/kuzeyinsesi.org"],"url":"https:\/\/kuzeyinsesi.org\/index.php\/author\/guven\/"}]}},"_links":{"self":[{"href":"https:\/\/kuzeyinsesi.org\/index.php\/wp-json\/wp\/v2\/posts\/17374","targetHints":{"allow":["GET"]}}],"collection":[{"href":"https:\/\/kuzeyinsesi.org\/index.php\/wp-json\/wp\/v2\/posts"}],"about":[{"href":"https:\/\/kuzeyinsesi.org\/index.php\/wp-json\/wp\/v2\/types\/post"}],"author":[{"embeddable":true,"href":"https:\/\/kuzeyinsesi.org\/index.php\/wp-json\/wp\/v2\/users\/1"}],"replies":[{"embeddable":true,"href":"https:\/\/kuzeyinsesi.org\/index.php\/wp-json\/wp\/v2\/comments?post=17374"}],"version-history":[{"count":0,"href":"https:\/\/kuzeyinsesi.org\/index.php\/wp-json\/wp\/v2\/posts\/17374\/revisions"}],"wp:featuredmedia":[{"embeddable":true,"href":"https:\/\/kuzeyinsesi.org\/index.php\/wp-json\/wp\/v2\/media\/17375"}],"wp:attachment":[{"href":"https:\/\/kuzeyinsesi.org\/index.php\/wp-json\/wp\/v2\/media?parent=17374"}],"wp:term":[{"taxonomy":"category","embeddable":true,"href":"https:\/\/kuzeyinsesi.org\/index.php\/wp-json\/wp\/v2\/categories?post=17374"},{"taxonomy":"post_tag","embeddable":true,"href":"https:\/\/kuzeyinsesi.org\/index.php\/wp-json\/wp\/v2\/tags?post=17374"}],"curies":[{"name":"wp","href":"https:\/\/api.w.org\/{rel}","templated":true}]}}