{"id":17349,"date":"2025-01-15T00:02:11","date_gmt":"2025-01-14T22:02:11","guid":{"rendered":"https:\/\/kuzeyinsesi.org\/index.php\/2025\/01\/15\/tbmm-guvenlik-ve-istihbarat-komisyonu-heyeti-kktcde-temaslarda-bulunuyor\/"},"modified":"2025-01-15T00:02:11","modified_gmt":"2025-01-14T22:02:11","slug":"tbmm-guvenlik-ve-istihbarat-komisyonu-heyeti-kktcde-temaslarda-bulunuyor","status":"publish","type":"post","link":"https:\/\/kuzeyinsesi.org\/index.php\/2025\/01\/15\/tbmm-guvenlik-ve-istihbarat-komisyonu-heyeti-kktcde-temaslarda-bulunuyor\/","title":{"rendered":"TBMM G\u00fcvenlik ve \u0130stihbarat Komisyonu heyeti KKTC\u2019de temaslarda bulunuyor"},"content":{"rendered":"<div>\n<div class=\"mariselle-image-container none\">\n                                            <\/div>\n<p>T\u00fcrkiye B\u00fcy\u00fck Millet Meclisi (TBMM) G\u00fcvenlik ve \u0130stihbarat Komisyonu KKTC\u2019de temaslarda bulunuyor.<\/p>\n<p>Kocaeli Milletvekili Veysal Tipio\u011flu ba\u015fkanl\u0131\u011f\u0131ndaki heyet bug\u00fcn s\u0131ras\u0131yla K\u0131br\u0131s T\u00fcrk halk\u0131n\u0131n varolu\u015f m\u00fccadelesi lideri Dr. Faz\u0131l K\u00fc\u00e7\u00fck ve Kurucu Cumhurba\u015fkan\u0131 Rauf Raif Denkta\u015f\u2019\u0131n an\u0131t mezarlar\u0131n\u0131 ziyaret etti.<\/p>\n<p>Cumhuriyet Meclisi\u2019nden verilen bilgiye g\u00f6re, ziyaretlerde sayg\u0131 duru\u015funda bulunuldu ve an\u0131t \u00f6zel defterleri imzaland\u0131.<\/p>\n<p>Komisyon Ba\u015fkan\u0131 Veysal Tipio\u011flu, Dr. K\u00fc\u00e7\u00fck\u2019\u00fcn an\u0131t mezar\u0131n\u0131 ziyaretinde \u00f6zel deftere \u015funlar\u0131 yazd\u0131:<\/p>\n<p>\u201cK\u0131br\u0131s T\u00fcrklerini aya\u011fa kald\u0131ran, K\u0131br\u0131s davas\u0131n\u0131n \u00f6nc\u00fc lideri, varolu\u015f m\u00fccadelesinin fikir babas\u0131 ve dava adam\u0131 Say\u0131n Dr. Faz\u0131l K\u00fc\u00e7\u00fck; atm\u0131\u015f oldu\u011funuz temeller \u00fczerinde y\u00fckselen Kuzey K\u0131br\u0131s T\u00fcrk Cumhuriyeti, g\u00fc\u00e7l\u00fc davan\u0131z sayesinde gelece\u011fe umutla bakmaktad\u0131r.<\/p>\n<p>K\u0131br\u0131s T\u00fcrk halk\u0131na ba\u011f\u0131ms\u0131zl\u0131k yolunu a\u00e7arak bug\u00fcnlere ula\u015fmas\u0131nda verdi\u011finiz m\u00fccadele ve fedak\u00e2rl\u0131k asla unutulmayacakt\u0131r. K\u0131br\u0131s T\u00fcrk\u00fc h\u00fcr ve ba\u011f\u0131ms\u0131z olarak ebediyen ya\u015fayacak, ortaya koydu\u011funuz fedak\u00e2rl\u0131k asla unutulmayacakt\u0131r. Ruhunuz \u015fad olsun\u2026\u201d<\/p>\n<p>Tipio\u011flu, Denkta\u015f\u2019\u0131n an\u0131t mezar\u0131n\u0131 ziyaretinde de \u00f6zel deftere \u015funlar\u0131 aktard\u0131:<\/p>\n<p>\u201cK\u0131br\u0131s T\u00fcrk\u00fc\u2019n\u00fcn haf\u0131zalardan silinmeyecek lideri, dava ve fikir adam\u0131, KKTC\u2019nin Kurucu Cumhurba\u015fkan\u0131 Say\u0131n Rauf Denkta\u015f; ge\u00e7mi\u015fte y\u00fcr\u00fctt\u00fc\u011f\u00fcn\u00fcz ve bug\u00fcn de devam eden milli davan\u0131z ile K\u0131br\u0131s T\u00fcrk halk\u0131n\u0131n ba\u011f\u0131ms\u0131zl\u0131k ve \u00f6zg\u00fcl\u00fc\u011f\u00fcne \u00f6nder oldunuz, d\u00fcnya tarihindeki m\u00fcstesna yerinizi ald\u0131n\u0131z. KKTC\u2019nin kalk\u0131nmas\u0131 i\u00e7in T\u00fcrkiye olarak yek v\u00fccut hareket etmeye ve eseri olan Cumhuriyetin bekas\u0131 i\u00e7in \u00e7al\u0131\u015fmaya devam etmekte kararl\u0131y\u0131z.<\/p>\n<p>T\u00fcrk milleti ve kahraman K\u0131br\u0131s T\u00fcrk halk\u0131, varolu\u015f m\u00fccadelesine yapt\u0131\u011f\u0131n\u0131z de\u011ferli katk\u0131lar\u0131 ve bu u\u011furda g\u00f6stermi\u015f oldu\u011funuz emsalsiz fedak\u00e2rl\u0131klar\u0131 asla unutmayacakt\u0131r. Ruhunuz \u015fad olsun\u2026\u201d<\/p>\n<p>TBMM G\u00fcvenlik ve \u0130stihbarat Komisyonu\u2019nda Sakarya Milletvekili Murat Kaya, \u0130stanbul Milletvekili Yahya \u00c7elik ve Gaziantep Milletvekili Hasan \u00d6zt\u00fcrkmen bulunuyor.<\/p>\n<p>Heyete Meclis Hukuk Siyasi \u0130\u015fler ve D\u0131\u015fili\u015fkiler Komitesi Ba\u015fkan\u0131 Yasemi \u00d6zt\u00fcrk de e\u015flik etti.<\/p>\n<p>Cumhuriyet Meclisi\u2019nin davetiyle \u00fclkede bulunan heyetin \u00e7e\u015fitli temaslar yapmas\u0131 bekleniyor.<\/p>\n<\/p><\/div>\n<p><script async\n                    defer\n                    crossorigin=\"anonymous\"\n                    src=\"https:\/\/connect.facebook.net\/tr_TR\/sdk.js#xfbml=1&#038;version=v3.3\"\n            ><\/script><\/p>\n","protected":false},"excerpt":{"rendered":"<p>T\u00fcrkiye B\u00fcy\u00fck Millet Meclisi (TBMM) G\u00fcvenlik ve \u0130stihbarat Komisyonu KKTC\u2019de temaslarda bulunuyor. Kocaeli Milletvekili Veysal Tipio\u011flu ba\u015fkanl\u0131\u011f\u0131ndaki heyet bug\u00fcn s\u0131ras\u0131yla K\u0131br\u0131s T\u00fcrk halk\u0131n\u0131n varolu\u015f m\u00fccadelesi lideri Dr. Faz\u0131l K\u00fc\u00e7\u00fck ve Kurucu Cumhurba\u015fkan\u0131 Rauf Raif Denkta\u015f\u2019\u0131n an\u0131t mezarlar\u0131n\u0131 ziyaret etti. Cumhuriyet Meclisi\u2019nden verilen bilgiye g\u00f6re, ziyaretlerde sayg\u0131 duru\u015funda bulunuldu ve an\u0131t \u00f6zel defterleri imzaland\u0131. Komisyon Ba\u015fkan\u0131 [&hellip;]<\/p>\n","protected":false},"author":1,"featured_media":17350,"comment_status":"open","ping_status":"open","sticky":false,"template":"","format":"standard","meta":{"jnews-multi-image_gallery":[],"jnews_single_post":[],"jnews_primary_category":[],"jnews_social_meta":[],"jnews_override_counter":[],"footnotes":""},"categories":[5],"tags":[],"class_list":["post-17349","post","type-post","status-publish","format-standard","has-post-thumbnail","hentry","category-turkiye"],"yoast_head":"<!-- This site is optimized with the Yoast SEO plugin v27.4 - https:\/\/yoast.com\/product\/yoast-seo-wordpress\/ -->\n<title>TBMM G\u00fcvenlik ve \u0130stihbarat Komisyonu heyeti KKTC\u2019de temaslarda bulunuyor - Kuzeyin Sesi<\/title>\n<meta name=\"robots\" content=\"index, follow, max-snippet:-1, max-image-preview:large, max-video-preview:-1\" \/>\n<link rel=\"canonical\" href=\"https:\/\/kuzeyinsesi.org\/index.php\/2025\/01\/15\/tbmm-guvenlik-ve-istihbarat-komisyonu-heyeti-kktcde-temaslarda-bulunuyor\/\" \/>\n<meta property=\"og:locale\" content=\"tr_TR\" \/>\n<meta property=\"og:type\" content=\"article\" \/>\n<meta property=\"og:title\" content=\"TBMM G\u00fcvenlik ve \u0130stihbarat Komisyonu heyeti KKTC\u2019de temaslarda bulunuyor - Kuzeyin Sesi\" \/>\n<meta property=\"og:description\" content=\"T\u00fcrkiye B\u00fcy\u00fck Millet Meclisi (TBMM) G\u00fcvenlik ve \u0130stihbarat Komisyonu KKTC\u2019de temaslarda bulunuyor. Kocaeli Milletvekili Veysal Tipio\u011flu ba\u015fkanl\u0131\u011f\u0131ndaki heyet bug\u00fcn s\u0131ras\u0131yla K\u0131br\u0131s T\u00fcrk halk\u0131n\u0131n varolu\u015f m\u00fccadelesi lideri Dr. Faz\u0131l K\u00fc\u00e7\u00fck ve Kurucu Cumhurba\u015fkan\u0131 Rauf Raif Denkta\u015f\u2019\u0131n an\u0131t mezarlar\u0131n\u0131 ziyaret etti. Cumhuriyet Meclisi\u2019nden verilen bilgiye g\u00f6re, ziyaretlerde sayg\u0131 duru\u015funda bulunuldu ve an\u0131t \u00f6zel defterleri imzaland\u0131. Komisyon Ba\u015fkan\u0131 [&hellip;]\" \/>\n<meta property=\"og:url\" content=\"https:\/\/kuzeyinsesi.org\/index.php\/2025\/01\/15\/tbmm-guvenlik-ve-istihbarat-komisyonu-heyeti-kktcde-temaslarda-bulunuyor\/\" \/>\n<meta property=\"og:site_name\" content=\"Kuzeyin Sesi\" \/>\n<meta property=\"article:publisher\" content=\"https:\/\/www.facebook.com\/kuzeyinsesii\" \/>\n<meta property=\"article:published_time\" content=\"2025-01-14T22:02:11+00:00\" \/>\n<meta property=\"og:image\" content=\"https:\/\/brtk.net\/wp-content\/uploads\/2025\/01\/14\/TBMM-HEYETI2.jpg?ver=5780eb5be6242e79a113e9ba02f14c30\" \/>\n<meta name=\"author\" content=\"Kuzeyin Sesi\" \/>\n<meta name=\"twitter:card\" content=\"summary_large_image\" \/>\n<meta name=\"twitter:creator\" content=\"@kuzeyinsesii\" \/>\n<meta name=\"twitter:site\" content=\"@kuzeyinsesii\" \/>\n<meta name=\"twitter:label1\" content=\"Yazan:\" \/>\n\t<meta name=\"twitter:data1\" content=\"Kuzeyin Sesi\" \/>\n\t<meta name=\"twitter:label2\" content=\"Tahmini okuma s\u00fcresi\" \/>\n\t<meta name=\"twitter:data2\" content=\"2 dakika\" \/>\n<script type=\"application\/ld+json\" class=\"yoast-schema-graph\">{\"@context\":\"https:\\\/\\\/schema.org\",\"@graph\":[{\"@type\":\"Article\",\"@id\":\"https:\\\/\\\/kuzeyinsesi.org\\\/index.php\\\/2025\\\/01\\\/15\\\/tbmm-guvenlik-ve-istihbarat-komisyonu-heyeti-kktcde-temaslarda-bulunuyor\\\/#article\",\"isPartOf\":{\"@id\":\"https:\\\/\\\/kuzeyinsesi.org\\\/index.php\\\/2025\\\/01\\\/15\\\/tbmm-guvenlik-ve-istihbarat-komisyonu-heyeti-kktcde-temaslarda-bulunuyor\\\/\"},\"author\":{\"name\":\"Kuzeyin Sesi\",\"@id\":\"https:\\\/\\\/kuzeyinsesi.org\\\/#\\\/schema\\\/person\\\/9f859689cdf01485597712386e37f5aa\"},\"headline\":\"TBMM G\u00fcvenlik ve \u0130stihbarat Komisyonu heyeti KKTC\u2019de temaslarda bulunuyor\",\"datePublished\":\"2025-01-14T22:02:11+00:00\",\"mainEntityOfPage\":{\"@id\":\"https:\\\/\\\/kuzeyinsesi.org\\\/index.php\\\/2025\\\/01\\\/15\\\/tbmm-guvenlik-ve-istihbarat-komisyonu-heyeti-kktcde-temaslarda-bulunuyor\\\/\"},\"wordCount\":426,\"commentCount\":0,\"image\":{\"@id\":\"https:\\\/\\\/kuzeyinsesi.org\\\/index.php\\\/2025\\\/01\\\/15\\\/tbmm-guvenlik-ve-istihbarat-komisyonu-heyeti-kktcde-temaslarda-bulunuyor\\\/#primaryimage\"},\"thumbnailUrl\":\"https:\\\/\\\/kuzeyinsesi.org\\\/wp-content\\\/uploads\\\/2025\\\/01\\\/TBMM-HEYETI2.jpg\",\"articleSection\":[\"T\u00fcrkiye\"],\"inLanguage\":\"tr\",\"potentialAction\":[{\"@type\":\"CommentAction\",\"name\":\"Comment\",\"target\":[\"https:\\\/\\\/kuzeyinsesi.org\\\/index.php\\\/2025\\\/01\\\/15\\\/tbmm-guvenlik-ve-istihbarat-komisyonu-heyeti-kktcde-temaslarda-bulunuyor\\\/#respond\"]}]},{\"@type\":\"WebPage\",\"@id\":\"https:\\\/\\\/kuzeyinsesi.org\\\/index.php\\\/2025\\\/01\\\/15\\\/tbmm-guvenlik-ve-istihbarat-komisyonu-heyeti-kktcde-temaslarda-bulunuyor\\\/\",\"url\":\"https:\\\/\\\/kuzeyinsesi.org\\\/index.php\\\/2025\\\/01\\\/15\\\/tbmm-guvenlik-ve-istihbarat-komisyonu-heyeti-kktcde-temaslarda-bulunuyor\\\/\",\"name\":\"TBMM G\u00fcvenlik ve \u0130stihbarat Komisyonu heyeti KKTC\u2019de temaslarda bulunuyor - Kuzeyin Sesi\",\"isPartOf\":{\"@id\":\"https:\\\/\\\/kuzeyinsesi.org\\\/#website\"},\"primaryImageOfPage\":{\"@id\":\"https:\\\/\\\/kuzeyinsesi.org\\\/index.php\\\/2025\\\/01\\\/15\\\/tbmm-guvenlik-ve-istihbarat-komisyonu-heyeti-kktcde-temaslarda-bulunuyor\\\/#primaryimage\"},\"image\":{\"@id\":\"https:\\\/\\\/kuzeyinsesi.org\\\/index.php\\\/2025\\\/01\\\/15\\\/tbmm-guvenlik-ve-istihbarat-komisyonu-heyeti-kktcde-temaslarda-bulunuyor\\\/#primaryimage\"},\"thumbnailUrl\":\"https:\\\/\\\/kuzeyinsesi.org\\\/wp-content\\\/uploads\\\/2025\\\/01\\\/TBMM-HEYETI2.jpg\",\"datePublished\":\"2025-01-14T22:02:11+00:00\",\"author\":{\"@id\":\"https:\\\/\\\/kuzeyinsesi.org\\\/#\\\/schema\\\/person\\\/9f859689cdf01485597712386e37f5aa\"},\"breadcrumb\":{\"@id\":\"https:\\\/\\\/kuzeyinsesi.org\\\/index.php\\\/2025\\\/01\\\/15\\\/tbmm-guvenlik-ve-istihbarat-komisyonu-heyeti-kktcde-temaslarda-bulunuyor\\\/#breadcrumb\"},\"inLanguage\":\"tr\",\"potentialAction\":[{\"@type\":\"ReadAction\",\"target\":[\"https:\\\/\\\/kuzeyinsesi.org\\\/index.php\\\/2025\\\/01\\\/15\\\/tbmm-guvenlik-ve-istihbarat-komisyonu-heyeti-kktcde-temaslarda-bulunuyor\\\/\"]}]},{\"@type\":\"ImageObject\",\"inLanguage\":\"tr\",\"@id\":\"https:\\\/\\\/kuzeyinsesi.org\\\/index.php\\\/2025\\\/01\\\/15\\\/tbmm-guvenlik-ve-istihbarat-komisyonu-heyeti-kktcde-temaslarda-bulunuyor\\\/#primaryimage\",\"url\":\"https:\\\/\\\/kuzeyinsesi.org\\\/wp-content\\\/uploads\\\/2025\\\/01\\\/TBMM-HEYETI2.jpg\",\"contentUrl\":\"https:\\\/\\\/kuzeyinsesi.org\\\/wp-content\\\/uploads\\\/2025\\\/01\\\/TBMM-HEYETI2.jpg\",\"width\":928,\"height\":460},{\"@type\":\"BreadcrumbList\",\"@id\":\"https:\\\/\\\/kuzeyinsesi.org\\\/index.php\\\/2025\\\/01\\\/15\\\/tbmm-guvenlik-ve-istihbarat-komisyonu-heyeti-kktcde-temaslarda-bulunuyor\\\/#breadcrumb\",\"itemListElement\":[{\"@type\":\"ListItem\",\"position\":1,\"name\":\"Anasayfa\",\"item\":\"https:\\\/\\\/kuzeyinsesi.org\\\/\"},{\"@type\":\"ListItem\",\"position\":2,\"name\":\"TBMM G\u00fcvenlik ve \u0130stihbarat Komisyonu heyeti KKTC\u2019de temaslarda bulunuyor\"}]},{\"@type\":\"WebSite\",\"@id\":\"https:\\\/\\\/kuzeyinsesi.org\\\/#website\",\"url\":\"https:\\\/\\\/kuzeyinsesi.org\\\/\",\"name\":\"Kuzeyin Sesi\",\"description\":\"Do\u011fru Haberin Adresi\",\"potentialAction\":[{\"@type\":\"SearchAction\",\"target\":{\"@type\":\"EntryPoint\",\"urlTemplate\":\"https:\\\/\\\/kuzeyinsesi.org\\\/?s={search_term_string}\"},\"query-input\":{\"@type\":\"PropertyValueSpecification\",\"valueRequired\":true,\"valueName\":\"search_term_string\"}}],\"inLanguage\":\"tr\"},{\"@type\":\"Person\",\"@id\":\"https:\\\/\\\/kuzeyinsesi.org\\\/#\\\/schema\\\/person\\\/9f859689cdf01485597712386e37f5aa\",\"name\":\"Kuzeyin Sesi\",\"image\":{\"@type\":\"ImageObject\",\"inLanguage\":\"tr\",\"@id\":\"https:\\\/\\\/secure.gravatar.com\\\/avatar\\\/bab33852abfd8b282518d6ed81826833d77c3c882d9ab608add591ccace47a44?s=96&d=mm&r=g\",\"url\":\"https:\\\/\\\/secure.gravatar.com\\\/avatar\\\/bab33852abfd8b282518d6ed81826833d77c3c882d9ab608add591ccace47a44?s=96&d=mm&r=g\",\"contentUrl\":\"https:\\\/\\\/secure.gravatar.com\\\/avatar\\\/bab33852abfd8b282518d6ed81826833d77c3c882d9ab608add591ccace47a44?s=96&d=mm&r=g\",\"caption\":\"Kuzeyin Sesi\"},\"sameAs\":[\"https:\\\/\\\/kuzeyinsesi.org\"],\"url\":\"https:\\\/\\\/kuzeyinsesi.org\\\/index.php\\\/author\\\/guven\\\/\"}]}<\/script>\n<!-- \/ Yoast SEO plugin. -->","yoast_head_json":{"title":"TBMM G\u00fcvenlik ve \u0130stihbarat Komisyonu heyeti KKTC\u2019de temaslarda bulunuyor - Kuzeyin Sesi","robots":{"index":"index","follow":"follow","max-snippet":"max-snippet:-1","max-image-preview":"max-image-preview:large","max-video-preview":"max-video-preview:-1"},"canonical":"https:\/\/kuzeyinsesi.org\/index.php\/2025\/01\/15\/tbmm-guvenlik-ve-istihbarat-komisyonu-heyeti-kktcde-temaslarda-bulunuyor\/","og_locale":"tr_TR","og_type":"article","og_title":"TBMM G\u00fcvenlik ve \u0130stihbarat Komisyonu heyeti KKTC\u2019de temaslarda bulunuyor - Kuzeyin Sesi","og_description":"T\u00fcrkiye B\u00fcy\u00fck Millet Meclisi (TBMM) G\u00fcvenlik ve \u0130stihbarat Komisyonu KKTC\u2019de temaslarda bulunuyor. Kocaeli Milletvekili Veysal Tipio\u011flu ba\u015fkanl\u0131\u011f\u0131ndaki heyet bug\u00fcn s\u0131ras\u0131yla K\u0131br\u0131s T\u00fcrk halk\u0131n\u0131n varolu\u015f m\u00fccadelesi lideri Dr. Faz\u0131l K\u00fc\u00e7\u00fck ve Kurucu Cumhurba\u015fkan\u0131 Rauf Raif Denkta\u015f\u2019\u0131n an\u0131t mezarlar\u0131n\u0131 ziyaret etti. Cumhuriyet Meclisi\u2019nden verilen bilgiye g\u00f6re, ziyaretlerde sayg\u0131 duru\u015funda bulunuldu ve an\u0131t \u00f6zel defterleri imzaland\u0131. Komisyon Ba\u015fkan\u0131 [&hellip;]","og_url":"https:\/\/kuzeyinsesi.org\/index.php\/2025\/01\/15\/tbmm-guvenlik-ve-istihbarat-komisyonu-heyeti-kktcde-temaslarda-bulunuyor\/","og_site_name":"Kuzeyin Sesi","article_publisher":"https:\/\/www.facebook.com\/kuzeyinsesii","article_published_time":"2025-01-14T22:02:11+00:00","og_image":[{"url":"https:\/\/brtk.net\/wp-content\/uploads\/2025\/01\/14\/TBMM-HEYETI2.jpg?ver=5780eb5be6242e79a113e9ba02f14c30","type":"","width":"","height":""}],"author":"Kuzeyin Sesi","twitter_card":"summary_large_image","twitter_creator":"@kuzeyinsesii","twitter_site":"@kuzeyinsesii","twitter_misc":{"Yazan:":"Kuzeyin Sesi","Tahmini okuma s\u00fcresi":"2 dakika"},"schema":{"@context":"https:\/\/schema.org","@graph":[{"@type":"Article","@id":"https:\/\/kuzeyinsesi.org\/index.php\/2025\/01\/15\/tbmm-guvenlik-ve-istihbarat-komisyonu-heyeti-kktcde-temaslarda-bulunuyor\/#article","isPartOf":{"@id":"https:\/\/kuzeyinsesi.org\/index.php\/2025\/01\/15\/tbmm-guvenlik-ve-istihbarat-komisyonu-heyeti-kktcde-temaslarda-bulunuyor\/"},"author":{"name":"Kuzeyin Sesi","@id":"https:\/\/kuzeyinsesi.org\/#\/schema\/person\/9f859689cdf01485597712386e37f5aa"},"headline":"TBMM G\u00fcvenlik ve \u0130stihbarat Komisyonu heyeti KKTC\u2019de temaslarda bulunuyor","datePublished":"2025-01-14T22:02:11+00:00","mainEntityOfPage":{"@id":"https:\/\/kuzeyinsesi.org\/index.php\/2025\/01\/15\/tbmm-guvenlik-ve-istihbarat-komisyonu-heyeti-kktcde-temaslarda-bulunuyor\/"},"wordCount":426,"commentCount":0,"image":{"@id":"https:\/\/kuzeyinsesi.org\/index.php\/2025\/01\/15\/tbmm-guvenlik-ve-istihbarat-komisyonu-heyeti-kktcde-temaslarda-bulunuyor\/#primaryimage"},"thumbnailUrl":"https:\/\/kuzeyinsesi.org\/wp-content\/uploads\/2025\/01\/TBMM-HEYETI2.jpg","articleSection":["T\u00fcrkiye"],"inLanguage":"tr","potentialAction":[{"@type":"CommentAction","name":"Comment","target":["https:\/\/kuzeyinsesi.org\/index.php\/2025\/01\/15\/tbmm-guvenlik-ve-istihbarat-komisyonu-heyeti-kktcde-temaslarda-bulunuyor\/#respond"]}]},{"@type":"WebPage","@id":"https:\/\/kuzeyinsesi.org\/index.php\/2025\/01\/15\/tbmm-guvenlik-ve-istihbarat-komisyonu-heyeti-kktcde-temaslarda-bulunuyor\/","url":"https:\/\/kuzeyinsesi.org\/index.php\/2025\/01\/15\/tbmm-guvenlik-ve-istihbarat-komisyonu-heyeti-kktcde-temaslarda-bulunuyor\/","name":"TBMM G\u00fcvenlik ve \u0130stihbarat Komisyonu heyeti KKTC\u2019de temaslarda bulunuyor - Kuzeyin Sesi","isPartOf":{"@id":"https:\/\/kuzeyinsesi.org\/#website"},"primaryImageOfPage":{"@id":"https:\/\/kuzeyinsesi.org\/index.php\/2025\/01\/15\/tbmm-guvenlik-ve-istihbarat-komisyonu-heyeti-kktcde-temaslarda-bulunuyor\/#primaryimage"},"image":{"@id":"https:\/\/kuzeyinsesi.org\/index.php\/2025\/01\/15\/tbmm-guvenlik-ve-istihbarat-komisyonu-heyeti-kktcde-temaslarda-bulunuyor\/#primaryimage"},"thumbnailUrl":"https:\/\/kuzeyinsesi.org\/wp-content\/uploads\/2025\/01\/TBMM-HEYETI2.jpg","datePublished":"2025-01-14T22:02:11+00:00","author":{"@id":"https:\/\/kuzeyinsesi.org\/#\/schema\/person\/9f859689cdf01485597712386e37f5aa"},"breadcrumb":{"@id":"https:\/\/kuzeyinsesi.org\/index.php\/2025\/01\/15\/tbmm-guvenlik-ve-istihbarat-komisyonu-heyeti-kktcde-temaslarda-bulunuyor\/#breadcrumb"},"inLanguage":"tr","potentialAction":[{"@type":"ReadAction","target":["https:\/\/kuzeyinsesi.org\/index.php\/2025\/01\/15\/tbmm-guvenlik-ve-istihbarat-komisyonu-heyeti-kktcde-temaslarda-bulunuyor\/"]}]},{"@type":"ImageObject","inLanguage":"tr","@id":"https:\/\/kuzeyinsesi.org\/index.php\/2025\/01\/15\/tbmm-guvenlik-ve-istihbarat-komisyonu-heyeti-kktcde-temaslarda-bulunuyor\/#primaryimage","url":"https:\/\/kuzeyinsesi.org\/wp-content\/uploads\/2025\/01\/TBMM-HEYETI2.jpg","contentUrl":"https:\/\/kuzeyinsesi.org\/wp-content\/uploads\/2025\/01\/TBMM-HEYETI2.jpg","width":928,"height":460},{"@type":"BreadcrumbList","@id":"https:\/\/kuzeyinsesi.org\/index.php\/2025\/01\/15\/tbmm-guvenlik-ve-istihbarat-komisyonu-heyeti-kktcde-temaslarda-bulunuyor\/#breadcrumb","itemListElement":[{"@type":"ListItem","position":1,"name":"Anasayfa","item":"https:\/\/kuzeyinsesi.org\/"},{"@type":"ListItem","position":2,"name":"TBMM G\u00fcvenlik ve \u0130stihbarat Komisyonu heyeti KKTC\u2019de temaslarda bulunuyor"}]},{"@type":"WebSite","@id":"https:\/\/kuzeyinsesi.org\/#website","url":"https:\/\/kuzeyinsesi.org\/","name":"Kuzeyin Sesi","description":"Do\u011fru Haberin Adresi","potentialAction":[{"@type":"SearchAction","target":{"@type":"EntryPoint","urlTemplate":"https:\/\/kuzeyinsesi.org\/?s={search_term_string}"},"query-input":{"@type":"PropertyValueSpecification","valueRequired":true,"valueName":"search_term_string"}}],"inLanguage":"tr"},{"@type":"Person","@id":"https:\/\/kuzeyinsesi.org\/#\/schema\/person\/9f859689cdf01485597712386e37f5aa","name":"Kuzeyin Sesi","image":{"@type":"ImageObject","inLanguage":"tr","@id":"https:\/\/secure.gravatar.com\/avatar\/bab33852abfd8b282518d6ed81826833d77c3c882d9ab608add591ccace47a44?s=96&d=mm&r=g","url":"https:\/\/secure.gravatar.com\/avatar\/bab33852abfd8b282518d6ed81826833d77c3c882d9ab608add591ccace47a44?s=96&d=mm&r=g","contentUrl":"https:\/\/secure.gravatar.com\/avatar\/bab33852abfd8b282518d6ed81826833d77c3c882d9ab608add591ccace47a44?s=96&d=mm&r=g","caption":"Kuzeyin Sesi"},"sameAs":["https:\/\/kuzeyinsesi.org"],"url":"https:\/\/kuzeyinsesi.org\/index.php\/author\/guven\/"}]}},"_links":{"self":[{"href":"https:\/\/kuzeyinsesi.org\/index.php\/wp-json\/wp\/v2\/posts\/17349","targetHints":{"allow":["GET"]}}],"collection":[{"href":"https:\/\/kuzeyinsesi.org\/index.php\/wp-json\/wp\/v2\/posts"}],"about":[{"href":"https:\/\/kuzeyinsesi.org\/index.php\/wp-json\/wp\/v2\/types\/post"}],"author":[{"embeddable":true,"href":"https:\/\/kuzeyinsesi.org\/index.php\/wp-json\/wp\/v2\/users\/1"}],"replies":[{"embeddable":true,"href":"https:\/\/kuzeyinsesi.org\/index.php\/wp-json\/wp\/v2\/comments?post=17349"}],"version-history":[{"count":0,"href":"https:\/\/kuzeyinsesi.org\/index.php\/wp-json\/wp\/v2\/posts\/17349\/revisions"}],"wp:featuredmedia":[{"embeddable":true,"href":"https:\/\/kuzeyinsesi.org\/index.php\/wp-json\/wp\/v2\/media\/17350"}],"wp:attachment":[{"href":"https:\/\/kuzeyinsesi.org\/index.php\/wp-json\/wp\/v2\/media?parent=17349"}],"wp:term":[{"taxonomy":"category","embeddable":true,"href":"https:\/\/kuzeyinsesi.org\/index.php\/wp-json\/wp\/v2\/categories?post=17349"},{"taxonomy":"post_tag","embeddable":true,"href":"https:\/\/kuzeyinsesi.org\/index.php\/wp-json\/wp\/v2\/tags?post=17349"}],"curies":[{"name":"wp","href":"https:\/\/api.w.org\/{rel}","templated":true}]}}