{"id":1734,"date":"2024-05-08T18:14:10","date_gmt":"2024-05-08T15:14:10","guid":{"rendered":"https:\/\/kuzeyinsesi.com\/index.php\/2024\/05\/08\/dincyurek-duzenli-kan-bagisi-buyuk-onem-tasiyor\/"},"modified":"2024-05-08T18:14:10","modified_gmt":"2024-05-08T15:14:10","slug":"dincyurek-duzenli-kan-bagisi-buyuk-onem-tasiyor","status":"publish","type":"post","link":"https:\/\/kuzeyinsesi.org\/index.php\/2024\/05\/08\/dincyurek-duzenli-kan-bagisi-buyuk-onem-tasiyor\/","title":{"rendered":"Din\u00e7y\u00fcrek: D\u00fczenli kan ba\u011f\u0131\u015f\u0131 b\u00fcy\u00fck \u00f6nem ta\u015f\u0131yor"},"content":{"rendered":"<div>\n<div class=\"mariselle-image-container none\">\n                                            <\/div>\n<p>Sa\u011fl\u0131k Bakan\u0131 Dr. Hakan Din\u00e7y\u00fcrek, Talasemia hastal\u0131\u011f\u0131n\u0131n \u00f6nemine vurgu yaparak toplumsal fark\u0131ndal\u0131k olu\u015fturman\u0131n \u00f6nemine de\u011findi ve d\u00fczenli kan ba\u011f\u0131\u015f\u0131n\u0131n b\u00fcy\u00fck \u00f6nem ta\u015f\u0131d\u0131\u011f\u0131n\u0131 belirtti.<\/p>\n<p>Din\u00e7y\u00fcrek, 8 May\u0131s D\u00fcnya Talasemia G\u00fcn\u00fc nedeniyle yapt\u0131\u011f\u0131 a\u00e7\u0131klamada, Talasemia- Akdeniz Anemisi hastal\u0131\u011f\u0131 hakk\u0131nda bilgi verdi. Din\u00e7y\u00fcrek, hastal\u0131\u011f\u0131n genetik ge\u00e7i\u015fli oldu\u011funu ve \u00e7ocuklara anne ve\/veya babalar\u0131ndan genler yoluyla ge\u00e7ti\u011fine i\u015faret etti.<\/p>\n<p>Talasemia tedavisinin zorlu\u011funa dikkat \u00e7eken Din\u00e7y\u00fcrek, \u00fclkede evlenen \u00e7iftlerin talasemi ta\u015f\u0131y\u0131c\u0131s\u0131 olup olmad\u0131klar\u0131n\u0131 belirlemek i\u00e7in yasal d\u00fczenlemeler oldu\u011funu kaydetti.<\/p>\n<p>Din\u00e7y\u00fcrek, buna g\u00f6re talasemia ta\u015f\u0131y\u0131c\u0131l\u0131\u011f\u0131n\u0131n evlilik \u00f6ncesi tespitinin \u00f6nemine vurgu yaparak, bundan dolay\u0131 Talasemia laboratuvar\u0131nda 1980 y\u0131l\u0131ndan itibaren Talasemia ta\u015f\u0131y\u0131c\u0131l\u0131k testlerinin yap\u0131lmakta oldu\u011funu belirtti.<\/p>\n<p>Sa\u011fl\u0131k Bakan\u0131 Din\u00e7y\u00fcrek, talasemia tedavisinde kan ba\u011f\u0131\u015f\u0131n\u0131n \u00f6nemine de\u011finerek, g\u00f6n\u00fcll\u00fc kan ba\u011f\u0131\u015f\u0131n\u0131n geli\u015fmesi i\u00e7in kendilerine ve sivil toplum \u00f6rg\u00fctlerine b\u00fcy\u00fck g\u00f6rev d\u00fc\u015ft\u00fc\u011f\u00fcn\u00fc s\u00f6yledi.<\/p>\n<p>Talasemia tedavisinde yeterli ve d\u00fczenli kan nakli yap\u0131lmas\u0131n\u0131n \u00f6nem arz etti\u011fine dikkat \u00e7eken Din\u00e7y\u00fcrek, vatanda\u015flar Sa\u011fl\u0131k Bakanl\u0131\u011f\u0131 b\u00fcnyesinde kurulan G\u00f6n\u00fcll\u00fc Kan Ba\u011f\u0131\u015f\u00e7\u0131lar\u0131 Birimi\u2019ne ba\u015fvuru yaparak, kan ba\u011f\u0131\u015f\u00e7\u0131s\u0131 olmalar\u0131 \u00e7a\u011fr\u0131s\u0131nda bulundu.<\/p>\n<\/p><\/div>\n<p><script async\n                    defer\n                    crossorigin=\"anonymous\"\n                    src=\"https:\/\/connect.facebook.net\/tr_TR\/sdk.js#xfbml=1&#038;version=v3.3\"\n            ><\/script><\/p>\n","protected":false},"excerpt":{"rendered":"<p>Sa\u011fl\u0131k Bakan\u0131 Dr. Hakan Din\u00e7y\u00fcrek, Talasemia hastal\u0131\u011f\u0131n\u0131n \u00f6nemine vurgu yaparak toplumsal fark\u0131ndal\u0131k olu\u015fturman\u0131n \u00f6nemine de\u011findi ve d\u00fczenli kan ba\u011f\u0131\u015f\u0131n\u0131n b\u00fcy\u00fck \u00f6nem ta\u015f\u0131d\u0131\u011f\u0131n\u0131 belirtti. Din\u00e7y\u00fcrek, 8 May\u0131s D\u00fcnya Talasemia G\u00fcn\u00fc nedeniyle yapt\u0131\u011f\u0131 a\u00e7\u0131klamada, Talasemia- Akdeniz Anemisi hastal\u0131\u011f\u0131 hakk\u0131nda bilgi verdi. Din\u00e7y\u00fcrek, hastal\u0131\u011f\u0131n genetik ge\u00e7i\u015fli oldu\u011funu ve \u00e7ocuklara anne ve\/veya babalar\u0131ndan genler yoluyla ge\u00e7ti\u011fine i\u015faret etti. Talasemia [&hellip;]<\/p>\n","protected":false},"author":1,"featured_media":1735,"comment_status":"open","ping_status":"open","sticky":false,"template":"","format":"standard","meta":{"jnews-multi-image_gallery":[],"jnews_single_post":[],"jnews_primary_category":[],"jnews_social_meta":[],"jnews_override_counter":[],"footnotes":""},"categories":[1],"tags":[],"class_list":["post-1734","post","type-post","status-publish","format-standard","has-post-thumbnail","hentry","category-kibris"],"yoast_head":"<!-- This site is optimized with the Yoast SEO plugin v27.5 - https:\/\/yoast.com\/product\/yoast-seo-wordpress\/ -->\n<title>Din\u00e7y\u00fcrek: D\u00fczenli kan ba\u011f\u0131\u015f\u0131 b\u00fcy\u00fck \u00f6nem ta\u015f\u0131yor - Kuzeyin Sesi<\/title>\n<meta name=\"robots\" content=\"index, follow, max-snippet:-1, max-image-preview:large, max-video-preview:-1\" \/>\n<link rel=\"canonical\" href=\"https:\/\/kuzeyinsesi.org\/index.php\/2024\/05\/08\/dincyurek-duzenli-kan-bagisi-buyuk-onem-tasiyor\/\" \/>\n<meta property=\"og:locale\" content=\"tr_TR\" \/>\n<meta property=\"og:type\" content=\"article\" \/>\n<meta property=\"og:title\" content=\"Din\u00e7y\u00fcrek: D\u00fczenli kan ba\u011f\u0131\u015f\u0131 b\u00fcy\u00fck \u00f6nem ta\u015f\u0131yor - Kuzeyin Sesi\" \/>\n<meta property=\"og:description\" content=\"Sa\u011fl\u0131k Bakan\u0131 Dr. Hakan Din\u00e7y\u00fcrek, Talasemia hastal\u0131\u011f\u0131n\u0131n \u00f6nemine vurgu yaparak toplumsal fark\u0131ndal\u0131k olu\u015fturman\u0131n \u00f6nemine de\u011findi ve d\u00fczenli kan ba\u011f\u0131\u015f\u0131n\u0131n b\u00fcy\u00fck \u00f6nem ta\u015f\u0131d\u0131\u011f\u0131n\u0131 belirtti. Din\u00e7y\u00fcrek, 8 May\u0131s D\u00fcnya Talasemia G\u00fcn\u00fc nedeniyle yapt\u0131\u011f\u0131 a\u00e7\u0131klamada, Talasemia- Akdeniz Anemisi hastal\u0131\u011f\u0131 hakk\u0131nda bilgi verdi. Din\u00e7y\u00fcrek, hastal\u0131\u011f\u0131n genetik ge\u00e7i\u015fli oldu\u011funu ve \u00e7ocuklara anne ve\/veya babalar\u0131ndan genler yoluyla ge\u00e7ti\u011fine i\u015faret etti. Talasemia [&hellip;]\" \/>\n<meta property=\"og:url\" content=\"https:\/\/kuzeyinsesi.org\/index.php\/2024\/05\/08\/dincyurek-duzenli-kan-bagisi-buyuk-onem-tasiyor\/\" \/>\n<meta property=\"og:site_name\" content=\"Kuzeyin Sesi\" \/>\n<meta property=\"article:publisher\" content=\"https:\/\/www.facebook.com\/kuzeyinsesii\" \/>\n<meta property=\"article:published_time\" content=\"2024-05-08T15:14:10+00:00\" \/>\n<meta property=\"og:image\" content=\"https:\/\/kuzeyinsesi.org\/wp-content\/uploads\/2024\/05\/DINCYUREK.jpg\" \/>\n\t<meta property=\"og:image:width\" content=\"1600\" \/>\n\t<meta property=\"og:image:height\" content=\"968\" \/>\n\t<meta property=\"og:image:type\" content=\"image\/jpeg\" \/>\n<meta name=\"author\" content=\"Kuzeyin Sesi\" \/>\n<meta name=\"twitter:card\" content=\"summary_large_image\" \/>\n<meta name=\"twitter:creator\" content=\"@kuzeyinsesii\" \/>\n<meta name=\"twitter:site\" content=\"@kuzeyinsesii\" \/>\n<meta name=\"twitter:label1\" content=\"Yazan:\" \/>\n\t<meta name=\"twitter:data1\" content=\"Kuzeyin Sesi\" \/>\n\t<meta name=\"twitter:label2\" content=\"Tahmini okuma s\u00fcresi\" \/>\n\t<meta name=\"twitter:data2\" content=\"1 dakika\" \/>\n<script type=\"application\/ld+json\" class=\"yoast-schema-graph\">{\"@context\":\"https:\\\/\\\/schema.org\",\"@graph\":[{\"@type\":\"Article\",\"@id\":\"https:\\\/\\\/kuzeyinsesi.org\\\/index.php\\\/2024\\\/05\\\/08\\\/dincyurek-duzenli-kan-bagisi-buyuk-onem-tasiyor\\\/#article\",\"isPartOf\":{\"@id\":\"https:\\\/\\\/kuzeyinsesi.org\\\/index.php\\\/2024\\\/05\\\/08\\\/dincyurek-duzenli-kan-bagisi-buyuk-onem-tasiyor\\\/\"},\"author\":{\"name\":\"Kuzeyin Sesi\",\"@id\":\"https:\\\/\\\/kuzeyinsesi.org\\\/#\\\/schema\\\/person\\\/9f859689cdf01485597712386e37f5aa\"},\"headline\":\"Din\u00e7y\u00fcrek: D\u00fczenli kan ba\u011f\u0131\u015f\u0131 b\u00fcy\u00fck \u00f6nem ta\u015f\u0131yor\",\"datePublished\":\"2024-05-08T15:14:10+00:00\",\"mainEntityOfPage\":{\"@id\":\"https:\\\/\\\/kuzeyinsesi.org\\\/index.php\\\/2024\\\/05\\\/08\\\/dincyurek-duzenli-kan-bagisi-buyuk-onem-tasiyor\\\/\"},\"wordCount\":265,\"commentCount\":0,\"image\":{\"@id\":\"https:\\\/\\\/kuzeyinsesi.org\\\/index.php\\\/2024\\\/05\\\/08\\\/dincyurek-duzenli-kan-bagisi-buyuk-onem-tasiyor\\\/#primaryimage\"},\"thumbnailUrl\":\"https:\\\/\\\/kuzeyinsesi.org\\\/wp-content\\\/uploads\\\/2024\\\/05\\\/DINCYUREK.jpg\",\"articleSection\":[\"K\u0131br\u0131s\"],\"inLanguage\":\"tr\",\"potentialAction\":[{\"@type\":\"CommentAction\",\"name\":\"Comment\",\"target\":[\"https:\\\/\\\/kuzeyinsesi.org\\\/index.php\\\/2024\\\/05\\\/08\\\/dincyurek-duzenli-kan-bagisi-buyuk-onem-tasiyor\\\/#respond\"]}]},{\"@type\":\"WebPage\",\"@id\":\"https:\\\/\\\/kuzeyinsesi.org\\\/index.php\\\/2024\\\/05\\\/08\\\/dincyurek-duzenli-kan-bagisi-buyuk-onem-tasiyor\\\/\",\"url\":\"https:\\\/\\\/kuzeyinsesi.org\\\/index.php\\\/2024\\\/05\\\/08\\\/dincyurek-duzenli-kan-bagisi-buyuk-onem-tasiyor\\\/\",\"name\":\"Din\u00e7y\u00fcrek: D\u00fczenli kan ba\u011f\u0131\u015f\u0131 b\u00fcy\u00fck \u00f6nem ta\u015f\u0131yor - Kuzeyin Sesi\",\"isPartOf\":{\"@id\":\"https:\\\/\\\/kuzeyinsesi.org\\\/#website\"},\"primaryImageOfPage\":{\"@id\":\"https:\\\/\\\/kuzeyinsesi.org\\\/index.php\\\/2024\\\/05\\\/08\\\/dincyurek-duzenli-kan-bagisi-buyuk-onem-tasiyor\\\/#primaryimage\"},\"image\":{\"@id\":\"https:\\\/\\\/kuzeyinsesi.org\\\/index.php\\\/2024\\\/05\\\/08\\\/dincyurek-duzenli-kan-bagisi-buyuk-onem-tasiyor\\\/#primaryimage\"},\"thumbnailUrl\":\"https:\\\/\\\/kuzeyinsesi.org\\\/wp-content\\\/uploads\\\/2024\\\/05\\\/DINCYUREK.jpg\",\"datePublished\":\"2024-05-08T15:14:10+00:00\",\"author\":{\"@id\":\"https:\\\/\\\/kuzeyinsesi.org\\\/#\\\/schema\\\/person\\\/9f859689cdf01485597712386e37f5aa\"},\"breadcrumb\":{\"@id\":\"https:\\\/\\\/kuzeyinsesi.org\\\/index.php\\\/2024\\\/05\\\/08\\\/dincyurek-duzenli-kan-bagisi-buyuk-onem-tasiyor\\\/#breadcrumb\"},\"inLanguage\":\"tr\",\"potentialAction\":[{\"@type\":\"ReadAction\",\"target\":[\"https:\\\/\\\/kuzeyinsesi.org\\\/index.php\\\/2024\\\/05\\\/08\\\/dincyurek-duzenli-kan-bagisi-buyuk-onem-tasiyor\\\/\"]}]},{\"@type\":\"ImageObject\",\"inLanguage\":\"tr\",\"@id\":\"https:\\\/\\\/kuzeyinsesi.org\\\/index.php\\\/2024\\\/05\\\/08\\\/dincyurek-duzenli-kan-bagisi-buyuk-onem-tasiyor\\\/#primaryimage\",\"url\":\"https:\\\/\\\/kuzeyinsesi.org\\\/wp-content\\\/uploads\\\/2024\\\/05\\\/DINCYUREK.jpg\",\"contentUrl\":\"https:\\\/\\\/kuzeyinsesi.org\\\/wp-content\\\/uploads\\\/2024\\\/05\\\/DINCYUREK.jpg\",\"width\":1600,\"height\":968},{\"@type\":\"BreadcrumbList\",\"@id\":\"https:\\\/\\\/kuzeyinsesi.org\\\/index.php\\\/2024\\\/05\\\/08\\\/dincyurek-duzenli-kan-bagisi-buyuk-onem-tasiyor\\\/#breadcrumb\",\"itemListElement\":[{\"@type\":\"ListItem\",\"position\":1,\"name\":\"Anasayfa\",\"item\":\"https:\\\/\\\/kuzeyinsesi.org\\\/\"},{\"@type\":\"ListItem\",\"position\":2,\"name\":\"Din\u00e7y\u00fcrek: D\u00fczenli kan ba\u011f\u0131\u015f\u0131 b\u00fcy\u00fck \u00f6nem ta\u015f\u0131yor\"}]},{\"@type\":\"WebSite\",\"@id\":\"https:\\\/\\\/kuzeyinsesi.org\\\/#website\",\"url\":\"https:\\\/\\\/kuzeyinsesi.org\\\/\",\"name\":\"Kuzeyin Sesi\",\"description\":\"Do\u011fru Haberin Adresi\",\"potentialAction\":[{\"@type\":\"SearchAction\",\"target\":{\"@type\":\"EntryPoint\",\"urlTemplate\":\"https:\\\/\\\/kuzeyinsesi.org\\\/?s={search_term_string}\"},\"query-input\":{\"@type\":\"PropertyValueSpecification\",\"valueRequired\":true,\"valueName\":\"search_term_string\"}}],\"inLanguage\":\"tr\"},{\"@type\":\"Person\",\"@id\":\"https:\\\/\\\/kuzeyinsesi.org\\\/#\\\/schema\\\/person\\\/9f859689cdf01485597712386e37f5aa\",\"name\":\"Kuzeyin Sesi\",\"image\":{\"@type\":\"ImageObject\",\"inLanguage\":\"tr\",\"@id\":\"https:\\\/\\\/secure.gravatar.com\\\/avatar\\\/bab33852abfd8b282518d6ed81826833d77c3c882d9ab608add591ccace47a44?s=96&d=mm&r=g\",\"url\":\"https:\\\/\\\/secure.gravatar.com\\\/avatar\\\/bab33852abfd8b282518d6ed81826833d77c3c882d9ab608add591ccace47a44?s=96&d=mm&r=g\",\"contentUrl\":\"https:\\\/\\\/secure.gravatar.com\\\/avatar\\\/bab33852abfd8b282518d6ed81826833d77c3c882d9ab608add591ccace47a44?s=96&d=mm&r=g\",\"caption\":\"Kuzeyin Sesi\"},\"sameAs\":[\"https:\\\/\\\/kuzeyinsesi.org\"],\"url\":\"https:\\\/\\\/kuzeyinsesi.org\\\/index.php\\\/author\\\/guven\\\/\"}]}<\/script>\n<!-- \/ Yoast SEO plugin. -->","yoast_head_json":{"title":"Din\u00e7y\u00fcrek: D\u00fczenli kan ba\u011f\u0131\u015f\u0131 b\u00fcy\u00fck \u00f6nem ta\u015f\u0131yor - Kuzeyin Sesi","robots":{"index":"index","follow":"follow","max-snippet":"max-snippet:-1","max-image-preview":"max-image-preview:large","max-video-preview":"max-video-preview:-1"},"canonical":"https:\/\/kuzeyinsesi.org\/index.php\/2024\/05\/08\/dincyurek-duzenli-kan-bagisi-buyuk-onem-tasiyor\/","og_locale":"tr_TR","og_type":"article","og_title":"Din\u00e7y\u00fcrek: D\u00fczenli kan ba\u011f\u0131\u015f\u0131 b\u00fcy\u00fck \u00f6nem ta\u015f\u0131yor - Kuzeyin Sesi","og_description":"Sa\u011fl\u0131k Bakan\u0131 Dr. Hakan Din\u00e7y\u00fcrek, Talasemia hastal\u0131\u011f\u0131n\u0131n \u00f6nemine vurgu yaparak toplumsal fark\u0131ndal\u0131k olu\u015fturman\u0131n \u00f6nemine de\u011findi ve d\u00fczenli kan ba\u011f\u0131\u015f\u0131n\u0131n b\u00fcy\u00fck \u00f6nem ta\u015f\u0131d\u0131\u011f\u0131n\u0131 belirtti. Din\u00e7y\u00fcrek, 8 May\u0131s D\u00fcnya Talasemia G\u00fcn\u00fc nedeniyle yapt\u0131\u011f\u0131 a\u00e7\u0131klamada, Talasemia- Akdeniz Anemisi hastal\u0131\u011f\u0131 hakk\u0131nda bilgi verdi. Din\u00e7y\u00fcrek, hastal\u0131\u011f\u0131n genetik ge\u00e7i\u015fli oldu\u011funu ve \u00e7ocuklara anne ve\/veya babalar\u0131ndan genler yoluyla ge\u00e7ti\u011fine i\u015faret etti. Talasemia [&hellip;]","og_url":"https:\/\/kuzeyinsesi.org\/index.php\/2024\/05\/08\/dincyurek-duzenli-kan-bagisi-buyuk-onem-tasiyor\/","og_site_name":"Kuzeyin Sesi","article_publisher":"https:\/\/www.facebook.com\/kuzeyinsesii","article_published_time":"2024-05-08T15:14:10+00:00","og_image":[{"width":1600,"height":968,"url":"https:\/\/kuzeyinsesi.org\/wp-content\/uploads\/2024\/05\/DINCYUREK.jpg","type":"image\/jpeg"}],"author":"Kuzeyin Sesi","twitter_card":"summary_large_image","twitter_creator":"@kuzeyinsesii","twitter_site":"@kuzeyinsesii","twitter_misc":{"Yazan:":"Kuzeyin Sesi","Tahmini okuma s\u00fcresi":"1 dakika"},"schema":{"@context":"https:\/\/schema.org","@graph":[{"@type":"Article","@id":"https:\/\/kuzeyinsesi.org\/index.php\/2024\/05\/08\/dincyurek-duzenli-kan-bagisi-buyuk-onem-tasiyor\/#article","isPartOf":{"@id":"https:\/\/kuzeyinsesi.org\/index.php\/2024\/05\/08\/dincyurek-duzenli-kan-bagisi-buyuk-onem-tasiyor\/"},"author":{"name":"Kuzeyin Sesi","@id":"https:\/\/kuzeyinsesi.org\/#\/schema\/person\/9f859689cdf01485597712386e37f5aa"},"headline":"Din\u00e7y\u00fcrek: D\u00fczenli kan ba\u011f\u0131\u015f\u0131 b\u00fcy\u00fck \u00f6nem ta\u015f\u0131yor","datePublished":"2024-05-08T15:14:10+00:00","mainEntityOfPage":{"@id":"https:\/\/kuzeyinsesi.org\/index.php\/2024\/05\/08\/dincyurek-duzenli-kan-bagisi-buyuk-onem-tasiyor\/"},"wordCount":265,"commentCount":0,"image":{"@id":"https:\/\/kuzeyinsesi.org\/index.php\/2024\/05\/08\/dincyurek-duzenli-kan-bagisi-buyuk-onem-tasiyor\/#primaryimage"},"thumbnailUrl":"https:\/\/kuzeyinsesi.org\/wp-content\/uploads\/2024\/05\/DINCYUREK.jpg","articleSection":["K\u0131br\u0131s"],"inLanguage":"tr","potentialAction":[{"@type":"CommentAction","name":"Comment","target":["https:\/\/kuzeyinsesi.org\/index.php\/2024\/05\/08\/dincyurek-duzenli-kan-bagisi-buyuk-onem-tasiyor\/#respond"]}]},{"@type":"WebPage","@id":"https:\/\/kuzeyinsesi.org\/index.php\/2024\/05\/08\/dincyurek-duzenli-kan-bagisi-buyuk-onem-tasiyor\/","url":"https:\/\/kuzeyinsesi.org\/index.php\/2024\/05\/08\/dincyurek-duzenli-kan-bagisi-buyuk-onem-tasiyor\/","name":"Din\u00e7y\u00fcrek: D\u00fczenli kan ba\u011f\u0131\u015f\u0131 b\u00fcy\u00fck \u00f6nem ta\u015f\u0131yor - Kuzeyin Sesi","isPartOf":{"@id":"https:\/\/kuzeyinsesi.org\/#website"},"primaryImageOfPage":{"@id":"https:\/\/kuzeyinsesi.org\/index.php\/2024\/05\/08\/dincyurek-duzenli-kan-bagisi-buyuk-onem-tasiyor\/#primaryimage"},"image":{"@id":"https:\/\/kuzeyinsesi.org\/index.php\/2024\/05\/08\/dincyurek-duzenli-kan-bagisi-buyuk-onem-tasiyor\/#primaryimage"},"thumbnailUrl":"https:\/\/kuzeyinsesi.org\/wp-content\/uploads\/2024\/05\/DINCYUREK.jpg","datePublished":"2024-05-08T15:14:10+00:00","author":{"@id":"https:\/\/kuzeyinsesi.org\/#\/schema\/person\/9f859689cdf01485597712386e37f5aa"},"breadcrumb":{"@id":"https:\/\/kuzeyinsesi.org\/index.php\/2024\/05\/08\/dincyurek-duzenli-kan-bagisi-buyuk-onem-tasiyor\/#breadcrumb"},"inLanguage":"tr","potentialAction":[{"@type":"ReadAction","target":["https:\/\/kuzeyinsesi.org\/index.php\/2024\/05\/08\/dincyurek-duzenli-kan-bagisi-buyuk-onem-tasiyor\/"]}]},{"@type":"ImageObject","inLanguage":"tr","@id":"https:\/\/kuzeyinsesi.org\/index.php\/2024\/05\/08\/dincyurek-duzenli-kan-bagisi-buyuk-onem-tasiyor\/#primaryimage","url":"https:\/\/kuzeyinsesi.org\/wp-content\/uploads\/2024\/05\/DINCYUREK.jpg","contentUrl":"https:\/\/kuzeyinsesi.org\/wp-content\/uploads\/2024\/05\/DINCYUREK.jpg","width":1600,"height":968},{"@type":"BreadcrumbList","@id":"https:\/\/kuzeyinsesi.org\/index.php\/2024\/05\/08\/dincyurek-duzenli-kan-bagisi-buyuk-onem-tasiyor\/#breadcrumb","itemListElement":[{"@type":"ListItem","position":1,"name":"Anasayfa","item":"https:\/\/kuzeyinsesi.org\/"},{"@type":"ListItem","position":2,"name":"Din\u00e7y\u00fcrek: D\u00fczenli kan ba\u011f\u0131\u015f\u0131 b\u00fcy\u00fck \u00f6nem ta\u015f\u0131yor"}]},{"@type":"WebSite","@id":"https:\/\/kuzeyinsesi.org\/#website","url":"https:\/\/kuzeyinsesi.org\/","name":"Kuzeyin Sesi","description":"Do\u011fru Haberin Adresi","potentialAction":[{"@type":"SearchAction","target":{"@type":"EntryPoint","urlTemplate":"https:\/\/kuzeyinsesi.org\/?s={search_term_string}"},"query-input":{"@type":"PropertyValueSpecification","valueRequired":true,"valueName":"search_term_string"}}],"inLanguage":"tr"},{"@type":"Person","@id":"https:\/\/kuzeyinsesi.org\/#\/schema\/person\/9f859689cdf01485597712386e37f5aa","name":"Kuzeyin Sesi","image":{"@type":"ImageObject","inLanguage":"tr","@id":"https:\/\/secure.gravatar.com\/avatar\/bab33852abfd8b282518d6ed81826833d77c3c882d9ab608add591ccace47a44?s=96&d=mm&r=g","url":"https:\/\/secure.gravatar.com\/avatar\/bab33852abfd8b282518d6ed81826833d77c3c882d9ab608add591ccace47a44?s=96&d=mm&r=g","contentUrl":"https:\/\/secure.gravatar.com\/avatar\/bab33852abfd8b282518d6ed81826833d77c3c882d9ab608add591ccace47a44?s=96&d=mm&r=g","caption":"Kuzeyin Sesi"},"sameAs":["https:\/\/kuzeyinsesi.org"],"url":"https:\/\/kuzeyinsesi.org\/index.php\/author\/guven\/"}]}},"_links":{"self":[{"href":"https:\/\/kuzeyinsesi.org\/index.php\/wp-json\/wp\/v2\/posts\/1734","targetHints":{"allow":["GET"]}}],"collection":[{"href":"https:\/\/kuzeyinsesi.org\/index.php\/wp-json\/wp\/v2\/posts"}],"about":[{"href":"https:\/\/kuzeyinsesi.org\/index.php\/wp-json\/wp\/v2\/types\/post"}],"author":[{"embeddable":true,"href":"https:\/\/kuzeyinsesi.org\/index.php\/wp-json\/wp\/v2\/users\/1"}],"replies":[{"embeddable":true,"href":"https:\/\/kuzeyinsesi.org\/index.php\/wp-json\/wp\/v2\/comments?post=1734"}],"version-history":[{"count":0,"href":"https:\/\/kuzeyinsesi.org\/index.php\/wp-json\/wp\/v2\/posts\/1734\/revisions"}],"wp:featuredmedia":[{"embeddable":true,"href":"https:\/\/kuzeyinsesi.org\/index.php\/wp-json\/wp\/v2\/media\/1735"}],"wp:attachment":[{"href":"https:\/\/kuzeyinsesi.org\/index.php\/wp-json\/wp\/v2\/media?parent=1734"}],"wp:term":[{"taxonomy":"category","embeddable":true,"href":"https:\/\/kuzeyinsesi.org\/index.php\/wp-json\/wp\/v2\/categories?post=1734"},{"taxonomy":"post_tag","embeddable":true,"href":"https:\/\/kuzeyinsesi.org\/index.php\/wp-json\/wp\/v2\/tags?post=1734"}],"curies":[{"name":"wp","href":"https:\/\/api.w.org\/{rel}","templated":true}]}}