{"id":1732,"date":"2024-05-08T17:53:03","date_gmt":"2024-05-08T14:53:03","guid":{"rendered":"https:\/\/kuzeyinsesi.com\/index.php\/2024\/05\/08\/tc-kultur-ve-turizm-bakan-yardimcisi-mumcu-kktc-opera-ve-bale-koordinasyon-merkezi-sorumlusu-toreyi-kabul-etti\/"},"modified":"2024-05-08T17:53:03","modified_gmt":"2024-05-08T14:53:03","slug":"tc-kultur-ve-turizm-bakan-yardimcisi-mumcu-kktc-opera-ve-bale-koordinasyon-merkezi-sorumlusu-toreyi-kabul-etti","status":"publish","type":"post","link":"https:\/\/kuzeyinsesi.org\/index.php\/2024\/05\/08\/tc-kultur-ve-turizm-bakan-yardimcisi-mumcu-kktc-opera-ve-bale-koordinasyon-merkezi-sorumlusu-toreyi-kabul-etti\/","title":{"rendered":"TC K\u00fclt\u00fcr ve Turizm Bakan Yard\u0131mc\u0131s\u0131 Mumcu, KKTC Opera ve Bale Koordinasyon Merkezi Sorumlusu T\u00f6re\u2019yi kabul etti"},"content":{"rendered":"<div>\n<div class=\"mariselle-image-container none\">\n                                            <\/div>\n<p>T\u00fcrkiye K\u00fclt\u00fcr ve Turizm Bakan Yard\u0131mc\u0131s\u0131 Batuhan Mumcu, KKTC Devlet Opera ve Bale Koordinasyon Merkezi (KKTCDOB) Genel Sorumlusu ve Genel Sanat Y\u00f6netmeni Tu\u011frul Enver T\u00f6re\u2019yi kabul etti.<\/p>\n<p>Merkezden yap\u0131lan a\u00e7\u0131klamaya g\u00f6re Mumcu, KKTC\u2018de kurulan KKTCDOB\u2019a \u00f6nem verdiklerini, \u00fclkedeki opera ve bale faaliyetlerine destek olmaya devam edeceklerini, Devlet Opera ve Balesi Genel M\u00fcd\u00fcrl\u00fc\u011f\u00fc ile KKTC Devlet Opera ve Bale Koordinasyon Merkezi\u2019nin y\u00fcr\u00fctt\u00fc\u011f\u00fc ortak \u00e7al\u0131\u015fmalardan memnuniyet duyduklar\u0131n\u0131 ifade etti.<\/p>\n<p>TC K\u00fclt\u00fcr ve Turizm Bakanl\u0131\u011f\u0131\u2019n\u0131n ve Bakanl\u0131\u011fa ba\u011fl\u0131 Devlet Opera ve Balesi Genel M\u00fcd\u00fcrl\u00fc\u011f\u00fc ile M\u00fcd\u00fcrl\u00fcklerinin KKTCDOB \u00e7al\u0131\u015fmalar\u0131na sa\u011flamakta olduklar\u0131 destek i\u00e7in te\u015fekk\u00fcr eden Tu\u011frul Enver T\u00f6re, yeni projeler ve KKTCDOB\u2019un faaliyetleri, kurulu\u015f-geli\u015fim s\u00fcreciyle \u00e7al\u0131\u015fmalar\u0131 hakk\u0131nda detayl\u0131 bilgiler verdi.<\/p>\n<p>Ba\u015fbakan Yard\u0131mc\u0131s\u0131 Turizm K\u00fclt\u00fcr Gen\u00e7lik ve \u00c7evre Bakan\u0131 Fikri Atao\u011flu\u2019nun selamlar\u0131n\u0131 da ileten Tu\u011frul Enver T\u00f6re, TC K\u00fclt\u00fcr ve Turizm Bakan\u0131 Mehmet Nuri Ersoy\u2019un ve t\u00fcm ekibinin destekleri i\u00e7in m\u00fcte\u015fekkir olduklar\u0131n\u0131 s\u00f6yledi.<\/p>\n<\/p><\/div>\n<p><script async\n                    defer\n                    crossorigin=\"anonymous\"\n                    src=\"https:\/\/connect.facebook.net\/tr_TR\/sdk.js#xfbml=1&#038;version=v3.3\"\n            ><\/script><\/p>\n","protected":false},"excerpt":{"rendered":"<p>T\u00fcrkiye K\u00fclt\u00fcr ve Turizm Bakan Yard\u0131mc\u0131s\u0131 Batuhan Mumcu, KKTC Devlet Opera ve Bale Koordinasyon Merkezi (KKTCDOB) Genel Sorumlusu ve Genel Sanat Y\u00f6netmeni Tu\u011frul Enver T\u00f6re\u2019yi kabul etti. Merkezden yap\u0131lan a\u00e7\u0131klamaya g\u00f6re Mumcu, KKTC\u2018de kurulan KKTCDOB\u2019a \u00f6nem verdiklerini, \u00fclkedeki opera ve bale faaliyetlerine destek olmaya devam edeceklerini, Devlet Opera ve Balesi Genel M\u00fcd\u00fcrl\u00fc\u011f\u00fc ile KKTC Devlet [&hellip;]<\/p>\n","protected":false},"author":1,"featured_media":1733,"comment_status":"open","ping_status":"open","sticky":false,"template":"","format":"standard","meta":{"jnews-multi-image_gallery":[],"jnews_single_post":[],"jnews_primary_category":[],"jnews_social_meta":[],"jnews_override_counter":[],"footnotes":""},"categories":[6],"tags":[],"class_list":["post-1732","post","type-post","status-publish","format-standard","has-post-thumbnail","hentry","category-yasam"],"yoast_head":"<!-- This site is optimized with the Yoast SEO plugin v27.5 - https:\/\/yoast.com\/product\/yoast-seo-wordpress\/ -->\n<title>TC K\u00fclt\u00fcr ve Turizm Bakan Yard\u0131mc\u0131s\u0131 Mumcu, KKTC Opera ve Bale Koordinasyon Merkezi Sorumlusu T\u00f6re\u2019yi kabul etti - Kuzeyin Sesi<\/title>\n<meta name=\"robots\" content=\"index, follow, max-snippet:-1, max-image-preview:large, max-video-preview:-1\" \/>\n<link rel=\"canonical\" href=\"https:\/\/kuzeyinsesi.org\/index.php\/2024\/05\/08\/tc-kultur-ve-turizm-bakan-yardimcisi-mumcu-kktc-opera-ve-bale-koordinasyon-merkezi-sorumlusu-toreyi-kabul-etti\/\" \/>\n<meta property=\"og:locale\" content=\"tr_TR\" \/>\n<meta property=\"og:type\" content=\"article\" \/>\n<meta property=\"og:title\" content=\"TC K\u00fclt\u00fcr ve Turizm Bakan Yard\u0131mc\u0131s\u0131 Mumcu, KKTC Opera ve Bale Koordinasyon Merkezi Sorumlusu T\u00f6re\u2019yi kabul etti - Kuzeyin Sesi\" \/>\n<meta property=\"og:description\" content=\"T\u00fcrkiye K\u00fclt\u00fcr ve Turizm Bakan Yard\u0131mc\u0131s\u0131 Batuhan Mumcu, KKTC Devlet Opera ve Bale Koordinasyon Merkezi (KKTCDOB) Genel Sorumlusu ve Genel Sanat Y\u00f6netmeni Tu\u011frul Enver T\u00f6re\u2019yi kabul etti. Merkezden yap\u0131lan a\u00e7\u0131klamaya g\u00f6re Mumcu, KKTC\u2018de kurulan KKTCDOB\u2019a \u00f6nem verdiklerini, \u00fclkedeki opera ve bale faaliyetlerine destek olmaya devam edeceklerini, Devlet Opera ve Balesi Genel M\u00fcd\u00fcrl\u00fc\u011f\u00fc ile KKTC Devlet [&hellip;]\" \/>\n<meta property=\"og:url\" content=\"https:\/\/kuzeyinsesi.org\/index.php\/2024\/05\/08\/tc-kultur-ve-turizm-bakan-yardimcisi-mumcu-kktc-opera-ve-bale-koordinasyon-merkezi-sorumlusu-toreyi-kabul-etti\/\" \/>\n<meta property=\"og:site_name\" content=\"Kuzeyin Sesi\" \/>\n<meta property=\"article:publisher\" content=\"https:\/\/www.facebook.com\/kuzeyinsesii\" \/>\n<meta property=\"article:published_time\" content=\"2024-05-08T14:53:03+00:00\" \/>\n<meta property=\"og:image\" content=\"https:\/\/kuzeyinsesi.org\/wp-content\/uploads\/2024\/05\/kktc-devlet-opera-bale1-scaled.jpg\" \/>\n\t<meta property=\"og:image:width\" content=\"2560\" \/>\n\t<meta property=\"og:image:height\" content=\"1637\" \/>\n\t<meta property=\"og:image:type\" content=\"image\/jpeg\" \/>\n<meta name=\"author\" content=\"Kuzeyin Sesi\" \/>\n<meta name=\"twitter:card\" content=\"summary_large_image\" \/>\n<meta name=\"twitter:creator\" content=\"@kuzeyinsesii\" \/>\n<meta name=\"twitter:site\" content=\"@kuzeyinsesii\" \/>\n<meta name=\"twitter:label1\" content=\"Yazan:\" \/>\n\t<meta name=\"twitter:data1\" content=\"Kuzeyin Sesi\" \/>\n\t<meta name=\"twitter:label2\" content=\"Tahmini okuma s\u00fcresi\" \/>\n\t<meta name=\"twitter:data2\" content=\"1 dakika\" \/>\n<script type=\"application\/ld+json\" class=\"yoast-schema-graph\">{\"@context\":\"https:\\\/\\\/schema.org\",\"@graph\":[{\"@type\":\"Article\",\"@id\":\"https:\\\/\\\/kuzeyinsesi.org\\\/index.php\\\/2024\\\/05\\\/08\\\/tc-kultur-ve-turizm-bakan-yardimcisi-mumcu-kktc-opera-ve-bale-koordinasyon-merkezi-sorumlusu-toreyi-kabul-etti\\\/#article\",\"isPartOf\":{\"@id\":\"https:\\\/\\\/kuzeyinsesi.org\\\/index.php\\\/2024\\\/05\\\/08\\\/tc-kultur-ve-turizm-bakan-yardimcisi-mumcu-kktc-opera-ve-bale-koordinasyon-merkezi-sorumlusu-toreyi-kabul-etti\\\/\"},\"author\":{\"name\":\"Kuzeyin Sesi\",\"@id\":\"https:\\\/\\\/kuzeyinsesi.org\\\/#\\\/schema\\\/person\\\/9f859689cdf01485597712386e37f5aa\"},\"headline\":\"TC K\u00fclt\u00fcr ve Turizm Bakan Yard\u0131mc\u0131s\u0131 Mumcu, KKTC Opera ve Bale Koordinasyon Merkezi Sorumlusu T\u00f6re\u2019yi kabul etti\",\"datePublished\":\"2024-05-08T14:53:03+00:00\",\"mainEntityOfPage\":{\"@id\":\"https:\\\/\\\/kuzeyinsesi.org\\\/index.php\\\/2024\\\/05\\\/08\\\/tc-kultur-ve-turizm-bakan-yardimcisi-mumcu-kktc-opera-ve-bale-koordinasyon-merkezi-sorumlusu-toreyi-kabul-etti\\\/\"},\"wordCount\":227,\"commentCount\":0,\"image\":{\"@id\":\"https:\\\/\\\/kuzeyinsesi.org\\\/index.php\\\/2024\\\/05\\\/08\\\/tc-kultur-ve-turizm-bakan-yardimcisi-mumcu-kktc-opera-ve-bale-koordinasyon-merkezi-sorumlusu-toreyi-kabul-etti\\\/#primaryimage\"},\"thumbnailUrl\":\"https:\\\/\\\/kuzeyinsesi.org\\\/wp-content\\\/uploads\\\/2024\\\/05\\\/kktc-devlet-opera-bale1-scaled.jpg\",\"articleSection\":[\"Ya\u015fam\"],\"inLanguage\":\"tr\",\"potentialAction\":[{\"@type\":\"CommentAction\",\"name\":\"Comment\",\"target\":[\"https:\\\/\\\/kuzeyinsesi.org\\\/index.php\\\/2024\\\/05\\\/08\\\/tc-kultur-ve-turizm-bakan-yardimcisi-mumcu-kktc-opera-ve-bale-koordinasyon-merkezi-sorumlusu-toreyi-kabul-etti\\\/#respond\"]}]},{\"@type\":\"WebPage\",\"@id\":\"https:\\\/\\\/kuzeyinsesi.org\\\/index.php\\\/2024\\\/05\\\/08\\\/tc-kultur-ve-turizm-bakan-yardimcisi-mumcu-kktc-opera-ve-bale-koordinasyon-merkezi-sorumlusu-toreyi-kabul-etti\\\/\",\"url\":\"https:\\\/\\\/kuzeyinsesi.org\\\/index.php\\\/2024\\\/05\\\/08\\\/tc-kultur-ve-turizm-bakan-yardimcisi-mumcu-kktc-opera-ve-bale-koordinasyon-merkezi-sorumlusu-toreyi-kabul-etti\\\/\",\"name\":\"TC K\u00fclt\u00fcr ve Turizm Bakan Yard\u0131mc\u0131s\u0131 Mumcu, KKTC Opera ve Bale Koordinasyon Merkezi Sorumlusu T\u00f6re\u2019yi kabul etti - Kuzeyin Sesi\",\"isPartOf\":{\"@id\":\"https:\\\/\\\/kuzeyinsesi.org\\\/#website\"},\"primaryImageOfPage\":{\"@id\":\"https:\\\/\\\/kuzeyinsesi.org\\\/index.php\\\/2024\\\/05\\\/08\\\/tc-kultur-ve-turizm-bakan-yardimcisi-mumcu-kktc-opera-ve-bale-koordinasyon-merkezi-sorumlusu-toreyi-kabul-etti\\\/#primaryimage\"},\"image\":{\"@id\":\"https:\\\/\\\/kuzeyinsesi.org\\\/index.php\\\/2024\\\/05\\\/08\\\/tc-kultur-ve-turizm-bakan-yardimcisi-mumcu-kktc-opera-ve-bale-koordinasyon-merkezi-sorumlusu-toreyi-kabul-etti\\\/#primaryimage\"},\"thumbnailUrl\":\"https:\\\/\\\/kuzeyinsesi.org\\\/wp-content\\\/uploads\\\/2024\\\/05\\\/kktc-devlet-opera-bale1-scaled.jpg\",\"datePublished\":\"2024-05-08T14:53:03+00:00\",\"author\":{\"@id\":\"https:\\\/\\\/kuzeyinsesi.org\\\/#\\\/schema\\\/person\\\/9f859689cdf01485597712386e37f5aa\"},\"breadcrumb\":{\"@id\":\"https:\\\/\\\/kuzeyinsesi.org\\\/index.php\\\/2024\\\/05\\\/08\\\/tc-kultur-ve-turizm-bakan-yardimcisi-mumcu-kktc-opera-ve-bale-koordinasyon-merkezi-sorumlusu-toreyi-kabul-etti\\\/#breadcrumb\"},\"inLanguage\":\"tr\",\"potentialAction\":[{\"@type\":\"ReadAction\",\"target\":[\"https:\\\/\\\/kuzeyinsesi.org\\\/index.php\\\/2024\\\/05\\\/08\\\/tc-kultur-ve-turizm-bakan-yardimcisi-mumcu-kktc-opera-ve-bale-koordinasyon-merkezi-sorumlusu-toreyi-kabul-etti\\\/\"]}]},{\"@type\":\"ImageObject\",\"inLanguage\":\"tr\",\"@id\":\"https:\\\/\\\/kuzeyinsesi.org\\\/index.php\\\/2024\\\/05\\\/08\\\/tc-kultur-ve-turizm-bakan-yardimcisi-mumcu-kktc-opera-ve-bale-koordinasyon-merkezi-sorumlusu-toreyi-kabul-etti\\\/#primaryimage\",\"url\":\"https:\\\/\\\/kuzeyinsesi.org\\\/wp-content\\\/uploads\\\/2024\\\/05\\\/kktc-devlet-opera-bale1-scaled.jpg\",\"contentUrl\":\"https:\\\/\\\/kuzeyinsesi.org\\\/wp-content\\\/uploads\\\/2024\\\/05\\\/kktc-devlet-opera-bale1-scaled.jpg\",\"width\":2560,\"height\":1637},{\"@type\":\"BreadcrumbList\",\"@id\":\"https:\\\/\\\/kuzeyinsesi.org\\\/index.php\\\/2024\\\/05\\\/08\\\/tc-kultur-ve-turizm-bakan-yardimcisi-mumcu-kktc-opera-ve-bale-koordinasyon-merkezi-sorumlusu-toreyi-kabul-etti\\\/#breadcrumb\",\"itemListElement\":[{\"@type\":\"ListItem\",\"position\":1,\"name\":\"Anasayfa\",\"item\":\"https:\\\/\\\/kuzeyinsesi.org\\\/\"},{\"@type\":\"ListItem\",\"position\":2,\"name\":\"TC K\u00fclt\u00fcr ve Turizm Bakan Yard\u0131mc\u0131s\u0131 Mumcu, KKTC Opera ve Bale Koordinasyon Merkezi Sorumlusu T\u00f6re\u2019yi kabul etti\"}]},{\"@type\":\"WebSite\",\"@id\":\"https:\\\/\\\/kuzeyinsesi.org\\\/#website\",\"url\":\"https:\\\/\\\/kuzeyinsesi.org\\\/\",\"name\":\"Kuzeyin Sesi\",\"description\":\"Do\u011fru Haberin Adresi\",\"potentialAction\":[{\"@type\":\"SearchAction\",\"target\":{\"@type\":\"EntryPoint\",\"urlTemplate\":\"https:\\\/\\\/kuzeyinsesi.org\\\/?s={search_term_string}\"},\"query-input\":{\"@type\":\"PropertyValueSpecification\",\"valueRequired\":true,\"valueName\":\"search_term_string\"}}],\"inLanguage\":\"tr\"},{\"@type\":\"Person\",\"@id\":\"https:\\\/\\\/kuzeyinsesi.org\\\/#\\\/schema\\\/person\\\/9f859689cdf01485597712386e37f5aa\",\"name\":\"Kuzeyin Sesi\",\"image\":{\"@type\":\"ImageObject\",\"inLanguage\":\"tr\",\"@id\":\"https:\\\/\\\/secure.gravatar.com\\\/avatar\\\/bab33852abfd8b282518d6ed81826833d77c3c882d9ab608add591ccace47a44?s=96&d=mm&r=g\",\"url\":\"https:\\\/\\\/secure.gravatar.com\\\/avatar\\\/bab33852abfd8b282518d6ed81826833d77c3c882d9ab608add591ccace47a44?s=96&d=mm&r=g\",\"contentUrl\":\"https:\\\/\\\/secure.gravatar.com\\\/avatar\\\/bab33852abfd8b282518d6ed81826833d77c3c882d9ab608add591ccace47a44?s=96&d=mm&r=g\",\"caption\":\"Kuzeyin Sesi\"},\"sameAs\":[\"https:\\\/\\\/kuzeyinsesi.org\"],\"url\":\"https:\\\/\\\/kuzeyinsesi.org\\\/index.php\\\/author\\\/guven\\\/\"}]}<\/script>\n<!-- \/ Yoast SEO plugin. -->","yoast_head_json":{"title":"TC K\u00fclt\u00fcr ve Turizm Bakan Yard\u0131mc\u0131s\u0131 Mumcu, KKTC Opera ve Bale Koordinasyon Merkezi Sorumlusu T\u00f6re\u2019yi kabul etti - Kuzeyin Sesi","robots":{"index":"index","follow":"follow","max-snippet":"max-snippet:-1","max-image-preview":"max-image-preview:large","max-video-preview":"max-video-preview:-1"},"canonical":"https:\/\/kuzeyinsesi.org\/index.php\/2024\/05\/08\/tc-kultur-ve-turizm-bakan-yardimcisi-mumcu-kktc-opera-ve-bale-koordinasyon-merkezi-sorumlusu-toreyi-kabul-etti\/","og_locale":"tr_TR","og_type":"article","og_title":"TC K\u00fclt\u00fcr ve Turizm Bakan Yard\u0131mc\u0131s\u0131 Mumcu, KKTC Opera ve Bale Koordinasyon Merkezi Sorumlusu T\u00f6re\u2019yi kabul etti - Kuzeyin Sesi","og_description":"T\u00fcrkiye K\u00fclt\u00fcr ve Turizm Bakan Yard\u0131mc\u0131s\u0131 Batuhan Mumcu, KKTC Devlet Opera ve Bale Koordinasyon Merkezi (KKTCDOB) Genel Sorumlusu ve Genel Sanat Y\u00f6netmeni Tu\u011frul Enver T\u00f6re\u2019yi kabul etti. Merkezden yap\u0131lan a\u00e7\u0131klamaya g\u00f6re Mumcu, KKTC\u2018de kurulan KKTCDOB\u2019a \u00f6nem verdiklerini, \u00fclkedeki opera ve bale faaliyetlerine destek olmaya devam edeceklerini, Devlet Opera ve Balesi Genel M\u00fcd\u00fcrl\u00fc\u011f\u00fc ile KKTC Devlet [&hellip;]","og_url":"https:\/\/kuzeyinsesi.org\/index.php\/2024\/05\/08\/tc-kultur-ve-turizm-bakan-yardimcisi-mumcu-kktc-opera-ve-bale-koordinasyon-merkezi-sorumlusu-toreyi-kabul-etti\/","og_site_name":"Kuzeyin Sesi","article_publisher":"https:\/\/www.facebook.com\/kuzeyinsesii","article_published_time":"2024-05-08T14:53:03+00:00","og_image":[{"width":2560,"height":1637,"url":"https:\/\/kuzeyinsesi.org\/wp-content\/uploads\/2024\/05\/kktc-devlet-opera-bale1-scaled.jpg","type":"image\/jpeg"}],"author":"Kuzeyin Sesi","twitter_card":"summary_large_image","twitter_creator":"@kuzeyinsesii","twitter_site":"@kuzeyinsesii","twitter_misc":{"Yazan:":"Kuzeyin Sesi","Tahmini okuma s\u00fcresi":"1 dakika"},"schema":{"@context":"https:\/\/schema.org","@graph":[{"@type":"Article","@id":"https:\/\/kuzeyinsesi.org\/index.php\/2024\/05\/08\/tc-kultur-ve-turizm-bakan-yardimcisi-mumcu-kktc-opera-ve-bale-koordinasyon-merkezi-sorumlusu-toreyi-kabul-etti\/#article","isPartOf":{"@id":"https:\/\/kuzeyinsesi.org\/index.php\/2024\/05\/08\/tc-kultur-ve-turizm-bakan-yardimcisi-mumcu-kktc-opera-ve-bale-koordinasyon-merkezi-sorumlusu-toreyi-kabul-etti\/"},"author":{"name":"Kuzeyin Sesi","@id":"https:\/\/kuzeyinsesi.org\/#\/schema\/person\/9f859689cdf01485597712386e37f5aa"},"headline":"TC K\u00fclt\u00fcr ve Turizm Bakan Yard\u0131mc\u0131s\u0131 Mumcu, KKTC Opera ve Bale Koordinasyon Merkezi Sorumlusu T\u00f6re\u2019yi kabul etti","datePublished":"2024-05-08T14:53:03+00:00","mainEntityOfPage":{"@id":"https:\/\/kuzeyinsesi.org\/index.php\/2024\/05\/08\/tc-kultur-ve-turizm-bakan-yardimcisi-mumcu-kktc-opera-ve-bale-koordinasyon-merkezi-sorumlusu-toreyi-kabul-etti\/"},"wordCount":227,"commentCount":0,"image":{"@id":"https:\/\/kuzeyinsesi.org\/index.php\/2024\/05\/08\/tc-kultur-ve-turizm-bakan-yardimcisi-mumcu-kktc-opera-ve-bale-koordinasyon-merkezi-sorumlusu-toreyi-kabul-etti\/#primaryimage"},"thumbnailUrl":"https:\/\/kuzeyinsesi.org\/wp-content\/uploads\/2024\/05\/kktc-devlet-opera-bale1-scaled.jpg","articleSection":["Ya\u015fam"],"inLanguage":"tr","potentialAction":[{"@type":"CommentAction","name":"Comment","target":["https:\/\/kuzeyinsesi.org\/index.php\/2024\/05\/08\/tc-kultur-ve-turizm-bakan-yardimcisi-mumcu-kktc-opera-ve-bale-koordinasyon-merkezi-sorumlusu-toreyi-kabul-etti\/#respond"]}]},{"@type":"WebPage","@id":"https:\/\/kuzeyinsesi.org\/index.php\/2024\/05\/08\/tc-kultur-ve-turizm-bakan-yardimcisi-mumcu-kktc-opera-ve-bale-koordinasyon-merkezi-sorumlusu-toreyi-kabul-etti\/","url":"https:\/\/kuzeyinsesi.org\/index.php\/2024\/05\/08\/tc-kultur-ve-turizm-bakan-yardimcisi-mumcu-kktc-opera-ve-bale-koordinasyon-merkezi-sorumlusu-toreyi-kabul-etti\/","name":"TC K\u00fclt\u00fcr ve Turizm Bakan Yard\u0131mc\u0131s\u0131 Mumcu, KKTC Opera ve Bale Koordinasyon Merkezi Sorumlusu T\u00f6re\u2019yi kabul etti - Kuzeyin Sesi","isPartOf":{"@id":"https:\/\/kuzeyinsesi.org\/#website"},"primaryImageOfPage":{"@id":"https:\/\/kuzeyinsesi.org\/index.php\/2024\/05\/08\/tc-kultur-ve-turizm-bakan-yardimcisi-mumcu-kktc-opera-ve-bale-koordinasyon-merkezi-sorumlusu-toreyi-kabul-etti\/#primaryimage"},"image":{"@id":"https:\/\/kuzeyinsesi.org\/index.php\/2024\/05\/08\/tc-kultur-ve-turizm-bakan-yardimcisi-mumcu-kktc-opera-ve-bale-koordinasyon-merkezi-sorumlusu-toreyi-kabul-etti\/#primaryimage"},"thumbnailUrl":"https:\/\/kuzeyinsesi.org\/wp-content\/uploads\/2024\/05\/kktc-devlet-opera-bale1-scaled.jpg","datePublished":"2024-05-08T14:53:03+00:00","author":{"@id":"https:\/\/kuzeyinsesi.org\/#\/schema\/person\/9f859689cdf01485597712386e37f5aa"},"breadcrumb":{"@id":"https:\/\/kuzeyinsesi.org\/index.php\/2024\/05\/08\/tc-kultur-ve-turizm-bakan-yardimcisi-mumcu-kktc-opera-ve-bale-koordinasyon-merkezi-sorumlusu-toreyi-kabul-etti\/#breadcrumb"},"inLanguage":"tr","potentialAction":[{"@type":"ReadAction","target":["https:\/\/kuzeyinsesi.org\/index.php\/2024\/05\/08\/tc-kultur-ve-turizm-bakan-yardimcisi-mumcu-kktc-opera-ve-bale-koordinasyon-merkezi-sorumlusu-toreyi-kabul-etti\/"]}]},{"@type":"ImageObject","inLanguage":"tr","@id":"https:\/\/kuzeyinsesi.org\/index.php\/2024\/05\/08\/tc-kultur-ve-turizm-bakan-yardimcisi-mumcu-kktc-opera-ve-bale-koordinasyon-merkezi-sorumlusu-toreyi-kabul-etti\/#primaryimage","url":"https:\/\/kuzeyinsesi.org\/wp-content\/uploads\/2024\/05\/kktc-devlet-opera-bale1-scaled.jpg","contentUrl":"https:\/\/kuzeyinsesi.org\/wp-content\/uploads\/2024\/05\/kktc-devlet-opera-bale1-scaled.jpg","width":2560,"height":1637},{"@type":"BreadcrumbList","@id":"https:\/\/kuzeyinsesi.org\/index.php\/2024\/05\/08\/tc-kultur-ve-turizm-bakan-yardimcisi-mumcu-kktc-opera-ve-bale-koordinasyon-merkezi-sorumlusu-toreyi-kabul-etti\/#breadcrumb","itemListElement":[{"@type":"ListItem","position":1,"name":"Anasayfa","item":"https:\/\/kuzeyinsesi.org\/"},{"@type":"ListItem","position":2,"name":"TC K\u00fclt\u00fcr ve Turizm Bakan Yard\u0131mc\u0131s\u0131 Mumcu, KKTC Opera ve Bale Koordinasyon Merkezi Sorumlusu T\u00f6re\u2019yi kabul etti"}]},{"@type":"WebSite","@id":"https:\/\/kuzeyinsesi.org\/#website","url":"https:\/\/kuzeyinsesi.org\/","name":"Kuzeyin Sesi","description":"Do\u011fru Haberin Adresi","potentialAction":[{"@type":"SearchAction","target":{"@type":"EntryPoint","urlTemplate":"https:\/\/kuzeyinsesi.org\/?s={search_term_string}"},"query-input":{"@type":"PropertyValueSpecification","valueRequired":true,"valueName":"search_term_string"}}],"inLanguage":"tr"},{"@type":"Person","@id":"https:\/\/kuzeyinsesi.org\/#\/schema\/person\/9f859689cdf01485597712386e37f5aa","name":"Kuzeyin Sesi","image":{"@type":"ImageObject","inLanguage":"tr","@id":"https:\/\/secure.gravatar.com\/avatar\/bab33852abfd8b282518d6ed81826833d77c3c882d9ab608add591ccace47a44?s=96&d=mm&r=g","url":"https:\/\/secure.gravatar.com\/avatar\/bab33852abfd8b282518d6ed81826833d77c3c882d9ab608add591ccace47a44?s=96&d=mm&r=g","contentUrl":"https:\/\/secure.gravatar.com\/avatar\/bab33852abfd8b282518d6ed81826833d77c3c882d9ab608add591ccace47a44?s=96&d=mm&r=g","caption":"Kuzeyin Sesi"},"sameAs":["https:\/\/kuzeyinsesi.org"],"url":"https:\/\/kuzeyinsesi.org\/index.php\/author\/guven\/"}]}},"_links":{"self":[{"href":"https:\/\/kuzeyinsesi.org\/index.php\/wp-json\/wp\/v2\/posts\/1732","targetHints":{"allow":["GET"]}}],"collection":[{"href":"https:\/\/kuzeyinsesi.org\/index.php\/wp-json\/wp\/v2\/posts"}],"about":[{"href":"https:\/\/kuzeyinsesi.org\/index.php\/wp-json\/wp\/v2\/types\/post"}],"author":[{"embeddable":true,"href":"https:\/\/kuzeyinsesi.org\/index.php\/wp-json\/wp\/v2\/users\/1"}],"replies":[{"embeddable":true,"href":"https:\/\/kuzeyinsesi.org\/index.php\/wp-json\/wp\/v2\/comments?post=1732"}],"version-history":[{"count":0,"href":"https:\/\/kuzeyinsesi.org\/index.php\/wp-json\/wp\/v2\/posts\/1732\/revisions"}],"wp:featuredmedia":[{"embeddable":true,"href":"https:\/\/kuzeyinsesi.org\/index.php\/wp-json\/wp\/v2\/media\/1733"}],"wp:attachment":[{"href":"https:\/\/kuzeyinsesi.org\/index.php\/wp-json\/wp\/v2\/media?parent=1732"}],"wp:term":[{"taxonomy":"category","embeddable":true,"href":"https:\/\/kuzeyinsesi.org\/index.php\/wp-json\/wp\/v2\/categories?post=1732"},{"taxonomy":"post_tag","embeddable":true,"href":"https:\/\/kuzeyinsesi.org\/index.php\/wp-json\/wp\/v2\/tags?post=1732"}],"curies":[{"name":"wp","href":"https:\/\/api.w.org\/{rel}","templated":true}]}}