{"id":17308,"date":"2025-01-14T15:14:31","date_gmt":"2025-01-14T13:14:31","guid":{"rendered":"https:\/\/kuzeyinsesi.org\/index.php\/2025\/01\/14\/orkun-bozkurtun-yeni-romani-hulusiiiii-yayimlandi\/"},"modified":"2025-01-14T15:14:31","modified_gmt":"2025-01-14T13:14:31","slug":"orkun-bozkurtun-yeni-romani-hulusiiiii-yayimlandi","status":"publish","type":"post","link":"https:\/\/kuzeyinsesi.org\/index.php\/2025\/01\/14\/orkun-bozkurtun-yeni-romani-hulusiiiii-yayimlandi\/","title":{"rendered":"Orkun Bozkurt\u2019un yeni roman\u0131 \u201cHulusiiiii!\u201d yay\u0131mland\u0131"},"content":{"rendered":"<div>\n<div class=\"mariselle-image-container none\">\n                                            <\/div>\n<p style=\"font-weight: 300;\"><span style=\"font-weight: 300 !important;\">Orkun Bozkurt\u2019un yeni roman\u0131 \u201cHulusiiiii!\u201d, I\u015f\u0131k Kitabevi Yay\u0131nlar\u0131 etiketiyle okurlar\u0131yla bulu\u015ftu.<\/span><\/p>\n<p style=\"font-weight: 300;\"><span style=\"font-weight: 300 !important;\">I\u015f\u0131k Kitabevi\u2019nden verilen bilgiye g\u00f6re, 2018-2020 y\u0131llar\u0131 aras\u0131nda Tantana mizah dergisinde yay\u0131mlanan \u201cBir G\u00fcn Memleket Y\u00f6netiyoruz\u201d serisindeki \u00f6yk\u00fclerin romanla\u015ft\u0131r\u0131lm\u0131\u015f hali olan kitap, \u201c\u0130ktidar G\u00fcnleri\u201d, \u201cMuhalefet G\u00fcnleri\u201d ve \u201cVe Yeniden \u0130ktidaaar\u2026\u201d olmak \u00fczere \u00fc\u00e7 ana b\u00f6l\u00fcmden olu\u015fuyor.<\/span><\/p>\n<p style=\"font-weight: 300;\"><span style=\"font-weight: 300 !important;\">Bir bakan ve onun \u00f6zel kalemi Hulusi aras\u0131ndaki ili\u015fkiyi merkeze alan romanda, Bozkurt, b\u00fcrokrasi, nepotizm, pop\u00fclizm, y\u00f6netim anlay\u0131\u015f\u0131 ve toplumsal sorunlar\u0131 keskin bir mizah diliyle ele\u015ftiriyor. Roman, K\u0131br\u0131s T\u00fcrk toplumunun siyasi ve toplumsal haf\u0131zas\u0131n\u0131 da yans\u0131t\u0131yor.<\/span><\/p>\n<p style=\"font-weight: 300;\"><span style=\"font-weight: 300 !important;\">Ocak 2025\u2019te I\u015f\u0131k Kitabevi Yay\u0131nlar\u0131 taraf\u0131ndan yay\u0131mlanan 304 sayfal\u0131k kitab\u0131n kapak tasar\u0131m\u0131 Orkun Bozkurt\u2019a, kapak ve kitap karikat\u00fcrleri M. Serhan Gazio\u011flu\u2019na, arka kapak karikat\u00fcr\u00fc ise Mustafa Tozak\u0131\u2019ya ait.<\/span><\/p>\n<p style=\"font-weight: 300;\"><span style=\"font-weight: 300 !important;\">Kitab\u0131n \u00f6ns\u00f6z\u00fcn\u00fc ise karikat\u00fcr sanat\u00e7\u0131s\u0131 H\u00fcseyin \u00c7akmak kaleme ald\u0131.\u00a0<\/span><\/p>\n<p>\u00a0<\/p>\n<\/p><\/div>\n<p><script async\n                    defer\n                    crossorigin=\"anonymous\"\n                    src=\"https:\/\/connect.facebook.net\/tr_TR\/sdk.js#xfbml=1&#038;version=v3.3\"\n            ><\/script><\/p>\n","protected":false},"excerpt":{"rendered":"<p>Orkun Bozkurt\u2019un yeni roman\u0131 \u201cHulusiiiii!\u201d, I\u015f\u0131k Kitabevi Yay\u0131nlar\u0131 etiketiyle okurlar\u0131yla bulu\u015ftu. I\u015f\u0131k Kitabevi\u2019nden verilen bilgiye g\u00f6re, 2018-2020 y\u0131llar\u0131 aras\u0131nda Tantana mizah dergisinde yay\u0131mlanan \u201cBir G\u00fcn Memleket Y\u00f6netiyoruz\u201d serisindeki \u00f6yk\u00fclerin romanla\u015ft\u0131r\u0131lm\u0131\u015f hali olan kitap, \u201c\u0130ktidar G\u00fcnleri\u201d, \u201cMuhalefet G\u00fcnleri\u201d ve \u201cVe Yeniden \u0130ktidaaar\u2026\u201d olmak \u00fczere \u00fc\u00e7 ana b\u00f6l\u00fcmden olu\u015fuyor. Bir bakan ve onun \u00f6zel kalemi Hulusi aras\u0131ndaki [&hellip;]<\/p>\n","protected":false},"author":1,"featured_media":17309,"comment_status":"open","ping_status":"open","sticky":false,"template":"","format":"standard","meta":{"jnews-multi-image_gallery":[],"jnews_single_post":[],"jnews_primary_category":[],"jnews_social_meta":[],"jnews_override_counter":[],"footnotes":""},"categories":[6],"tags":[],"class_list":["post-17308","post","type-post","status-publish","format-standard","has-post-thumbnail","hentry","category-yasam"],"yoast_head":"<!-- This site is optimized with the Yoast SEO plugin v27.4 - https:\/\/yoast.com\/product\/yoast-seo-wordpress\/ -->\n<title>Orkun Bozkurt\u2019un yeni roman\u0131 \u201cHulusiiiii!\u201d yay\u0131mland\u0131 - Kuzeyin Sesi<\/title>\n<meta name=\"robots\" content=\"index, follow, max-snippet:-1, max-image-preview:large, max-video-preview:-1\" \/>\n<link rel=\"canonical\" href=\"https:\/\/kuzeyinsesi.org\/index.php\/2025\/01\/14\/orkun-bozkurtun-yeni-romani-hulusiiiii-yayimlandi\/\" \/>\n<meta property=\"og:locale\" content=\"tr_TR\" \/>\n<meta property=\"og:type\" content=\"article\" \/>\n<meta property=\"og:title\" content=\"Orkun Bozkurt\u2019un yeni roman\u0131 \u201cHulusiiiii!\u201d yay\u0131mland\u0131 - Kuzeyin Sesi\" \/>\n<meta property=\"og:description\" content=\"Orkun Bozkurt\u2019un yeni roman\u0131 \u201cHulusiiiii!\u201d, I\u015f\u0131k Kitabevi Yay\u0131nlar\u0131 etiketiyle okurlar\u0131yla bulu\u015ftu. I\u015f\u0131k Kitabevi\u2019nden verilen bilgiye g\u00f6re, 2018-2020 y\u0131llar\u0131 aras\u0131nda Tantana mizah dergisinde yay\u0131mlanan \u201cBir G\u00fcn Memleket Y\u00f6netiyoruz\u201d serisindeki \u00f6yk\u00fclerin romanla\u015ft\u0131r\u0131lm\u0131\u015f hali olan kitap, \u201c\u0130ktidar G\u00fcnleri\u201d, \u201cMuhalefet G\u00fcnleri\u201d ve \u201cVe Yeniden \u0130ktidaaar\u2026\u201d olmak \u00fczere \u00fc\u00e7 ana b\u00f6l\u00fcmden olu\u015fuyor. Bir bakan ve onun \u00f6zel kalemi Hulusi aras\u0131ndaki [&hellip;]\" \/>\n<meta property=\"og:url\" content=\"https:\/\/kuzeyinsesi.org\/index.php\/2025\/01\/14\/orkun-bozkurtun-yeni-romani-hulusiiiii-yayimlandi\/\" \/>\n<meta property=\"og:site_name\" content=\"Kuzeyin Sesi\" \/>\n<meta property=\"article:publisher\" content=\"https:\/\/www.facebook.com\/kuzeyinsesii\" \/>\n<meta property=\"article:published_time\" content=\"2025-01-14T13:14:31+00:00\" \/>\n<meta property=\"og:image\" content=\"https:\/\/brtk.net\/wp-content\/uploads\/2025\/01\/14\/isik-kitabevi-Huls_Tan-1-1.jpeg?ver=5842b430c8a68feab889e5cb36b11656\" \/>\n<meta name=\"author\" content=\"Kuzeyin Sesi\" \/>\n<meta name=\"twitter:card\" content=\"summary_large_image\" \/>\n<meta name=\"twitter:creator\" content=\"@kuzeyinsesii\" \/>\n<meta name=\"twitter:site\" content=\"@kuzeyinsesii\" \/>\n<meta name=\"twitter:label1\" content=\"Yazan:\" \/>\n\t<meta name=\"twitter:data1\" content=\"Kuzeyin Sesi\" \/>\n\t<meta name=\"twitter:label2\" content=\"Tahmini okuma s\u00fcresi\" \/>\n\t<meta name=\"twitter:data2\" content=\"1 dakika\" \/>\n<script type=\"application\/ld+json\" class=\"yoast-schema-graph\">{\"@context\":\"https:\\\/\\\/schema.org\",\"@graph\":[{\"@type\":\"Article\",\"@id\":\"https:\\\/\\\/kuzeyinsesi.org\\\/index.php\\\/2025\\\/01\\\/14\\\/orkun-bozkurtun-yeni-romani-hulusiiiii-yayimlandi\\\/#article\",\"isPartOf\":{\"@id\":\"https:\\\/\\\/kuzeyinsesi.org\\\/index.php\\\/2025\\\/01\\\/14\\\/orkun-bozkurtun-yeni-romani-hulusiiiii-yayimlandi\\\/\"},\"author\":{\"name\":\"Kuzeyin Sesi\",\"@id\":\"https:\\\/\\\/kuzeyinsesi.org\\\/#\\\/schema\\\/person\\\/9f859689cdf01485597712386e37f5aa\"},\"headline\":\"Orkun Bozkurt\u2019un yeni roman\u0131 \u201cHulusiiiii!\u201d yay\u0131mland\u0131\",\"datePublished\":\"2025-01-14T13:14:31+00:00\",\"mainEntityOfPage\":{\"@id\":\"https:\\\/\\\/kuzeyinsesi.org\\\/index.php\\\/2025\\\/01\\\/14\\\/orkun-bozkurtun-yeni-romani-hulusiiiii-yayimlandi\\\/\"},\"wordCount\":180,\"commentCount\":0,\"image\":{\"@id\":\"https:\\\/\\\/kuzeyinsesi.org\\\/index.php\\\/2025\\\/01\\\/14\\\/orkun-bozkurtun-yeni-romani-hulusiiiii-yayimlandi\\\/#primaryimage\"},\"thumbnailUrl\":\"https:\\\/\\\/kuzeyinsesi.org\\\/wp-content\\\/uploads\\\/2025\\\/01\\\/isik-kitabevi-Huls_Tan-1-1.jpeg\",\"articleSection\":[\"Ya\u015fam\"],\"inLanguage\":\"tr\",\"potentialAction\":[{\"@type\":\"CommentAction\",\"name\":\"Comment\",\"target\":[\"https:\\\/\\\/kuzeyinsesi.org\\\/index.php\\\/2025\\\/01\\\/14\\\/orkun-bozkurtun-yeni-romani-hulusiiiii-yayimlandi\\\/#respond\"]}]},{\"@type\":\"WebPage\",\"@id\":\"https:\\\/\\\/kuzeyinsesi.org\\\/index.php\\\/2025\\\/01\\\/14\\\/orkun-bozkurtun-yeni-romani-hulusiiiii-yayimlandi\\\/\",\"url\":\"https:\\\/\\\/kuzeyinsesi.org\\\/index.php\\\/2025\\\/01\\\/14\\\/orkun-bozkurtun-yeni-romani-hulusiiiii-yayimlandi\\\/\",\"name\":\"Orkun Bozkurt\u2019un yeni roman\u0131 \u201cHulusiiiii!\u201d yay\u0131mland\u0131 - Kuzeyin Sesi\",\"isPartOf\":{\"@id\":\"https:\\\/\\\/kuzeyinsesi.org\\\/#website\"},\"primaryImageOfPage\":{\"@id\":\"https:\\\/\\\/kuzeyinsesi.org\\\/index.php\\\/2025\\\/01\\\/14\\\/orkun-bozkurtun-yeni-romani-hulusiiiii-yayimlandi\\\/#primaryimage\"},\"image\":{\"@id\":\"https:\\\/\\\/kuzeyinsesi.org\\\/index.php\\\/2025\\\/01\\\/14\\\/orkun-bozkurtun-yeni-romani-hulusiiiii-yayimlandi\\\/#primaryimage\"},\"thumbnailUrl\":\"https:\\\/\\\/kuzeyinsesi.org\\\/wp-content\\\/uploads\\\/2025\\\/01\\\/isik-kitabevi-Huls_Tan-1-1.jpeg\",\"datePublished\":\"2025-01-14T13:14:31+00:00\",\"author\":{\"@id\":\"https:\\\/\\\/kuzeyinsesi.org\\\/#\\\/schema\\\/person\\\/9f859689cdf01485597712386e37f5aa\"},\"breadcrumb\":{\"@id\":\"https:\\\/\\\/kuzeyinsesi.org\\\/index.php\\\/2025\\\/01\\\/14\\\/orkun-bozkurtun-yeni-romani-hulusiiiii-yayimlandi\\\/#breadcrumb\"},\"inLanguage\":\"tr\",\"potentialAction\":[{\"@type\":\"ReadAction\",\"target\":[\"https:\\\/\\\/kuzeyinsesi.org\\\/index.php\\\/2025\\\/01\\\/14\\\/orkun-bozkurtun-yeni-romani-hulusiiiii-yayimlandi\\\/\"]}]},{\"@type\":\"ImageObject\",\"inLanguage\":\"tr\",\"@id\":\"https:\\\/\\\/kuzeyinsesi.org\\\/index.php\\\/2025\\\/01\\\/14\\\/orkun-bozkurtun-yeni-romani-hulusiiiii-yayimlandi\\\/#primaryimage\",\"url\":\"https:\\\/\\\/kuzeyinsesi.org\\\/wp-content\\\/uploads\\\/2025\\\/01\\\/isik-kitabevi-Huls_Tan-1-1.jpeg\",\"contentUrl\":\"https:\\\/\\\/kuzeyinsesi.org\\\/wp-content\\\/uploads\\\/2025\\\/01\\\/isik-kitabevi-Huls_Tan-1-1.jpeg\",\"width\":930,\"height\":562},{\"@type\":\"BreadcrumbList\",\"@id\":\"https:\\\/\\\/kuzeyinsesi.org\\\/index.php\\\/2025\\\/01\\\/14\\\/orkun-bozkurtun-yeni-romani-hulusiiiii-yayimlandi\\\/#breadcrumb\",\"itemListElement\":[{\"@type\":\"ListItem\",\"position\":1,\"name\":\"Anasayfa\",\"item\":\"https:\\\/\\\/kuzeyinsesi.org\\\/\"},{\"@type\":\"ListItem\",\"position\":2,\"name\":\"Orkun Bozkurt\u2019un yeni roman\u0131 \u201cHulusiiiii!\u201d yay\u0131mland\u0131\"}]},{\"@type\":\"WebSite\",\"@id\":\"https:\\\/\\\/kuzeyinsesi.org\\\/#website\",\"url\":\"https:\\\/\\\/kuzeyinsesi.org\\\/\",\"name\":\"Kuzeyin Sesi\",\"description\":\"Do\u011fru Haberin Adresi\",\"potentialAction\":[{\"@type\":\"SearchAction\",\"target\":{\"@type\":\"EntryPoint\",\"urlTemplate\":\"https:\\\/\\\/kuzeyinsesi.org\\\/?s={search_term_string}\"},\"query-input\":{\"@type\":\"PropertyValueSpecification\",\"valueRequired\":true,\"valueName\":\"search_term_string\"}}],\"inLanguage\":\"tr\"},{\"@type\":\"Person\",\"@id\":\"https:\\\/\\\/kuzeyinsesi.org\\\/#\\\/schema\\\/person\\\/9f859689cdf01485597712386e37f5aa\",\"name\":\"Kuzeyin Sesi\",\"image\":{\"@type\":\"ImageObject\",\"inLanguage\":\"tr\",\"@id\":\"https:\\\/\\\/secure.gravatar.com\\\/avatar\\\/bab33852abfd8b282518d6ed81826833d77c3c882d9ab608add591ccace47a44?s=96&d=mm&r=g\",\"url\":\"https:\\\/\\\/secure.gravatar.com\\\/avatar\\\/bab33852abfd8b282518d6ed81826833d77c3c882d9ab608add591ccace47a44?s=96&d=mm&r=g\",\"contentUrl\":\"https:\\\/\\\/secure.gravatar.com\\\/avatar\\\/bab33852abfd8b282518d6ed81826833d77c3c882d9ab608add591ccace47a44?s=96&d=mm&r=g\",\"caption\":\"Kuzeyin Sesi\"},\"sameAs\":[\"https:\\\/\\\/kuzeyinsesi.org\"],\"url\":\"https:\\\/\\\/kuzeyinsesi.org\\\/index.php\\\/author\\\/guven\\\/\"}]}<\/script>\n<!-- \/ Yoast SEO plugin. -->","yoast_head_json":{"title":"Orkun Bozkurt\u2019un yeni roman\u0131 \u201cHulusiiiii!\u201d yay\u0131mland\u0131 - Kuzeyin Sesi","robots":{"index":"index","follow":"follow","max-snippet":"max-snippet:-1","max-image-preview":"max-image-preview:large","max-video-preview":"max-video-preview:-1"},"canonical":"https:\/\/kuzeyinsesi.org\/index.php\/2025\/01\/14\/orkun-bozkurtun-yeni-romani-hulusiiiii-yayimlandi\/","og_locale":"tr_TR","og_type":"article","og_title":"Orkun Bozkurt\u2019un yeni roman\u0131 \u201cHulusiiiii!\u201d yay\u0131mland\u0131 - Kuzeyin Sesi","og_description":"Orkun Bozkurt\u2019un yeni roman\u0131 \u201cHulusiiiii!\u201d, I\u015f\u0131k Kitabevi Yay\u0131nlar\u0131 etiketiyle okurlar\u0131yla bulu\u015ftu. I\u015f\u0131k Kitabevi\u2019nden verilen bilgiye g\u00f6re, 2018-2020 y\u0131llar\u0131 aras\u0131nda Tantana mizah dergisinde yay\u0131mlanan \u201cBir G\u00fcn Memleket Y\u00f6netiyoruz\u201d serisindeki \u00f6yk\u00fclerin romanla\u015ft\u0131r\u0131lm\u0131\u015f hali olan kitap, \u201c\u0130ktidar G\u00fcnleri\u201d, \u201cMuhalefet G\u00fcnleri\u201d ve \u201cVe Yeniden \u0130ktidaaar\u2026\u201d olmak \u00fczere \u00fc\u00e7 ana b\u00f6l\u00fcmden olu\u015fuyor. Bir bakan ve onun \u00f6zel kalemi Hulusi aras\u0131ndaki [&hellip;]","og_url":"https:\/\/kuzeyinsesi.org\/index.php\/2025\/01\/14\/orkun-bozkurtun-yeni-romani-hulusiiiii-yayimlandi\/","og_site_name":"Kuzeyin Sesi","article_publisher":"https:\/\/www.facebook.com\/kuzeyinsesii","article_published_time":"2025-01-14T13:14:31+00:00","og_image":[{"url":"https:\/\/brtk.net\/wp-content\/uploads\/2025\/01\/14\/isik-kitabevi-Huls_Tan-1-1.jpeg?ver=5842b430c8a68feab889e5cb36b11656","type":"","width":"","height":""}],"author":"Kuzeyin Sesi","twitter_card":"summary_large_image","twitter_creator":"@kuzeyinsesii","twitter_site":"@kuzeyinsesii","twitter_misc":{"Yazan:":"Kuzeyin Sesi","Tahmini okuma s\u00fcresi":"1 dakika"},"schema":{"@context":"https:\/\/schema.org","@graph":[{"@type":"Article","@id":"https:\/\/kuzeyinsesi.org\/index.php\/2025\/01\/14\/orkun-bozkurtun-yeni-romani-hulusiiiii-yayimlandi\/#article","isPartOf":{"@id":"https:\/\/kuzeyinsesi.org\/index.php\/2025\/01\/14\/orkun-bozkurtun-yeni-romani-hulusiiiii-yayimlandi\/"},"author":{"name":"Kuzeyin Sesi","@id":"https:\/\/kuzeyinsesi.org\/#\/schema\/person\/9f859689cdf01485597712386e37f5aa"},"headline":"Orkun Bozkurt\u2019un yeni roman\u0131 \u201cHulusiiiii!\u201d yay\u0131mland\u0131","datePublished":"2025-01-14T13:14:31+00:00","mainEntityOfPage":{"@id":"https:\/\/kuzeyinsesi.org\/index.php\/2025\/01\/14\/orkun-bozkurtun-yeni-romani-hulusiiiii-yayimlandi\/"},"wordCount":180,"commentCount":0,"image":{"@id":"https:\/\/kuzeyinsesi.org\/index.php\/2025\/01\/14\/orkun-bozkurtun-yeni-romani-hulusiiiii-yayimlandi\/#primaryimage"},"thumbnailUrl":"https:\/\/kuzeyinsesi.org\/wp-content\/uploads\/2025\/01\/isik-kitabevi-Huls_Tan-1-1.jpeg","articleSection":["Ya\u015fam"],"inLanguage":"tr","potentialAction":[{"@type":"CommentAction","name":"Comment","target":["https:\/\/kuzeyinsesi.org\/index.php\/2025\/01\/14\/orkun-bozkurtun-yeni-romani-hulusiiiii-yayimlandi\/#respond"]}]},{"@type":"WebPage","@id":"https:\/\/kuzeyinsesi.org\/index.php\/2025\/01\/14\/orkun-bozkurtun-yeni-romani-hulusiiiii-yayimlandi\/","url":"https:\/\/kuzeyinsesi.org\/index.php\/2025\/01\/14\/orkun-bozkurtun-yeni-romani-hulusiiiii-yayimlandi\/","name":"Orkun Bozkurt\u2019un yeni roman\u0131 \u201cHulusiiiii!\u201d yay\u0131mland\u0131 - Kuzeyin Sesi","isPartOf":{"@id":"https:\/\/kuzeyinsesi.org\/#website"},"primaryImageOfPage":{"@id":"https:\/\/kuzeyinsesi.org\/index.php\/2025\/01\/14\/orkun-bozkurtun-yeni-romani-hulusiiiii-yayimlandi\/#primaryimage"},"image":{"@id":"https:\/\/kuzeyinsesi.org\/index.php\/2025\/01\/14\/orkun-bozkurtun-yeni-romani-hulusiiiii-yayimlandi\/#primaryimage"},"thumbnailUrl":"https:\/\/kuzeyinsesi.org\/wp-content\/uploads\/2025\/01\/isik-kitabevi-Huls_Tan-1-1.jpeg","datePublished":"2025-01-14T13:14:31+00:00","author":{"@id":"https:\/\/kuzeyinsesi.org\/#\/schema\/person\/9f859689cdf01485597712386e37f5aa"},"breadcrumb":{"@id":"https:\/\/kuzeyinsesi.org\/index.php\/2025\/01\/14\/orkun-bozkurtun-yeni-romani-hulusiiiii-yayimlandi\/#breadcrumb"},"inLanguage":"tr","potentialAction":[{"@type":"ReadAction","target":["https:\/\/kuzeyinsesi.org\/index.php\/2025\/01\/14\/orkun-bozkurtun-yeni-romani-hulusiiiii-yayimlandi\/"]}]},{"@type":"ImageObject","inLanguage":"tr","@id":"https:\/\/kuzeyinsesi.org\/index.php\/2025\/01\/14\/orkun-bozkurtun-yeni-romani-hulusiiiii-yayimlandi\/#primaryimage","url":"https:\/\/kuzeyinsesi.org\/wp-content\/uploads\/2025\/01\/isik-kitabevi-Huls_Tan-1-1.jpeg","contentUrl":"https:\/\/kuzeyinsesi.org\/wp-content\/uploads\/2025\/01\/isik-kitabevi-Huls_Tan-1-1.jpeg","width":930,"height":562},{"@type":"BreadcrumbList","@id":"https:\/\/kuzeyinsesi.org\/index.php\/2025\/01\/14\/orkun-bozkurtun-yeni-romani-hulusiiiii-yayimlandi\/#breadcrumb","itemListElement":[{"@type":"ListItem","position":1,"name":"Anasayfa","item":"https:\/\/kuzeyinsesi.org\/"},{"@type":"ListItem","position":2,"name":"Orkun Bozkurt\u2019un yeni roman\u0131 \u201cHulusiiiii!\u201d yay\u0131mland\u0131"}]},{"@type":"WebSite","@id":"https:\/\/kuzeyinsesi.org\/#website","url":"https:\/\/kuzeyinsesi.org\/","name":"Kuzeyin Sesi","description":"Do\u011fru Haberin Adresi","potentialAction":[{"@type":"SearchAction","target":{"@type":"EntryPoint","urlTemplate":"https:\/\/kuzeyinsesi.org\/?s={search_term_string}"},"query-input":{"@type":"PropertyValueSpecification","valueRequired":true,"valueName":"search_term_string"}}],"inLanguage":"tr"},{"@type":"Person","@id":"https:\/\/kuzeyinsesi.org\/#\/schema\/person\/9f859689cdf01485597712386e37f5aa","name":"Kuzeyin Sesi","image":{"@type":"ImageObject","inLanguage":"tr","@id":"https:\/\/secure.gravatar.com\/avatar\/bab33852abfd8b282518d6ed81826833d77c3c882d9ab608add591ccace47a44?s=96&d=mm&r=g","url":"https:\/\/secure.gravatar.com\/avatar\/bab33852abfd8b282518d6ed81826833d77c3c882d9ab608add591ccace47a44?s=96&d=mm&r=g","contentUrl":"https:\/\/secure.gravatar.com\/avatar\/bab33852abfd8b282518d6ed81826833d77c3c882d9ab608add591ccace47a44?s=96&d=mm&r=g","caption":"Kuzeyin Sesi"},"sameAs":["https:\/\/kuzeyinsesi.org"],"url":"https:\/\/kuzeyinsesi.org\/index.php\/author\/guven\/"}]}},"_links":{"self":[{"href":"https:\/\/kuzeyinsesi.org\/index.php\/wp-json\/wp\/v2\/posts\/17308","targetHints":{"allow":["GET"]}}],"collection":[{"href":"https:\/\/kuzeyinsesi.org\/index.php\/wp-json\/wp\/v2\/posts"}],"about":[{"href":"https:\/\/kuzeyinsesi.org\/index.php\/wp-json\/wp\/v2\/types\/post"}],"author":[{"embeddable":true,"href":"https:\/\/kuzeyinsesi.org\/index.php\/wp-json\/wp\/v2\/users\/1"}],"replies":[{"embeddable":true,"href":"https:\/\/kuzeyinsesi.org\/index.php\/wp-json\/wp\/v2\/comments?post=17308"}],"version-history":[{"count":0,"href":"https:\/\/kuzeyinsesi.org\/index.php\/wp-json\/wp\/v2\/posts\/17308\/revisions"}],"wp:featuredmedia":[{"embeddable":true,"href":"https:\/\/kuzeyinsesi.org\/index.php\/wp-json\/wp\/v2\/media\/17309"}],"wp:attachment":[{"href":"https:\/\/kuzeyinsesi.org\/index.php\/wp-json\/wp\/v2\/media?parent=17308"}],"wp:term":[{"taxonomy":"category","embeddable":true,"href":"https:\/\/kuzeyinsesi.org\/index.php\/wp-json\/wp\/v2\/categories?post=17308"},{"taxonomy":"post_tag","embeddable":true,"href":"https:\/\/kuzeyinsesi.org\/index.php\/wp-json\/wp\/v2\/tags?post=17308"}],"curies":[{"name":"wp","href":"https:\/\/api.w.org\/{rel}","templated":true}]}}