{"id":1726,"date":"2024-05-08T17:20:10","date_gmt":"2024-05-08T14:20:10","guid":{"rendered":"https:\/\/kuzeyinsesi.com\/index.php\/2024\/05\/08\/lac-belediyesi-baskani-ataser-ktmmob-genel-baskani-aysali-ziyaret-etti\/"},"modified":"2024-05-08T17:20:10","modified_gmt":"2024-05-08T14:20:10","slug":"lac-belediyesi-baskani-ataser-ktmmob-genel-baskani-aysali-ziyaret-etti","status":"publish","type":"post","link":"https:\/\/kuzeyinsesi.org\/index.php\/2024\/05\/08\/lac-belediyesi-baskani-ataser-ktmmob-genel-baskani-aysali-ziyaret-etti\/","title":{"rendered":"LA\u00c7 Belediyesi Ba\u015fkan\u0131 Ataser, KTMMOB Genel Ba\u015fkan\u0131 Aysal\u2019\u0131 ziyaret etti"},"content":{"rendered":"<div>\n<div class=\"mariselle-image-container none\">\n                                            <\/div>\n<p>Lapta Alsancak \u00c7aml\u0131bel (LA\u00c7) Belediyesi Ba\u015fkan\u0131 F\u0131rat Ataser, K\u0131br\u0131s T\u00fcrk M\u00fchendis ve Mimar Odalar\u0131 Birli\u011fi\u2019ni (KTMMOB) ziyaret ederek, Genel Ba\u015fkan Seran Aysal ile g\u00f6r\u00fc\u015ft\u00fc.<\/p>\n<p>Birlikten yap\u0131lan yaz\u0131l\u0131 a\u00e7\u0131klamaya g\u00f6re, Birlik binas\u0131nda yer alan g\u00f6r\u00fc\u015fmeye, KTMMOB Y\u00f6netim Kurulu Faal \u00dcyesi Celal Devrim \u00d6nen ve LA\u00c7 Belediyesi \u0130mar B\u00f6l\u00fcm\u00fc Sorumlusu Bar\u0131\u015f \u00dclbar kat\u0131ld\u0131.<\/p>\n<p>LA\u00c7 Belediyesi Ba\u015fkan\u0131 F\u0131rat Ataser g\u00f6r\u00fc\u015fmede, belediyenin yapmay\u0131 hedefledi\u011fi projeler ve b\u00f6lgeye yapmay\u0131 planlad\u0131\u011f\u0131 b\u00fcy\u00fck \u00f6l\u00e7ekli yat\u0131r\u0131mlar hakk\u0131nda bilgi payla\u015ft\u0131; birli\u011fin g\u00f6r\u00fc\u015f ve \u00f6nerilerinden yararlanmak istedi\u011fini kaydetti.<\/p>\n<p>Genel Ba\u015fkan Seran Aysal da g\u00f6r\u00fc\u015fmede, s\u00f6z konusu projelerin ve b\u00f6lgeye yap\u0131lacak\u00a0alt ve \u00fcst yap\u0131 yat\u0131r\u0131m projelerinde LA\u00c7 Belediyesi\u2019ne KTMMOB ve ba\u011fl\u0131 odalar taraf\u0131ndan katk\u0131 ve destek verilmesi ve denetlenmesinin meslek \u00f6rg\u00fct\u00fcn\u00fcn g\u00f6revi oldu\u011funu belirtti.<\/p>\n<p>TAK<\/p>\n<\/p><\/div>\n<p><script async\n                    defer\n                    crossorigin=\"anonymous\"\n                    src=\"https:\/\/connect.facebook.net\/tr_TR\/sdk.js#xfbml=1&#038;version=v3.3\"\n            ><\/script><\/p>\n","protected":false},"excerpt":{"rendered":"<p>Lapta Alsancak \u00c7aml\u0131bel (LA\u00c7) Belediyesi Ba\u015fkan\u0131 F\u0131rat Ataser, K\u0131br\u0131s T\u00fcrk M\u00fchendis ve Mimar Odalar\u0131 Birli\u011fi\u2019ni (KTMMOB) ziyaret ederek, Genel Ba\u015fkan Seran Aysal ile g\u00f6r\u00fc\u015ft\u00fc. Birlikten yap\u0131lan yaz\u0131l\u0131 a\u00e7\u0131klamaya g\u00f6re, Birlik binas\u0131nda yer alan g\u00f6r\u00fc\u015fmeye, KTMMOB Y\u00f6netim Kurulu Faal \u00dcyesi Celal Devrim \u00d6nen ve LA\u00c7 Belediyesi \u0130mar B\u00f6l\u00fcm\u00fc Sorumlusu Bar\u0131\u015f \u00dclbar kat\u0131ld\u0131. LA\u00c7 Belediyesi Ba\u015fkan\u0131 F\u0131rat [&hellip;]<\/p>\n","protected":false},"author":1,"featured_media":1727,"comment_status":"open","ping_status":"open","sticky":false,"template":"","format":"standard","meta":{"jnews-multi-image_gallery":[],"jnews_single_post":[],"jnews_primary_category":[],"jnews_social_meta":[],"jnews_override_counter":[],"footnotes":""},"categories":[1],"tags":[],"class_list":["post-1726","post","type-post","status-publish","format-standard","has-post-thumbnail","hentry","category-kibris"],"yoast_head":"<!-- This site is optimized with the Yoast SEO plugin v27.5 - https:\/\/yoast.com\/product\/yoast-seo-wordpress\/ -->\n<title>LA\u00c7 Belediyesi Ba\u015fkan\u0131 Ataser, KTMMOB Genel Ba\u015fkan\u0131 Aysal\u2019\u0131 ziyaret etti - Kuzeyin Sesi<\/title>\n<meta name=\"robots\" content=\"index, follow, max-snippet:-1, max-image-preview:large, max-video-preview:-1\" \/>\n<link rel=\"canonical\" href=\"https:\/\/kuzeyinsesi.org\/index.php\/2024\/05\/08\/lac-belediyesi-baskani-ataser-ktmmob-genel-baskani-aysali-ziyaret-etti\/\" \/>\n<meta property=\"og:locale\" content=\"tr_TR\" \/>\n<meta property=\"og:type\" content=\"article\" \/>\n<meta property=\"og:title\" content=\"LA\u00c7 Belediyesi Ba\u015fkan\u0131 Ataser, KTMMOB Genel Ba\u015fkan\u0131 Aysal\u2019\u0131 ziyaret etti - Kuzeyin Sesi\" \/>\n<meta property=\"og:description\" content=\"Lapta Alsancak \u00c7aml\u0131bel (LA\u00c7) Belediyesi Ba\u015fkan\u0131 F\u0131rat Ataser, K\u0131br\u0131s T\u00fcrk M\u00fchendis ve Mimar Odalar\u0131 Birli\u011fi\u2019ni (KTMMOB) ziyaret ederek, Genel Ba\u015fkan Seran Aysal ile g\u00f6r\u00fc\u015ft\u00fc. Birlikten yap\u0131lan yaz\u0131l\u0131 a\u00e7\u0131klamaya g\u00f6re, Birlik binas\u0131nda yer alan g\u00f6r\u00fc\u015fmeye, KTMMOB Y\u00f6netim Kurulu Faal \u00dcyesi Celal Devrim \u00d6nen ve LA\u00c7 Belediyesi \u0130mar B\u00f6l\u00fcm\u00fc Sorumlusu Bar\u0131\u015f \u00dclbar kat\u0131ld\u0131. LA\u00c7 Belediyesi Ba\u015fkan\u0131 F\u0131rat [&hellip;]\" \/>\n<meta property=\"og:url\" content=\"https:\/\/kuzeyinsesi.org\/index.php\/2024\/05\/08\/lac-belediyesi-baskani-ataser-ktmmob-genel-baskani-aysali-ziyaret-etti\/\" \/>\n<meta property=\"og:site_name\" content=\"Kuzeyin Sesi\" \/>\n<meta property=\"article:publisher\" content=\"https:\/\/www.facebook.com\/kuzeyinsesii\" \/>\n<meta property=\"article:published_time\" content=\"2024-05-08T14:20:10+00:00\" \/>\n<meta property=\"og:image\" content=\"https:\/\/kuzeyinsesi.org\/wp-content\/uploads\/2024\/05\/ktmmob3-scaled.jpg\" \/>\n\t<meta property=\"og:image:width\" content=\"2560\" \/>\n\t<meta property=\"og:image:height\" content=\"1631\" \/>\n\t<meta property=\"og:image:type\" content=\"image\/jpeg\" \/>\n<meta name=\"author\" content=\"Kuzeyin Sesi\" \/>\n<meta name=\"twitter:card\" content=\"summary_large_image\" \/>\n<meta name=\"twitter:creator\" content=\"@kuzeyinsesii\" \/>\n<meta name=\"twitter:site\" content=\"@kuzeyinsesii\" \/>\n<meta name=\"twitter:label1\" content=\"Yazan:\" \/>\n\t<meta name=\"twitter:data1\" content=\"Kuzeyin Sesi\" \/>\n\t<meta name=\"twitter:label2\" content=\"Tahmini okuma s\u00fcresi\" \/>\n\t<meta name=\"twitter:data2\" content=\"1 dakika\" \/>\n<script type=\"application\/ld+json\" class=\"yoast-schema-graph\">{\"@context\":\"https:\\\/\\\/schema.org\",\"@graph\":[{\"@type\":\"Article\",\"@id\":\"https:\\\/\\\/kuzeyinsesi.org\\\/index.php\\\/2024\\\/05\\\/08\\\/lac-belediyesi-baskani-ataser-ktmmob-genel-baskani-aysali-ziyaret-etti\\\/#article\",\"isPartOf\":{\"@id\":\"https:\\\/\\\/kuzeyinsesi.org\\\/index.php\\\/2024\\\/05\\\/08\\\/lac-belediyesi-baskani-ataser-ktmmob-genel-baskani-aysali-ziyaret-etti\\\/\"},\"author\":{\"name\":\"Kuzeyin Sesi\",\"@id\":\"https:\\\/\\\/kuzeyinsesi.org\\\/#\\\/schema\\\/person\\\/9f859689cdf01485597712386e37f5aa\"},\"headline\":\"LA\u00c7 Belediyesi Ba\u015fkan\u0131 Ataser, KTMMOB Genel Ba\u015fkan\u0131 Aysal\u2019\u0131 ziyaret etti\",\"datePublished\":\"2024-05-08T14:20:10+00:00\",\"mainEntityOfPage\":{\"@id\":\"https:\\\/\\\/kuzeyinsesi.org\\\/index.php\\\/2024\\\/05\\\/08\\\/lac-belediyesi-baskani-ataser-ktmmob-genel-baskani-aysali-ziyaret-etti\\\/\"},\"wordCount\":182,\"commentCount\":0,\"image\":{\"@id\":\"https:\\\/\\\/kuzeyinsesi.org\\\/index.php\\\/2024\\\/05\\\/08\\\/lac-belediyesi-baskani-ataser-ktmmob-genel-baskani-aysali-ziyaret-etti\\\/#primaryimage\"},\"thumbnailUrl\":\"https:\\\/\\\/kuzeyinsesi.org\\\/wp-content\\\/uploads\\\/2024\\\/05\\\/ktmmob3-scaled.jpg\",\"articleSection\":[\"K\u0131br\u0131s\"],\"inLanguage\":\"tr\",\"potentialAction\":[{\"@type\":\"CommentAction\",\"name\":\"Comment\",\"target\":[\"https:\\\/\\\/kuzeyinsesi.org\\\/index.php\\\/2024\\\/05\\\/08\\\/lac-belediyesi-baskani-ataser-ktmmob-genel-baskani-aysali-ziyaret-etti\\\/#respond\"]}]},{\"@type\":\"WebPage\",\"@id\":\"https:\\\/\\\/kuzeyinsesi.org\\\/index.php\\\/2024\\\/05\\\/08\\\/lac-belediyesi-baskani-ataser-ktmmob-genel-baskani-aysali-ziyaret-etti\\\/\",\"url\":\"https:\\\/\\\/kuzeyinsesi.org\\\/index.php\\\/2024\\\/05\\\/08\\\/lac-belediyesi-baskani-ataser-ktmmob-genel-baskani-aysali-ziyaret-etti\\\/\",\"name\":\"LA\u00c7 Belediyesi Ba\u015fkan\u0131 Ataser, KTMMOB Genel Ba\u015fkan\u0131 Aysal\u2019\u0131 ziyaret etti - Kuzeyin Sesi\",\"isPartOf\":{\"@id\":\"https:\\\/\\\/kuzeyinsesi.org\\\/#website\"},\"primaryImageOfPage\":{\"@id\":\"https:\\\/\\\/kuzeyinsesi.org\\\/index.php\\\/2024\\\/05\\\/08\\\/lac-belediyesi-baskani-ataser-ktmmob-genel-baskani-aysali-ziyaret-etti\\\/#primaryimage\"},\"image\":{\"@id\":\"https:\\\/\\\/kuzeyinsesi.org\\\/index.php\\\/2024\\\/05\\\/08\\\/lac-belediyesi-baskani-ataser-ktmmob-genel-baskani-aysali-ziyaret-etti\\\/#primaryimage\"},\"thumbnailUrl\":\"https:\\\/\\\/kuzeyinsesi.org\\\/wp-content\\\/uploads\\\/2024\\\/05\\\/ktmmob3-scaled.jpg\",\"datePublished\":\"2024-05-08T14:20:10+00:00\",\"author\":{\"@id\":\"https:\\\/\\\/kuzeyinsesi.org\\\/#\\\/schema\\\/person\\\/9f859689cdf01485597712386e37f5aa\"},\"breadcrumb\":{\"@id\":\"https:\\\/\\\/kuzeyinsesi.org\\\/index.php\\\/2024\\\/05\\\/08\\\/lac-belediyesi-baskani-ataser-ktmmob-genel-baskani-aysali-ziyaret-etti\\\/#breadcrumb\"},\"inLanguage\":\"tr\",\"potentialAction\":[{\"@type\":\"ReadAction\",\"target\":[\"https:\\\/\\\/kuzeyinsesi.org\\\/index.php\\\/2024\\\/05\\\/08\\\/lac-belediyesi-baskani-ataser-ktmmob-genel-baskani-aysali-ziyaret-etti\\\/\"]}]},{\"@type\":\"ImageObject\",\"inLanguage\":\"tr\",\"@id\":\"https:\\\/\\\/kuzeyinsesi.org\\\/index.php\\\/2024\\\/05\\\/08\\\/lac-belediyesi-baskani-ataser-ktmmob-genel-baskani-aysali-ziyaret-etti\\\/#primaryimage\",\"url\":\"https:\\\/\\\/kuzeyinsesi.org\\\/wp-content\\\/uploads\\\/2024\\\/05\\\/ktmmob3-scaled.jpg\",\"contentUrl\":\"https:\\\/\\\/kuzeyinsesi.org\\\/wp-content\\\/uploads\\\/2024\\\/05\\\/ktmmob3-scaled.jpg\",\"width\":2560,\"height\":1631},{\"@type\":\"BreadcrumbList\",\"@id\":\"https:\\\/\\\/kuzeyinsesi.org\\\/index.php\\\/2024\\\/05\\\/08\\\/lac-belediyesi-baskani-ataser-ktmmob-genel-baskani-aysali-ziyaret-etti\\\/#breadcrumb\",\"itemListElement\":[{\"@type\":\"ListItem\",\"position\":1,\"name\":\"Anasayfa\",\"item\":\"https:\\\/\\\/kuzeyinsesi.org\\\/\"},{\"@type\":\"ListItem\",\"position\":2,\"name\":\"LA\u00c7 Belediyesi Ba\u015fkan\u0131 Ataser, KTMMOB Genel Ba\u015fkan\u0131 Aysal\u2019\u0131 ziyaret etti\"}]},{\"@type\":\"WebSite\",\"@id\":\"https:\\\/\\\/kuzeyinsesi.org\\\/#website\",\"url\":\"https:\\\/\\\/kuzeyinsesi.org\\\/\",\"name\":\"Kuzeyin Sesi\",\"description\":\"Do\u011fru Haberin Adresi\",\"potentialAction\":[{\"@type\":\"SearchAction\",\"target\":{\"@type\":\"EntryPoint\",\"urlTemplate\":\"https:\\\/\\\/kuzeyinsesi.org\\\/?s={search_term_string}\"},\"query-input\":{\"@type\":\"PropertyValueSpecification\",\"valueRequired\":true,\"valueName\":\"search_term_string\"}}],\"inLanguage\":\"tr\"},{\"@type\":\"Person\",\"@id\":\"https:\\\/\\\/kuzeyinsesi.org\\\/#\\\/schema\\\/person\\\/9f859689cdf01485597712386e37f5aa\",\"name\":\"Kuzeyin Sesi\",\"image\":{\"@type\":\"ImageObject\",\"inLanguage\":\"tr\",\"@id\":\"https:\\\/\\\/secure.gravatar.com\\\/avatar\\\/bab33852abfd8b282518d6ed81826833d77c3c882d9ab608add591ccace47a44?s=96&d=mm&r=g\",\"url\":\"https:\\\/\\\/secure.gravatar.com\\\/avatar\\\/bab33852abfd8b282518d6ed81826833d77c3c882d9ab608add591ccace47a44?s=96&d=mm&r=g\",\"contentUrl\":\"https:\\\/\\\/secure.gravatar.com\\\/avatar\\\/bab33852abfd8b282518d6ed81826833d77c3c882d9ab608add591ccace47a44?s=96&d=mm&r=g\",\"caption\":\"Kuzeyin Sesi\"},\"sameAs\":[\"https:\\\/\\\/kuzeyinsesi.org\"],\"url\":\"https:\\\/\\\/kuzeyinsesi.org\\\/index.php\\\/author\\\/guven\\\/\"}]}<\/script>\n<!-- \/ Yoast SEO plugin. -->","yoast_head_json":{"title":"LA\u00c7 Belediyesi Ba\u015fkan\u0131 Ataser, KTMMOB Genel Ba\u015fkan\u0131 Aysal\u2019\u0131 ziyaret etti - Kuzeyin Sesi","robots":{"index":"index","follow":"follow","max-snippet":"max-snippet:-1","max-image-preview":"max-image-preview:large","max-video-preview":"max-video-preview:-1"},"canonical":"https:\/\/kuzeyinsesi.org\/index.php\/2024\/05\/08\/lac-belediyesi-baskani-ataser-ktmmob-genel-baskani-aysali-ziyaret-etti\/","og_locale":"tr_TR","og_type":"article","og_title":"LA\u00c7 Belediyesi Ba\u015fkan\u0131 Ataser, KTMMOB Genel Ba\u015fkan\u0131 Aysal\u2019\u0131 ziyaret etti - Kuzeyin Sesi","og_description":"Lapta Alsancak \u00c7aml\u0131bel (LA\u00c7) Belediyesi Ba\u015fkan\u0131 F\u0131rat Ataser, K\u0131br\u0131s T\u00fcrk M\u00fchendis ve Mimar Odalar\u0131 Birli\u011fi\u2019ni (KTMMOB) ziyaret ederek, Genel Ba\u015fkan Seran Aysal ile g\u00f6r\u00fc\u015ft\u00fc. Birlikten yap\u0131lan yaz\u0131l\u0131 a\u00e7\u0131klamaya g\u00f6re, Birlik binas\u0131nda yer alan g\u00f6r\u00fc\u015fmeye, KTMMOB Y\u00f6netim Kurulu Faal \u00dcyesi Celal Devrim \u00d6nen ve LA\u00c7 Belediyesi \u0130mar B\u00f6l\u00fcm\u00fc Sorumlusu Bar\u0131\u015f \u00dclbar kat\u0131ld\u0131. LA\u00c7 Belediyesi Ba\u015fkan\u0131 F\u0131rat [&hellip;]","og_url":"https:\/\/kuzeyinsesi.org\/index.php\/2024\/05\/08\/lac-belediyesi-baskani-ataser-ktmmob-genel-baskani-aysali-ziyaret-etti\/","og_site_name":"Kuzeyin Sesi","article_publisher":"https:\/\/www.facebook.com\/kuzeyinsesii","article_published_time":"2024-05-08T14:20:10+00:00","og_image":[{"width":2560,"height":1631,"url":"https:\/\/kuzeyinsesi.org\/wp-content\/uploads\/2024\/05\/ktmmob3-scaled.jpg","type":"image\/jpeg"}],"author":"Kuzeyin Sesi","twitter_card":"summary_large_image","twitter_creator":"@kuzeyinsesii","twitter_site":"@kuzeyinsesii","twitter_misc":{"Yazan:":"Kuzeyin Sesi","Tahmini okuma s\u00fcresi":"1 dakika"},"schema":{"@context":"https:\/\/schema.org","@graph":[{"@type":"Article","@id":"https:\/\/kuzeyinsesi.org\/index.php\/2024\/05\/08\/lac-belediyesi-baskani-ataser-ktmmob-genel-baskani-aysali-ziyaret-etti\/#article","isPartOf":{"@id":"https:\/\/kuzeyinsesi.org\/index.php\/2024\/05\/08\/lac-belediyesi-baskani-ataser-ktmmob-genel-baskani-aysali-ziyaret-etti\/"},"author":{"name":"Kuzeyin Sesi","@id":"https:\/\/kuzeyinsesi.org\/#\/schema\/person\/9f859689cdf01485597712386e37f5aa"},"headline":"LA\u00c7 Belediyesi Ba\u015fkan\u0131 Ataser, KTMMOB Genel Ba\u015fkan\u0131 Aysal\u2019\u0131 ziyaret etti","datePublished":"2024-05-08T14:20:10+00:00","mainEntityOfPage":{"@id":"https:\/\/kuzeyinsesi.org\/index.php\/2024\/05\/08\/lac-belediyesi-baskani-ataser-ktmmob-genel-baskani-aysali-ziyaret-etti\/"},"wordCount":182,"commentCount":0,"image":{"@id":"https:\/\/kuzeyinsesi.org\/index.php\/2024\/05\/08\/lac-belediyesi-baskani-ataser-ktmmob-genel-baskani-aysali-ziyaret-etti\/#primaryimage"},"thumbnailUrl":"https:\/\/kuzeyinsesi.org\/wp-content\/uploads\/2024\/05\/ktmmob3-scaled.jpg","articleSection":["K\u0131br\u0131s"],"inLanguage":"tr","potentialAction":[{"@type":"CommentAction","name":"Comment","target":["https:\/\/kuzeyinsesi.org\/index.php\/2024\/05\/08\/lac-belediyesi-baskani-ataser-ktmmob-genel-baskani-aysali-ziyaret-etti\/#respond"]}]},{"@type":"WebPage","@id":"https:\/\/kuzeyinsesi.org\/index.php\/2024\/05\/08\/lac-belediyesi-baskani-ataser-ktmmob-genel-baskani-aysali-ziyaret-etti\/","url":"https:\/\/kuzeyinsesi.org\/index.php\/2024\/05\/08\/lac-belediyesi-baskani-ataser-ktmmob-genel-baskani-aysali-ziyaret-etti\/","name":"LA\u00c7 Belediyesi Ba\u015fkan\u0131 Ataser, KTMMOB Genel Ba\u015fkan\u0131 Aysal\u2019\u0131 ziyaret etti - Kuzeyin Sesi","isPartOf":{"@id":"https:\/\/kuzeyinsesi.org\/#website"},"primaryImageOfPage":{"@id":"https:\/\/kuzeyinsesi.org\/index.php\/2024\/05\/08\/lac-belediyesi-baskani-ataser-ktmmob-genel-baskani-aysali-ziyaret-etti\/#primaryimage"},"image":{"@id":"https:\/\/kuzeyinsesi.org\/index.php\/2024\/05\/08\/lac-belediyesi-baskani-ataser-ktmmob-genel-baskani-aysali-ziyaret-etti\/#primaryimage"},"thumbnailUrl":"https:\/\/kuzeyinsesi.org\/wp-content\/uploads\/2024\/05\/ktmmob3-scaled.jpg","datePublished":"2024-05-08T14:20:10+00:00","author":{"@id":"https:\/\/kuzeyinsesi.org\/#\/schema\/person\/9f859689cdf01485597712386e37f5aa"},"breadcrumb":{"@id":"https:\/\/kuzeyinsesi.org\/index.php\/2024\/05\/08\/lac-belediyesi-baskani-ataser-ktmmob-genel-baskani-aysali-ziyaret-etti\/#breadcrumb"},"inLanguage":"tr","potentialAction":[{"@type":"ReadAction","target":["https:\/\/kuzeyinsesi.org\/index.php\/2024\/05\/08\/lac-belediyesi-baskani-ataser-ktmmob-genel-baskani-aysali-ziyaret-etti\/"]}]},{"@type":"ImageObject","inLanguage":"tr","@id":"https:\/\/kuzeyinsesi.org\/index.php\/2024\/05\/08\/lac-belediyesi-baskani-ataser-ktmmob-genel-baskani-aysali-ziyaret-etti\/#primaryimage","url":"https:\/\/kuzeyinsesi.org\/wp-content\/uploads\/2024\/05\/ktmmob3-scaled.jpg","contentUrl":"https:\/\/kuzeyinsesi.org\/wp-content\/uploads\/2024\/05\/ktmmob3-scaled.jpg","width":2560,"height":1631},{"@type":"BreadcrumbList","@id":"https:\/\/kuzeyinsesi.org\/index.php\/2024\/05\/08\/lac-belediyesi-baskani-ataser-ktmmob-genel-baskani-aysali-ziyaret-etti\/#breadcrumb","itemListElement":[{"@type":"ListItem","position":1,"name":"Anasayfa","item":"https:\/\/kuzeyinsesi.org\/"},{"@type":"ListItem","position":2,"name":"LA\u00c7 Belediyesi Ba\u015fkan\u0131 Ataser, KTMMOB Genel Ba\u015fkan\u0131 Aysal\u2019\u0131 ziyaret etti"}]},{"@type":"WebSite","@id":"https:\/\/kuzeyinsesi.org\/#website","url":"https:\/\/kuzeyinsesi.org\/","name":"Kuzeyin Sesi","description":"Do\u011fru Haberin Adresi","potentialAction":[{"@type":"SearchAction","target":{"@type":"EntryPoint","urlTemplate":"https:\/\/kuzeyinsesi.org\/?s={search_term_string}"},"query-input":{"@type":"PropertyValueSpecification","valueRequired":true,"valueName":"search_term_string"}}],"inLanguage":"tr"},{"@type":"Person","@id":"https:\/\/kuzeyinsesi.org\/#\/schema\/person\/9f859689cdf01485597712386e37f5aa","name":"Kuzeyin Sesi","image":{"@type":"ImageObject","inLanguage":"tr","@id":"https:\/\/secure.gravatar.com\/avatar\/bab33852abfd8b282518d6ed81826833d77c3c882d9ab608add591ccace47a44?s=96&d=mm&r=g","url":"https:\/\/secure.gravatar.com\/avatar\/bab33852abfd8b282518d6ed81826833d77c3c882d9ab608add591ccace47a44?s=96&d=mm&r=g","contentUrl":"https:\/\/secure.gravatar.com\/avatar\/bab33852abfd8b282518d6ed81826833d77c3c882d9ab608add591ccace47a44?s=96&d=mm&r=g","caption":"Kuzeyin Sesi"},"sameAs":["https:\/\/kuzeyinsesi.org"],"url":"https:\/\/kuzeyinsesi.org\/index.php\/author\/guven\/"}]}},"_links":{"self":[{"href":"https:\/\/kuzeyinsesi.org\/index.php\/wp-json\/wp\/v2\/posts\/1726","targetHints":{"allow":["GET"]}}],"collection":[{"href":"https:\/\/kuzeyinsesi.org\/index.php\/wp-json\/wp\/v2\/posts"}],"about":[{"href":"https:\/\/kuzeyinsesi.org\/index.php\/wp-json\/wp\/v2\/types\/post"}],"author":[{"embeddable":true,"href":"https:\/\/kuzeyinsesi.org\/index.php\/wp-json\/wp\/v2\/users\/1"}],"replies":[{"embeddable":true,"href":"https:\/\/kuzeyinsesi.org\/index.php\/wp-json\/wp\/v2\/comments?post=1726"}],"version-history":[{"count":0,"href":"https:\/\/kuzeyinsesi.org\/index.php\/wp-json\/wp\/v2\/posts\/1726\/revisions"}],"wp:featuredmedia":[{"embeddable":true,"href":"https:\/\/kuzeyinsesi.org\/index.php\/wp-json\/wp\/v2\/media\/1727"}],"wp:attachment":[{"href":"https:\/\/kuzeyinsesi.org\/index.php\/wp-json\/wp\/v2\/media?parent=1726"}],"wp:term":[{"taxonomy":"category","embeddable":true,"href":"https:\/\/kuzeyinsesi.org\/index.php\/wp-json\/wp\/v2\/categories?post=1726"},{"taxonomy":"post_tag","embeddable":true,"href":"https:\/\/kuzeyinsesi.org\/index.php\/wp-json\/wp\/v2\/tags?post=1726"}],"curies":[{"name":"wp","href":"https:\/\/api.w.org\/{rel}","templated":true}]}}