{"id":17253,"date":"2025-01-13T19:30:50","date_gmt":"2025-01-13T17:30:50","guid":{"rendered":"https:\/\/kuzeyinsesi.org\/index.php\/2025\/01\/13\/denktas-ve-kucuk-ercan-havalimaninda-aniliyor\/"},"modified":"2025-01-13T19:30:50","modified_gmt":"2025-01-13T17:30:50","slug":"denktas-ve-kucuk-ercan-havalimaninda-aniliyor","status":"publish","type":"post","link":"https:\/\/kuzeyinsesi.org\/index.php\/2025\/01\/13\/denktas-ve-kucuk-ercan-havalimaninda-aniliyor\/","title":{"rendered":"Denkta\u015f ve K\u00fc\u00e7\u00fck Ercan Havaliman\u0131\u2019nda an\u0131l\u0131yor"},"content":{"rendered":"<div>\n<div class=\"mariselle-image-container center\">\n                                            <\/div>\n<p>KKTC\u2019nin kurucu Cumhurba\u015fkan\u0131 Rauf Raif Denkta\u015f ve \u00d6zg\u00fcrl\u00fck M\u00fccadelesi lideri Dr. Faz\u0131l K\u00fc\u00e7\u00fck Ercan Havaliman\u0131\u2019nda da an\u0131l\u0131yor.<\/p>\n<p>T&amp;T Havaliman\u0131 \u0130\u015fletmecili\u011fi\u2019nden yap\u0131lan a\u00e7\u0131klamaya g\u00f6re, giden yolcu b\u00f6l\u00fcm\u00fcne iki liderin foto\u011fraflar\u0131n\u0131n yer ald\u0131\u011f\u0131 \u0131\u015f\u0131kl\u0131 panonun yan\u0131 s\u0131ra \u00f6n taraf\u0131na da yolcular\u0131n an\u0131 foto\u011fraf\u0131 \u00e7ektirmeleri i\u00e7in iki liderin 3 boyutlu maketleri yerle\u015ftirildi.<\/p>\n<p>Yolcular ve havaliman\u0131na gelen misafirlere iki liderin maketlerinin yan\u0131nda an\u0131 foto\u011fraflar\u0131 \u00e7ektirip onlar\u0131 anma imkan\u0131 sunuluyor.<\/p>\n<p>T&amp;T Havaliman\u0131 \u0130\u015fletmecili\u011fi Genel M\u00fcd\u00fcr\u00fc M. Serhat \u00d6z\u00e7elik, Kurucu Cumhurba\u015fkan\u0131 Rauf Raif Denkta\u015f ve \u00f6zg\u00fcrl\u00fck m\u00fccadelesi lideri Dr. Faz\u0131l K\u00fc\u00e7\u00fck\u2019\u00fc sayg\u0131 ve \u00f6zlemle and\u0131klar\u0131n\u0131 ifade ederek, \u201cDr. K\u00fc\u00e7\u00fck ve Denkta\u015f, K\u0131br\u0131s milli davas\u0131 ile \u00f6zde\u015fle\u015fmi\u015f iki liderdir. Rauf Raif Denkta\u015f ve Dr. K\u00fc\u00e7\u00fck ya\u015famlar\u0131 boyunca benimsedikleri ve sonuna kadar m\u00fccadelesini verdikleri \u00fclk\u00fclerinden hi\u00e7bir sapma g\u00f6stermeden kararl\u0131 ve inan\u00e7l\u0131 \u015fekilde s\u00fcrd\u00fcrd\u00fcler. Cennet mek\u00e2nlar\u0131nda ruhlar\u0131 \u015fad olsun.\u201d dedi.<\/p>\n<\/p><\/div>\n<p><script async\n                    defer\n                    crossorigin=\"anonymous\"\n                    src=\"https:\/\/connect.facebook.net\/tr_TR\/sdk.js#xfbml=1&#038;version=v3.3\"\n            ><\/script><\/p>\n","protected":false},"excerpt":{"rendered":"<p>KKTC\u2019nin kurucu Cumhurba\u015fkan\u0131 Rauf Raif Denkta\u015f ve \u00d6zg\u00fcrl\u00fck M\u00fccadelesi lideri Dr. Faz\u0131l K\u00fc\u00e7\u00fck Ercan Havaliman\u0131\u2019nda da an\u0131l\u0131yor. T&amp;T Havaliman\u0131 \u0130\u015fletmecili\u011fi\u2019nden yap\u0131lan a\u00e7\u0131klamaya g\u00f6re, giden yolcu b\u00f6l\u00fcm\u00fcne iki liderin foto\u011fraflar\u0131n\u0131n yer ald\u0131\u011f\u0131 \u0131\u015f\u0131kl\u0131 panonun yan\u0131 s\u0131ra \u00f6n taraf\u0131na da yolcular\u0131n an\u0131 foto\u011fraf\u0131 \u00e7ektirmeleri i\u00e7in iki liderin 3 boyutlu maketleri yerle\u015ftirildi. Yolcular ve havaliman\u0131na gelen misafirlere iki [&hellip;]<\/p>\n","protected":false},"author":1,"featured_media":17254,"comment_status":"open","ping_status":"open","sticky":false,"template":"","format":"standard","meta":{"jnews-multi-image_gallery":[],"jnews_single_post":[],"jnews_primary_category":[],"jnews_social_meta":[],"jnews_override_counter":[],"footnotes":""},"categories":[6],"tags":[],"class_list":["post-17253","post","type-post","status-publish","format-standard","has-post-thumbnail","hentry","category-yasam"],"yoast_head":"<!-- This site is optimized with the Yoast SEO plugin v27.4 - https:\/\/yoast.com\/product\/yoast-seo-wordpress\/ -->\n<title>Denkta\u015f ve K\u00fc\u00e7\u00fck Ercan Havaliman\u0131\u2019nda an\u0131l\u0131yor - Kuzeyin Sesi<\/title>\n<meta name=\"robots\" content=\"index, follow, max-snippet:-1, max-image-preview:large, max-video-preview:-1\" \/>\n<link rel=\"canonical\" href=\"https:\/\/kuzeyinsesi.org\/index.php\/2025\/01\/13\/denktas-ve-kucuk-ercan-havalimaninda-aniliyor\/\" \/>\n<meta property=\"og:locale\" content=\"tr_TR\" \/>\n<meta property=\"og:type\" content=\"article\" \/>\n<meta property=\"og:title\" content=\"Denkta\u015f ve K\u00fc\u00e7\u00fck Ercan Havaliman\u0131\u2019nda an\u0131l\u0131yor - Kuzeyin Sesi\" \/>\n<meta property=\"og:description\" content=\"KKTC\u2019nin kurucu Cumhurba\u015fkan\u0131 Rauf Raif Denkta\u015f ve \u00d6zg\u00fcrl\u00fck M\u00fccadelesi lideri Dr. Faz\u0131l K\u00fc\u00e7\u00fck Ercan Havaliman\u0131\u2019nda da an\u0131l\u0131yor. T&amp;T Havaliman\u0131 \u0130\u015fletmecili\u011fi\u2019nden yap\u0131lan a\u00e7\u0131klamaya g\u00f6re, giden yolcu b\u00f6l\u00fcm\u00fcne iki liderin foto\u011fraflar\u0131n\u0131n yer ald\u0131\u011f\u0131 \u0131\u015f\u0131kl\u0131 panonun yan\u0131 s\u0131ra \u00f6n taraf\u0131na da yolcular\u0131n an\u0131 foto\u011fraf\u0131 \u00e7ektirmeleri i\u00e7in iki liderin 3 boyutlu maketleri yerle\u015ftirildi. Yolcular ve havaliman\u0131na gelen misafirlere iki [&hellip;]\" \/>\n<meta property=\"og:url\" content=\"https:\/\/kuzeyinsesi.org\/index.php\/2025\/01\/13\/denktas-ve-kucuk-ercan-havalimaninda-aniliyor\/\" \/>\n<meta property=\"og:site_name\" content=\"Kuzeyin Sesi\" \/>\n<meta property=\"article:publisher\" content=\"https:\/\/www.facebook.com\/kuzeyinsesii\" \/>\n<meta property=\"article:published_time\" content=\"2025-01-13T17:30:50+00:00\" \/>\n<meta property=\"og:image\" content=\"https:\/\/brtk.net\/wp-content\/uploads\/2025\/01\/13\/6l.jpg?ver=b5a0542ce6dc8749a7b6769b5a8dd561\" \/>\n<meta name=\"author\" content=\"Kuzeyin Sesi\" \/>\n<meta name=\"twitter:card\" content=\"summary_large_image\" \/>\n<meta name=\"twitter:creator\" content=\"@kuzeyinsesii\" \/>\n<meta name=\"twitter:site\" content=\"@kuzeyinsesii\" \/>\n<meta name=\"twitter:label1\" content=\"Yazan:\" \/>\n\t<meta name=\"twitter:data1\" content=\"Kuzeyin Sesi\" \/>\n\t<meta name=\"twitter:label2\" content=\"Tahmini okuma s\u00fcresi\" \/>\n\t<meta name=\"twitter:data2\" content=\"1 dakika\" \/>\n<script type=\"application\/ld+json\" class=\"yoast-schema-graph\">{\"@context\":\"https:\\\/\\\/schema.org\",\"@graph\":[{\"@type\":\"Article\",\"@id\":\"https:\\\/\\\/kuzeyinsesi.org\\\/index.php\\\/2025\\\/01\\\/13\\\/denktas-ve-kucuk-ercan-havalimaninda-aniliyor\\\/#article\",\"isPartOf\":{\"@id\":\"https:\\\/\\\/kuzeyinsesi.org\\\/index.php\\\/2025\\\/01\\\/13\\\/denktas-ve-kucuk-ercan-havalimaninda-aniliyor\\\/\"},\"author\":{\"name\":\"Kuzeyin Sesi\",\"@id\":\"https:\\\/\\\/kuzeyinsesi.org\\\/#\\\/schema\\\/person\\\/9f859689cdf01485597712386e37f5aa\"},\"headline\":\"Denkta\u015f ve K\u00fc\u00e7\u00fck Ercan Havaliman\u0131\u2019nda an\u0131l\u0131yor\",\"datePublished\":\"2025-01-13T17:30:50+00:00\",\"mainEntityOfPage\":{\"@id\":\"https:\\\/\\\/kuzeyinsesi.org\\\/index.php\\\/2025\\\/01\\\/13\\\/denktas-ve-kucuk-ercan-havalimaninda-aniliyor\\\/\"},\"wordCount\":203,\"commentCount\":0,\"image\":{\"@id\":\"https:\\\/\\\/kuzeyinsesi.org\\\/index.php\\\/2025\\\/01\\\/13\\\/denktas-ve-kucuk-ercan-havalimaninda-aniliyor\\\/#primaryimage\"},\"thumbnailUrl\":\"https:\\\/\\\/kuzeyinsesi.org\\\/wp-content\\\/uploads\\\/2025\\\/01\\\/6l.jpg\",\"articleSection\":[\"Ya\u015fam\"],\"inLanguage\":\"tr\",\"potentialAction\":[{\"@type\":\"CommentAction\",\"name\":\"Comment\",\"target\":[\"https:\\\/\\\/kuzeyinsesi.org\\\/index.php\\\/2025\\\/01\\\/13\\\/denktas-ve-kucuk-ercan-havalimaninda-aniliyor\\\/#respond\"]}]},{\"@type\":\"WebPage\",\"@id\":\"https:\\\/\\\/kuzeyinsesi.org\\\/index.php\\\/2025\\\/01\\\/13\\\/denktas-ve-kucuk-ercan-havalimaninda-aniliyor\\\/\",\"url\":\"https:\\\/\\\/kuzeyinsesi.org\\\/index.php\\\/2025\\\/01\\\/13\\\/denktas-ve-kucuk-ercan-havalimaninda-aniliyor\\\/\",\"name\":\"Denkta\u015f ve K\u00fc\u00e7\u00fck Ercan Havaliman\u0131\u2019nda an\u0131l\u0131yor - Kuzeyin Sesi\",\"isPartOf\":{\"@id\":\"https:\\\/\\\/kuzeyinsesi.org\\\/#website\"},\"primaryImageOfPage\":{\"@id\":\"https:\\\/\\\/kuzeyinsesi.org\\\/index.php\\\/2025\\\/01\\\/13\\\/denktas-ve-kucuk-ercan-havalimaninda-aniliyor\\\/#primaryimage\"},\"image\":{\"@id\":\"https:\\\/\\\/kuzeyinsesi.org\\\/index.php\\\/2025\\\/01\\\/13\\\/denktas-ve-kucuk-ercan-havalimaninda-aniliyor\\\/#primaryimage\"},\"thumbnailUrl\":\"https:\\\/\\\/kuzeyinsesi.org\\\/wp-content\\\/uploads\\\/2025\\\/01\\\/6l.jpg\",\"datePublished\":\"2025-01-13T17:30:50+00:00\",\"author\":{\"@id\":\"https:\\\/\\\/kuzeyinsesi.org\\\/#\\\/schema\\\/person\\\/9f859689cdf01485597712386e37f5aa\"},\"breadcrumb\":{\"@id\":\"https:\\\/\\\/kuzeyinsesi.org\\\/index.php\\\/2025\\\/01\\\/13\\\/denktas-ve-kucuk-ercan-havalimaninda-aniliyor\\\/#breadcrumb\"},\"inLanguage\":\"tr\",\"potentialAction\":[{\"@type\":\"ReadAction\",\"target\":[\"https:\\\/\\\/kuzeyinsesi.org\\\/index.php\\\/2025\\\/01\\\/13\\\/denktas-ve-kucuk-ercan-havalimaninda-aniliyor\\\/\"]}]},{\"@type\":\"ImageObject\",\"inLanguage\":\"tr\",\"@id\":\"https:\\\/\\\/kuzeyinsesi.org\\\/index.php\\\/2025\\\/01\\\/13\\\/denktas-ve-kucuk-ercan-havalimaninda-aniliyor\\\/#primaryimage\",\"url\":\"https:\\\/\\\/kuzeyinsesi.org\\\/wp-content\\\/uploads\\\/2025\\\/01\\\/6l.jpg\",\"contentUrl\":\"https:\\\/\\\/kuzeyinsesi.org\\\/wp-content\\\/uploads\\\/2025\\\/01\\\/6l.jpg\",\"width\":1024,\"height\":768},{\"@type\":\"BreadcrumbList\",\"@id\":\"https:\\\/\\\/kuzeyinsesi.org\\\/index.php\\\/2025\\\/01\\\/13\\\/denktas-ve-kucuk-ercan-havalimaninda-aniliyor\\\/#breadcrumb\",\"itemListElement\":[{\"@type\":\"ListItem\",\"position\":1,\"name\":\"Anasayfa\",\"item\":\"https:\\\/\\\/kuzeyinsesi.org\\\/\"},{\"@type\":\"ListItem\",\"position\":2,\"name\":\"Denkta\u015f ve K\u00fc\u00e7\u00fck Ercan Havaliman\u0131\u2019nda an\u0131l\u0131yor\"}]},{\"@type\":\"WebSite\",\"@id\":\"https:\\\/\\\/kuzeyinsesi.org\\\/#website\",\"url\":\"https:\\\/\\\/kuzeyinsesi.org\\\/\",\"name\":\"Kuzeyin Sesi\",\"description\":\"Do\u011fru Haberin Adresi\",\"potentialAction\":[{\"@type\":\"SearchAction\",\"target\":{\"@type\":\"EntryPoint\",\"urlTemplate\":\"https:\\\/\\\/kuzeyinsesi.org\\\/?s={search_term_string}\"},\"query-input\":{\"@type\":\"PropertyValueSpecification\",\"valueRequired\":true,\"valueName\":\"search_term_string\"}}],\"inLanguage\":\"tr\"},{\"@type\":\"Person\",\"@id\":\"https:\\\/\\\/kuzeyinsesi.org\\\/#\\\/schema\\\/person\\\/9f859689cdf01485597712386e37f5aa\",\"name\":\"Kuzeyin Sesi\",\"image\":{\"@type\":\"ImageObject\",\"inLanguage\":\"tr\",\"@id\":\"https:\\\/\\\/secure.gravatar.com\\\/avatar\\\/bab33852abfd8b282518d6ed81826833d77c3c882d9ab608add591ccace47a44?s=96&d=mm&r=g\",\"url\":\"https:\\\/\\\/secure.gravatar.com\\\/avatar\\\/bab33852abfd8b282518d6ed81826833d77c3c882d9ab608add591ccace47a44?s=96&d=mm&r=g\",\"contentUrl\":\"https:\\\/\\\/secure.gravatar.com\\\/avatar\\\/bab33852abfd8b282518d6ed81826833d77c3c882d9ab608add591ccace47a44?s=96&d=mm&r=g\",\"caption\":\"Kuzeyin Sesi\"},\"sameAs\":[\"https:\\\/\\\/kuzeyinsesi.org\"],\"url\":\"https:\\\/\\\/kuzeyinsesi.org\\\/index.php\\\/author\\\/guven\\\/\"}]}<\/script>\n<!-- \/ Yoast SEO plugin. -->","yoast_head_json":{"title":"Denkta\u015f ve K\u00fc\u00e7\u00fck Ercan Havaliman\u0131\u2019nda an\u0131l\u0131yor - Kuzeyin Sesi","robots":{"index":"index","follow":"follow","max-snippet":"max-snippet:-1","max-image-preview":"max-image-preview:large","max-video-preview":"max-video-preview:-1"},"canonical":"https:\/\/kuzeyinsesi.org\/index.php\/2025\/01\/13\/denktas-ve-kucuk-ercan-havalimaninda-aniliyor\/","og_locale":"tr_TR","og_type":"article","og_title":"Denkta\u015f ve K\u00fc\u00e7\u00fck Ercan Havaliman\u0131\u2019nda an\u0131l\u0131yor - Kuzeyin Sesi","og_description":"KKTC\u2019nin kurucu Cumhurba\u015fkan\u0131 Rauf Raif Denkta\u015f ve \u00d6zg\u00fcrl\u00fck M\u00fccadelesi lideri Dr. Faz\u0131l K\u00fc\u00e7\u00fck Ercan Havaliman\u0131\u2019nda da an\u0131l\u0131yor. T&amp;T Havaliman\u0131 \u0130\u015fletmecili\u011fi\u2019nden yap\u0131lan a\u00e7\u0131klamaya g\u00f6re, giden yolcu b\u00f6l\u00fcm\u00fcne iki liderin foto\u011fraflar\u0131n\u0131n yer ald\u0131\u011f\u0131 \u0131\u015f\u0131kl\u0131 panonun yan\u0131 s\u0131ra \u00f6n taraf\u0131na da yolcular\u0131n an\u0131 foto\u011fraf\u0131 \u00e7ektirmeleri i\u00e7in iki liderin 3 boyutlu maketleri yerle\u015ftirildi. Yolcular ve havaliman\u0131na gelen misafirlere iki [&hellip;]","og_url":"https:\/\/kuzeyinsesi.org\/index.php\/2025\/01\/13\/denktas-ve-kucuk-ercan-havalimaninda-aniliyor\/","og_site_name":"Kuzeyin Sesi","article_publisher":"https:\/\/www.facebook.com\/kuzeyinsesii","article_published_time":"2025-01-13T17:30:50+00:00","og_image":[{"url":"https:\/\/brtk.net\/wp-content\/uploads\/2025\/01\/13\/6l.jpg?ver=b5a0542ce6dc8749a7b6769b5a8dd561","type":"","width":"","height":""}],"author":"Kuzeyin Sesi","twitter_card":"summary_large_image","twitter_creator":"@kuzeyinsesii","twitter_site":"@kuzeyinsesii","twitter_misc":{"Yazan:":"Kuzeyin Sesi","Tahmini okuma s\u00fcresi":"1 dakika"},"schema":{"@context":"https:\/\/schema.org","@graph":[{"@type":"Article","@id":"https:\/\/kuzeyinsesi.org\/index.php\/2025\/01\/13\/denktas-ve-kucuk-ercan-havalimaninda-aniliyor\/#article","isPartOf":{"@id":"https:\/\/kuzeyinsesi.org\/index.php\/2025\/01\/13\/denktas-ve-kucuk-ercan-havalimaninda-aniliyor\/"},"author":{"name":"Kuzeyin Sesi","@id":"https:\/\/kuzeyinsesi.org\/#\/schema\/person\/9f859689cdf01485597712386e37f5aa"},"headline":"Denkta\u015f ve K\u00fc\u00e7\u00fck Ercan Havaliman\u0131\u2019nda an\u0131l\u0131yor","datePublished":"2025-01-13T17:30:50+00:00","mainEntityOfPage":{"@id":"https:\/\/kuzeyinsesi.org\/index.php\/2025\/01\/13\/denktas-ve-kucuk-ercan-havalimaninda-aniliyor\/"},"wordCount":203,"commentCount":0,"image":{"@id":"https:\/\/kuzeyinsesi.org\/index.php\/2025\/01\/13\/denktas-ve-kucuk-ercan-havalimaninda-aniliyor\/#primaryimage"},"thumbnailUrl":"https:\/\/kuzeyinsesi.org\/wp-content\/uploads\/2025\/01\/6l.jpg","articleSection":["Ya\u015fam"],"inLanguage":"tr","potentialAction":[{"@type":"CommentAction","name":"Comment","target":["https:\/\/kuzeyinsesi.org\/index.php\/2025\/01\/13\/denktas-ve-kucuk-ercan-havalimaninda-aniliyor\/#respond"]}]},{"@type":"WebPage","@id":"https:\/\/kuzeyinsesi.org\/index.php\/2025\/01\/13\/denktas-ve-kucuk-ercan-havalimaninda-aniliyor\/","url":"https:\/\/kuzeyinsesi.org\/index.php\/2025\/01\/13\/denktas-ve-kucuk-ercan-havalimaninda-aniliyor\/","name":"Denkta\u015f ve K\u00fc\u00e7\u00fck Ercan Havaliman\u0131\u2019nda an\u0131l\u0131yor - Kuzeyin Sesi","isPartOf":{"@id":"https:\/\/kuzeyinsesi.org\/#website"},"primaryImageOfPage":{"@id":"https:\/\/kuzeyinsesi.org\/index.php\/2025\/01\/13\/denktas-ve-kucuk-ercan-havalimaninda-aniliyor\/#primaryimage"},"image":{"@id":"https:\/\/kuzeyinsesi.org\/index.php\/2025\/01\/13\/denktas-ve-kucuk-ercan-havalimaninda-aniliyor\/#primaryimage"},"thumbnailUrl":"https:\/\/kuzeyinsesi.org\/wp-content\/uploads\/2025\/01\/6l.jpg","datePublished":"2025-01-13T17:30:50+00:00","author":{"@id":"https:\/\/kuzeyinsesi.org\/#\/schema\/person\/9f859689cdf01485597712386e37f5aa"},"breadcrumb":{"@id":"https:\/\/kuzeyinsesi.org\/index.php\/2025\/01\/13\/denktas-ve-kucuk-ercan-havalimaninda-aniliyor\/#breadcrumb"},"inLanguage":"tr","potentialAction":[{"@type":"ReadAction","target":["https:\/\/kuzeyinsesi.org\/index.php\/2025\/01\/13\/denktas-ve-kucuk-ercan-havalimaninda-aniliyor\/"]}]},{"@type":"ImageObject","inLanguage":"tr","@id":"https:\/\/kuzeyinsesi.org\/index.php\/2025\/01\/13\/denktas-ve-kucuk-ercan-havalimaninda-aniliyor\/#primaryimage","url":"https:\/\/kuzeyinsesi.org\/wp-content\/uploads\/2025\/01\/6l.jpg","contentUrl":"https:\/\/kuzeyinsesi.org\/wp-content\/uploads\/2025\/01\/6l.jpg","width":1024,"height":768},{"@type":"BreadcrumbList","@id":"https:\/\/kuzeyinsesi.org\/index.php\/2025\/01\/13\/denktas-ve-kucuk-ercan-havalimaninda-aniliyor\/#breadcrumb","itemListElement":[{"@type":"ListItem","position":1,"name":"Anasayfa","item":"https:\/\/kuzeyinsesi.org\/"},{"@type":"ListItem","position":2,"name":"Denkta\u015f ve K\u00fc\u00e7\u00fck Ercan Havaliman\u0131\u2019nda an\u0131l\u0131yor"}]},{"@type":"WebSite","@id":"https:\/\/kuzeyinsesi.org\/#website","url":"https:\/\/kuzeyinsesi.org\/","name":"Kuzeyin Sesi","description":"Do\u011fru Haberin Adresi","potentialAction":[{"@type":"SearchAction","target":{"@type":"EntryPoint","urlTemplate":"https:\/\/kuzeyinsesi.org\/?s={search_term_string}"},"query-input":{"@type":"PropertyValueSpecification","valueRequired":true,"valueName":"search_term_string"}}],"inLanguage":"tr"},{"@type":"Person","@id":"https:\/\/kuzeyinsesi.org\/#\/schema\/person\/9f859689cdf01485597712386e37f5aa","name":"Kuzeyin Sesi","image":{"@type":"ImageObject","inLanguage":"tr","@id":"https:\/\/secure.gravatar.com\/avatar\/bab33852abfd8b282518d6ed81826833d77c3c882d9ab608add591ccace47a44?s=96&d=mm&r=g","url":"https:\/\/secure.gravatar.com\/avatar\/bab33852abfd8b282518d6ed81826833d77c3c882d9ab608add591ccace47a44?s=96&d=mm&r=g","contentUrl":"https:\/\/secure.gravatar.com\/avatar\/bab33852abfd8b282518d6ed81826833d77c3c882d9ab608add591ccace47a44?s=96&d=mm&r=g","caption":"Kuzeyin Sesi"},"sameAs":["https:\/\/kuzeyinsesi.org"],"url":"https:\/\/kuzeyinsesi.org\/index.php\/author\/guven\/"}]}},"_links":{"self":[{"href":"https:\/\/kuzeyinsesi.org\/index.php\/wp-json\/wp\/v2\/posts\/17253","targetHints":{"allow":["GET"]}}],"collection":[{"href":"https:\/\/kuzeyinsesi.org\/index.php\/wp-json\/wp\/v2\/posts"}],"about":[{"href":"https:\/\/kuzeyinsesi.org\/index.php\/wp-json\/wp\/v2\/types\/post"}],"author":[{"embeddable":true,"href":"https:\/\/kuzeyinsesi.org\/index.php\/wp-json\/wp\/v2\/users\/1"}],"replies":[{"embeddable":true,"href":"https:\/\/kuzeyinsesi.org\/index.php\/wp-json\/wp\/v2\/comments?post=17253"}],"version-history":[{"count":0,"href":"https:\/\/kuzeyinsesi.org\/index.php\/wp-json\/wp\/v2\/posts\/17253\/revisions"}],"wp:featuredmedia":[{"embeddable":true,"href":"https:\/\/kuzeyinsesi.org\/index.php\/wp-json\/wp\/v2\/media\/17254"}],"wp:attachment":[{"href":"https:\/\/kuzeyinsesi.org\/index.php\/wp-json\/wp\/v2\/media?parent=17253"}],"wp:term":[{"taxonomy":"category","embeddable":true,"href":"https:\/\/kuzeyinsesi.org\/index.php\/wp-json\/wp\/v2\/categories?post=17253"},{"taxonomy":"post_tag","embeddable":true,"href":"https:\/\/kuzeyinsesi.org\/index.php\/wp-json\/wp\/v2\/tags?post=17253"}],"curies":[{"name":"wp","href":"https:\/\/api.w.org\/{rel}","templated":true}]}}