{"id":17251,"date":"2025-01-13T18:30:09","date_gmt":"2025-01-13T16:30:09","guid":{"rendered":"https:\/\/kuzeyinsesi.org\/index.php\/2025\/01\/13\/yarim-canlar-destani-kktc-turnesine-cikiyor\/"},"modified":"2025-01-13T18:30:09","modified_gmt":"2025-01-13T16:30:09","slug":"yarim-canlar-destani-kktc-turnesine-cikiyor","status":"publish","type":"post","link":"https:\/\/kuzeyinsesi.org\/index.php\/2025\/01\/13\/yarim-canlar-destani-kktc-turnesine-cikiyor\/","title":{"rendered":"\u201cYar\u0131m Canlar Destan\u0131\u201d KKTC turnesine \u00e7\u0131k\u0131yor"},"content":{"rendered":"<div>\n<div class=\"mariselle-image-container center\">\n                                            <\/div>\n<p>Girne Tiyatro Su ile Alt\u0131 \u00dcst\u00fc Kabare ortak prod\u00fcksiyonu olan \u201cYar\u0131m Canlar Destan\u0131\u201d adl\u0131 oyun KKTC turnesine \u00e7\u0131k\u0131yor.<\/p>\n<p>Oyun, turnenin birinci aya\u011f\u0131  G\u00fczelyurt, Lefko\u015fa ve \u0130skele\u2019de +16 ya\u015f kategorisi olarak izleyici ile bulu\u015facak.<\/p>\n<p>Girne Tiyatro Su Bas\u0131n B\u00fcrosu\u2019ndan yap\u0131lan a\u00e7\u0131klamaya g\u00f6re oyun 17 Ocak Cuma g\u00fcn\u00fc saat 20.00\u2019de G\u00fczelyurt AKM\u2019de, 24 Ocak Cuma saat 20.00\u2019de Lefko\u015fa AKM\u2019de ve 31 Ocak Cuma saat 20.00\u2019de \u0130skele AKM\u2019de sahnelenecek.<\/p>\n<p>Girne\u2019de 1-8-15 ve 29 Kas\u0131m tarihlerinde kapal\u0131 gi\u015fe oynayan oyunda Derman Atik\u2019in ya\u015fam\u0131 \u00f6zne olarak se\u00e7ilerek,  K\u0131br\u0131s\u2019ta ya\u015fananlar\u0131 ve bu ya\u015fananlar s\u0131ras\u0131nda d\u00fcnyan\u0131n ne yapt\u0131\u011f\u0131 anlat\u0131l\u0131yor. <\/p>\n<p>Bur\u00e7han G\u00f6ze\u2019nin yaz\u0131p y\u00f6netti\u011fi, yard\u0131mc\u0131 y\u00f6netmenli\u011fini ise \u00d6zge G\u00fcnay G\u00f6ze\u2019n\u0131n yapt\u0131\u011f\u0131 oyunda, Esel Fatma T\u00fcney reji asistan\u0131, Nur\u00e7in T\u00fcney sahne amiri olarak g\u00f6rev yap\u0131yor. I\u015f\u0131k uygulamas\u0131n\u0131 Mehmet Sayg\u0131er\u2019in yapt\u0131\u011f\u0131 oyunda,  Cenk G\u00fcr\u00e7a\u011f, Derman Atik ve \u0130lk\u015fen Varo\u011flu Atik rol al\u0131yor. Ayr\u0131ca oyunda Cemile G\u00fcr\u00e7a\u011f ve \u0130lde Atik de solist olarak yer al\u0131yor<\/p>\n<\/p><\/div>\n<p><script async\n                    defer\n                    crossorigin=\"anonymous\"\n                    src=\"https:\/\/connect.facebook.net\/tr_TR\/sdk.js#xfbml=1&#038;version=v3.3\"\n            ><\/script><\/p>\n","protected":false},"excerpt":{"rendered":"<p>Girne Tiyatro Su ile Alt\u0131 \u00dcst\u00fc Kabare ortak prod\u00fcksiyonu olan \u201cYar\u0131m Canlar Destan\u0131\u201d adl\u0131 oyun KKTC turnesine \u00e7\u0131k\u0131yor. Oyun, turnenin birinci aya\u011f\u0131 G\u00fczelyurt, Lefko\u015fa ve \u0130skele\u2019de +16 ya\u015f kategorisi olarak izleyici ile bulu\u015facak. Girne Tiyatro Su Bas\u0131n B\u00fcrosu\u2019ndan yap\u0131lan a\u00e7\u0131klamaya g\u00f6re oyun 17 Ocak Cuma g\u00fcn\u00fc saat 20.00\u2019de G\u00fczelyurt AKM\u2019de, 24 Ocak Cuma saat 20.00\u2019de [&hellip;]<\/p>\n","protected":false},"author":1,"featured_media":17252,"comment_status":"open","ping_status":"open","sticky":false,"template":"","format":"standard","meta":{"jnews-multi-image_gallery":[],"jnews_single_post":[],"jnews_primary_category":[],"jnews_social_meta":[],"jnews_override_counter":[],"footnotes":""},"categories":[6],"tags":[],"class_list":["post-17251","post","type-post","status-publish","format-standard","has-post-thumbnail","hentry","category-yasam"],"yoast_head":"<!-- This site is optimized with the Yoast SEO plugin v27.4 - https:\/\/yoast.com\/product\/yoast-seo-wordpress\/ -->\n<title>\u201cYar\u0131m Canlar Destan\u0131\u201d KKTC turnesine \u00e7\u0131k\u0131yor - Kuzeyin Sesi<\/title>\n<meta name=\"robots\" content=\"index, follow, max-snippet:-1, max-image-preview:large, max-video-preview:-1\" \/>\n<link rel=\"canonical\" href=\"https:\/\/kuzeyinsesi.org\/index.php\/2025\/01\/13\/yarim-canlar-destani-kktc-turnesine-cikiyor\/\" \/>\n<meta property=\"og:locale\" content=\"tr_TR\" \/>\n<meta property=\"og:type\" content=\"article\" \/>\n<meta property=\"og:title\" content=\"\u201cYar\u0131m Canlar Destan\u0131\u201d KKTC turnesine \u00e7\u0131k\u0131yor - Kuzeyin Sesi\" \/>\n<meta property=\"og:description\" content=\"Girne Tiyatro Su ile Alt\u0131 \u00dcst\u00fc Kabare ortak prod\u00fcksiyonu olan \u201cYar\u0131m Canlar Destan\u0131\u201d adl\u0131 oyun KKTC turnesine \u00e7\u0131k\u0131yor. Oyun, turnenin birinci aya\u011f\u0131 G\u00fczelyurt, Lefko\u015fa ve \u0130skele\u2019de +16 ya\u015f kategorisi olarak izleyici ile bulu\u015facak. Girne Tiyatro Su Bas\u0131n B\u00fcrosu\u2019ndan yap\u0131lan a\u00e7\u0131klamaya g\u00f6re oyun 17 Ocak Cuma g\u00fcn\u00fc saat 20.00\u2019de G\u00fczelyurt AKM\u2019de, 24 Ocak Cuma saat 20.00\u2019de [&hellip;]\" \/>\n<meta property=\"og:url\" content=\"https:\/\/kuzeyinsesi.org\/index.php\/2025\/01\/13\/yarim-canlar-destani-kktc-turnesine-cikiyor\/\" \/>\n<meta property=\"og:site_name\" content=\"Kuzeyin Sesi\" \/>\n<meta property=\"article:publisher\" content=\"https:\/\/www.facebook.com\/kuzeyinsesii\" \/>\n<meta property=\"article:published_time\" content=\"2025-01-13T16:30:09+00:00\" \/>\n<meta property=\"og:image\" content=\"https:\/\/brtk.net\/wp-content\/uploads\/2025\/01\/13\/lllllllllkkk.jpg?ver=b683f649533a102917c4453aa5556650\" \/>\n<meta name=\"author\" content=\"Kuzeyin Sesi\" \/>\n<meta name=\"twitter:card\" content=\"summary_large_image\" \/>\n<meta name=\"twitter:creator\" content=\"@kuzeyinsesii\" \/>\n<meta name=\"twitter:site\" content=\"@kuzeyinsesii\" \/>\n<meta name=\"twitter:label1\" content=\"Yazan:\" \/>\n\t<meta name=\"twitter:data1\" content=\"Kuzeyin Sesi\" \/>\n\t<meta name=\"twitter:label2\" content=\"Tahmini okuma s\u00fcresi\" \/>\n\t<meta name=\"twitter:data2\" content=\"1 dakika\" \/>\n<script type=\"application\/ld+json\" class=\"yoast-schema-graph\">{\"@context\":\"https:\\\/\\\/schema.org\",\"@graph\":[{\"@type\":\"Article\",\"@id\":\"https:\\\/\\\/kuzeyinsesi.org\\\/index.php\\\/2025\\\/01\\\/13\\\/yarim-canlar-destani-kktc-turnesine-cikiyor\\\/#article\",\"isPartOf\":{\"@id\":\"https:\\\/\\\/kuzeyinsesi.org\\\/index.php\\\/2025\\\/01\\\/13\\\/yarim-canlar-destani-kktc-turnesine-cikiyor\\\/\"},\"author\":{\"name\":\"Kuzeyin Sesi\",\"@id\":\"https:\\\/\\\/kuzeyinsesi.org\\\/#\\\/schema\\\/person\\\/9f859689cdf01485597712386e37f5aa\"},\"headline\":\"\u201cYar\u0131m Canlar Destan\u0131\u201d KKTC turnesine \u00e7\u0131k\u0131yor\",\"datePublished\":\"2025-01-13T16:30:09+00:00\",\"mainEntityOfPage\":{\"@id\":\"https:\\\/\\\/kuzeyinsesi.org\\\/index.php\\\/2025\\\/01\\\/13\\\/yarim-canlar-destani-kktc-turnesine-cikiyor\\\/\"},\"wordCount\":215,\"commentCount\":0,\"image\":{\"@id\":\"https:\\\/\\\/kuzeyinsesi.org\\\/index.php\\\/2025\\\/01\\\/13\\\/yarim-canlar-destani-kktc-turnesine-cikiyor\\\/#primaryimage\"},\"thumbnailUrl\":\"https:\\\/\\\/kuzeyinsesi.org\\\/wp-content\\\/uploads\\\/2025\\\/01\\\/lllllllllkkk.jpg\",\"articleSection\":[\"Ya\u015fam\"],\"inLanguage\":\"tr\",\"potentialAction\":[{\"@type\":\"CommentAction\",\"name\":\"Comment\",\"target\":[\"https:\\\/\\\/kuzeyinsesi.org\\\/index.php\\\/2025\\\/01\\\/13\\\/yarim-canlar-destani-kktc-turnesine-cikiyor\\\/#respond\"]}]},{\"@type\":\"WebPage\",\"@id\":\"https:\\\/\\\/kuzeyinsesi.org\\\/index.php\\\/2025\\\/01\\\/13\\\/yarim-canlar-destani-kktc-turnesine-cikiyor\\\/\",\"url\":\"https:\\\/\\\/kuzeyinsesi.org\\\/index.php\\\/2025\\\/01\\\/13\\\/yarim-canlar-destani-kktc-turnesine-cikiyor\\\/\",\"name\":\"\u201cYar\u0131m Canlar Destan\u0131\u201d KKTC turnesine \u00e7\u0131k\u0131yor - Kuzeyin Sesi\",\"isPartOf\":{\"@id\":\"https:\\\/\\\/kuzeyinsesi.org\\\/#website\"},\"primaryImageOfPage\":{\"@id\":\"https:\\\/\\\/kuzeyinsesi.org\\\/index.php\\\/2025\\\/01\\\/13\\\/yarim-canlar-destani-kktc-turnesine-cikiyor\\\/#primaryimage\"},\"image\":{\"@id\":\"https:\\\/\\\/kuzeyinsesi.org\\\/index.php\\\/2025\\\/01\\\/13\\\/yarim-canlar-destani-kktc-turnesine-cikiyor\\\/#primaryimage\"},\"thumbnailUrl\":\"https:\\\/\\\/kuzeyinsesi.org\\\/wp-content\\\/uploads\\\/2025\\\/01\\\/lllllllllkkk.jpg\",\"datePublished\":\"2025-01-13T16:30:09+00:00\",\"author\":{\"@id\":\"https:\\\/\\\/kuzeyinsesi.org\\\/#\\\/schema\\\/person\\\/9f859689cdf01485597712386e37f5aa\"},\"breadcrumb\":{\"@id\":\"https:\\\/\\\/kuzeyinsesi.org\\\/index.php\\\/2025\\\/01\\\/13\\\/yarim-canlar-destani-kktc-turnesine-cikiyor\\\/#breadcrumb\"},\"inLanguage\":\"tr\",\"potentialAction\":[{\"@type\":\"ReadAction\",\"target\":[\"https:\\\/\\\/kuzeyinsesi.org\\\/index.php\\\/2025\\\/01\\\/13\\\/yarim-canlar-destani-kktc-turnesine-cikiyor\\\/\"]}]},{\"@type\":\"ImageObject\",\"inLanguage\":\"tr\",\"@id\":\"https:\\\/\\\/kuzeyinsesi.org\\\/index.php\\\/2025\\\/01\\\/13\\\/yarim-canlar-destani-kktc-turnesine-cikiyor\\\/#primaryimage\",\"url\":\"https:\\\/\\\/kuzeyinsesi.org\\\/wp-content\\\/uploads\\\/2025\\\/01\\\/lllllllllkkk.jpg\",\"contentUrl\":\"https:\\\/\\\/kuzeyinsesi.org\\\/wp-content\\\/uploads\\\/2025\\\/01\\\/lllllllllkkk.jpg\",\"width\":1599,\"height\":1066},{\"@type\":\"BreadcrumbList\",\"@id\":\"https:\\\/\\\/kuzeyinsesi.org\\\/index.php\\\/2025\\\/01\\\/13\\\/yarim-canlar-destani-kktc-turnesine-cikiyor\\\/#breadcrumb\",\"itemListElement\":[{\"@type\":\"ListItem\",\"position\":1,\"name\":\"Anasayfa\",\"item\":\"https:\\\/\\\/kuzeyinsesi.org\\\/\"},{\"@type\":\"ListItem\",\"position\":2,\"name\":\"\u201cYar\u0131m Canlar Destan\u0131\u201d KKTC turnesine \u00e7\u0131k\u0131yor\"}]},{\"@type\":\"WebSite\",\"@id\":\"https:\\\/\\\/kuzeyinsesi.org\\\/#website\",\"url\":\"https:\\\/\\\/kuzeyinsesi.org\\\/\",\"name\":\"Kuzeyin Sesi\",\"description\":\"Do\u011fru Haberin Adresi\",\"potentialAction\":[{\"@type\":\"SearchAction\",\"target\":{\"@type\":\"EntryPoint\",\"urlTemplate\":\"https:\\\/\\\/kuzeyinsesi.org\\\/?s={search_term_string}\"},\"query-input\":{\"@type\":\"PropertyValueSpecification\",\"valueRequired\":true,\"valueName\":\"search_term_string\"}}],\"inLanguage\":\"tr\"},{\"@type\":\"Person\",\"@id\":\"https:\\\/\\\/kuzeyinsesi.org\\\/#\\\/schema\\\/person\\\/9f859689cdf01485597712386e37f5aa\",\"name\":\"Kuzeyin Sesi\",\"image\":{\"@type\":\"ImageObject\",\"inLanguage\":\"tr\",\"@id\":\"https:\\\/\\\/secure.gravatar.com\\\/avatar\\\/bab33852abfd8b282518d6ed81826833d77c3c882d9ab608add591ccace47a44?s=96&d=mm&r=g\",\"url\":\"https:\\\/\\\/secure.gravatar.com\\\/avatar\\\/bab33852abfd8b282518d6ed81826833d77c3c882d9ab608add591ccace47a44?s=96&d=mm&r=g\",\"contentUrl\":\"https:\\\/\\\/secure.gravatar.com\\\/avatar\\\/bab33852abfd8b282518d6ed81826833d77c3c882d9ab608add591ccace47a44?s=96&d=mm&r=g\",\"caption\":\"Kuzeyin Sesi\"},\"sameAs\":[\"https:\\\/\\\/kuzeyinsesi.org\"],\"url\":\"https:\\\/\\\/kuzeyinsesi.org\\\/index.php\\\/author\\\/guven\\\/\"}]}<\/script>\n<!-- \/ Yoast SEO plugin. -->","yoast_head_json":{"title":"\u201cYar\u0131m Canlar Destan\u0131\u201d KKTC turnesine \u00e7\u0131k\u0131yor - Kuzeyin Sesi","robots":{"index":"index","follow":"follow","max-snippet":"max-snippet:-1","max-image-preview":"max-image-preview:large","max-video-preview":"max-video-preview:-1"},"canonical":"https:\/\/kuzeyinsesi.org\/index.php\/2025\/01\/13\/yarim-canlar-destani-kktc-turnesine-cikiyor\/","og_locale":"tr_TR","og_type":"article","og_title":"\u201cYar\u0131m Canlar Destan\u0131\u201d KKTC turnesine \u00e7\u0131k\u0131yor - Kuzeyin Sesi","og_description":"Girne Tiyatro Su ile Alt\u0131 \u00dcst\u00fc Kabare ortak prod\u00fcksiyonu olan \u201cYar\u0131m Canlar Destan\u0131\u201d adl\u0131 oyun KKTC turnesine \u00e7\u0131k\u0131yor. Oyun, turnenin birinci aya\u011f\u0131 G\u00fczelyurt, Lefko\u015fa ve \u0130skele\u2019de +16 ya\u015f kategorisi olarak izleyici ile bulu\u015facak. Girne Tiyatro Su Bas\u0131n B\u00fcrosu\u2019ndan yap\u0131lan a\u00e7\u0131klamaya g\u00f6re oyun 17 Ocak Cuma g\u00fcn\u00fc saat 20.00\u2019de G\u00fczelyurt AKM\u2019de, 24 Ocak Cuma saat 20.00\u2019de [&hellip;]","og_url":"https:\/\/kuzeyinsesi.org\/index.php\/2025\/01\/13\/yarim-canlar-destani-kktc-turnesine-cikiyor\/","og_site_name":"Kuzeyin Sesi","article_publisher":"https:\/\/www.facebook.com\/kuzeyinsesii","article_published_time":"2025-01-13T16:30:09+00:00","og_image":[{"url":"https:\/\/brtk.net\/wp-content\/uploads\/2025\/01\/13\/lllllllllkkk.jpg?ver=b683f649533a102917c4453aa5556650","type":"","width":"","height":""}],"author":"Kuzeyin Sesi","twitter_card":"summary_large_image","twitter_creator":"@kuzeyinsesii","twitter_site":"@kuzeyinsesii","twitter_misc":{"Yazan:":"Kuzeyin Sesi","Tahmini okuma s\u00fcresi":"1 dakika"},"schema":{"@context":"https:\/\/schema.org","@graph":[{"@type":"Article","@id":"https:\/\/kuzeyinsesi.org\/index.php\/2025\/01\/13\/yarim-canlar-destani-kktc-turnesine-cikiyor\/#article","isPartOf":{"@id":"https:\/\/kuzeyinsesi.org\/index.php\/2025\/01\/13\/yarim-canlar-destani-kktc-turnesine-cikiyor\/"},"author":{"name":"Kuzeyin Sesi","@id":"https:\/\/kuzeyinsesi.org\/#\/schema\/person\/9f859689cdf01485597712386e37f5aa"},"headline":"\u201cYar\u0131m Canlar Destan\u0131\u201d KKTC turnesine \u00e7\u0131k\u0131yor","datePublished":"2025-01-13T16:30:09+00:00","mainEntityOfPage":{"@id":"https:\/\/kuzeyinsesi.org\/index.php\/2025\/01\/13\/yarim-canlar-destani-kktc-turnesine-cikiyor\/"},"wordCount":215,"commentCount":0,"image":{"@id":"https:\/\/kuzeyinsesi.org\/index.php\/2025\/01\/13\/yarim-canlar-destani-kktc-turnesine-cikiyor\/#primaryimage"},"thumbnailUrl":"https:\/\/kuzeyinsesi.org\/wp-content\/uploads\/2025\/01\/lllllllllkkk.jpg","articleSection":["Ya\u015fam"],"inLanguage":"tr","potentialAction":[{"@type":"CommentAction","name":"Comment","target":["https:\/\/kuzeyinsesi.org\/index.php\/2025\/01\/13\/yarim-canlar-destani-kktc-turnesine-cikiyor\/#respond"]}]},{"@type":"WebPage","@id":"https:\/\/kuzeyinsesi.org\/index.php\/2025\/01\/13\/yarim-canlar-destani-kktc-turnesine-cikiyor\/","url":"https:\/\/kuzeyinsesi.org\/index.php\/2025\/01\/13\/yarim-canlar-destani-kktc-turnesine-cikiyor\/","name":"\u201cYar\u0131m Canlar Destan\u0131\u201d KKTC turnesine \u00e7\u0131k\u0131yor - Kuzeyin Sesi","isPartOf":{"@id":"https:\/\/kuzeyinsesi.org\/#website"},"primaryImageOfPage":{"@id":"https:\/\/kuzeyinsesi.org\/index.php\/2025\/01\/13\/yarim-canlar-destani-kktc-turnesine-cikiyor\/#primaryimage"},"image":{"@id":"https:\/\/kuzeyinsesi.org\/index.php\/2025\/01\/13\/yarim-canlar-destani-kktc-turnesine-cikiyor\/#primaryimage"},"thumbnailUrl":"https:\/\/kuzeyinsesi.org\/wp-content\/uploads\/2025\/01\/lllllllllkkk.jpg","datePublished":"2025-01-13T16:30:09+00:00","author":{"@id":"https:\/\/kuzeyinsesi.org\/#\/schema\/person\/9f859689cdf01485597712386e37f5aa"},"breadcrumb":{"@id":"https:\/\/kuzeyinsesi.org\/index.php\/2025\/01\/13\/yarim-canlar-destani-kktc-turnesine-cikiyor\/#breadcrumb"},"inLanguage":"tr","potentialAction":[{"@type":"ReadAction","target":["https:\/\/kuzeyinsesi.org\/index.php\/2025\/01\/13\/yarim-canlar-destani-kktc-turnesine-cikiyor\/"]}]},{"@type":"ImageObject","inLanguage":"tr","@id":"https:\/\/kuzeyinsesi.org\/index.php\/2025\/01\/13\/yarim-canlar-destani-kktc-turnesine-cikiyor\/#primaryimage","url":"https:\/\/kuzeyinsesi.org\/wp-content\/uploads\/2025\/01\/lllllllllkkk.jpg","contentUrl":"https:\/\/kuzeyinsesi.org\/wp-content\/uploads\/2025\/01\/lllllllllkkk.jpg","width":1599,"height":1066},{"@type":"BreadcrumbList","@id":"https:\/\/kuzeyinsesi.org\/index.php\/2025\/01\/13\/yarim-canlar-destani-kktc-turnesine-cikiyor\/#breadcrumb","itemListElement":[{"@type":"ListItem","position":1,"name":"Anasayfa","item":"https:\/\/kuzeyinsesi.org\/"},{"@type":"ListItem","position":2,"name":"\u201cYar\u0131m Canlar Destan\u0131\u201d KKTC turnesine \u00e7\u0131k\u0131yor"}]},{"@type":"WebSite","@id":"https:\/\/kuzeyinsesi.org\/#website","url":"https:\/\/kuzeyinsesi.org\/","name":"Kuzeyin Sesi","description":"Do\u011fru Haberin Adresi","potentialAction":[{"@type":"SearchAction","target":{"@type":"EntryPoint","urlTemplate":"https:\/\/kuzeyinsesi.org\/?s={search_term_string}"},"query-input":{"@type":"PropertyValueSpecification","valueRequired":true,"valueName":"search_term_string"}}],"inLanguage":"tr"},{"@type":"Person","@id":"https:\/\/kuzeyinsesi.org\/#\/schema\/person\/9f859689cdf01485597712386e37f5aa","name":"Kuzeyin Sesi","image":{"@type":"ImageObject","inLanguage":"tr","@id":"https:\/\/secure.gravatar.com\/avatar\/bab33852abfd8b282518d6ed81826833d77c3c882d9ab608add591ccace47a44?s=96&d=mm&r=g","url":"https:\/\/secure.gravatar.com\/avatar\/bab33852abfd8b282518d6ed81826833d77c3c882d9ab608add591ccace47a44?s=96&d=mm&r=g","contentUrl":"https:\/\/secure.gravatar.com\/avatar\/bab33852abfd8b282518d6ed81826833d77c3c882d9ab608add591ccace47a44?s=96&d=mm&r=g","caption":"Kuzeyin Sesi"},"sameAs":["https:\/\/kuzeyinsesi.org"],"url":"https:\/\/kuzeyinsesi.org\/index.php\/author\/guven\/"}]}},"_links":{"self":[{"href":"https:\/\/kuzeyinsesi.org\/index.php\/wp-json\/wp\/v2\/posts\/17251","targetHints":{"allow":["GET"]}}],"collection":[{"href":"https:\/\/kuzeyinsesi.org\/index.php\/wp-json\/wp\/v2\/posts"}],"about":[{"href":"https:\/\/kuzeyinsesi.org\/index.php\/wp-json\/wp\/v2\/types\/post"}],"author":[{"embeddable":true,"href":"https:\/\/kuzeyinsesi.org\/index.php\/wp-json\/wp\/v2\/users\/1"}],"replies":[{"embeddable":true,"href":"https:\/\/kuzeyinsesi.org\/index.php\/wp-json\/wp\/v2\/comments?post=17251"}],"version-history":[{"count":0,"href":"https:\/\/kuzeyinsesi.org\/index.php\/wp-json\/wp\/v2\/posts\/17251\/revisions"}],"wp:featuredmedia":[{"embeddable":true,"href":"https:\/\/kuzeyinsesi.org\/index.php\/wp-json\/wp\/v2\/media\/17252"}],"wp:attachment":[{"href":"https:\/\/kuzeyinsesi.org\/index.php\/wp-json\/wp\/v2\/media?parent=17251"}],"wp:term":[{"taxonomy":"category","embeddable":true,"href":"https:\/\/kuzeyinsesi.org\/index.php\/wp-json\/wp\/v2\/categories?post=17251"},{"taxonomy":"post_tag","embeddable":true,"href":"https:\/\/kuzeyinsesi.org\/index.php\/wp-json\/wp\/v2\/tags?post=17251"}],"curies":[{"name":"wp","href":"https:\/\/api.w.org\/{rel}","templated":true}]}}