{"id":17236,"date":"2025-01-13T15:26:46","date_gmt":"2025-01-13T13:26:46","guid":{"rendered":"https:\/\/kuzeyinsesi.org\/index.php\/2025\/01\/13\/lefkara-nakisinin-dansi-sergisi-cuma-gunu-aciliyor\/"},"modified":"2025-01-13T15:26:46","modified_gmt":"2025-01-13T13:26:46","slug":"lefkara-nakisinin-dansi-sergisi-cuma-gunu-aciliyor","status":"publish","type":"post","link":"https:\/\/kuzeyinsesi.org\/index.php\/2025\/01\/13\/lefkara-nakisinin-dansi-sergisi-cuma-gunu-aciliyor\/","title":{"rendered":"\u201cLefkara Nak\u0131\u015f\u0131n\u0131n Dans\u0131\u201d sergisi cuma g\u00fcn\u00fc a\u00e7\u0131l\u0131yor"},"content":{"rendered":"<div>\n<div class=\"mariselle-image-container center\">\n                                            <\/div>\n<p>K\u00fclt\u00fcr Dairesi himayelerinde, Lefkara nak\u015f\u0131n\u0131n orijinal motifleri ve nak\u0131\u015f tekni\u011finin tan\u0131t\u0131lmas\u0131 hedefiyle haz\u0131rlanan \u201cLefkara Nak\u015f\u0131n\u0131n Dans\u0131\u201d sergisi cuma g\u00fcn\u00fc a\u00e7\u0131l\u0131yor. \u0130smet Vehit G\u00fcney Sanat Merkezi\u2019ndeki serginin a\u00e7\u0131l\u0131\u015f\u0131 saat 16.00\u2019da yap\u0131lacak.<\/p>\n<p>Ba\u015fbakan Yard\u0131mc\u0131l\u0131\u011f\u0131 Turizm K\u00fclt\u00fcr ve \u00c7evre Bakanl\u0131\u011f\u0131\u2019na ba\u011fl\u0131 K\u00fclt\u00fcr Dairesi M\u00fcd\u00fcrl\u00fc\u011f\u00fc\u2019nden verilen bilgiye g\u00f6re, \u015eenay Ekingen ve Lefkara \u00dcreticileri \u0130nisiyatifi taraf\u0131ndan haz\u0131rlanan sergi 21 Ocak Sal\u0131\u2019ya kadar mesai saatlerinde ziyaret edilebilecek.<\/p>\n<p>K\u00fclt\u00fcr Dairesi M\u00fcd\u00fcr\u00fc \u015eirin Zaima\u011fao\u011flu, konuyla ilgili a\u00e7\u0131klamas\u0131nda, K\u0131br\u0131s k\u00fclt\u00fcr\u00fcn\u00fcn en bilinen nak\u0131\u015f i\u015fi olan Lefkara nak\u015f\u0131n\u0131n, orijinal motifleri ve nak\u0131\u015f tekni\u011finin bilinirli\u011finin art\u0131r\u0131lmas\u0131 ve yozla\u015ft\u0131r\u0131lmadan gelece\u011fe ta\u015f\u0131nmas\u0131n\u0131 istediklerini ifade etti. Zaima\u011fao\u011flu, orijinal motifler kullan\u0131larak sergiye \u00f6zel olarak haz\u0131rlanacak i\u015flerin yak\u0131ndan foto\u011fraf \u00e7ekilmesinin yasak olaca\u011f\u0131n\u0131 da belirtti.<\/p>\n<p>Serginin a\u00e7\u0131l\u0131\u015f\u0131nda \u015eenay Ekingen\u2019in Lefkara nak\u015f\u0131n\u0131n tarih\u00e7esini, orijinal desenlerini ve nak\u0131\u015f tekniklerini i\u00e7eren kitab\u0131n\u0131n da sat\u0131\u015f\u0131n\u0131n yap\u0131laca\u011f\u0131n\u0131 belirten Zaima\u011fao\u011flu, Lefkara nak\u015f\u0131n\u0131n yolculu\u011funu merak edenler i\u00e7in faydal\u0131 bir etkinlik olaca\u011f\u0131n\u0131 ifade etti.<\/p>\n<\/p><\/div>\n<p><script async\n                    defer\n                    crossorigin=\"anonymous\"\n                    src=\"https:\/\/connect.facebook.net\/tr_TR\/sdk.js#xfbml=1&#038;version=v3.3\"\n            ><\/script><\/p>\n","protected":false},"excerpt":{"rendered":"<p>K\u00fclt\u00fcr Dairesi himayelerinde, Lefkara nak\u015f\u0131n\u0131n orijinal motifleri ve nak\u0131\u015f tekni\u011finin tan\u0131t\u0131lmas\u0131 hedefiyle haz\u0131rlanan \u201cLefkara Nak\u015f\u0131n\u0131n Dans\u0131\u201d sergisi cuma g\u00fcn\u00fc a\u00e7\u0131l\u0131yor. \u0130smet Vehit G\u00fcney Sanat Merkezi\u2019ndeki serginin a\u00e7\u0131l\u0131\u015f\u0131 saat 16.00\u2019da yap\u0131lacak. Ba\u015fbakan Yard\u0131mc\u0131l\u0131\u011f\u0131 Turizm K\u00fclt\u00fcr ve \u00c7evre Bakanl\u0131\u011f\u0131\u2019na ba\u011fl\u0131 K\u00fclt\u00fcr Dairesi M\u00fcd\u00fcrl\u00fc\u011f\u00fc\u2019nden verilen bilgiye g\u00f6re, \u015eenay Ekingen ve Lefkara \u00dcreticileri \u0130nisiyatifi taraf\u0131ndan haz\u0131rlanan sergi 21 Ocak [&hellip;]<\/p>\n","protected":false},"author":1,"featured_media":17237,"comment_status":"open","ping_status":"open","sticky":false,"template":"","format":"standard","meta":{"jnews-multi-image_gallery":[],"jnews_single_post":[],"jnews_primary_category":[],"jnews_social_meta":[],"jnews_override_counter":[],"footnotes":""},"categories":[6],"tags":[],"class_list":["post-17236","post","type-post","status-publish","format-standard","has-post-thumbnail","hentry","category-yasam"],"yoast_head":"<!-- This site is optimized with the Yoast SEO plugin v27.4 - https:\/\/yoast.com\/product\/yoast-seo-wordpress\/ -->\n<title>\u201cLefkara Nak\u0131\u015f\u0131n\u0131n Dans\u0131\u201d sergisi cuma g\u00fcn\u00fc a\u00e7\u0131l\u0131yor - Kuzeyin Sesi<\/title>\n<meta name=\"robots\" content=\"index, follow, max-snippet:-1, max-image-preview:large, max-video-preview:-1\" \/>\n<link rel=\"canonical\" href=\"https:\/\/kuzeyinsesi.org\/index.php\/2025\/01\/13\/lefkara-nakisinin-dansi-sergisi-cuma-gunu-aciliyor\/\" \/>\n<meta property=\"og:locale\" content=\"tr_TR\" \/>\n<meta property=\"og:type\" content=\"article\" \/>\n<meta property=\"og:title\" content=\"\u201cLefkara Nak\u0131\u015f\u0131n\u0131n Dans\u0131\u201d sergisi cuma g\u00fcn\u00fc a\u00e7\u0131l\u0131yor - Kuzeyin Sesi\" \/>\n<meta property=\"og:description\" content=\"K\u00fclt\u00fcr Dairesi himayelerinde, Lefkara nak\u015f\u0131n\u0131n orijinal motifleri ve nak\u0131\u015f tekni\u011finin tan\u0131t\u0131lmas\u0131 hedefiyle haz\u0131rlanan \u201cLefkara Nak\u015f\u0131n\u0131n Dans\u0131\u201d sergisi cuma g\u00fcn\u00fc a\u00e7\u0131l\u0131yor. \u0130smet Vehit G\u00fcney Sanat Merkezi\u2019ndeki serginin a\u00e7\u0131l\u0131\u015f\u0131 saat 16.00\u2019da yap\u0131lacak. Ba\u015fbakan Yard\u0131mc\u0131l\u0131\u011f\u0131 Turizm K\u00fclt\u00fcr ve \u00c7evre Bakanl\u0131\u011f\u0131\u2019na ba\u011fl\u0131 K\u00fclt\u00fcr Dairesi M\u00fcd\u00fcrl\u00fc\u011f\u00fc\u2019nden verilen bilgiye g\u00f6re, \u015eenay Ekingen ve Lefkara \u00dcreticileri \u0130nisiyatifi taraf\u0131ndan haz\u0131rlanan sergi 21 Ocak [&hellip;]\" \/>\n<meta property=\"og:url\" content=\"https:\/\/kuzeyinsesi.org\/index.php\/2025\/01\/13\/lefkara-nakisinin-dansi-sergisi-cuma-gunu-aciliyor\/\" \/>\n<meta property=\"og:site_name\" content=\"Kuzeyin Sesi\" \/>\n<meta property=\"article:publisher\" content=\"https:\/\/www.facebook.com\/kuzeyinsesii\" \/>\n<meta property=\"article:published_time\" content=\"2025-01-13T13:26:46+00:00\" \/>\n<meta property=\"og:image\" content=\"https:\/\/brtk.net\/wp-content\/uploads\/2025\/01\/13\/llllllllllllllllll.jpg?ver=6894e2cb4ae5cf5b1a5b3a557ce812b1\" \/>\n<meta name=\"author\" content=\"Kuzeyin Sesi\" \/>\n<meta name=\"twitter:card\" content=\"summary_large_image\" \/>\n<meta name=\"twitter:creator\" content=\"@kuzeyinsesii\" \/>\n<meta name=\"twitter:site\" content=\"@kuzeyinsesii\" \/>\n<meta name=\"twitter:label1\" content=\"Yazan:\" \/>\n\t<meta name=\"twitter:data1\" content=\"Kuzeyin Sesi\" \/>\n\t<meta name=\"twitter:label2\" content=\"Tahmini okuma s\u00fcresi\" \/>\n\t<meta name=\"twitter:data2\" content=\"1 dakika\" \/>\n<script type=\"application\/ld+json\" class=\"yoast-schema-graph\">{\"@context\":\"https:\\\/\\\/schema.org\",\"@graph\":[{\"@type\":\"Article\",\"@id\":\"https:\\\/\\\/kuzeyinsesi.org\\\/index.php\\\/2025\\\/01\\\/13\\\/lefkara-nakisinin-dansi-sergisi-cuma-gunu-aciliyor\\\/#article\",\"isPartOf\":{\"@id\":\"https:\\\/\\\/kuzeyinsesi.org\\\/index.php\\\/2025\\\/01\\\/13\\\/lefkara-nakisinin-dansi-sergisi-cuma-gunu-aciliyor\\\/\"},\"author\":{\"name\":\"Kuzeyin Sesi\",\"@id\":\"https:\\\/\\\/kuzeyinsesi.org\\\/#\\\/schema\\\/person\\\/9f859689cdf01485597712386e37f5aa\"},\"headline\":\"\u201cLefkara Nak\u0131\u015f\u0131n\u0131n Dans\u0131\u201d sergisi cuma g\u00fcn\u00fc a\u00e7\u0131l\u0131yor\",\"datePublished\":\"2025-01-13T13:26:46+00:00\",\"mainEntityOfPage\":{\"@id\":\"https:\\\/\\\/kuzeyinsesi.org\\\/index.php\\\/2025\\\/01\\\/13\\\/lefkara-nakisinin-dansi-sergisi-cuma-gunu-aciliyor\\\/\"},\"wordCount\":238,\"commentCount\":0,\"image\":{\"@id\":\"https:\\\/\\\/kuzeyinsesi.org\\\/index.php\\\/2025\\\/01\\\/13\\\/lefkara-nakisinin-dansi-sergisi-cuma-gunu-aciliyor\\\/#primaryimage\"},\"thumbnailUrl\":\"https:\\\/\\\/kuzeyinsesi.org\\\/wp-content\\\/uploads\\\/2025\\\/01\\\/llllllllllllllllll.jpg\",\"articleSection\":[\"Ya\u015fam\"],\"inLanguage\":\"tr\",\"potentialAction\":[{\"@type\":\"CommentAction\",\"name\":\"Comment\",\"target\":[\"https:\\\/\\\/kuzeyinsesi.org\\\/index.php\\\/2025\\\/01\\\/13\\\/lefkara-nakisinin-dansi-sergisi-cuma-gunu-aciliyor\\\/#respond\"]}]},{\"@type\":\"WebPage\",\"@id\":\"https:\\\/\\\/kuzeyinsesi.org\\\/index.php\\\/2025\\\/01\\\/13\\\/lefkara-nakisinin-dansi-sergisi-cuma-gunu-aciliyor\\\/\",\"url\":\"https:\\\/\\\/kuzeyinsesi.org\\\/index.php\\\/2025\\\/01\\\/13\\\/lefkara-nakisinin-dansi-sergisi-cuma-gunu-aciliyor\\\/\",\"name\":\"\u201cLefkara Nak\u0131\u015f\u0131n\u0131n Dans\u0131\u201d sergisi cuma g\u00fcn\u00fc a\u00e7\u0131l\u0131yor - Kuzeyin Sesi\",\"isPartOf\":{\"@id\":\"https:\\\/\\\/kuzeyinsesi.org\\\/#website\"},\"primaryImageOfPage\":{\"@id\":\"https:\\\/\\\/kuzeyinsesi.org\\\/index.php\\\/2025\\\/01\\\/13\\\/lefkara-nakisinin-dansi-sergisi-cuma-gunu-aciliyor\\\/#primaryimage\"},\"image\":{\"@id\":\"https:\\\/\\\/kuzeyinsesi.org\\\/index.php\\\/2025\\\/01\\\/13\\\/lefkara-nakisinin-dansi-sergisi-cuma-gunu-aciliyor\\\/#primaryimage\"},\"thumbnailUrl\":\"https:\\\/\\\/kuzeyinsesi.org\\\/wp-content\\\/uploads\\\/2025\\\/01\\\/llllllllllllllllll.jpg\",\"datePublished\":\"2025-01-13T13:26:46+00:00\",\"author\":{\"@id\":\"https:\\\/\\\/kuzeyinsesi.org\\\/#\\\/schema\\\/person\\\/9f859689cdf01485597712386e37f5aa\"},\"breadcrumb\":{\"@id\":\"https:\\\/\\\/kuzeyinsesi.org\\\/index.php\\\/2025\\\/01\\\/13\\\/lefkara-nakisinin-dansi-sergisi-cuma-gunu-aciliyor\\\/#breadcrumb\"},\"inLanguage\":\"tr\",\"potentialAction\":[{\"@type\":\"ReadAction\",\"target\":[\"https:\\\/\\\/kuzeyinsesi.org\\\/index.php\\\/2025\\\/01\\\/13\\\/lefkara-nakisinin-dansi-sergisi-cuma-gunu-aciliyor\\\/\"]}]},{\"@type\":\"ImageObject\",\"inLanguage\":\"tr\",\"@id\":\"https:\\\/\\\/kuzeyinsesi.org\\\/index.php\\\/2025\\\/01\\\/13\\\/lefkara-nakisinin-dansi-sergisi-cuma-gunu-aciliyor\\\/#primaryimage\",\"url\":\"https:\\\/\\\/kuzeyinsesi.org\\\/wp-content\\\/uploads\\\/2025\\\/01\\\/llllllllllllllllll.jpg\",\"contentUrl\":\"https:\\\/\\\/kuzeyinsesi.org\\\/wp-content\\\/uploads\\\/2025\\\/01\\\/llllllllllllllllll.jpg\",\"width\":1125,\"height\":654},{\"@type\":\"BreadcrumbList\",\"@id\":\"https:\\\/\\\/kuzeyinsesi.org\\\/index.php\\\/2025\\\/01\\\/13\\\/lefkara-nakisinin-dansi-sergisi-cuma-gunu-aciliyor\\\/#breadcrumb\",\"itemListElement\":[{\"@type\":\"ListItem\",\"position\":1,\"name\":\"Anasayfa\",\"item\":\"https:\\\/\\\/kuzeyinsesi.org\\\/\"},{\"@type\":\"ListItem\",\"position\":2,\"name\":\"\u201cLefkara Nak\u0131\u015f\u0131n\u0131n Dans\u0131\u201d sergisi cuma g\u00fcn\u00fc a\u00e7\u0131l\u0131yor\"}]},{\"@type\":\"WebSite\",\"@id\":\"https:\\\/\\\/kuzeyinsesi.org\\\/#website\",\"url\":\"https:\\\/\\\/kuzeyinsesi.org\\\/\",\"name\":\"Kuzeyin Sesi\",\"description\":\"Do\u011fru Haberin Adresi\",\"potentialAction\":[{\"@type\":\"SearchAction\",\"target\":{\"@type\":\"EntryPoint\",\"urlTemplate\":\"https:\\\/\\\/kuzeyinsesi.org\\\/?s={search_term_string}\"},\"query-input\":{\"@type\":\"PropertyValueSpecification\",\"valueRequired\":true,\"valueName\":\"search_term_string\"}}],\"inLanguage\":\"tr\"},{\"@type\":\"Person\",\"@id\":\"https:\\\/\\\/kuzeyinsesi.org\\\/#\\\/schema\\\/person\\\/9f859689cdf01485597712386e37f5aa\",\"name\":\"Kuzeyin Sesi\",\"image\":{\"@type\":\"ImageObject\",\"inLanguage\":\"tr\",\"@id\":\"https:\\\/\\\/secure.gravatar.com\\\/avatar\\\/bab33852abfd8b282518d6ed81826833d77c3c882d9ab608add591ccace47a44?s=96&d=mm&r=g\",\"url\":\"https:\\\/\\\/secure.gravatar.com\\\/avatar\\\/bab33852abfd8b282518d6ed81826833d77c3c882d9ab608add591ccace47a44?s=96&d=mm&r=g\",\"contentUrl\":\"https:\\\/\\\/secure.gravatar.com\\\/avatar\\\/bab33852abfd8b282518d6ed81826833d77c3c882d9ab608add591ccace47a44?s=96&d=mm&r=g\",\"caption\":\"Kuzeyin Sesi\"},\"sameAs\":[\"https:\\\/\\\/kuzeyinsesi.org\"],\"url\":\"https:\\\/\\\/kuzeyinsesi.org\\\/index.php\\\/author\\\/guven\\\/\"}]}<\/script>\n<!-- \/ Yoast SEO plugin. -->","yoast_head_json":{"title":"\u201cLefkara Nak\u0131\u015f\u0131n\u0131n Dans\u0131\u201d sergisi cuma g\u00fcn\u00fc a\u00e7\u0131l\u0131yor - Kuzeyin Sesi","robots":{"index":"index","follow":"follow","max-snippet":"max-snippet:-1","max-image-preview":"max-image-preview:large","max-video-preview":"max-video-preview:-1"},"canonical":"https:\/\/kuzeyinsesi.org\/index.php\/2025\/01\/13\/lefkara-nakisinin-dansi-sergisi-cuma-gunu-aciliyor\/","og_locale":"tr_TR","og_type":"article","og_title":"\u201cLefkara Nak\u0131\u015f\u0131n\u0131n Dans\u0131\u201d sergisi cuma g\u00fcn\u00fc a\u00e7\u0131l\u0131yor - Kuzeyin Sesi","og_description":"K\u00fclt\u00fcr Dairesi himayelerinde, Lefkara nak\u015f\u0131n\u0131n orijinal motifleri ve nak\u0131\u015f tekni\u011finin tan\u0131t\u0131lmas\u0131 hedefiyle haz\u0131rlanan \u201cLefkara Nak\u015f\u0131n\u0131n Dans\u0131\u201d sergisi cuma g\u00fcn\u00fc a\u00e7\u0131l\u0131yor. \u0130smet Vehit G\u00fcney Sanat Merkezi\u2019ndeki serginin a\u00e7\u0131l\u0131\u015f\u0131 saat 16.00\u2019da yap\u0131lacak. Ba\u015fbakan Yard\u0131mc\u0131l\u0131\u011f\u0131 Turizm K\u00fclt\u00fcr ve \u00c7evre Bakanl\u0131\u011f\u0131\u2019na ba\u011fl\u0131 K\u00fclt\u00fcr Dairesi M\u00fcd\u00fcrl\u00fc\u011f\u00fc\u2019nden verilen bilgiye g\u00f6re, \u015eenay Ekingen ve Lefkara \u00dcreticileri \u0130nisiyatifi taraf\u0131ndan haz\u0131rlanan sergi 21 Ocak [&hellip;]","og_url":"https:\/\/kuzeyinsesi.org\/index.php\/2025\/01\/13\/lefkara-nakisinin-dansi-sergisi-cuma-gunu-aciliyor\/","og_site_name":"Kuzeyin Sesi","article_publisher":"https:\/\/www.facebook.com\/kuzeyinsesii","article_published_time":"2025-01-13T13:26:46+00:00","og_image":[{"url":"https:\/\/brtk.net\/wp-content\/uploads\/2025\/01\/13\/llllllllllllllllll.jpg?ver=6894e2cb4ae5cf5b1a5b3a557ce812b1","type":"","width":"","height":""}],"author":"Kuzeyin Sesi","twitter_card":"summary_large_image","twitter_creator":"@kuzeyinsesii","twitter_site":"@kuzeyinsesii","twitter_misc":{"Yazan:":"Kuzeyin Sesi","Tahmini okuma s\u00fcresi":"1 dakika"},"schema":{"@context":"https:\/\/schema.org","@graph":[{"@type":"Article","@id":"https:\/\/kuzeyinsesi.org\/index.php\/2025\/01\/13\/lefkara-nakisinin-dansi-sergisi-cuma-gunu-aciliyor\/#article","isPartOf":{"@id":"https:\/\/kuzeyinsesi.org\/index.php\/2025\/01\/13\/lefkara-nakisinin-dansi-sergisi-cuma-gunu-aciliyor\/"},"author":{"name":"Kuzeyin Sesi","@id":"https:\/\/kuzeyinsesi.org\/#\/schema\/person\/9f859689cdf01485597712386e37f5aa"},"headline":"\u201cLefkara Nak\u0131\u015f\u0131n\u0131n Dans\u0131\u201d sergisi cuma g\u00fcn\u00fc a\u00e7\u0131l\u0131yor","datePublished":"2025-01-13T13:26:46+00:00","mainEntityOfPage":{"@id":"https:\/\/kuzeyinsesi.org\/index.php\/2025\/01\/13\/lefkara-nakisinin-dansi-sergisi-cuma-gunu-aciliyor\/"},"wordCount":238,"commentCount":0,"image":{"@id":"https:\/\/kuzeyinsesi.org\/index.php\/2025\/01\/13\/lefkara-nakisinin-dansi-sergisi-cuma-gunu-aciliyor\/#primaryimage"},"thumbnailUrl":"https:\/\/kuzeyinsesi.org\/wp-content\/uploads\/2025\/01\/llllllllllllllllll.jpg","articleSection":["Ya\u015fam"],"inLanguage":"tr","potentialAction":[{"@type":"CommentAction","name":"Comment","target":["https:\/\/kuzeyinsesi.org\/index.php\/2025\/01\/13\/lefkara-nakisinin-dansi-sergisi-cuma-gunu-aciliyor\/#respond"]}]},{"@type":"WebPage","@id":"https:\/\/kuzeyinsesi.org\/index.php\/2025\/01\/13\/lefkara-nakisinin-dansi-sergisi-cuma-gunu-aciliyor\/","url":"https:\/\/kuzeyinsesi.org\/index.php\/2025\/01\/13\/lefkara-nakisinin-dansi-sergisi-cuma-gunu-aciliyor\/","name":"\u201cLefkara Nak\u0131\u015f\u0131n\u0131n Dans\u0131\u201d sergisi cuma g\u00fcn\u00fc a\u00e7\u0131l\u0131yor - Kuzeyin Sesi","isPartOf":{"@id":"https:\/\/kuzeyinsesi.org\/#website"},"primaryImageOfPage":{"@id":"https:\/\/kuzeyinsesi.org\/index.php\/2025\/01\/13\/lefkara-nakisinin-dansi-sergisi-cuma-gunu-aciliyor\/#primaryimage"},"image":{"@id":"https:\/\/kuzeyinsesi.org\/index.php\/2025\/01\/13\/lefkara-nakisinin-dansi-sergisi-cuma-gunu-aciliyor\/#primaryimage"},"thumbnailUrl":"https:\/\/kuzeyinsesi.org\/wp-content\/uploads\/2025\/01\/llllllllllllllllll.jpg","datePublished":"2025-01-13T13:26:46+00:00","author":{"@id":"https:\/\/kuzeyinsesi.org\/#\/schema\/person\/9f859689cdf01485597712386e37f5aa"},"breadcrumb":{"@id":"https:\/\/kuzeyinsesi.org\/index.php\/2025\/01\/13\/lefkara-nakisinin-dansi-sergisi-cuma-gunu-aciliyor\/#breadcrumb"},"inLanguage":"tr","potentialAction":[{"@type":"ReadAction","target":["https:\/\/kuzeyinsesi.org\/index.php\/2025\/01\/13\/lefkara-nakisinin-dansi-sergisi-cuma-gunu-aciliyor\/"]}]},{"@type":"ImageObject","inLanguage":"tr","@id":"https:\/\/kuzeyinsesi.org\/index.php\/2025\/01\/13\/lefkara-nakisinin-dansi-sergisi-cuma-gunu-aciliyor\/#primaryimage","url":"https:\/\/kuzeyinsesi.org\/wp-content\/uploads\/2025\/01\/llllllllllllllllll.jpg","contentUrl":"https:\/\/kuzeyinsesi.org\/wp-content\/uploads\/2025\/01\/llllllllllllllllll.jpg","width":1125,"height":654},{"@type":"BreadcrumbList","@id":"https:\/\/kuzeyinsesi.org\/index.php\/2025\/01\/13\/lefkara-nakisinin-dansi-sergisi-cuma-gunu-aciliyor\/#breadcrumb","itemListElement":[{"@type":"ListItem","position":1,"name":"Anasayfa","item":"https:\/\/kuzeyinsesi.org\/"},{"@type":"ListItem","position":2,"name":"\u201cLefkara Nak\u0131\u015f\u0131n\u0131n Dans\u0131\u201d sergisi cuma g\u00fcn\u00fc a\u00e7\u0131l\u0131yor"}]},{"@type":"WebSite","@id":"https:\/\/kuzeyinsesi.org\/#website","url":"https:\/\/kuzeyinsesi.org\/","name":"Kuzeyin Sesi","description":"Do\u011fru Haberin Adresi","potentialAction":[{"@type":"SearchAction","target":{"@type":"EntryPoint","urlTemplate":"https:\/\/kuzeyinsesi.org\/?s={search_term_string}"},"query-input":{"@type":"PropertyValueSpecification","valueRequired":true,"valueName":"search_term_string"}}],"inLanguage":"tr"},{"@type":"Person","@id":"https:\/\/kuzeyinsesi.org\/#\/schema\/person\/9f859689cdf01485597712386e37f5aa","name":"Kuzeyin Sesi","image":{"@type":"ImageObject","inLanguage":"tr","@id":"https:\/\/secure.gravatar.com\/avatar\/bab33852abfd8b282518d6ed81826833d77c3c882d9ab608add591ccace47a44?s=96&d=mm&r=g","url":"https:\/\/secure.gravatar.com\/avatar\/bab33852abfd8b282518d6ed81826833d77c3c882d9ab608add591ccace47a44?s=96&d=mm&r=g","contentUrl":"https:\/\/secure.gravatar.com\/avatar\/bab33852abfd8b282518d6ed81826833d77c3c882d9ab608add591ccace47a44?s=96&d=mm&r=g","caption":"Kuzeyin Sesi"},"sameAs":["https:\/\/kuzeyinsesi.org"],"url":"https:\/\/kuzeyinsesi.org\/index.php\/author\/guven\/"}]}},"_links":{"self":[{"href":"https:\/\/kuzeyinsesi.org\/index.php\/wp-json\/wp\/v2\/posts\/17236","targetHints":{"allow":["GET"]}}],"collection":[{"href":"https:\/\/kuzeyinsesi.org\/index.php\/wp-json\/wp\/v2\/posts"}],"about":[{"href":"https:\/\/kuzeyinsesi.org\/index.php\/wp-json\/wp\/v2\/types\/post"}],"author":[{"embeddable":true,"href":"https:\/\/kuzeyinsesi.org\/index.php\/wp-json\/wp\/v2\/users\/1"}],"replies":[{"embeddable":true,"href":"https:\/\/kuzeyinsesi.org\/index.php\/wp-json\/wp\/v2\/comments?post=17236"}],"version-history":[{"count":0,"href":"https:\/\/kuzeyinsesi.org\/index.php\/wp-json\/wp\/v2\/posts\/17236\/revisions"}],"wp:featuredmedia":[{"embeddable":true,"href":"https:\/\/kuzeyinsesi.org\/index.php\/wp-json\/wp\/v2\/media\/17237"}],"wp:attachment":[{"href":"https:\/\/kuzeyinsesi.org\/index.php\/wp-json\/wp\/v2\/media?parent=17236"}],"wp:term":[{"taxonomy":"category","embeddable":true,"href":"https:\/\/kuzeyinsesi.org\/index.php\/wp-json\/wp\/v2\/categories?post=17236"},{"taxonomy":"post_tag","embeddable":true,"href":"https:\/\/kuzeyinsesi.org\/index.php\/wp-json\/wp\/v2\/tags?post=17236"}],"curies":[{"name":"wp","href":"https:\/\/api.w.org\/{rel}","templated":true}]}}