{"id":17207,"date":"2025-01-13T11:21:55","date_gmt":"2025-01-13T09:21:55","guid":{"rendered":"https:\/\/kuzeyinsesi.org\/index.php\/2025\/01\/13\/guzelyurt-belediyesinin-bekir-kara-tiyatro-gunleri-basladi\/"},"modified":"2025-01-13T11:21:55","modified_gmt":"2025-01-13T09:21:55","slug":"guzelyurt-belediyesinin-bekir-kara-tiyatro-gunleri-basladi","status":"publish","type":"post","link":"https:\/\/kuzeyinsesi.org\/index.php\/2025\/01\/13\/guzelyurt-belediyesinin-bekir-kara-tiyatro-gunleri-basladi\/","title":{"rendered":"G\u00fczelyurt Belediyesinin Bekir Kara Tiyatro G\u00fcnleri ba\u015flad\u0131"},"content":{"rendered":"<div>\n<div class=\"mariselle-image-container center\">\n                                            <\/div>\n<p>G\u00fczelyurt Belediyesi taraf\u0131ndan d\u00fczenlenen Bekir Kara Tiyatro G\u00fcnleri etkinli\u011finin 20\u2019ncisi \u00f6nceki gece sahnelenen komedi oyunuyla ba\u015flad\u0131.<\/p>\n<p>G\u00fczelyurt Belediyesi\u2019nden verilen bilgiye g\u00f6re, G\u00fczelyurt AKM\u2019deki a\u00e7\u0131l\u0131\u015f gecesinde Adana B\u00fcy\u00fck\u015fehir Belediyesi \u015eehir Tiyatrosu ekibi \u201cPapaz Ka\u00e7t\u0131\u201d adl\u0131 komedi oyununu sahneledi.<\/p>\n<p>G\u00fczelyurt Belediye Ba\u015fkan\u0131 Mahmut \u00d6z\u00e7\u0131nar oyun sonunda Adana B\u00fcy\u00fck\u015fehir Belediyesi Genel Sanat Y\u00f6netmeni Seyfettin S\u00fcha Erol\u2019a te\u015fekk\u00fcr plaketi takdim etti.<\/p>\n<p>Tiyatro G\u00fcnleri, cuma g\u00fcn\u00fc Girne Tiyatro Su ekibinin \u201cYar\u0131m Canlar Destan\u0131\u201d adl\u0131 oyunu sahnelemesiyle devam edecek. G\u00fczelyurt AKM\u2019deki oyun saat 20.00\u2019da ba\u015flayacak<\/p>\n<\/p><\/div>\n<p><script async\n                    defer\n                    crossorigin=\"anonymous\"\n                    src=\"https:\/\/connect.facebook.net\/tr_TR\/sdk.js#xfbml=1&#038;version=v3.3\"\n            ><\/script><\/p>\n","protected":false},"excerpt":{"rendered":"<p>G\u00fczelyurt Belediyesi taraf\u0131ndan d\u00fczenlenen Bekir Kara Tiyatro G\u00fcnleri etkinli\u011finin 20\u2019ncisi \u00f6nceki gece sahnelenen komedi oyunuyla ba\u015flad\u0131. G\u00fczelyurt Belediyesi\u2019nden verilen bilgiye g\u00f6re, G\u00fczelyurt AKM\u2019deki a\u00e7\u0131l\u0131\u015f gecesinde Adana B\u00fcy\u00fck\u015fehir Belediyesi \u015eehir Tiyatrosu ekibi \u201cPapaz Ka\u00e7t\u0131\u201d adl\u0131 komedi oyununu sahneledi. G\u00fczelyurt Belediye Ba\u015fkan\u0131 Mahmut \u00d6z\u00e7\u0131nar oyun sonunda Adana B\u00fcy\u00fck\u015fehir Belediyesi Genel Sanat Y\u00f6netmeni Seyfettin S\u00fcha Erol\u2019a te\u015fekk\u00fcr plaketi [&hellip;]<\/p>\n","protected":false},"author":1,"featured_media":17208,"comment_status":"open","ping_status":"open","sticky":false,"template":"","format":"standard","meta":{"jnews-multi-image_gallery":[],"jnews_single_post":[],"jnews_primary_category":[],"jnews_social_meta":[],"jnews_override_counter":[],"footnotes":""},"categories":[6],"tags":[],"class_list":["post-17207","post","type-post","status-publish","format-standard","has-post-thumbnail","hentry","category-yasam"],"yoast_head":"<!-- This site is optimized with the Yoast SEO plugin v27.4 - https:\/\/yoast.com\/product\/yoast-seo-wordpress\/ -->\n<title>G\u00fczelyurt Belediyesinin Bekir Kara Tiyatro G\u00fcnleri ba\u015flad\u0131 - Kuzeyin Sesi<\/title>\n<meta name=\"robots\" content=\"index, follow, max-snippet:-1, max-image-preview:large, max-video-preview:-1\" \/>\n<link rel=\"canonical\" href=\"https:\/\/kuzeyinsesi.org\/index.php\/2025\/01\/13\/guzelyurt-belediyesinin-bekir-kara-tiyatro-gunleri-basladi\/\" \/>\n<meta property=\"og:locale\" content=\"tr_TR\" \/>\n<meta property=\"og:type\" content=\"article\" \/>\n<meta property=\"og:title\" content=\"G\u00fczelyurt Belediyesinin Bekir Kara Tiyatro G\u00fcnleri ba\u015flad\u0131 - Kuzeyin Sesi\" \/>\n<meta property=\"og:description\" content=\"G\u00fczelyurt Belediyesi taraf\u0131ndan d\u00fczenlenen Bekir Kara Tiyatro G\u00fcnleri etkinli\u011finin 20\u2019ncisi \u00f6nceki gece sahnelenen komedi oyunuyla ba\u015flad\u0131. G\u00fczelyurt Belediyesi\u2019nden verilen bilgiye g\u00f6re, G\u00fczelyurt AKM\u2019deki a\u00e7\u0131l\u0131\u015f gecesinde Adana B\u00fcy\u00fck\u015fehir Belediyesi \u015eehir Tiyatrosu ekibi \u201cPapaz Ka\u00e7t\u0131\u201d adl\u0131 komedi oyununu sahneledi. G\u00fczelyurt Belediye Ba\u015fkan\u0131 Mahmut \u00d6z\u00e7\u0131nar oyun sonunda Adana B\u00fcy\u00fck\u015fehir Belediyesi Genel Sanat Y\u00f6netmeni Seyfettin S\u00fcha Erol\u2019a te\u015fekk\u00fcr plaketi [&hellip;]\" \/>\n<meta property=\"og:url\" content=\"https:\/\/kuzeyinsesi.org\/index.php\/2025\/01\/13\/guzelyurt-belediyesinin-bekir-kara-tiyatro-gunleri-basladi\/\" \/>\n<meta property=\"og:site_name\" content=\"Kuzeyin Sesi\" \/>\n<meta property=\"article:publisher\" content=\"https:\/\/www.facebook.com\/kuzeyinsesii\" \/>\n<meta property=\"article:published_time\" content=\"2025-01-13T09:21:55+00:00\" \/>\n<meta property=\"og:image\" content=\"https:\/\/brtk.net\/wp-content\/uploads\/2025\/01\/13\/323232-scaled.jpg?ver=5904684cabda9fdf7b2c9517d2d63a1e\" \/>\n<meta name=\"author\" content=\"Kuzeyin Sesi\" \/>\n<meta name=\"twitter:card\" content=\"summary_large_image\" \/>\n<meta name=\"twitter:creator\" content=\"@kuzeyinsesii\" \/>\n<meta name=\"twitter:site\" content=\"@kuzeyinsesii\" \/>\n<meta name=\"twitter:label1\" content=\"Yazan:\" \/>\n\t<meta name=\"twitter:data1\" content=\"Kuzeyin Sesi\" \/>\n\t<meta name=\"twitter:label2\" content=\"Tahmini okuma s\u00fcresi\" \/>\n\t<meta name=\"twitter:data2\" content=\"1 dakika\" \/>\n<script type=\"application\/ld+json\" class=\"yoast-schema-graph\">{\"@context\":\"https:\\\/\\\/schema.org\",\"@graph\":[{\"@type\":\"Article\",\"@id\":\"https:\\\/\\\/kuzeyinsesi.org\\\/index.php\\\/2025\\\/01\\\/13\\\/guzelyurt-belediyesinin-bekir-kara-tiyatro-gunleri-basladi\\\/#article\",\"isPartOf\":{\"@id\":\"https:\\\/\\\/kuzeyinsesi.org\\\/index.php\\\/2025\\\/01\\\/13\\\/guzelyurt-belediyesinin-bekir-kara-tiyatro-gunleri-basladi\\\/\"},\"author\":{\"name\":\"Kuzeyin Sesi\",\"@id\":\"https:\\\/\\\/kuzeyinsesi.org\\\/#\\\/schema\\\/person\\\/9f859689cdf01485597712386e37f5aa\"},\"headline\":\"G\u00fczelyurt Belediyesinin Bekir Kara Tiyatro G\u00fcnleri ba\u015flad\u0131\",\"datePublished\":\"2025-01-13T09:21:55+00:00\",\"mainEntityOfPage\":{\"@id\":\"https:\\\/\\\/kuzeyinsesi.org\\\/index.php\\\/2025\\\/01\\\/13\\\/guzelyurt-belediyesinin-bekir-kara-tiyatro-gunleri-basladi\\\/\"},\"wordCount\":122,\"commentCount\":0,\"image\":{\"@id\":\"https:\\\/\\\/kuzeyinsesi.org\\\/index.php\\\/2025\\\/01\\\/13\\\/guzelyurt-belediyesinin-bekir-kara-tiyatro-gunleri-basladi\\\/#primaryimage\"},\"thumbnailUrl\":\"https:\\\/\\\/kuzeyinsesi.org\\\/wp-content\\\/uploads\\\/2025\\\/01\\\/323232-scaled.jpg\",\"articleSection\":[\"Ya\u015fam\"],\"inLanguage\":\"tr\",\"potentialAction\":[{\"@type\":\"CommentAction\",\"name\":\"Comment\",\"target\":[\"https:\\\/\\\/kuzeyinsesi.org\\\/index.php\\\/2025\\\/01\\\/13\\\/guzelyurt-belediyesinin-bekir-kara-tiyatro-gunleri-basladi\\\/#respond\"]}]},{\"@type\":\"WebPage\",\"@id\":\"https:\\\/\\\/kuzeyinsesi.org\\\/index.php\\\/2025\\\/01\\\/13\\\/guzelyurt-belediyesinin-bekir-kara-tiyatro-gunleri-basladi\\\/\",\"url\":\"https:\\\/\\\/kuzeyinsesi.org\\\/index.php\\\/2025\\\/01\\\/13\\\/guzelyurt-belediyesinin-bekir-kara-tiyatro-gunleri-basladi\\\/\",\"name\":\"G\u00fczelyurt Belediyesinin Bekir Kara Tiyatro G\u00fcnleri ba\u015flad\u0131 - Kuzeyin Sesi\",\"isPartOf\":{\"@id\":\"https:\\\/\\\/kuzeyinsesi.org\\\/#website\"},\"primaryImageOfPage\":{\"@id\":\"https:\\\/\\\/kuzeyinsesi.org\\\/index.php\\\/2025\\\/01\\\/13\\\/guzelyurt-belediyesinin-bekir-kara-tiyatro-gunleri-basladi\\\/#primaryimage\"},\"image\":{\"@id\":\"https:\\\/\\\/kuzeyinsesi.org\\\/index.php\\\/2025\\\/01\\\/13\\\/guzelyurt-belediyesinin-bekir-kara-tiyatro-gunleri-basladi\\\/#primaryimage\"},\"thumbnailUrl\":\"https:\\\/\\\/kuzeyinsesi.org\\\/wp-content\\\/uploads\\\/2025\\\/01\\\/323232-scaled.jpg\",\"datePublished\":\"2025-01-13T09:21:55+00:00\",\"author\":{\"@id\":\"https:\\\/\\\/kuzeyinsesi.org\\\/#\\\/schema\\\/person\\\/9f859689cdf01485597712386e37f5aa\"},\"breadcrumb\":{\"@id\":\"https:\\\/\\\/kuzeyinsesi.org\\\/index.php\\\/2025\\\/01\\\/13\\\/guzelyurt-belediyesinin-bekir-kara-tiyatro-gunleri-basladi\\\/#breadcrumb\"},\"inLanguage\":\"tr\",\"potentialAction\":[{\"@type\":\"ReadAction\",\"target\":[\"https:\\\/\\\/kuzeyinsesi.org\\\/index.php\\\/2025\\\/01\\\/13\\\/guzelyurt-belediyesinin-bekir-kara-tiyatro-gunleri-basladi\\\/\"]}]},{\"@type\":\"ImageObject\",\"inLanguage\":\"tr\",\"@id\":\"https:\\\/\\\/kuzeyinsesi.org\\\/index.php\\\/2025\\\/01\\\/13\\\/guzelyurt-belediyesinin-bekir-kara-tiyatro-gunleri-basladi\\\/#primaryimage\",\"url\":\"https:\\\/\\\/kuzeyinsesi.org\\\/wp-content\\\/uploads\\\/2025\\\/01\\\/323232-scaled.jpg\",\"contentUrl\":\"https:\\\/\\\/kuzeyinsesi.org\\\/wp-content\\\/uploads\\\/2025\\\/01\\\/323232-scaled.jpg\",\"width\":2560,\"height\":1700},{\"@type\":\"BreadcrumbList\",\"@id\":\"https:\\\/\\\/kuzeyinsesi.org\\\/index.php\\\/2025\\\/01\\\/13\\\/guzelyurt-belediyesinin-bekir-kara-tiyatro-gunleri-basladi\\\/#breadcrumb\",\"itemListElement\":[{\"@type\":\"ListItem\",\"position\":1,\"name\":\"Anasayfa\",\"item\":\"https:\\\/\\\/kuzeyinsesi.org\\\/\"},{\"@type\":\"ListItem\",\"position\":2,\"name\":\"G\u00fczelyurt Belediyesinin Bekir Kara Tiyatro G\u00fcnleri ba\u015flad\u0131\"}]},{\"@type\":\"WebSite\",\"@id\":\"https:\\\/\\\/kuzeyinsesi.org\\\/#website\",\"url\":\"https:\\\/\\\/kuzeyinsesi.org\\\/\",\"name\":\"Kuzeyin Sesi\",\"description\":\"Do\u011fru Haberin Adresi\",\"potentialAction\":[{\"@type\":\"SearchAction\",\"target\":{\"@type\":\"EntryPoint\",\"urlTemplate\":\"https:\\\/\\\/kuzeyinsesi.org\\\/?s={search_term_string}\"},\"query-input\":{\"@type\":\"PropertyValueSpecification\",\"valueRequired\":true,\"valueName\":\"search_term_string\"}}],\"inLanguage\":\"tr\"},{\"@type\":\"Person\",\"@id\":\"https:\\\/\\\/kuzeyinsesi.org\\\/#\\\/schema\\\/person\\\/9f859689cdf01485597712386e37f5aa\",\"name\":\"Kuzeyin Sesi\",\"image\":{\"@type\":\"ImageObject\",\"inLanguage\":\"tr\",\"@id\":\"https:\\\/\\\/secure.gravatar.com\\\/avatar\\\/bab33852abfd8b282518d6ed81826833d77c3c882d9ab608add591ccace47a44?s=96&d=mm&r=g\",\"url\":\"https:\\\/\\\/secure.gravatar.com\\\/avatar\\\/bab33852abfd8b282518d6ed81826833d77c3c882d9ab608add591ccace47a44?s=96&d=mm&r=g\",\"contentUrl\":\"https:\\\/\\\/secure.gravatar.com\\\/avatar\\\/bab33852abfd8b282518d6ed81826833d77c3c882d9ab608add591ccace47a44?s=96&d=mm&r=g\",\"caption\":\"Kuzeyin Sesi\"},\"sameAs\":[\"https:\\\/\\\/kuzeyinsesi.org\"],\"url\":\"https:\\\/\\\/kuzeyinsesi.org\\\/index.php\\\/author\\\/guven\\\/\"}]}<\/script>\n<!-- \/ Yoast SEO plugin. -->","yoast_head_json":{"title":"G\u00fczelyurt Belediyesinin Bekir Kara Tiyatro G\u00fcnleri ba\u015flad\u0131 - Kuzeyin Sesi","robots":{"index":"index","follow":"follow","max-snippet":"max-snippet:-1","max-image-preview":"max-image-preview:large","max-video-preview":"max-video-preview:-1"},"canonical":"https:\/\/kuzeyinsesi.org\/index.php\/2025\/01\/13\/guzelyurt-belediyesinin-bekir-kara-tiyatro-gunleri-basladi\/","og_locale":"tr_TR","og_type":"article","og_title":"G\u00fczelyurt Belediyesinin Bekir Kara Tiyatro G\u00fcnleri ba\u015flad\u0131 - Kuzeyin Sesi","og_description":"G\u00fczelyurt Belediyesi taraf\u0131ndan d\u00fczenlenen Bekir Kara Tiyatro G\u00fcnleri etkinli\u011finin 20\u2019ncisi \u00f6nceki gece sahnelenen komedi oyunuyla ba\u015flad\u0131. G\u00fczelyurt Belediyesi\u2019nden verilen bilgiye g\u00f6re, G\u00fczelyurt AKM\u2019deki a\u00e7\u0131l\u0131\u015f gecesinde Adana B\u00fcy\u00fck\u015fehir Belediyesi \u015eehir Tiyatrosu ekibi \u201cPapaz Ka\u00e7t\u0131\u201d adl\u0131 komedi oyununu sahneledi. G\u00fczelyurt Belediye Ba\u015fkan\u0131 Mahmut \u00d6z\u00e7\u0131nar oyun sonunda Adana B\u00fcy\u00fck\u015fehir Belediyesi Genel Sanat Y\u00f6netmeni Seyfettin S\u00fcha Erol\u2019a te\u015fekk\u00fcr plaketi [&hellip;]","og_url":"https:\/\/kuzeyinsesi.org\/index.php\/2025\/01\/13\/guzelyurt-belediyesinin-bekir-kara-tiyatro-gunleri-basladi\/","og_site_name":"Kuzeyin Sesi","article_publisher":"https:\/\/www.facebook.com\/kuzeyinsesii","article_published_time":"2025-01-13T09:21:55+00:00","og_image":[{"url":"https:\/\/brtk.net\/wp-content\/uploads\/2025\/01\/13\/323232-scaled.jpg?ver=5904684cabda9fdf7b2c9517d2d63a1e","type":"","width":"","height":""}],"author":"Kuzeyin Sesi","twitter_card":"summary_large_image","twitter_creator":"@kuzeyinsesii","twitter_site":"@kuzeyinsesii","twitter_misc":{"Yazan:":"Kuzeyin Sesi","Tahmini okuma s\u00fcresi":"1 dakika"},"schema":{"@context":"https:\/\/schema.org","@graph":[{"@type":"Article","@id":"https:\/\/kuzeyinsesi.org\/index.php\/2025\/01\/13\/guzelyurt-belediyesinin-bekir-kara-tiyatro-gunleri-basladi\/#article","isPartOf":{"@id":"https:\/\/kuzeyinsesi.org\/index.php\/2025\/01\/13\/guzelyurt-belediyesinin-bekir-kara-tiyatro-gunleri-basladi\/"},"author":{"name":"Kuzeyin Sesi","@id":"https:\/\/kuzeyinsesi.org\/#\/schema\/person\/9f859689cdf01485597712386e37f5aa"},"headline":"G\u00fczelyurt Belediyesinin Bekir Kara Tiyatro G\u00fcnleri ba\u015flad\u0131","datePublished":"2025-01-13T09:21:55+00:00","mainEntityOfPage":{"@id":"https:\/\/kuzeyinsesi.org\/index.php\/2025\/01\/13\/guzelyurt-belediyesinin-bekir-kara-tiyatro-gunleri-basladi\/"},"wordCount":122,"commentCount":0,"image":{"@id":"https:\/\/kuzeyinsesi.org\/index.php\/2025\/01\/13\/guzelyurt-belediyesinin-bekir-kara-tiyatro-gunleri-basladi\/#primaryimage"},"thumbnailUrl":"https:\/\/kuzeyinsesi.org\/wp-content\/uploads\/2025\/01\/323232-scaled.jpg","articleSection":["Ya\u015fam"],"inLanguage":"tr","potentialAction":[{"@type":"CommentAction","name":"Comment","target":["https:\/\/kuzeyinsesi.org\/index.php\/2025\/01\/13\/guzelyurt-belediyesinin-bekir-kara-tiyatro-gunleri-basladi\/#respond"]}]},{"@type":"WebPage","@id":"https:\/\/kuzeyinsesi.org\/index.php\/2025\/01\/13\/guzelyurt-belediyesinin-bekir-kara-tiyatro-gunleri-basladi\/","url":"https:\/\/kuzeyinsesi.org\/index.php\/2025\/01\/13\/guzelyurt-belediyesinin-bekir-kara-tiyatro-gunleri-basladi\/","name":"G\u00fczelyurt Belediyesinin Bekir Kara Tiyatro G\u00fcnleri ba\u015flad\u0131 - Kuzeyin Sesi","isPartOf":{"@id":"https:\/\/kuzeyinsesi.org\/#website"},"primaryImageOfPage":{"@id":"https:\/\/kuzeyinsesi.org\/index.php\/2025\/01\/13\/guzelyurt-belediyesinin-bekir-kara-tiyatro-gunleri-basladi\/#primaryimage"},"image":{"@id":"https:\/\/kuzeyinsesi.org\/index.php\/2025\/01\/13\/guzelyurt-belediyesinin-bekir-kara-tiyatro-gunleri-basladi\/#primaryimage"},"thumbnailUrl":"https:\/\/kuzeyinsesi.org\/wp-content\/uploads\/2025\/01\/323232-scaled.jpg","datePublished":"2025-01-13T09:21:55+00:00","author":{"@id":"https:\/\/kuzeyinsesi.org\/#\/schema\/person\/9f859689cdf01485597712386e37f5aa"},"breadcrumb":{"@id":"https:\/\/kuzeyinsesi.org\/index.php\/2025\/01\/13\/guzelyurt-belediyesinin-bekir-kara-tiyatro-gunleri-basladi\/#breadcrumb"},"inLanguage":"tr","potentialAction":[{"@type":"ReadAction","target":["https:\/\/kuzeyinsesi.org\/index.php\/2025\/01\/13\/guzelyurt-belediyesinin-bekir-kara-tiyatro-gunleri-basladi\/"]}]},{"@type":"ImageObject","inLanguage":"tr","@id":"https:\/\/kuzeyinsesi.org\/index.php\/2025\/01\/13\/guzelyurt-belediyesinin-bekir-kara-tiyatro-gunleri-basladi\/#primaryimage","url":"https:\/\/kuzeyinsesi.org\/wp-content\/uploads\/2025\/01\/323232-scaled.jpg","contentUrl":"https:\/\/kuzeyinsesi.org\/wp-content\/uploads\/2025\/01\/323232-scaled.jpg","width":2560,"height":1700},{"@type":"BreadcrumbList","@id":"https:\/\/kuzeyinsesi.org\/index.php\/2025\/01\/13\/guzelyurt-belediyesinin-bekir-kara-tiyatro-gunleri-basladi\/#breadcrumb","itemListElement":[{"@type":"ListItem","position":1,"name":"Anasayfa","item":"https:\/\/kuzeyinsesi.org\/"},{"@type":"ListItem","position":2,"name":"G\u00fczelyurt Belediyesinin Bekir Kara Tiyatro G\u00fcnleri ba\u015flad\u0131"}]},{"@type":"WebSite","@id":"https:\/\/kuzeyinsesi.org\/#website","url":"https:\/\/kuzeyinsesi.org\/","name":"Kuzeyin Sesi","description":"Do\u011fru Haberin Adresi","potentialAction":[{"@type":"SearchAction","target":{"@type":"EntryPoint","urlTemplate":"https:\/\/kuzeyinsesi.org\/?s={search_term_string}"},"query-input":{"@type":"PropertyValueSpecification","valueRequired":true,"valueName":"search_term_string"}}],"inLanguage":"tr"},{"@type":"Person","@id":"https:\/\/kuzeyinsesi.org\/#\/schema\/person\/9f859689cdf01485597712386e37f5aa","name":"Kuzeyin Sesi","image":{"@type":"ImageObject","inLanguage":"tr","@id":"https:\/\/secure.gravatar.com\/avatar\/bab33852abfd8b282518d6ed81826833d77c3c882d9ab608add591ccace47a44?s=96&d=mm&r=g","url":"https:\/\/secure.gravatar.com\/avatar\/bab33852abfd8b282518d6ed81826833d77c3c882d9ab608add591ccace47a44?s=96&d=mm&r=g","contentUrl":"https:\/\/secure.gravatar.com\/avatar\/bab33852abfd8b282518d6ed81826833d77c3c882d9ab608add591ccace47a44?s=96&d=mm&r=g","caption":"Kuzeyin Sesi"},"sameAs":["https:\/\/kuzeyinsesi.org"],"url":"https:\/\/kuzeyinsesi.org\/index.php\/author\/guven\/"}]}},"_links":{"self":[{"href":"https:\/\/kuzeyinsesi.org\/index.php\/wp-json\/wp\/v2\/posts\/17207","targetHints":{"allow":["GET"]}}],"collection":[{"href":"https:\/\/kuzeyinsesi.org\/index.php\/wp-json\/wp\/v2\/posts"}],"about":[{"href":"https:\/\/kuzeyinsesi.org\/index.php\/wp-json\/wp\/v2\/types\/post"}],"author":[{"embeddable":true,"href":"https:\/\/kuzeyinsesi.org\/index.php\/wp-json\/wp\/v2\/users\/1"}],"replies":[{"embeddable":true,"href":"https:\/\/kuzeyinsesi.org\/index.php\/wp-json\/wp\/v2\/comments?post=17207"}],"version-history":[{"count":0,"href":"https:\/\/kuzeyinsesi.org\/index.php\/wp-json\/wp\/v2\/posts\/17207\/revisions"}],"wp:featuredmedia":[{"embeddable":true,"href":"https:\/\/kuzeyinsesi.org\/index.php\/wp-json\/wp\/v2\/media\/17208"}],"wp:attachment":[{"href":"https:\/\/kuzeyinsesi.org\/index.php\/wp-json\/wp\/v2\/media?parent=17207"}],"wp:term":[{"taxonomy":"category","embeddable":true,"href":"https:\/\/kuzeyinsesi.org\/index.php\/wp-json\/wp\/v2\/categories?post=17207"},{"taxonomy":"post_tag","embeddable":true,"href":"https:\/\/kuzeyinsesi.org\/index.php\/wp-json\/wp\/v2\/tags?post=17207"}],"curies":[{"name":"wp","href":"https:\/\/api.w.org\/{rel}","templated":true}]}}