{"id":17195,"date":"2025-01-13T10:34:30","date_gmt":"2025-01-13T08:34:30","guid":{"rendered":"https:\/\/kuzeyinsesi.org\/index.php\/2025\/01\/13\/tc-cumhurbaskani-yardimcisi-yilmaz-kurucu-cumhurbaskani-denktasi-andibiraktigi-miras-daha-guclu-bir-gelecek-olusturma-yolunda-yasamaya-devam-edecek\/"},"modified":"2025-01-13T10:34:30","modified_gmt":"2025-01-13T08:34:30","slug":"tc-cumhurbaskani-yardimcisi-yilmaz-kurucu-cumhurbaskani-denktasi-andibiraktigi-miras-daha-guclu-bir-gelecek-olusturma-yolunda-yasamaya-devam-edecek","status":"publish","type":"post","link":"https:\/\/kuzeyinsesi.org\/index.php\/2025\/01\/13\/tc-cumhurbaskani-yardimcisi-yilmaz-kurucu-cumhurbaskani-denktasi-andibiraktigi-miras-daha-guclu-bir-gelecek-olusturma-yolunda-yasamaya-devam-edecek\/","title":{"rendered":"TC Cumhurba\u015fkan\u0131 Yard\u0131mc\u0131s\u0131 Y\u0131lmaz, Kurucu Cumhurba\u015fkan\u0131 Denkta\u015f\u2019\u0131 and\u0131:\u2019B\u0131rakt\u0131\u011f\u0131 miras, daha g\u00fc\u00e7l\u00fc bir gelecek olu\u015fturma yolunda ya\u015famaya devam edecek\u2019"},"content":{"rendered":"<div>\n<div class=\"mariselle-image-container center\">\n                                            <\/div>\n<p>T\u00fcrkiye Cumhurba\u015fkan\u0131 Yard\u0131mc\u0131s\u0131 Cevdet Y\u0131lmaz, Kurucu Cumhurba\u015fkan\u0131 Rauf Denkta\u015f\u2019\u0131 vefat\u0131n\u0131n 13. y\u0131l\u0131nda and\u0131.<\/p>\n<p>Y\u0131lmaz, sosyal medya hesab\u0131ndan payla\u015ft\u0131\u011f\u0131 mesaj\u0131nda, \u201c\u00f6mr\u00fcn\u00fc  K\u0131br\u0131s  T\u00fcrk halk\u0131n\u0131n hak, \u00f6zg\u00fcrl\u00fck ve ba\u011f\u0131ms\u0131zl\u0131k m\u00fccadelesine adayan, Kuzey K\u0131br\u0131s T\u00fcrk Cumhuriyeti\u2019nin Kurucu Cumhurba\u015fkan\u0131 Rauf Denkta\u015f\u2019\u0131, vefat\u0131n\u0131n 13. y\u0131l d\u00f6n\u00fcm\u00fcnde rahmet ve sayg\u0131yla an\u0131yorum\u201d ifadelerine yer verdi. <\/p>\n<p>Mesaj\u0131nda, K\u0131br\u0131s T\u00fcrk\u00fc\u2019n\u00fcn, Denkta\u015f liderli\u011finde, e\u015fitlik ve \u00f6zg\u00fcrl\u00fck m\u00fccadelesini KKTC devletini kurarak ta\u00e7land\u0131rd\u0131\u011f\u0131n\u0131 belirten Y\u0131lmaz, b\u0131rakt\u0131\u011f\u0131 miras\u0131n, K\u0131br\u0131s T\u00fcrk halk\u0131n\u0131n \u00e7ok daha g\u00fc\u00e7l\u00fc bir gelecek olu\u015fturma yolunda verdi\u011fi onurlu varolu\u015f m\u00fccadelesinde ya\u015famaya devam edece\u011fini kaydetti.<\/p>\n<\/p><\/div>\n<p><script async\n                    defer\n                    crossorigin=\"anonymous\"\n                    src=\"https:\/\/connect.facebook.net\/tr_TR\/sdk.js#xfbml=1&#038;version=v3.3\"\n            ><\/script><\/p>\n","protected":false},"excerpt":{"rendered":"<p>T\u00fcrkiye Cumhurba\u015fkan\u0131 Yard\u0131mc\u0131s\u0131 Cevdet Y\u0131lmaz, Kurucu Cumhurba\u015fkan\u0131 Rauf Denkta\u015f\u2019\u0131 vefat\u0131n\u0131n 13. y\u0131l\u0131nda and\u0131. Y\u0131lmaz, sosyal medya hesab\u0131ndan payla\u015ft\u0131\u011f\u0131 mesaj\u0131nda, \u201c\u00f6mr\u00fcn\u00fc K\u0131br\u0131s T\u00fcrk halk\u0131n\u0131n hak, \u00f6zg\u00fcrl\u00fck ve ba\u011f\u0131ms\u0131zl\u0131k m\u00fccadelesine adayan, Kuzey K\u0131br\u0131s T\u00fcrk Cumhuriyeti\u2019nin Kurucu Cumhurba\u015fkan\u0131 Rauf Denkta\u015f\u2019\u0131, vefat\u0131n\u0131n 13. y\u0131l d\u00f6n\u00fcm\u00fcnde rahmet ve sayg\u0131yla an\u0131yorum\u201d ifadelerine yer verdi. Mesaj\u0131nda, K\u0131br\u0131s T\u00fcrk\u00fc\u2019n\u00fcn, Denkta\u015f liderli\u011finde, e\u015fitlik ve [&hellip;]<\/p>\n","protected":false},"author":1,"featured_media":17196,"comment_status":"open","ping_status":"open","sticky":false,"template":"","format":"standard","meta":{"jnews-multi-image_gallery":[],"jnews_single_post":[],"jnews_primary_category":[],"jnews_social_meta":[],"jnews_override_counter":[],"footnotes":""},"categories":[5],"tags":[],"class_list":["post-17195","post","type-post","status-publish","format-standard","has-post-thumbnail","hentry","category-turkiye"],"yoast_head":"<!-- This site is optimized with the Yoast SEO plugin v27.4 - https:\/\/yoast.com\/product\/yoast-seo-wordpress\/ -->\n<title>TC Cumhurba\u015fkan\u0131 Yard\u0131mc\u0131s\u0131 Y\u0131lmaz, Kurucu Cumhurba\u015fkan\u0131 Denkta\u015f\u2019\u0131 and\u0131:\u2019B\u0131rakt\u0131\u011f\u0131 miras, daha g\u00fc\u00e7l\u00fc bir gelecek olu\u015fturma yolunda ya\u015famaya devam edecek\u2019 - Kuzeyin Sesi<\/title>\n<meta name=\"robots\" content=\"index, follow, max-snippet:-1, max-image-preview:large, max-video-preview:-1\" \/>\n<link rel=\"canonical\" href=\"https:\/\/kuzeyinsesi.org\/index.php\/2025\/01\/13\/tc-cumhurbaskani-yardimcisi-yilmaz-kurucu-cumhurbaskani-denktasi-andibiraktigi-miras-daha-guclu-bir-gelecek-olusturma-yolunda-yasamaya-devam-edecek\/\" \/>\n<meta property=\"og:locale\" content=\"tr_TR\" \/>\n<meta property=\"og:type\" content=\"article\" \/>\n<meta property=\"og:title\" content=\"TC Cumhurba\u015fkan\u0131 Yard\u0131mc\u0131s\u0131 Y\u0131lmaz, Kurucu Cumhurba\u015fkan\u0131 Denkta\u015f\u2019\u0131 and\u0131:\u2019B\u0131rakt\u0131\u011f\u0131 miras, daha g\u00fc\u00e7l\u00fc bir gelecek olu\u015fturma yolunda ya\u015famaya devam edecek\u2019 - Kuzeyin Sesi\" \/>\n<meta property=\"og:description\" content=\"T\u00fcrkiye Cumhurba\u015fkan\u0131 Yard\u0131mc\u0131s\u0131 Cevdet Y\u0131lmaz, Kurucu Cumhurba\u015fkan\u0131 Rauf Denkta\u015f\u2019\u0131 vefat\u0131n\u0131n 13. y\u0131l\u0131nda and\u0131. Y\u0131lmaz, sosyal medya hesab\u0131ndan payla\u015ft\u0131\u011f\u0131 mesaj\u0131nda, \u201c\u00f6mr\u00fcn\u00fc K\u0131br\u0131s T\u00fcrk halk\u0131n\u0131n hak, \u00f6zg\u00fcrl\u00fck ve ba\u011f\u0131ms\u0131zl\u0131k m\u00fccadelesine adayan, Kuzey K\u0131br\u0131s T\u00fcrk Cumhuriyeti\u2019nin Kurucu Cumhurba\u015fkan\u0131 Rauf Denkta\u015f\u2019\u0131, vefat\u0131n\u0131n 13. y\u0131l d\u00f6n\u00fcm\u00fcnde rahmet ve sayg\u0131yla an\u0131yorum\u201d ifadelerine yer verdi. Mesaj\u0131nda, K\u0131br\u0131s T\u00fcrk\u00fc\u2019n\u00fcn, Denkta\u015f liderli\u011finde, e\u015fitlik ve [&hellip;]\" \/>\n<meta property=\"og:url\" content=\"https:\/\/kuzeyinsesi.org\/index.php\/2025\/01\/13\/tc-cumhurbaskani-yardimcisi-yilmaz-kurucu-cumhurbaskani-denktasi-andibiraktigi-miras-daha-guclu-bir-gelecek-olusturma-yolunda-yasamaya-devam-edecek\/\" \/>\n<meta property=\"og:site_name\" content=\"Kuzeyin Sesi\" \/>\n<meta property=\"article:publisher\" content=\"https:\/\/www.facebook.com\/kuzeyinsesii\" \/>\n<meta property=\"article:published_time\" content=\"2025-01-13T08:34:30+00:00\" \/>\n<meta property=\"og:image\" content=\"https:\/\/brtk.net\/wp-content\/uploads\/2024\/12\/05\/cevdet-yilmaz-1.jpg?ver=b6eebac744ec5cea06dd56ffaa617287\" \/>\n<meta name=\"author\" content=\"Kuzeyin Sesi\" \/>\n<meta name=\"twitter:card\" content=\"summary_large_image\" \/>\n<meta name=\"twitter:creator\" content=\"@kuzeyinsesii\" \/>\n<meta name=\"twitter:site\" content=\"@kuzeyinsesii\" \/>\n<meta name=\"twitter:label1\" content=\"Yazan:\" \/>\n\t<meta name=\"twitter:data1\" content=\"Kuzeyin Sesi\" \/>\n\t<meta name=\"twitter:label2\" content=\"Tahmini okuma s\u00fcresi\" \/>\n\t<meta name=\"twitter:data2\" content=\"1 dakika\" \/>\n<script type=\"application\/ld+json\" class=\"yoast-schema-graph\">{\"@context\":\"https:\\\/\\\/schema.org\",\"@graph\":[{\"@type\":\"Article\",\"@id\":\"https:\\\/\\\/kuzeyinsesi.org\\\/index.php\\\/2025\\\/01\\\/13\\\/tc-cumhurbaskani-yardimcisi-yilmaz-kurucu-cumhurbaskani-denktasi-andibiraktigi-miras-daha-guclu-bir-gelecek-olusturma-yolunda-yasamaya-devam-edecek\\\/#article\",\"isPartOf\":{\"@id\":\"https:\\\/\\\/kuzeyinsesi.org\\\/index.php\\\/2025\\\/01\\\/13\\\/tc-cumhurbaskani-yardimcisi-yilmaz-kurucu-cumhurbaskani-denktasi-andibiraktigi-miras-daha-guclu-bir-gelecek-olusturma-yolunda-yasamaya-devam-edecek\\\/\"},\"author\":{\"name\":\"Kuzeyin Sesi\",\"@id\":\"https:\\\/\\\/kuzeyinsesi.org\\\/#\\\/schema\\\/person\\\/9f859689cdf01485597712386e37f5aa\"},\"headline\":\"TC Cumhurba\u015fkan\u0131 Yard\u0131mc\u0131s\u0131 Y\u0131lmaz, Kurucu Cumhurba\u015fkan\u0131 Denkta\u015f\u2019\u0131 and\u0131:\u2019B\u0131rakt\u0131\u011f\u0131 miras, daha g\u00fc\u00e7l\u00fc bir gelecek olu\u015fturma yolunda ya\u015famaya devam edecek\u2019\",\"datePublished\":\"2025-01-13T08:34:30+00:00\",\"mainEntityOfPage\":{\"@id\":\"https:\\\/\\\/kuzeyinsesi.org\\\/index.php\\\/2025\\\/01\\\/13\\\/tc-cumhurbaskani-yardimcisi-yilmaz-kurucu-cumhurbaskani-denktasi-andibiraktigi-miras-daha-guclu-bir-gelecek-olusturma-yolunda-yasamaya-devam-edecek\\\/\"},\"wordCount\":176,\"commentCount\":0,\"image\":{\"@id\":\"https:\\\/\\\/kuzeyinsesi.org\\\/index.php\\\/2025\\\/01\\\/13\\\/tc-cumhurbaskani-yardimcisi-yilmaz-kurucu-cumhurbaskani-denktasi-andibiraktigi-miras-daha-guclu-bir-gelecek-olusturma-yolunda-yasamaya-devam-edecek\\\/#primaryimage\"},\"thumbnailUrl\":\"https:\\\/\\\/kuzeyinsesi.org\\\/wp-content\\\/uploads\\\/2025\\\/01\\\/cevdet-yilmaz-23e.jpg\",\"articleSection\":[\"T\u00fcrkiye\"],\"inLanguage\":\"tr\",\"potentialAction\":[{\"@type\":\"CommentAction\",\"name\":\"Comment\",\"target\":[\"https:\\\/\\\/kuzeyinsesi.org\\\/index.php\\\/2025\\\/01\\\/13\\\/tc-cumhurbaskani-yardimcisi-yilmaz-kurucu-cumhurbaskani-denktasi-andibiraktigi-miras-daha-guclu-bir-gelecek-olusturma-yolunda-yasamaya-devam-edecek\\\/#respond\"]}]},{\"@type\":\"WebPage\",\"@id\":\"https:\\\/\\\/kuzeyinsesi.org\\\/index.php\\\/2025\\\/01\\\/13\\\/tc-cumhurbaskani-yardimcisi-yilmaz-kurucu-cumhurbaskani-denktasi-andibiraktigi-miras-daha-guclu-bir-gelecek-olusturma-yolunda-yasamaya-devam-edecek\\\/\",\"url\":\"https:\\\/\\\/kuzeyinsesi.org\\\/index.php\\\/2025\\\/01\\\/13\\\/tc-cumhurbaskani-yardimcisi-yilmaz-kurucu-cumhurbaskani-denktasi-andibiraktigi-miras-daha-guclu-bir-gelecek-olusturma-yolunda-yasamaya-devam-edecek\\\/\",\"name\":\"TC Cumhurba\u015fkan\u0131 Yard\u0131mc\u0131s\u0131 Y\u0131lmaz, Kurucu Cumhurba\u015fkan\u0131 Denkta\u015f\u2019\u0131 and\u0131:\u2019B\u0131rakt\u0131\u011f\u0131 miras, daha g\u00fc\u00e7l\u00fc bir gelecek olu\u015fturma yolunda ya\u015famaya devam edecek\u2019 - Kuzeyin Sesi\",\"isPartOf\":{\"@id\":\"https:\\\/\\\/kuzeyinsesi.org\\\/#website\"},\"primaryImageOfPage\":{\"@id\":\"https:\\\/\\\/kuzeyinsesi.org\\\/index.php\\\/2025\\\/01\\\/13\\\/tc-cumhurbaskani-yardimcisi-yilmaz-kurucu-cumhurbaskani-denktasi-andibiraktigi-miras-daha-guclu-bir-gelecek-olusturma-yolunda-yasamaya-devam-edecek\\\/#primaryimage\"},\"image\":{\"@id\":\"https:\\\/\\\/kuzeyinsesi.org\\\/index.php\\\/2025\\\/01\\\/13\\\/tc-cumhurbaskani-yardimcisi-yilmaz-kurucu-cumhurbaskani-denktasi-andibiraktigi-miras-daha-guclu-bir-gelecek-olusturma-yolunda-yasamaya-devam-edecek\\\/#primaryimage\"},\"thumbnailUrl\":\"https:\\\/\\\/kuzeyinsesi.org\\\/wp-content\\\/uploads\\\/2025\\\/01\\\/cevdet-yilmaz-23e.jpg\",\"datePublished\":\"2025-01-13T08:34:30+00:00\",\"author\":{\"@id\":\"https:\\\/\\\/kuzeyinsesi.org\\\/#\\\/schema\\\/person\\\/9f859689cdf01485597712386e37f5aa\"},\"breadcrumb\":{\"@id\":\"https:\\\/\\\/kuzeyinsesi.org\\\/index.php\\\/2025\\\/01\\\/13\\\/tc-cumhurbaskani-yardimcisi-yilmaz-kurucu-cumhurbaskani-denktasi-andibiraktigi-miras-daha-guclu-bir-gelecek-olusturma-yolunda-yasamaya-devam-edecek\\\/#breadcrumb\"},\"inLanguage\":\"tr\",\"potentialAction\":[{\"@type\":\"ReadAction\",\"target\":[\"https:\\\/\\\/kuzeyinsesi.org\\\/index.php\\\/2025\\\/01\\\/13\\\/tc-cumhurbaskani-yardimcisi-yilmaz-kurucu-cumhurbaskani-denktasi-andibiraktigi-miras-daha-guclu-bir-gelecek-olusturma-yolunda-yasamaya-devam-edecek\\\/\"]}]},{\"@type\":\"ImageObject\",\"inLanguage\":\"tr\",\"@id\":\"https:\\\/\\\/kuzeyinsesi.org\\\/index.php\\\/2025\\\/01\\\/13\\\/tc-cumhurbaskani-yardimcisi-yilmaz-kurucu-cumhurbaskani-denktasi-andibiraktigi-miras-daha-guclu-bir-gelecek-olusturma-yolunda-yasamaya-devam-edecek\\\/#primaryimage\",\"url\":\"https:\\\/\\\/kuzeyinsesi.org\\\/wp-content\\\/uploads\\\/2025\\\/01\\\/cevdet-yilmaz-23e.jpg\",\"contentUrl\":\"https:\\\/\\\/kuzeyinsesi.org\\\/wp-content\\\/uploads\\\/2025\\\/01\\\/cevdet-yilmaz-23e.jpg\",\"width\":864,\"height\":486},{\"@type\":\"BreadcrumbList\",\"@id\":\"https:\\\/\\\/kuzeyinsesi.org\\\/index.php\\\/2025\\\/01\\\/13\\\/tc-cumhurbaskani-yardimcisi-yilmaz-kurucu-cumhurbaskani-denktasi-andibiraktigi-miras-daha-guclu-bir-gelecek-olusturma-yolunda-yasamaya-devam-edecek\\\/#breadcrumb\",\"itemListElement\":[{\"@type\":\"ListItem\",\"position\":1,\"name\":\"Anasayfa\",\"item\":\"https:\\\/\\\/kuzeyinsesi.org\\\/\"},{\"@type\":\"ListItem\",\"position\":2,\"name\":\"TC Cumhurba\u015fkan\u0131 Yard\u0131mc\u0131s\u0131 Y\u0131lmaz, Kurucu Cumhurba\u015fkan\u0131 Denkta\u015f\u2019\u0131 and\u0131:\u2019B\u0131rakt\u0131\u011f\u0131 miras, daha g\u00fc\u00e7l\u00fc bir gelecek olu\u015fturma yolunda ya\u015famaya devam edecek\u2019\"}]},{\"@type\":\"WebSite\",\"@id\":\"https:\\\/\\\/kuzeyinsesi.org\\\/#website\",\"url\":\"https:\\\/\\\/kuzeyinsesi.org\\\/\",\"name\":\"Kuzeyin Sesi\",\"description\":\"Do\u011fru Haberin Adresi\",\"potentialAction\":[{\"@type\":\"SearchAction\",\"target\":{\"@type\":\"EntryPoint\",\"urlTemplate\":\"https:\\\/\\\/kuzeyinsesi.org\\\/?s={search_term_string}\"},\"query-input\":{\"@type\":\"PropertyValueSpecification\",\"valueRequired\":true,\"valueName\":\"search_term_string\"}}],\"inLanguage\":\"tr\"},{\"@type\":\"Person\",\"@id\":\"https:\\\/\\\/kuzeyinsesi.org\\\/#\\\/schema\\\/person\\\/9f859689cdf01485597712386e37f5aa\",\"name\":\"Kuzeyin Sesi\",\"image\":{\"@type\":\"ImageObject\",\"inLanguage\":\"tr\",\"@id\":\"https:\\\/\\\/secure.gravatar.com\\\/avatar\\\/bab33852abfd8b282518d6ed81826833d77c3c882d9ab608add591ccace47a44?s=96&d=mm&r=g\",\"url\":\"https:\\\/\\\/secure.gravatar.com\\\/avatar\\\/bab33852abfd8b282518d6ed81826833d77c3c882d9ab608add591ccace47a44?s=96&d=mm&r=g\",\"contentUrl\":\"https:\\\/\\\/secure.gravatar.com\\\/avatar\\\/bab33852abfd8b282518d6ed81826833d77c3c882d9ab608add591ccace47a44?s=96&d=mm&r=g\",\"caption\":\"Kuzeyin Sesi\"},\"sameAs\":[\"https:\\\/\\\/kuzeyinsesi.org\"],\"url\":\"https:\\\/\\\/kuzeyinsesi.org\\\/index.php\\\/author\\\/guven\\\/\"}]}<\/script>\n<!-- \/ Yoast SEO plugin. -->","yoast_head_json":{"title":"TC Cumhurba\u015fkan\u0131 Yard\u0131mc\u0131s\u0131 Y\u0131lmaz, Kurucu Cumhurba\u015fkan\u0131 Denkta\u015f\u2019\u0131 and\u0131:\u2019B\u0131rakt\u0131\u011f\u0131 miras, daha g\u00fc\u00e7l\u00fc bir gelecek olu\u015fturma yolunda ya\u015famaya devam edecek\u2019 - Kuzeyin Sesi","robots":{"index":"index","follow":"follow","max-snippet":"max-snippet:-1","max-image-preview":"max-image-preview:large","max-video-preview":"max-video-preview:-1"},"canonical":"https:\/\/kuzeyinsesi.org\/index.php\/2025\/01\/13\/tc-cumhurbaskani-yardimcisi-yilmaz-kurucu-cumhurbaskani-denktasi-andibiraktigi-miras-daha-guclu-bir-gelecek-olusturma-yolunda-yasamaya-devam-edecek\/","og_locale":"tr_TR","og_type":"article","og_title":"TC Cumhurba\u015fkan\u0131 Yard\u0131mc\u0131s\u0131 Y\u0131lmaz, Kurucu Cumhurba\u015fkan\u0131 Denkta\u015f\u2019\u0131 and\u0131:\u2019B\u0131rakt\u0131\u011f\u0131 miras, daha g\u00fc\u00e7l\u00fc bir gelecek olu\u015fturma yolunda ya\u015famaya devam edecek\u2019 - Kuzeyin Sesi","og_description":"T\u00fcrkiye Cumhurba\u015fkan\u0131 Yard\u0131mc\u0131s\u0131 Cevdet Y\u0131lmaz, Kurucu Cumhurba\u015fkan\u0131 Rauf Denkta\u015f\u2019\u0131 vefat\u0131n\u0131n 13. y\u0131l\u0131nda and\u0131. Y\u0131lmaz, sosyal medya hesab\u0131ndan payla\u015ft\u0131\u011f\u0131 mesaj\u0131nda, \u201c\u00f6mr\u00fcn\u00fc K\u0131br\u0131s T\u00fcrk halk\u0131n\u0131n hak, \u00f6zg\u00fcrl\u00fck ve ba\u011f\u0131ms\u0131zl\u0131k m\u00fccadelesine adayan, Kuzey K\u0131br\u0131s T\u00fcrk Cumhuriyeti\u2019nin Kurucu Cumhurba\u015fkan\u0131 Rauf Denkta\u015f\u2019\u0131, vefat\u0131n\u0131n 13. y\u0131l d\u00f6n\u00fcm\u00fcnde rahmet ve sayg\u0131yla an\u0131yorum\u201d ifadelerine yer verdi. Mesaj\u0131nda, K\u0131br\u0131s T\u00fcrk\u00fc\u2019n\u00fcn, Denkta\u015f liderli\u011finde, e\u015fitlik ve [&hellip;]","og_url":"https:\/\/kuzeyinsesi.org\/index.php\/2025\/01\/13\/tc-cumhurbaskani-yardimcisi-yilmaz-kurucu-cumhurbaskani-denktasi-andibiraktigi-miras-daha-guclu-bir-gelecek-olusturma-yolunda-yasamaya-devam-edecek\/","og_site_name":"Kuzeyin Sesi","article_publisher":"https:\/\/www.facebook.com\/kuzeyinsesii","article_published_time":"2025-01-13T08:34:30+00:00","og_image":[{"url":"https:\/\/brtk.net\/wp-content\/uploads\/2024\/12\/05\/cevdet-yilmaz-1.jpg?ver=b6eebac744ec5cea06dd56ffaa617287","type":"","width":"","height":""}],"author":"Kuzeyin Sesi","twitter_card":"summary_large_image","twitter_creator":"@kuzeyinsesii","twitter_site":"@kuzeyinsesii","twitter_misc":{"Yazan:":"Kuzeyin Sesi","Tahmini okuma s\u00fcresi":"1 dakika"},"schema":{"@context":"https:\/\/schema.org","@graph":[{"@type":"Article","@id":"https:\/\/kuzeyinsesi.org\/index.php\/2025\/01\/13\/tc-cumhurbaskani-yardimcisi-yilmaz-kurucu-cumhurbaskani-denktasi-andibiraktigi-miras-daha-guclu-bir-gelecek-olusturma-yolunda-yasamaya-devam-edecek\/#article","isPartOf":{"@id":"https:\/\/kuzeyinsesi.org\/index.php\/2025\/01\/13\/tc-cumhurbaskani-yardimcisi-yilmaz-kurucu-cumhurbaskani-denktasi-andibiraktigi-miras-daha-guclu-bir-gelecek-olusturma-yolunda-yasamaya-devam-edecek\/"},"author":{"name":"Kuzeyin Sesi","@id":"https:\/\/kuzeyinsesi.org\/#\/schema\/person\/9f859689cdf01485597712386e37f5aa"},"headline":"TC Cumhurba\u015fkan\u0131 Yard\u0131mc\u0131s\u0131 Y\u0131lmaz, Kurucu Cumhurba\u015fkan\u0131 Denkta\u015f\u2019\u0131 and\u0131:\u2019B\u0131rakt\u0131\u011f\u0131 miras, daha g\u00fc\u00e7l\u00fc bir gelecek olu\u015fturma yolunda ya\u015famaya devam edecek\u2019","datePublished":"2025-01-13T08:34:30+00:00","mainEntityOfPage":{"@id":"https:\/\/kuzeyinsesi.org\/index.php\/2025\/01\/13\/tc-cumhurbaskani-yardimcisi-yilmaz-kurucu-cumhurbaskani-denktasi-andibiraktigi-miras-daha-guclu-bir-gelecek-olusturma-yolunda-yasamaya-devam-edecek\/"},"wordCount":176,"commentCount":0,"image":{"@id":"https:\/\/kuzeyinsesi.org\/index.php\/2025\/01\/13\/tc-cumhurbaskani-yardimcisi-yilmaz-kurucu-cumhurbaskani-denktasi-andibiraktigi-miras-daha-guclu-bir-gelecek-olusturma-yolunda-yasamaya-devam-edecek\/#primaryimage"},"thumbnailUrl":"https:\/\/kuzeyinsesi.org\/wp-content\/uploads\/2025\/01\/cevdet-yilmaz-23e.jpg","articleSection":["T\u00fcrkiye"],"inLanguage":"tr","potentialAction":[{"@type":"CommentAction","name":"Comment","target":["https:\/\/kuzeyinsesi.org\/index.php\/2025\/01\/13\/tc-cumhurbaskani-yardimcisi-yilmaz-kurucu-cumhurbaskani-denktasi-andibiraktigi-miras-daha-guclu-bir-gelecek-olusturma-yolunda-yasamaya-devam-edecek\/#respond"]}]},{"@type":"WebPage","@id":"https:\/\/kuzeyinsesi.org\/index.php\/2025\/01\/13\/tc-cumhurbaskani-yardimcisi-yilmaz-kurucu-cumhurbaskani-denktasi-andibiraktigi-miras-daha-guclu-bir-gelecek-olusturma-yolunda-yasamaya-devam-edecek\/","url":"https:\/\/kuzeyinsesi.org\/index.php\/2025\/01\/13\/tc-cumhurbaskani-yardimcisi-yilmaz-kurucu-cumhurbaskani-denktasi-andibiraktigi-miras-daha-guclu-bir-gelecek-olusturma-yolunda-yasamaya-devam-edecek\/","name":"TC Cumhurba\u015fkan\u0131 Yard\u0131mc\u0131s\u0131 Y\u0131lmaz, Kurucu Cumhurba\u015fkan\u0131 Denkta\u015f\u2019\u0131 and\u0131:\u2019B\u0131rakt\u0131\u011f\u0131 miras, daha g\u00fc\u00e7l\u00fc bir gelecek olu\u015fturma yolunda ya\u015famaya devam edecek\u2019 - Kuzeyin Sesi","isPartOf":{"@id":"https:\/\/kuzeyinsesi.org\/#website"},"primaryImageOfPage":{"@id":"https:\/\/kuzeyinsesi.org\/index.php\/2025\/01\/13\/tc-cumhurbaskani-yardimcisi-yilmaz-kurucu-cumhurbaskani-denktasi-andibiraktigi-miras-daha-guclu-bir-gelecek-olusturma-yolunda-yasamaya-devam-edecek\/#primaryimage"},"image":{"@id":"https:\/\/kuzeyinsesi.org\/index.php\/2025\/01\/13\/tc-cumhurbaskani-yardimcisi-yilmaz-kurucu-cumhurbaskani-denktasi-andibiraktigi-miras-daha-guclu-bir-gelecek-olusturma-yolunda-yasamaya-devam-edecek\/#primaryimage"},"thumbnailUrl":"https:\/\/kuzeyinsesi.org\/wp-content\/uploads\/2025\/01\/cevdet-yilmaz-23e.jpg","datePublished":"2025-01-13T08:34:30+00:00","author":{"@id":"https:\/\/kuzeyinsesi.org\/#\/schema\/person\/9f859689cdf01485597712386e37f5aa"},"breadcrumb":{"@id":"https:\/\/kuzeyinsesi.org\/index.php\/2025\/01\/13\/tc-cumhurbaskani-yardimcisi-yilmaz-kurucu-cumhurbaskani-denktasi-andibiraktigi-miras-daha-guclu-bir-gelecek-olusturma-yolunda-yasamaya-devam-edecek\/#breadcrumb"},"inLanguage":"tr","potentialAction":[{"@type":"ReadAction","target":["https:\/\/kuzeyinsesi.org\/index.php\/2025\/01\/13\/tc-cumhurbaskani-yardimcisi-yilmaz-kurucu-cumhurbaskani-denktasi-andibiraktigi-miras-daha-guclu-bir-gelecek-olusturma-yolunda-yasamaya-devam-edecek\/"]}]},{"@type":"ImageObject","inLanguage":"tr","@id":"https:\/\/kuzeyinsesi.org\/index.php\/2025\/01\/13\/tc-cumhurbaskani-yardimcisi-yilmaz-kurucu-cumhurbaskani-denktasi-andibiraktigi-miras-daha-guclu-bir-gelecek-olusturma-yolunda-yasamaya-devam-edecek\/#primaryimage","url":"https:\/\/kuzeyinsesi.org\/wp-content\/uploads\/2025\/01\/cevdet-yilmaz-23e.jpg","contentUrl":"https:\/\/kuzeyinsesi.org\/wp-content\/uploads\/2025\/01\/cevdet-yilmaz-23e.jpg","width":864,"height":486},{"@type":"BreadcrumbList","@id":"https:\/\/kuzeyinsesi.org\/index.php\/2025\/01\/13\/tc-cumhurbaskani-yardimcisi-yilmaz-kurucu-cumhurbaskani-denktasi-andibiraktigi-miras-daha-guclu-bir-gelecek-olusturma-yolunda-yasamaya-devam-edecek\/#breadcrumb","itemListElement":[{"@type":"ListItem","position":1,"name":"Anasayfa","item":"https:\/\/kuzeyinsesi.org\/"},{"@type":"ListItem","position":2,"name":"TC Cumhurba\u015fkan\u0131 Yard\u0131mc\u0131s\u0131 Y\u0131lmaz, Kurucu Cumhurba\u015fkan\u0131 Denkta\u015f\u2019\u0131 and\u0131:\u2019B\u0131rakt\u0131\u011f\u0131 miras, daha g\u00fc\u00e7l\u00fc bir gelecek olu\u015fturma yolunda ya\u015famaya devam edecek\u2019"}]},{"@type":"WebSite","@id":"https:\/\/kuzeyinsesi.org\/#website","url":"https:\/\/kuzeyinsesi.org\/","name":"Kuzeyin Sesi","description":"Do\u011fru Haberin Adresi","potentialAction":[{"@type":"SearchAction","target":{"@type":"EntryPoint","urlTemplate":"https:\/\/kuzeyinsesi.org\/?s={search_term_string}"},"query-input":{"@type":"PropertyValueSpecification","valueRequired":true,"valueName":"search_term_string"}}],"inLanguage":"tr"},{"@type":"Person","@id":"https:\/\/kuzeyinsesi.org\/#\/schema\/person\/9f859689cdf01485597712386e37f5aa","name":"Kuzeyin Sesi","image":{"@type":"ImageObject","inLanguage":"tr","@id":"https:\/\/secure.gravatar.com\/avatar\/bab33852abfd8b282518d6ed81826833d77c3c882d9ab608add591ccace47a44?s=96&d=mm&r=g","url":"https:\/\/secure.gravatar.com\/avatar\/bab33852abfd8b282518d6ed81826833d77c3c882d9ab608add591ccace47a44?s=96&d=mm&r=g","contentUrl":"https:\/\/secure.gravatar.com\/avatar\/bab33852abfd8b282518d6ed81826833d77c3c882d9ab608add591ccace47a44?s=96&d=mm&r=g","caption":"Kuzeyin Sesi"},"sameAs":["https:\/\/kuzeyinsesi.org"],"url":"https:\/\/kuzeyinsesi.org\/index.php\/author\/guven\/"}]}},"_links":{"self":[{"href":"https:\/\/kuzeyinsesi.org\/index.php\/wp-json\/wp\/v2\/posts\/17195","targetHints":{"allow":["GET"]}}],"collection":[{"href":"https:\/\/kuzeyinsesi.org\/index.php\/wp-json\/wp\/v2\/posts"}],"about":[{"href":"https:\/\/kuzeyinsesi.org\/index.php\/wp-json\/wp\/v2\/types\/post"}],"author":[{"embeddable":true,"href":"https:\/\/kuzeyinsesi.org\/index.php\/wp-json\/wp\/v2\/users\/1"}],"replies":[{"embeddable":true,"href":"https:\/\/kuzeyinsesi.org\/index.php\/wp-json\/wp\/v2\/comments?post=17195"}],"version-history":[{"count":0,"href":"https:\/\/kuzeyinsesi.org\/index.php\/wp-json\/wp\/v2\/posts\/17195\/revisions"}],"wp:featuredmedia":[{"embeddable":true,"href":"https:\/\/kuzeyinsesi.org\/index.php\/wp-json\/wp\/v2\/media\/17196"}],"wp:attachment":[{"href":"https:\/\/kuzeyinsesi.org\/index.php\/wp-json\/wp\/v2\/media?parent=17195"}],"wp:term":[{"taxonomy":"category","embeddable":true,"href":"https:\/\/kuzeyinsesi.org\/index.php\/wp-json\/wp\/v2\/categories?post=17195"},{"taxonomy":"post_tag","embeddable":true,"href":"https:\/\/kuzeyinsesi.org\/index.php\/wp-json\/wp\/v2\/tags?post=17195"}],"curies":[{"name":"wp","href":"https:\/\/api.w.org\/{rel}","templated":true}]}}