{"id":1718,"date":"2024-05-08T16:39:51","date_gmt":"2024-05-08T13:39:51","guid":{"rendered":"https:\/\/kuzeyinsesi.com\/index.php\/2024\/05\/08\/ingiltere-israile-silah-satisina-iliskin-tutumunda-degisiklige-gitmeyecek\/"},"modified":"2024-05-08T16:39:51","modified_gmt":"2024-05-08T13:39:51","slug":"ingiltere-israile-silah-satisina-iliskin-tutumunda-degisiklige-gitmeyecek","status":"publish","type":"post","link":"https:\/\/kuzeyinsesi.org\/index.php\/2024\/05\/08\/ingiltere-israile-silah-satisina-iliskin-tutumunda-degisiklige-gitmeyecek\/","title":{"rendered":"\u0130ngiltere \u0130srail&#039;e silah sat\u0131\u015f\u0131na ili\u015fkin tutumunda de\u011fi\u015fikli\u011fe gitmeyecek"},"content":{"rendered":"<p><\/p>\n<div>\n<p>&#13;<br \/>\n\t\u0130srail&#8217;e silah ihracat\u0131n\u0131n durdurulmas\u0131 y\u00f6n\u00fcnde bask\u0131lar artarken <a href=\"https:\/\/www.trthaber.com\/etiket\/ingiltere\/\" target=\"_blank\" rel=\"noopener\">\u0130ngiltere<\/a> Ba\u015fbakan\u0131 Rishi Sunak, \u0130ngiltere Parlamentosunda d\u00fczenlenen haftal\u0131k &#8220;Ba\u015fbakan&#8217;a Sorular&#8221; oturumunda, \u0130srail&#8217;e silah sat\u0131\u015f\u0131 hakk\u0131ndaki soruyu yan\u0131tlad\u0131.<\/p>\n<p>&#13;<br \/>\n\tOturumda s\u00f6z alan <a href=\"https:\/\/www.trthaber.com\/etiket\/iskocya\/\" target=\"_blank\" rel=\"noopener\">\u0130sko\u00e7ya<\/a> Ulusal Partisinin (SNP) \u0130ngiltere parlamentosundaki lideri Stephen Flynn, Ba\u015fbakan Sunak&#8217;a, ABD&#8217;nin \u0130srail\u2019e gidecek baz\u0131 m\u00fchimmat sevkiyat\u0131n\u0131 durdurdu\u011funu hat\u0131rlatarak, \u0130ngiltere&#8217;nin de ayn\u0131 yolu izleyip izlemeyece\u011fi sorusunu y\u00f6neltti.<\/p>\n<p>&#13;<br \/>\n\tSunak, milletvekiline verdi\u011fi yan\u0131tta, \u0130ngiliz h\u00fck\u00fcmetinin \u0130srail&#8217;e do\u011frudan silah sa\u011flamad\u0131\u011f\u0131n\u0131 savunarak &#8220;Refah&#8217;taki durum s\u00f6z konusu oldu\u011funda ve y\u0131k\u0131c\u0131 insani etkileri g\u00f6z \u00f6n\u00fcnde bulunduruldu\u011funda, Refah&#8217;a y\u00f6nelik tam askeri sald\u0131r\u0131dan derin endi\u015fe duydu\u011fumuzu \u00e7ok a\u00e7\u0131k \u015fekilde ifade etmi\u015ftim.&#8221; dedi.<\/p>\n<p>&#13;<br \/>\n\t<a href=\"https:\/\/www.trthaber.com\/etiket\/israil\/\" target=\"_blank\" rel=\"noopener\">\u0130srail<\/a> Ba\u015fbakan\u0131 Binyamin <a href=\"https:\/\/www.trthaber.com\/etiket\/netanyahu\/\" target=\"_blank\" rel=\"noopener\">Netanyahu<\/a> ile her g\u00f6r\u00fc\u015fmesinde, \u0130ngiltere&#8217;nin bu konudaki pozisyonunu \u00f6zellikle dile getirdi\u011fini aktaran Sunak, &#8220;T\u00fcm taraflar\u0131, esirlerin serbest b\u0131rak\u0131lmas\u0131 ve (Gazze&#8217;ye) daha fazla yard\u0131m ula\u015ft\u0131r\u0131lmas\u0131 i\u00e7in \u00e7at\u0131\u015fmalara ara verilmesini sa\u011flayacak m\u00fczakerelere odaklanmaya <a href=\"https:\/\/www.trthaber.com\/etiket\/tesvik\/\" target=\"_blank\" rel=\"noopener\">te\u015fvik<\/a> etmeyi s\u00fcrd\u00fcrece\u011fim.&#8221; diye konu\u015ftu.<\/p>\n<h2>&#13;<br \/>\n\t&#8220;\u0130srail&#8217;in askeri h\u0131rslar\u0131, m\u00fcttefiklerinin g\u00f6sterdi\u011fi sessizlikten kaynaklan\u0131yor&#8221;<\/h2>\n<p>&#13;<br \/>\n\tSunak&#8217;\u0131n ard\u0131ndan tekrar s\u00f6z alan \u0130sko\u00e7 lider Flynn, &#8220;\u0130srail&#8217;in verdi\u011fi g\u00fcven ve Refah&#8217;taki askeri h\u0131rslar\u0131, buradaki ve d\u00fcnyan\u0131n ba\u015fka yerlerindeki \u00f6n s\u0131ralarda yer alan m\u00fcttefiklerinin g\u00f6sterdi\u011fi sessizlikten kaynaklan\u0131yor.&#8221; ifadesini kulland\u0131.<\/p>\n<p>&#13;<br \/>\n\tFlynn, \u0130ngiltere&#8217;nin \u0130srail&#8217;e silah ve teknoloji deste\u011finin, Gazze&#8217;de ve Refah&#8217;a yap\u0131lacak herhangi bir sald\u0131r\u0131da kullan\u0131laca\u011f\u0131n\u0131 bildiklerini vurgulayarak &#8220;Bunu ve meydana gelecek y\u0131k\u0131m\u0131 bildi\u011fimize g\u00f6re, su\u00e7 ortakl\u0131\u011f\u0131m\u0131za son vermenin ve \u0130srail&#8217;e sat\u0131\u015flar\u0131 durdurman\u0131n zaman\u0131 kesinlikle geldi.&#8221; de\u011ferlendirmesinde bulundu.<\/p>\n<p>&#13;<br \/>\n\tBunun \u00fczerine Sunak, \u00fclkesinin savunma ihracat\u0131 sorumluluklar\u0131n\u0131 son derece ciddiye ald\u0131\u011f\u0131n\u0131 ve bu nedenle d\u00fcnyan\u0131n her yerinde en sa\u011flam lisans kontrol rejimlerinden birini i\u015fletti\u011fi kaydetti.<\/p>\n<p>&#13;<br \/>\n\tSunak, \u0130srail&#8217;in uluslararas\u0131 insani hukuka ba\u011fl\u0131l\u0131\u011f\u0131na ili\u015fkin tavsiyeleri d\u00fczenli olarak g\u00f6zden ge\u00e7irdiklerini ve \u0130ngiliz bakanlar\u0131n da bu tavsiyeler do\u011frultusunda hareket etti\u011fini savundu.<\/p>\n<p>&#13;<br \/>\n\tBa\u015fbakan Sunak, &#8220;Parlamentonun, son de\u011ferlendirmenin ard\u0131ndan (silah) ihracat lisanslar\u0131na ili\u015fkin tutumumuzun de\u011fi\u015fmedi\u011fini anlamas\u0131 i\u00e7in bu husus son derece a\u00e7\u0131kt\u0131r.&#8221; dedi.<\/p>\n<h2>&#13;<br \/>\n\t\u0130ngiliz h\u00fck\u00fcmeti, artan bask\u0131yla kar\u015f\u0131 kar\u015f\u0131ya<\/h2>\n<p>&#13;<br \/>\n\t\u00dclkede insan haklar\u0131 \u00f6rg\u00fctleri, ba\u011f\u0131ms\u0131z kurulu\u015flar ve baz\u0131 milletvekilleri, Gazze&#8217;de uluslararas\u0131 insanc\u0131l hukuku ihlal eden \u0130srail&#8217;e silah sat\u0131\u015f\u0131n\u0131 durdurmad\u0131\u011f\u0131 gerek\u00e7esiyle \u0130ngiltere&#8217;yi &#8220;\u0130srail&#8217;in <a href=\"https:\/\/www.trthaber.com\/etiket\/savas\/\" target=\"_blank\" rel=\"noopener\">sava\u015f<\/a> su\u00e7lar\u0131na ortak olmakla&#8221; ele\u015ftiriyor.<\/p>\n<p>&#13;<br \/>\n\t\u0130ngiltere, \u00f6nceki y\u0131llarda \u0130srail&#8217;e silah sat\u0131\u015f lisanslar\u0131n\u0131 2 kez ask\u0131ya almas\u0131na ra\u011fmen \u0130ngiltere Ba\u015fbakan\u0131 Sunak, bug\u00fcne kadar bunun yeniden yap\u0131lmas\u0131 \u00e7a\u011fr\u0131lar\u0131n\u0131 reddetti.<\/p>\n<p>&#13;<br \/>\n\tBa\u015fbakan Sunak, \u00fclkesinin &#8220;\u00e7ok dikkatli&#8221; ihracat lisanslama politikas\u0131na ba\u011fl\u0131 kald\u0131\u011f\u0131n\u0131 savunuyor.<\/p>\n<\/p><\/div>\n","protected":false},"excerpt":{"rendered":"<p>&#13; \u0130srail&#8217;e silah ihracat\u0131n\u0131n durdurulmas\u0131 y\u00f6n\u00fcnde bask\u0131lar artarken \u0130ngiltere Ba\u015fbakan\u0131 Rishi Sunak, \u0130ngiltere Parlamentosunda d\u00fczenlenen haftal\u0131k &#8220;Ba\u015fbakan&#8217;a Sorular&#8221; oturumunda, \u0130srail&#8217;e silah sat\u0131\u015f\u0131 hakk\u0131ndaki soruyu yan\u0131tlad\u0131. &#13; Oturumda s\u00f6z alan \u0130sko\u00e7ya Ulusal Partisinin (SNP) \u0130ngiltere parlamentosundaki lideri Stephen Flynn, Ba\u015fbakan Sunak&#8217;a, ABD&#8217;nin \u0130srail\u2019e gidecek baz\u0131 m\u00fchimmat sevkiyat\u0131n\u0131 durdurdu\u011funu hat\u0131rlatarak, \u0130ngiltere&#8217;nin de ayn\u0131 yolu izleyip izlemeyece\u011fi sorusunu [&hellip;]<\/p>\n","protected":false},"author":1,"featured_media":1719,"comment_status":"open","ping_status":"open","sticky":false,"template":"","format":"standard","meta":{"jnews-multi-image_gallery":[],"jnews_single_post":[],"jnews_primary_category":[],"jnews_social_meta":[],"jnews_override_counter":[],"footnotes":""},"categories":[2],"tags":[],"class_list":["post-1718","post","type-post","status-publish","format-standard","has-post-thumbnail","hentry","category-dunya"],"yoast_head":"<!-- This site is optimized with the Yoast SEO plugin v27.5 - https:\/\/yoast.com\/product\/yoast-seo-wordpress\/ -->\n<title>\u0130ngiltere \u0130srail&#039;e silah sat\u0131\u015f\u0131na ili\u015fkin tutumunda de\u011fi\u015fikli\u011fe gitmeyecek - Kuzeyin Sesi<\/title>\n<meta name=\"robots\" content=\"index, follow, max-snippet:-1, max-image-preview:large, max-video-preview:-1\" \/>\n<link rel=\"canonical\" href=\"https:\/\/kuzeyinsesi.org\/index.php\/2024\/05\/08\/ingiltere-israile-silah-satisina-iliskin-tutumunda-degisiklige-gitmeyecek\/\" \/>\n<meta property=\"og:locale\" content=\"tr_TR\" \/>\n<meta property=\"og:type\" content=\"article\" \/>\n<meta property=\"og:title\" content=\"\u0130ngiltere \u0130srail&#039;e silah sat\u0131\u015f\u0131na ili\u015fkin tutumunda de\u011fi\u015fikli\u011fe gitmeyecek - Kuzeyin Sesi\" \/>\n<meta property=\"og:description\" content=\"&#013; \u0130srail&#8217;e silah ihracat\u0131n\u0131n durdurulmas\u0131 y\u00f6n\u00fcnde bask\u0131lar artarken \u0130ngiltere Ba\u015fbakan\u0131 Rishi Sunak, \u0130ngiltere Parlamentosunda d\u00fczenlenen haftal\u0131k &#8220;Ba\u015fbakan&#8217;a Sorular&#8221; oturumunda, \u0130srail&#8217;e silah sat\u0131\u015f\u0131 hakk\u0131ndaki soruyu yan\u0131tlad\u0131. &#013; Oturumda s\u00f6z alan \u0130sko\u00e7ya Ulusal Partisinin (SNP) \u0130ngiltere parlamentosundaki lideri Stephen Flynn, Ba\u015fbakan Sunak&#8217;a, ABD&#8217;nin \u0130srail\u2019e gidecek baz\u0131 m\u00fchimmat sevkiyat\u0131n\u0131 durdurdu\u011funu hat\u0131rlatarak, \u0130ngiltere&#8217;nin de ayn\u0131 yolu izleyip izlemeyece\u011fi sorusunu [&hellip;]\" \/>\n<meta property=\"og:url\" content=\"https:\/\/kuzeyinsesi.org\/index.php\/2024\/05\/08\/ingiltere-israile-silah-satisina-iliskin-tutumunda-degisiklige-gitmeyecek\/\" \/>\n<meta property=\"og:site_name\" content=\"Kuzeyin Sesi\" \/>\n<meta property=\"article:publisher\" content=\"https:\/\/www.facebook.com\/kuzeyinsesii\" \/>\n<meta property=\"article:published_time\" content=\"2024-05-08T13:39:51+00:00\" \/>\n<meta property=\"og:image\" content=\"https:\/\/kuzeyinsesi.org\/wp-content\/uploads\/2024\/05\/ingiltere-israil-aa-1564560.jpg\" \/>\n\t<meta property=\"og:image:width\" content=\"1280\" \/>\n\t<meta property=\"og:image:height\" content=\"720\" \/>\n\t<meta property=\"og:image:type\" content=\"image\/jpeg\" \/>\n<meta name=\"author\" content=\"Kuzeyin Sesi\" \/>\n<meta name=\"twitter:card\" content=\"summary_large_image\" \/>\n<meta name=\"twitter:creator\" content=\"@kuzeyinsesii\" \/>\n<meta name=\"twitter:site\" content=\"@kuzeyinsesii\" \/>\n<meta name=\"twitter:label1\" content=\"Yazan:\" \/>\n\t<meta name=\"twitter:data1\" content=\"Kuzeyin Sesi\" \/>\n\t<meta name=\"twitter:label2\" content=\"Tahmini okuma s\u00fcresi\" \/>\n\t<meta name=\"twitter:data2\" content=\"2 dakika\" \/>\n<script type=\"application\/ld+json\" class=\"yoast-schema-graph\">{\"@context\":\"https:\\\/\\\/schema.org\",\"@graph\":[{\"@type\":\"Article\",\"@id\":\"https:\\\/\\\/kuzeyinsesi.org\\\/index.php\\\/2024\\\/05\\\/08\\\/ingiltere-israile-silah-satisina-iliskin-tutumunda-degisiklige-gitmeyecek\\\/#article\",\"isPartOf\":{\"@id\":\"https:\\\/\\\/kuzeyinsesi.org\\\/index.php\\\/2024\\\/05\\\/08\\\/ingiltere-israile-silah-satisina-iliskin-tutumunda-degisiklige-gitmeyecek\\\/\"},\"author\":{\"name\":\"Kuzeyin Sesi\",\"@id\":\"https:\\\/\\\/kuzeyinsesi.org\\\/#\\\/schema\\\/person\\\/9f859689cdf01485597712386e37f5aa\"},\"headline\":\"\u0130ngiltere \u0130srail&#039;e silah sat\u0131\u015f\u0131na ili\u015fkin tutumunda de\u011fi\u015fikli\u011fe gitmeyecek\",\"datePublished\":\"2024-05-08T13:39:51+00:00\",\"mainEntityOfPage\":{\"@id\":\"https:\\\/\\\/kuzeyinsesi.org\\\/index.php\\\/2024\\\/05\\\/08\\\/ingiltere-israile-silah-satisina-iliskin-tutumunda-degisiklige-gitmeyecek\\\/\"},\"wordCount\":528,\"commentCount\":0,\"image\":{\"@id\":\"https:\\\/\\\/kuzeyinsesi.org\\\/index.php\\\/2024\\\/05\\\/08\\\/ingiltere-israile-silah-satisina-iliskin-tutumunda-degisiklige-gitmeyecek\\\/#primaryimage\"},\"thumbnailUrl\":\"https:\\\/\\\/kuzeyinsesi.org\\\/wp-content\\\/uploads\\\/2024\\\/05\\\/ingiltere-israil-aa-1564560.jpg\",\"articleSection\":[\"D\u00fcnya\"],\"inLanguage\":\"tr\",\"potentialAction\":[{\"@type\":\"CommentAction\",\"name\":\"Comment\",\"target\":[\"https:\\\/\\\/kuzeyinsesi.org\\\/index.php\\\/2024\\\/05\\\/08\\\/ingiltere-israile-silah-satisina-iliskin-tutumunda-degisiklige-gitmeyecek\\\/#respond\"]}]},{\"@type\":\"WebPage\",\"@id\":\"https:\\\/\\\/kuzeyinsesi.org\\\/index.php\\\/2024\\\/05\\\/08\\\/ingiltere-israile-silah-satisina-iliskin-tutumunda-degisiklige-gitmeyecek\\\/\",\"url\":\"https:\\\/\\\/kuzeyinsesi.org\\\/index.php\\\/2024\\\/05\\\/08\\\/ingiltere-israile-silah-satisina-iliskin-tutumunda-degisiklige-gitmeyecek\\\/\",\"name\":\"\u0130ngiltere \u0130srail&#039;e silah sat\u0131\u015f\u0131na ili\u015fkin tutumunda de\u011fi\u015fikli\u011fe gitmeyecek - Kuzeyin Sesi\",\"isPartOf\":{\"@id\":\"https:\\\/\\\/kuzeyinsesi.org\\\/#website\"},\"primaryImageOfPage\":{\"@id\":\"https:\\\/\\\/kuzeyinsesi.org\\\/index.php\\\/2024\\\/05\\\/08\\\/ingiltere-israile-silah-satisina-iliskin-tutumunda-degisiklige-gitmeyecek\\\/#primaryimage\"},\"image\":{\"@id\":\"https:\\\/\\\/kuzeyinsesi.org\\\/index.php\\\/2024\\\/05\\\/08\\\/ingiltere-israile-silah-satisina-iliskin-tutumunda-degisiklige-gitmeyecek\\\/#primaryimage\"},\"thumbnailUrl\":\"https:\\\/\\\/kuzeyinsesi.org\\\/wp-content\\\/uploads\\\/2024\\\/05\\\/ingiltere-israil-aa-1564560.jpg\",\"datePublished\":\"2024-05-08T13:39:51+00:00\",\"author\":{\"@id\":\"https:\\\/\\\/kuzeyinsesi.org\\\/#\\\/schema\\\/person\\\/9f859689cdf01485597712386e37f5aa\"},\"breadcrumb\":{\"@id\":\"https:\\\/\\\/kuzeyinsesi.org\\\/index.php\\\/2024\\\/05\\\/08\\\/ingiltere-israile-silah-satisina-iliskin-tutumunda-degisiklige-gitmeyecek\\\/#breadcrumb\"},\"inLanguage\":\"tr\",\"potentialAction\":[{\"@type\":\"ReadAction\",\"target\":[\"https:\\\/\\\/kuzeyinsesi.org\\\/index.php\\\/2024\\\/05\\\/08\\\/ingiltere-israile-silah-satisina-iliskin-tutumunda-degisiklige-gitmeyecek\\\/\"]}]},{\"@type\":\"ImageObject\",\"inLanguage\":\"tr\",\"@id\":\"https:\\\/\\\/kuzeyinsesi.org\\\/index.php\\\/2024\\\/05\\\/08\\\/ingiltere-israile-silah-satisina-iliskin-tutumunda-degisiklige-gitmeyecek\\\/#primaryimage\",\"url\":\"https:\\\/\\\/kuzeyinsesi.org\\\/wp-content\\\/uploads\\\/2024\\\/05\\\/ingiltere-israil-aa-1564560.jpg\",\"contentUrl\":\"https:\\\/\\\/kuzeyinsesi.org\\\/wp-content\\\/uploads\\\/2024\\\/05\\\/ingiltere-israil-aa-1564560.jpg\",\"width\":1280,\"height\":720},{\"@type\":\"BreadcrumbList\",\"@id\":\"https:\\\/\\\/kuzeyinsesi.org\\\/index.php\\\/2024\\\/05\\\/08\\\/ingiltere-israile-silah-satisina-iliskin-tutumunda-degisiklige-gitmeyecek\\\/#breadcrumb\",\"itemListElement\":[{\"@type\":\"ListItem\",\"position\":1,\"name\":\"Anasayfa\",\"item\":\"https:\\\/\\\/kuzeyinsesi.org\\\/\"},{\"@type\":\"ListItem\",\"position\":2,\"name\":\"\u0130ngiltere \u0130srail&#039;e silah sat\u0131\u015f\u0131na ili\u015fkin tutumunda de\u011fi\u015fikli\u011fe gitmeyecek\"}]},{\"@type\":\"WebSite\",\"@id\":\"https:\\\/\\\/kuzeyinsesi.org\\\/#website\",\"url\":\"https:\\\/\\\/kuzeyinsesi.org\\\/\",\"name\":\"Kuzeyin Sesi\",\"description\":\"Do\u011fru Haberin Adresi\",\"potentialAction\":[{\"@type\":\"SearchAction\",\"target\":{\"@type\":\"EntryPoint\",\"urlTemplate\":\"https:\\\/\\\/kuzeyinsesi.org\\\/?s={search_term_string}\"},\"query-input\":{\"@type\":\"PropertyValueSpecification\",\"valueRequired\":true,\"valueName\":\"search_term_string\"}}],\"inLanguage\":\"tr\"},{\"@type\":\"Person\",\"@id\":\"https:\\\/\\\/kuzeyinsesi.org\\\/#\\\/schema\\\/person\\\/9f859689cdf01485597712386e37f5aa\",\"name\":\"Kuzeyin Sesi\",\"image\":{\"@type\":\"ImageObject\",\"inLanguage\":\"tr\",\"@id\":\"https:\\\/\\\/secure.gravatar.com\\\/avatar\\\/bab33852abfd8b282518d6ed81826833d77c3c882d9ab608add591ccace47a44?s=96&d=mm&r=g\",\"url\":\"https:\\\/\\\/secure.gravatar.com\\\/avatar\\\/bab33852abfd8b282518d6ed81826833d77c3c882d9ab608add591ccace47a44?s=96&d=mm&r=g\",\"contentUrl\":\"https:\\\/\\\/secure.gravatar.com\\\/avatar\\\/bab33852abfd8b282518d6ed81826833d77c3c882d9ab608add591ccace47a44?s=96&d=mm&r=g\",\"caption\":\"Kuzeyin Sesi\"},\"sameAs\":[\"https:\\\/\\\/kuzeyinsesi.org\"],\"url\":\"https:\\\/\\\/kuzeyinsesi.org\\\/index.php\\\/author\\\/guven\\\/\"}]}<\/script>\n<!-- \/ Yoast SEO plugin. -->","yoast_head_json":{"title":"\u0130ngiltere \u0130srail&#039;e silah sat\u0131\u015f\u0131na ili\u015fkin tutumunda de\u011fi\u015fikli\u011fe gitmeyecek - Kuzeyin Sesi","robots":{"index":"index","follow":"follow","max-snippet":"max-snippet:-1","max-image-preview":"max-image-preview:large","max-video-preview":"max-video-preview:-1"},"canonical":"https:\/\/kuzeyinsesi.org\/index.php\/2024\/05\/08\/ingiltere-israile-silah-satisina-iliskin-tutumunda-degisiklige-gitmeyecek\/","og_locale":"tr_TR","og_type":"article","og_title":"\u0130ngiltere \u0130srail&#039;e silah sat\u0131\u015f\u0131na ili\u015fkin tutumunda de\u011fi\u015fikli\u011fe gitmeyecek - Kuzeyin Sesi","og_description":"&#13; \u0130srail&#8217;e silah ihracat\u0131n\u0131n durdurulmas\u0131 y\u00f6n\u00fcnde bask\u0131lar artarken \u0130ngiltere Ba\u015fbakan\u0131 Rishi Sunak, \u0130ngiltere Parlamentosunda d\u00fczenlenen haftal\u0131k &#8220;Ba\u015fbakan&#8217;a Sorular&#8221; oturumunda, \u0130srail&#8217;e silah sat\u0131\u015f\u0131 hakk\u0131ndaki soruyu yan\u0131tlad\u0131. &#13; Oturumda s\u00f6z alan \u0130sko\u00e7ya Ulusal Partisinin (SNP) \u0130ngiltere parlamentosundaki lideri Stephen Flynn, Ba\u015fbakan Sunak&#8217;a, ABD&#8217;nin \u0130srail\u2019e gidecek baz\u0131 m\u00fchimmat sevkiyat\u0131n\u0131 durdurdu\u011funu hat\u0131rlatarak, \u0130ngiltere&#8217;nin de ayn\u0131 yolu izleyip izlemeyece\u011fi sorusunu [&hellip;]","og_url":"https:\/\/kuzeyinsesi.org\/index.php\/2024\/05\/08\/ingiltere-israile-silah-satisina-iliskin-tutumunda-degisiklige-gitmeyecek\/","og_site_name":"Kuzeyin Sesi","article_publisher":"https:\/\/www.facebook.com\/kuzeyinsesii","article_published_time":"2024-05-08T13:39:51+00:00","og_image":[{"width":1280,"height":720,"url":"https:\/\/kuzeyinsesi.org\/wp-content\/uploads\/2024\/05\/ingiltere-israil-aa-1564560.jpg","type":"image\/jpeg"}],"author":"Kuzeyin Sesi","twitter_card":"summary_large_image","twitter_creator":"@kuzeyinsesii","twitter_site":"@kuzeyinsesii","twitter_misc":{"Yazan:":"Kuzeyin Sesi","Tahmini okuma s\u00fcresi":"2 dakika"},"schema":{"@context":"https:\/\/schema.org","@graph":[{"@type":"Article","@id":"https:\/\/kuzeyinsesi.org\/index.php\/2024\/05\/08\/ingiltere-israile-silah-satisina-iliskin-tutumunda-degisiklige-gitmeyecek\/#article","isPartOf":{"@id":"https:\/\/kuzeyinsesi.org\/index.php\/2024\/05\/08\/ingiltere-israile-silah-satisina-iliskin-tutumunda-degisiklige-gitmeyecek\/"},"author":{"name":"Kuzeyin Sesi","@id":"https:\/\/kuzeyinsesi.org\/#\/schema\/person\/9f859689cdf01485597712386e37f5aa"},"headline":"\u0130ngiltere \u0130srail&#039;e silah sat\u0131\u015f\u0131na ili\u015fkin tutumunda de\u011fi\u015fikli\u011fe gitmeyecek","datePublished":"2024-05-08T13:39:51+00:00","mainEntityOfPage":{"@id":"https:\/\/kuzeyinsesi.org\/index.php\/2024\/05\/08\/ingiltere-israile-silah-satisina-iliskin-tutumunda-degisiklige-gitmeyecek\/"},"wordCount":528,"commentCount":0,"image":{"@id":"https:\/\/kuzeyinsesi.org\/index.php\/2024\/05\/08\/ingiltere-israile-silah-satisina-iliskin-tutumunda-degisiklige-gitmeyecek\/#primaryimage"},"thumbnailUrl":"https:\/\/kuzeyinsesi.org\/wp-content\/uploads\/2024\/05\/ingiltere-israil-aa-1564560.jpg","articleSection":["D\u00fcnya"],"inLanguage":"tr","potentialAction":[{"@type":"CommentAction","name":"Comment","target":["https:\/\/kuzeyinsesi.org\/index.php\/2024\/05\/08\/ingiltere-israile-silah-satisina-iliskin-tutumunda-degisiklige-gitmeyecek\/#respond"]}]},{"@type":"WebPage","@id":"https:\/\/kuzeyinsesi.org\/index.php\/2024\/05\/08\/ingiltere-israile-silah-satisina-iliskin-tutumunda-degisiklige-gitmeyecek\/","url":"https:\/\/kuzeyinsesi.org\/index.php\/2024\/05\/08\/ingiltere-israile-silah-satisina-iliskin-tutumunda-degisiklige-gitmeyecek\/","name":"\u0130ngiltere \u0130srail&#039;e silah sat\u0131\u015f\u0131na ili\u015fkin tutumunda de\u011fi\u015fikli\u011fe gitmeyecek - Kuzeyin Sesi","isPartOf":{"@id":"https:\/\/kuzeyinsesi.org\/#website"},"primaryImageOfPage":{"@id":"https:\/\/kuzeyinsesi.org\/index.php\/2024\/05\/08\/ingiltere-israile-silah-satisina-iliskin-tutumunda-degisiklige-gitmeyecek\/#primaryimage"},"image":{"@id":"https:\/\/kuzeyinsesi.org\/index.php\/2024\/05\/08\/ingiltere-israile-silah-satisina-iliskin-tutumunda-degisiklige-gitmeyecek\/#primaryimage"},"thumbnailUrl":"https:\/\/kuzeyinsesi.org\/wp-content\/uploads\/2024\/05\/ingiltere-israil-aa-1564560.jpg","datePublished":"2024-05-08T13:39:51+00:00","author":{"@id":"https:\/\/kuzeyinsesi.org\/#\/schema\/person\/9f859689cdf01485597712386e37f5aa"},"breadcrumb":{"@id":"https:\/\/kuzeyinsesi.org\/index.php\/2024\/05\/08\/ingiltere-israile-silah-satisina-iliskin-tutumunda-degisiklige-gitmeyecek\/#breadcrumb"},"inLanguage":"tr","potentialAction":[{"@type":"ReadAction","target":["https:\/\/kuzeyinsesi.org\/index.php\/2024\/05\/08\/ingiltere-israile-silah-satisina-iliskin-tutumunda-degisiklige-gitmeyecek\/"]}]},{"@type":"ImageObject","inLanguage":"tr","@id":"https:\/\/kuzeyinsesi.org\/index.php\/2024\/05\/08\/ingiltere-israile-silah-satisina-iliskin-tutumunda-degisiklige-gitmeyecek\/#primaryimage","url":"https:\/\/kuzeyinsesi.org\/wp-content\/uploads\/2024\/05\/ingiltere-israil-aa-1564560.jpg","contentUrl":"https:\/\/kuzeyinsesi.org\/wp-content\/uploads\/2024\/05\/ingiltere-israil-aa-1564560.jpg","width":1280,"height":720},{"@type":"BreadcrumbList","@id":"https:\/\/kuzeyinsesi.org\/index.php\/2024\/05\/08\/ingiltere-israile-silah-satisina-iliskin-tutumunda-degisiklige-gitmeyecek\/#breadcrumb","itemListElement":[{"@type":"ListItem","position":1,"name":"Anasayfa","item":"https:\/\/kuzeyinsesi.org\/"},{"@type":"ListItem","position":2,"name":"\u0130ngiltere \u0130srail&#039;e silah sat\u0131\u015f\u0131na ili\u015fkin tutumunda de\u011fi\u015fikli\u011fe gitmeyecek"}]},{"@type":"WebSite","@id":"https:\/\/kuzeyinsesi.org\/#website","url":"https:\/\/kuzeyinsesi.org\/","name":"Kuzeyin Sesi","description":"Do\u011fru Haberin Adresi","potentialAction":[{"@type":"SearchAction","target":{"@type":"EntryPoint","urlTemplate":"https:\/\/kuzeyinsesi.org\/?s={search_term_string}"},"query-input":{"@type":"PropertyValueSpecification","valueRequired":true,"valueName":"search_term_string"}}],"inLanguage":"tr"},{"@type":"Person","@id":"https:\/\/kuzeyinsesi.org\/#\/schema\/person\/9f859689cdf01485597712386e37f5aa","name":"Kuzeyin Sesi","image":{"@type":"ImageObject","inLanguage":"tr","@id":"https:\/\/secure.gravatar.com\/avatar\/bab33852abfd8b282518d6ed81826833d77c3c882d9ab608add591ccace47a44?s=96&d=mm&r=g","url":"https:\/\/secure.gravatar.com\/avatar\/bab33852abfd8b282518d6ed81826833d77c3c882d9ab608add591ccace47a44?s=96&d=mm&r=g","contentUrl":"https:\/\/secure.gravatar.com\/avatar\/bab33852abfd8b282518d6ed81826833d77c3c882d9ab608add591ccace47a44?s=96&d=mm&r=g","caption":"Kuzeyin Sesi"},"sameAs":["https:\/\/kuzeyinsesi.org"],"url":"https:\/\/kuzeyinsesi.org\/index.php\/author\/guven\/"}]}},"_links":{"self":[{"href":"https:\/\/kuzeyinsesi.org\/index.php\/wp-json\/wp\/v2\/posts\/1718","targetHints":{"allow":["GET"]}}],"collection":[{"href":"https:\/\/kuzeyinsesi.org\/index.php\/wp-json\/wp\/v2\/posts"}],"about":[{"href":"https:\/\/kuzeyinsesi.org\/index.php\/wp-json\/wp\/v2\/types\/post"}],"author":[{"embeddable":true,"href":"https:\/\/kuzeyinsesi.org\/index.php\/wp-json\/wp\/v2\/users\/1"}],"replies":[{"embeddable":true,"href":"https:\/\/kuzeyinsesi.org\/index.php\/wp-json\/wp\/v2\/comments?post=1718"}],"version-history":[{"count":0,"href":"https:\/\/kuzeyinsesi.org\/index.php\/wp-json\/wp\/v2\/posts\/1718\/revisions"}],"wp:featuredmedia":[{"embeddable":true,"href":"https:\/\/kuzeyinsesi.org\/index.php\/wp-json\/wp\/v2\/media\/1719"}],"wp:attachment":[{"href":"https:\/\/kuzeyinsesi.org\/index.php\/wp-json\/wp\/v2\/media?parent=1718"}],"wp:term":[{"taxonomy":"category","embeddable":true,"href":"https:\/\/kuzeyinsesi.org\/index.php\/wp-json\/wp\/v2\/categories?post=1718"},{"taxonomy":"post_tag","embeddable":true,"href":"https:\/\/kuzeyinsesi.org\/index.php\/wp-json\/wp\/v2\/tags?post=1718"}],"curies":[{"name":"wp","href":"https:\/\/api.w.org\/{rel}","templated":true}]}}