{"id":17175,"date":"2025-01-12T18:54:03","date_gmt":"2025-01-12T16:54:03","guid":{"rendered":"https:\/\/kuzeyinsesi.org\/index.php\/2025\/01\/12\/begum-tekakpinar-gururlandirdi\/"},"modified":"2025-01-12T18:54:03","modified_gmt":"2025-01-12T16:54:03","slug":"begum-tekakpinar-gururlandirdi","status":"publish","type":"post","link":"https:\/\/kuzeyinsesi.org\/index.php\/2025\/01\/12\/begum-tekakpinar-gururlandirdi\/","title":{"rendered":"Beg\u00fcm Tekakp\u0131nar gururland\u0131rd\u0131"},"content":{"rendered":"<div>\n<div class=\"mariselle-image-container center\">\n                                            <\/div>\n<p>\u00dclkemizin g\u00fc\u00e7l\u00fc seslerinden Beg\u00fcm Tekakp\u0131nar, Makedonya\u2019da d\u00fczenlenen The World Association of Festivals (WAF) Yar\u0131\u015fmas\u0131\u2019nda \u00f6d\u00fcl kazand\u0131.<\/p>\n<p>Beg\u00fcm Tekakp\u0131nar\u2019\u0131n yar\u0131\u015fma sonras\u0131 sosyal medya hesab\u0131ndan a\u00e7\u0131klama yapt\u0131.<\/p>\n<p>Tekakp\u0131nar\u2019\u0131n yapt\u0131\u011f\u0131 a\u00e7\u0131klama \u015f\u00f6yle:<\/p>\n<p>\u2018Makedonya\u2019da d\u00fczenlenen ve 16 \u00fclkeden 76 \u015fark\u0131c\u0131n\u0131n yar\u0131\u015ft\u0131\u011f\u0131, be\u015f sanat ve m\u00fczik profesyonelinden olu\u015fan uluslararas\u0131 bir j\u00fcri taraf\u0131ndan de\u011ferlendirilen The World Association of Festivals (WAF) Yar\u0131\u015fmas\u0131\u2019na kendi yazd\u0131\u011f\u0131m \u015fark\u0131yla kat\u0131larak GRAND PRIX \u00f6d\u00fcl\u00fcn\u00fc kazand\u0131m!<\/p>\n<p>Marjan Kataroski liderli\u011findeki festival organizasyonuna, misafirperverlik, adalet ve profesyonelliklerinden dolay\u0131; ayr\u0131ca bu yar\u0131\u015fma s\u00fcrecinde bana sponsor olan Basel Holding\u2019e derin \u015f\u00fckranlar\u0131m\u0131 sunar\u0131m.\u2019<\/p>\n<p><iframe loading=\"lazy\" src=\"https:\/\/www.facebook.com\/plugins\/post.php?href=https%3A%2F%2Fwww.facebook.com%2Ftekakpinarbegum%2Fposts%2Fpfbid0zv99sxNxbFN5pn3xTdk4wLiFGcMF2WTuPtNbCGgEnYQc5J9Ubd6GuKbyG85oxXxZl&amp;show_text=true&amp;width=500\" width=\"500\" height=\"250\" style=\"border:none;overflow:hidden\" scrolling=\"no\" frameborder=\"0\" allowfullscreen=\"true\" allow=\"autoplay; clipboard-write; encrypted-media; picture-in-picture; web-share\"><\/iframe><\/p>\n<\/p><\/div>\n<p><script async\n                    defer\n                    crossorigin=\"anonymous\"\n                    src=\"https:\/\/connect.facebook.net\/tr_TR\/sdk.js#xfbml=1&#038;version=v3.3\"\n            ><\/script><\/p>\n","protected":false},"excerpt":{"rendered":"<p>\u00dclkemizin g\u00fc\u00e7l\u00fc seslerinden Beg\u00fcm Tekakp\u0131nar, Makedonya\u2019da d\u00fczenlenen The World Association of Festivals (WAF) Yar\u0131\u015fmas\u0131\u2019nda \u00f6d\u00fcl kazand\u0131. Beg\u00fcm Tekakp\u0131nar\u2019\u0131n yar\u0131\u015fma sonras\u0131 sosyal medya hesab\u0131ndan a\u00e7\u0131klama yapt\u0131. Tekakp\u0131nar\u2019\u0131n yapt\u0131\u011f\u0131 a\u00e7\u0131klama \u015f\u00f6yle: \u2018Makedonya\u2019da d\u00fczenlenen ve 16 \u00fclkeden 76 \u015fark\u0131c\u0131n\u0131n yar\u0131\u015ft\u0131\u011f\u0131, be\u015f sanat ve m\u00fczik profesyonelinden olu\u015fan uluslararas\u0131 bir j\u00fcri taraf\u0131ndan de\u011ferlendirilen The World Association of Festivals (WAF) Yar\u0131\u015fmas\u0131\u2019na [&hellip;]<\/p>\n","protected":false},"author":1,"featured_media":17176,"comment_status":"open","ping_status":"open","sticky":false,"template":"","format":"standard","meta":{"jnews-multi-image_gallery":[],"jnews_single_post":[],"jnews_primary_category":[],"jnews_social_meta":[],"jnews_override_counter":[],"footnotes":""},"categories":[6],"tags":[],"class_list":["post-17175","post","type-post","status-publish","format-standard","has-post-thumbnail","hentry","category-yasam"],"yoast_head":"<!-- This site is optimized with the Yoast SEO plugin v27.4 - https:\/\/yoast.com\/product\/yoast-seo-wordpress\/ -->\n<title>Beg\u00fcm Tekakp\u0131nar gururland\u0131rd\u0131 - Kuzeyin Sesi<\/title>\n<meta name=\"robots\" content=\"index, follow, max-snippet:-1, max-image-preview:large, max-video-preview:-1\" \/>\n<link rel=\"canonical\" href=\"https:\/\/kuzeyinsesi.org\/index.php\/2025\/01\/12\/begum-tekakpinar-gururlandirdi\/\" \/>\n<meta property=\"og:locale\" content=\"tr_TR\" \/>\n<meta property=\"og:type\" content=\"article\" \/>\n<meta property=\"og:title\" content=\"Beg\u00fcm Tekakp\u0131nar gururland\u0131rd\u0131 - Kuzeyin Sesi\" \/>\n<meta property=\"og:description\" content=\"\u00dclkemizin g\u00fc\u00e7l\u00fc seslerinden Beg\u00fcm Tekakp\u0131nar, Makedonya\u2019da d\u00fczenlenen The World Association of Festivals (WAF) Yar\u0131\u015fmas\u0131\u2019nda \u00f6d\u00fcl kazand\u0131. Beg\u00fcm Tekakp\u0131nar\u2019\u0131n yar\u0131\u015fma sonras\u0131 sosyal medya hesab\u0131ndan a\u00e7\u0131klama yapt\u0131. Tekakp\u0131nar\u2019\u0131n yapt\u0131\u011f\u0131 a\u00e7\u0131klama \u015f\u00f6yle: \u2018Makedonya\u2019da d\u00fczenlenen ve 16 \u00fclkeden 76 \u015fark\u0131c\u0131n\u0131n yar\u0131\u015ft\u0131\u011f\u0131, be\u015f sanat ve m\u00fczik profesyonelinden olu\u015fan uluslararas\u0131 bir j\u00fcri taraf\u0131ndan de\u011ferlendirilen The World Association of Festivals (WAF) Yar\u0131\u015fmas\u0131\u2019na [&hellip;]\" \/>\n<meta property=\"og:url\" content=\"https:\/\/kuzeyinsesi.org\/index.php\/2025\/01\/12\/begum-tekakpinar-gururlandirdi\/\" \/>\n<meta property=\"og:site_name\" content=\"Kuzeyin Sesi\" \/>\n<meta property=\"article:publisher\" content=\"https:\/\/www.facebook.com\/kuzeyinsesii\" \/>\n<meta property=\"article:published_time\" content=\"2025-01-12T16:54:03+00:00\" \/>\n<meta property=\"og:image\" content=\"https:\/\/brtk.net\/wp-content\/uploads\/2025\/01\/12\/473418164_1055856059887167_1507311009198611919_n.jpg?ver=6702f89a2aabc6dc2f137717b971f9f3\" \/>\n<meta name=\"author\" content=\"Kuzeyin Sesi\" \/>\n<meta name=\"twitter:card\" content=\"summary_large_image\" \/>\n<meta name=\"twitter:creator\" content=\"@kuzeyinsesii\" \/>\n<meta name=\"twitter:site\" content=\"@kuzeyinsesii\" \/>\n<meta name=\"twitter:label1\" content=\"Yazan:\" \/>\n\t<meta name=\"twitter:data1\" content=\"Kuzeyin Sesi\" \/>\n\t<meta name=\"twitter:label2\" content=\"Tahmini okuma s\u00fcresi\" \/>\n\t<meta name=\"twitter:data2\" content=\"1 dakika\" \/>\n<script type=\"application\/ld+json\" class=\"yoast-schema-graph\">{\"@context\":\"https:\\\/\\\/schema.org\",\"@graph\":[{\"@type\":\"Article\",\"@id\":\"https:\\\/\\\/kuzeyinsesi.org\\\/index.php\\\/2025\\\/01\\\/12\\\/begum-tekakpinar-gururlandirdi\\\/#article\",\"isPartOf\":{\"@id\":\"https:\\\/\\\/kuzeyinsesi.org\\\/index.php\\\/2025\\\/01\\\/12\\\/begum-tekakpinar-gururlandirdi\\\/\"},\"author\":{\"name\":\"Kuzeyin Sesi\",\"@id\":\"https:\\\/\\\/kuzeyinsesi.org\\\/#\\\/schema\\\/person\\\/9f859689cdf01485597712386e37f5aa\"},\"headline\":\"Beg\u00fcm Tekakp\u0131nar gururland\u0131rd\u0131\",\"datePublished\":\"2025-01-12T16:54:03+00:00\",\"mainEntityOfPage\":{\"@id\":\"https:\\\/\\\/kuzeyinsesi.org\\\/index.php\\\/2025\\\/01\\\/12\\\/begum-tekakpinar-gururlandirdi\\\/\"},\"wordCount\":132,\"commentCount\":0,\"image\":{\"@id\":\"https:\\\/\\\/kuzeyinsesi.org\\\/index.php\\\/2025\\\/01\\\/12\\\/begum-tekakpinar-gururlandirdi\\\/#primaryimage\"},\"thumbnailUrl\":\"https:\\\/\\\/kuzeyinsesi.org\\\/wp-content\\\/uploads\\\/2025\\\/01\\\/473418164_1055856059887167_1507311009198611919_n.jpg\",\"articleSection\":[\"Ya\u015fam\"],\"inLanguage\":\"tr\",\"potentialAction\":[{\"@type\":\"CommentAction\",\"name\":\"Comment\",\"target\":[\"https:\\\/\\\/kuzeyinsesi.org\\\/index.php\\\/2025\\\/01\\\/12\\\/begum-tekakpinar-gururlandirdi\\\/#respond\"]}]},{\"@type\":\"WebPage\",\"@id\":\"https:\\\/\\\/kuzeyinsesi.org\\\/index.php\\\/2025\\\/01\\\/12\\\/begum-tekakpinar-gururlandirdi\\\/\",\"url\":\"https:\\\/\\\/kuzeyinsesi.org\\\/index.php\\\/2025\\\/01\\\/12\\\/begum-tekakpinar-gururlandirdi\\\/\",\"name\":\"Beg\u00fcm Tekakp\u0131nar gururland\u0131rd\u0131 - Kuzeyin Sesi\",\"isPartOf\":{\"@id\":\"https:\\\/\\\/kuzeyinsesi.org\\\/#website\"},\"primaryImageOfPage\":{\"@id\":\"https:\\\/\\\/kuzeyinsesi.org\\\/index.php\\\/2025\\\/01\\\/12\\\/begum-tekakpinar-gururlandirdi\\\/#primaryimage\"},\"image\":{\"@id\":\"https:\\\/\\\/kuzeyinsesi.org\\\/index.php\\\/2025\\\/01\\\/12\\\/begum-tekakpinar-gururlandirdi\\\/#primaryimage\"},\"thumbnailUrl\":\"https:\\\/\\\/kuzeyinsesi.org\\\/wp-content\\\/uploads\\\/2025\\\/01\\\/473418164_1055856059887167_1507311009198611919_n.jpg\",\"datePublished\":\"2025-01-12T16:54:03+00:00\",\"author\":{\"@id\":\"https:\\\/\\\/kuzeyinsesi.org\\\/#\\\/schema\\\/person\\\/9f859689cdf01485597712386e37f5aa\"},\"breadcrumb\":{\"@id\":\"https:\\\/\\\/kuzeyinsesi.org\\\/index.php\\\/2025\\\/01\\\/12\\\/begum-tekakpinar-gururlandirdi\\\/#breadcrumb\"},\"inLanguage\":\"tr\",\"potentialAction\":[{\"@type\":\"ReadAction\",\"target\":[\"https:\\\/\\\/kuzeyinsesi.org\\\/index.php\\\/2025\\\/01\\\/12\\\/begum-tekakpinar-gururlandirdi\\\/\"]}]},{\"@type\":\"ImageObject\",\"inLanguage\":\"tr\",\"@id\":\"https:\\\/\\\/kuzeyinsesi.org\\\/index.php\\\/2025\\\/01\\\/12\\\/begum-tekakpinar-gururlandirdi\\\/#primaryimage\",\"url\":\"https:\\\/\\\/kuzeyinsesi.org\\\/wp-content\\\/uploads\\\/2025\\\/01\\\/473418164_1055856059887167_1507311009198611919_n.jpg\",\"contentUrl\":\"https:\\\/\\\/kuzeyinsesi.org\\\/wp-content\\\/uploads\\\/2025\\\/01\\\/473418164_1055856059887167_1507311009198611919_n.jpg\",\"width\":2041,\"height\":882},{\"@type\":\"BreadcrumbList\",\"@id\":\"https:\\\/\\\/kuzeyinsesi.org\\\/index.php\\\/2025\\\/01\\\/12\\\/begum-tekakpinar-gururlandirdi\\\/#breadcrumb\",\"itemListElement\":[{\"@type\":\"ListItem\",\"position\":1,\"name\":\"Anasayfa\",\"item\":\"https:\\\/\\\/kuzeyinsesi.org\\\/\"},{\"@type\":\"ListItem\",\"position\":2,\"name\":\"Beg\u00fcm Tekakp\u0131nar gururland\u0131rd\u0131\"}]},{\"@type\":\"WebSite\",\"@id\":\"https:\\\/\\\/kuzeyinsesi.org\\\/#website\",\"url\":\"https:\\\/\\\/kuzeyinsesi.org\\\/\",\"name\":\"Kuzeyin Sesi\",\"description\":\"Do\u011fru Haberin Adresi\",\"potentialAction\":[{\"@type\":\"SearchAction\",\"target\":{\"@type\":\"EntryPoint\",\"urlTemplate\":\"https:\\\/\\\/kuzeyinsesi.org\\\/?s={search_term_string}\"},\"query-input\":{\"@type\":\"PropertyValueSpecification\",\"valueRequired\":true,\"valueName\":\"search_term_string\"}}],\"inLanguage\":\"tr\"},{\"@type\":\"Person\",\"@id\":\"https:\\\/\\\/kuzeyinsesi.org\\\/#\\\/schema\\\/person\\\/9f859689cdf01485597712386e37f5aa\",\"name\":\"Kuzeyin Sesi\",\"image\":{\"@type\":\"ImageObject\",\"inLanguage\":\"tr\",\"@id\":\"https:\\\/\\\/secure.gravatar.com\\\/avatar\\\/bab33852abfd8b282518d6ed81826833d77c3c882d9ab608add591ccace47a44?s=96&d=mm&r=g\",\"url\":\"https:\\\/\\\/secure.gravatar.com\\\/avatar\\\/bab33852abfd8b282518d6ed81826833d77c3c882d9ab608add591ccace47a44?s=96&d=mm&r=g\",\"contentUrl\":\"https:\\\/\\\/secure.gravatar.com\\\/avatar\\\/bab33852abfd8b282518d6ed81826833d77c3c882d9ab608add591ccace47a44?s=96&d=mm&r=g\",\"caption\":\"Kuzeyin Sesi\"},\"sameAs\":[\"https:\\\/\\\/kuzeyinsesi.org\"],\"url\":\"https:\\\/\\\/kuzeyinsesi.org\\\/index.php\\\/author\\\/guven\\\/\"}]}<\/script>\n<!-- \/ Yoast SEO plugin. -->","yoast_head_json":{"title":"Beg\u00fcm Tekakp\u0131nar gururland\u0131rd\u0131 - Kuzeyin Sesi","robots":{"index":"index","follow":"follow","max-snippet":"max-snippet:-1","max-image-preview":"max-image-preview:large","max-video-preview":"max-video-preview:-1"},"canonical":"https:\/\/kuzeyinsesi.org\/index.php\/2025\/01\/12\/begum-tekakpinar-gururlandirdi\/","og_locale":"tr_TR","og_type":"article","og_title":"Beg\u00fcm Tekakp\u0131nar gururland\u0131rd\u0131 - Kuzeyin Sesi","og_description":"\u00dclkemizin g\u00fc\u00e7l\u00fc seslerinden Beg\u00fcm Tekakp\u0131nar, Makedonya\u2019da d\u00fczenlenen The World Association of Festivals (WAF) Yar\u0131\u015fmas\u0131\u2019nda \u00f6d\u00fcl kazand\u0131. Beg\u00fcm Tekakp\u0131nar\u2019\u0131n yar\u0131\u015fma sonras\u0131 sosyal medya hesab\u0131ndan a\u00e7\u0131klama yapt\u0131. Tekakp\u0131nar\u2019\u0131n yapt\u0131\u011f\u0131 a\u00e7\u0131klama \u015f\u00f6yle: \u2018Makedonya\u2019da d\u00fczenlenen ve 16 \u00fclkeden 76 \u015fark\u0131c\u0131n\u0131n yar\u0131\u015ft\u0131\u011f\u0131, be\u015f sanat ve m\u00fczik profesyonelinden olu\u015fan uluslararas\u0131 bir j\u00fcri taraf\u0131ndan de\u011ferlendirilen The World Association of Festivals (WAF) Yar\u0131\u015fmas\u0131\u2019na [&hellip;]","og_url":"https:\/\/kuzeyinsesi.org\/index.php\/2025\/01\/12\/begum-tekakpinar-gururlandirdi\/","og_site_name":"Kuzeyin Sesi","article_publisher":"https:\/\/www.facebook.com\/kuzeyinsesii","article_published_time":"2025-01-12T16:54:03+00:00","og_image":[{"url":"https:\/\/brtk.net\/wp-content\/uploads\/2025\/01\/12\/473418164_1055856059887167_1507311009198611919_n.jpg?ver=6702f89a2aabc6dc2f137717b971f9f3","type":"","width":"","height":""}],"author":"Kuzeyin Sesi","twitter_card":"summary_large_image","twitter_creator":"@kuzeyinsesii","twitter_site":"@kuzeyinsesii","twitter_misc":{"Yazan:":"Kuzeyin Sesi","Tahmini okuma s\u00fcresi":"1 dakika"},"schema":{"@context":"https:\/\/schema.org","@graph":[{"@type":"Article","@id":"https:\/\/kuzeyinsesi.org\/index.php\/2025\/01\/12\/begum-tekakpinar-gururlandirdi\/#article","isPartOf":{"@id":"https:\/\/kuzeyinsesi.org\/index.php\/2025\/01\/12\/begum-tekakpinar-gururlandirdi\/"},"author":{"name":"Kuzeyin Sesi","@id":"https:\/\/kuzeyinsesi.org\/#\/schema\/person\/9f859689cdf01485597712386e37f5aa"},"headline":"Beg\u00fcm Tekakp\u0131nar gururland\u0131rd\u0131","datePublished":"2025-01-12T16:54:03+00:00","mainEntityOfPage":{"@id":"https:\/\/kuzeyinsesi.org\/index.php\/2025\/01\/12\/begum-tekakpinar-gururlandirdi\/"},"wordCount":132,"commentCount":0,"image":{"@id":"https:\/\/kuzeyinsesi.org\/index.php\/2025\/01\/12\/begum-tekakpinar-gururlandirdi\/#primaryimage"},"thumbnailUrl":"https:\/\/kuzeyinsesi.org\/wp-content\/uploads\/2025\/01\/473418164_1055856059887167_1507311009198611919_n.jpg","articleSection":["Ya\u015fam"],"inLanguage":"tr","potentialAction":[{"@type":"CommentAction","name":"Comment","target":["https:\/\/kuzeyinsesi.org\/index.php\/2025\/01\/12\/begum-tekakpinar-gururlandirdi\/#respond"]}]},{"@type":"WebPage","@id":"https:\/\/kuzeyinsesi.org\/index.php\/2025\/01\/12\/begum-tekakpinar-gururlandirdi\/","url":"https:\/\/kuzeyinsesi.org\/index.php\/2025\/01\/12\/begum-tekakpinar-gururlandirdi\/","name":"Beg\u00fcm Tekakp\u0131nar gururland\u0131rd\u0131 - Kuzeyin Sesi","isPartOf":{"@id":"https:\/\/kuzeyinsesi.org\/#website"},"primaryImageOfPage":{"@id":"https:\/\/kuzeyinsesi.org\/index.php\/2025\/01\/12\/begum-tekakpinar-gururlandirdi\/#primaryimage"},"image":{"@id":"https:\/\/kuzeyinsesi.org\/index.php\/2025\/01\/12\/begum-tekakpinar-gururlandirdi\/#primaryimage"},"thumbnailUrl":"https:\/\/kuzeyinsesi.org\/wp-content\/uploads\/2025\/01\/473418164_1055856059887167_1507311009198611919_n.jpg","datePublished":"2025-01-12T16:54:03+00:00","author":{"@id":"https:\/\/kuzeyinsesi.org\/#\/schema\/person\/9f859689cdf01485597712386e37f5aa"},"breadcrumb":{"@id":"https:\/\/kuzeyinsesi.org\/index.php\/2025\/01\/12\/begum-tekakpinar-gururlandirdi\/#breadcrumb"},"inLanguage":"tr","potentialAction":[{"@type":"ReadAction","target":["https:\/\/kuzeyinsesi.org\/index.php\/2025\/01\/12\/begum-tekakpinar-gururlandirdi\/"]}]},{"@type":"ImageObject","inLanguage":"tr","@id":"https:\/\/kuzeyinsesi.org\/index.php\/2025\/01\/12\/begum-tekakpinar-gururlandirdi\/#primaryimage","url":"https:\/\/kuzeyinsesi.org\/wp-content\/uploads\/2025\/01\/473418164_1055856059887167_1507311009198611919_n.jpg","contentUrl":"https:\/\/kuzeyinsesi.org\/wp-content\/uploads\/2025\/01\/473418164_1055856059887167_1507311009198611919_n.jpg","width":2041,"height":882},{"@type":"BreadcrumbList","@id":"https:\/\/kuzeyinsesi.org\/index.php\/2025\/01\/12\/begum-tekakpinar-gururlandirdi\/#breadcrumb","itemListElement":[{"@type":"ListItem","position":1,"name":"Anasayfa","item":"https:\/\/kuzeyinsesi.org\/"},{"@type":"ListItem","position":2,"name":"Beg\u00fcm Tekakp\u0131nar gururland\u0131rd\u0131"}]},{"@type":"WebSite","@id":"https:\/\/kuzeyinsesi.org\/#website","url":"https:\/\/kuzeyinsesi.org\/","name":"Kuzeyin Sesi","description":"Do\u011fru Haberin Adresi","potentialAction":[{"@type":"SearchAction","target":{"@type":"EntryPoint","urlTemplate":"https:\/\/kuzeyinsesi.org\/?s={search_term_string}"},"query-input":{"@type":"PropertyValueSpecification","valueRequired":true,"valueName":"search_term_string"}}],"inLanguage":"tr"},{"@type":"Person","@id":"https:\/\/kuzeyinsesi.org\/#\/schema\/person\/9f859689cdf01485597712386e37f5aa","name":"Kuzeyin Sesi","image":{"@type":"ImageObject","inLanguage":"tr","@id":"https:\/\/secure.gravatar.com\/avatar\/bab33852abfd8b282518d6ed81826833d77c3c882d9ab608add591ccace47a44?s=96&d=mm&r=g","url":"https:\/\/secure.gravatar.com\/avatar\/bab33852abfd8b282518d6ed81826833d77c3c882d9ab608add591ccace47a44?s=96&d=mm&r=g","contentUrl":"https:\/\/secure.gravatar.com\/avatar\/bab33852abfd8b282518d6ed81826833d77c3c882d9ab608add591ccace47a44?s=96&d=mm&r=g","caption":"Kuzeyin Sesi"},"sameAs":["https:\/\/kuzeyinsesi.org"],"url":"https:\/\/kuzeyinsesi.org\/index.php\/author\/guven\/"}]}},"_links":{"self":[{"href":"https:\/\/kuzeyinsesi.org\/index.php\/wp-json\/wp\/v2\/posts\/17175","targetHints":{"allow":["GET"]}}],"collection":[{"href":"https:\/\/kuzeyinsesi.org\/index.php\/wp-json\/wp\/v2\/posts"}],"about":[{"href":"https:\/\/kuzeyinsesi.org\/index.php\/wp-json\/wp\/v2\/types\/post"}],"author":[{"embeddable":true,"href":"https:\/\/kuzeyinsesi.org\/index.php\/wp-json\/wp\/v2\/users\/1"}],"replies":[{"embeddable":true,"href":"https:\/\/kuzeyinsesi.org\/index.php\/wp-json\/wp\/v2\/comments?post=17175"}],"version-history":[{"count":0,"href":"https:\/\/kuzeyinsesi.org\/index.php\/wp-json\/wp\/v2\/posts\/17175\/revisions"}],"wp:featuredmedia":[{"embeddable":true,"href":"https:\/\/kuzeyinsesi.org\/index.php\/wp-json\/wp\/v2\/media\/17176"}],"wp:attachment":[{"href":"https:\/\/kuzeyinsesi.org\/index.php\/wp-json\/wp\/v2\/media?parent=17175"}],"wp:term":[{"taxonomy":"category","embeddable":true,"href":"https:\/\/kuzeyinsesi.org\/index.php\/wp-json\/wp\/v2\/categories?post=17175"},{"taxonomy":"post_tag","embeddable":true,"href":"https:\/\/kuzeyinsesi.org\/index.php\/wp-json\/wp\/v2\/tags?post=17175"}],"curies":[{"name":"wp","href":"https:\/\/api.w.org\/{rel}","templated":true}]}}