{"id":17102,"date":"2025-01-11T00:34:15","date_gmt":"2025-01-10T22:34:15","guid":{"rendered":"https:\/\/kuzeyinsesi.org\/index.php\/2025\/01\/11\/klasik-osmanli-muziginden-secme-eserler-arkhede-sanat-severlerle-bulusuyor\/"},"modified":"2025-01-11T00:34:15","modified_gmt":"2025-01-10T22:34:15","slug":"klasik-osmanli-muziginden-secme-eserler-arkhede-sanat-severlerle-bulusuyor","status":"publish","type":"post","link":"https:\/\/kuzeyinsesi.org\/index.php\/2025\/01\/11\/klasik-osmanli-muziginden-secme-eserler-arkhede-sanat-severlerle-bulusuyor\/","title":{"rendered":"Klasik Osmanl\u0131 M\u00fczi\u011fi\u2019nden se\u00e7me eserler, Arkhe\u2019de sanat severlerle bulu\u015fuyor"},"content":{"rendered":"<div>\n<div class=\"mariselle-image-container center\">\n                                            <\/div>\n<p>\n Klasik Osmanl\u0131 M\u00fczi\u011fi\u2019nden se\u00e7me eserler, 22 Ocak\u2019ta Lefko\u015fa\u2019da Arkhe\u2019de sanat severlerle bulu\u015fuyor.<\/p>\n<p>Verilen bilgiye g\u00f6re, Lefko\u015fa T\u00fcrk Belediyesi himayesinde kurulan K\u00fclt\u00fcr Politikalar\u0131 Belirleme ve Ar\u015fiv \u00c7al\u0131\u015fmalar\u0131 merkezi Arkhe\u2019nin d\u00fczenledi\u011fi  y\u0131l\u0131n ilk konseri, Despina Zorpa ve Pierrick Marion\u2019dan olu\u015fan DUO\u0130K\u0130 (\u039d\u03c4\u03bf\u03cd\u03bfiki) Klasik Osmanl\u0131 M\u00fczi\u011fi besteleri ve Geleneksel Do\u011fu Akdeniz m\u00fczi\u011finden d\u00fczenlemeleri i\u00e7eriyor.<\/p>\n<p>Konser program\u0131; 14. Y\u00fczy\u0131l\u2019dan ge\u00e7 19.Y\u00fczy\u0131l\u2019a uzayan geni\u015f bir d\u00f6nem aral\u0131\u011f\u0131nda, Sultan III. Selim ve Gazi Giray Han gibi h\u00fck\u00fcmdar bestekarlar\u0131n eserleri ile birlikte Dimitri Kantemiro\u011flu, Zaharya Hanende, Tatyos Efendi, Cinu\u00e7en Tanr\u0131korur, \u0130smail Hakk\u0131 Bey, Andon Efendi ve Kemen\u00e7eci Nikolay gibi \u00f6nemli makam bestekarlar\u0131n\u0131n eserlerinden olu\u015fuyor.<\/p>\n<p>\u0130ki b\u00f6l\u00fcmden olu\u015fan konser toplam 14 eseri dinleyicilerle bulu\u015fturacak. 22 Ocak \u00c7ar\u015famba ak\u015fam\u0131, Arabahmet K\u00fclt\u00fcr Evi, Arkhe Sahne\u2019de ger\u00e7ekle\u015fecek konser i\u00e7in s\u0131n\u0131rl\u0131 say\u0131da bilet sat\u0131\u015fa sunuldu.<\/p>\n<\/p><\/div>\n<p><script async\n                    defer\n                    crossorigin=\"anonymous\"\n                    src=\"https:\/\/connect.facebook.net\/tr_TR\/sdk.js#xfbml=1&#038;version=v3.3\"\n            ><\/script><\/p>\n","protected":false},"excerpt":{"rendered":"<p>Klasik Osmanl\u0131 M\u00fczi\u011fi\u2019nden se\u00e7me eserler, 22 Ocak\u2019ta Lefko\u015fa\u2019da Arkhe\u2019de sanat severlerle bulu\u015fuyor. Verilen bilgiye g\u00f6re, Lefko\u015fa T\u00fcrk Belediyesi himayesinde kurulan K\u00fclt\u00fcr Politikalar\u0131 Belirleme ve Ar\u015fiv \u00c7al\u0131\u015fmalar\u0131 merkezi Arkhe\u2019nin d\u00fczenledi\u011fi y\u0131l\u0131n ilk konseri, Despina Zorpa ve Pierrick Marion\u2019dan olu\u015fan DUO\u0130K\u0130 (\u039d\u03c4\u03bf\u03cd\u03bfiki) Klasik Osmanl\u0131 M\u00fczi\u011fi besteleri ve Geleneksel Do\u011fu Akdeniz m\u00fczi\u011finden d\u00fczenlemeleri i\u00e7eriyor. Konser program\u0131; 14. Y\u00fczy\u0131l\u2019dan [&hellip;]<\/p>\n","protected":false},"author":1,"featured_media":17103,"comment_status":"open","ping_status":"open","sticky":false,"template":"","format":"standard","meta":{"jnews-multi-image_gallery":[],"jnews_single_post":[],"jnews_primary_category":[],"jnews_social_meta":[],"jnews_override_counter":[],"footnotes":""},"categories":[6],"tags":[],"class_list":["post-17102","post","type-post","status-publish","format-standard","has-post-thumbnail","hentry","category-yasam"],"yoast_head":"<!-- This site is optimized with the Yoast SEO plugin v27.4 - https:\/\/yoast.com\/product\/yoast-seo-wordpress\/ -->\n<title>Klasik Osmanl\u0131 M\u00fczi\u011fi\u2019nden se\u00e7me eserler, Arkhe\u2019de sanat severlerle bulu\u015fuyor - Kuzeyin Sesi<\/title>\n<meta name=\"robots\" content=\"index, follow, max-snippet:-1, max-image-preview:large, max-video-preview:-1\" \/>\n<link rel=\"canonical\" href=\"https:\/\/kuzeyinsesi.org\/index.php\/2025\/01\/11\/klasik-osmanli-muziginden-secme-eserler-arkhede-sanat-severlerle-bulusuyor\/\" \/>\n<meta property=\"og:locale\" content=\"tr_TR\" \/>\n<meta property=\"og:type\" content=\"article\" \/>\n<meta property=\"og:title\" content=\"Klasik Osmanl\u0131 M\u00fczi\u011fi\u2019nden se\u00e7me eserler, Arkhe\u2019de sanat severlerle bulu\u015fuyor - Kuzeyin Sesi\" \/>\n<meta property=\"og:description\" content=\"Klasik Osmanl\u0131 M\u00fczi\u011fi\u2019nden se\u00e7me eserler, 22 Ocak\u2019ta Lefko\u015fa\u2019da Arkhe\u2019de sanat severlerle bulu\u015fuyor. Verilen bilgiye g\u00f6re, Lefko\u015fa T\u00fcrk Belediyesi himayesinde kurulan K\u00fclt\u00fcr Politikalar\u0131 Belirleme ve Ar\u015fiv \u00c7al\u0131\u015fmalar\u0131 merkezi Arkhe\u2019nin d\u00fczenledi\u011fi y\u0131l\u0131n ilk konseri, Despina Zorpa ve Pierrick Marion\u2019dan olu\u015fan DUO\u0130K\u0130 (\u039d\u03c4\u03bf\u03cd\u03bfiki) Klasik Osmanl\u0131 M\u00fczi\u011fi besteleri ve Geleneksel Do\u011fu Akdeniz m\u00fczi\u011finden d\u00fczenlemeleri i\u00e7eriyor. Konser program\u0131; 14. Y\u00fczy\u0131l\u2019dan [&hellip;]\" \/>\n<meta property=\"og:url\" content=\"https:\/\/kuzeyinsesi.org\/index.php\/2025\/01\/11\/klasik-osmanli-muziginden-secme-eserler-arkhede-sanat-severlerle-bulusuyor\/\" \/>\n<meta property=\"og:site_name\" content=\"Kuzeyin Sesi\" \/>\n<meta property=\"article:publisher\" content=\"https:\/\/www.facebook.com\/kuzeyinsesii\" \/>\n<meta property=\"article:published_time\" content=\"2025-01-10T22:34:15+00:00\" \/>\n<meta property=\"og:image\" content=\"https:\/\/brtk.net\/wp-content\/uploads\/2025\/01\/10\/v2klasikosmanlmzii_1736512804.webp?ver=b1d7f8f1aed6e382dbf10c7527d9d1a0\" \/>\n<meta name=\"author\" content=\"Kuzeyin Sesi\" \/>\n<meta name=\"twitter:card\" content=\"summary_large_image\" \/>\n<meta name=\"twitter:creator\" content=\"@kuzeyinsesii\" \/>\n<meta name=\"twitter:site\" content=\"@kuzeyinsesii\" \/>\n<meta name=\"twitter:label1\" content=\"Yazan:\" \/>\n\t<meta name=\"twitter:data1\" content=\"Kuzeyin Sesi\" \/>\n\t<meta name=\"twitter:label2\" content=\"Tahmini okuma s\u00fcresi\" \/>\n\t<meta name=\"twitter:data2\" content=\"1 dakika\" \/>\n<script type=\"application\/ld+json\" class=\"yoast-schema-graph\">{\"@context\":\"https:\\\/\\\/schema.org\",\"@graph\":[{\"@type\":\"Article\",\"@id\":\"https:\\\/\\\/kuzeyinsesi.org\\\/index.php\\\/2025\\\/01\\\/11\\\/klasik-osmanli-muziginden-secme-eserler-arkhede-sanat-severlerle-bulusuyor\\\/#article\",\"isPartOf\":{\"@id\":\"https:\\\/\\\/kuzeyinsesi.org\\\/index.php\\\/2025\\\/01\\\/11\\\/klasik-osmanli-muziginden-secme-eserler-arkhede-sanat-severlerle-bulusuyor\\\/\"},\"author\":{\"name\":\"Kuzeyin Sesi\",\"@id\":\"https:\\\/\\\/kuzeyinsesi.org\\\/#\\\/schema\\\/person\\\/9f859689cdf01485597712386e37f5aa\"},\"headline\":\"Klasik Osmanl\u0131 M\u00fczi\u011fi\u2019nden se\u00e7me eserler, Arkhe\u2019de sanat severlerle bulu\u015fuyor\",\"datePublished\":\"2025-01-10T22:34:15+00:00\",\"mainEntityOfPage\":{\"@id\":\"https:\\\/\\\/kuzeyinsesi.org\\\/index.php\\\/2025\\\/01\\\/11\\\/klasik-osmanli-muziginden-secme-eserler-arkhede-sanat-severlerle-bulusuyor\\\/\"},\"wordCount\":199,\"commentCount\":0,\"image\":{\"@id\":\"https:\\\/\\\/kuzeyinsesi.org\\\/index.php\\\/2025\\\/01\\\/11\\\/klasik-osmanli-muziginden-secme-eserler-arkhede-sanat-severlerle-bulusuyor\\\/#primaryimage\"},\"thumbnailUrl\":\"https:\\\/\\\/kuzeyinsesi.org\\\/wp-content\\\/uploads\\\/2025\\\/01\\\/v2klasikosmanlmzii_1736512804.webp.webp\",\"articleSection\":[\"Ya\u015fam\"],\"inLanguage\":\"tr\",\"potentialAction\":[{\"@type\":\"CommentAction\",\"name\":\"Comment\",\"target\":[\"https:\\\/\\\/kuzeyinsesi.org\\\/index.php\\\/2025\\\/01\\\/11\\\/klasik-osmanli-muziginden-secme-eserler-arkhede-sanat-severlerle-bulusuyor\\\/#respond\"]}]},{\"@type\":\"WebPage\",\"@id\":\"https:\\\/\\\/kuzeyinsesi.org\\\/index.php\\\/2025\\\/01\\\/11\\\/klasik-osmanli-muziginden-secme-eserler-arkhede-sanat-severlerle-bulusuyor\\\/\",\"url\":\"https:\\\/\\\/kuzeyinsesi.org\\\/index.php\\\/2025\\\/01\\\/11\\\/klasik-osmanli-muziginden-secme-eserler-arkhede-sanat-severlerle-bulusuyor\\\/\",\"name\":\"Klasik Osmanl\u0131 M\u00fczi\u011fi\u2019nden se\u00e7me eserler, Arkhe\u2019de sanat severlerle bulu\u015fuyor - Kuzeyin Sesi\",\"isPartOf\":{\"@id\":\"https:\\\/\\\/kuzeyinsesi.org\\\/#website\"},\"primaryImageOfPage\":{\"@id\":\"https:\\\/\\\/kuzeyinsesi.org\\\/index.php\\\/2025\\\/01\\\/11\\\/klasik-osmanli-muziginden-secme-eserler-arkhede-sanat-severlerle-bulusuyor\\\/#primaryimage\"},\"image\":{\"@id\":\"https:\\\/\\\/kuzeyinsesi.org\\\/index.php\\\/2025\\\/01\\\/11\\\/klasik-osmanli-muziginden-secme-eserler-arkhede-sanat-severlerle-bulusuyor\\\/#primaryimage\"},\"thumbnailUrl\":\"https:\\\/\\\/kuzeyinsesi.org\\\/wp-content\\\/uploads\\\/2025\\\/01\\\/v2klasikosmanlmzii_1736512804.webp.webp\",\"datePublished\":\"2025-01-10T22:34:15+00:00\",\"author\":{\"@id\":\"https:\\\/\\\/kuzeyinsesi.org\\\/#\\\/schema\\\/person\\\/9f859689cdf01485597712386e37f5aa\"},\"breadcrumb\":{\"@id\":\"https:\\\/\\\/kuzeyinsesi.org\\\/index.php\\\/2025\\\/01\\\/11\\\/klasik-osmanli-muziginden-secme-eserler-arkhede-sanat-severlerle-bulusuyor\\\/#breadcrumb\"},\"inLanguage\":\"tr\",\"potentialAction\":[{\"@type\":\"ReadAction\",\"target\":[\"https:\\\/\\\/kuzeyinsesi.org\\\/index.php\\\/2025\\\/01\\\/11\\\/klasik-osmanli-muziginden-secme-eserler-arkhede-sanat-severlerle-bulusuyor\\\/\"]}]},{\"@type\":\"ImageObject\",\"inLanguage\":\"tr\",\"@id\":\"https:\\\/\\\/kuzeyinsesi.org\\\/index.php\\\/2025\\\/01\\\/11\\\/klasik-osmanli-muziginden-secme-eserler-arkhede-sanat-severlerle-bulusuyor\\\/#primaryimage\",\"url\":\"https:\\\/\\\/kuzeyinsesi.org\\\/wp-content\\\/uploads\\\/2025\\\/01\\\/v2klasikosmanlmzii_1736512804.webp.webp\",\"contentUrl\":\"https:\\\/\\\/kuzeyinsesi.org\\\/wp-content\\\/uploads\\\/2025\\\/01\\\/v2klasikosmanlmzii_1736512804.webp.webp\",\"width\":971,\"height\":551},{\"@type\":\"BreadcrumbList\",\"@id\":\"https:\\\/\\\/kuzeyinsesi.org\\\/index.php\\\/2025\\\/01\\\/11\\\/klasik-osmanli-muziginden-secme-eserler-arkhede-sanat-severlerle-bulusuyor\\\/#breadcrumb\",\"itemListElement\":[{\"@type\":\"ListItem\",\"position\":1,\"name\":\"Anasayfa\",\"item\":\"https:\\\/\\\/kuzeyinsesi.org\\\/\"},{\"@type\":\"ListItem\",\"position\":2,\"name\":\"Klasik Osmanl\u0131 M\u00fczi\u011fi\u2019nden se\u00e7me eserler, Arkhe\u2019de sanat severlerle bulu\u015fuyor\"}]},{\"@type\":\"WebSite\",\"@id\":\"https:\\\/\\\/kuzeyinsesi.org\\\/#website\",\"url\":\"https:\\\/\\\/kuzeyinsesi.org\\\/\",\"name\":\"Kuzeyin Sesi\",\"description\":\"Do\u011fru Haberin Adresi\",\"potentialAction\":[{\"@type\":\"SearchAction\",\"target\":{\"@type\":\"EntryPoint\",\"urlTemplate\":\"https:\\\/\\\/kuzeyinsesi.org\\\/?s={search_term_string}\"},\"query-input\":{\"@type\":\"PropertyValueSpecification\",\"valueRequired\":true,\"valueName\":\"search_term_string\"}}],\"inLanguage\":\"tr\"},{\"@type\":\"Person\",\"@id\":\"https:\\\/\\\/kuzeyinsesi.org\\\/#\\\/schema\\\/person\\\/9f859689cdf01485597712386e37f5aa\",\"name\":\"Kuzeyin Sesi\",\"image\":{\"@type\":\"ImageObject\",\"inLanguage\":\"tr\",\"@id\":\"https:\\\/\\\/secure.gravatar.com\\\/avatar\\\/bab33852abfd8b282518d6ed81826833d77c3c882d9ab608add591ccace47a44?s=96&d=mm&r=g\",\"url\":\"https:\\\/\\\/secure.gravatar.com\\\/avatar\\\/bab33852abfd8b282518d6ed81826833d77c3c882d9ab608add591ccace47a44?s=96&d=mm&r=g\",\"contentUrl\":\"https:\\\/\\\/secure.gravatar.com\\\/avatar\\\/bab33852abfd8b282518d6ed81826833d77c3c882d9ab608add591ccace47a44?s=96&d=mm&r=g\",\"caption\":\"Kuzeyin Sesi\"},\"sameAs\":[\"https:\\\/\\\/kuzeyinsesi.org\"],\"url\":\"https:\\\/\\\/kuzeyinsesi.org\\\/index.php\\\/author\\\/guven\\\/\"}]}<\/script>\n<!-- \/ Yoast SEO plugin. -->","yoast_head_json":{"title":"Klasik Osmanl\u0131 M\u00fczi\u011fi\u2019nden se\u00e7me eserler, Arkhe\u2019de sanat severlerle bulu\u015fuyor - Kuzeyin Sesi","robots":{"index":"index","follow":"follow","max-snippet":"max-snippet:-1","max-image-preview":"max-image-preview:large","max-video-preview":"max-video-preview:-1"},"canonical":"https:\/\/kuzeyinsesi.org\/index.php\/2025\/01\/11\/klasik-osmanli-muziginden-secme-eserler-arkhede-sanat-severlerle-bulusuyor\/","og_locale":"tr_TR","og_type":"article","og_title":"Klasik Osmanl\u0131 M\u00fczi\u011fi\u2019nden se\u00e7me eserler, Arkhe\u2019de sanat severlerle bulu\u015fuyor - Kuzeyin Sesi","og_description":"Klasik Osmanl\u0131 M\u00fczi\u011fi\u2019nden se\u00e7me eserler, 22 Ocak\u2019ta Lefko\u015fa\u2019da Arkhe\u2019de sanat severlerle bulu\u015fuyor. Verilen bilgiye g\u00f6re, Lefko\u015fa T\u00fcrk Belediyesi himayesinde kurulan K\u00fclt\u00fcr Politikalar\u0131 Belirleme ve Ar\u015fiv \u00c7al\u0131\u015fmalar\u0131 merkezi Arkhe\u2019nin d\u00fczenledi\u011fi y\u0131l\u0131n ilk konseri, Despina Zorpa ve Pierrick Marion\u2019dan olu\u015fan DUO\u0130K\u0130 (\u039d\u03c4\u03bf\u03cd\u03bfiki) Klasik Osmanl\u0131 M\u00fczi\u011fi besteleri ve Geleneksel Do\u011fu Akdeniz m\u00fczi\u011finden d\u00fczenlemeleri i\u00e7eriyor. Konser program\u0131; 14. Y\u00fczy\u0131l\u2019dan [&hellip;]","og_url":"https:\/\/kuzeyinsesi.org\/index.php\/2025\/01\/11\/klasik-osmanli-muziginden-secme-eserler-arkhede-sanat-severlerle-bulusuyor\/","og_site_name":"Kuzeyin Sesi","article_publisher":"https:\/\/www.facebook.com\/kuzeyinsesii","article_published_time":"2025-01-10T22:34:15+00:00","og_image":[{"url":"https:\/\/brtk.net\/wp-content\/uploads\/2025\/01\/10\/v2klasikosmanlmzii_1736512804.webp?ver=b1d7f8f1aed6e382dbf10c7527d9d1a0","type":"","width":"","height":""}],"author":"Kuzeyin Sesi","twitter_card":"summary_large_image","twitter_creator":"@kuzeyinsesii","twitter_site":"@kuzeyinsesii","twitter_misc":{"Yazan:":"Kuzeyin Sesi","Tahmini okuma s\u00fcresi":"1 dakika"},"schema":{"@context":"https:\/\/schema.org","@graph":[{"@type":"Article","@id":"https:\/\/kuzeyinsesi.org\/index.php\/2025\/01\/11\/klasik-osmanli-muziginden-secme-eserler-arkhede-sanat-severlerle-bulusuyor\/#article","isPartOf":{"@id":"https:\/\/kuzeyinsesi.org\/index.php\/2025\/01\/11\/klasik-osmanli-muziginden-secme-eserler-arkhede-sanat-severlerle-bulusuyor\/"},"author":{"name":"Kuzeyin Sesi","@id":"https:\/\/kuzeyinsesi.org\/#\/schema\/person\/9f859689cdf01485597712386e37f5aa"},"headline":"Klasik Osmanl\u0131 M\u00fczi\u011fi\u2019nden se\u00e7me eserler, Arkhe\u2019de sanat severlerle bulu\u015fuyor","datePublished":"2025-01-10T22:34:15+00:00","mainEntityOfPage":{"@id":"https:\/\/kuzeyinsesi.org\/index.php\/2025\/01\/11\/klasik-osmanli-muziginden-secme-eserler-arkhede-sanat-severlerle-bulusuyor\/"},"wordCount":199,"commentCount":0,"image":{"@id":"https:\/\/kuzeyinsesi.org\/index.php\/2025\/01\/11\/klasik-osmanli-muziginden-secme-eserler-arkhede-sanat-severlerle-bulusuyor\/#primaryimage"},"thumbnailUrl":"https:\/\/kuzeyinsesi.org\/wp-content\/uploads\/2025\/01\/v2klasikosmanlmzii_1736512804.webp.webp","articleSection":["Ya\u015fam"],"inLanguage":"tr","potentialAction":[{"@type":"CommentAction","name":"Comment","target":["https:\/\/kuzeyinsesi.org\/index.php\/2025\/01\/11\/klasik-osmanli-muziginden-secme-eserler-arkhede-sanat-severlerle-bulusuyor\/#respond"]}]},{"@type":"WebPage","@id":"https:\/\/kuzeyinsesi.org\/index.php\/2025\/01\/11\/klasik-osmanli-muziginden-secme-eserler-arkhede-sanat-severlerle-bulusuyor\/","url":"https:\/\/kuzeyinsesi.org\/index.php\/2025\/01\/11\/klasik-osmanli-muziginden-secme-eserler-arkhede-sanat-severlerle-bulusuyor\/","name":"Klasik Osmanl\u0131 M\u00fczi\u011fi\u2019nden se\u00e7me eserler, Arkhe\u2019de sanat severlerle bulu\u015fuyor - Kuzeyin Sesi","isPartOf":{"@id":"https:\/\/kuzeyinsesi.org\/#website"},"primaryImageOfPage":{"@id":"https:\/\/kuzeyinsesi.org\/index.php\/2025\/01\/11\/klasik-osmanli-muziginden-secme-eserler-arkhede-sanat-severlerle-bulusuyor\/#primaryimage"},"image":{"@id":"https:\/\/kuzeyinsesi.org\/index.php\/2025\/01\/11\/klasik-osmanli-muziginden-secme-eserler-arkhede-sanat-severlerle-bulusuyor\/#primaryimage"},"thumbnailUrl":"https:\/\/kuzeyinsesi.org\/wp-content\/uploads\/2025\/01\/v2klasikosmanlmzii_1736512804.webp.webp","datePublished":"2025-01-10T22:34:15+00:00","author":{"@id":"https:\/\/kuzeyinsesi.org\/#\/schema\/person\/9f859689cdf01485597712386e37f5aa"},"breadcrumb":{"@id":"https:\/\/kuzeyinsesi.org\/index.php\/2025\/01\/11\/klasik-osmanli-muziginden-secme-eserler-arkhede-sanat-severlerle-bulusuyor\/#breadcrumb"},"inLanguage":"tr","potentialAction":[{"@type":"ReadAction","target":["https:\/\/kuzeyinsesi.org\/index.php\/2025\/01\/11\/klasik-osmanli-muziginden-secme-eserler-arkhede-sanat-severlerle-bulusuyor\/"]}]},{"@type":"ImageObject","inLanguage":"tr","@id":"https:\/\/kuzeyinsesi.org\/index.php\/2025\/01\/11\/klasik-osmanli-muziginden-secme-eserler-arkhede-sanat-severlerle-bulusuyor\/#primaryimage","url":"https:\/\/kuzeyinsesi.org\/wp-content\/uploads\/2025\/01\/v2klasikosmanlmzii_1736512804.webp.webp","contentUrl":"https:\/\/kuzeyinsesi.org\/wp-content\/uploads\/2025\/01\/v2klasikosmanlmzii_1736512804.webp.webp","width":971,"height":551},{"@type":"BreadcrumbList","@id":"https:\/\/kuzeyinsesi.org\/index.php\/2025\/01\/11\/klasik-osmanli-muziginden-secme-eserler-arkhede-sanat-severlerle-bulusuyor\/#breadcrumb","itemListElement":[{"@type":"ListItem","position":1,"name":"Anasayfa","item":"https:\/\/kuzeyinsesi.org\/"},{"@type":"ListItem","position":2,"name":"Klasik Osmanl\u0131 M\u00fczi\u011fi\u2019nden se\u00e7me eserler, Arkhe\u2019de sanat severlerle bulu\u015fuyor"}]},{"@type":"WebSite","@id":"https:\/\/kuzeyinsesi.org\/#website","url":"https:\/\/kuzeyinsesi.org\/","name":"Kuzeyin Sesi","description":"Do\u011fru Haberin Adresi","potentialAction":[{"@type":"SearchAction","target":{"@type":"EntryPoint","urlTemplate":"https:\/\/kuzeyinsesi.org\/?s={search_term_string}"},"query-input":{"@type":"PropertyValueSpecification","valueRequired":true,"valueName":"search_term_string"}}],"inLanguage":"tr"},{"@type":"Person","@id":"https:\/\/kuzeyinsesi.org\/#\/schema\/person\/9f859689cdf01485597712386e37f5aa","name":"Kuzeyin Sesi","image":{"@type":"ImageObject","inLanguage":"tr","@id":"https:\/\/secure.gravatar.com\/avatar\/bab33852abfd8b282518d6ed81826833d77c3c882d9ab608add591ccace47a44?s=96&d=mm&r=g","url":"https:\/\/secure.gravatar.com\/avatar\/bab33852abfd8b282518d6ed81826833d77c3c882d9ab608add591ccace47a44?s=96&d=mm&r=g","contentUrl":"https:\/\/secure.gravatar.com\/avatar\/bab33852abfd8b282518d6ed81826833d77c3c882d9ab608add591ccace47a44?s=96&d=mm&r=g","caption":"Kuzeyin Sesi"},"sameAs":["https:\/\/kuzeyinsesi.org"],"url":"https:\/\/kuzeyinsesi.org\/index.php\/author\/guven\/"}]}},"_links":{"self":[{"href":"https:\/\/kuzeyinsesi.org\/index.php\/wp-json\/wp\/v2\/posts\/17102","targetHints":{"allow":["GET"]}}],"collection":[{"href":"https:\/\/kuzeyinsesi.org\/index.php\/wp-json\/wp\/v2\/posts"}],"about":[{"href":"https:\/\/kuzeyinsesi.org\/index.php\/wp-json\/wp\/v2\/types\/post"}],"author":[{"embeddable":true,"href":"https:\/\/kuzeyinsesi.org\/index.php\/wp-json\/wp\/v2\/users\/1"}],"replies":[{"embeddable":true,"href":"https:\/\/kuzeyinsesi.org\/index.php\/wp-json\/wp\/v2\/comments?post=17102"}],"version-history":[{"count":0,"href":"https:\/\/kuzeyinsesi.org\/index.php\/wp-json\/wp\/v2\/posts\/17102\/revisions"}],"wp:featuredmedia":[{"embeddable":true,"href":"https:\/\/kuzeyinsesi.org\/index.php\/wp-json\/wp\/v2\/media\/17103"}],"wp:attachment":[{"href":"https:\/\/kuzeyinsesi.org\/index.php\/wp-json\/wp\/v2\/media?parent=17102"}],"wp:term":[{"taxonomy":"category","embeddable":true,"href":"https:\/\/kuzeyinsesi.org\/index.php\/wp-json\/wp\/v2\/categories?post=17102"},{"taxonomy":"post_tag","embeddable":true,"href":"https:\/\/kuzeyinsesi.org\/index.php\/wp-json\/wp\/v2\/tags?post=17102"}],"curies":[{"name":"wp","href":"https:\/\/api.w.org\/{rel}","templated":true}]}}