{"id":171,"date":"2024-04-24T11:05:18","date_gmt":"2024-04-24T08:05:18","guid":{"rendered":"https:\/\/kuzeyinsesi.com\/index.php\/2024\/04\/24\/19-uluslararasi-bellapais-ilkbahar-muzik-festivali-basliyor\/"},"modified":"2024-04-24T11:06:29","modified_gmt":"2024-04-24T08:06:29","slug":"19-uluslararasi-bellapais-ilkbahar-muzik-festivali-basliyor","status":"publish","type":"post","link":"https:\/\/kuzeyinsesi.org\/index.php\/2024\/04\/24\/19-uluslararasi-bellapais-ilkbahar-muzik-festivali-basliyor\/","title":{"rendered":"19. Uluslararas\u0131 Bellapais \u0130lkbahar M\u00fczik Festivali ba\u015fl\u0131yor"},"content":{"rendered":"<div>\n<div class=\"mariselle-image-container center\">\n                                            <\/div>\n<p> Kuzey K\u0131br\u0131s M\u00fczik Derne\u011fi\u2019nin bu y\u0131l 19\u2019uncusunu d\u00fczenleyece\u011fi Uluslararas\u0131 Bellapais \u0130lkbahar M\u00fczik Festivali yar\u0131n ak\u015fam Lefko\u015fa Belediye Orkestras\u0131 Konseri ile ba\u015fl\u0131yor.<\/p>\n<p>Kuzey K\u0131br\u0131s M\u00fczik Derne\u011fi\u2019nden yap\u0131lan a\u00e7\u0131klamaya g\u00f6re, Bellapais Manast\u0131r\u0131\u2019 nda saat 20.00\u2032 de ger\u00e7ekle\u015fecek Festival A\u00e7\u0131l\u0131\u015f Konseri\u2019nde Oskay Hoca y\u00f6netimindeki LBO Mozart 40. Senfoni, T\u00fcrk Mar\u015f\u0131, Beethoven 5. Senfoni, Ay\u0131\u015f\u0131\u011f\u0131 Sonat\u0131, Tchaikovsky Ku\u011fu G\u00f6l\u00fc, Bizet Carmen, Albinoni Adagio, Chopin Noktr\u00fcn gibi be\u011fenilen klasik eserlerin pop tarz\u0131ndaki d\u00fczenlemelerini yorumlayacak.<\/p>\n<p>Bu y\u0131lki festival Turizm ve K\u00fclt\u00fcr Bakanl\u0131\u011f\u0131, Deniz Plaza, Bellapais Gardens ve Kybele\u2019nin katk\u0131lar\u0131yla ger\u00e7ekle\u015ftirilecek ve 31 May\u0131s\u2019a kadar s\u00fcrecek 11 farkl\u0131 konsere ev sahipli\u011fi yapacak.<\/p>\n<p>Konser biletleri Deniz Plazalardan, Bellapais Manast\u0131r\u0131 Bilet Ofisinden, Konser Giri\u015finden veya Online Bilet olarak biletfest.com dan al\u0131nabilecek.<\/p>\n<\/p><\/div>\n<p><script async\n                    defer\n                    crossorigin=\"anonymous\"\n                    src=\"https:\/\/connect.facebook.net\/tr_TR\/sdk.js#xfbml=1&#038;version=v3.3\"\n            ><\/script><\/p>\n","protected":false},"excerpt":{"rendered":"<p>Kuzey K\u0131br\u0131s M\u00fczik Derne\u011fi\u2019nin bu y\u0131l 19\u2019uncusunu d\u00fczenleyece\u011fi Uluslararas\u0131 Bellapais \u0130lkbahar M\u00fczik Festivali yar\u0131n ak\u015fam Lefko\u015fa Belediye Orkestras\u0131 Konseri ile ba\u015fl\u0131yor. Kuzey K\u0131br\u0131s M\u00fczik Derne\u011fi\u2019nden yap\u0131lan a\u00e7\u0131klamaya g\u00f6re, Bellapais Manast\u0131r\u0131\u2019 nda saat 20.00\u2032 de ger\u00e7ekle\u015fecek Festival A\u00e7\u0131l\u0131\u015f Konseri\u2019nde Oskay Hoca y\u00f6netimindeki LBO Mozart 40. Senfoni, T\u00fcrk Mar\u015f\u0131, Beethoven 5. Senfoni, Ay\u0131\u015f\u0131\u011f\u0131 Sonat\u0131, Tchaikovsky Ku\u011fu G\u00f6l\u00fc, [&hellip;]<\/p>\n","protected":false},"author":1,"featured_media":172,"comment_status":"open","ping_status":"open","sticky":false,"template":"","format":"standard","meta":{"jnews-multi-image_gallery":[],"jnews_single_post":[],"jnews_primary_category":[],"jnews_social_meta":[],"jnews_override_counter":[],"footnotes":""},"categories":[6],"tags":[],"class_list":["post-171","post","type-post","status-publish","format-standard","has-post-thumbnail","hentry","category-yasam"],"yoast_head":"<!-- This site is optimized with the Yoast SEO plugin v27.5 - https:\/\/yoast.com\/product\/yoast-seo-wordpress\/ -->\n<title>19. Uluslararas\u0131 Bellapais \u0130lkbahar M\u00fczik Festivali ba\u015fl\u0131yor - Kuzeyin Sesi<\/title>\n<meta name=\"robots\" content=\"index, follow, max-snippet:-1, max-image-preview:large, max-video-preview:-1\" \/>\n<link rel=\"canonical\" href=\"https:\/\/kuzeyinsesi.org\/index.php\/2024\/04\/24\/19-uluslararasi-bellapais-ilkbahar-muzik-festivali-basliyor\/\" \/>\n<meta property=\"og:locale\" content=\"tr_TR\" \/>\n<meta property=\"og:type\" content=\"article\" \/>\n<meta property=\"og:title\" content=\"19. Uluslararas\u0131 Bellapais \u0130lkbahar M\u00fczik Festivali ba\u015fl\u0131yor - Kuzeyin Sesi\" \/>\n<meta property=\"og:description\" content=\"Kuzey K\u0131br\u0131s M\u00fczik Derne\u011fi\u2019nin bu y\u0131l 19\u2019uncusunu d\u00fczenleyece\u011fi Uluslararas\u0131 Bellapais \u0130lkbahar M\u00fczik Festivali yar\u0131n ak\u015fam Lefko\u015fa Belediye Orkestras\u0131 Konseri ile ba\u015fl\u0131yor. Kuzey K\u0131br\u0131s M\u00fczik Derne\u011fi\u2019nden yap\u0131lan a\u00e7\u0131klamaya g\u00f6re, Bellapais Manast\u0131r\u0131\u2019 nda saat 20.00\u2032 de ger\u00e7ekle\u015fecek Festival A\u00e7\u0131l\u0131\u015f Konseri\u2019nde Oskay Hoca y\u00f6netimindeki LBO Mozart 40. Senfoni, T\u00fcrk Mar\u015f\u0131, Beethoven 5. Senfoni, Ay\u0131\u015f\u0131\u011f\u0131 Sonat\u0131, Tchaikovsky Ku\u011fu G\u00f6l\u00fc, [&hellip;]\" \/>\n<meta property=\"og:url\" content=\"https:\/\/kuzeyinsesi.org\/index.php\/2024\/04\/24\/19-uluslararasi-bellapais-ilkbahar-muzik-festivali-basliyor\/\" \/>\n<meta property=\"og:site_name\" content=\"Kuzeyin Sesi\" \/>\n<meta property=\"article:publisher\" content=\"https:\/\/www.facebook.com\/kuzeyinsesii\" \/>\n<meta property=\"article:published_time\" content=\"2024-04-24T08:05:18+00:00\" \/>\n<meta property=\"article:modified_time\" content=\"2024-04-24T08:06:29+00:00\" \/>\n<meta property=\"og:image\" content=\"https:\/\/kuzeyinsesi.org\/wp-content\/uploads\/2024\/04\/19.-Uluslararasi-Bellapais-Ilkbahar-Muzik-Festivali-basliyor.jpg\" \/>\n\t<meta property=\"og:image:width\" content=\"1931\" \/>\n\t<meta property=\"og:image:height\" content=\"871\" \/>\n\t<meta property=\"og:image:type\" content=\"image\/jpeg\" \/>\n<meta name=\"author\" content=\"Kuzeyin Sesi\" \/>\n<meta name=\"twitter:card\" content=\"summary_large_image\" \/>\n<meta name=\"twitter:creator\" content=\"@kuzeyinsesii\" \/>\n<meta name=\"twitter:site\" content=\"@kuzeyinsesii\" \/>\n<meta name=\"twitter:label1\" content=\"Yazan:\" \/>\n\t<meta name=\"twitter:data1\" content=\"Kuzeyin Sesi\" \/>\n\t<meta name=\"twitter:label2\" content=\"Tahmini okuma s\u00fcresi\" \/>\n\t<meta name=\"twitter:data2\" content=\"1 dakika\" \/>\n<script type=\"application\/ld+json\" class=\"yoast-schema-graph\">{\"@context\":\"https:\\\/\\\/schema.org\",\"@graph\":[{\"@type\":\"Article\",\"@id\":\"https:\\\/\\\/kuzeyinsesi.org\\\/index.php\\\/2024\\\/04\\\/24\\\/19-uluslararasi-bellapais-ilkbahar-muzik-festivali-basliyor\\\/#article\",\"isPartOf\":{\"@id\":\"https:\\\/\\\/kuzeyinsesi.org\\\/index.php\\\/2024\\\/04\\\/24\\\/19-uluslararasi-bellapais-ilkbahar-muzik-festivali-basliyor\\\/\"},\"author\":{\"name\":\"Kuzeyin Sesi\",\"@id\":\"https:\\\/\\\/kuzeyinsesi.org\\\/#\\\/schema\\\/person\\\/9f859689cdf01485597712386e37f5aa\"},\"headline\":\"19. Uluslararas\u0131 Bellapais \u0130lkbahar M\u00fczik Festivali ba\u015fl\u0131yor\",\"datePublished\":\"2024-04-24T08:05:18+00:00\",\"dateModified\":\"2024-04-24T08:06:29+00:00\",\"mainEntityOfPage\":{\"@id\":\"https:\\\/\\\/kuzeyinsesi.org\\\/index.php\\\/2024\\\/04\\\/24\\\/19-uluslararasi-bellapais-ilkbahar-muzik-festivali-basliyor\\\/\"},\"wordCount\":167,\"commentCount\":0,\"image\":{\"@id\":\"https:\\\/\\\/kuzeyinsesi.org\\\/index.php\\\/2024\\\/04\\\/24\\\/19-uluslararasi-bellapais-ilkbahar-muzik-festivali-basliyor\\\/#primaryimage\"},\"thumbnailUrl\":\"https:\\\/\\\/kuzeyinsesi.org\\\/wp-content\\\/uploads\\\/2024\\\/04\\\/19.-Uluslararasi-Bellapais-Ilkbahar-Muzik-Festivali-basliyor.jpg\",\"articleSection\":[\"Ya\u015fam\"],\"inLanguage\":\"tr\",\"potentialAction\":[{\"@type\":\"CommentAction\",\"name\":\"Comment\",\"target\":[\"https:\\\/\\\/kuzeyinsesi.org\\\/index.php\\\/2024\\\/04\\\/24\\\/19-uluslararasi-bellapais-ilkbahar-muzik-festivali-basliyor\\\/#respond\"]}]},{\"@type\":\"WebPage\",\"@id\":\"https:\\\/\\\/kuzeyinsesi.org\\\/index.php\\\/2024\\\/04\\\/24\\\/19-uluslararasi-bellapais-ilkbahar-muzik-festivali-basliyor\\\/\",\"url\":\"https:\\\/\\\/kuzeyinsesi.org\\\/index.php\\\/2024\\\/04\\\/24\\\/19-uluslararasi-bellapais-ilkbahar-muzik-festivali-basliyor\\\/\",\"name\":\"19. Uluslararas\u0131 Bellapais \u0130lkbahar M\u00fczik Festivali ba\u015fl\u0131yor - Kuzeyin Sesi\",\"isPartOf\":{\"@id\":\"https:\\\/\\\/kuzeyinsesi.org\\\/#website\"},\"primaryImageOfPage\":{\"@id\":\"https:\\\/\\\/kuzeyinsesi.org\\\/index.php\\\/2024\\\/04\\\/24\\\/19-uluslararasi-bellapais-ilkbahar-muzik-festivali-basliyor\\\/#primaryimage\"},\"image\":{\"@id\":\"https:\\\/\\\/kuzeyinsesi.org\\\/index.php\\\/2024\\\/04\\\/24\\\/19-uluslararasi-bellapais-ilkbahar-muzik-festivali-basliyor\\\/#primaryimage\"},\"thumbnailUrl\":\"https:\\\/\\\/kuzeyinsesi.org\\\/wp-content\\\/uploads\\\/2024\\\/04\\\/19.-Uluslararasi-Bellapais-Ilkbahar-Muzik-Festivali-basliyor.jpg\",\"datePublished\":\"2024-04-24T08:05:18+00:00\",\"dateModified\":\"2024-04-24T08:06:29+00:00\",\"author\":{\"@id\":\"https:\\\/\\\/kuzeyinsesi.org\\\/#\\\/schema\\\/person\\\/9f859689cdf01485597712386e37f5aa\"},\"breadcrumb\":{\"@id\":\"https:\\\/\\\/kuzeyinsesi.org\\\/index.php\\\/2024\\\/04\\\/24\\\/19-uluslararasi-bellapais-ilkbahar-muzik-festivali-basliyor\\\/#breadcrumb\"},\"inLanguage\":\"tr\",\"potentialAction\":[{\"@type\":\"ReadAction\",\"target\":[\"https:\\\/\\\/kuzeyinsesi.org\\\/index.php\\\/2024\\\/04\\\/24\\\/19-uluslararasi-bellapais-ilkbahar-muzik-festivali-basliyor\\\/\"]}]},{\"@type\":\"ImageObject\",\"inLanguage\":\"tr\",\"@id\":\"https:\\\/\\\/kuzeyinsesi.org\\\/index.php\\\/2024\\\/04\\\/24\\\/19-uluslararasi-bellapais-ilkbahar-muzik-festivali-basliyor\\\/#primaryimage\",\"url\":\"https:\\\/\\\/kuzeyinsesi.org\\\/wp-content\\\/uploads\\\/2024\\\/04\\\/19.-Uluslararasi-Bellapais-Ilkbahar-Muzik-Festivali-basliyor.jpg\",\"contentUrl\":\"https:\\\/\\\/kuzeyinsesi.org\\\/wp-content\\\/uploads\\\/2024\\\/04\\\/19.-Uluslararasi-Bellapais-Ilkbahar-Muzik-Festivali-basliyor.jpg\",\"width\":1931,\"height\":871},{\"@type\":\"BreadcrumbList\",\"@id\":\"https:\\\/\\\/kuzeyinsesi.org\\\/index.php\\\/2024\\\/04\\\/24\\\/19-uluslararasi-bellapais-ilkbahar-muzik-festivali-basliyor\\\/#breadcrumb\",\"itemListElement\":[{\"@type\":\"ListItem\",\"position\":1,\"name\":\"Anasayfa\",\"item\":\"https:\\\/\\\/kuzeyinsesi.org\\\/\"},{\"@type\":\"ListItem\",\"position\":2,\"name\":\"19. Uluslararas\u0131 Bellapais \u0130lkbahar M\u00fczik Festivali ba\u015fl\u0131yor\"}]},{\"@type\":\"WebSite\",\"@id\":\"https:\\\/\\\/kuzeyinsesi.org\\\/#website\",\"url\":\"https:\\\/\\\/kuzeyinsesi.org\\\/\",\"name\":\"Kuzeyin Sesi\",\"description\":\"Do\u011fru Haberin Adresi\",\"potentialAction\":[{\"@type\":\"SearchAction\",\"target\":{\"@type\":\"EntryPoint\",\"urlTemplate\":\"https:\\\/\\\/kuzeyinsesi.org\\\/?s={search_term_string}\"},\"query-input\":{\"@type\":\"PropertyValueSpecification\",\"valueRequired\":true,\"valueName\":\"search_term_string\"}}],\"inLanguage\":\"tr\"},{\"@type\":\"Person\",\"@id\":\"https:\\\/\\\/kuzeyinsesi.org\\\/#\\\/schema\\\/person\\\/9f859689cdf01485597712386e37f5aa\",\"name\":\"Kuzeyin Sesi\",\"image\":{\"@type\":\"ImageObject\",\"inLanguage\":\"tr\",\"@id\":\"https:\\\/\\\/secure.gravatar.com\\\/avatar\\\/bab33852abfd8b282518d6ed81826833d77c3c882d9ab608add591ccace47a44?s=96&d=mm&r=g\",\"url\":\"https:\\\/\\\/secure.gravatar.com\\\/avatar\\\/bab33852abfd8b282518d6ed81826833d77c3c882d9ab608add591ccace47a44?s=96&d=mm&r=g\",\"contentUrl\":\"https:\\\/\\\/secure.gravatar.com\\\/avatar\\\/bab33852abfd8b282518d6ed81826833d77c3c882d9ab608add591ccace47a44?s=96&d=mm&r=g\",\"caption\":\"Kuzeyin Sesi\"},\"sameAs\":[\"https:\\\/\\\/kuzeyinsesi.org\"],\"url\":\"https:\\\/\\\/kuzeyinsesi.org\\\/index.php\\\/author\\\/guven\\\/\"}]}<\/script>\n<!-- \/ Yoast SEO plugin. -->","yoast_head_json":{"title":"19. Uluslararas\u0131 Bellapais \u0130lkbahar M\u00fczik Festivali ba\u015fl\u0131yor - Kuzeyin Sesi","robots":{"index":"index","follow":"follow","max-snippet":"max-snippet:-1","max-image-preview":"max-image-preview:large","max-video-preview":"max-video-preview:-1"},"canonical":"https:\/\/kuzeyinsesi.org\/index.php\/2024\/04\/24\/19-uluslararasi-bellapais-ilkbahar-muzik-festivali-basliyor\/","og_locale":"tr_TR","og_type":"article","og_title":"19. Uluslararas\u0131 Bellapais \u0130lkbahar M\u00fczik Festivali ba\u015fl\u0131yor - Kuzeyin Sesi","og_description":"Kuzey K\u0131br\u0131s M\u00fczik Derne\u011fi\u2019nin bu y\u0131l 19\u2019uncusunu d\u00fczenleyece\u011fi Uluslararas\u0131 Bellapais \u0130lkbahar M\u00fczik Festivali yar\u0131n ak\u015fam Lefko\u015fa Belediye Orkestras\u0131 Konseri ile ba\u015fl\u0131yor. Kuzey K\u0131br\u0131s M\u00fczik Derne\u011fi\u2019nden yap\u0131lan a\u00e7\u0131klamaya g\u00f6re, Bellapais Manast\u0131r\u0131\u2019 nda saat 20.00\u2032 de ger\u00e7ekle\u015fecek Festival A\u00e7\u0131l\u0131\u015f Konseri\u2019nde Oskay Hoca y\u00f6netimindeki LBO Mozart 40. Senfoni, T\u00fcrk Mar\u015f\u0131, Beethoven 5. Senfoni, Ay\u0131\u015f\u0131\u011f\u0131 Sonat\u0131, Tchaikovsky Ku\u011fu G\u00f6l\u00fc, [&hellip;]","og_url":"https:\/\/kuzeyinsesi.org\/index.php\/2024\/04\/24\/19-uluslararasi-bellapais-ilkbahar-muzik-festivali-basliyor\/","og_site_name":"Kuzeyin Sesi","article_publisher":"https:\/\/www.facebook.com\/kuzeyinsesii","article_published_time":"2024-04-24T08:05:18+00:00","article_modified_time":"2024-04-24T08:06:29+00:00","og_image":[{"width":1931,"height":871,"url":"https:\/\/kuzeyinsesi.org\/wp-content\/uploads\/2024\/04\/19.-Uluslararasi-Bellapais-Ilkbahar-Muzik-Festivali-basliyor.jpg","type":"image\/jpeg"}],"author":"Kuzeyin Sesi","twitter_card":"summary_large_image","twitter_creator":"@kuzeyinsesii","twitter_site":"@kuzeyinsesii","twitter_misc":{"Yazan:":"Kuzeyin Sesi","Tahmini okuma s\u00fcresi":"1 dakika"},"schema":{"@context":"https:\/\/schema.org","@graph":[{"@type":"Article","@id":"https:\/\/kuzeyinsesi.org\/index.php\/2024\/04\/24\/19-uluslararasi-bellapais-ilkbahar-muzik-festivali-basliyor\/#article","isPartOf":{"@id":"https:\/\/kuzeyinsesi.org\/index.php\/2024\/04\/24\/19-uluslararasi-bellapais-ilkbahar-muzik-festivali-basliyor\/"},"author":{"name":"Kuzeyin Sesi","@id":"https:\/\/kuzeyinsesi.org\/#\/schema\/person\/9f859689cdf01485597712386e37f5aa"},"headline":"19. Uluslararas\u0131 Bellapais \u0130lkbahar M\u00fczik Festivali ba\u015fl\u0131yor","datePublished":"2024-04-24T08:05:18+00:00","dateModified":"2024-04-24T08:06:29+00:00","mainEntityOfPage":{"@id":"https:\/\/kuzeyinsesi.org\/index.php\/2024\/04\/24\/19-uluslararasi-bellapais-ilkbahar-muzik-festivali-basliyor\/"},"wordCount":167,"commentCount":0,"image":{"@id":"https:\/\/kuzeyinsesi.org\/index.php\/2024\/04\/24\/19-uluslararasi-bellapais-ilkbahar-muzik-festivali-basliyor\/#primaryimage"},"thumbnailUrl":"https:\/\/kuzeyinsesi.org\/wp-content\/uploads\/2024\/04\/19.-Uluslararasi-Bellapais-Ilkbahar-Muzik-Festivali-basliyor.jpg","articleSection":["Ya\u015fam"],"inLanguage":"tr","potentialAction":[{"@type":"CommentAction","name":"Comment","target":["https:\/\/kuzeyinsesi.org\/index.php\/2024\/04\/24\/19-uluslararasi-bellapais-ilkbahar-muzik-festivali-basliyor\/#respond"]}]},{"@type":"WebPage","@id":"https:\/\/kuzeyinsesi.org\/index.php\/2024\/04\/24\/19-uluslararasi-bellapais-ilkbahar-muzik-festivali-basliyor\/","url":"https:\/\/kuzeyinsesi.org\/index.php\/2024\/04\/24\/19-uluslararasi-bellapais-ilkbahar-muzik-festivali-basliyor\/","name":"19. Uluslararas\u0131 Bellapais \u0130lkbahar M\u00fczik Festivali ba\u015fl\u0131yor - Kuzeyin Sesi","isPartOf":{"@id":"https:\/\/kuzeyinsesi.org\/#website"},"primaryImageOfPage":{"@id":"https:\/\/kuzeyinsesi.org\/index.php\/2024\/04\/24\/19-uluslararasi-bellapais-ilkbahar-muzik-festivali-basliyor\/#primaryimage"},"image":{"@id":"https:\/\/kuzeyinsesi.org\/index.php\/2024\/04\/24\/19-uluslararasi-bellapais-ilkbahar-muzik-festivali-basliyor\/#primaryimage"},"thumbnailUrl":"https:\/\/kuzeyinsesi.org\/wp-content\/uploads\/2024\/04\/19.-Uluslararasi-Bellapais-Ilkbahar-Muzik-Festivali-basliyor.jpg","datePublished":"2024-04-24T08:05:18+00:00","dateModified":"2024-04-24T08:06:29+00:00","author":{"@id":"https:\/\/kuzeyinsesi.org\/#\/schema\/person\/9f859689cdf01485597712386e37f5aa"},"breadcrumb":{"@id":"https:\/\/kuzeyinsesi.org\/index.php\/2024\/04\/24\/19-uluslararasi-bellapais-ilkbahar-muzik-festivali-basliyor\/#breadcrumb"},"inLanguage":"tr","potentialAction":[{"@type":"ReadAction","target":["https:\/\/kuzeyinsesi.org\/index.php\/2024\/04\/24\/19-uluslararasi-bellapais-ilkbahar-muzik-festivali-basliyor\/"]}]},{"@type":"ImageObject","inLanguage":"tr","@id":"https:\/\/kuzeyinsesi.org\/index.php\/2024\/04\/24\/19-uluslararasi-bellapais-ilkbahar-muzik-festivali-basliyor\/#primaryimage","url":"https:\/\/kuzeyinsesi.org\/wp-content\/uploads\/2024\/04\/19.-Uluslararasi-Bellapais-Ilkbahar-Muzik-Festivali-basliyor.jpg","contentUrl":"https:\/\/kuzeyinsesi.org\/wp-content\/uploads\/2024\/04\/19.-Uluslararasi-Bellapais-Ilkbahar-Muzik-Festivali-basliyor.jpg","width":1931,"height":871},{"@type":"BreadcrumbList","@id":"https:\/\/kuzeyinsesi.org\/index.php\/2024\/04\/24\/19-uluslararasi-bellapais-ilkbahar-muzik-festivali-basliyor\/#breadcrumb","itemListElement":[{"@type":"ListItem","position":1,"name":"Anasayfa","item":"https:\/\/kuzeyinsesi.org\/"},{"@type":"ListItem","position":2,"name":"19. Uluslararas\u0131 Bellapais \u0130lkbahar M\u00fczik Festivali ba\u015fl\u0131yor"}]},{"@type":"WebSite","@id":"https:\/\/kuzeyinsesi.org\/#website","url":"https:\/\/kuzeyinsesi.org\/","name":"Kuzeyin Sesi","description":"Do\u011fru Haberin Adresi","potentialAction":[{"@type":"SearchAction","target":{"@type":"EntryPoint","urlTemplate":"https:\/\/kuzeyinsesi.org\/?s={search_term_string}"},"query-input":{"@type":"PropertyValueSpecification","valueRequired":true,"valueName":"search_term_string"}}],"inLanguage":"tr"},{"@type":"Person","@id":"https:\/\/kuzeyinsesi.org\/#\/schema\/person\/9f859689cdf01485597712386e37f5aa","name":"Kuzeyin Sesi","image":{"@type":"ImageObject","inLanguage":"tr","@id":"https:\/\/secure.gravatar.com\/avatar\/bab33852abfd8b282518d6ed81826833d77c3c882d9ab608add591ccace47a44?s=96&d=mm&r=g","url":"https:\/\/secure.gravatar.com\/avatar\/bab33852abfd8b282518d6ed81826833d77c3c882d9ab608add591ccace47a44?s=96&d=mm&r=g","contentUrl":"https:\/\/secure.gravatar.com\/avatar\/bab33852abfd8b282518d6ed81826833d77c3c882d9ab608add591ccace47a44?s=96&d=mm&r=g","caption":"Kuzeyin Sesi"},"sameAs":["https:\/\/kuzeyinsesi.org"],"url":"https:\/\/kuzeyinsesi.org\/index.php\/author\/guven\/"}]}},"_links":{"self":[{"href":"https:\/\/kuzeyinsesi.org\/index.php\/wp-json\/wp\/v2\/posts\/171","targetHints":{"allow":["GET"]}}],"collection":[{"href":"https:\/\/kuzeyinsesi.org\/index.php\/wp-json\/wp\/v2\/posts"}],"about":[{"href":"https:\/\/kuzeyinsesi.org\/index.php\/wp-json\/wp\/v2\/types\/post"}],"author":[{"embeddable":true,"href":"https:\/\/kuzeyinsesi.org\/index.php\/wp-json\/wp\/v2\/users\/1"}],"replies":[{"embeddable":true,"href":"https:\/\/kuzeyinsesi.org\/index.php\/wp-json\/wp\/v2\/comments?post=171"}],"version-history":[{"count":1,"href":"https:\/\/kuzeyinsesi.org\/index.php\/wp-json\/wp\/v2\/posts\/171\/revisions"}],"predecessor-version":[{"id":173,"href":"https:\/\/kuzeyinsesi.org\/index.php\/wp-json\/wp\/v2\/posts\/171\/revisions\/173"}],"wp:featuredmedia":[{"embeddable":true,"href":"https:\/\/kuzeyinsesi.org\/index.php\/wp-json\/wp\/v2\/media\/172"}],"wp:attachment":[{"href":"https:\/\/kuzeyinsesi.org\/index.php\/wp-json\/wp\/v2\/media?parent=171"}],"wp:term":[{"taxonomy":"category","embeddable":true,"href":"https:\/\/kuzeyinsesi.org\/index.php\/wp-json\/wp\/v2\/categories?post=171"},{"taxonomy":"post_tag","embeddable":true,"href":"https:\/\/kuzeyinsesi.org\/index.php\/wp-json\/wp\/v2\/tags?post=171"}],"curies":[{"name":"wp","href":"https:\/\/api.w.org\/{rel}","templated":true}]}}