{"id":17098,"date":"2025-01-10T22:30:08","date_gmt":"2025-01-10T20:30:08","guid":{"rendered":"https:\/\/kuzeyinsesi.org\/index.php\/2025\/01\/10\/nilgun-guneyin-bohca-adli-sergisi-gazimagusada-acildi\/"},"modified":"2025-01-10T22:30:08","modified_gmt":"2025-01-10T20:30:08","slug":"nilgun-guneyin-bohca-adli-sergisi-gazimagusada-acildi","status":"publish","type":"post","link":"https:\/\/kuzeyinsesi.org\/index.php\/2025\/01\/10\/nilgun-guneyin-bohca-adli-sergisi-gazimagusada-acildi\/","title":{"rendered":"Nilg\u00fcn G\u00fcney\u2019in \u2018Boh\u00e7a\u2019 adl\u0131 sergisi Gazima\u011fusa\u2019da a\u00e7\u0131ld\u0131"},"content":{"rendered":"<div>\n<div class=\"mariselle-image-container center\">\n                                            <\/div>\n<p>Sanat\u00e7\u0131 Nilg\u00fcn G\u00fcney\u2019in \u201c Boh\u00e7a\u201d adl\u0131 11.Ki\u015fisel Sergisi, Ba\u015fbakan Yard\u0131mc\u0131l\u0131\u011f\u0131 Turizm K\u00fclt\u00fcr ve \u00c7evre Bakanl\u0131\u011f\u0131na ba\u011fl\u0131 K\u00fclt\u00fcr Dairesi himayelerinde ve Do\u011fu Akdeniz \u00dcniversitesi ev sahipli\u011finde bu ak\u015fam a\u00e7\u0131ld\u0131. <\/p>\n<p>Rauf Raif Denkta\u015f K\u00fclt\u00fcr ve Kongre Saray\u0131\u2019nda a\u00e7\u0131l\u0131\u015f\u0131 ger\u00e7ekle\u015ftirilen Sergi, ge\u00e7mi\u015fle bug\u00fcn aras\u0131nda duygusal ve d\u00fc\u015f\u00fcnsel ba\u011f kurarak ge\u00e7mi\u015fle bir hesapla\u015fmay\u0131 ve y\u00fczle\u015fmeyi i\u00e7eriyor. <\/p>\n<div class=\"mariselle-image-container center\">\n                <img decoding=\"async\" width=\"1079\" height=\"604\" class=\"lazy-image\" alt=\"\" sizes=\"(max-width: 1079px) 100vw, 1079px\" src=\"https:\/\/brtk.net\/wp-content\/uploads\/2025\/01\/10\/Screenshot_20250110_205326_WhatsApp.jpg?ver=d08208e9bec1cbd9f346fb7634210486\" srcset=\"https:\/\/brtk.net\/wp-content\/uploads\/2025\/01\/10\/Screenshot_20250110_205326_WhatsApp.jpg?ver=d08208e9bec1cbd9f346fb7634210486 1079w, https:\/\/brtk.net\/wp-content\/uploads\/2025\/01\/10\/Screenshot_20250110_205326_WhatsApp-300x168.jpg?ver=dc6ada8fdfca726e991702523e03666f 300w, https:\/\/brtk.net\/wp-content\/uploads\/2025\/01\/10\/Screenshot_20250110_205326_WhatsApp-1024x573.jpg?ver=dc6ada8fdfca726e991702523e03666f 1024w, https:\/\/brtk.net\/wp-content\/uploads\/2025\/01\/10\/Screenshot_20250110_205326_WhatsApp-768x430.jpg?ver=dc6ada8fdfca726e991702523e03666f 768w\"\/>                            <\/div>\n<p>A\u00e7\u0131l\u0131\u015fta konu\u015fan K\u00fclt\u00fcr Dairesi M\u00fcd\u00fcr\u00fc \u015eirin Zafery\u0131ld\u0131z\u0131, K\u00fclt\u00fcr Dairesi M\u00fcd\u00fcrl\u00fc\u011f\u00fc olarak Lefko\u015fa\u2019da a\u00e7\u0131lan sergileri \u00fclkenin her yerine ta\u015f\u0131may\u0131 hedeflediklerini belirterek, bu \u00e7er\u00e7evede sanat\u00e7\u0131 Nilg\u00fcn G\u00fcney\u2019in Boh\u00e7a isimli sergisinin ilkinin Lefko\u015fa\u2019da a\u00e7\u0131lmas\u0131n\u0131n ard\u0131ndan, ikincisini Girne\u2019de ve Gazima\u011fusa da da 3. ki\u015fisel sergisini a\u00e7maktan b\u00fcy\u00fck onur duydu\u011funu belirtti. <\/p>\n<p>Zafery\u0131ld\u0131z\u0131 K\u00fclt\u00fcr Dairesinin sanata ve sanat\u00e7\u0131ya b\u00fcy\u00fck \u00f6nem verdi\u011fini vurgulayarak, \u00fcretmenin \u00f6nemine vurgu yapt\u0131 ve  bu t\u00fcr etkinliklere katk\u0131 koymay\u0131 s\u00fcrd\u00fcreceklerini ifade etti. <\/p>\n<div class=\"mariselle-image-container center\">\n                <img decoding=\"async\" width=\"1079\" height=\"604\" class=\"lazy-image\" alt=\"\" sizes=\"(max-width: 1079px) 100vw, 1079px\" src=\"https:\/\/brtk.net\/wp-content\/uploads\/2025\/01\/10\/Screenshot_20250110_205326_WhatsApp.jpg?ver=d08208e9bec1cbd9f346fb7634210486\" srcset=\"https:\/\/brtk.net\/wp-content\/uploads\/2025\/01\/10\/Screenshot_20250110_205326_WhatsApp.jpg?ver=d08208e9bec1cbd9f346fb7634210486 1079w, https:\/\/brtk.net\/wp-content\/uploads\/2025\/01\/10\/Screenshot_20250110_205326_WhatsApp-300x168.jpg?ver=dc6ada8fdfca726e991702523e03666f 300w, https:\/\/brtk.net\/wp-content\/uploads\/2025\/01\/10\/Screenshot_20250110_205326_WhatsApp-1024x573.jpg?ver=dc6ada8fdfca726e991702523e03666f 1024w, https:\/\/brtk.net\/wp-content\/uploads\/2025\/01\/10\/Screenshot_20250110_205326_WhatsApp-768x430.jpg?ver=dc6ada8fdfca726e991702523e03666f 768w\"\/>                            <\/div>\n<p>Sergide ayr\u0131ca K\u00fclt\u00fcr Dairesi katk\u0131lar\u0131yla bas\u0131lan \u201cBoh\u00e7a Sergi Kitap\u00e7\u0131\u011f\u0131\u201d da sat\u0131\u015fa sunuldu ve elde edilen gelirin, Lefko\u015fa T\u00fcrk Belediyesi Kad\u0131n S\u0131\u011f\u0131nma Evi\u2019ne ba\u011f\u0131\u015flanaca\u011f\u0131 belirtildi. <\/p>\n<p>Davetlilerin ilgiyle gezip izledi\u011fi sergi, 31 Ocak tarihine kadar a\u00e7\u0131k olacak.<\/p>\n<\/p><\/div>\n<p><script async\n                    defer\n                    crossorigin=\"anonymous\"\n                    src=\"https:\/\/connect.facebook.net\/tr_TR\/sdk.js#xfbml=1&#038;version=v3.3\"\n            ><\/script><\/p>\n","protected":false},"excerpt":{"rendered":"<p>Sanat\u00e7\u0131 Nilg\u00fcn G\u00fcney\u2019in \u201c Boh\u00e7a\u201d adl\u0131 11.Ki\u015fisel Sergisi, Ba\u015fbakan Yard\u0131mc\u0131l\u0131\u011f\u0131 Turizm K\u00fclt\u00fcr ve \u00c7evre Bakanl\u0131\u011f\u0131na ba\u011fl\u0131 K\u00fclt\u00fcr Dairesi himayelerinde ve Do\u011fu Akdeniz \u00dcniversitesi ev sahipli\u011finde bu ak\u015fam a\u00e7\u0131ld\u0131. Rauf Raif Denkta\u015f K\u00fclt\u00fcr ve Kongre Saray\u0131\u2019nda a\u00e7\u0131l\u0131\u015f\u0131 ger\u00e7ekle\u015ftirilen Sergi, ge\u00e7mi\u015fle bug\u00fcn aras\u0131nda duygusal ve d\u00fc\u015f\u00fcnsel ba\u011f kurarak ge\u00e7mi\u015fle bir hesapla\u015fmay\u0131 ve y\u00fczle\u015fmeyi i\u00e7eriyor. A\u00e7\u0131l\u0131\u015fta konu\u015fan K\u00fclt\u00fcr [&hellip;]<\/p>\n","protected":false},"author":1,"featured_media":17099,"comment_status":"open","ping_status":"open","sticky":false,"template":"","format":"standard","meta":{"jnews-multi-image_gallery":[],"jnews_single_post":[],"jnews_primary_category":[],"jnews_social_meta":[],"jnews_override_counter":[],"footnotes":""},"categories":[6],"tags":[],"class_list":["post-17098","post","type-post","status-publish","format-standard","has-post-thumbnail","hentry","category-yasam"],"yoast_head":"<!-- This site is optimized with the Yoast SEO plugin v27.4 - https:\/\/yoast.com\/product\/yoast-seo-wordpress\/ -->\n<title>Nilg\u00fcn G\u00fcney\u2019in \u2018Boh\u00e7a\u2019 adl\u0131 sergisi Gazima\u011fusa\u2019da a\u00e7\u0131ld\u0131 - Kuzeyin Sesi<\/title>\n<meta name=\"robots\" content=\"index, follow, max-snippet:-1, max-image-preview:large, max-video-preview:-1\" \/>\n<link rel=\"canonical\" href=\"https:\/\/kuzeyinsesi.org\/index.php\/2025\/01\/10\/nilgun-guneyin-bohca-adli-sergisi-gazimagusada-acildi\/\" \/>\n<meta property=\"og:locale\" content=\"tr_TR\" \/>\n<meta property=\"og:type\" content=\"article\" \/>\n<meta property=\"og:title\" content=\"Nilg\u00fcn G\u00fcney\u2019in \u2018Boh\u00e7a\u2019 adl\u0131 sergisi Gazima\u011fusa\u2019da a\u00e7\u0131ld\u0131 - Kuzeyin Sesi\" \/>\n<meta property=\"og:description\" content=\"Sanat\u00e7\u0131 Nilg\u00fcn G\u00fcney\u2019in \u201c Boh\u00e7a\u201d adl\u0131 11.Ki\u015fisel Sergisi, Ba\u015fbakan Yard\u0131mc\u0131l\u0131\u011f\u0131 Turizm K\u00fclt\u00fcr ve \u00c7evre Bakanl\u0131\u011f\u0131na ba\u011fl\u0131 K\u00fclt\u00fcr Dairesi himayelerinde ve Do\u011fu Akdeniz \u00dcniversitesi ev sahipli\u011finde bu ak\u015fam a\u00e7\u0131ld\u0131. Rauf Raif Denkta\u015f K\u00fclt\u00fcr ve Kongre Saray\u0131\u2019nda a\u00e7\u0131l\u0131\u015f\u0131 ger\u00e7ekle\u015ftirilen Sergi, ge\u00e7mi\u015fle bug\u00fcn aras\u0131nda duygusal ve d\u00fc\u015f\u00fcnsel ba\u011f kurarak ge\u00e7mi\u015fle bir hesapla\u015fmay\u0131 ve y\u00fczle\u015fmeyi i\u00e7eriyor. A\u00e7\u0131l\u0131\u015fta konu\u015fan K\u00fclt\u00fcr [&hellip;]\" \/>\n<meta property=\"og:url\" content=\"https:\/\/kuzeyinsesi.org\/index.php\/2025\/01\/10\/nilgun-guneyin-bohca-adli-sergisi-gazimagusada-acildi\/\" \/>\n<meta property=\"og:site_name\" content=\"Kuzeyin Sesi\" \/>\n<meta property=\"article:publisher\" content=\"https:\/\/www.facebook.com\/kuzeyinsesii\" \/>\n<meta property=\"article:published_time\" content=\"2025-01-10T20:30:08+00:00\" \/>\n<meta property=\"og:image\" content=\"https:\/\/brtk.net\/wp-content\/uploads\/2025\/01\/10\/IMG-20250110-WA0058.jpg?ver=e5151d69bb9602d391e6c2e294a2f2db\" \/>\n<meta name=\"author\" content=\"Kuzeyin Sesi\" \/>\n<meta name=\"twitter:card\" content=\"summary_large_image\" \/>\n<meta name=\"twitter:creator\" content=\"@kuzeyinsesii\" \/>\n<meta name=\"twitter:site\" content=\"@kuzeyinsesii\" \/>\n<meta name=\"twitter:label1\" content=\"Yazan:\" \/>\n\t<meta name=\"twitter:data1\" content=\"Kuzeyin Sesi\" \/>\n\t<meta name=\"twitter:label2\" content=\"Tahmini okuma s\u00fcresi\" \/>\n\t<meta name=\"twitter:data2\" content=\"1 dakika\" \/>\n<script type=\"application\/ld+json\" class=\"yoast-schema-graph\">{\"@context\":\"https:\\\/\\\/schema.org\",\"@graph\":[{\"@type\":\"Article\",\"@id\":\"https:\\\/\\\/kuzeyinsesi.org\\\/index.php\\\/2025\\\/01\\\/10\\\/nilgun-guneyin-bohca-adli-sergisi-gazimagusada-acildi\\\/#article\",\"isPartOf\":{\"@id\":\"https:\\\/\\\/kuzeyinsesi.org\\\/index.php\\\/2025\\\/01\\\/10\\\/nilgun-guneyin-bohca-adli-sergisi-gazimagusada-acildi\\\/\"},\"author\":{\"name\":\"Kuzeyin Sesi\",\"@id\":\"https:\\\/\\\/kuzeyinsesi.org\\\/#\\\/schema\\\/person\\\/9f859689cdf01485597712386e37f5aa\"},\"headline\":\"Nilg\u00fcn G\u00fcney\u2019in \u2018Boh\u00e7a\u2019 adl\u0131 sergisi Gazima\u011fusa\u2019da a\u00e7\u0131ld\u0131\",\"datePublished\":\"2025-01-10T20:30:08+00:00\",\"mainEntityOfPage\":{\"@id\":\"https:\\\/\\\/kuzeyinsesi.org\\\/index.php\\\/2025\\\/01\\\/10\\\/nilgun-guneyin-bohca-adli-sergisi-gazimagusada-acildi\\\/\"},\"wordCount\":264,\"commentCount\":0,\"image\":{\"@id\":\"https:\\\/\\\/kuzeyinsesi.org\\\/index.php\\\/2025\\\/01\\\/10\\\/nilgun-guneyin-bohca-adli-sergisi-gazimagusada-acildi\\\/#primaryimage\"},\"thumbnailUrl\":\"https:\\\/\\\/kuzeyinsesi.org\\\/wp-content\\\/uploads\\\/2025\\\/01\\\/IMG-20250110-WA0058.jpg\",\"articleSection\":[\"Ya\u015fam\"],\"inLanguage\":\"tr\",\"potentialAction\":[{\"@type\":\"CommentAction\",\"name\":\"Comment\",\"target\":[\"https:\\\/\\\/kuzeyinsesi.org\\\/index.php\\\/2025\\\/01\\\/10\\\/nilgun-guneyin-bohca-adli-sergisi-gazimagusada-acildi\\\/#respond\"]}]},{\"@type\":\"WebPage\",\"@id\":\"https:\\\/\\\/kuzeyinsesi.org\\\/index.php\\\/2025\\\/01\\\/10\\\/nilgun-guneyin-bohca-adli-sergisi-gazimagusada-acildi\\\/\",\"url\":\"https:\\\/\\\/kuzeyinsesi.org\\\/index.php\\\/2025\\\/01\\\/10\\\/nilgun-guneyin-bohca-adli-sergisi-gazimagusada-acildi\\\/\",\"name\":\"Nilg\u00fcn G\u00fcney\u2019in \u2018Boh\u00e7a\u2019 adl\u0131 sergisi Gazima\u011fusa\u2019da a\u00e7\u0131ld\u0131 - Kuzeyin Sesi\",\"isPartOf\":{\"@id\":\"https:\\\/\\\/kuzeyinsesi.org\\\/#website\"},\"primaryImageOfPage\":{\"@id\":\"https:\\\/\\\/kuzeyinsesi.org\\\/index.php\\\/2025\\\/01\\\/10\\\/nilgun-guneyin-bohca-adli-sergisi-gazimagusada-acildi\\\/#primaryimage\"},\"image\":{\"@id\":\"https:\\\/\\\/kuzeyinsesi.org\\\/index.php\\\/2025\\\/01\\\/10\\\/nilgun-guneyin-bohca-adli-sergisi-gazimagusada-acildi\\\/#primaryimage\"},\"thumbnailUrl\":\"https:\\\/\\\/kuzeyinsesi.org\\\/wp-content\\\/uploads\\\/2025\\\/01\\\/IMG-20250110-WA0058.jpg\",\"datePublished\":\"2025-01-10T20:30:08+00:00\",\"author\":{\"@id\":\"https:\\\/\\\/kuzeyinsesi.org\\\/#\\\/schema\\\/person\\\/9f859689cdf01485597712386e37f5aa\"},\"breadcrumb\":{\"@id\":\"https:\\\/\\\/kuzeyinsesi.org\\\/index.php\\\/2025\\\/01\\\/10\\\/nilgun-guneyin-bohca-adli-sergisi-gazimagusada-acildi\\\/#breadcrumb\"},\"inLanguage\":\"tr\",\"potentialAction\":[{\"@type\":\"ReadAction\",\"target\":[\"https:\\\/\\\/kuzeyinsesi.org\\\/index.php\\\/2025\\\/01\\\/10\\\/nilgun-guneyin-bohca-adli-sergisi-gazimagusada-acildi\\\/\"]}]},{\"@type\":\"ImageObject\",\"inLanguage\":\"tr\",\"@id\":\"https:\\\/\\\/kuzeyinsesi.org\\\/index.php\\\/2025\\\/01\\\/10\\\/nilgun-guneyin-bohca-adli-sergisi-gazimagusada-acildi\\\/#primaryimage\",\"url\":\"https:\\\/\\\/kuzeyinsesi.org\\\/wp-content\\\/uploads\\\/2025\\\/01\\\/IMG-20250110-WA0058.jpg\",\"contentUrl\":\"https:\\\/\\\/kuzeyinsesi.org\\\/wp-content\\\/uploads\\\/2025\\\/01\\\/IMG-20250110-WA0058.jpg\",\"width\":2040,\"height\":1530},{\"@type\":\"BreadcrumbList\",\"@id\":\"https:\\\/\\\/kuzeyinsesi.org\\\/index.php\\\/2025\\\/01\\\/10\\\/nilgun-guneyin-bohca-adli-sergisi-gazimagusada-acildi\\\/#breadcrumb\",\"itemListElement\":[{\"@type\":\"ListItem\",\"position\":1,\"name\":\"Anasayfa\",\"item\":\"https:\\\/\\\/kuzeyinsesi.org\\\/\"},{\"@type\":\"ListItem\",\"position\":2,\"name\":\"Nilg\u00fcn G\u00fcney\u2019in \u2018Boh\u00e7a\u2019 adl\u0131 sergisi Gazima\u011fusa\u2019da a\u00e7\u0131ld\u0131\"}]},{\"@type\":\"WebSite\",\"@id\":\"https:\\\/\\\/kuzeyinsesi.org\\\/#website\",\"url\":\"https:\\\/\\\/kuzeyinsesi.org\\\/\",\"name\":\"Kuzeyin Sesi\",\"description\":\"Do\u011fru Haberin Adresi\",\"potentialAction\":[{\"@type\":\"SearchAction\",\"target\":{\"@type\":\"EntryPoint\",\"urlTemplate\":\"https:\\\/\\\/kuzeyinsesi.org\\\/?s={search_term_string}\"},\"query-input\":{\"@type\":\"PropertyValueSpecification\",\"valueRequired\":true,\"valueName\":\"search_term_string\"}}],\"inLanguage\":\"tr\"},{\"@type\":\"Person\",\"@id\":\"https:\\\/\\\/kuzeyinsesi.org\\\/#\\\/schema\\\/person\\\/9f859689cdf01485597712386e37f5aa\",\"name\":\"Kuzeyin Sesi\",\"image\":{\"@type\":\"ImageObject\",\"inLanguage\":\"tr\",\"@id\":\"https:\\\/\\\/secure.gravatar.com\\\/avatar\\\/bab33852abfd8b282518d6ed81826833d77c3c882d9ab608add591ccace47a44?s=96&d=mm&r=g\",\"url\":\"https:\\\/\\\/secure.gravatar.com\\\/avatar\\\/bab33852abfd8b282518d6ed81826833d77c3c882d9ab608add591ccace47a44?s=96&d=mm&r=g\",\"contentUrl\":\"https:\\\/\\\/secure.gravatar.com\\\/avatar\\\/bab33852abfd8b282518d6ed81826833d77c3c882d9ab608add591ccace47a44?s=96&d=mm&r=g\",\"caption\":\"Kuzeyin Sesi\"},\"sameAs\":[\"https:\\\/\\\/kuzeyinsesi.org\"],\"url\":\"https:\\\/\\\/kuzeyinsesi.org\\\/index.php\\\/author\\\/guven\\\/\"}]}<\/script>\n<!-- \/ Yoast SEO plugin. -->","yoast_head_json":{"title":"Nilg\u00fcn G\u00fcney\u2019in \u2018Boh\u00e7a\u2019 adl\u0131 sergisi Gazima\u011fusa\u2019da a\u00e7\u0131ld\u0131 - Kuzeyin Sesi","robots":{"index":"index","follow":"follow","max-snippet":"max-snippet:-1","max-image-preview":"max-image-preview:large","max-video-preview":"max-video-preview:-1"},"canonical":"https:\/\/kuzeyinsesi.org\/index.php\/2025\/01\/10\/nilgun-guneyin-bohca-adli-sergisi-gazimagusada-acildi\/","og_locale":"tr_TR","og_type":"article","og_title":"Nilg\u00fcn G\u00fcney\u2019in \u2018Boh\u00e7a\u2019 adl\u0131 sergisi Gazima\u011fusa\u2019da a\u00e7\u0131ld\u0131 - Kuzeyin Sesi","og_description":"Sanat\u00e7\u0131 Nilg\u00fcn G\u00fcney\u2019in \u201c Boh\u00e7a\u201d adl\u0131 11.Ki\u015fisel Sergisi, Ba\u015fbakan Yard\u0131mc\u0131l\u0131\u011f\u0131 Turizm K\u00fclt\u00fcr ve \u00c7evre Bakanl\u0131\u011f\u0131na ba\u011fl\u0131 K\u00fclt\u00fcr Dairesi himayelerinde ve Do\u011fu Akdeniz \u00dcniversitesi ev sahipli\u011finde bu ak\u015fam a\u00e7\u0131ld\u0131. Rauf Raif Denkta\u015f K\u00fclt\u00fcr ve Kongre Saray\u0131\u2019nda a\u00e7\u0131l\u0131\u015f\u0131 ger\u00e7ekle\u015ftirilen Sergi, ge\u00e7mi\u015fle bug\u00fcn aras\u0131nda duygusal ve d\u00fc\u015f\u00fcnsel ba\u011f kurarak ge\u00e7mi\u015fle bir hesapla\u015fmay\u0131 ve y\u00fczle\u015fmeyi i\u00e7eriyor. A\u00e7\u0131l\u0131\u015fta konu\u015fan K\u00fclt\u00fcr [&hellip;]","og_url":"https:\/\/kuzeyinsesi.org\/index.php\/2025\/01\/10\/nilgun-guneyin-bohca-adli-sergisi-gazimagusada-acildi\/","og_site_name":"Kuzeyin Sesi","article_publisher":"https:\/\/www.facebook.com\/kuzeyinsesii","article_published_time":"2025-01-10T20:30:08+00:00","og_image":[{"url":"https:\/\/brtk.net\/wp-content\/uploads\/2025\/01\/10\/IMG-20250110-WA0058.jpg?ver=e5151d69bb9602d391e6c2e294a2f2db","type":"","width":"","height":""}],"author":"Kuzeyin Sesi","twitter_card":"summary_large_image","twitter_creator":"@kuzeyinsesii","twitter_site":"@kuzeyinsesii","twitter_misc":{"Yazan:":"Kuzeyin Sesi","Tahmini okuma s\u00fcresi":"1 dakika"},"schema":{"@context":"https:\/\/schema.org","@graph":[{"@type":"Article","@id":"https:\/\/kuzeyinsesi.org\/index.php\/2025\/01\/10\/nilgun-guneyin-bohca-adli-sergisi-gazimagusada-acildi\/#article","isPartOf":{"@id":"https:\/\/kuzeyinsesi.org\/index.php\/2025\/01\/10\/nilgun-guneyin-bohca-adli-sergisi-gazimagusada-acildi\/"},"author":{"name":"Kuzeyin Sesi","@id":"https:\/\/kuzeyinsesi.org\/#\/schema\/person\/9f859689cdf01485597712386e37f5aa"},"headline":"Nilg\u00fcn G\u00fcney\u2019in \u2018Boh\u00e7a\u2019 adl\u0131 sergisi Gazima\u011fusa\u2019da a\u00e7\u0131ld\u0131","datePublished":"2025-01-10T20:30:08+00:00","mainEntityOfPage":{"@id":"https:\/\/kuzeyinsesi.org\/index.php\/2025\/01\/10\/nilgun-guneyin-bohca-adli-sergisi-gazimagusada-acildi\/"},"wordCount":264,"commentCount":0,"image":{"@id":"https:\/\/kuzeyinsesi.org\/index.php\/2025\/01\/10\/nilgun-guneyin-bohca-adli-sergisi-gazimagusada-acildi\/#primaryimage"},"thumbnailUrl":"https:\/\/kuzeyinsesi.org\/wp-content\/uploads\/2025\/01\/IMG-20250110-WA0058.jpg","articleSection":["Ya\u015fam"],"inLanguage":"tr","potentialAction":[{"@type":"CommentAction","name":"Comment","target":["https:\/\/kuzeyinsesi.org\/index.php\/2025\/01\/10\/nilgun-guneyin-bohca-adli-sergisi-gazimagusada-acildi\/#respond"]}]},{"@type":"WebPage","@id":"https:\/\/kuzeyinsesi.org\/index.php\/2025\/01\/10\/nilgun-guneyin-bohca-adli-sergisi-gazimagusada-acildi\/","url":"https:\/\/kuzeyinsesi.org\/index.php\/2025\/01\/10\/nilgun-guneyin-bohca-adli-sergisi-gazimagusada-acildi\/","name":"Nilg\u00fcn G\u00fcney\u2019in \u2018Boh\u00e7a\u2019 adl\u0131 sergisi Gazima\u011fusa\u2019da a\u00e7\u0131ld\u0131 - Kuzeyin Sesi","isPartOf":{"@id":"https:\/\/kuzeyinsesi.org\/#website"},"primaryImageOfPage":{"@id":"https:\/\/kuzeyinsesi.org\/index.php\/2025\/01\/10\/nilgun-guneyin-bohca-adli-sergisi-gazimagusada-acildi\/#primaryimage"},"image":{"@id":"https:\/\/kuzeyinsesi.org\/index.php\/2025\/01\/10\/nilgun-guneyin-bohca-adli-sergisi-gazimagusada-acildi\/#primaryimage"},"thumbnailUrl":"https:\/\/kuzeyinsesi.org\/wp-content\/uploads\/2025\/01\/IMG-20250110-WA0058.jpg","datePublished":"2025-01-10T20:30:08+00:00","author":{"@id":"https:\/\/kuzeyinsesi.org\/#\/schema\/person\/9f859689cdf01485597712386e37f5aa"},"breadcrumb":{"@id":"https:\/\/kuzeyinsesi.org\/index.php\/2025\/01\/10\/nilgun-guneyin-bohca-adli-sergisi-gazimagusada-acildi\/#breadcrumb"},"inLanguage":"tr","potentialAction":[{"@type":"ReadAction","target":["https:\/\/kuzeyinsesi.org\/index.php\/2025\/01\/10\/nilgun-guneyin-bohca-adli-sergisi-gazimagusada-acildi\/"]}]},{"@type":"ImageObject","inLanguage":"tr","@id":"https:\/\/kuzeyinsesi.org\/index.php\/2025\/01\/10\/nilgun-guneyin-bohca-adli-sergisi-gazimagusada-acildi\/#primaryimage","url":"https:\/\/kuzeyinsesi.org\/wp-content\/uploads\/2025\/01\/IMG-20250110-WA0058.jpg","contentUrl":"https:\/\/kuzeyinsesi.org\/wp-content\/uploads\/2025\/01\/IMG-20250110-WA0058.jpg","width":2040,"height":1530},{"@type":"BreadcrumbList","@id":"https:\/\/kuzeyinsesi.org\/index.php\/2025\/01\/10\/nilgun-guneyin-bohca-adli-sergisi-gazimagusada-acildi\/#breadcrumb","itemListElement":[{"@type":"ListItem","position":1,"name":"Anasayfa","item":"https:\/\/kuzeyinsesi.org\/"},{"@type":"ListItem","position":2,"name":"Nilg\u00fcn G\u00fcney\u2019in \u2018Boh\u00e7a\u2019 adl\u0131 sergisi Gazima\u011fusa\u2019da a\u00e7\u0131ld\u0131"}]},{"@type":"WebSite","@id":"https:\/\/kuzeyinsesi.org\/#website","url":"https:\/\/kuzeyinsesi.org\/","name":"Kuzeyin Sesi","description":"Do\u011fru Haberin Adresi","potentialAction":[{"@type":"SearchAction","target":{"@type":"EntryPoint","urlTemplate":"https:\/\/kuzeyinsesi.org\/?s={search_term_string}"},"query-input":{"@type":"PropertyValueSpecification","valueRequired":true,"valueName":"search_term_string"}}],"inLanguage":"tr"},{"@type":"Person","@id":"https:\/\/kuzeyinsesi.org\/#\/schema\/person\/9f859689cdf01485597712386e37f5aa","name":"Kuzeyin Sesi","image":{"@type":"ImageObject","inLanguage":"tr","@id":"https:\/\/secure.gravatar.com\/avatar\/bab33852abfd8b282518d6ed81826833d77c3c882d9ab608add591ccace47a44?s=96&d=mm&r=g","url":"https:\/\/secure.gravatar.com\/avatar\/bab33852abfd8b282518d6ed81826833d77c3c882d9ab608add591ccace47a44?s=96&d=mm&r=g","contentUrl":"https:\/\/secure.gravatar.com\/avatar\/bab33852abfd8b282518d6ed81826833d77c3c882d9ab608add591ccace47a44?s=96&d=mm&r=g","caption":"Kuzeyin Sesi"},"sameAs":["https:\/\/kuzeyinsesi.org"],"url":"https:\/\/kuzeyinsesi.org\/index.php\/author\/guven\/"}]}},"_links":{"self":[{"href":"https:\/\/kuzeyinsesi.org\/index.php\/wp-json\/wp\/v2\/posts\/17098","targetHints":{"allow":["GET"]}}],"collection":[{"href":"https:\/\/kuzeyinsesi.org\/index.php\/wp-json\/wp\/v2\/posts"}],"about":[{"href":"https:\/\/kuzeyinsesi.org\/index.php\/wp-json\/wp\/v2\/types\/post"}],"author":[{"embeddable":true,"href":"https:\/\/kuzeyinsesi.org\/index.php\/wp-json\/wp\/v2\/users\/1"}],"replies":[{"embeddable":true,"href":"https:\/\/kuzeyinsesi.org\/index.php\/wp-json\/wp\/v2\/comments?post=17098"}],"version-history":[{"count":0,"href":"https:\/\/kuzeyinsesi.org\/index.php\/wp-json\/wp\/v2\/posts\/17098\/revisions"}],"wp:featuredmedia":[{"embeddable":true,"href":"https:\/\/kuzeyinsesi.org\/index.php\/wp-json\/wp\/v2\/media\/17099"}],"wp:attachment":[{"href":"https:\/\/kuzeyinsesi.org\/index.php\/wp-json\/wp\/v2\/media?parent=17098"}],"wp:term":[{"taxonomy":"category","embeddable":true,"href":"https:\/\/kuzeyinsesi.org\/index.php\/wp-json\/wp\/v2\/categories?post=17098"},{"taxonomy":"post_tag","embeddable":true,"href":"https:\/\/kuzeyinsesi.org\/index.php\/wp-json\/wp\/v2\/tags?post=17098"}],"curies":[{"name":"wp","href":"https:\/\/api.w.org\/{rel}","templated":true}]}}