{"id":17091,"date":"2025-01-10T21:26:48","date_gmt":"2025-01-10T19:26:48","guid":{"rendered":"https:\/\/kuzeyinsesi.org\/index.php\/2025\/01\/10\/huseyin-kadri-koprulunun-fotografi-girne-belediyesinde-sergilenecek\/"},"modified":"2025-01-10T21:26:48","modified_gmt":"2025-01-10T19:26:48","slug":"huseyin-kadri-koprulunun-fotografi-girne-belediyesinde-sergilenecek","status":"publish","type":"post","link":"https:\/\/kuzeyinsesi.org\/index.php\/2025\/01\/10\/huseyin-kadri-koprulunun-fotografi-girne-belediyesinde-sergilenecek\/","title":{"rendered":"H\u00fcseyin Kadri K\u00f6pr\u00fcl\u00fc\u2019n\u00fcn foto\u011fraf\u0131 Girne Belediyesi\u2019nde sergilenecek"},"content":{"rendered":"<div>\n<div class=\"mariselle-image-container center\">\n                                            <\/div>\n<p>Limasol T\u00fcrk Belediyesi\u2019nin kurucusu H\u00fcseyin Kadri K\u00f6pr\u00fcl\u00fc\u2019n\u00fcn foto\u011fraf\u0131, Girne Belediyesi Meclis Toplant\u0131 Salonunun giri\u015finde, di\u011fer Limasol T\u00fcrk Belediyesi Ba\u015fkan ve personel foto\u011fraflar\u0131n\u0131n yer ald\u0131\u011f\u0131 alanda sergilenecek.<\/p>\n<p>Girne Belediyesi\u2019nden yap\u0131lan yaz\u0131l\u0131 a\u00e7\u0131klamaya g\u00f6re, 1958 y\u0131l\u0131nda belediyelerin tek \u00e7at\u0131 alt\u0131ndan \u00e7\u0131kmas\u0131 ile Limasol T\u00fcrk Belediyesi\u2019ni kurma g\u00f6revi verilen ve se\u00e7im yap\u0131lana kadar da Limasol T\u00fcrk Belediye Ba\u015fkanl\u0131\u011f\u0131 g\u00f6revini y\u00fcr\u00fcten H\u00fcseyin Kadri K\u00f6pr\u00fcl\u00fc\u2019n\u00fcn o\u011flu Sait K\u00f6pr\u00fcl\u00fc ve gelini Zaliha K\u00f6pr\u00fcl\u00fc, Girne Belediye Ba\u015fkan\u0131 Murat \u015eenkul\u2019a nezaket ziyaretinde bulundu.<\/p>\n<p>Ziyarette H\u00fcseyin Kadri K\u00f6pr\u00fcl\u00fc\u2019n\u00fcn resmi sergilenmek \u00fczere \u015eenkul\u2019a teslim edildi.<\/p>\n<\/p><\/div>\n<p><script async\n                    defer\n                    crossorigin=\"anonymous\"\n                    src=\"https:\/\/connect.facebook.net\/tr_TR\/sdk.js#xfbml=1&#038;version=v3.3\"\n            ><\/script><\/p>\n","protected":false},"excerpt":{"rendered":"<p>Limasol T\u00fcrk Belediyesi\u2019nin kurucusu H\u00fcseyin Kadri K\u00f6pr\u00fcl\u00fc\u2019n\u00fcn foto\u011fraf\u0131, Girne Belediyesi Meclis Toplant\u0131 Salonunun giri\u015finde, di\u011fer Limasol T\u00fcrk Belediyesi Ba\u015fkan ve personel foto\u011fraflar\u0131n\u0131n yer ald\u0131\u011f\u0131 alanda sergilenecek. Girne Belediyesi\u2019nden yap\u0131lan yaz\u0131l\u0131 a\u00e7\u0131klamaya g\u00f6re, 1958 y\u0131l\u0131nda belediyelerin tek \u00e7at\u0131 alt\u0131ndan \u00e7\u0131kmas\u0131 ile Limasol T\u00fcrk Belediyesi\u2019ni kurma g\u00f6revi verilen ve se\u00e7im yap\u0131lana kadar da Limasol T\u00fcrk Belediye Ba\u015fkanl\u0131\u011f\u0131 [&hellip;]<\/p>\n","protected":false},"author":1,"featured_media":17092,"comment_status":"open","ping_status":"open","sticky":false,"template":"","format":"standard","meta":{"jnews-multi-image_gallery":[],"jnews_single_post":[],"jnews_primary_category":[],"jnews_social_meta":[],"jnews_override_counter":[],"footnotes":""},"categories":[6],"tags":[],"class_list":["post-17091","post","type-post","status-publish","format-standard","has-post-thumbnail","hentry","category-yasam"],"yoast_head":"<!-- This site is optimized with the Yoast SEO plugin v27.4 - https:\/\/yoast.com\/product\/yoast-seo-wordpress\/ -->\n<title>H\u00fcseyin Kadri K\u00f6pr\u00fcl\u00fc\u2019n\u00fcn foto\u011fraf\u0131 Girne Belediyesi\u2019nde sergilenecek - Kuzeyin Sesi<\/title>\n<meta name=\"robots\" content=\"index, follow, max-snippet:-1, max-image-preview:large, max-video-preview:-1\" \/>\n<link rel=\"canonical\" href=\"https:\/\/kuzeyinsesi.org\/index.php\/2025\/01\/10\/huseyin-kadri-koprulunun-fotografi-girne-belediyesinde-sergilenecek\/\" \/>\n<meta property=\"og:locale\" content=\"tr_TR\" \/>\n<meta property=\"og:type\" content=\"article\" \/>\n<meta property=\"og:title\" content=\"H\u00fcseyin Kadri K\u00f6pr\u00fcl\u00fc\u2019n\u00fcn foto\u011fraf\u0131 Girne Belediyesi\u2019nde sergilenecek - Kuzeyin Sesi\" \/>\n<meta property=\"og:description\" content=\"Limasol T\u00fcrk Belediyesi\u2019nin kurucusu H\u00fcseyin Kadri K\u00f6pr\u00fcl\u00fc\u2019n\u00fcn foto\u011fraf\u0131, Girne Belediyesi Meclis Toplant\u0131 Salonunun giri\u015finde, di\u011fer Limasol T\u00fcrk Belediyesi Ba\u015fkan ve personel foto\u011fraflar\u0131n\u0131n yer ald\u0131\u011f\u0131 alanda sergilenecek. Girne Belediyesi\u2019nden yap\u0131lan yaz\u0131l\u0131 a\u00e7\u0131klamaya g\u00f6re, 1958 y\u0131l\u0131nda belediyelerin tek \u00e7at\u0131 alt\u0131ndan \u00e7\u0131kmas\u0131 ile Limasol T\u00fcrk Belediyesi\u2019ni kurma g\u00f6revi verilen ve se\u00e7im yap\u0131lana kadar da Limasol T\u00fcrk Belediye Ba\u015fkanl\u0131\u011f\u0131 [&hellip;]\" \/>\n<meta property=\"og:url\" content=\"https:\/\/kuzeyinsesi.org\/index.php\/2025\/01\/10\/huseyin-kadri-koprulunun-fotografi-girne-belediyesinde-sergilenecek\/\" \/>\n<meta property=\"og:site_name\" content=\"Kuzeyin Sesi\" \/>\n<meta property=\"article:publisher\" content=\"https:\/\/www.facebook.com\/kuzeyinsesii\" \/>\n<meta property=\"article:published_time\" content=\"2025-01-10T19:26:48+00:00\" \/>\n<meta property=\"og:image\" content=\"https:\/\/brtk.net\/wp-content\/uploads\/2025\/01\/10\/99999999999999999999999-scaled.jpg?ver=b0cb61ee6009fd7638f81b5dbdb1c17e\" \/>\n<meta name=\"author\" content=\"Kuzeyin Sesi\" \/>\n<meta name=\"twitter:card\" content=\"summary_large_image\" \/>\n<meta name=\"twitter:creator\" content=\"@kuzeyinsesii\" \/>\n<meta name=\"twitter:site\" content=\"@kuzeyinsesii\" \/>\n<meta name=\"twitter:label1\" content=\"Yazan:\" \/>\n\t<meta name=\"twitter:data1\" content=\"Kuzeyin Sesi\" \/>\n\t<meta name=\"twitter:label2\" content=\"Tahmini okuma s\u00fcresi\" \/>\n\t<meta name=\"twitter:data2\" content=\"1 dakika\" \/>\n<script type=\"application\/ld+json\" class=\"yoast-schema-graph\">{\"@context\":\"https:\\\/\\\/schema.org\",\"@graph\":[{\"@type\":\"Article\",\"@id\":\"https:\\\/\\\/kuzeyinsesi.org\\\/index.php\\\/2025\\\/01\\\/10\\\/huseyin-kadri-koprulunun-fotografi-girne-belediyesinde-sergilenecek\\\/#article\",\"isPartOf\":{\"@id\":\"https:\\\/\\\/kuzeyinsesi.org\\\/index.php\\\/2025\\\/01\\\/10\\\/huseyin-kadri-koprulunun-fotografi-girne-belediyesinde-sergilenecek\\\/\"},\"author\":{\"name\":\"Kuzeyin Sesi\",\"@id\":\"https:\\\/\\\/kuzeyinsesi.org\\\/#\\\/schema\\\/person\\\/9f859689cdf01485597712386e37f5aa\"},\"headline\":\"H\u00fcseyin Kadri K\u00f6pr\u00fcl\u00fc\u2019n\u00fcn foto\u011fraf\u0131 Girne Belediyesi\u2019nde sergilenecek\",\"datePublished\":\"2025-01-10T19:26:48+00:00\",\"mainEntityOfPage\":{\"@id\":\"https:\\\/\\\/kuzeyinsesi.org\\\/index.php\\\/2025\\\/01\\\/10\\\/huseyin-kadri-koprulunun-fotografi-girne-belediyesinde-sergilenecek\\\/\"},\"wordCount\":149,\"commentCount\":0,\"image\":{\"@id\":\"https:\\\/\\\/kuzeyinsesi.org\\\/index.php\\\/2025\\\/01\\\/10\\\/huseyin-kadri-koprulunun-fotografi-girne-belediyesinde-sergilenecek\\\/#primaryimage\"},\"thumbnailUrl\":\"https:\\\/\\\/kuzeyinsesi.org\\\/wp-content\\\/uploads\\\/2025\\\/01\\\/99999999999999999999999-scaled.jpg\",\"articleSection\":[\"Ya\u015fam\"],\"inLanguage\":\"tr\",\"potentialAction\":[{\"@type\":\"CommentAction\",\"name\":\"Comment\",\"target\":[\"https:\\\/\\\/kuzeyinsesi.org\\\/index.php\\\/2025\\\/01\\\/10\\\/huseyin-kadri-koprulunun-fotografi-girne-belediyesinde-sergilenecek\\\/#respond\"]}]},{\"@type\":\"WebPage\",\"@id\":\"https:\\\/\\\/kuzeyinsesi.org\\\/index.php\\\/2025\\\/01\\\/10\\\/huseyin-kadri-koprulunun-fotografi-girne-belediyesinde-sergilenecek\\\/\",\"url\":\"https:\\\/\\\/kuzeyinsesi.org\\\/index.php\\\/2025\\\/01\\\/10\\\/huseyin-kadri-koprulunun-fotografi-girne-belediyesinde-sergilenecek\\\/\",\"name\":\"H\u00fcseyin Kadri K\u00f6pr\u00fcl\u00fc\u2019n\u00fcn foto\u011fraf\u0131 Girne Belediyesi\u2019nde sergilenecek - Kuzeyin Sesi\",\"isPartOf\":{\"@id\":\"https:\\\/\\\/kuzeyinsesi.org\\\/#website\"},\"primaryImageOfPage\":{\"@id\":\"https:\\\/\\\/kuzeyinsesi.org\\\/index.php\\\/2025\\\/01\\\/10\\\/huseyin-kadri-koprulunun-fotografi-girne-belediyesinde-sergilenecek\\\/#primaryimage\"},\"image\":{\"@id\":\"https:\\\/\\\/kuzeyinsesi.org\\\/index.php\\\/2025\\\/01\\\/10\\\/huseyin-kadri-koprulunun-fotografi-girne-belediyesinde-sergilenecek\\\/#primaryimage\"},\"thumbnailUrl\":\"https:\\\/\\\/kuzeyinsesi.org\\\/wp-content\\\/uploads\\\/2025\\\/01\\\/99999999999999999999999-scaled.jpg\",\"datePublished\":\"2025-01-10T19:26:48+00:00\",\"author\":{\"@id\":\"https:\\\/\\\/kuzeyinsesi.org\\\/#\\\/schema\\\/person\\\/9f859689cdf01485597712386e37f5aa\"},\"breadcrumb\":{\"@id\":\"https:\\\/\\\/kuzeyinsesi.org\\\/index.php\\\/2025\\\/01\\\/10\\\/huseyin-kadri-koprulunun-fotografi-girne-belediyesinde-sergilenecek\\\/#breadcrumb\"},\"inLanguage\":\"tr\",\"potentialAction\":[{\"@type\":\"ReadAction\",\"target\":[\"https:\\\/\\\/kuzeyinsesi.org\\\/index.php\\\/2025\\\/01\\\/10\\\/huseyin-kadri-koprulunun-fotografi-girne-belediyesinde-sergilenecek\\\/\"]}]},{\"@type\":\"ImageObject\",\"inLanguage\":\"tr\",\"@id\":\"https:\\\/\\\/kuzeyinsesi.org\\\/index.php\\\/2025\\\/01\\\/10\\\/huseyin-kadri-koprulunun-fotografi-girne-belediyesinde-sergilenecek\\\/#primaryimage\",\"url\":\"https:\\\/\\\/kuzeyinsesi.org\\\/wp-content\\\/uploads\\\/2025\\\/01\\\/99999999999999999999999-scaled.jpg\",\"contentUrl\":\"https:\\\/\\\/kuzeyinsesi.org\\\/wp-content\\\/uploads\\\/2025\\\/01\\\/99999999999999999999999-scaled.jpg\",\"width\":2560,\"height\":1711},{\"@type\":\"BreadcrumbList\",\"@id\":\"https:\\\/\\\/kuzeyinsesi.org\\\/index.php\\\/2025\\\/01\\\/10\\\/huseyin-kadri-koprulunun-fotografi-girne-belediyesinde-sergilenecek\\\/#breadcrumb\",\"itemListElement\":[{\"@type\":\"ListItem\",\"position\":1,\"name\":\"Anasayfa\",\"item\":\"https:\\\/\\\/kuzeyinsesi.org\\\/\"},{\"@type\":\"ListItem\",\"position\":2,\"name\":\"H\u00fcseyin Kadri K\u00f6pr\u00fcl\u00fc\u2019n\u00fcn foto\u011fraf\u0131 Girne Belediyesi\u2019nde sergilenecek\"}]},{\"@type\":\"WebSite\",\"@id\":\"https:\\\/\\\/kuzeyinsesi.org\\\/#website\",\"url\":\"https:\\\/\\\/kuzeyinsesi.org\\\/\",\"name\":\"Kuzeyin Sesi\",\"description\":\"Do\u011fru Haberin Adresi\",\"potentialAction\":[{\"@type\":\"SearchAction\",\"target\":{\"@type\":\"EntryPoint\",\"urlTemplate\":\"https:\\\/\\\/kuzeyinsesi.org\\\/?s={search_term_string}\"},\"query-input\":{\"@type\":\"PropertyValueSpecification\",\"valueRequired\":true,\"valueName\":\"search_term_string\"}}],\"inLanguage\":\"tr\"},{\"@type\":\"Person\",\"@id\":\"https:\\\/\\\/kuzeyinsesi.org\\\/#\\\/schema\\\/person\\\/9f859689cdf01485597712386e37f5aa\",\"name\":\"Kuzeyin Sesi\",\"image\":{\"@type\":\"ImageObject\",\"inLanguage\":\"tr\",\"@id\":\"https:\\\/\\\/secure.gravatar.com\\\/avatar\\\/bab33852abfd8b282518d6ed81826833d77c3c882d9ab608add591ccace47a44?s=96&d=mm&r=g\",\"url\":\"https:\\\/\\\/secure.gravatar.com\\\/avatar\\\/bab33852abfd8b282518d6ed81826833d77c3c882d9ab608add591ccace47a44?s=96&d=mm&r=g\",\"contentUrl\":\"https:\\\/\\\/secure.gravatar.com\\\/avatar\\\/bab33852abfd8b282518d6ed81826833d77c3c882d9ab608add591ccace47a44?s=96&d=mm&r=g\",\"caption\":\"Kuzeyin Sesi\"},\"sameAs\":[\"https:\\\/\\\/kuzeyinsesi.org\"],\"url\":\"https:\\\/\\\/kuzeyinsesi.org\\\/index.php\\\/author\\\/guven\\\/\"}]}<\/script>\n<!-- \/ Yoast SEO plugin. -->","yoast_head_json":{"title":"H\u00fcseyin Kadri K\u00f6pr\u00fcl\u00fc\u2019n\u00fcn foto\u011fraf\u0131 Girne Belediyesi\u2019nde sergilenecek - Kuzeyin Sesi","robots":{"index":"index","follow":"follow","max-snippet":"max-snippet:-1","max-image-preview":"max-image-preview:large","max-video-preview":"max-video-preview:-1"},"canonical":"https:\/\/kuzeyinsesi.org\/index.php\/2025\/01\/10\/huseyin-kadri-koprulunun-fotografi-girne-belediyesinde-sergilenecek\/","og_locale":"tr_TR","og_type":"article","og_title":"H\u00fcseyin Kadri K\u00f6pr\u00fcl\u00fc\u2019n\u00fcn foto\u011fraf\u0131 Girne Belediyesi\u2019nde sergilenecek - Kuzeyin Sesi","og_description":"Limasol T\u00fcrk Belediyesi\u2019nin kurucusu H\u00fcseyin Kadri K\u00f6pr\u00fcl\u00fc\u2019n\u00fcn foto\u011fraf\u0131, Girne Belediyesi Meclis Toplant\u0131 Salonunun giri\u015finde, di\u011fer Limasol T\u00fcrk Belediyesi Ba\u015fkan ve personel foto\u011fraflar\u0131n\u0131n yer ald\u0131\u011f\u0131 alanda sergilenecek. Girne Belediyesi\u2019nden yap\u0131lan yaz\u0131l\u0131 a\u00e7\u0131klamaya g\u00f6re, 1958 y\u0131l\u0131nda belediyelerin tek \u00e7at\u0131 alt\u0131ndan \u00e7\u0131kmas\u0131 ile Limasol T\u00fcrk Belediyesi\u2019ni kurma g\u00f6revi verilen ve se\u00e7im yap\u0131lana kadar da Limasol T\u00fcrk Belediye Ba\u015fkanl\u0131\u011f\u0131 [&hellip;]","og_url":"https:\/\/kuzeyinsesi.org\/index.php\/2025\/01\/10\/huseyin-kadri-koprulunun-fotografi-girne-belediyesinde-sergilenecek\/","og_site_name":"Kuzeyin Sesi","article_publisher":"https:\/\/www.facebook.com\/kuzeyinsesii","article_published_time":"2025-01-10T19:26:48+00:00","og_image":[{"url":"https:\/\/brtk.net\/wp-content\/uploads\/2025\/01\/10\/99999999999999999999999-scaled.jpg?ver=b0cb61ee6009fd7638f81b5dbdb1c17e","type":"","width":"","height":""}],"author":"Kuzeyin Sesi","twitter_card":"summary_large_image","twitter_creator":"@kuzeyinsesii","twitter_site":"@kuzeyinsesii","twitter_misc":{"Yazan:":"Kuzeyin Sesi","Tahmini okuma s\u00fcresi":"1 dakika"},"schema":{"@context":"https:\/\/schema.org","@graph":[{"@type":"Article","@id":"https:\/\/kuzeyinsesi.org\/index.php\/2025\/01\/10\/huseyin-kadri-koprulunun-fotografi-girne-belediyesinde-sergilenecek\/#article","isPartOf":{"@id":"https:\/\/kuzeyinsesi.org\/index.php\/2025\/01\/10\/huseyin-kadri-koprulunun-fotografi-girne-belediyesinde-sergilenecek\/"},"author":{"name":"Kuzeyin Sesi","@id":"https:\/\/kuzeyinsesi.org\/#\/schema\/person\/9f859689cdf01485597712386e37f5aa"},"headline":"H\u00fcseyin Kadri K\u00f6pr\u00fcl\u00fc\u2019n\u00fcn foto\u011fraf\u0131 Girne Belediyesi\u2019nde sergilenecek","datePublished":"2025-01-10T19:26:48+00:00","mainEntityOfPage":{"@id":"https:\/\/kuzeyinsesi.org\/index.php\/2025\/01\/10\/huseyin-kadri-koprulunun-fotografi-girne-belediyesinde-sergilenecek\/"},"wordCount":149,"commentCount":0,"image":{"@id":"https:\/\/kuzeyinsesi.org\/index.php\/2025\/01\/10\/huseyin-kadri-koprulunun-fotografi-girne-belediyesinde-sergilenecek\/#primaryimage"},"thumbnailUrl":"https:\/\/kuzeyinsesi.org\/wp-content\/uploads\/2025\/01\/99999999999999999999999-scaled.jpg","articleSection":["Ya\u015fam"],"inLanguage":"tr","potentialAction":[{"@type":"CommentAction","name":"Comment","target":["https:\/\/kuzeyinsesi.org\/index.php\/2025\/01\/10\/huseyin-kadri-koprulunun-fotografi-girne-belediyesinde-sergilenecek\/#respond"]}]},{"@type":"WebPage","@id":"https:\/\/kuzeyinsesi.org\/index.php\/2025\/01\/10\/huseyin-kadri-koprulunun-fotografi-girne-belediyesinde-sergilenecek\/","url":"https:\/\/kuzeyinsesi.org\/index.php\/2025\/01\/10\/huseyin-kadri-koprulunun-fotografi-girne-belediyesinde-sergilenecek\/","name":"H\u00fcseyin Kadri K\u00f6pr\u00fcl\u00fc\u2019n\u00fcn foto\u011fraf\u0131 Girne Belediyesi\u2019nde sergilenecek - Kuzeyin Sesi","isPartOf":{"@id":"https:\/\/kuzeyinsesi.org\/#website"},"primaryImageOfPage":{"@id":"https:\/\/kuzeyinsesi.org\/index.php\/2025\/01\/10\/huseyin-kadri-koprulunun-fotografi-girne-belediyesinde-sergilenecek\/#primaryimage"},"image":{"@id":"https:\/\/kuzeyinsesi.org\/index.php\/2025\/01\/10\/huseyin-kadri-koprulunun-fotografi-girne-belediyesinde-sergilenecek\/#primaryimage"},"thumbnailUrl":"https:\/\/kuzeyinsesi.org\/wp-content\/uploads\/2025\/01\/99999999999999999999999-scaled.jpg","datePublished":"2025-01-10T19:26:48+00:00","author":{"@id":"https:\/\/kuzeyinsesi.org\/#\/schema\/person\/9f859689cdf01485597712386e37f5aa"},"breadcrumb":{"@id":"https:\/\/kuzeyinsesi.org\/index.php\/2025\/01\/10\/huseyin-kadri-koprulunun-fotografi-girne-belediyesinde-sergilenecek\/#breadcrumb"},"inLanguage":"tr","potentialAction":[{"@type":"ReadAction","target":["https:\/\/kuzeyinsesi.org\/index.php\/2025\/01\/10\/huseyin-kadri-koprulunun-fotografi-girne-belediyesinde-sergilenecek\/"]}]},{"@type":"ImageObject","inLanguage":"tr","@id":"https:\/\/kuzeyinsesi.org\/index.php\/2025\/01\/10\/huseyin-kadri-koprulunun-fotografi-girne-belediyesinde-sergilenecek\/#primaryimage","url":"https:\/\/kuzeyinsesi.org\/wp-content\/uploads\/2025\/01\/99999999999999999999999-scaled.jpg","contentUrl":"https:\/\/kuzeyinsesi.org\/wp-content\/uploads\/2025\/01\/99999999999999999999999-scaled.jpg","width":2560,"height":1711},{"@type":"BreadcrumbList","@id":"https:\/\/kuzeyinsesi.org\/index.php\/2025\/01\/10\/huseyin-kadri-koprulunun-fotografi-girne-belediyesinde-sergilenecek\/#breadcrumb","itemListElement":[{"@type":"ListItem","position":1,"name":"Anasayfa","item":"https:\/\/kuzeyinsesi.org\/"},{"@type":"ListItem","position":2,"name":"H\u00fcseyin Kadri K\u00f6pr\u00fcl\u00fc\u2019n\u00fcn foto\u011fraf\u0131 Girne Belediyesi\u2019nde sergilenecek"}]},{"@type":"WebSite","@id":"https:\/\/kuzeyinsesi.org\/#website","url":"https:\/\/kuzeyinsesi.org\/","name":"Kuzeyin Sesi","description":"Do\u011fru Haberin Adresi","potentialAction":[{"@type":"SearchAction","target":{"@type":"EntryPoint","urlTemplate":"https:\/\/kuzeyinsesi.org\/?s={search_term_string}"},"query-input":{"@type":"PropertyValueSpecification","valueRequired":true,"valueName":"search_term_string"}}],"inLanguage":"tr"},{"@type":"Person","@id":"https:\/\/kuzeyinsesi.org\/#\/schema\/person\/9f859689cdf01485597712386e37f5aa","name":"Kuzeyin Sesi","image":{"@type":"ImageObject","inLanguage":"tr","@id":"https:\/\/secure.gravatar.com\/avatar\/bab33852abfd8b282518d6ed81826833d77c3c882d9ab608add591ccace47a44?s=96&d=mm&r=g","url":"https:\/\/secure.gravatar.com\/avatar\/bab33852abfd8b282518d6ed81826833d77c3c882d9ab608add591ccace47a44?s=96&d=mm&r=g","contentUrl":"https:\/\/secure.gravatar.com\/avatar\/bab33852abfd8b282518d6ed81826833d77c3c882d9ab608add591ccace47a44?s=96&d=mm&r=g","caption":"Kuzeyin Sesi"},"sameAs":["https:\/\/kuzeyinsesi.org"],"url":"https:\/\/kuzeyinsesi.org\/index.php\/author\/guven\/"}]}},"_links":{"self":[{"href":"https:\/\/kuzeyinsesi.org\/index.php\/wp-json\/wp\/v2\/posts\/17091","targetHints":{"allow":["GET"]}}],"collection":[{"href":"https:\/\/kuzeyinsesi.org\/index.php\/wp-json\/wp\/v2\/posts"}],"about":[{"href":"https:\/\/kuzeyinsesi.org\/index.php\/wp-json\/wp\/v2\/types\/post"}],"author":[{"embeddable":true,"href":"https:\/\/kuzeyinsesi.org\/index.php\/wp-json\/wp\/v2\/users\/1"}],"replies":[{"embeddable":true,"href":"https:\/\/kuzeyinsesi.org\/index.php\/wp-json\/wp\/v2\/comments?post=17091"}],"version-history":[{"count":0,"href":"https:\/\/kuzeyinsesi.org\/index.php\/wp-json\/wp\/v2\/posts\/17091\/revisions"}],"wp:featuredmedia":[{"embeddable":true,"href":"https:\/\/kuzeyinsesi.org\/index.php\/wp-json\/wp\/v2\/media\/17092"}],"wp:attachment":[{"href":"https:\/\/kuzeyinsesi.org\/index.php\/wp-json\/wp\/v2\/media?parent=17091"}],"wp:term":[{"taxonomy":"category","embeddable":true,"href":"https:\/\/kuzeyinsesi.org\/index.php\/wp-json\/wp\/v2\/categories?post=17091"},{"taxonomy":"post_tag","embeddable":true,"href":"https:\/\/kuzeyinsesi.org\/index.php\/wp-json\/wp\/v2\/tags?post=17091"}],"curies":[{"name":"wp","href":"https:\/\/api.w.org\/{rel}","templated":true}]}}