{"id":17059,"date":"2025-01-10T11:57:57","date_gmt":"2025-01-10T09:57:57","guid":{"rendered":"https:\/\/kuzeyinsesi.org\/index.php\/2025\/01\/10\/maronitleri-konu-alan-kayip-belgeseli-izleyiciyle-bulusuyor\/"},"modified":"2025-01-10T11:57:57","modified_gmt":"2025-01-10T09:57:57","slug":"maronitleri-konu-alan-kayip-belgeseli-izleyiciyle-bulusuyor","status":"publish","type":"post","link":"https:\/\/kuzeyinsesi.org\/index.php\/2025\/01\/10\/maronitleri-konu-alan-kayip-belgeseli-izleyiciyle-bulusuyor\/","title":{"rendered":"Maronitleri konu alan \u2018Kay\u0131p\u2019 belgeseli izleyiciyle bulu\u015fuyor"},"content":{"rendered":"<div>\n<div class=\"mariselle-image-container center\">\n                                            <\/div>\n<p>Kuzey K\u0131br\u0131s\u2019ta Koru\u00e7am ve Karpa\u015fa k\u00f6ylerinde \u00e7ekimleri yap\u0131lan ve Maronitleri konu alan \u201cKay\u0131p\u201d adl\u0131 belgesel, 15 Ocak \u00c7ar\u015famba g\u00fcn\u00fc saat 14.30\u2019da K\u0131br\u0131s Amerikan \u00dcniversitesi Konferans Salonu\u2019nda izleyicilerle bulu\u015facak.<\/p>\n<p>KA\u00dc G\u00fczel Sanatlar Fak\u00fcltesi \u00f6\u011frencilerininhaz\u0131rlad\u0131\u011f\u0131 \u00e7al\u0131\u015fma ve g\u00f6sterim hakk\u0131nda detayl\u0131 bilgi K\u0131br\u0131s Amerikan \u00dcniversitesi\u2019nden al\u0131nabilir.<\/p>\n<\/p><\/div>\n<p><script async\n                    defer\n                    crossorigin=\"anonymous\"\n                    src=\"https:\/\/connect.facebook.net\/tr_TR\/sdk.js#xfbml=1&#038;version=v3.3\"\n            ><\/script><\/p>\n","protected":false},"excerpt":{"rendered":"<p>Kuzey K\u0131br\u0131s\u2019ta Koru\u00e7am ve Karpa\u015fa k\u00f6ylerinde \u00e7ekimleri yap\u0131lan ve Maronitleri konu alan \u201cKay\u0131p\u201d adl\u0131 belgesel, 15 Ocak \u00c7ar\u015famba g\u00fcn\u00fc saat 14.30\u2019da K\u0131br\u0131s Amerikan \u00dcniversitesi Konferans Salonu\u2019nda izleyicilerle bulu\u015facak. KA\u00dc G\u00fczel Sanatlar Fak\u00fcltesi \u00f6\u011frencilerininhaz\u0131rlad\u0131\u011f\u0131 \u00e7al\u0131\u015fma ve g\u00f6sterim hakk\u0131nda detayl\u0131 bilgi K\u0131br\u0131s Amerikan \u00dcniversitesi\u2019nden al\u0131nabilir.<\/p>\n","protected":false},"author":1,"featured_media":17060,"comment_status":"open","ping_status":"open","sticky":false,"template":"","format":"standard","meta":{"jnews-multi-image_gallery":[],"jnews_single_post":[],"jnews_primary_category":[],"jnews_social_meta":[],"jnews_override_counter":[],"footnotes":""},"categories":[6],"tags":[],"class_list":["post-17059","post","type-post","status-publish","format-standard","has-post-thumbnail","hentry","category-yasam"],"yoast_head":"<!-- This site is optimized with the Yoast SEO plugin v27.4 - https:\/\/yoast.com\/product\/yoast-seo-wordpress\/ -->\n<title>Maronitleri konu alan \u2018Kay\u0131p\u2019 belgeseli izleyiciyle bulu\u015fuyor - Kuzeyin Sesi<\/title>\n<meta name=\"robots\" content=\"index, follow, max-snippet:-1, max-image-preview:large, max-video-preview:-1\" \/>\n<link rel=\"canonical\" href=\"https:\/\/kuzeyinsesi.org\/index.php\/2025\/01\/10\/maronitleri-konu-alan-kayip-belgeseli-izleyiciyle-bulusuyor\/\" \/>\n<meta property=\"og:locale\" content=\"tr_TR\" \/>\n<meta property=\"og:type\" content=\"article\" \/>\n<meta property=\"og:title\" content=\"Maronitleri konu alan \u2018Kay\u0131p\u2019 belgeseli izleyiciyle bulu\u015fuyor - Kuzeyin Sesi\" \/>\n<meta property=\"og:description\" content=\"Kuzey K\u0131br\u0131s\u2019ta Koru\u00e7am ve Karpa\u015fa k\u00f6ylerinde \u00e7ekimleri yap\u0131lan ve Maronitleri konu alan \u201cKay\u0131p\u201d adl\u0131 belgesel, 15 Ocak \u00c7ar\u015famba g\u00fcn\u00fc saat 14.30\u2019da K\u0131br\u0131s Amerikan \u00dcniversitesi Konferans Salonu\u2019nda izleyicilerle bulu\u015facak. KA\u00dc G\u00fczel Sanatlar Fak\u00fcltesi \u00f6\u011frencilerininhaz\u0131rlad\u0131\u011f\u0131 \u00e7al\u0131\u015fma ve g\u00f6sterim hakk\u0131nda detayl\u0131 bilgi K\u0131br\u0131s Amerikan \u00dcniversitesi\u2019nden al\u0131nabilir.\" \/>\n<meta property=\"og:url\" content=\"https:\/\/kuzeyinsesi.org\/index.php\/2025\/01\/10\/maronitleri-konu-alan-kayip-belgeseli-izleyiciyle-bulusuyor\/\" \/>\n<meta property=\"og:site_name\" content=\"Kuzeyin Sesi\" \/>\n<meta property=\"article:publisher\" content=\"https:\/\/www.facebook.com\/kuzeyinsesii\" \/>\n<meta property=\"article:published_time\" content=\"2025-01-10T09:57:57+00:00\" \/>\n<meta property=\"og:image\" content=\"https:\/\/brtk.net\/wp-content\/uploads\/2025\/01\/10\/InShot_20250110_100426045.jpg?ver=d9c6c8afe37ac0f3c5e3dabf90675758\" \/>\n<meta name=\"author\" content=\"Kuzeyin Sesi\" \/>\n<meta name=\"twitter:card\" content=\"summary_large_image\" \/>\n<meta name=\"twitter:creator\" content=\"@kuzeyinsesii\" \/>\n<meta name=\"twitter:site\" content=\"@kuzeyinsesii\" \/>\n<meta name=\"twitter:label1\" content=\"Yazan:\" \/>\n\t<meta name=\"twitter:data1\" content=\"Kuzeyin Sesi\" \/>\n<script type=\"application\/ld+json\" class=\"yoast-schema-graph\">{\"@context\":\"https:\\\/\\\/schema.org\",\"@graph\":[{\"@type\":\"Article\",\"@id\":\"https:\\\/\\\/kuzeyinsesi.org\\\/index.php\\\/2025\\\/01\\\/10\\\/maronitleri-konu-alan-kayip-belgeseli-izleyiciyle-bulusuyor\\\/#article\",\"isPartOf\":{\"@id\":\"https:\\\/\\\/kuzeyinsesi.org\\\/index.php\\\/2025\\\/01\\\/10\\\/maronitleri-konu-alan-kayip-belgeseli-izleyiciyle-bulusuyor\\\/\"},\"author\":{\"name\":\"Kuzeyin Sesi\",\"@id\":\"https:\\\/\\\/kuzeyinsesi.org\\\/#\\\/schema\\\/person\\\/9f859689cdf01485597712386e37f5aa\"},\"headline\":\"Maronitleri konu alan \u2018Kay\u0131p\u2019 belgeseli izleyiciyle bulu\u015fuyor\",\"datePublished\":\"2025-01-10T09:57:57+00:00\",\"mainEntityOfPage\":{\"@id\":\"https:\\\/\\\/kuzeyinsesi.org\\\/index.php\\\/2025\\\/01\\\/10\\\/maronitleri-konu-alan-kayip-belgeseli-izleyiciyle-bulusuyor\\\/\"},\"wordCount\":75,\"commentCount\":0,\"image\":{\"@id\":\"https:\\\/\\\/kuzeyinsesi.org\\\/index.php\\\/2025\\\/01\\\/10\\\/maronitleri-konu-alan-kayip-belgeseli-izleyiciyle-bulusuyor\\\/#primaryimage\"},\"thumbnailUrl\":\"https:\\\/\\\/kuzeyinsesi.org\\\/wp-content\\\/uploads\\\/2025\\\/01\\\/InShot_20250110_100426045.jpg\",\"articleSection\":[\"Ya\u015fam\"],\"inLanguage\":\"tr\",\"potentialAction\":[{\"@type\":\"CommentAction\",\"name\":\"Comment\",\"target\":[\"https:\\\/\\\/kuzeyinsesi.org\\\/index.php\\\/2025\\\/01\\\/10\\\/maronitleri-konu-alan-kayip-belgeseli-izleyiciyle-bulusuyor\\\/#respond\"]}]},{\"@type\":\"WebPage\",\"@id\":\"https:\\\/\\\/kuzeyinsesi.org\\\/index.php\\\/2025\\\/01\\\/10\\\/maronitleri-konu-alan-kayip-belgeseli-izleyiciyle-bulusuyor\\\/\",\"url\":\"https:\\\/\\\/kuzeyinsesi.org\\\/index.php\\\/2025\\\/01\\\/10\\\/maronitleri-konu-alan-kayip-belgeseli-izleyiciyle-bulusuyor\\\/\",\"name\":\"Maronitleri konu alan \u2018Kay\u0131p\u2019 belgeseli izleyiciyle bulu\u015fuyor - Kuzeyin Sesi\",\"isPartOf\":{\"@id\":\"https:\\\/\\\/kuzeyinsesi.org\\\/#website\"},\"primaryImageOfPage\":{\"@id\":\"https:\\\/\\\/kuzeyinsesi.org\\\/index.php\\\/2025\\\/01\\\/10\\\/maronitleri-konu-alan-kayip-belgeseli-izleyiciyle-bulusuyor\\\/#primaryimage\"},\"image\":{\"@id\":\"https:\\\/\\\/kuzeyinsesi.org\\\/index.php\\\/2025\\\/01\\\/10\\\/maronitleri-konu-alan-kayip-belgeseli-izleyiciyle-bulusuyor\\\/#primaryimage\"},\"thumbnailUrl\":\"https:\\\/\\\/kuzeyinsesi.org\\\/wp-content\\\/uploads\\\/2025\\\/01\\\/InShot_20250110_100426045.jpg\",\"datePublished\":\"2025-01-10T09:57:57+00:00\",\"author\":{\"@id\":\"https:\\\/\\\/kuzeyinsesi.org\\\/#\\\/schema\\\/person\\\/9f859689cdf01485597712386e37f5aa\"},\"breadcrumb\":{\"@id\":\"https:\\\/\\\/kuzeyinsesi.org\\\/index.php\\\/2025\\\/01\\\/10\\\/maronitleri-konu-alan-kayip-belgeseli-izleyiciyle-bulusuyor\\\/#breadcrumb\"},\"inLanguage\":\"tr\",\"potentialAction\":[{\"@type\":\"ReadAction\",\"target\":[\"https:\\\/\\\/kuzeyinsesi.org\\\/index.php\\\/2025\\\/01\\\/10\\\/maronitleri-konu-alan-kayip-belgeseli-izleyiciyle-bulusuyor\\\/\"]}]},{\"@type\":\"ImageObject\",\"inLanguage\":\"tr\",\"@id\":\"https:\\\/\\\/kuzeyinsesi.org\\\/index.php\\\/2025\\\/01\\\/10\\\/maronitleri-konu-alan-kayip-belgeseli-izleyiciyle-bulusuyor\\\/#primaryimage\",\"url\":\"https:\\\/\\\/kuzeyinsesi.org\\\/wp-content\\\/uploads\\\/2025\\\/01\\\/InShot_20250110_100426045.jpg\",\"contentUrl\":\"https:\\\/\\\/kuzeyinsesi.org\\\/wp-content\\\/uploads\\\/2025\\\/01\\\/InShot_20250110_100426045.jpg\",\"width\":1920,\"height\":1079},{\"@type\":\"BreadcrumbList\",\"@id\":\"https:\\\/\\\/kuzeyinsesi.org\\\/index.php\\\/2025\\\/01\\\/10\\\/maronitleri-konu-alan-kayip-belgeseli-izleyiciyle-bulusuyor\\\/#breadcrumb\",\"itemListElement\":[{\"@type\":\"ListItem\",\"position\":1,\"name\":\"Anasayfa\",\"item\":\"https:\\\/\\\/kuzeyinsesi.org\\\/\"},{\"@type\":\"ListItem\",\"position\":2,\"name\":\"Maronitleri konu alan \u2018Kay\u0131p\u2019 belgeseli izleyiciyle bulu\u015fuyor\"}]},{\"@type\":\"WebSite\",\"@id\":\"https:\\\/\\\/kuzeyinsesi.org\\\/#website\",\"url\":\"https:\\\/\\\/kuzeyinsesi.org\\\/\",\"name\":\"Kuzeyin Sesi\",\"description\":\"Do\u011fru Haberin Adresi\",\"potentialAction\":[{\"@type\":\"SearchAction\",\"target\":{\"@type\":\"EntryPoint\",\"urlTemplate\":\"https:\\\/\\\/kuzeyinsesi.org\\\/?s={search_term_string}\"},\"query-input\":{\"@type\":\"PropertyValueSpecification\",\"valueRequired\":true,\"valueName\":\"search_term_string\"}}],\"inLanguage\":\"tr\"},{\"@type\":\"Person\",\"@id\":\"https:\\\/\\\/kuzeyinsesi.org\\\/#\\\/schema\\\/person\\\/9f859689cdf01485597712386e37f5aa\",\"name\":\"Kuzeyin Sesi\",\"image\":{\"@type\":\"ImageObject\",\"inLanguage\":\"tr\",\"@id\":\"https:\\\/\\\/secure.gravatar.com\\\/avatar\\\/bab33852abfd8b282518d6ed81826833d77c3c882d9ab608add591ccace47a44?s=96&d=mm&r=g\",\"url\":\"https:\\\/\\\/secure.gravatar.com\\\/avatar\\\/bab33852abfd8b282518d6ed81826833d77c3c882d9ab608add591ccace47a44?s=96&d=mm&r=g\",\"contentUrl\":\"https:\\\/\\\/secure.gravatar.com\\\/avatar\\\/bab33852abfd8b282518d6ed81826833d77c3c882d9ab608add591ccace47a44?s=96&d=mm&r=g\",\"caption\":\"Kuzeyin Sesi\"},\"sameAs\":[\"https:\\\/\\\/kuzeyinsesi.org\"],\"url\":\"https:\\\/\\\/kuzeyinsesi.org\\\/index.php\\\/author\\\/guven\\\/\"}]}<\/script>\n<!-- \/ Yoast SEO plugin. -->","yoast_head_json":{"title":"Maronitleri konu alan \u2018Kay\u0131p\u2019 belgeseli izleyiciyle bulu\u015fuyor - Kuzeyin Sesi","robots":{"index":"index","follow":"follow","max-snippet":"max-snippet:-1","max-image-preview":"max-image-preview:large","max-video-preview":"max-video-preview:-1"},"canonical":"https:\/\/kuzeyinsesi.org\/index.php\/2025\/01\/10\/maronitleri-konu-alan-kayip-belgeseli-izleyiciyle-bulusuyor\/","og_locale":"tr_TR","og_type":"article","og_title":"Maronitleri konu alan \u2018Kay\u0131p\u2019 belgeseli izleyiciyle bulu\u015fuyor - Kuzeyin Sesi","og_description":"Kuzey K\u0131br\u0131s\u2019ta Koru\u00e7am ve Karpa\u015fa k\u00f6ylerinde \u00e7ekimleri yap\u0131lan ve Maronitleri konu alan \u201cKay\u0131p\u201d adl\u0131 belgesel, 15 Ocak \u00c7ar\u015famba g\u00fcn\u00fc saat 14.30\u2019da K\u0131br\u0131s Amerikan \u00dcniversitesi Konferans Salonu\u2019nda izleyicilerle bulu\u015facak. KA\u00dc G\u00fczel Sanatlar Fak\u00fcltesi \u00f6\u011frencilerininhaz\u0131rlad\u0131\u011f\u0131 \u00e7al\u0131\u015fma ve g\u00f6sterim hakk\u0131nda detayl\u0131 bilgi K\u0131br\u0131s Amerikan \u00dcniversitesi\u2019nden al\u0131nabilir.","og_url":"https:\/\/kuzeyinsesi.org\/index.php\/2025\/01\/10\/maronitleri-konu-alan-kayip-belgeseli-izleyiciyle-bulusuyor\/","og_site_name":"Kuzeyin Sesi","article_publisher":"https:\/\/www.facebook.com\/kuzeyinsesii","article_published_time":"2025-01-10T09:57:57+00:00","og_image":[{"url":"https:\/\/brtk.net\/wp-content\/uploads\/2025\/01\/10\/InShot_20250110_100426045.jpg?ver=d9c6c8afe37ac0f3c5e3dabf90675758","type":"","width":"","height":""}],"author":"Kuzeyin Sesi","twitter_card":"summary_large_image","twitter_creator":"@kuzeyinsesii","twitter_site":"@kuzeyinsesii","twitter_misc":{"Yazan:":"Kuzeyin Sesi"},"schema":{"@context":"https:\/\/schema.org","@graph":[{"@type":"Article","@id":"https:\/\/kuzeyinsesi.org\/index.php\/2025\/01\/10\/maronitleri-konu-alan-kayip-belgeseli-izleyiciyle-bulusuyor\/#article","isPartOf":{"@id":"https:\/\/kuzeyinsesi.org\/index.php\/2025\/01\/10\/maronitleri-konu-alan-kayip-belgeseli-izleyiciyle-bulusuyor\/"},"author":{"name":"Kuzeyin Sesi","@id":"https:\/\/kuzeyinsesi.org\/#\/schema\/person\/9f859689cdf01485597712386e37f5aa"},"headline":"Maronitleri konu alan \u2018Kay\u0131p\u2019 belgeseli izleyiciyle bulu\u015fuyor","datePublished":"2025-01-10T09:57:57+00:00","mainEntityOfPage":{"@id":"https:\/\/kuzeyinsesi.org\/index.php\/2025\/01\/10\/maronitleri-konu-alan-kayip-belgeseli-izleyiciyle-bulusuyor\/"},"wordCount":75,"commentCount":0,"image":{"@id":"https:\/\/kuzeyinsesi.org\/index.php\/2025\/01\/10\/maronitleri-konu-alan-kayip-belgeseli-izleyiciyle-bulusuyor\/#primaryimage"},"thumbnailUrl":"https:\/\/kuzeyinsesi.org\/wp-content\/uploads\/2025\/01\/InShot_20250110_100426045.jpg","articleSection":["Ya\u015fam"],"inLanguage":"tr","potentialAction":[{"@type":"CommentAction","name":"Comment","target":["https:\/\/kuzeyinsesi.org\/index.php\/2025\/01\/10\/maronitleri-konu-alan-kayip-belgeseli-izleyiciyle-bulusuyor\/#respond"]}]},{"@type":"WebPage","@id":"https:\/\/kuzeyinsesi.org\/index.php\/2025\/01\/10\/maronitleri-konu-alan-kayip-belgeseli-izleyiciyle-bulusuyor\/","url":"https:\/\/kuzeyinsesi.org\/index.php\/2025\/01\/10\/maronitleri-konu-alan-kayip-belgeseli-izleyiciyle-bulusuyor\/","name":"Maronitleri konu alan \u2018Kay\u0131p\u2019 belgeseli izleyiciyle bulu\u015fuyor - Kuzeyin Sesi","isPartOf":{"@id":"https:\/\/kuzeyinsesi.org\/#website"},"primaryImageOfPage":{"@id":"https:\/\/kuzeyinsesi.org\/index.php\/2025\/01\/10\/maronitleri-konu-alan-kayip-belgeseli-izleyiciyle-bulusuyor\/#primaryimage"},"image":{"@id":"https:\/\/kuzeyinsesi.org\/index.php\/2025\/01\/10\/maronitleri-konu-alan-kayip-belgeseli-izleyiciyle-bulusuyor\/#primaryimage"},"thumbnailUrl":"https:\/\/kuzeyinsesi.org\/wp-content\/uploads\/2025\/01\/InShot_20250110_100426045.jpg","datePublished":"2025-01-10T09:57:57+00:00","author":{"@id":"https:\/\/kuzeyinsesi.org\/#\/schema\/person\/9f859689cdf01485597712386e37f5aa"},"breadcrumb":{"@id":"https:\/\/kuzeyinsesi.org\/index.php\/2025\/01\/10\/maronitleri-konu-alan-kayip-belgeseli-izleyiciyle-bulusuyor\/#breadcrumb"},"inLanguage":"tr","potentialAction":[{"@type":"ReadAction","target":["https:\/\/kuzeyinsesi.org\/index.php\/2025\/01\/10\/maronitleri-konu-alan-kayip-belgeseli-izleyiciyle-bulusuyor\/"]}]},{"@type":"ImageObject","inLanguage":"tr","@id":"https:\/\/kuzeyinsesi.org\/index.php\/2025\/01\/10\/maronitleri-konu-alan-kayip-belgeseli-izleyiciyle-bulusuyor\/#primaryimage","url":"https:\/\/kuzeyinsesi.org\/wp-content\/uploads\/2025\/01\/InShot_20250110_100426045.jpg","contentUrl":"https:\/\/kuzeyinsesi.org\/wp-content\/uploads\/2025\/01\/InShot_20250110_100426045.jpg","width":1920,"height":1079},{"@type":"BreadcrumbList","@id":"https:\/\/kuzeyinsesi.org\/index.php\/2025\/01\/10\/maronitleri-konu-alan-kayip-belgeseli-izleyiciyle-bulusuyor\/#breadcrumb","itemListElement":[{"@type":"ListItem","position":1,"name":"Anasayfa","item":"https:\/\/kuzeyinsesi.org\/"},{"@type":"ListItem","position":2,"name":"Maronitleri konu alan \u2018Kay\u0131p\u2019 belgeseli izleyiciyle bulu\u015fuyor"}]},{"@type":"WebSite","@id":"https:\/\/kuzeyinsesi.org\/#website","url":"https:\/\/kuzeyinsesi.org\/","name":"Kuzeyin Sesi","description":"Do\u011fru Haberin Adresi","potentialAction":[{"@type":"SearchAction","target":{"@type":"EntryPoint","urlTemplate":"https:\/\/kuzeyinsesi.org\/?s={search_term_string}"},"query-input":{"@type":"PropertyValueSpecification","valueRequired":true,"valueName":"search_term_string"}}],"inLanguage":"tr"},{"@type":"Person","@id":"https:\/\/kuzeyinsesi.org\/#\/schema\/person\/9f859689cdf01485597712386e37f5aa","name":"Kuzeyin Sesi","image":{"@type":"ImageObject","inLanguage":"tr","@id":"https:\/\/secure.gravatar.com\/avatar\/bab33852abfd8b282518d6ed81826833d77c3c882d9ab608add591ccace47a44?s=96&d=mm&r=g","url":"https:\/\/secure.gravatar.com\/avatar\/bab33852abfd8b282518d6ed81826833d77c3c882d9ab608add591ccace47a44?s=96&d=mm&r=g","contentUrl":"https:\/\/secure.gravatar.com\/avatar\/bab33852abfd8b282518d6ed81826833d77c3c882d9ab608add591ccace47a44?s=96&d=mm&r=g","caption":"Kuzeyin Sesi"},"sameAs":["https:\/\/kuzeyinsesi.org"],"url":"https:\/\/kuzeyinsesi.org\/index.php\/author\/guven\/"}]}},"_links":{"self":[{"href":"https:\/\/kuzeyinsesi.org\/index.php\/wp-json\/wp\/v2\/posts\/17059","targetHints":{"allow":["GET"]}}],"collection":[{"href":"https:\/\/kuzeyinsesi.org\/index.php\/wp-json\/wp\/v2\/posts"}],"about":[{"href":"https:\/\/kuzeyinsesi.org\/index.php\/wp-json\/wp\/v2\/types\/post"}],"author":[{"embeddable":true,"href":"https:\/\/kuzeyinsesi.org\/index.php\/wp-json\/wp\/v2\/users\/1"}],"replies":[{"embeddable":true,"href":"https:\/\/kuzeyinsesi.org\/index.php\/wp-json\/wp\/v2\/comments?post=17059"}],"version-history":[{"count":0,"href":"https:\/\/kuzeyinsesi.org\/index.php\/wp-json\/wp\/v2\/posts\/17059\/revisions"}],"wp:featuredmedia":[{"embeddable":true,"href":"https:\/\/kuzeyinsesi.org\/index.php\/wp-json\/wp\/v2\/media\/17060"}],"wp:attachment":[{"href":"https:\/\/kuzeyinsesi.org\/index.php\/wp-json\/wp\/v2\/media?parent=17059"}],"wp:term":[{"taxonomy":"category","embeddable":true,"href":"https:\/\/kuzeyinsesi.org\/index.php\/wp-json\/wp\/v2\/categories?post=17059"},{"taxonomy":"post_tag","embeddable":true,"href":"https:\/\/kuzeyinsesi.org\/index.php\/wp-json\/wp\/v2\/tags?post=17059"}],"curies":[{"name":"wp","href":"https:\/\/api.w.org\/{rel}","templated":true}]}}