{"id":17051,"date":"2025-01-10T11:19:29","date_gmt":"2025-01-10T09:19:29","guid":{"rendered":"https:\/\/kuzeyinsesi.org\/index.php\/2025\/01\/10\/ozersay-hakan-fidan-ile-kibrisin-gelecegine-dair-samimi-bir-gorusme-gerceklestirdik\/"},"modified":"2025-01-10T11:19:29","modified_gmt":"2025-01-10T09:19:29","slug":"ozersay-hakan-fidan-ile-kibrisin-gelecegine-dair-samimi-bir-gorusme-gerceklestirdik","status":"publish","type":"post","link":"https:\/\/kuzeyinsesi.org\/index.php\/2025\/01\/10\/ozersay-hakan-fidan-ile-kibrisin-gelecegine-dair-samimi-bir-gorusme-gerceklestirdik\/","title":{"rendered":"\u00d6zersay: Hakan Fidan ile K\u0131br\u0131s\u2019\u0131n gelece\u011fine dair samimi bir g\u00f6r\u00fc\u015fme ger\u00e7ekle\u015ftirdik"},"content":{"rendered":"<div>\n<div class=\"mariselle-image-container center\">\n                                            <\/div>\n<p>Halk\u0131n Partisi (HP) Genel Ba\u015fkan\u0131 Kudret \u00d6zersay, T\u00fcrkiye Cumhuriyeti D\u0131\u015fi\u015fleri Bakan\u0131 Hakan Fidan ile k\u00fcresel ve b\u00f6lgesel geli\u015fmeler \u00e7er\u00e7evesinde K\u0131br\u0131s\u2019\u0131n gelece\u011fi \u00fczerine samimi, faydal\u0131 bir g\u00f6r\u00fc\u015fme ger\u00e7ekle\u015ftirdiklerini s\u00f6yledi.  <\/p>\n<p>\u00d6zersay yapt\u0131\u011f\u0131 a\u00e7\u0131klamada, T\u00fcrkiye Cumhuriyeti D\u0131\u015fi\u015fleri Bakan\u0131 Hakan Fidan ile d\u00fcn yapt\u0131\u011f\u0131 g\u00f6r\u00fc\u015fmeyi de\u011ferlendirdi. <\/p>\n<p>\u00d6zersay, \u201cBu co\u011frafyada kader ortakl\u0131\u011f\u0131 yapan T\u00fcrkiye ve K\u0131br\u0131s T\u00fcrk\u00fcn\u00fcn bundan sonras\u0131nda izleyece\u011fi ortak politikalara dair g\u00f6r\u00fc\u015flerimizi a\u00e7\u0131klama imkan\u0131 bulduk. Say\u0131n Fidan\u2019\u0131n \u00fclkemize yapt\u0131\u011f\u0131 ziyaretin son derece \u00f6nemli oldu\u011funu d\u00fc\u015f\u00fcn\u00fcyoruz.\u201d ifadelerini kulland\u0131.<\/p>\n<\/p><\/div>\n<p><script async\n                    defer\n                    crossorigin=\"anonymous\"\n                    src=\"https:\/\/connect.facebook.net\/tr_TR\/sdk.js#xfbml=1&#038;version=v3.3\"\n            ><\/script><\/p>\n","protected":false},"excerpt":{"rendered":"<p>Halk\u0131n Partisi (HP) Genel Ba\u015fkan\u0131 Kudret \u00d6zersay, T\u00fcrkiye Cumhuriyeti D\u0131\u015fi\u015fleri Bakan\u0131 Hakan Fidan ile k\u00fcresel ve b\u00f6lgesel geli\u015fmeler \u00e7er\u00e7evesinde K\u0131br\u0131s\u2019\u0131n gelece\u011fi \u00fczerine samimi, faydal\u0131 bir g\u00f6r\u00fc\u015fme ger\u00e7ekle\u015ftirdiklerini s\u00f6yledi. \u00d6zersay yapt\u0131\u011f\u0131 a\u00e7\u0131klamada, T\u00fcrkiye Cumhuriyeti D\u0131\u015fi\u015fleri Bakan\u0131 Hakan Fidan ile d\u00fcn yapt\u0131\u011f\u0131 g\u00f6r\u00fc\u015fmeyi de\u011ferlendirdi. \u00d6zersay, \u201cBu co\u011frafyada kader ortakl\u0131\u011f\u0131 yapan T\u00fcrkiye ve K\u0131br\u0131s T\u00fcrk\u00fcn\u00fcn bundan sonras\u0131nda izleyece\u011fi [&hellip;]<\/p>\n","protected":false},"author":1,"featured_media":17052,"comment_status":"open","ping_status":"open","sticky":false,"template":"","format":"standard","meta":{"jnews-multi-image_gallery":[],"jnews_single_post":[],"jnews_primary_category":[],"jnews_social_meta":[],"jnews_override_counter":[],"footnotes":""},"categories":[5],"tags":[],"class_list":["post-17051","post","type-post","status-publish","format-standard","has-post-thumbnail","hentry","category-turkiye"],"yoast_head":"<!-- This site is optimized with the Yoast SEO plugin v27.4 - https:\/\/yoast.com\/product\/yoast-seo-wordpress\/ -->\n<title>\u00d6zersay: Hakan Fidan ile K\u0131br\u0131s\u2019\u0131n gelece\u011fine dair samimi bir g\u00f6r\u00fc\u015fme ger\u00e7ekle\u015ftirdik - Kuzeyin Sesi<\/title>\n<meta name=\"robots\" content=\"index, follow, max-snippet:-1, max-image-preview:large, max-video-preview:-1\" \/>\n<link rel=\"canonical\" href=\"https:\/\/kuzeyinsesi.org\/index.php\/2025\/01\/10\/ozersay-hakan-fidan-ile-kibrisin-gelecegine-dair-samimi-bir-gorusme-gerceklestirdik\/\" \/>\n<meta property=\"og:locale\" content=\"tr_TR\" \/>\n<meta property=\"og:type\" content=\"article\" \/>\n<meta property=\"og:title\" content=\"\u00d6zersay: Hakan Fidan ile K\u0131br\u0131s\u2019\u0131n gelece\u011fine dair samimi bir g\u00f6r\u00fc\u015fme ger\u00e7ekle\u015ftirdik - Kuzeyin Sesi\" \/>\n<meta property=\"og:description\" content=\"Halk\u0131n Partisi (HP) Genel Ba\u015fkan\u0131 Kudret \u00d6zersay, T\u00fcrkiye Cumhuriyeti D\u0131\u015fi\u015fleri Bakan\u0131 Hakan Fidan ile k\u00fcresel ve b\u00f6lgesel geli\u015fmeler \u00e7er\u00e7evesinde K\u0131br\u0131s\u2019\u0131n gelece\u011fi \u00fczerine samimi, faydal\u0131 bir g\u00f6r\u00fc\u015fme ger\u00e7ekle\u015ftirdiklerini s\u00f6yledi. \u00d6zersay yapt\u0131\u011f\u0131 a\u00e7\u0131klamada, T\u00fcrkiye Cumhuriyeti D\u0131\u015fi\u015fleri Bakan\u0131 Hakan Fidan ile d\u00fcn yapt\u0131\u011f\u0131 g\u00f6r\u00fc\u015fmeyi de\u011ferlendirdi. \u00d6zersay, \u201cBu co\u011frafyada kader ortakl\u0131\u011f\u0131 yapan T\u00fcrkiye ve K\u0131br\u0131s T\u00fcrk\u00fcn\u00fcn bundan sonras\u0131nda izleyece\u011fi [&hellip;]\" \/>\n<meta property=\"og:url\" content=\"https:\/\/kuzeyinsesi.org\/index.php\/2025\/01\/10\/ozersay-hakan-fidan-ile-kibrisin-gelecegine-dair-samimi-bir-gorusme-gerceklestirdik\/\" \/>\n<meta property=\"og:site_name\" content=\"Kuzeyin Sesi\" \/>\n<meta property=\"article:publisher\" content=\"https:\/\/www.facebook.com\/kuzeyinsesii\" \/>\n<meta property=\"article:published_time\" content=\"2025-01-10T09:19:29+00:00\" \/>\n<meta property=\"og:image\" content=\"https:\/\/brtk.net\/wp-content\/uploads\/2025\/01\/09\/473009321_1037882025047588_4087914591026506698_n.jpg?ver=d344cb6f91aecd7f419284db07cbc58f\" \/>\n<meta name=\"author\" content=\"Kuzeyin Sesi\" \/>\n<meta name=\"twitter:card\" content=\"summary_large_image\" \/>\n<meta name=\"twitter:creator\" content=\"@kuzeyinsesii\" \/>\n<meta name=\"twitter:site\" content=\"@kuzeyinsesii\" \/>\n<meta name=\"twitter:label1\" content=\"Yazan:\" \/>\n\t<meta name=\"twitter:data1\" content=\"Kuzeyin Sesi\" \/>\n\t<meta name=\"twitter:label2\" content=\"Tahmini okuma s\u00fcresi\" \/>\n\t<meta name=\"twitter:data2\" content=\"1 dakika\" \/>\n<script type=\"application\/ld+json\" class=\"yoast-schema-graph\">{\"@context\":\"https:\\\/\\\/schema.org\",\"@graph\":[{\"@type\":\"Article\",\"@id\":\"https:\\\/\\\/kuzeyinsesi.org\\\/index.php\\\/2025\\\/01\\\/10\\\/ozersay-hakan-fidan-ile-kibrisin-gelecegine-dair-samimi-bir-gorusme-gerceklestirdik\\\/#article\",\"isPartOf\":{\"@id\":\"https:\\\/\\\/kuzeyinsesi.org\\\/index.php\\\/2025\\\/01\\\/10\\\/ozersay-hakan-fidan-ile-kibrisin-gelecegine-dair-samimi-bir-gorusme-gerceklestirdik\\\/\"},\"author\":{\"name\":\"Kuzeyin Sesi\",\"@id\":\"https:\\\/\\\/kuzeyinsesi.org\\\/#\\\/schema\\\/person\\\/9f859689cdf01485597712386e37f5aa\"},\"headline\":\"\u00d6zersay: Hakan Fidan ile K\u0131br\u0131s\u2019\u0131n gelece\u011fine dair samimi bir g\u00f6r\u00fc\u015fme ger\u00e7ekle\u015ftirdik\",\"datePublished\":\"2025-01-10T09:19:29+00:00\",\"mainEntityOfPage\":{\"@id\":\"https:\\\/\\\/kuzeyinsesi.org\\\/index.php\\\/2025\\\/01\\\/10\\\/ozersay-hakan-fidan-ile-kibrisin-gelecegine-dair-samimi-bir-gorusme-gerceklestirdik\\\/\"},\"wordCount\":136,\"commentCount\":0,\"image\":{\"@id\":\"https:\\\/\\\/kuzeyinsesi.org\\\/index.php\\\/2025\\\/01\\\/10\\\/ozersay-hakan-fidan-ile-kibrisin-gelecegine-dair-samimi-bir-gorusme-gerceklestirdik\\\/#primaryimage\"},\"thumbnailUrl\":\"https:\\\/\\\/kuzeyinsesi.org\\\/wp-content\\\/uploads\\\/2025\\\/01\\\/1736500775_473009321_1037882025047588_4087914591026506698_n.jpg\",\"articleSection\":[\"T\u00fcrkiye\"],\"inLanguage\":\"tr\",\"potentialAction\":[{\"@type\":\"CommentAction\",\"name\":\"Comment\",\"target\":[\"https:\\\/\\\/kuzeyinsesi.org\\\/index.php\\\/2025\\\/01\\\/10\\\/ozersay-hakan-fidan-ile-kibrisin-gelecegine-dair-samimi-bir-gorusme-gerceklestirdik\\\/#respond\"]}]},{\"@type\":\"WebPage\",\"@id\":\"https:\\\/\\\/kuzeyinsesi.org\\\/index.php\\\/2025\\\/01\\\/10\\\/ozersay-hakan-fidan-ile-kibrisin-gelecegine-dair-samimi-bir-gorusme-gerceklestirdik\\\/\",\"url\":\"https:\\\/\\\/kuzeyinsesi.org\\\/index.php\\\/2025\\\/01\\\/10\\\/ozersay-hakan-fidan-ile-kibrisin-gelecegine-dair-samimi-bir-gorusme-gerceklestirdik\\\/\",\"name\":\"\u00d6zersay: Hakan Fidan ile K\u0131br\u0131s\u2019\u0131n gelece\u011fine dair samimi bir g\u00f6r\u00fc\u015fme ger\u00e7ekle\u015ftirdik - Kuzeyin Sesi\",\"isPartOf\":{\"@id\":\"https:\\\/\\\/kuzeyinsesi.org\\\/#website\"},\"primaryImageOfPage\":{\"@id\":\"https:\\\/\\\/kuzeyinsesi.org\\\/index.php\\\/2025\\\/01\\\/10\\\/ozersay-hakan-fidan-ile-kibrisin-gelecegine-dair-samimi-bir-gorusme-gerceklestirdik\\\/#primaryimage\"},\"image\":{\"@id\":\"https:\\\/\\\/kuzeyinsesi.org\\\/index.php\\\/2025\\\/01\\\/10\\\/ozersay-hakan-fidan-ile-kibrisin-gelecegine-dair-samimi-bir-gorusme-gerceklestirdik\\\/#primaryimage\"},\"thumbnailUrl\":\"https:\\\/\\\/kuzeyinsesi.org\\\/wp-content\\\/uploads\\\/2025\\\/01\\\/1736500775_473009321_1037882025047588_4087914591026506698_n.jpg\",\"datePublished\":\"2025-01-10T09:19:29+00:00\",\"author\":{\"@id\":\"https:\\\/\\\/kuzeyinsesi.org\\\/#\\\/schema\\\/person\\\/9f859689cdf01485597712386e37f5aa\"},\"breadcrumb\":{\"@id\":\"https:\\\/\\\/kuzeyinsesi.org\\\/index.php\\\/2025\\\/01\\\/10\\\/ozersay-hakan-fidan-ile-kibrisin-gelecegine-dair-samimi-bir-gorusme-gerceklestirdik\\\/#breadcrumb\"},\"inLanguage\":\"tr\",\"potentialAction\":[{\"@type\":\"ReadAction\",\"target\":[\"https:\\\/\\\/kuzeyinsesi.org\\\/index.php\\\/2025\\\/01\\\/10\\\/ozersay-hakan-fidan-ile-kibrisin-gelecegine-dair-samimi-bir-gorusme-gerceklestirdik\\\/\"]}]},{\"@type\":\"ImageObject\",\"inLanguage\":\"tr\",\"@id\":\"https:\\\/\\\/kuzeyinsesi.org\\\/index.php\\\/2025\\\/01\\\/10\\\/ozersay-hakan-fidan-ile-kibrisin-gelecegine-dair-samimi-bir-gorusme-gerceklestirdik\\\/#primaryimage\",\"url\":\"https:\\\/\\\/kuzeyinsesi.org\\\/wp-content\\\/uploads\\\/2025\\\/01\\\/1736500775_473009321_1037882025047588_4087914591026506698_n.jpg\",\"contentUrl\":\"https:\\\/\\\/kuzeyinsesi.org\\\/wp-content\\\/uploads\\\/2025\\\/01\\\/1736500775_473009321_1037882025047588_4087914591026506698_n.jpg\",\"width\":2048,\"height\":1394},{\"@type\":\"BreadcrumbList\",\"@id\":\"https:\\\/\\\/kuzeyinsesi.org\\\/index.php\\\/2025\\\/01\\\/10\\\/ozersay-hakan-fidan-ile-kibrisin-gelecegine-dair-samimi-bir-gorusme-gerceklestirdik\\\/#breadcrumb\",\"itemListElement\":[{\"@type\":\"ListItem\",\"position\":1,\"name\":\"Anasayfa\",\"item\":\"https:\\\/\\\/kuzeyinsesi.org\\\/\"},{\"@type\":\"ListItem\",\"position\":2,\"name\":\"\u00d6zersay: Hakan Fidan ile K\u0131br\u0131s\u2019\u0131n gelece\u011fine dair samimi bir g\u00f6r\u00fc\u015fme ger\u00e7ekle\u015ftirdik\"}]},{\"@type\":\"WebSite\",\"@id\":\"https:\\\/\\\/kuzeyinsesi.org\\\/#website\",\"url\":\"https:\\\/\\\/kuzeyinsesi.org\\\/\",\"name\":\"Kuzeyin Sesi\",\"description\":\"Do\u011fru Haberin Adresi\",\"potentialAction\":[{\"@type\":\"SearchAction\",\"target\":{\"@type\":\"EntryPoint\",\"urlTemplate\":\"https:\\\/\\\/kuzeyinsesi.org\\\/?s={search_term_string}\"},\"query-input\":{\"@type\":\"PropertyValueSpecification\",\"valueRequired\":true,\"valueName\":\"search_term_string\"}}],\"inLanguage\":\"tr\"},{\"@type\":\"Person\",\"@id\":\"https:\\\/\\\/kuzeyinsesi.org\\\/#\\\/schema\\\/person\\\/9f859689cdf01485597712386e37f5aa\",\"name\":\"Kuzeyin Sesi\",\"image\":{\"@type\":\"ImageObject\",\"inLanguage\":\"tr\",\"@id\":\"https:\\\/\\\/secure.gravatar.com\\\/avatar\\\/bab33852abfd8b282518d6ed81826833d77c3c882d9ab608add591ccace47a44?s=96&d=mm&r=g\",\"url\":\"https:\\\/\\\/secure.gravatar.com\\\/avatar\\\/bab33852abfd8b282518d6ed81826833d77c3c882d9ab608add591ccace47a44?s=96&d=mm&r=g\",\"contentUrl\":\"https:\\\/\\\/secure.gravatar.com\\\/avatar\\\/bab33852abfd8b282518d6ed81826833d77c3c882d9ab608add591ccace47a44?s=96&d=mm&r=g\",\"caption\":\"Kuzeyin Sesi\"},\"sameAs\":[\"https:\\\/\\\/kuzeyinsesi.org\"],\"url\":\"https:\\\/\\\/kuzeyinsesi.org\\\/index.php\\\/author\\\/guven\\\/\"}]}<\/script>\n<!-- \/ Yoast SEO plugin. -->","yoast_head_json":{"title":"\u00d6zersay: Hakan Fidan ile K\u0131br\u0131s\u2019\u0131n gelece\u011fine dair samimi bir g\u00f6r\u00fc\u015fme ger\u00e7ekle\u015ftirdik - Kuzeyin Sesi","robots":{"index":"index","follow":"follow","max-snippet":"max-snippet:-1","max-image-preview":"max-image-preview:large","max-video-preview":"max-video-preview:-1"},"canonical":"https:\/\/kuzeyinsesi.org\/index.php\/2025\/01\/10\/ozersay-hakan-fidan-ile-kibrisin-gelecegine-dair-samimi-bir-gorusme-gerceklestirdik\/","og_locale":"tr_TR","og_type":"article","og_title":"\u00d6zersay: Hakan Fidan ile K\u0131br\u0131s\u2019\u0131n gelece\u011fine dair samimi bir g\u00f6r\u00fc\u015fme ger\u00e7ekle\u015ftirdik - Kuzeyin Sesi","og_description":"Halk\u0131n Partisi (HP) Genel Ba\u015fkan\u0131 Kudret \u00d6zersay, T\u00fcrkiye Cumhuriyeti D\u0131\u015fi\u015fleri Bakan\u0131 Hakan Fidan ile k\u00fcresel ve b\u00f6lgesel geli\u015fmeler \u00e7er\u00e7evesinde K\u0131br\u0131s\u2019\u0131n gelece\u011fi \u00fczerine samimi, faydal\u0131 bir g\u00f6r\u00fc\u015fme ger\u00e7ekle\u015ftirdiklerini s\u00f6yledi. \u00d6zersay yapt\u0131\u011f\u0131 a\u00e7\u0131klamada, T\u00fcrkiye Cumhuriyeti D\u0131\u015fi\u015fleri Bakan\u0131 Hakan Fidan ile d\u00fcn yapt\u0131\u011f\u0131 g\u00f6r\u00fc\u015fmeyi de\u011ferlendirdi. \u00d6zersay, \u201cBu co\u011frafyada kader ortakl\u0131\u011f\u0131 yapan T\u00fcrkiye ve K\u0131br\u0131s T\u00fcrk\u00fcn\u00fcn bundan sonras\u0131nda izleyece\u011fi [&hellip;]","og_url":"https:\/\/kuzeyinsesi.org\/index.php\/2025\/01\/10\/ozersay-hakan-fidan-ile-kibrisin-gelecegine-dair-samimi-bir-gorusme-gerceklestirdik\/","og_site_name":"Kuzeyin Sesi","article_publisher":"https:\/\/www.facebook.com\/kuzeyinsesii","article_published_time":"2025-01-10T09:19:29+00:00","og_image":[{"url":"https:\/\/brtk.net\/wp-content\/uploads\/2025\/01\/09\/473009321_1037882025047588_4087914591026506698_n.jpg?ver=d344cb6f91aecd7f419284db07cbc58f","type":"","width":"","height":""}],"author":"Kuzeyin Sesi","twitter_card":"summary_large_image","twitter_creator":"@kuzeyinsesii","twitter_site":"@kuzeyinsesii","twitter_misc":{"Yazan:":"Kuzeyin Sesi","Tahmini okuma s\u00fcresi":"1 dakika"},"schema":{"@context":"https:\/\/schema.org","@graph":[{"@type":"Article","@id":"https:\/\/kuzeyinsesi.org\/index.php\/2025\/01\/10\/ozersay-hakan-fidan-ile-kibrisin-gelecegine-dair-samimi-bir-gorusme-gerceklestirdik\/#article","isPartOf":{"@id":"https:\/\/kuzeyinsesi.org\/index.php\/2025\/01\/10\/ozersay-hakan-fidan-ile-kibrisin-gelecegine-dair-samimi-bir-gorusme-gerceklestirdik\/"},"author":{"name":"Kuzeyin Sesi","@id":"https:\/\/kuzeyinsesi.org\/#\/schema\/person\/9f859689cdf01485597712386e37f5aa"},"headline":"\u00d6zersay: Hakan Fidan ile K\u0131br\u0131s\u2019\u0131n gelece\u011fine dair samimi bir g\u00f6r\u00fc\u015fme ger\u00e7ekle\u015ftirdik","datePublished":"2025-01-10T09:19:29+00:00","mainEntityOfPage":{"@id":"https:\/\/kuzeyinsesi.org\/index.php\/2025\/01\/10\/ozersay-hakan-fidan-ile-kibrisin-gelecegine-dair-samimi-bir-gorusme-gerceklestirdik\/"},"wordCount":136,"commentCount":0,"image":{"@id":"https:\/\/kuzeyinsesi.org\/index.php\/2025\/01\/10\/ozersay-hakan-fidan-ile-kibrisin-gelecegine-dair-samimi-bir-gorusme-gerceklestirdik\/#primaryimage"},"thumbnailUrl":"https:\/\/kuzeyinsesi.org\/wp-content\/uploads\/2025\/01\/1736500775_473009321_1037882025047588_4087914591026506698_n.jpg","articleSection":["T\u00fcrkiye"],"inLanguage":"tr","potentialAction":[{"@type":"CommentAction","name":"Comment","target":["https:\/\/kuzeyinsesi.org\/index.php\/2025\/01\/10\/ozersay-hakan-fidan-ile-kibrisin-gelecegine-dair-samimi-bir-gorusme-gerceklestirdik\/#respond"]}]},{"@type":"WebPage","@id":"https:\/\/kuzeyinsesi.org\/index.php\/2025\/01\/10\/ozersay-hakan-fidan-ile-kibrisin-gelecegine-dair-samimi-bir-gorusme-gerceklestirdik\/","url":"https:\/\/kuzeyinsesi.org\/index.php\/2025\/01\/10\/ozersay-hakan-fidan-ile-kibrisin-gelecegine-dair-samimi-bir-gorusme-gerceklestirdik\/","name":"\u00d6zersay: Hakan Fidan ile K\u0131br\u0131s\u2019\u0131n gelece\u011fine dair samimi bir g\u00f6r\u00fc\u015fme ger\u00e7ekle\u015ftirdik - Kuzeyin Sesi","isPartOf":{"@id":"https:\/\/kuzeyinsesi.org\/#website"},"primaryImageOfPage":{"@id":"https:\/\/kuzeyinsesi.org\/index.php\/2025\/01\/10\/ozersay-hakan-fidan-ile-kibrisin-gelecegine-dair-samimi-bir-gorusme-gerceklestirdik\/#primaryimage"},"image":{"@id":"https:\/\/kuzeyinsesi.org\/index.php\/2025\/01\/10\/ozersay-hakan-fidan-ile-kibrisin-gelecegine-dair-samimi-bir-gorusme-gerceklestirdik\/#primaryimage"},"thumbnailUrl":"https:\/\/kuzeyinsesi.org\/wp-content\/uploads\/2025\/01\/1736500775_473009321_1037882025047588_4087914591026506698_n.jpg","datePublished":"2025-01-10T09:19:29+00:00","author":{"@id":"https:\/\/kuzeyinsesi.org\/#\/schema\/person\/9f859689cdf01485597712386e37f5aa"},"breadcrumb":{"@id":"https:\/\/kuzeyinsesi.org\/index.php\/2025\/01\/10\/ozersay-hakan-fidan-ile-kibrisin-gelecegine-dair-samimi-bir-gorusme-gerceklestirdik\/#breadcrumb"},"inLanguage":"tr","potentialAction":[{"@type":"ReadAction","target":["https:\/\/kuzeyinsesi.org\/index.php\/2025\/01\/10\/ozersay-hakan-fidan-ile-kibrisin-gelecegine-dair-samimi-bir-gorusme-gerceklestirdik\/"]}]},{"@type":"ImageObject","inLanguage":"tr","@id":"https:\/\/kuzeyinsesi.org\/index.php\/2025\/01\/10\/ozersay-hakan-fidan-ile-kibrisin-gelecegine-dair-samimi-bir-gorusme-gerceklestirdik\/#primaryimage","url":"https:\/\/kuzeyinsesi.org\/wp-content\/uploads\/2025\/01\/1736500775_473009321_1037882025047588_4087914591026506698_n.jpg","contentUrl":"https:\/\/kuzeyinsesi.org\/wp-content\/uploads\/2025\/01\/1736500775_473009321_1037882025047588_4087914591026506698_n.jpg","width":2048,"height":1394},{"@type":"BreadcrumbList","@id":"https:\/\/kuzeyinsesi.org\/index.php\/2025\/01\/10\/ozersay-hakan-fidan-ile-kibrisin-gelecegine-dair-samimi-bir-gorusme-gerceklestirdik\/#breadcrumb","itemListElement":[{"@type":"ListItem","position":1,"name":"Anasayfa","item":"https:\/\/kuzeyinsesi.org\/"},{"@type":"ListItem","position":2,"name":"\u00d6zersay: Hakan Fidan ile K\u0131br\u0131s\u2019\u0131n gelece\u011fine dair samimi bir g\u00f6r\u00fc\u015fme ger\u00e7ekle\u015ftirdik"}]},{"@type":"WebSite","@id":"https:\/\/kuzeyinsesi.org\/#website","url":"https:\/\/kuzeyinsesi.org\/","name":"Kuzeyin Sesi","description":"Do\u011fru Haberin Adresi","potentialAction":[{"@type":"SearchAction","target":{"@type":"EntryPoint","urlTemplate":"https:\/\/kuzeyinsesi.org\/?s={search_term_string}"},"query-input":{"@type":"PropertyValueSpecification","valueRequired":true,"valueName":"search_term_string"}}],"inLanguage":"tr"},{"@type":"Person","@id":"https:\/\/kuzeyinsesi.org\/#\/schema\/person\/9f859689cdf01485597712386e37f5aa","name":"Kuzeyin Sesi","image":{"@type":"ImageObject","inLanguage":"tr","@id":"https:\/\/secure.gravatar.com\/avatar\/bab33852abfd8b282518d6ed81826833d77c3c882d9ab608add591ccace47a44?s=96&d=mm&r=g","url":"https:\/\/secure.gravatar.com\/avatar\/bab33852abfd8b282518d6ed81826833d77c3c882d9ab608add591ccace47a44?s=96&d=mm&r=g","contentUrl":"https:\/\/secure.gravatar.com\/avatar\/bab33852abfd8b282518d6ed81826833d77c3c882d9ab608add591ccace47a44?s=96&d=mm&r=g","caption":"Kuzeyin Sesi"},"sameAs":["https:\/\/kuzeyinsesi.org"],"url":"https:\/\/kuzeyinsesi.org\/index.php\/author\/guven\/"}]}},"_links":{"self":[{"href":"https:\/\/kuzeyinsesi.org\/index.php\/wp-json\/wp\/v2\/posts\/17051","targetHints":{"allow":["GET"]}}],"collection":[{"href":"https:\/\/kuzeyinsesi.org\/index.php\/wp-json\/wp\/v2\/posts"}],"about":[{"href":"https:\/\/kuzeyinsesi.org\/index.php\/wp-json\/wp\/v2\/types\/post"}],"author":[{"embeddable":true,"href":"https:\/\/kuzeyinsesi.org\/index.php\/wp-json\/wp\/v2\/users\/1"}],"replies":[{"embeddable":true,"href":"https:\/\/kuzeyinsesi.org\/index.php\/wp-json\/wp\/v2\/comments?post=17051"}],"version-history":[{"count":0,"href":"https:\/\/kuzeyinsesi.org\/index.php\/wp-json\/wp\/v2\/posts\/17051\/revisions"}],"wp:featuredmedia":[{"embeddable":true,"href":"https:\/\/kuzeyinsesi.org\/index.php\/wp-json\/wp\/v2\/media\/17052"}],"wp:attachment":[{"href":"https:\/\/kuzeyinsesi.org\/index.php\/wp-json\/wp\/v2\/media?parent=17051"}],"wp:term":[{"taxonomy":"category","embeddable":true,"href":"https:\/\/kuzeyinsesi.org\/index.php\/wp-json\/wp\/v2\/categories?post=17051"},{"taxonomy":"post_tag","embeddable":true,"href":"https:\/\/kuzeyinsesi.org\/index.php\/wp-json\/wp\/v2\/tags?post=17051"}],"curies":[{"name":"wp","href":"https:\/\/api.w.org\/{rel}","templated":true}]}}