{"id":17049,"date":"2025-01-10T11:08:15","date_gmt":"2025-01-10T09:08:15","guid":{"rendered":"https:\/\/kuzeyinsesi.org\/index.php\/2025\/01\/10\/hatayda-4-buyuklugunde-deprem\/"},"modified":"2025-01-10T11:08:15","modified_gmt":"2025-01-10T09:08:15","slug":"hatayda-4-buyuklugunde-deprem","status":"publish","type":"post","link":"https:\/\/kuzeyinsesi.org\/index.php\/2025\/01\/10\/hatayda-4-buyuklugunde-deprem\/","title":{"rendered":"Hatay\u2019da 4 b\u00fcy\u00fckl\u00fc\u011f\u00fcnde deprem"},"content":{"rendered":"<div>\n<div class=\"mariselle-image-container center\">\n                                            <\/div>\n<p>Hatay\u2019\u0131n Yaylada\u011f\u0131 il\u00e7esinde 4 b\u00fcy\u00fckl\u00fc\u011f\u00fcnde deprem meydana geldi.<\/p>\n<p>Afet ve Acil Durum Y\u00f6netimi Ba\u015fkanl\u0131\u011f\u0131n\u0131n (AFAD) internet sitesinde yer alan bilgiye g\u00f6re, saat 07.08\u2019de merkez \u00fcss\u00fc Hatay\u2019\u0131n Yaylada\u011f\u0131 il\u00e7esi olan 4 b\u00fcy\u00fckl\u00fc\u011f\u00fcnde sars\u0131nt\u0131 kaydedildi.<\/p>\n<p>Depremin 13,3 kilometre derinlikte meydana geldi\u011fi belirlendi.<\/p>\n<p>Hatay Valili\u011finden yap\u0131lan a\u00e7\u0131klamada, depremde ilk belirlemelere g\u00f6re olumsuz bir durumun meydana gelmedi\u011fi bildirildi.<\/p>\n<p>A\u00e7\u0131klamada \u015funlar kaydedildi:<\/p>\n<p>\u201cAFAD Deprem Daire Ba\u015fkanl\u0131\u011f\u0131ndan al\u0131nan bilgi do\u011frultusunda Yaylada\u011f\u0131 (Hatay) merkezli 4,0 b\u00fcy\u00fckl\u00fc\u011f\u00fcnde deprem meydana gelmi\u015f olup, ilk belirlemelere g\u00f6re olumsuz bir durum olmay\u0131p, 112 Acil \u00c7a\u011fr\u0131 Merkezi\u2019ne herhangi bir ihbar gelmemi\u015ftir.\u201d<\/p>\n<\/p><\/div>\n<p><script async\n                    defer\n                    crossorigin=\"anonymous\"\n                    src=\"https:\/\/connect.facebook.net\/tr_TR\/sdk.js#xfbml=1&#038;version=v3.3\"\n            ><\/script><\/p>\n","protected":false},"excerpt":{"rendered":"<p>Hatay\u2019\u0131n Yaylada\u011f\u0131 il\u00e7esinde 4 b\u00fcy\u00fckl\u00fc\u011f\u00fcnde deprem meydana geldi. Afet ve Acil Durum Y\u00f6netimi Ba\u015fkanl\u0131\u011f\u0131n\u0131n (AFAD) internet sitesinde yer alan bilgiye g\u00f6re, saat 07.08\u2019de merkez \u00fcss\u00fc Hatay\u2019\u0131n Yaylada\u011f\u0131 il\u00e7esi olan 4 b\u00fcy\u00fckl\u00fc\u011f\u00fcnde sars\u0131nt\u0131 kaydedildi. Depremin 13,3 kilometre derinlikte meydana geldi\u011fi belirlendi. Hatay Valili\u011finden yap\u0131lan a\u00e7\u0131klamada, depremde ilk belirlemelere g\u00f6re olumsuz bir durumun meydana gelmedi\u011fi bildirildi. A\u00e7\u0131klamada [&hellip;]<\/p>\n","protected":false},"author":1,"featured_media":17050,"comment_status":"open","ping_status":"open","sticky":false,"template":"","format":"standard","meta":{"jnews-multi-image_gallery":[],"jnews_single_post":[],"jnews_primary_category":[],"jnews_social_meta":[],"jnews_override_counter":[],"footnotes":""},"categories":[5],"tags":[],"class_list":["post-17049","post","type-post","status-publish","format-standard","has-post-thumbnail","hentry","category-turkiye"],"yoast_head":"<!-- This site is optimized with the Yoast SEO plugin v27.4 - https:\/\/yoast.com\/product\/yoast-seo-wordpress\/ -->\n<title>Hatay\u2019da 4 b\u00fcy\u00fckl\u00fc\u011f\u00fcnde deprem - Kuzeyin Sesi<\/title>\n<meta name=\"robots\" content=\"index, follow, max-snippet:-1, max-image-preview:large, max-video-preview:-1\" \/>\n<link rel=\"canonical\" href=\"https:\/\/kuzeyinsesi.org\/index.php\/2025\/01\/10\/hatayda-4-buyuklugunde-deprem\/\" \/>\n<meta property=\"og:locale\" content=\"tr_TR\" \/>\n<meta property=\"og:type\" content=\"article\" \/>\n<meta property=\"og:title\" content=\"Hatay\u2019da 4 b\u00fcy\u00fckl\u00fc\u011f\u00fcnde deprem - Kuzeyin Sesi\" \/>\n<meta property=\"og:description\" content=\"Hatay\u2019\u0131n Yaylada\u011f\u0131 il\u00e7esinde 4 b\u00fcy\u00fckl\u00fc\u011f\u00fcnde deprem meydana geldi. Afet ve Acil Durum Y\u00f6netimi Ba\u015fkanl\u0131\u011f\u0131n\u0131n (AFAD) internet sitesinde yer alan bilgiye g\u00f6re, saat 07.08\u2019de merkez \u00fcss\u00fc Hatay\u2019\u0131n Yaylada\u011f\u0131 il\u00e7esi olan 4 b\u00fcy\u00fckl\u00fc\u011f\u00fcnde sars\u0131nt\u0131 kaydedildi. Depremin 13,3 kilometre derinlikte meydana geldi\u011fi belirlendi. Hatay Valili\u011finden yap\u0131lan a\u00e7\u0131klamada, depremde ilk belirlemelere g\u00f6re olumsuz bir durumun meydana gelmedi\u011fi bildirildi. A\u00e7\u0131klamada [&hellip;]\" \/>\n<meta property=\"og:url\" content=\"https:\/\/kuzeyinsesi.org\/index.php\/2025\/01\/10\/hatayda-4-buyuklugunde-deprem\/\" \/>\n<meta property=\"og:site_name\" content=\"Kuzeyin Sesi\" \/>\n<meta property=\"article:publisher\" content=\"https:\/\/www.facebook.com\/kuzeyinsesii\" \/>\n<meta property=\"article:published_time\" content=\"2025-01-10T09:08:15+00:00\" \/>\n<meta property=\"og:image\" content=\"https:\/\/brtk.net\/wp-content\/uploads\/2024\/11\/27\/deprem-25a.jpg?ver=7668a2371e2016ed9ab1ec23ddda1755\" \/>\n<meta name=\"author\" content=\"Kuzeyin Sesi\" \/>\n<meta name=\"twitter:card\" content=\"summary_large_image\" \/>\n<meta name=\"twitter:creator\" content=\"@kuzeyinsesii\" \/>\n<meta name=\"twitter:site\" content=\"@kuzeyinsesii\" \/>\n<meta name=\"twitter:label1\" content=\"Yazan:\" \/>\n\t<meta name=\"twitter:data1\" content=\"Kuzeyin Sesi\" \/>\n\t<meta name=\"twitter:label2\" content=\"Tahmini okuma s\u00fcresi\" \/>\n\t<meta name=\"twitter:data2\" content=\"1 dakika\" \/>\n<script type=\"application\/ld+json\" class=\"yoast-schema-graph\">{\"@context\":\"https:\\\/\\\/schema.org\",\"@graph\":[{\"@type\":\"Article\",\"@id\":\"https:\\\/\\\/kuzeyinsesi.org\\\/index.php\\\/2025\\\/01\\\/10\\\/hatayda-4-buyuklugunde-deprem\\\/#article\",\"isPartOf\":{\"@id\":\"https:\\\/\\\/kuzeyinsesi.org\\\/index.php\\\/2025\\\/01\\\/10\\\/hatayda-4-buyuklugunde-deprem\\\/\"},\"author\":{\"name\":\"Kuzeyin Sesi\",\"@id\":\"https:\\\/\\\/kuzeyinsesi.org\\\/#\\\/schema\\\/person\\\/9f859689cdf01485597712386e37f5aa\"},\"headline\":\"Hatay\u2019da 4 b\u00fcy\u00fckl\u00fc\u011f\u00fcnde deprem\",\"datePublished\":\"2025-01-10T09:08:15+00:00\",\"mainEntityOfPage\":{\"@id\":\"https:\\\/\\\/kuzeyinsesi.org\\\/index.php\\\/2025\\\/01\\\/10\\\/hatayda-4-buyuklugunde-deprem\\\/\"},\"wordCount\":125,\"commentCount\":0,\"image\":{\"@id\":\"https:\\\/\\\/kuzeyinsesi.org\\\/index.php\\\/2025\\\/01\\\/10\\\/hatayda-4-buyuklugunde-deprem\\\/#primaryimage\"},\"thumbnailUrl\":\"https:\\\/\\\/kuzeyinsesi.org\\\/wp-content\\\/uploads\\\/2025\\\/01\\\/deprem-25a.jpg\",\"articleSection\":[\"T\u00fcrkiye\"],\"inLanguage\":\"tr\",\"potentialAction\":[{\"@type\":\"CommentAction\",\"name\":\"Comment\",\"target\":[\"https:\\\/\\\/kuzeyinsesi.org\\\/index.php\\\/2025\\\/01\\\/10\\\/hatayda-4-buyuklugunde-deprem\\\/#respond\"]}]},{\"@type\":\"WebPage\",\"@id\":\"https:\\\/\\\/kuzeyinsesi.org\\\/index.php\\\/2025\\\/01\\\/10\\\/hatayda-4-buyuklugunde-deprem\\\/\",\"url\":\"https:\\\/\\\/kuzeyinsesi.org\\\/index.php\\\/2025\\\/01\\\/10\\\/hatayda-4-buyuklugunde-deprem\\\/\",\"name\":\"Hatay\u2019da 4 b\u00fcy\u00fckl\u00fc\u011f\u00fcnde deprem - Kuzeyin Sesi\",\"isPartOf\":{\"@id\":\"https:\\\/\\\/kuzeyinsesi.org\\\/#website\"},\"primaryImageOfPage\":{\"@id\":\"https:\\\/\\\/kuzeyinsesi.org\\\/index.php\\\/2025\\\/01\\\/10\\\/hatayda-4-buyuklugunde-deprem\\\/#primaryimage\"},\"image\":{\"@id\":\"https:\\\/\\\/kuzeyinsesi.org\\\/index.php\\\/2025\\\/01\\\/10\\\/hatayda-4-buyuklugunde-deprem\\\/#primaryimage\"},\"thumbnailUrl\":\"https:\\\/\\\/kuzeyinsesi.org\\\/wp-content\\\/uploads\\\/2025\\\/01\\\/deprem-25a.jpg\",\"datePublished\":\"2025-01-10T09:08:15+00:00\",\"author\":{\"@id\":\"https:\\\/\\\/kuzeyinsesi.org\\\/#\\\/schema\\\/person\\\/9f859689cdf01485597712386e37f5aa\"},\"breadcrumb\":{\"@id\":\"https:\\\/\\\/kuzeyinsesi.org\\\/index.php\\\/2025\\\/01\\\/10\\\/hatayda-4-buyuklugunde-deprem\\\/#breadcrumb\"},\"inLanguage\":\"tr\",\"potentialAction\":[{\"@type\":\"ReadAction\",\"target\":[\"https:\\\/\\\/kuzeyinsesi.org\\\/index.php\\\/2025\\\/01\\\/10\\\/hatayda-4-buyuklugunde-deprem\\\/\"]}]},{\"@type\":\"ImageObject\",\"inLanguage\":\"tr\",\"@id\":\"https:\\\/\\\/kuzeyinsesi.org\\\/index.php\\\/2025\\\/01\\\/10\\\/hatayda-4-buyuklugunde-deprem\\\/#primaryimage\",\"url\":\"https:\\\/\\\/kuzeyinsesi.org\\\/wp-content\\\/uploads\\\/2025\\\/01\\\/deprem-25a.jpg\",\"contentUrl\":\"https:\\\/\\\/kuzeyinsesi.org\\\/wp-content\\\/uploads\\\/2025\\\/01\\\/deprem-25a.jpg\",\"width\":610,\"height\":362},{\"@type\":\"BreadcrumbList\",\"@id\":\"https:\\\/\\\/kuzeyinsesi.org\\\/index.php\\\/2025\\\/01\\\/10\\\/hatayda-4-buyuklugunde-deprem\\\/#breadcrumb\",\"itemListElement\":[{\"@type\":\"ListItem\",\"position\":1,\"name\":\"Anasayfa\",\"item\":\"https:\\\/\\\/kuzeyinsesi.org\\\/\"},{\"@type\":\"ListItem\",\"position\":2,\"name\":\"Hatay\u2019da 4 b\u00fcy\u00fckl\u00fc\u011f\u00fcnde deprem\"}]},{\"@type\":\"WebSite\",\"@id\":\"https:\\\/\\\/kuzeyinsesi.org\\\/#website\",\"url\":\"https:\\\/\\\/kuzeyinsesi.org\\\/\",\"name\":\"Kuzeyin Sesi\",\"description\":\"Do\u011fru Haberin Adresi\",\"potentialAction\":[{\"@type\":\"SearchAction\",\"target\":{\"@type\":\"EntryPoint\",\"urlTemplate\":\"https:\\\/\\\/kuzeyinsesi.org\\\/?s={search_term_string}\"},\"query-input\":{\"@type\":\"PropertyValueSpecification\",\"valueRequired\":true,\"valueName\":\"search_term_string\"}}],\"inLanguage\":\"tr\"},{\"@type\":\"Person\",\"@id\":\"https:\\\/\\\/kuzeyinsesi.org\\\/#\\\/schema\\\/person\\\/9f859689cdf01485597712386e37f5aa\",\"name\":\"Kuzeyin Sesi\",\"image\":{\"@type\":\"ImageObject\",\"inLanguage\":\"tr\",\"@id\":\"https:\\\/\\\/secure.gravatar.com\\\/avatar\\\/bab33852abfd8b282518d6ed81826833d77c3c882d9ab608add591ccace47a44?s=96&d=mm&r=g\",\"url\":\"https:\\\/\\\/secure.gravatar.com\\\/avatar\\\/bab33852abfd8b282518d6ed81826833d77c3c882d9ab608add591ccace47a44?s=96&d=mm&r=g\",\"contentUrl\":\"https:\\\/\\\/secure.gravatar.com\\\/avatar\\\/bab33852abfd8b282518d6ed81826833d77c3c882d9ab608add591ccace47a44?s=96&d=mm&r=g\",\"caption\":\"Kuzeyin Sesi\"},\"sameAs\":[\"https:\\\/\\\/kuzeyinsesi.org\"],\"url\":\"https:\\\/\\\/kuzeyinsesi.org\\\/index.php\\\/author\\\/guven\\\/\"}]}<\/script>\n<!-- \/ Yoast SEO plugin. -->","yoast_head_json":{"title":"Hatay\u2019da 4 b\u00fcy\u00fckl\u00fc\u011f\u00fcnde deprem - Kuzeyin Sesi","robots":{"index":"index","follow":"follow","max-snippet":"max-snippet:-1","max-image-preview":"max-image-preview:large","max-video-preview":"max-video-preview:-1"},"canonical":"https:\/\/kuzeyinsesi.org\/index.php\/2025\/01\/10\/hatayda-4-buyuklugunde-deprem\/","og_locale":"tr_TR","og_type":"article","og_title":"Hatay\u2019da 4 b\u00fcy\u00fckl\u00fc\u011f\u00fcnde deprem - Kuzeyin Sesi","og_description":"Hatay\u2019\u0131n Yaylada\u011f\u0131 il\u00e7esinde 4 b\u00fcy\u00fckl\u00fc\u011f\u00fcnde deprem meydana geldi. Afet ve Acil Durum Y\u00f6netimi Ba\u015fkanl\u0131\u011f\u0131n\u0131n (AFAD) internet sitesinde yer alan bilgiye g\u00f6re, saat 07.08\u2019de merkez \u00fcss\u00fc Hatay\u2019\u0131n Yaylada\u011f\u0131 il\u00e7esi olan 4 b\u00fcy\u00fckl\u00fc\u011f\u00fcnde sars\u0131nt\u0131 kaydedildi. Depremin 13,3 kilometre derinlikte meydana geldi\u011fi belirlendi. Hatay Valili\u011finden yap\u0131lan a\u00e7\u0131klamada, depremde ilk belirlemelere g\u00f6re olumsuz bir durumun meydana gelmedi\u011fi bildirildi. A\u00e7\u0131klamada [&hellip;]","og_url":"https:\/\/kuzeyinsesi.org\/index.php\/2025\/01\/10\/hatayda-4-buyuklugunde-deprem\/","og_site_name":"Kuzeyin Sesi","article_publisher":"https:\/\/www.facebook.com\/kuzeyinsesii","article_published_time":"2025-01-10T09:08:15+00:00","og_image":[{"url":"https:\/\/brtk.net\/wp-content\/uploads\/2024\/11\/27\/deprem-25a.jpg?ver=7668a2371e2016ed9ab1ec23ddda1755","type":"","width":"","height":""}],"author":"Kuzeyin Sesi","twitter_card":"summary_large_image","twitter_creator":"@kuzeyinsesii","twitter_site":"@kuzeyinsesii","twitter_misc":{"Yazan:":"Kuzeyin Sesi","Tahmini okuma s\u00fcresi":"1 dakika"},"schema":{"@context":"https:\/\/schema.org","@graph":[{"@type":"Article","@id":"https:\/\/kuzeyinsesi.org\/index.php\/2025\/01\/10\/hatayda-4-buyuklugunde-deprem\/#article","isPartOf":{"@id":"https:\/\/kuzeyinsesi.org\/index.php\/2025\/01\/10\/hatayda-4-buyuklugunde-deprem\/"},"author":{"name":"Kuzeyin Sesi","@id":"https:\/\/kuzeyinsesi.org\/#\/schema\/person\/9f859689cdf01485597712386e37f5aa"},"headline":"Hatay\u2019da 4 b\u00fcy\u00fckl\u00fc\u011f\u00fcnde deprem","datePublished":"2025-01-10T09:08:15+00:00","mainEntityOfPage":{"@id":"https:\/\/kuzeyinsesi.org\/index.php\/2025\/01\/10\/hatayda-4-buyuklugunde-deprem\/"},"wordCount":125,"commentCount":0,"image":{"@id":"https:\/\/kuzeyinsesi.org\/index.php\/2025\/01\/10\/hatayda-4-buyuklugunde-deprem\/#primaryimage"},"thumbnailUrl":"https:\/\/kuzeyinsesi.org\/wp-content\/uploads\/2025\/01\/deprem-25a.jpg","articleSection":["T\u00fcrkiye"],"inLanguage":"tr","potentialAction":[{"@type":"CommentAction","name":"Comment","target":["https:\/\/kuzeyinsesi.org\/index.php\/2025\/01\/10\/hatayda-4-buyuklugunde-deprem\/#respond"]}]},{"@type":"WebPage","@id":"https:\/\/kuzeyinsesi.org\/index.php\/2025\/01\/10\/hatayda-4-buyuklugunde-deprem\/","url":"https:\/\/kuzeyinsesi.org\/index.php\/2025\/01\/10\/hatayda-4-buyuklugunde-deprem\/","name":"Hatay\u2019da 4 b\u00fcy\u00fckl\u00fc\u011f\u00fcnde deprem - Kuzeyin Sesi","isPartOf":{"@id":"https:\/\/kuzeyinsesi.org\/#website"},"primaryImageOfPage":{"@id":"https:\/\/kuzeyinsesi.org\/index.php\/2025\/01\/10\/hatayda-4-buyuklugunde-deprem\/#primaryimage"},"image":{"@id":"https:\/\/kuzeyinsesi.org\/index.php\/2025\/01\/10\/hatayda-4-buyuklugunde-deprem\/#primaryimage"},"thumbnailUrl":"https:\/\/kuzeyinsesi.org\/wp-content\/uploads\/2025\/01\/deprem-25a.jpg","datePublished":"2025-01-10T09:08:15+00:00","author":{"@id":"https:\/\/kuzeyinsesi.org\/#\/schema\/person\/9f859689cdf01485597712386e37f5aa"},"breadcrumb":{"@id":"https:\/\/kuzeyinsesi.org\/index.php\/2025\/01\/10\/hatayda-4-buyuklugunde-deprem\/#breadcrumb"},"inLanguage":"tr","potentialAction":[{"@type":"ReadAction","target":["https:\/\/kuzeyinsesi.org\/index.php\/2025\/01\/10\/hatayda-4-buyuklugunde-deprem\/"]}]},{"@type":"ImageObject","inLanguage":"tr","@id":"https:\/\/kuzeyinsesi.org\/index.php\/2025\/01\/10\/hatayda-4-buyuklugunde-deprem\/#primaryimage","url":"https:\/\/kuzeyinsesi.org\/wp-content\/uploads\/2025\/01\/deprem-25a.jpg","contentUrl":"https:\/\/kuzeyinsesi.org\/wp-content\/uploads\/2025\/01\/deprem-25a.jpg","width":610,"height":362},{"@type":"BreadcrumbList","@id":"https:\/\/kuzeyinsesi.org\/index.php\/2025\/01\/10\/hatayda-4-buyuklugunde-deprem\/#breadcrumb","itemListElement":[{"@type":"ListItem","position":1,"name":"Anasayfa","item":"https:\/\/kuzeyinsesi.org\/"},{"@type":"ListItem","position":2,"name":"Hatay\u2019da 4 b\u00fcy\u00fckl\u00fc\u011f\u00fcnde deprem"}]},{"@type":"WebSite","@id":"https:\/\/kuzeyinsesi.org\/#website","url":"https:\/\/kuzeyinsesi.org\/","name":"Kuzeyin Sesi","description":"Do\u011fru Haberin Adresi","potentialAction":[{"@type":"SearchAction","target":{"@type":"EntryPoint","urlTemplate":"https:\/\/kuzeyinsesi.org\/?s={search_term_string}"},"query-input":{"@type":"PropertyValueSpecification","valueRequired":true,"valueName":"search_term_string"}}],"inLanguage":"tr"},{"@type":"Person","@id":"https:\/\/kuzeyinsesi.org\/#\/schema\/person\/9f859689cdf01485597712386e37f5aa","name":"Kuzeyin Sesi","image":{"@type":"ImageObject","inLanguage":"tr","@id":"https:\/\/secure.gravatar.com\/avatar\/bab33852abfd8b282518d6ed81826833d77c3c882d9ab608add591ccace47a44?s=96&d=mm&r=g","url":"https:\/\/secure.gravatar.com\/avatar\/bab33852abfd8b282518d6ed81826833d77c3c882d9ab608add591ccace47a44?s=96&d=mm&r=g","contentUrl":"https:\/\/secure.gravatar.com\/avatar\/bab33852abfd8b282518d6ed81826833d77c3c882d9ab608add591ccace47a44?s=96&d=mm&r=g","caption":"Kuzeyin Sesi"},"sameAs":["https:\/\/kuzeyinsesi.org"],"url":"https:\/\/kuzeyinsesi.org\/index.php\/author\/guven\/"}]}},"_links":{"self":[{"href":"https:\/\/kuzeyinsesi.org\/index.php\/wp-json\/wp\/v2\/posts\/17049","targetHints":{"allow":["GET"]}}],"collection":[{"href":"https:\/\/kuzeyinsesi.org\/index.php\/wp-json\/wp\/v2\/posts"}],"about":[{"href":"https:\/\/kuzeyinsesi.org\/index.php\/wp-json\/wp\/v2\/types\/post"}],"author":[{"embeddable":true,"href":"https:\/\/kuzeyinsesi.org\/index.php\/wp-json\/wp\/v2\/users\/1"}],"replies":[{"embeddable":true,"href":"https:\/\/kuzeyinsesi.org\/index.php\/wp-json\/wp\/v2\/comments?post=17049"}],"version-history":[{"count":0,"href":"https:\/\/kuzeyinsesi.org\/index.php\/wp-json\/wp\/v2\/posts\/17049\/revisions"}],"wp:featuredmedia":[{"embeddable":true,"href":"https:\/\/kuzeyinsesi.org\/index.php\/wp-json\/wp\/v2\/media\/17050"}],"wp:attachment":[{"href":"https:\/\/kuzeyinsesi.org\/index.php\/wp-json\/wp\/v2\/media?parent=17049"}],"wp:term":[{"taxonomy":"category","embeddable":true,"href":"https:\/\/kuzeyinsesi.org\/index.php\/wp-json\/wp\/v2\/categories?post=17049"},{"taxonomy":"post_tag","embeddable":true,"href":"https:\/\/kuzeyinsesi.org\/index.php\/wp-json\/wp\/v2\/tags?post=17049"}],"curies":[{"name":"wp","href":"https:\/\/api.w.org\/{rel}","templated":true}]}}