{"id":16996,"date":"2025-01-09T14:55:19","date_gmt":"2025-01-09T12:55:19","guid":{"rendered":"https:\/\/kuzeyinsesi.org\/index.php\/2025\/01\/09\/yasar-gulerakdeniz-ve-ege-denizini-istikrar-ve-refah-bolgesi-olarak-gormek-istiyor-bunun-ulkelerimize-ve-halklarimiza-buyuk-yarar-saglayacagina-inaniyoruz\/"},"modified":"2025-01-09T14:55:19","modified_gmt":"2025-01-09T12:55:19","slug":"yasar-gulerakdeniz-ve-ege-denizini-istikrar-ve-refah-bolgesi-olarak-gormek-istiyor-bunun-ulkelerimize-ve-halklarimiza-buyuk-yarar-saglayacagina-inaniyoruz","status":"publish","type":"post","link":"https:\/\/kuzeyinsesi.org\/index.php\/2025\/01\/09\/yasar-gulerakdeniz-ve-ege-denizini-istikrar-ve-refah-bolgesi-olarak-gormek-istiyor-bunun-ulkelerimize-ve-halklarimiza-buyuk-yarar-saglayacagina-inaniyoruz\/","title":{"rendered":"Ya\u015far G\u00fcler:Akdeniz ve Ege Denizi\u2019ni istikrar ve refah b\u00f6lgesi olarak g\u00f6rmek istiyor, bunun \u00fclkelerimize ve halklar\u0131m\u0131za b\u00fcy\u00fck yarar sa\u011flayaca\u011f\u0131na inan\u0131yoruz"},"content":{"rendered":"<div>\n<div class=\"mariselle-image-container center\">\n                                            <\/div>\n<p>T\u00fcrkiye Milli Savunma Bakan\u0131 Ya\u015far G\u00fcler, \u201cBa\u015fta kom\u015fumuz olmak \u00fczere herkes emin olmal\u0131d\u0131r ki bizler, Akdeniz ve Ege Denizi\u2019ni istikrar ve refah b\u00f6lgesi olarak g\u00f6rmek istiyor, bunun \u00fclkelerimize ve halklar\u0131m\u0131za b\u00fcy\u00fck yarar sa\u011flayaca\u011f\u0131na inan\u0131yoruz.\u201d dedi.<\/p>\n<p>G\u00fcler, Mavi Vatan-2025 Tatbikat\u0131\u2019n\u0131 takip etti\u011fi TCG Salihreis\u2019de de\u011ferlendirmelerde bulundu.<\/p>\n<p>Mavi Vatan-2025 Tatbikat\u0131\u2019nda kuvvetler aras\u0131ndaki y\u00fcksek uyum ve performansa, personelin \u00fcst\u00fcn e\u011fitim seviyesine, yerli ve milli savunma sanayisinin \u00fcretti\u011fi silah ve sistemlerin etkinli\u011fine \u015fahit olmaktan gurur duyduklar\u0131n\u0131 s\u00f6yleyen G\u00fcler, tatbikat s\u00fcresince, deniz canl\u0131lar\u0131n\u0131n korunmas\u0131 ve deniz kirlili\u011finin \u00f6nlenmesi i\u00e7in gerekli tedbirlerin titizlikle uyguland\u0131\u011f\u0131n\u0131 vurgulad\u0131.<\/p>\n<p>Bakan G\u00fcler, istikrars\u0131zl\u0131\u011f\u0131n ve belirsizli\u011fin hat safhaya \u00e7\u0131kt\u0131\u011f\u0131 bir g\u00fcvenlik ortam\u0131ndan ge\u00e7ildi\u011fine dikkati \u00e7ekerek, \u015funlar\u0131 kaydetti:<\/p>\n<p>\u201cMevcut g\u00fcvenlik ortam\u0131 ve yak\u0131n co\u011frafyam\u0131zda meydana gelen geli\u015fmeler, T\u00fcrk Silahl\u0131 Kuvvetlerimizin her an harekata haz\u0131r, etkin ve cayd\u0131r\u0131c\u0131 bir g\u00fc\u00e7 olmas\u0131n\u0131 ve bu g\u00fcc\u00fcn\u00fc art\u0131rarak devam ettirmesini zorunlu k\u0131lmaktad\u0131r. Bu do\u011frultuda, personelimizi muharebe \u015fartlar\u0131na en uygun \u015fekilde haz\u0131rlamak, ordumuzun cayd\u0131r\u0131c\u0131l\u0131\u011f\u0131n\u0131 daha da y\u00fckseltmek i\u00e7in tatbikatlar\u0131m\u0131za b\u00fcy\u00fck \u00f6nem vermekteyiz. Bu tatbikatlar sayesinde personelimiz, teorik bilgilerini sahada uygulama imkan\u0131 bulmakta, silah sistemlerini kullanma pratikleri ve yeteneklerini geli\u015ftirmekte, yak\u0131n koordinasyon ve uyum i\u00e7erisinde hareket edebilme kabiliyetlerini art\u0131rmaktad\u0131r.\u201d<\/p>\n<p>\u2013 Tatbikatlar\u0131n \u00f6nemi<\/p>\n<p>Bakan G\u00fcler, e\u011fitimli bir ordunun sava\u015f\u0131n yar\u0131s\u0131n\u0131 kazanm\u0131\u015f demek oldu\u011funa vurgu yaparak, \u201cBilgi ve becerilerin s\u00fcrekli tazelenmesi, yenilenmesi ve geli\u015ftirilmesi ba\u015far\u0131n\u0131n temel unsurudur. Bu y\u00f6n\u00fcyle i\u015ftirak etti\u011finiz her tatbikat, yeni bir deneyim, yeni bir ba\u015far\u0131 hikayesine giden yolun ilk ad\u0131m\u0131d\u0131r.\u201d \u015feklinde konu\u015ftu.<\/p>\n<p>Mavi Vatan Tatbikat\u0131\u2019n\u0131n, bu y\u0131l\u0131n ilk tatbikat\u0131 oldu\u011funa de\u011finen G\u00fcler, tatbikat\u0131n Karadeniz, Ege Denizi ve Do\u011fu Akdeniz\u2019de ger\u00e7ekle\u015ftirildi\u011fini hat\u0131rlatt\u0131.<\/p>\n<p>T\u00fcrkiye\u2019nin, \u00e7at\u0131\u015fma ve ihtilaflar\u0131n \u00e7evreledi\u011fi bir b\u00f6lgenin tam kalbinde yer ald\u0131\u011f\u0131n\u0131, gerginliklerin engellenmesi, kriz ve sorunlar\u0131n \u00e7\u00f6z\u00fclmesi i\u00e7in uluslararas\u0131 hukukun ve bar\u0131\u015f\u0131n esas ald\u0131\u011f\u0131n\u0131n her f\u0131rsatta ifade edildi\u011fini s\u00f6yleyen G\u00fcler, \u015f\u00f6yle devam etti:<\/p>\n<p>\u201cKom\u015fumuz Yunanistan ile aram\u0131zdaki ili\u015fkilerin geli\u015ftirilmesine de bu esaslar dahilinde yakla\u015f\u0131yor, sorunlar\u0131n \u00e7\u00f6z\u00fcm\u00fc i\u00e7in \u00f6nemli ad\u0131mlar at\u0131yoruz. \u00c7\u00f6z\u00fcm odakl\u0131 bir yakla\u015f\u0131m ile d\u00fcr\u00fcst ve yap\u0131c\u0131 bir ili\u015fkinin kal\u0131c\u0131 hale gelmesinin iki \u00fclkenin de yarar\u0131na olaca\u011f\u0131na inan\u0131yoruz. Ancak kimi kesimlerce uluslararas\u0131 hukuk kavram\u0131 \u00e7arp\u0131t\u0131lmakta, siyasi s\u00f6ylemlerle \u00fcretilen kimi politikalar, hukuki ger\u00e7ekler olarak sunulmaya \u00e7al\u0131\u015f\u0131lmaktad\u0131r. Nitekim T\u00fcrkiye\u2019nin Mavi Vatan\u2019\u0131ndaki hak ve menfaatlerini koruma kararl\u0131l\u0131\u011f\u0131n\u0131 tarihsel bir yay\u0131lmac\u0131l\u0131k ve sald\u0131rganl\u0131k olarak g\u00f6sterme giri\u015fimleri, uluslararas\u0131 hukukun T\u00fcrkiye\u2019ye sa\u011flad\u0131\u011f\u0131 haklar\u0131 yok saymaya y\u00f6nelik beyhude bir \u00e7abad\u0131r. Sadece mevcut ger\u00e7eklerin \u00e7arp\u0131t\u0131lmas\u0131ndan ibarettir.\u201d<\/p>\n<p>\u2013 Yunanistan ile ili\u015fkiler<\/p>\n<p>Mavi Vatan kavram\u0131n\u0131n, T\u00fcrkiye\u2019nin denizlerdeki hak ve menfaatlerini savunma iradesinin ve uluslararas\u0131 hukuk \u00e7er\u00e7evesindeki kararl\u0131l\u0131\u011f\u0131n\u0131n bir yans\u0131mas\u0131 oldu\u011funa dikkati \u00e7eken G\u00fcler, \u015funlar\u0131 kaydetti:<\/p>\n<p>\u201cBa\u015fta kom\u015fumuz olmak \u00fczere herkes emin olmal\u0131d\u0131r ki bizler, Akdeniz ve Ege Denizi\u2019ni istikrar ve refah b\u00f6lgesi olarak g\u00f6rmek istiyor, bunun \u00fclkelerimize ve halklar\u0131m\u0131za b\u00fcy\u00fck yarar sa\u011flayaca\u011f\u0131na inan\u0131yoruz. Ancak bar\u0131\u015f\u00e7\u0131l bir \u00e7\u00f6z\u00fcm i\u00e7in \u00e7aba g\u00f6sterirken, milli hak ve menfaatlerimizden de asla taviz vermeyece\u011fimizi, \u00f6zellikle vurguluyoruz. K\u0131br\u0131s konusunda ise, uluslararas\u0131 kamuoyunda da a\u00e7\u0131k\u00e7a dile getirilmeye ba\u015fland\u0131\u011f\u0131 gibi tek ve kesin \u00e7\u00f6z\u00fcm\u00fcn adada iki ayr\u0131 devlet, iki ayr\u0131 halk oldu\u011fu ger\u00e7e\u011fiyle hareket edilmesi gerekti\u011fini bir kez daha hat\u0131rlat\u0131yoruz. Muhataplar\u0131m\u0131z\u0131, tarihi ve mevcut ger\u00e7eklere uygun olmayan, 50 y\u0131l \u00f6ncesinden kalma ve miad\u0131 dolmu\u015f s\u00f6ylemleri bir kenara b\u0131rak\u0131p konuya makul ve mant\u0131kl\u0131 bir \u015fekilde yakla\u015fmaya davet ediyoruz.\u201d<\/p>\n<p>\u2013 \u201cK\u0131br\u0131s bizim milli meselemizdir\u201d<\/p>\n<p>Bakan G\u00fcler, G\u00fcney K\u0131br\u0131s Rum Y\u00f6netimi\u2019nin, Orta Do\u011fu\u2019daki kriz ortam\u0131ndan istifade etmeye \u00e7al\u0131\u015ft\u0131\u011f\u0131n\u0131, insani yard\u0131m ad\u0131 alt\u0131nda ger\u00e7ekle\u015ftirdi\u011fi istikrara zarar veren faaliyetlerini, ayr\u0131ca adadaki g\u00fc\u00e7 dengesini bozmaya y\u00f6nelik silahlanma gayretlerini takip etiklerini ve bunlara kar\u015f\u0131 gerekli tedbirleri almay\u0131 s\u00fcrd\u00fcrd\u00fcklerini s\u00f6yledi.<\/p>\n<p>G\u00fcney K\u0131br\u0131s Rum Y\u00f6netimi\u2019nin olumsuz tutumlar\u0131nda, kendilerine cesaret veren baz\u0131 m\u00fcttefiklerin yakla\u015f\u0131mlar\u0131n\u0131n da fark\u0131nda olduklar\u0131n\u0131 dile getiren G\u00fcler, \u201cBu durum, ittifak ruhuyla asla ba\u011fda\u015fmamaktad\u0131r. Her zaman kararl\u0131l\u0131kla ifade etti\u011fimiz gibi K\u0131br\u0131s bizim milli meselemizdir. Bu do\u011frultuda K\u0131br\u0131s T\u00fcrk\u00fc\u2019n\u00fcn me\u015fru \u00e7\u0131karlar\u0131n\u0131 her ko\u015fulda desteklemeye, garanti ve ittifak antla\u015fmalar\u0131 do\u011frultusunda adan\u0131n huzuru, g\u00fcvenli\u011fi ve refah\u0131 i\u00e7in elimizden geleni yapmaya devam edece\u011fiz.\u201d dedi.<\/p>\n<p>G\u00fcler, T\u00fcrkiye\u2019nin, ya\u015fad\u0131\u011f\u0131 t\u00fcm badirelerden her zaman g\u00fc\u00e7lenerek \u00e7\u0131kt\u0131\u011f\u0131n\u0131, Cumhuriyetin ikinci asr\u0131na, \u201cT\u00fcrkiye Y\u00fczy\u0131l\u0131\u201d hedefleriyle b\u00fcy\u00fck ve emin ad\u0131mlarla ba\u015flad\u0131klar\u0131n\u0131 vurgulayarak, \u015f\u00f6yle devam etti:<\/p>\n<p>\u201cBakanl\u0131\u011f\u0131m\u0131z \u00fclkemizi gelece\u011fe g\u00fcvenle ta\u015f\u0131mak ve Cumhuriyetimizi ilelebet payidar k\u0131lmak i\u00e7in son bir asr\u0131n en kapsaml\u0131 ve en yo\u011fun faaliyetlerini icra etmektedir. Bu s\u00fcre\u00e7te Deniz Kuvvetlerimiz de Mavi Vatan\u0131m\u0131zdaki hak ve menfaatlerimizi azim ve kararl\u0131l\u0131kla korumakta, Atlantik\u2019ten Hint Okyanusu\u2019na kadar al bayra\u011f\u0131m\u0131z\u0131 \u015ferefle dalgaland\u0131rmakta, \u00fcstlendi\u011fi uluslararas\u0131 g\u00f6revlerle b\u00f6lge ve d\u00fcnya bar\u0131\u015f\u0131na \u00f6nemli katk\u0131lar sa\u011flamakta, insani yard\u0131m faaliyetlerinde de aktif bir rol \u00fcstlenmektedir.\u201d<\/p>\n<p>\u2013 \u201cT\u00fcrkiye, k\u00fcresel bir akt\u00f6r haline d\u00f6n\u00fc\u015ft\u00fc\u201d<\/p>\n<p>Deniz Kuvvetlerinin \u00fcstlendi\u011fi kritik g\u00f6revler ile \u00fclkenin ulusal \u00e7\u0131karlar\u0131n\u0131 korumada ve b\u00f6lgesel bar\u0131\u015fa katk\u0131 sa\u011flanmada kilit bir unsur oldu\u011funa dikkati \u00e7eken G\u00fcler, \u015fu de\u011ferlendirmelerde bulundu:<\/p>\n<p>\u201cT\u00fcm faaliyetlerimizi, nitelikli insan kayna\u011f\u0131 ile geni\u015f imkan ve kabiliyetlere sahip donanmam\u0131z sayesinde ba\u015far\u0131yla icra etmekteyiz. Gerginliklerin sava\u015fa d\u00f6n\u00fc\u015ft\u00fc\u011f\u00fc Karadeniz\u2019de g\u00fcvenli\u011fin sa\u011flanmas\u0131 ve s\u00fcrd\u00fcr\u00fclmesinde, Akdeniz\u2019den kom\u015fumuz olan Libya\u2019da istikrar\u0131n tesisi ve krizin \u00e7\u00f6z\u00fcm\u00fcnde, Basra K\u00f6rfezi ve Katar ile Aden K\u00f6rfezi ve Somali\u2019deki bar\u0131\u015f ve g\u00fcvenli\u011fe sa\u011flad\u0131\u011f\u0131 katk\u0131larda, keza Hint Okyanusu\u2019nda deniz haydutlu\u011fu ile m\u00fccadelede etkin bir deniz kuvvetlerine sahip olman\u0131n ne kadar \u00f6nemli oldu\u011fu bir kez daha g\u00f6r\u00fclm\u00fc\u015ft\u00fcr. G\u00fc\u00e7l\u00fc ordusuyla b\u00f6ylesine geni\u015f bir co\u011frafyada hayati roller \u00fcstlenen T\u00fcrkiye, k\u00fcresel bir akt\u00f6r haline d\u00f6n\u00fc\u015ft\u00fc\u011f\u00fcn\u00fc, m\u00fczakere masalar\u0131n\u0131n mimar\u0131 ve vazge\u00e7ilmez bir \u00fcyesi haline geldi\u011fini en a\u00e7\u0131k \u015fekilde ortaya koymaktad\u0131r.\u201d<\/p>\n<p>T\u00fcrkiye Cumhurba\u015fkan\u0131 Recep Tayyip Erdo\u011fan\u2019\u0131n direktifleriyle Deniz Kuvvetlerinde \u00e7ok say\u0131da projeyi hayata ge\u00e7irdiklerine i\u015faret eden G\u00fcler, yeni projelerin de t\u00fcm h\u0131z\u0131yla ilerledi\u011fini s\u00f6yledi.<\/p>\n<p>G\u00fcler, ge\u00e7ten hafta yap\u0131lan t\u00f6renlerle ilk milli u\u00e7ak gemisinin yan\u0131 s\u0131ra ilk milli denizalt\u0131s\u0131n\u0131n ve hava savunma harbi muhribinin in\u015fa faaliyetlerinin ba\u015flad\u0131\u011f\u0131n\u0131 hat\u0131rlatarak, \u201cHalihaz\u0131rda tersanelerimizde ayn\u0131 anda 31 geminin in\u015fas\u0131 devam etmektedir. Sonu\u00e7 olarak imkan ve kabiliyetleri her ge\u00e7en g\u00fcn artan Deniz Kuvvetlerimiz, bug\u00fcne kadar oldu\u011fu gibi bundan sonra da \u00fcstlendi\u011fi t\u00fcm vazifeleri ba\u015far\u0131yla yerine getirecektir.\u201d \u015feklinde konu\u015ftu.<\/p>\n<p>Bakan G\u00fcler, konu\u015fmas\u0131n\u0131n ard\u0131ndan, TCG Salihreis\u2019de g\u00f6revli bahriyelilerle hat\u0131ra foto\u011fraf\u0131 \u00e7ekindi.<\/p>\n<\/p><\/div>\n<p><script async\n                    defer\n                    crossorigin=\"anonymous\"\n                    src=\"https:\/\/connect.facebook.net\/tr_TR\/sdk.js#xfbml=1&#038;version=v3.3\"\n            ><\/script><\/p>\n","protected":false},"excerpt":{"rendered":"<p>T\u00fcrkiye Milli Savunma Bakan\u0131 Ya\u015far G\u00fcler, \u201cBa\u015fta kom\u015fumuz olmak \u00fczere herkes emin olmal\u0131d\u0131r ki bizler, Akdeniz ve Ege Denizi\u2019ni istikrar ve refah b\u00f6lgesi olarak g\u00f6rmek istiyor, bunun \u00fclkelerimize ve halklar\u0131m\u0131za b\u00fcy\u00fck yarar sa\u011flayaca\u011f\u0131na inan\u0131yoruz.\u201d dedi. G\u00fcler, Mavi Vatan-2025 Tatbikat\u0131\u2019n\u0131 takip etti\u011fi TCG Salihreis\u2019de de\u011ferlendirmelerde bulundu. Mavi Vatan-2025 Tatbikat\u0131\u2019nda kuvvetler aras\u0131ndaki y\u00fcksek uyum ve performansa, personelin [&hellip;]<\/p>\n","protected":false},"author":1,"featured_media":16997,"comment_status":"open","ping_status":"open","sticky":false,"template":"","format":"standard","meta":{"jnews-multi-image_gallery":[],"jnews_single_post":[],"jnews_primary_category":[],"jnews_social_meta":[],"jnews_override_counter":[],"footnotes":""},"categories":[5],"tags":[],"class_list":["post-16996","post","type-post","status-publish","format-standard","has-post-thumbnail","hentry","category-turkiye"],"yoast_head":"<!-- This site is optimized with the Yoast SEO plugin v27.4 - https:\/\/yoast.com\/product\/yoast-seo-wordpress\/ -->\n<title>Ya\u015far G\u00fcler:Akdeniz ve Ege Denizi\u2019ni istikrar ve refah b\u00f6lgesi olarak g\u00f6rmek istiyor, bunun \u00fclkelerimize ve halklar\u0131m\u0131za b\u00fcy\u00fck yarar sa\u011flayaca\u011f\u0131na inan\u0131yoruz - Kuzeyin Sesi<\/title>\n<meta name=\"robots\" content=\"index, follow, max-snippet:-1, max-image-preview:large, max-video-preview:-1\" \/>\n<link rel=\"canonical\" href=\"https:\/\/kuzeyinsesi.org\/index.php\/2025\/01\/09\/yasar-gulerakdeniz-ve-ege-denizini-istikrar-ve-refah-bolgesi-olarak-gormek-istiyor-bunun-ulkelerimize-ve-halklarimiza-buyuk-yarar-saglayacagina-inaniyoruz\/\" \/>\n<meta property=\"og:locale\" content=\"tr_TR\" \/>\n<meta property=\"og:type\" content=\"article\" \/>\n<meta property=\"og:title\" content=\"Ya\u015far G\u00fcler:Akdeniz ve Ege Denizi\u2019ni istikrar ve refah b\u00f6lgesi olarak g\u00f6rmek istiyor, bunun \u00fclkelerimize ve halklar\u0131m\u0131za b\u00fcy\u00fck yarar sa\u011flayaca\u011f\u0131na inan\u0131yoruz - Kuzeyin Sesi\" \/>\n<meta property=\"og:description\" content=\"T\u00fcrkiye Milli Savunma Bakan\u0131 Ya\u015far G\u00fcler, \u201cBa\u015fta kom\u015fumuz olmak \u00fczere herkes emin olmal\u0131d\u0131r ki bizler, Akdeniz ve Ege Denizi\u2019ni istikrar ve refah b\u00f6lgesi olarak g\u00f6rmek istiyor, bunun \u00fclkelerimize ve halklar\u0131m\u0131za b\u00fcy\u00fck yarar sa\u011flayaca\u011f\u0131na inan\u0131yoruz.\u201d dedi. G\u00fcler, Mavi Vatan-2025 Tatbikat\u0131\u2019n\u0131 takip etti\u011fi TCG Salihreis\u2019de de\u011ferlendirmelerde bulundu. Mavi Vatan-2025 Tatbikat\u0131\u2019nda kuvvetler aras\u0131ndaki y\u00fcksek uyum ve performansa, personelin [&hellip;]\" \/>\n<meta property=\"og:url\" content=\"https:\/\/kuzeyinsesi.org\/index.php\/2025\/01\/09\/yasar-gulerakdeniz-ve-ege-denizini-istikrar-ve-refah-bolgesi-olarak-gormek-istiyor-bunun-ulkelerimize-ve-halklarimiza-buyuk-yarar-saglayacagina-inaniyoruz\/\" \/>\n<meta property=\"og:site_name\" content=\"Kuzeyin Sesi\" \/>\n<meta property=\"article:publisher\" content=\"https:\/\/www.facebook.com\/kuzeyinsesii\" \/>\n<meta property=\"article:published_time\" content=\"2025-01-09T12:55:19+00:00\" \/>\n<meta property=\"og:image\" content=\"https:\/\/brtk.net\/wp-content\/uploads\/2024\/07\/14\/YASARGULER.jpg?ver=7012501d8add0be672093a2084b74521\" \/>\n<meta name=\"author\" content=\"Kuzeyin Sesi\" \/>\n<meta name=\"twitter:card\" content=\"summary_large_image\" \/>\n<meta name=\"twitter:creator\" content=\"@kuzeyinsesii\" \/>\n<meta name=\"twitter:site\" content=\"@kuzeyinsesii\" \/>\n<meta name=\"twitter:label1\" content=\"Yazan:\" \/>\n\t<meta name=\"twitter:data1\" content=\"Kuzeyin Sesi\" \/>\n\t<meta name=\"twitter:label2\" content=\"Tahmini okuma s\u00fcresi\" \/>\n\t<meta name=\"twitter:data2\" content=\"7 dakika\" \/>\n<script type=\"application\/ld+json\" class=\"yoast-schema-graph\">{\"@context\":\"https:\\\/\\\/schema.org\",\"@graph\":[{\"@type\":\"Article\",\"@id\":\"https:\\\/\\\/kuzeyinsesi.org\\\/index.php\\\/2025\\\/01\\\/09\\\/yasar-gulerakdeniz-ve-ege-denizini-istikrar-ve-refah-bolgesi-olarak-gormek-istiyor-bunun-ulkelerimize-ve-halklarimiza-buyuk-yarar-saglayacagina-inaniyoruz\\\/#article\",\"isPartOf\":{\"@id\":\"https:\\\/\\\/kuzeyinsesi.org\\\/index.php\\\/2025\\\/01\\\/09\\\/yasar-gulerakdeniz-ve-ege-denizini-istikrar-ve-refah-bolgesi-olarak-gormek-istiyor-bunun-ulkelerimize-ve-halklarimiza-buyuk-yarar-saglayacagina-inaniyoruz\\\/\"},\"author\":{\"name\":\"Kuzeyin Sesi\",\"@id\":\"https:\\\/\\\/kuzeyinsesi.org\\\/#\\\/schema\\\/person\\\/9f859689cdf01485597712386e37f5aa\"},\"headline\":\"Ya\u015far G\u00fcler:Akdeniz ve Ege Denizi\u2019ni istikrar ve refah b\u00f6lgesi olarak g\u00f6rmek istiyor, bunun \u00fclkelerimize ve halklar\u0131m\u0131za b\u00fcy\u00fck yarar sa\u011flayaca\u011f\u0131na inan\u0131yoruz\",\"datePublished\":\"2025-01-09T12:55:19+00:00\",\"mainEntityOfPage\":{\"@id\":\"https:\\\/\\\/kuzeyinsesi.org\\\/index.php\\\/2025\\\/01\\\/09\\\/yasar-gulerakdeniz-ve-ege-denizini-istikrar-ve-refah-bolgesi-olarak-gormek-istiyor-bunun-ulkelerimize-ve-halklarimiza-buyuk-yarar-saglayacagina-inaniyoruz\\\/\"},\"wordCount\":1382,\"commentCount\":0,\"image\":{\"@id\":\"https:\\\/\\\/kuzeyinsesi.org\\\/index.php\\\/2025\\\/01\\\/09\\\/yasar-gulerakdeniz-ve-ege-denizini-istikrar-ve-refah-bolgesi-olarak-gormek-istiyor-bunun-ulkelerimize-ve-halklarimiza-buyuk-yarar-saglayacagina-inaniyoruz\\\/#primaryimage\"},\"thumbnailUrl\":\"https:\\\/\\\/kuzeyinsesi.org\\\/wp-content\\\/uploads\\\/2025\\\/01\\\/YASARGULER.jpg\",\"articleSection\":[\"T\u00fcrkiye\"],\"inLanguage\":\"tr\",\"potentialAction\":[{\"@type\":\"CommentAction\",\"name\":\"Comment\",\"target\":[\"https:\\\/\\\/kuzeyinsesi.org\\\/index.php\\\/2025\\\/01\\\/09\\\/yasar-gulerakdeniz-ve-ege-denizini-istikrar-ve-refah-bolgesi-olarak-gormek-istiyor-bunun-ulkelerimize-ve-halklarimiza-buyuk-yarar-saglayacagina-inaniyoruz\\\/#respond\"]}]},{\"@type\":\"WebPage\",\"@id\":\"https:\\\/\\\/kuzeyinsesi.org\\\/index.php\\\/2025\\\/01\\\/09\\\/yasar-gulerakdeniz-ve-ege-denizini-istikrar-ve-refah-bolgesi-olarak-gormek-istiyor-bunun-ulkelerimize-ve-halklarimiza-buyuk-yarar-saglayacagina-inaniyoruz\\\/\",\"url\":\"https:\\\/\\\/kuzeyinsesi.org\\\/index.php\\\/2025\\\/01\\\/09\\\/yasar-gulerakdeniz-ve-ege-denizini-istikrar-ve-refah-bolgesi-olarak-gormek-istiyor-bunun-ulkelerimize-ve-halklarimiza-buyuk-yarar-saglayacagina-inaniyoruz\\\/\",\"name\":\"Ya\u015far G\u00fcler:Akdeniz ve Ege Denizi\u2019ni istikrar ve refah b\u00f6lgesi olarak g\u00f6rmek istiyor, bunun \u00fclkelerimize ve halklar\u0131m\u0131za b\u00fcy\u00fck yarar sa\u011flayaca\u011f\u0131na inan\u0131yoruz - Kuzeyin Sesi\",\"isPartOf\":{\"@id\":\"https:\\\/\\\/kuzeyinsesi.org\\\/#website\"},\"primaryImageOfPage\":{\"@id\":\"https:\\\/\\\/kuzeyinsesi.org\\\/index.php\\\/2025\\\/01\\\/09\\\/yasar-gulerakdeniz-ve-ege-denizini-istikrar-ve-refah-bolgesi-olarak-gormek-istiyor-bunun-ulkelerimize-ve-halklarimiza-buyuk-yarar-saglayacagina-inaniyoruz\\\/#primaryimage\"},\"image\":{\"@id\":\"https:\\\/\\\/kuzeyinsesi.org\\\/index.php\\\/2025\\\/01\\\/09\\\/yasar-gulerakdeniz-ve-ege-denizini-istikrar-ve-refah-bolgesi-olarak-gormek-istiyor-bunun-ulkelerimize-ve-halklarimiza-buyuk-yarar-saglayacagina-inaniyoruz\\\/#primaryimage\"},\"thumbnailUrl\":\"https:\\\/\\\/kuzeyinsesi.org\\\/wp-content\\\/uploads\\\/2025\\\/01\\\/YASARGULER.jpg\",\"datePublished\":\"2025-01-09T12:55:19+00:00\",\"author\":{\"@id\":\"https:\\\/\\\/kuzeyinsesi.org\\\/#\\\/schema\\\/person\\\/9f859689cdf01485597712386e37f5aa\"},\"breadcrumb\":{\"@id\":\"https:\\\/\\\/kuzeyinsesi.org\\\/index.php\\\/2025\\\/01\\\/09\\\/yasar-gulerakdeniz-ve-ege-denizini-istikrar-ve-refah-bolgesi-olarak-gormek-istiyor-bunun-ulkelerimize-ve-halklarimiza-buyuk-yarar-saglayacagina-inaniyoruz\\\/#breadcrumb\"},\"inLanguage\":\"tr\",\"potentialAction\":[{\"@type\":\"ReadAction\",\"target\":[\"https:\\\/\\\/kuzeyinsesi.org\\\/index.php\\\/2025\\\/01\\\/09\\\/yasar-gulerakdeniz-ve-ege-denizini-istikrar-ve-refah-bolgesi-olarak-gormek-istiyor-bunun-ulkelerimize-ve-halklarimiza-buyuk-yarar-saglayacagina-inaniyoruz\\\/\"]}]},{\"@type\":\"ImageObject\",\"inLanguage\":\"tr\",\"@id\":\"https:\\\/\\\/kuzeyinsesi.org\\\/index.php\\\/2025\\\/01\\\/09\\\/yasar-gulerakdeniz-ve-ege-denizini-istikrar-ve-refah-bolgesi-olarak-gormek-istiyor-bunun-ulkelerimize-ve-halklarimiza-buyuk-yarar-saglayacagina-inaniyoruz\\\/#primaryimage\",\"url\":\"https:\\\/\\\/kuzeyinsesi.org\\\/wp-content\\\/uploads\\\/2025\\\/01\\\/YASARGULER.jpg\",\"contentUrl\":\"https:\\\/\\\/kuzeyinsesi.org\\\/wp-content\\\/uploads\\\/2025\\\/01\\\/YASARGULER.jpg\",\"width\":864,\"height\":486},{\"@type\":\"BreadcrumbList\",\"@id\":\"https:\\\/\\\/kuzeyinsesi.org\\\/index.php\\\/2025\\\/01\\\/09\\\/yasar-gulerakdeniz-ve-ege-denizini-istikrar-ve-refah-bolgesi-olarak-gormek-istiyor-bunun-ulkelerimize-ve-halklarimiza-buyuk-yarar-saglayacagina-inaniyoruz\\\/#breadcrumb\",\"itemListElement\":[{\"@type\":\"ListItem\",\"position\":1,\"name\":\"Anasayfa\",\"item\":\"https:\\\/\\\/kuzeyinsesi.org\\\/\"},{\"@type\":\"ListItem\",\"position\":2,\"name\":\"Ya\u015far G\u00fcler:Akdeniz ve Ege Denizi\u2019ni istikrar ve refah b\u00f6lgesi olarak g\u00f6rmek istiyor, bunun \u00fclkelerimize ve halklar\u0131m\u0131za b\u00fcy\u00fck yarar sa\u011flayaca\u011f\u0131na inan\u0131yoruz\"}]},{\"@type\":\"WebSite\",\"@id\":\"https:\\\/\\\/kuzeyinsesi.org\\\/#website\",\"url\":\"https:\\\/\\\/kuzeyinsesi.org\\\/\",\"name\":\"Kuzeyin Sesi\",\"description\":\"Do\u011fru Haberin Adresi\",\"potentialAction\":[{\"@type\":\"SearchAction\",\"target\":{\"@type\":\"EntryPoint\",\"urlTemplate\":\"https:\\\/\\\/kuzeyinsesi.org\\\/?s={search_term_string}\"},\"query-input\":{\"@type\":\"PropertyValueSpecification\",\"valueRequired\":true,\"valueName\":\"search_term_string\"}}],\"inLanguage\":\"tr\"},{\"@type\":\"Person\",\"@id\":\"https:\\\/\\\/kuzeyinsesi.org\\\/#\\\/schema\\\/person\\\/9f859689cdf01485597712386e37f5aa\",\"name\":\"Kuzeyin Sesi\",\"image\":{\"@type\":\"ImageObject\",\"inLanguage\":\"tr\",\"@id\":\"https:\\\/\\\/secure.gravatar.com\\\/avatar\\\/bab33852abfd8b282518d6ed81826833d77c3c882d9ab608add591ccace47a44?s=96&d=mm&r=g\",\"url\":\"https:\\\/\\\/secure.gravatar.com\\\/avatar\\\/bab33852abfd8b282518d6ed81826833d77c3c882d9ab608add591ccace47a44?s=96&d=mm&r=g\",\"contentUrl\":\"https:\\\/\\\/secure.gravatar.com\\\/avatar\\\/bab33852abfd8b282518d6ed81826833d77c3c882d9ab608add591ccace47a44?s=96&d=mm&r=g\",\"caption\":\"Kuzeyin Sesi\"},\"sameAs\":[\"https:\\\/\\\/kuzeyinsesi.org\"],\"url\":\"https:\\\/\\\/kuzeyinsesi.org\\\/index.php\\\/author\\\/guven\\\/\"}]}<\/script>\n<!-- \/ Yoast SEO plugin. -->","yoast_head_json":{"title":"Ya\u015far G\u00fcler:Akdeniz ve Ege Denizi\u2019ni istikrar ve refah b\u00f6lgesi olarak g\u00f6rmek istiyor, bunun \u00fclkelerimize ve halklar\u0131m\u0131za b\u00fcy\u00fck yarar sa\u011flayaca\u011f\u0131na inan\u0131yoruz - Kuzeyin Sesi","robots":{"index":"index","follow":"follow","max-snippet":"max-snippet:-1","max-image-preview":"max-image-preview:large","max-video-preview":"max-video-preview:-1"},"canonical":"https:\/\/kuzeyinsesi.org\/index.php\/2025\/01\/09\/yasar-gulerakdeniz-ve-ege-denizini-istikrar-ve-refah-bolgesi-olarak-gormek-istiyor-bunun-ulkelerimize-ve-halklarimiza-buyuk-yarar-saglayacagina-inaniyoruz\/","og_locale":"tr_TR","og_type":"article","og_title":"Ya\u015far G\u00fcler:Akdeniz ve Ege Denizi\u2019ni istikrar ve refah b\u00f6lgesi olarak g\u00f6rmek istiyor, bunun \u00fclkelerimize ve halklar\u0131m\u0131za b\u00fcy\u00fck yarar sa\u011flayaca\u011f\u0131na inan\u0131yoruz - Kuzeyin Sesi","og_description":"T\u00fcrkiye Milli Savunma Bakan\u0131 Ya\u015far G\u00fcler, \u201cBa\u015fta kom\u015fumuz olmak \u00fczere herkes emin olmal\u0131d\u0131r ki bizler, Akdeniz ve Ege Denizi\u2019ni istikrar ve refah b\u00f6lgesi olarak g\u00f6rmek istiyor, bunun \u00fclkelerimize ve halklar\u0131m\u0131za b\u00fcy\u00fck yarar sa\u011flayaca\u011f\u0131na inan\u0131yoruz.\u201d dedi. G\u00fcler, Mavi Vatan-2025 Tatbikat\u0131\u2019n\u0131 takip etti\u011fi TCG Salihreis\u2019de de\u011ferlendirmelerde bulundu. Mavi Vatan-2025 Tatbikat\u0131\u2019nda kuvvetler aras\u0131ndaki y\u00fcksek uyum ve performansa, personelin [&hellip;]","og_url":"https:\/\/kuzeyinsesi.org\/index.php\/2025\/01\/09\/yasar-gulerakdeniz-ve-ege-denizini-istikrar-ve-refah-bolgesi-olarak-gormek-istiyor-bunun-ulkelerimize-ve-halklarimiza-buyuk-yarar-saglayacagina-inaniyoruz\/","og_site_name":"Kuzeyin Sesi","article_publisher":"https:\/\/www.facebook.com\/kuzeyinsesii","article_published_time":"2025-01-09T12:55:19+00:00","og_image":[{"url":"https:\/\/brtk.net\/wp-content\/uploads\/2024\/07\/14\/YASARGULER.jpg?ver=7012501d8add0be672093a2084b74521","type":"","width":"","height":""}],"author":"Kuzeyin Sesi","twitter_card":"summary_large_image","twitter_creator":"@kuzeyinsesii","twitter_site":"@kuzeyinsesii","twitter_misc":{"Yazan:":"Kuzeyin Sesi","Tahmini okuma s\u00fcresi":"7 dakika"},"schema":{"@context":"https:\/\/schema.org","@graph":[{"@type":"Article","@id":"https:\/\/kuzeyinsesi.org\/index.php\/2025\/01\/09\/yasar-gulerakdeniz-ve-ege-denizini-istikrar-ve-refah-bolgesi-olarak-gormek-istiyor-bunun-ulkelerimize-ve-halklarimiza-buyuk-yarar-saglayacagina-inaniyoruz\/#article","isPartOf":{"@id":"https:\/\/kuzeyinsesi.org\/index.php\/2025\/01\/09\/yasar-gulerakdeniz-ve-ege-denizini-istikrar-ve-refah-bolgesi-olarak-gormek-istiyor-bunun-ulkelerimize-ve-halklarimiza-buyuk-yarar-saglayacagina-inaniyoruz\/"},"author":{"name":"Kuzeyin Sesi","@id":"https:\/\/kuzeyinsesi.org\/#\/schema\/person\/9f859689cdf01485597712386e37f5aa"},"headline":"Ya\u015far G\u00fcler:Akdeniz ve Ege Denizi\u2019ni istikrar ve refah b\u00f6lgesi olarak g\u00f6rmek istiyor, bunun \u00fclkelerimize ve halklar\u0131m\u0131za b\u00fcy\u00fck yarar sa\u011flayaca\u011f\u0131na inan\u0131yoruz","datePublished":"2025-01-09T12:55:19+00:00","mainEntityOfPage":{"@id":"https:\/\/kuzeyinsesi.org\/index.php\/2025\/01\/09\/yasar-gulerakdeniz-ve-ege-denizini-istikrar-ve-refah-bolgesi-olarak-gormek-istiyor-bunun-ulkelerimize-ve-halklarimiza-buyuk-yarar-saglayacagina-inaniyoruz\/"},"wordCount":1382,"commentCount":0,"image":{"@id":"https:\/\/kuzeyinsesi.org\/index.php\/2025\/01\/09\/yasar-gulerakdeniz-ve-ege-denizini-istikrar-ve-refah-bolgesi-olarak-gormek-istiyor-bunun-ulkelerimize-ve-halklarimiza-buyuk-yarar-saglayacagina-inaniyoruz\/#primaryimage"},"thumbnailUrl":"https:\/\/kuzeyinsesi.org\/wp-content\/uploads\/2025\/01\/YASARGULER.jpg","articleSection":["T\u00fcrkiye"],"inLanguage":"tr","potentialAction":[{"@type":"CommentAction","name":"Comment","target":["https:\/\/kuzeyinsesi.org\/index.php\/2025\/01\/09\/yasar-gulerakdeniz-ve-ege-denizini-istikrar-ve-refah-bolgesi-olarak-gormek-istiyor-bunun-ulkelerimize-ve-halklarimiza-buyuk-yarar-saglayacagina-inaniyoruz\/#respond"]}]},{"@type":"WebPage","@id":"https:\/\/kuzeyinsesi.org\/index.php\/2025\/01\/09\/yasar-gulerakdeniz-ve-ege-denizini-istikrar-ve-refah-bolgesi-olarak-gormek-istiyor-bunun-ulkelerimize-ve-halklarimiza-buyuk-yarar-saglayacagina-inaniyoruz\/","url":"https:\/\/kuzeyinsesi.org\/index.php\/2025\/01\/09\/yasar-gulerakdeniz-ve-ege-denizini-istikrar-ve-refah-bolgesi-olarak-gormek-istiyor-bunun-ulkelerimize-ve-halklarimiza-buyuk-yarar-saglayacagina-inaniyoruz\/","name":"Ya\u015far G\u00fcler:Akdeniz ve Ege Denizi\u2019ni istikrar ve refah b\u00f6lgesi olarak g\u00f6rmek istiyor, bunun \u00fclkelerimize ve halklar\u0131m\u0131za b\u00fcy\u00fck yarar sa\u011flayaca\u011f\u0131na inan\u0131yoruz - Kuzeyin Sesi","isPartOf":{"@id":"https:\/\/kuzeyinsesi.org\/#website"},"primaryImageOfPage":{"@id":"https:\/\/kuzeyinsesi.org\/index.php\/2025\/01\/09\/yasar-gulerakdeniz-ve-ege-denizini-istikrar-ve-refah-bolgesi-olarak-gormek-istiyor-bunun-ulkelerimize-ve-halklarimiza-buyuk-yarar-saglayacagina-inaniyoruz\/#primaryimage"},"image":{"@id":"https:\/\/kuzeyinsesi.org\/index.php\/2025\/01\/09\/yasar-gulerakdeniz-ve-ege-denizini-istikrar-ve-refah-bolgesi-olarak-gormek-istiyor-bunun-ulkelerimize-ve-halklarimiza-buyuk-yarar-saglayacagina-inaniyoruz\/#primaryimage"},"thumbnailUrl":"https:\/\/kuzeyinsesi.org\/wp-content\/uploads\/2025\/01\/YASARGULER.jpg","datePublished":"2025-01-09T12:55:19+00:00","author":{"@id":"https:\/\/kuzeyinsesi.org\/#\/schema\/person\/9f859689cdf01485597712386e37f5aa"},"breadcrumb":{"@id":"https:\/\/kuzeyinsesi.org\/index.php\/2025\/01\/09\/yasar-gulerakdeniz-ve-ege-denizini-istikrar-ve-refah-bolgesi-olarak-gormek-istiyor-bunun-ulkelerimize-ve-halklarimiza-buyuk-yarar-saglayacagina-inaniyoruz\/#breadcrumb"},"inLanguage":"tr","potentialAction":[{"@type":"ReadAction","target":["https:\/\/kuzeyinsesi.org\/index.php\/2025\/01\/09\/yasar-gulerakdeniz-ve-ege-denizini-istikrar-ve-refah-bolgesi-olarak-gormek-istiyor-bunun-ulkelerimize-ve-halklarimiza-buyuk-yarar-saglayacagina-inaniyoruz\/"]}]},{"@type":"ImageObject","inLanguage":"tr","@id":"https:\/\/kuzeyinsesi.org\/index.php\/2025\/01\/09\/yasar-gulerakdeniz-ve-ege-denizini-istikrar-ve-refah-bolgesi-olarak-gormek-istiyor-bunun-ulkelerimize-ve-halklarimiza-buyuk-yarar-saglayacagina-inaniyoruz\/#primaryimage","url":"https:\/\/kuzeyinsesi.org\/wp-content\/uploads\/2025\/01\/YASARGULER.jpg","contentUrl":"https:\/\/kuzeyinsesi.org\/wp-content\/uploads\/2025\/01\/YASARGULER.jpg","width":864,"height":486},{"@type":"BreadcrumbList","@id":"https:\/\/kuzeyinsesi.org\/index.php\/2025\/01\/09\/yasar-gulerakdeniz-ve-ege-denizini-istikrar-ve-refah-bolgesi-olarak-gormek-istiyor-bunun-ulkelerimize-ve-halklarimiza-buyuk-yarar-saglayacagina-inaniyoruz\/#breadcrumb","itemListElement":[{"@type":"ListItem","position":1,"name":"Anasayfa","item":"https:\/\/kuzeyinsesi.org\/"},{"@type":"ListItem","position":2,"name":"Ya\u015far G\u00fcler:Akdeniz ve Ege Denizi\u2019ni istikrar ve refah b\u00f6lgesi olarak g\u00f6rmek istiyor, bunun \u00fclkelerimize ve halklar\u0131m\u0131za b\u00fcy\u00fck yarar sa\u011flayaca\u011f\u0131na inan\u0131yoruz"}]},{"@type":"WebSite","@id":"https:\/\/kuzeyinsesi.org\/#website","url":"https:\/\/kuzeyinsesi.org\/","name":"Kuzeyin Sesi","description":"Do\u011fru Haberin Adresi","potentialAction":[{"@type":"SearchAction","target":{"@type":"EntryPoint","urlTemplate":"https:\/\/kuzeyinsesi.org\/?s={search_term_string}"},"query-input":{"@type":"PropertyValueSpecification","valueRequired":true,"valueName":"search_term_string"}}],"inLanguage":"tr"},{"@type":"Person","@id":"https:\/\/kuzeyinsesi.org\/#\/schema\/person\/9f859689cdf01485597712386e37f5aa","name":"Kuzeyin Sesi","image":{"@type":"ImageObject","inLanguage":"tr","@id":"https:\/\/secure.gravatar.com\/avatar\/bab33852abfd8b282518d6ed81826833d77c3c882d9ab608add591ccace47a44?s=96&d=mm&r=g","url":"https:\/\/secure.gravatar.com\/avatar\/bab33852abfd8b282518d6ed81826833d77c3c882d9ab608add591ccace47a44?s=96&d=mm&r=g","contentUrl":"https:\/\/secure.gravatar.com\/avatar\/bab33852abfd8b282518d6ed81826833d77c3c882d9ab608add591ccace47a44?s=96&d=mm&r=g","caption":"Kuzeyin Sesi"},"sameAs":["https:\/\/kuzeyinsesi.org"],"url":"https:\/\/kuzeyinsesi.org\/index.php\/author\/guven\/"}]}},"_links":{"self":[{"href":"https:\/\/kuzeyinsesi.org\/index.php\/wp-json\/wp\/v2\/posts\/16996","targetHints":{"allow":["GET"]}}],"collection":[{"href":"https:\/\/kuzeyinsesi.org\/index.php\/wp-json\/wp\/v2\/posts"}],"about":[{"href":"https:\/\/kuzeyinsesi.org\/index.php\/wp-json\/wp\/v2\/types\/post"}],"author":[{"embeddable":true,"href":"https:\/\/kuzeyinsesi.org\/index.php\/wp-json\/wp\/v2\/users\/1"}],"replies":[{"embeddable":true,"href":"https:\/\/kuzeyinsesi.org\/index.php\/wp-json\/wp\/v2\/comments?post=16996"}],"version-history":[{"count":0,"href":"https:\/\/kuzeyinsesi.org\/index.php\/wp-json\/wp\/v2\/posts\/16996\/revisions"}],"wp:featuredmedia":[{"embeddable":true,"href":"https:\/\/kuzeyinsesi.org\/index.php\/wp-json\/wp\/v2\/media\/16997"}],"wp:attachment":[{"href":"https:\/\/kuzeyinsesi.org\/index.php\/wp-json\/wp\/v2\/media?parent=16996"}],"wp:term":[{"taxonomy":"category","embeddable":true,"href":"https:\/\/kuzeyinsesi.org\/index.php\/wp-json\/wp\/v2\/categories?post=16996"},{"taxonomy":"post_tag","embeddable":true,"href":"https:\/\/kuzeyinsesi.org\/index.php\/wp-json\/wp\/v2\/tags?post=16996"}],"curies":[{"name":"wp","href":"https:\/\/api.w.org\/{rel}","templated":true}]}}